{"id":36414,"date":"2026-03-11T18:13:08","date_gmt":"2026-03-11T16:13:08","guid":{"rendered":"https:\/\/kuzeyinsesi.org\/index.php\/2026\/03\/11\/ozturkler-musiad-heyetini-kabul-etti-kktcnin-tanitimi-ve-bolgesel-gelismeler-ele-alindi\/"},"modified":"2026-03-11T18:13:08","modified_gmt":"2026-03-11T16:13:08","slug":"ozturkler-musiad-heyetini-kabul-etti-kktcnin-tanitimi-ve-bolgesel-gelismeler-ele-alindi","status":"publish","type":"post","link":"https:\/\/kuzeyinsesi.org\/index.php\/2026\/03\/11\/ozturkler-musiad-heyetini-kabul-etti-kktcnin-tanitimi-ve-bolgesel-gelismeler-ele-alindi\/","title":{"rendered":"\u00d6zt\u00fcrkler, M\u00dcS\u0130AD heyetini kabul etti: KKTC\u2019nin tan\u0131t\u0131m\u0131 ve b\u00f6lgesel geli\u015fmeler ele al\u0131nd\u0131"},"content":{"rendered":"<p>Cumhuriyet Meclisi Ba\u015fkan\u0131 \u00a0Ziya \u00d6zt\u00fcrkler , Burhan \u00d6zdemir ba\u015fkanl\u0131\u011f\u0131ndaki M\u00fcstakil Sanayici \u0130\u015f Adamlar\u0131 Derne\u011fi (M\u00dcS\u0130AD) heyetini kabul etti.<\/p>\n<p>Meclisten verilen bilgiye g\u00f6re, g\u00f6r\u00fc\u015fmede M\u00dcS\u0130AD KKTC Ba\u015fkan\u0131 Ramazan G\u00fcndo\u011fdu da haz\u0131r bulundu.<\/p>\n<p><strong>Z\u0130YA \u00d6ZT\u00dcRKLER<\/strong><\/p>\n<p>\u00d6zt\u00fcrkler, M\u00dcS\u0130AD\u2019\u0131n T\u00fcrk i\u015f d\u00fcnyas\u0131n\u0131 k\u00fcresel \u00f6l\u00e7ekte temsil eden g\u00fc\u00e7l\u00fc bir kurulu\u015f oldu\u011funu vurgulayarak, KKTC\u2019nin d\u00fcnyaya tan\u0131t\u0131lmas\u0131nda \u00f6nemli bir \u201cyumu\u015fak g\u00fc\u00e7\u201d i\u015flevi g\u00f6rd\u00fc\u011f\u00fcn\u00fc ifade etti.<\/p>\n<p>D\u00fcnyada ya\u015fanan enerji krizine de de\u011finen \u00d6zt\u00fcrkler, ABD destekli \u0130srail-\u0130ran sava\u015f\u0131n\u0131n petrol fiyatlar\u0131n\u0131 y\u00fckseltti\u011fini, bunun da KKTC gibi geli\u015fmekte olan ekonomilerde ciddi mali girdiler yaratt\u0131\u011f\u0131n\u0131 s\u00f6yledi.<\/p>\n<p>T\u00fcrkiye\u2019nin ve KKTC\u2019nin g\u00fc\u00e7l\u00fc i\u015f d\u00fcnyas\u0131 ile birlikte bu sorunlar\u0131 a\u015faca\u011f\u0131na inand\u0131\u011f\u0131n\u0131 belirten Ba\u015fkan \u00d6zt\u00fcrkler, anavatan T\u00fcrkiye\u2019nin deste\u011fi ile de bu s\u00fcrecin a\u015f\u0131laca\u011f\u0131n\u0131 kaydetti.<\/p>\n<p>\u00d6zt\u00fcrkler, Rum lider Nikos Hristodulidis\u2019in a\u00e7\u0131klamalar\u0131n\u0131 da tepki g\u00f6sterdi. \u00d6zt\u00fcrkler, Rum taraf\u0131n\u0131n K\u0131br\u0131s T\u00fcrk halk\u0131n\u0131 yok sayan politikalar\u0131n\u0131n art\u0131k daha g\u00f6r\u00fcn\u00fcr hale geldi\u011fini kaydederek, Yunanistan Ba\u015fbakan\u0131 Mi\u00e7otakis ve Fransa Cumhurba\u015fkan\u0131 Macron\u2019un da bu tutuma destek verdi\u011fini s\u00f6yledi.<\/p>\n<p>\u00d6zt\u00fcrkler, \u201cRum y\u00f6netimi ve onu destekleyen \u00e7evreler, K\u0131br\u0131s T\u00fcrk halk\u0131n\u0131n iradesini yok sayarak adada tek tarafl\u0131 h\u00e2kimiyet kurma \u00e7abas\u0131 i\u00e7indedir. Ancak ne yaparlarsa yaps\u0131nlar, biz buraday\u0131z ve var olmaya devam edece\u011fiz\u201d ifadelerini kulland\u0131.<\/p>\n<p><strong>BURHAN \u00d6ZDEM\u0130R<\/strong><\/p>\n<p>M\u00dcS\u0130AD Genel Ba\u015fkan\u0131 Burhan \u00d6zdemir ise, yurt d\u0131\u015f\u0131nda y\u00fcr\u00fct\u00fclen tan\u0131t\u0131m ve lobicilik faaliyetlerinde KKTC i\u00e7in ellerinden geleni yapt\u0131klar\u0131n\u0131 belirtti.<\/p>\n<p>\u00d6zdemir, KKTC\u2019nin ekonomik geli\u015fimini tamamlamas\u0131 i\u00e7in t\u00fcm g\u00fc\u00e7lerini kullanacaklar\u0131n\u0131 ifade etti.<\/p>\n<p>Konu\u015fmalar\u0131n ard\u0131ndan kar\u015f\u0131l\u0131kl\u0131 hediye takdiminde bulunuldu.<\/p>\n<p>\u00d6zt\u00fcrkler, M\u00dcS\u0130AD heyetini kabul etti: KKTC&#8217;nin tan\u0131t\u0131m\u0131 ve b\u00f6lgesel geli\u015fmeler ele al\u0131nd\u0131 yaz\u0131s\u0131 ilk \u00f6nce K\u0131br\u0131s Hakikat \u00fczerinde ortaya \u00e7\u0131kt\u0131.<\/p>\n","protected":false},"excerpt":{"rendered":"<p>Cumhuriyet Meclisi Ba\u015fkan\u0131 \u00a0Ziya \u00d6zt\u00fcrkler , Burhan \u00d6zdemir ba\u015fkanl\u0131\u011f\u0131ndaki M\u00fcstakil Sanayici \u0130\u015f Adamlar\u0131 Derne\u011fi (M\u00dcS\u0130AD) heyetini kabul etti. Meclisten verilen bilgiye g\u00f6re, g\u00f6r\u00fc\u015fmede M\u00dcS\u0130AD KKTC Ba\u015fkan\u0131 Ramazan G\u00fcndo\u011fdu da haz\u0131r bulundu. Z\u0130YA \u00d6ZT\u00dcRKLER \u00d6zt\u00fcrkler, M\u00dcS\u0130AD\u2019\u0131n T\u00fcrk i\u015f d\u00fcnyas\u0131n\u0131 k\u00fcresel \u00f6l\u00e7ekte temsil eden g\u00fc\u00e7l\u00fc bir kurulu\u015f oldu\u011funu vurgulayarak, KKTC\u2019nin d\u00fcnyaya tan\u0131t\u0131lmas\u0131nda \u00f6nemli bir \u201cyumu\u015fak g\u00fc\u00e7\u201d i\u015flevi [&hellip;]<\/p>\n","protected":false},"author":1,"featured_media":36415,"comment_status":"open","ping_status":"open","sticky":false,"template":"","format":"standard","meta":{"jnews-multi-image_gallery":[],"jnews_single_post":[],"jnews_primary_category":[],"jnews_social_meta":[],"jnews_override_counter":[],"footnotes":""},"categories":[1],"tags":[],"class_list":["post-36414","post","type-post","status-publish","format-standard","has-post-thumbnail","hentry","category-kibris"],"yoast_head":"<!-- This site is optimized with the Yoast SEO plugin v27.4 - https:\/\/yoast.com\/product\/yoast-seo-wordpress\/ -->\n<title>\u00d6zt\u00fcrkler, M\u00dcS\u0130AD heyetini kabul etti: KKTC\u2019nin tan\u0131t\u0131m\u0131 ve b\u00f6lgesel geli\u015fmeler ele al\u0131nd\u0131 - Kuzeyin Sesi<\/title>\n<meta name=\"robots\" content=\"index, follow, max-snippet:-1, max-image-preview:large, max-video-preview:-1\" \/>\n<link rel=\"canonical\" href=\"https:\/\/kuzeyinsesi.org\/index.php\/2026\/03\/11\/ozturkler-musiad-heyetini-kabul-etti-kktcnin-tanitimi-ve-bolgesel-gelismeler-ele-alindi\/\" \/>\n<meta property=\"og:locale\" content=\"tr_TR\" \/>\n<meta property=\"og:type\" content=\"article\" \/>\n<meta property=\"og:title\" content=\"\u00d6zt\u00fcrkler, M\u00dcS\u0130AD heyetini kabul etti: KKTC\u2019nin tan\u0131t\u0131m\u0131 ve b\u00f6lgesel geli\u015fmeler ele al\u0131nd\u0131 - Kuzeyin Sesi\" \/>\n<meta property=\"og:description\" content=\"Cumhuriyet Meclisi Ba\u015fkan\u0131 \u00a0Ziya \u00d6zt\u00fcrkler , Burhan \u00d6zdemir ba\u015fkanl\u0131\u011f\u0131ndaki M\u00fcstakil Sanayici \u0130\u015f Adamlar\u0131 Derne\u011fi (M\u00dcS\u0130AD) heyetini kabul etti. Meclisten verilen bilgiye g\u00f6re, g\u00f6r\u00fc\u015fmede M\u00dcS\u0130AD KKTC Ba\u015fkan\u0131 Ramazan G\u00fcndo\u011fdu da haz\u0131r bulundu. Z\u0130YA \u00d6ZT\u00dcRKLER \u00d6zt\u00fcrkler, M\u00dcS\u0130AD\u2019\u0131n T\u00fcrk i\u015f d\u00fcnyas\u0131n\u0131 k\u00fcresel \u00f6l\u00e7ekte temsil eden g\u00fc\u00e7l\u00fc bir kurulu\u015f oldu\u011funu vurgulayarak, KKTC\u2019nin d\u00fcnyaya tan\u0131t\u0131lmas\u0131nda \u00f6nemli bir \u201cyumu\u015fak g\u00fc\u00e7\u201d i\u015flevi [&hellip;]\" \/>\n<meta property=\"og:url\" content=\"https:\/\/kuzeyinsesi.org\/index.php\/2026\/03\/11\/ozturkler-musiad-heyetini-kabul-etti-kktcnin-tanitimi-ve-bolgesel-gelismeler-ele-alindi\/\" \/>\n<meta property=\"og:site_name\" content=\"Kuzeyin Sesi\" \/>\n<meta property=\"article:publisher\" content=\"https:\/\/www.facebook.com\/kuzeyinsesii\" \/>\n<meta property=\"article:published_time\" content=\"2026-03-11T16:13:08+00:00\" \/>\n<meta name=\"author\" content=\"Kuzeyin Sesi\" \/>\n<meta name=\"twitter:card\" content=\"summary_large_image\" \/>\n<meta name=\"twitter:creator\" content=\"@kuzeyinsesii\" \/>\n<meta name=\"twitter:site\" content=\"@kuzeyinsesii\" \/>\n<meta name=\"twitter:label1\" content=\"Yazan:\" \/>\n\t<meta name=\"twitter:data1\" content=\"Kuzeyin Sesi\" \/>\n\t<meta name=\"twitter:label2\" content=\"Tahmini okuma s\u00fcresi\" \/>\n\t<meta name=\"twitter:data2\" content=\"2 dakika\" \/>\n<script type=\"application\/ld+json\" class=\"yoast-schema-graph\">{\"@context\":\"https:\\\/\\\/schema.org\",\"@graph\":[{\"@type\":\"Article\",\"@id\":\"https:\\\/\\\/kuzeyinsesi.org\\\/index.php\\\/2026\\\/03\\\/11\\\/ozturkler-musiad-heyetini-kabul-etti-kktcnin-tanitimi-ve-bolgesel-gelismeler-ele-alindi\\\/#article\",\"isPartOf\":{\"@id\":\"https:\\\/\\\/kuzeyinsesi.org\\\/index.php\\\/2026\\\/03\\\/11\\\/ozturkler-musiad-heyetini-kabul-etti-kktcnin-tanitimi-ve-bolgesel-gelismeler-ele-alindi\\\/\"},\"author\":{\"name\":\"Kuzeyin Sesi\",\"@id\":\"https:\\\/\\\/kuzeyinsesi.org\\\/#\\\/schema\\\/person\\\/9f859689cdf01485597712386e37f5aa\"},\"headline\":\"\u00d6zt\u00fcrkler, M\u00dcS\u0130AD heyetini kabul etti: KKTC\u2019nin tan\u0131t\u0131m\u0131 ve b\u00f6lgesel geli\u015fmeler ele al\u0131nd\u0131\",\"datePublished\":\"2026-03-11T16:13:08+00:00\",\"mainEntityOfPage\":{\"@id\":\"https:\\\/\\\/kuzeyinsesi.org\\\/index.php\\\/2026\\\/03\\\/11\\\/ozturkler-musiad-heyetini-kabul-etti-kktcnin-tanitimi-ve-bolgesel-gelismeler-ele-alindi\\\/\"},\"wordCount\":396,\"commentCount\":0,\"image\":{\"@id\":\"https:\\\/\\\/kuzeyinsesi.org\\\/index.php\\\/2026\\\/03\\\/11\\\/ozturkler-musiad-heyetini-kabul-etti-kktcnin-tanitimi-ve-bolgesel-gelismeler-ele-alindi\\\/#primaryimage\"},\"thumbnailUrl\":\"https:\\\/\\\/kuzeyinsesi.org\\\/wp-content\\\/uploads\\\/2026\\\/03\\\/IMG_8072.webp.webp\",\"articleSection\":[\"K\u0131br\u0131s\"],\"inLanguage\":\"tr\",\"potentialAction\":[{\"@type\":\"CommentAction\",\"name\":\"Comment\",\"target\":[\"https:\\\/\\\/kuzeyinsesi.org\\\/index.php\\\/2026\\\/03\\\/11\\\/ozturkler-musiad-heyetini-kabul-etti-kktcnin-tanitimi-ve-bolgesel-gelismeler-ele-alindi\\\/#respond\"]}]},{\"@type\":\"WebPage\",\"@id\":\"https:\\\/\\\/kuzeyinsesi.org\\\/index.php\\\/2026\\\/03\\\/11\\\/ozturkler-musiad-heyetini-kabul-etti-kktcnin-tanitimi-ve-bolgesel-gelismeler-ele-alindi\\\/\",\"url\":\"https:\\\/\\\/kuzeyinsesi.org\\\/index.php\\\/2026\\\/03\\\/11\\\/ozturkler-musiad-heyetini-kabul-etti-kktcnin-tanitimi-ve-bolgesel-gelismeler-ele-alindi\\\/\",\"name\":\"\u00d6zt\u00fcrkler, M\u00dcS\u0130AD heyetini kabul etti: KKTC\u2019nin tan\u0131t\u0131m\u0131 ve b\u00f6lgesel geli\u015fmeler ele al\u0131nd\u0131 - Kuzeyin Sesi\",\"isPartOf\":{\"@id\":\"https:\\\/\\\/kuzeyinsesi.org\\\/#website\"},\"primaryImageOfPage\":{\"@id\":\"https:\\\/\\\/kuzeyinsesi.org\\\/index.php\\\/2026\\\/03\\\/11\\\/ozturkler-musiad-heyetini-kabul-etti-kktcnin-tanitimi-ve-bolgesel-gelismeler-ele-alindi\\\/#primaryimage\"},\"image\":{\"@id\":\"https:\\\/\\\/kuzeyinsesi.org\\\/index.php\\\/2026\\\/03\\\/11\\\/ozturkler-musiad-heyetini-kabul-etti-kktcnin-tanitimi-ve-bolgesel-gelismeler-ele-alindi\\\/#primaryimage\"},\"thumbnailUrl\":\"https:\\\/\\\/kuzeyinsesi.org\\\/wp-content\\\/uploads\\\/2026\\\/03\\\/IMG_8072.webp.webp\",\"datePublished\":\"2026-03-11T16:13:08+00:00\",\"author\":{\"@id\":\"https:\\\/\\\/kuzeyinsesi.org\\\/#\\\/schema\\\/person\\\/9f859689cdf01485597712386e37f5aa\"},\"breadcrumb\":{\"@id\":\"https:\\\/\\\/kuzeyinsesi.org\\\/index.php\\\/2026\\\/03\\\/11\\\/ozturkler-musiad-heyetini-kabul-etti-kktcnin-tanitimi-ve-bolgesel-gelismeler-ele-alindi\\\/#breadcrumb\"},\"inLanguage\":\"tr\",\"potentialAction\":[{\"@type\":\"ReadAction\",\"target\":[\"https:\\\/\\\/kuzeyinsesi.org\\\/index.php\\\/2026\\\/03\\\/11\\\/ozturkler-musiad-heyetini-kabul-etti-kktcnin-tanitimi-ve-bolgesel-gelismeler-ele-alindi\\\/\"]}]},{\"@type\":\"ImageObject\",\"inLanguage\":\"tr\",\"@id\":\"https:\\\/\\\/kuzeyinsesi.org\\\/index.php\\\/2026\\\/03\\\/11\\\/ozturkler-musiad-heyetini-kabul-etti-kktcnin-tanitimi-ve-bolgesel-gelismeler-ele-alindi\\\/#primaryimage\",\"url\":\"https:\\\/\\\/kuzeyinsesi.org\\\/wp-content\\\/uploads\\\/2026\\\/03\\\/IMG_8072.webp.webp\",\"contentUrl\":\"https:\\\/\\\/kuzeyinsesi.org\\\/wp-content\\\/uploads\\\/2026\\\/03\\\/IMG_8072.webp.webp\",\"width\":971,\"height\":551},{\"@type\":\"BreadcrumbList\",\"@id\":\"https:\\\/\\\/kuzeyinsesi.org\\\/index.php\\\/2026\\\/03\\\/11\\\/ozturkler-musiad-heyetini-kabul-etti-kktcnin-tanitimi-ve-bolgesel-gelismeler-ele-alindi\\\/#breadcrumb\",\"itemListElement\":[{\"@type\":\"ListItem\",\"position\":1,\"name\":\"Anasayfa\",\"item\":\"https:\\\/\\\/kuzeyinsesi.org\\\/\"},{\"@type\":\"ListItem\",\"position\":2,\"name\":\"\u00d6zt\u00fcrkler, M\u00dcS\u0130AD heyetini kabul etti: KKTC\u2019nin tan\u0131t\u0131m\u0131 ve b\u00f6lgesel geli\u015fmeler ele al\u0131nd\u0131\"}]},{\"@type\":\"WebSite\",\"@id\":\"https:\\\/\\\/kuzeyinsesi.org\\\/#website\",\"url\":\"https:\\\/\\\/kuzeyinsesi.org\\\/\",\"name\":\"Kuzeyin Sesi\",\"description\":\"Do\u011fru Haberin Adresi\",\"potentialAction\":[{\"@type\":\"SearchAction\",\"target\":{\"@type\":\"EntryPoint\",\"urlTemplate\":\"https:\\\/\\\/kuzeyinsesi.org\\\/?s={search_term_string}\"},\"query-input\":{\"@type\":\"PropertyValueSpecification\",\"valueRequired\":true,\"valueName\":\"search_term_string\"}}],\"inLanguage\":\"tr\"},{\"@type\":\"Person\",\"@id\":\"https:\\\/\\\/kuzeyinsesi.org\\\/#\\\/schema\\\/person\\\/9f859689cdf01485597712386e37f5aa\",\"name\":\"Kuzeyin Sesi\",\"image\":{\"@type\":\"ImageObject\",\"inLanguage\":\"tr\",\"@id\":\"https:\\\/\\\/secure.gravatar.com\\\/avatar\\\/bab33852abfd8b282518d6ed81826833d77c3c882d9ab608add591ccace47a44?s=96&d=mm&r=g\",\"url\":\"https:\\\/\\\/secure.gravatar.com\\\/avatar\\\/bab33852abfd8b282518d6ed81826833d77c3c882d9ab608add591ccace47a44?s=96&d=mm&r=g\",\"contentUrl\":\"https:\\\/\\\/secure.gravatar.com\\\/avatar\\\/bab33852abfd8b282518d6ed81826833d77c3c882d9ab608add591ccace47a44?s=96&d=mm&r=g\",\"caption\":\"Kuzeyin Sesi\"},\"sameAs\":[\"https:\\\/\\\/kuzeyinsesi.org\"],\"url\":\"https:\\\/\\\/kuzeyinsesi.org\\\/index.php\\\/author\\\/guven\\\/\"}]}<\/script>\n<!-- \/ Yoast SEO plugin. -->","yoast_head_json":{"title":"\u00d6zt\u00fcrkler, M\u00dcS\u0130AD heyetini kabul etti: KKTC\u2019nin tan\u0131t\u0131m\u0131 ve b\u00f6lgesel geli\u015fmeler ele al\u0131nd\u0131 - Kuzeyin Sesi","robots":{"index":"index","follow":"follow","max-snippet":"max-snippet:-1","max-image-preview":"max-image-preview:large","max-video-preview":"max-video-preview:-1"},"canonical":"https:\/\/kuzeyinsesi.org\/index.php\/2026\/03\/11\/ozturkler-musiad-heyetini-kabul-etti-kktcnin-tanitimi-ve-bolgesel-gelismeler-ele-alindi\/","og_locale":"tr_TR","og_type":"article","og_title":"\u00d6zt\u00fcrkler, M\u00dcS\u0130AD heyetini kabul etti: KKTC\u2019nin tan\u0131t\u0131m\u0131 ve b\u00f6lgesel geli\u015fmeler ele al\u0131nd\u0131 - Kuzeyin Sesi","og_description":"Cumhuriyet Meclisi Ba\u015fkan\u0131 \u00a0Ziya \u00d6zt\u00fcrkler , Burhan \u00d6zdemir ba\u015fkanl\u0131\u011f\u0131ndaki M\u00fcstakil Sanayici \u0130\u015f Adamlar\u0131 Derne\u011fi (M\u00dcS\u0130AD) heyetini kabul etti. Meclisten verilen bilgiye g\u00f6re, g\u00f6r\u00fc\u015fmede M\u00dcS\u0130AD KKTC Ba\u015fkan\u0131 Ramazan G\u00fcndo\u011fdu da haz\u0131r bulundu. Z\u0130YA \u00d6ZT\u00dcRKLER \u00d6zt\u00fcrkler, M\u00dcS\u0130AD\u2019\u0131n T\u00fcrk i\u015f d\u00fcnyas\u0131n\u0131 k\u00fcresel \u00f6l\u00e7ekte temsil eden g\u00fc\u00e7l\u00fc bir kurulu\u015f oldu\u011funu vurgulayarak, KKTC\u2019nin d\u00fcnyaya tan\u0131t\u0131lmas\u0131nda \u00f6nemli bir \u201cyumu\u015fak g\u00fc\u00e7\u201d i\u015flevi [&hellip;]","og_url":"https:\/\/kuzeyinsesi.org\/index.php\/2026\/03\/11\/ozturkler-musiad-heyetini-kabul-etti-kktcnin-tanitimi-ve-bolgesel-gelismeler-ele-alindi\/","og_site_name":"Kuzeyin Sesi","article_publisher":"https:\/\/www.facebook.com\/kuzeyinsesii","article_published_time":"2026-03-11T16:13:08+00:00","author":"Kuzeyin Sesi","twitter_card":"summary_large_image","twitter_creator":"@kuzeyinsesii","twitter_site":"@kuzeyinsesii","twitter_misc":{"Yazan:":"Kuzeyin Sesi","Tahmini okuma s\u00fcresi":"2 dakika"},"schema":{"@context":"https:\/\/schema.org","@graph":[{"@type":"Article","@id":"https:\/\/kuzeyinsesi.org\/index.php\/2026\/03\/11\/ozturkler-musiad-heyetini-kabul-etti-kktcnin-tanitimi-ve-bolgesel-gelismeler-ele-alindi\/#article","isPartOf":{"@id":"https:\/\/kuzeyinsesi.org\/index.php\/2026\/03\/11\/ozturkler-musiad-heyetini-kabul-etti-kktcnin-tanitimi-ve-bolgesel-gelismeler-ele-alindi\/"},"author":{"name":"Kuzeyin Sesi","@id":"https:\/\/kuzeyinsesi.org\/#\/schema\/person\/9f859689cdf01485597712386e37f5aa"},"headline":"\u00d6zt\u00fcrkler, M\u00dcS\u0130AD heyetini kabul etti: KKTC\u2019nin tan\u0131t\u0131m\u0131 ve b\u00f6lgesel geli\u015fmeler ele al\u0131nd\u0131","datePublished":"2026-03-11T16:13:08+00:00","mainEntityOfPage":{"@id":"https:\/\/kuzeyinsesi.org\/index.php\/2026\/03\/11\/ozturkler-musiad-heyetini-kabul-etti-kktcnin-tanitimi-ve-bolgesel-gelismeler-ele-alindi\/"},"wordCount":396,"commentCount":0,"image":{"@id":"https:\/\/kuzeyinsesi.org\/index.php\/2026\/03\/11\/ozturkler-musiad-heyetini-kabul-etti-kktcnin-tanitimi-ve-bolgesel-gelismeler-ele-alindi\/#primaryimage"},"thumbnailUrl":"https:\/\/kuzeyinsesi.org\/wp-content\/uploads\/2026\/03\/IMG_8072.webp.webp","articleSection":["K\u0131br\u0131s"],"inLanguage":"tr","potentialAction":[{"@type":"CommentAction","name":"Comment","target":["https:\/\/kuzeyinsesi.org\/index.php\/2026\/03\/11\/ozturkler-musiad-heyetini-kabul-etti-kktcnin-tanitimi-ve-bolgesel-gelismeler-ele-alindi\/#respond"]}]},{"@type":"WebPage","@id":"https:\/\/kuzeyinsesi.org\/index.php\/2026\/03\/11\/ozturkler-musiad-heyetini-kabul-etti-kktcnin-tanitimi-ve-bolgesel-gelismeler-ele-alindi\/","url":"https:\/\/kuzeyinsesi.org\/index.php\/2026\/03\/11\/ozturkler-musiad-heyetini-kabul-etti-kktcnin-tanitimi-ve-bolgesel-gelismeler-ele-alindi\/","name":"\u00d6zt\u00fcrkler, M\u00dcS\u0130AD heyetini kabul etti: KKTC\u2019nin tan\u0131t\u0131m\u0131 ve b\u00f6lgesel geli\u015fmeler ele al\u0131nd\u0131 - Kuzeyin Sesi","isPartOf":{"@id":"https:\/\/kuzeyinsesi.org\/#website"},"primaryImageOfPage":{"@id":"https:\/\/kuzeyinsesi.org\/index.php\/2026\/03\/11\/ozturkler-musiad-heyetini-kabul-etti-kktcnin-tanitimi-ve-bolgesel-gelismeler-ele-alindi\/#primaryimage"},"image":{"@id":"https:\/\/kuzeyinsesi.org\/index.php\/2026\/03\/11\/ozturkler-musiad-heyetini-kabul-etti-kktcnin-tanitimi-ve-bolgesel-gelismeler-ele-alindi\/#primaryimage"},"thumbnailUrl":"https:\/\/kuzeyinsesi.org\/wp-content\/uploads\/2026\/03\/IMG_8072.webp.webp","datePublished":"2026-03-11T16:13:08+00:00","author":{"@id":"https:\/\/kuzeyinsesi.org\/#\/schema\/person\/9f859689cdf01485597712386e37f5aa"},"breadcrumb":{"@id":"https:\/\/kuzeyinsesi.org\/index.php\/2026\/03\/11\/ozturkler-musiad-heyetini-kabul-etti-kktcnin-tanitimi-ve-bolgesel-gelismeler-ele-alindi\/#breadcrumb"},"inLanguage":"tr","potentialAction":[{"@type":"ReadAction","target":["https:\/\/kuzeyinsesi.org\/index.php\/2026\/03\/11\/ozturkler-musiad-heyetini-kabul-etti-kktcnin-tanitimi-ve-bolgesel-gelismeler-ele-alindi\/"]}]},{"@type":"ImageObject","inLanguage":"tr","@id":"https:\/\/kuzeyinsesi.org\/index.php\/2026\/03\/11\/ozturkler-musiad-heyetini-kabul-etti-kktcnin-tanitimi-ve-bolgesel-gelismeler-ele-alindi\/#primaryimage","url":"https:\/\/kuzeyinsesi.org\/wp-content\/uploads\/2026\/03\/IMG_8072.webp.webp","contentUrl":"https:\/\/kuzeyinsesi.org\/wp-content\/uploads\/2026\/03\/IMG_8072.webp.webp","width":971,"height":551},{"@type":"BreadcrumbList","@id":"https:\/\/kuzeyinsesi.org\/index.php\/2026\/03\/11\/ozturkler-musiad-heyetini-kabul-etti-kktcnin-tanitimi-ve-bolgesel-gelismeler-ele-alindi\/#breadcrumb","itemListElement":[{"@type":"ListItem","position":1,"name":"Anasayfa","item":"https:\/\/kuzeyinsesi.org\/"},{"@type":"ListItem","position":2,"name":"\u00d6zt\u00fcrkler, M\u00dcS\u0130AD heyetini kabul etti: KKTC\u2019nin tan\u0131t\u0131m\u0131 ve b\u00f6lgesel geli\u015fmeler ele al\u0131nd\u0131"}]},{"@type":"WebSite","@id":"https:\/\/kuzeyinsesi.org\/#website","url":"https:\/\/kuzeyinsesi.org\/","name":"Kuzeyin Sesi","description":"Do\u011fru Haberin Adresi","potentialAction":[{"@type":"SearchAction","target":{"@type":"EntryPoint","urlTemplate":"https:\/\/kuzeyinsesi.org\/?s={search_term_string}"},"query-input":{"@type":"PropertyValueSpecification","valueRequired":true,"valueName":"search_term_string"}}],"inLanguage":"tr"},{"@type":"Person","@id":"https:\/\/kuzeyinsesi.org\/#\/schema\/person\/9f859689cdf01485597712386e37f5aa","name":"Kuzeyin Sesi","image":{"@type":"ImageObject","inLanguage":"tr","@id":"https:\/\/secure.gravatar.com\/avatar\/bab33852abfd8b282518d6ed81826833d77c3c882d9ab608add591ccace47a44?s=96&d=mm&r=g","url":"https:\/\/secure.gravatar.com\/avatar\/bab33852abfd8b282518d6ed81826833d77c3c882d9ab608add591ccace47a44?s=96&d=mm&r=g","contentUrl":"https:\/\/secure.gravatar.com\/avatar\/bab33852abfd8b282518d6ed81826833d77c3c882d9ab608add591ccace47a44?s=96&d=mm&r=g","caption":"Kuzeyin Sesi"},"sameAs":["https:\/\/kuzeyinsesi.org"],"url":"https:\/\/kuzeyinsesi.org\/index.php\/author\/guven\/"}]}},"_links":{"self":[{"href":"https:\/\/kuzeyinsesi.org\/index.php\/wp-json\/wp\/v2\/posts\/36414","targetHints":{"allow":["GET"]}}],"collection":[{"href":"https:\/\/kuzeyinsesi.org\/index.php\/wp-json\/wp\/v2\/posts"}],"about":[{"href":"https:\/\/kuzeyinsesi.org\/index.php\/wp-json\/wp\/v2\/types\/post"}],"author":[{"embeddable":true,"href":"https:\/\/kuzeyinsesi.org\/index.php\/wp-json\/wp\/v2\/users\/1"}],"replies":[{"embeddable":true,"href":"https:\/\/kuzeyinsesi.org\/index.php\/wp-json\/wp\/v2\/comments?post=36414"}],"version-history":[{"count":0,"href":"https:\/\/kuzeyinsesi.org\/index.php\/wp-json\/wp\/v2\/posts\/36414\/revisions"}],"wp:featuredmedia":[{"embeddable":true,"href":"https:\/\/kuzeyinsesi.org\/index.php\/wp-json\/wp\/v2\/media\/36415"}],"wp:attachment":[{"href":"https:\/\/kuzeyinsesi.org\/index.php\/wp-json\/wp\/v2\/media?parent=36414"}],"wp:term":[{"taxonomy":"category","embeddable":true,"href":"https:\/\/kuzeyinsesi.org\/index.php\/wp-json\/wp\/v2\/categories?post=36414"},{"taxonomy":"post_tag","embeddable":true,"href":"https:\/\/kuzeyinsesi.org\/index.php\/wp-json\/wp\/v2\/tags?post=36414"}],"curies":[{"name":"wp","href":"https:\/\/api.w.org\/{rel}","templated":true}]}}