{"id":36410,"date":"2026-03-11T15:48:48","date_gmt":"2026-03-11T13:48:48","guid":{"rendered":"https:\/\/kuzeyinsesi.org\/index.php\/2026\/03\/11\/deniz-altindan-kabloyla-elektrik-baglantisi-kibris-turkiye-yunanistan-arasinda-kurulmali\/"},"modified":"2026-03-11T15:48:48","modified_gmt":"2026-03-11T13:48:48","slug":"deniz-altindan-kabloyla-elektrik-baglantisi-kibris-turkiye-yunanistan-arasinda-kurulmali","status":"publish","type":"post","link":"https:\/\/kuzeyinsesi.org\/index.php\/2026\/03\/11\/deniz-altindan-kabloyla-elektrik-baglantisi-kibris-turkiye-yunanistan-arasinda-kurulmali\/","title":{"rendered":"Deniz alt\u0131ndan kabloyla elektrik ba\u011flant\u0131s\u0131 K\u0131br\u0131s-T\u00fcrkiye-Yunanistan aras\u0131nda kurulmal\u0131"},"content":{"rendered":"<p>Cumhurba\u015fkan\u0131 Tufan Erh\u00fcrman, yapt\u0131\u011f\u0131 a\u00e7\u0131klamada, Yunanistan-G\u00fcney K\u0131br\u0131s-\u0130srail aras\u0131nda deniz alt\u0131ndan kabloyla elektrik ba\u011flant\u0131s\u0131 olu\u015fturmaya y\u00f6nelik GSI (Great Sea Interconnector) Projesi\u2019nde, kablonun 3 bin metre derinlikteki i\u015flevselli\u011finin test edildi\u011fini ve projenin ekonomik a\u00e7\u0131dan fizib\u0131l olmad\u0131\u011f\u0131n\u0131n pek \u00e7ok \u00e7al\u0131\u015fmada ortaya konuldu\u011funu belirtti.<\/p>\n<p>Projenin ger\u00e7ekle\u015ftirilip ger\u00e7ekle\u015ftirilmeyece\u011fine y\u00f6nelik \u00e7ok tart\u0131\u015fma ya\u015fand\u0131\u011f\u0131n\u0131 ifade eden Erh\u00fcrman\u00a0 a\u00e7\u0131klamas\u0131nda \u015fu ifadelere yer verdi:<\/p>\n<p>\u201cBuna kar\u015f\u0131n AB projeye destek veriyor. \u00dc\u00e7 y\u0131ld\u0131r t\u00fcm muhataplar\u0131m\u0131za, ekonomik a\u00e7\u0131dan da siyasi a\u00e7\u0131dan da do\u011fru olan\u0131n hem ekonomik hem de siyasi akl\u0131n gere\u011finin, bu ba\u011flant\u0131n\u0131n K\u0131br\u0131s-T\u00fcrkiye-Yunanistan aras\u0131nda kurulmas\u0131 oldu\u011funu anlat\u0131yoruz.<\/p>\n<p>AB, K\u0131br\u0131s\u2019ta \u00e7\u00f6z\u00fcm istedi\u011fini s\u00f6ylemeye devam etti\u011fine g\u00f6re, kar\u015f\u0131l\u0131kl\u0131 ba\u011f\u0131ml\u0131l\u0131k yoluyla \u00e7\u00f6z\u00fcme katk\u0131 sa\u011flayacak bir projeye mi, yoksa tam tersine i\u015fleri daha da karma\u015f\u0131kla\u015ft\u0131racak bir projeye mi destek verece\u011fine karar vermek durumundad\u0131r.<\/p>\n<p>Dedi\u011fim gibi, \u00fc\u00e7 y\u0131ld\u0131r t\u00fcm muhataplar\u0131m\u0131za anlat\u0131yoruz. Halk\u0131m\u0131z\u0131n \u00e7\u00f6z\u00fcm iradesi do\u011frultusunda anlatmaya da devam edece\u011fiz.\u201d<\/p>\n<p>Deniz alt\u0131ndan kabloyla elektrik ba\u011flant\u0131s\u0131 K\u0131br\u0131s-T\u00fcrkiye-Yunanistan aras\u0131nda kurulmal\u0131 yaz\u0131s\u0131 ilk \u00f6nce K\u0131br\u0131s Hakikat \u00fczerinde ortaya \u00e7\u0131kt\u0131.<\/p>\n","protected":false},"excerpt":{"rendered":"<p>Cumhurba\u015fkan\u0131 Tufan Erh\u00fcrman, yapt\u0131\u011f\u0131 a\u00e7\u0131klamada, Yunanistan-G\u00fcney K\u0131br\u0131s-\u0130srail aras\u0131nda deniz alt\u0131ndan kabloyla elektrik ba\u011flant\u0131s\u0131 olu\u015fturmaya y\u00f6nelik GSI (Great Sea Interconnector) Projesi\u2019nde, kablonun 3 bin metre derinlikteki i\u015flevselli\u011finin test edildi\u011fini ve projenin ekonomik a\u00e7\u0131dan fizib\u0131l olmad\u0131\u011f\u0131n\u0131n pek \u00e7ok \u00e7al\u0131\u015fmada ortaya konuldu\u011funu belirtti. Projenin ger\u00e7ekle\u015ftirilip ger\u00e7ekle\u015ftirilmeyece\u011fine y\u00f6nelik \u00e7ok tart\u0131\u015fma ya\u015fand\u0131\u011f\u0131n\u0131 ifade eden Erh\u00fcrman\u00a0 a\u00e7\u0131klamas\u0131nda \u015fu ifadelere yer verdi: [&hellip;]<\/p>\n","protected":false},"author":1,"featured_media":36411,"comment_status":"open","ping_status":"open","sticky":false,"template":"","format":"standard","meta":{"jnews-multi-image_gallery":[],"jnews_single_post":[],"jnews_primary_category":[],"jnews_social_meta":[],"jnews_override_counter":[],"footnotes":""},"categories":[1],"tags":[],"class_list":["post-36410","post","type-post","status-publish","format-standard","has-post-thumbnail","hentry","category-kibris"],"yoast_head":"<!-- This site is optimized with the Yoast SEO plugin v27.4 - https:\/\/yoast.com\/product\/yoast-seo-wordpress\/ -->\n<title>Deniz alt\u0131ndan kabloyla elektrik ba\u011flant\u0131s\u0131 K\u0131br\u0131s-T\u00fcrkiye-Yunanistan aras\u0131nda kurulmal\u0131 - Kuzeyin Sesi<\/title>\n<meta name=\"robots\" content=\"index, follow, max-snippet:-1, max-image-preview:large, max-video-preview:-1\" \/>\n<link rel=\"canonical\" href=\"https:\/\/kuzeyinsesi.org\/index.php\/2026\/03\/11\/deniz-altindan-kabloyla-elektrik-baglantisi-kibris-turkiye-yunanistan-arasinda-kurulmali\/\" \/>\n<meta property=\"og:locale\" content=\"tr_TR\" \/>\n<meta property=\"og:type\" content=\"article\" \/>\n<meta property=\"og:title\" content=\"Deniz alt\u0131ndan kabloyla elektrik ba\u011flant\u0131s\u0131 K\u0131br\u0131s-T\u00fcrkiye-Yunanistan aras\u0131nda kurulmal\u0131 - Kuzeyin Sesi\" \/>\n<meta property=\"og:description\" content=\"Cumhurba\u015fkan\u0131 Tufan Erh\u00fcrman, yapt\u0131\u011f\u0131 a\u00e7\u0131klamada, Yunanistan-G\u00fcney K\u0131br\u0131s-\u0130srail aras\u0131nda deniz alt\u0131ndan kabloyla elektrik ba\u011flant\u0131s\u0131 olu\u015fturmaya y\u00f6nelik GSI (Great Sea Interconnector) Projesi\u2019nde, kablonun 3 bin metre derinlikteki i\u015flevselli\u011finin test edildi\u011fini ve projenin ekonomik a\u00e7\u0131dan fizib\u0131l olmad\u0131\u011f\u0131n\u0131n pek \u00e7ok \u00e7al\u0131\u015fmada ortaya konuldu\u011funu belirtti. Projenin ger\u00e7ekle\u015ftirilip ger\u00e7ekle\u015ftirilmeyece\u011fine y\u00f6nelik \u00e7ok tart\u0131\u015fma ya\u015fand\u0131\u011f\u0131n\u0131 ifade eden Erh\u00fcrman\u00a0 a\u00e7\u0131klamas\u0131nda \u015fu ifadelere yer verdi: [&hellip;]\" \/>\n<meta property=\"og:url\" content=\"https:\/\/kuzeyinsesi.org\/index.php\/2026\/03\/11\/deniz-altindan-kabloyla-elektrik-baglantisi-kibris-turkiye-yunanistan-arasinda-kurulmali\/\" \/>\n<meta property=\"og:site_name\" content=\"Kuzeyin Sesi\" \/>\n<meta property=\"article:publisher\" content=\"https:\/\/www.facebook.com\/kuzeyinsesii\" \/>\n<meta property=\"article:published_time\" content=\"2026-03-11T13:48:48+00:00\" \/>\n<meta name=\"author\" content=\"Kuzeyin Sesi\" \/>\n<meta name=\"twitter:card\" content=\"summary_large_image\" \/>\n<meta name=\"twitter:creator\" content=\"@kuzeyinsesii\" \/>\n<meta name=\"twitter:site\" content=\"@kuzeyinsesii\" \/>\n<meta name=\"twitter:label1\" content=\"Yazan:\" \/>\n\t<meta name=\"twitter:data1\" content=\"Kuzeyin Sesi\" \/>\n\t<meta name=\"twitter:label2\" content=\"Tahmini okuma s\u00fcresi\" \/>\n\t<meta name=\"twitter:data2\" content=\"1 dakika\" \/>\n<script type=\"application\/ld+json\" class=\"yoast-schema-graph\">{\"@context\":\"https:\\\/\\\/schema.org\",\"@graph\":[{\"@type\":\"Article\",\"@id\":\"https:\\\/\\\/kuzeyinsesi.org\\\/index.php\\\/2026\\\/03\\\/11\\\/deniz-altindan-kabloyla-elektrik-baglantisi-kibris-turkiye-yunanistan-arasinda-kurulmali\\\/#article\",\"isPartOf\":{\"@id\":\"https:\\\/\\\/kuzeyinsesi.org\\\/index.php\\\/2026\\\/03\\\/11\\\/deniz-altindan-kabloyla-elektrik-baglantisi-kibris-turkiye-yunanistan-arasinda-kurulmali\\\/\"},\"author\":{\"name\":\"Kuzeyin Sesi\",\"@id\":\"https:\\\/\\\/kuzeyinsesi.org\\\/#\\\/schema\\\/person\\\/9f859689cdf01485597712386e37f5aa\"},\"headline\":\"Deniz alt\u0131ndan kabloyla elektrik ba\u011flant\u0131s\u0131 K\u0131br\u0131s-T\u00fcrkiye-Yunanistan aras\u0131nda kurulmal\u0131\",\"datePublished\":\"2026-03-11T13:48:48+00:00\",\"mainEntityOfPage\":{\"@id\":\"https:\\\/\\\/kuzeyinsesi.org\\\/index.php\\\/2026\\\/03\\\/11\\\/deniz-altindan-kabloyla-elektrik-baglantisi-kibris-turkiye-yunanistan-arasinda-kurulmali\\\/\"},\"wordCount\":262,\"commentCount\":0,\"image\":{\"@id\":\"https:\\\/\\\/kuzeyinsesi.org\\\/index.php\\\/2026\\\/03\\\/11\\\/deniz-altindan-kabloyla-elektrik-baglantisi-kibris-turkiye-yunanistan-arasinda-kurulmali\\\/#primaryimage\"},\"thumbnailUrl\":\"https:\\\/\\\/kuzeyinsesi.org\\\/wp-content\\\/uploads\\\/2026\\\/03\\\/IMG_8066.jpeg\",\"articleSection\":[\"K\u0131br\u0131s\"],\"inLanguage\":\"tr\",\"potentialAction\":[{\"@type\":\"CommentAction\",\"name\":\"Comment\",\"target\":[\"https:\\\/\\\/kuzeyinsesi.org\\\/index.php\\\/2026\\\/03\\\/11\\\/deniz-altindan-kabloyla-elektrik-baglantisi-kibris-turkiye-yunanistan-arasinda-kurulmali\\\/#respond\"]}]},{\"@type\":\"WebPage\",\"@id\":\"https:\\\/\\\/kuzeyinsesi.org\\\/index.php\\\/2026\\\/03\\\/11\\\/deniz-altindan-kabloyla-elektrik-baglantisi-kibris-turkiye-yunanistan-arasinda-kurulmali\\\/\",\"url\":\"https:\\\/\\\/kuzeyinsesi.org\\\/index.php\\\/2026\\\/03\\\/11\\\/deniz-altindan-kabloyla-elektrik-baglantisi-kibris-turkiye-yunanistan-arasinda-kurulmali\\\/\",\"name\":\"Deniz alt\u0131ndan kabloyla elektrik ba\u011flant\u0131s\u0131 K\u0131br\u0131s-T\u00fcrkiye-Yunanistan aras\u0131nda kurulmal\u0131 - Kuzeyin Sesi\",\"isPartOf\":{\"@id\":\"https:\\\/\\\/kuzeyinsesi.org\\\/#website\"},\"primaryImageOfPage\":{\"@id\":\"https:\\\/\\\/kuzeyinsesi.org\\\/index.php\\\/2026\\\/03\\\/11\\\/deniz-altindan-kabloyla-elektrik-baglantisi-kibris-turkiye-yunanistan-arasinda-kurulmali\\\/#primaryimage\"},\"image\":{\"@id\":\"https:\\\/\\\/kuzeyinsesi.org\\\/index.php\\\/2026\\\/03\\\/11\\\/deniz-altindan-kabloyla-elektrik-baglantisi-kibris-turkiye-yunanistan-arasinda-kurulmali\\\/#primaryimage\"},\"thumbnailUrl\":\"https:\\\/\\\/kuzeyinsesi.org\\\/wp-content\\\/uploads\\\/2026\\\/03\\\/IMG_8066.jpeg\",\"datePublished\":\"2026-03-11T13:48:48+00:00\",\"author\":{\"@id\":\"https:\\\/\\\/kuzeyinsesi.org\\\/#\\\/schema\\\/person\\\/9f859689cdf01485597712386e37f5aa\"},\"breadcrumb\":{\"@id\":\"https:\\\/\\\/kuzeyinsesi.org\\\/index.php\\\/2026\\\/03\\\/11\\\/deniz-altindan-kabloyla-elektrik-baglantisi-kibris-turkiye-yunanistan-arasinda-kurulmali\\\/#breadcrumb\"},\"inLanguage\":\"tr\",\"potentialAction\":[{\"@type\":\"ReadAction\",\"target\":[\"https:\\\/\\\/kuzeyinsesi.org\\\/index.php\\\/2026\\\/03\\\/11\\\/deniz-altindan-kabloyla-elektrik-baglantisi-kibris-turkiye-yunanistan-arasinda-kurulmali\\\/\"]}]},{\"@type\":\"ImageObject\",\"inLanguage\":\"tr\",\"@id\":\"https:\\\/\\\/kuzeyinsesi.org\\\/index.php\\\/2026\\\/03\\\/11\\\/deniz-altindan-kabloyla-elektrik-baglantisi-kibris-turkiye-yunanistan-arasinda-kurulmali\\\/#primaryimage\",\"url\":\"https:\\\/\\\/kuzeyinsesi.org\\\/wp-content\\\/uploads\\\/2026\\\/03\\\/IMG_8066.jpeg\",\"contentUrl\":\"https:\\\/\\\/kuzeyinsesi.org\\\/wp-content\\\/uploads\\\/2026\\\/03\\\/IMG_8066.jpeg\",\"width\":864,\"height\":486},{\"@type\":\"BreadcrumbList\",\"@id\":\"https:\\\/\\\/kuzeyinsesi.org\\\/index.php\\\/2026\\\/03\\\/11\\\/deniz-altindan-kabloyla-elektrik-baglantisi-kibris-turkiye-yunanistan-arasinda-kurulmali\\\/#breadcrumb\",\"itemListElement\":[{\"@type\":\"ListItem\",\"position\":1,\"name\":\"Anasayfa\",\"item\":\"https:\\\/\\\/kuzeyinsesi.org\\\/\"},{\"@type\":\"ListItem\",\"position\":2,\"name\":\"Deniz alt\u0131ndan kabloyla elektrik ba\u011flant\u0131s\u0131 K\u0131br\u0131s-T\u00fcrkiye-Yunanistan aras\u0131nda kurulmal\u0131\"}]},{\"@type\":\"WebSite\",\"@id\":\"https:\\\/\\\/kuzeyinsesi.org\\\/#website\",\"url\":\"https:\\\/\\\/kuzeyinsesi.org\\\/\",\"name\":\"Kuzeyin Sesi\",\"description\":\"Do\u011fru Haberin Adresi\",\"potentialAction\":[{\"@type\":\"SearchAction\",\"target\":{\"@type\":\"EntryPoint\",\"urlTemplate\":\"https:\\\/\\\/kuzeyinsesi.org\\\/?s={search_term_string}\"},\"query-input\":{\"@type\":\"PropertyValueSpecification\",\"valueRequired\":true,\"valueName\":\"search_term_string\"}}],\"inLanguage\":\"tr\"},{\"@type\":\"Person\",\"@id\":\"https:\\\/\\\/kuzeyinsesi.org\\\/#\\\/schema\\\/person\\\/9f859689cdf01485597712386e37f5aa\",\"name\":\"Kuzeyin Sesi\",\"image\":{\"@type\":\"ImageObject\",\"inLanguage\":\"tr\",\"@id\":\"https:\\\/\\\/secure.gravatar.com\\\/avatar\\\/bab33852abfd8b282518d6ed81826833d77c3c882d9ab608add591ccace47a44?s=96&d=mm&r=g\",\"url\":\"https:\\\/\\\/secure.gravatar.com\\\/avatar\\\/bab33852abfd8b282518d6ed81826833d77c3c882d9ab608add591ccace47a44?s=96&d=mm&r=g\",\"contentUrl\":\"https:\\\/\\\/secure.gravatar.com\\\/avatar\\\/bab33852abfd8b282518d6ed81826833d77c3c882d9ab608add591ccace47a44?s=96&d=mm&r=g\",\"caption\":\"Kuzeyin Sesi\"},\"sameAs\":[\"https:\\\/\\\/kuzeyinsesi.org\"],\"url\":\"https:\\\/\\\/kuzeyinsesi.org\\\/index.php\\\/author\\\/guven\\\/\"}]}<\/script>\n<!-- \/ Yoast SEO plugin. -->","yoast_head_json":{"title":"Deniz alt\u0131ndan kabloyla elektrik ba\u011flant\u0131s\u0131 K\u0131br\u0131s-T\u00fcrkiye-Yunanistan aras\u0131nda kurulmal\u0131 - Kuzeyin Sesi","robots":{"index":"index","follow":"follow","max-snippet":"max-snippet:-1","max-image-preview":"max-image-preview:large","max-video-preview":"max-video-preview:-1"},"canonical":"https:\/\/kuzeyinsesi.org\/index.php\/2026\/03\/11\/deniz-altindan-kabloyla-elektrik-baglantisi-kibris-turkiye-yunanistan-arasinda-kurulmali\/","og_locale":"tr_TR","og_type":"article","og_title":"Deniz alt\u0131ndan kabloyla elektrik ba\u011flant\u0131s\u0131 K\u0131br\u0131s-T\u00fcrkiye-Yunanistan aras\u0131nda kurulmal\u0131 - Kuzeyin Sesi","og_description":"Cumhurba\u015fkan\u0131 Tufan Erh\u00fcrman, yapt\u0131\u011f\u0131 a\u00e7\u0131klamada, Yunanistan-G\u00fcney K\u0131br\u0131s-\u0130srail aras\u0131nda deniz alt\u0131ndan kabloyla elektrik ba\u011flant\u0131s\u0131 olu\u015fturmaya y\u00f6nelik GSI (Great Sea Interconnector) Projesi\u2019nde, kablonun 3 bin metre derinlikteki i\u015flevselli\u011finin test edildi\u011fini ve projenin ekonomik a\u00e7\u0131dan fizib\u0131l olmad\u0131\u011f\u0131n\u0131n pek \u00e7ok \u00e7al\u0131\u015fmada ortaya konuldu\u011funu belirtti. Projenin ger\u00e7ekle\u015ftirilip ger\u00e7ekle\u015ftirilmeyece\u011fine y\u00f6nelik \u00e7ok tart\u0131\u015fma ya\u015fand\u0131\u011f\u0131n\u0131 ifade eden Erh\u00fcrman\u00a0 a\u00e7\u0131klamas\u0131nda \u015fu ifadelere yer verdi: [&hellip;]","og_url":"https:\/\/kuzeyinsesi.org\/index.php\/2026\/03\/11\/deniz-altindan-kabloyla-elektrik-baglantisi-kibris-turkiye-yunanistan-arasinda-kurulmali\/","og_site_name":"Kuzeyin Sesi","article_publisher":"https:\/\/www.facebook.com\/kuzeyinsesii","article_published_time":"2026-03-11T13:48:48+00:00","author":"Kuzeyin Sesi","twitter_card":"summary_large_image","twitter_creator":"@kuzeyinsesii","twitter_site":"@kuzeyinsesii","twitter_misc":{"Yazan:":"Kuzeyin Sesi","Tahmini okuma s\u00fcresi":"1 dakika"},"schema":{"@context":"https:\/\/schema.org","@graph":[{"@type":"Article","@id":"https:\/\/kuzeyinsesi.org\/index.php\/2026\/03\/11\/deniz-altindan-kabloyla-elektrik-baglantisi-kibris-turkiye-yunanistan-arasinda-kurulmali\/#article","isPartOf":{"@id":"https:\/\/kuzeyinsesi.org\/index.php\/2026\/03\/11\/deniz-altindan-kabloyla-elektrik-baglantisi-kibris-turkiye-yunanistan-arasinda-kurulmali\/"},"author":{"name":"Kuzeyin Sesi","@id":"https:\/\/kuzeyinsesi.org\/#\/schema\/person\/9f859689cdf01485597712386e37f5aa"},"headline":"Deniz alt\u0131ndan kabloyla elektrik ba\u011flant\u0131s\u0131 K\u0131br\u0131s-T\u00fcrkiye-Yunanistan aras\u0131nda kurulmal\u0131","datePublished":"2026-03-11T13:48:48+00:00","mainEntityOfPage":{"@id":"https:\/\/kuzeyinsesi.org\/index.php\/2026\/03\/11\/deniz-altindan-kabloyla-elektrik-baglantisi-kibris-turkiye-yunanistan-arasinda-kurulmali\/"},"wordCount":262,"commentCount":0,"image":{"@id":"https:\/\/kuzeyinsesi.org\/index.php\/2026\/03\/11\/deniz-altindan-kabloyla-elektrik-baglantisi-kibris-turkiye-yunanistan-arasinda-kurulmali\/#primaryimage"},"thumbnailUrl":"https:\/\/kuzeyinsesi.org\/wp-content\/uploads\/2026\/03\/IMG_8066.jpeg","articleSection":["K\u0131br\u0131s"],"inLanguage":"tr","potentialAction":[{"@type":"CommentAction","name":"Comment","target":["https:\/\/kuzeyinsesi.org\/index.php\/2026\/03\/11\/deniz-altindan-kabloyla-elektrik-baglantisi-kibris-turkiye-yunanistan-arasinda-kurulmali\/#respond"]}]},{"@type":"WebPage","@id":"https:\/\/kuzeyinsesi.org\/index.php\/2026\/03\/11\/deniz-altindan-kabloyla-elektrik-baglantisi-kibris-turkiye-yunanistan-arasinda-kurulmali\/","url":"https:\/\/kuzeyinsesi.org\/index.php\/2026\/03\/11\/deniz-altindan-kabloyla-elektrik-baglantisi-kibris-turkiye-yunanistan-arasinda-kurulmali\/","name":"Deniz alt\u0131ndan kabloyla elektrik ba\u011flant\u0131s\u0131 K\u0131br\u0131s-T\u00fcrkiye-Yunanistan aras\u0131nda kurulmal\u0131 - Kuzeyin Sesi","isPartOf":{"@id":"https:\/\/kuzeyinsesi.org\/#website"},"primaryImageOfPage":{"@id":"https:\/\/kuzeyinsesi.org\/index.php\/2026\/03\/11\/deniz-altindan-kabloyla-elektrik-baglantisi-kibris-turkiye-yunanistan-arasinda-kurulmali\/#primaryimage"},"image":{"@id":"https:\/\/kuzeyinsesi.org\/index.php\/2026\/03\/11\/deniz-altindan-kabloyla-elektrik-baglantisi-kibris-turkiye-yunanistan-arasinda-kurulmali\/#primaryimage"},"thumbnailUrl":"https:\/\/kuzeyinsesi.org\/wp-content\/uploads\/2026\/03\/IMG_8066.jpeg","datePublished":"2026-03-11T13:48:48+00:00","author":{"@id":"https:\/\/kuzeyinsesi.org\/#\/schema\/person\/9f859689cdf01485597712386e37f5aa"},"breadcrumb":{"@id":"https:\/\/kuzeyinsesi.org\/index.php\/2026\/03\/11\/deniz-altindan-kabloyla-elektrik-baglantisi-kibris-turkiye-yunanistan-arasinda-kurulmali\/#breadcrumb"},"inLanguage":"tr","potentialAction":[{"@type":"ReadAction","target":["https:\/\/kuzeyinsesi.org\/index.php\/2026\/03\/11\/deniz-altindan-kabloyla-elektrik-baglantisi-kibris-turkiye-yunanistan-arasinda-kurulmali\/"]}]},{"@type":"ImageObject","inLanguage":"tr","@id":"https:\/\/kuzeyinsesi.org\/index.php\/2026\/03\/11\/deniz-altindan-kabloyla-elektrik-baglantisi-kibris-turkiye-yunanistan-arasinda-kurulmali\/#primaryimage","url":"https:\/\/kuzeyinsesi.org\/wp-content\/uploads\/2026\/03\/IMG_8066.jpeg","contentUrl":"https:\/\/kuzeyinsesi.org\/wp-content\/uploads\/2026\/03\/IMG_8066.jpeg","width":864,"height":486},{"@type":"BreadcrumbList","@id":"https:\/\/kuzeyinsesi.org\/index.php\/2026\/03\/11\/deniz-altindan-kabloyla-elektrik-baglantisi-kibris-turkiye-yunanistan-arasinda-kurulmali\/#breadcrumb","itemListElement":[{"@type":"ListItem","position":1,"name":"Anasayfa","item":"https:\/\/kuzeyinsesi.org\/"},{"@type":"ListItem","position":2,"name":"Deniz alt\u0131ndan kabloyla elektrik ba\u011flant\u0131s\u0131 K\u0131br\u0131s-T\u00fcrkiye-Yunanistan aras\u0131nda kurulmal\u0131"}]},{"@type":"WebSite","@id":"https:\/\/kuzeyinsesi.org\/#website","url":"https:\/\/kuzeyinsesi.org\/","name":"Kuzeyin Sesi","description":"Do\u011fru Haberin Adresi","potentialAction":[{"@type":"SearchAction","target":{"@type":"EntryPoint","urlTemplate":"https:\/\/kuzeyinsesi.org\/?s={search_term_string}"},"query-input":{"@type":"PropertyValueSpecification","valueRequired":true,"valueName":"search_term_string"}}],"inLanguage":"tr"},{"@type":"Person","@id":"https:\/\/kuzeyinsesi.org\/#\/schema\/person\/9f859689cdf01485597712386e37f5aa","name":"Kuzeyin Sesi","image":{"@type":"ImageObject","inLanguage":"tr","@id":"https:\/\/secure.gravatar.com\/avatar\/bab33852abfd8b282518d6ed81826833d77c3c882d9ab608add591ccace47a44?s=96&d=mm&r=g","url":"https:\/\/secure.gravatar.com\/avatar\/bab33852abfd8b282518d6ed81826833d77c3c882d9ab608add591ccace47a44?s=96&d=mm&r=g","contentUrl":"https:\/\/secure.gravatar.com\/avatar\/bab33852abfd8b282518d6ed81826833d77c3c882d9ab608add591ccace47a44?s=96&d=mm&r=g","caption":"Kuzeyin Sesi"},"sameAs":["https:\/\/kuzeyinsesi.org"],"url":"https:\/\/kuzeyinsesi.org\/index.php\/author\/guven\/"}]}},"_links":{"self":[{"href":"https:\/\/kuzeyinsesi.org\/index.php\/wp-json\/wp\/v2\/posts\/36410","targetHints":{"allow":["GET"]}}],"collection":[{"href":"https:\/\/kuzeyinsesi.org\/index.php\/wp-json\/wp\/v2\/posts"}],"about":[{"href":"https:\/\/kuzeyinsesi.org\/index.php\/wp-json\/wp\/v2\/types\/post"}],"author":[{"embeddable":true,"href":"https:\/\/kuzeyinsesi.org\/index.php\/wp-json\/wp\/v2\/users\/1"}],"replies":[{"embeddable":true,"href":"https:\/\/kuzeyinsesi.org\/index.php\/wp-json\/wp\/v2\/comments?post=36410"}],"version-history":[{"count":0,"href":"https:\/\/kuzeyinsesi.org\/index.php\/wp-json\/wp\/v2\/posts\/36410\/revisions"}],"wp:featuredmedia":[{"embeddable":true,"href":"https:\/\/kuzeyinsesi.org\/index.php\/wp-json\/wp\/v2\/media\/36411"}],"wp:attachment":[{"href":"https:\/\/kuzeyinsesi.org\/index.php\/wp-json\/wp\/v2\/media?parent=36410"}],"wp:term":[{"taxonomy":"category","embeddable":true,"href":"https:\/\/kuzeyinsesi.org\/index.php\/wp-json\/wp\/v2\/categories?post=36410"},{"taxonomy":"post_tag","embeddable":true,"href":"https:\/\/kuzeyinsesi.org\/index.php\/wp-json\/wp\/v2\/tags?post=36410"}],"curies":[{"name":"wp","href":"https:\/\/api.w.org\/{rel}","templated":true}]}}