{"id":36408,"date":"2026-03-11T15:36:47","date_gmt":"2026-03-11T13:36:47","guid":{"rendered":"https:\/\/kuzeyinsesi.org\/index.php\/2026\/03\/11\/tmkya-basvuran-rumlara-tazminat-ve-mali-destek-verilmeyecek\/"},"modified":"2026-03-11T15:36:47","modified_gmt":"2026-03-11T13:36:47","slug":"tmkya-basvuran-rumlara-tazminat-ve-mali-destek-verilmeyecek","status":"publish","type":"post","link":"https:\/\/kuzeyinsesi.org\/index.php\/2026\/03\/11\/tmkya-basvuran-rumlara-tazminat-ve-mali-destek-verilmeyecek\/","title":{"rendered":"TMK\u2019ya ba\u015fvuran Rumlara tazminat ve mali destek verilmeyecek"},"content":{"rendered":"<h1>TMK\u2019ya ba\u015fvuran Rumlara destek yok: Rum y\u00f6netimi tazminat ve mali yard\u0131m\u0131 kesiyor<\/h1>\n<p><strong>G\u00fcney K\u0131br\u0131s Rum Y\u00f6netimi\u2019nin, KKTC\u2019de faaliyet g\u00f6steren Ta\u015f\u0131nmaz Mal Komisyonu\u2019na (TMK) ba\u015fvurarak eski mallar\u0131n\u0131 satan K\u0131br\u0131sl\u0131 Rumlara tazminat veya mali destek vermeyece\u011fi bildirildi. Konunun Rum Meclisi \u201cG\u00f6\u00e7menler\u201d Komitesi toplant\u0131s\u0131nda g\u00fcndeme geldi\u011fi belirtildi.<\/strong><\/p>\n<h2>TMK\u2019YA BA\u015eVURANLAR TESP\u0130T ED\u0130LD\u0130<\/h2>\n<p>Rum bas\u0131n\u0131nda yer alan haberlere g\u00f6re, G\u00fcney K\u0131br\u0131s y\u00f6netimi <strong>Ta\u015f\u0131nmaz Mal Komisyonu<\/strong>\u2019na ba\u015fvuran ve KKTC\u2019deki eski m\u00fclklerini satan K\u0131br\u0131sl\u0131 Rumlar\u0131n kimler oldu\u011funu biliyor.<\/p>\n<p>Haberi aktaran Fileleftheros gazetesi, Rum y\u00f6netiminin bu ki\u015filere devlet taraf\u0131ndan sa\u011flanan tazminat veya mali desteklerin verilmeyece\u011fini yazd\u0131.<\/p>\n<h2>KONUNUN MECL\u0130S KOM\u0130TES\u0130NDE G\u00dcNDEME GELD\u0130\u011e\u0130 A\u00c7IKLANDI<\/h2>\n<p>Rum <strong>\u201cMa\u011fusa Yerinden Edilmi\u015f K\u00f6yler Birli\u011fi (EEKA)\u201d<\/strong> Ba\u015fkan\u0131 Mihalis Corta, konunun Rum Meclisi <strong>G\u00f6\u00e7menler Komitesi<\/strong> toplant\u0131s\u0131nda g\u00fcndeme geldi\u011fini a\u00e7\u0131klad\u0131.<\/p>\n<p>Corta, Rum y\u00f6netiminin TMK\u2019ya ba\u015fvuranlar\u0131n kimler oldu\u011funu bildi\u011fini ve bu durumun Rum Y\u00f6netimi Ba\u015fkan\u0131 <strong>Nikos Hristodulidis<\/strong> taraf\u0131ndan da kendilerine iletildi\u011fini ifade etti.<\/p>\n<h2>KULLANIM KAYBI TAZM\u0130NATI TARTI\u015eMASI<\/h2>\n<p>Komite toplant\u0131s\u0131na kat\u0131lan g\u00f6\u00e7men temsilcileri, meselenin yaln\u0131zca TMK\u2019ya ba\u015fvurarak KKTC\u2019de kalan mallar i\u00e7in kullan\u0131m kayb\u0131 tazminat\u0131 talep edilmesi olmad\u0131\u011f\u0131n\u0131 vurgulad\u0131.<\/p>\n<p>Rum y\u00f6netiminden hem m\u00fclk\u00fcn\u00fc sat\u0131p hem de <strong>Zarar\u0131n E\u015fit B\u00f6l\u00fc\u015f\u00fclmesi Birimi<\/strong> veya di\u011fer resmi kurumlar arac\u0131l\u0131\u011f\u0131yla destek talep edilmesinin kabul edilmeyece\u011fi ifade edildi.<\/p>\n<p>Komite Ba\u015fkan\u0131 <strong>Nikos Kettiros<\/strong>, Rum g\u00f6\u00e7menlere y\u00f6nelik ayl\u0131k tazminat miktar\u0131n\u0131n ki\u015fi ba\u015f\u0131 yakla\u015f\u0131k <strong>2 euro civar\u0131nda<\/strong> oldu\u011funu belirtti.<\/p>\n<p>Kettiros ayr\u0131ca, kullan\u0131m kayb\u0131 tazminatlar\u0131n\u0131n hesaplanmas\u0131nda <strong>1974 y\u0131l\u0131 m\u0131 yoksa ilgili yasan\u0131n y\u00fcr\u00fcrl\u00fc\u011fe girdi\u011fi tarihin mi esas al\u0131naca\u011f\u0131 konusunun h\u00e2l\u00e2 tart\u0131\u015f\u0131ld\u0131\u011f\u0131n\u0131<\/strong> s\u00f6yledi.<\/p>\n<p>TMK\u2019ya ba\u015fvuran Rumlara tazminat ve mali destek verilmeyecek yaz\u0131s\u0131 ilk \u00f6nce K\u0131br\u0131s Hakikat \u00fczerinde ortaya \u00e7\u0131kt\u0131.<\/p>\n","protected":false},"excerpt":{"rendered":"<p>TMK\u2019ya ba\u015fvuran Rumlara destek yok: Rum y\u00f6netimi tazminat ve mali yard\u0131m\u0131 kesiyor G\u00fcney K\u0131br\u0131s Rum Y\u00f6netimi\u2019nin, KKTC\u2019de faaliyet g\u00f6steren Ta\u015f\u0131nmaz Mal Komisyonu\u2019na (TMK) ba\u015fvurarak eski mallar\u0131n\u0131 satan K\u0131br\u0131sl\u0131 Rumlara tazminat veya mali destek vermeyece\u011fi bildirildi. Konunun Rum Meclisi \u201cG\u00f6\u00e7menler\u201d Komitesi toplant\u0131s\u0131nda g\u00fcndeme geldi\u011fi belirtildi. TMK\u2019YA BA\u015eVURANLAR TESP\u0130T ED\u0130LD\u0130 Rum bas\u0131n\u0131nda yer alan haberlere g\u00f6re, G\u00fcney [&hellip;]<\/p>\n","protected":false},"author":1,"featured_media":36409,"comment_status":"open","ping_status":"open","sticky":false,"template":"","format":"standard","meta":{"jnews-multi-image_gallery":[],"jnews_single_post":[],"jnews_primary_category":[],"jnews_social_meta":[],"jnews_override_counter":[],"footnotes":""},"categories":[1],"tags":[],"class_list":["post-36408","post","type-post","status-publish","format-standard","has-post-thumbnail","hentry","category-kibris"],"yoast_head":"<!-- This site is optimized with the Yoast SEO plugin v27.4 - https:\/\/yoast.com\/product\/yoast-seo-wordpress\/ -->\n<title>TMK\u2019ya ba\u015fvuran Rumlara tazminat ve mali destek verilmeyecek - Kuzeyin Sesi<\/title>\n<meta name=\"robots\" content=\"index, follow, max-snippet:-1, max-image-preview:large, max-video-preview:-1\" \/>\n<link rel=\"canonical\" href=\"https:\/\/kuzeyinsesi.org\/index.php\/2026\/03\/11\/tmkya-basvuran-rumlara-tazminat-ve-mali-destek-verilmeyecek\/\" \/>\n<meta property=\"og:locale\" content=\"tr_TR\" \/>\n<meta property=\"og:type\" content=\"article\" \/>\n<meta property=\"og:title\" content=\"TMK\u2019ya ba\u015fvuran Rumlara tazminat ve mali destek verilmeyecek - Kuzeyin Sesi\" \/>\n<meta property=\"og:description\" content=\"TMK\u2019ya ba\u015fvuran Rumlara destek yok: Rum y\u00f6netimi tazminat ve mali yard\u0131m\u0131 kesiyor G\u00fcney K\u0131br\u0131s Rum Y\u00f6netimi\u2019nin, KKTC\u2019de faaliyet g\u00f6steren Ta\u015f\u0131nmaz Mal Komisyonu\u2019na (TMK) ba\u015fvurarak eski mallar\u0131n\u0131 satan K\u0131br\u0131sl\u0131 Rumlara tazminat veya mali destek vermeyece\u011fi bildirildi. Konunun Rum Meclisi \u201cG\u00f6\u00e7menler\u201d Komitesi toplant\u0131s\u0131nda g\u00fcndeme geldi\u011fi belirtildi. TMK\u2019YA BA\u015eVURANLAR TESP\u0130T ED\u0130LD\u0130 Rum bas\u0131n\u0131nda yer alan haberlere g\u00f6re, G\u00fcney [&hellip;]\" \/>\n<meta property=\"og:url\" content=\"https:\/\/kuzeyinsesi.org\/index.php\/2026\/03\/11\/tmkya-basvuran-rumlara-tazminat-ve-mali-destek-verilmeyecek\/\" \/>\n<meta property=\"og:site_name\" content=\"Kuzeyin Sesi\" \/>\n<meta property=\"article:publisher\" content=\"https:\/\/www.facebook.com\/kuzeyinsesii\" \/>\n<meta property=\"article:published_time\" content=\"2026-03-11T13:36:47+00:00\" \/>\n<meta name=\"author\" content=\"Kuzeyin Sesi\" \/>\n<meta name=\"twitter:card\" content=\"summary_large_image\" \/>\n<meta name=\"twitter:creator\" content=\"@kuzeyinsesii\" \/>\n<meta name=\"twitter:site\" content=\"@kuzeyinsesii\" \/>\n<meta name=\"twitter:label1\" content=\"Yazan:\" \/>\n\t<meta name=\"twitter:data1\" content=\"Kuzeyin Sesi\" \/>\n\t<meta name=\"twitter:label2\" content=\"Tahmini okuma s\u00fcresi\" \/>\n\t<meta name=\"twitter:data2\" content=\"2 dakika\" \/>\n<script type=\"application\/ld+json\" class=\"yoast-schema-graph\">{\"@context\":\"https:\\\/\\\/schema.org\",\"@graph\":[{\"@type\":\"Article\",\"@id\":\"https:\\\/\\\/kuzeyinsesi.org\\\/index.php\\\/2026\\\/03\\\/11\\\/tmkya-basvuran-rumlara-tazminat-ve-mali-destek-verilmeyecek\\\/#article\",\"isPartOf\":{\"@id\":\"https:\\\/\\\/kuzeyinsesi.org\\\/index.php\\\/2026\\\/03\\\/11\\\/tmkya-basvuran-rumlara-tazminat-ve-mali-destek-verilmeyecek\\\/\"},\"author\":{\"name\":\"Kuzeyin Sesi\",\"@id\":\"https:\\\/\\\/kuzeyinsesi.org\\\/#\\\/schema\\\/person\\\/9f859689cdf01485597712386e37f5aa\"},\"headline\":\"TMK\u2019ya ba\u015fvuran Rumlara tazminat ve mali destek verilmeyecek\",\"datePublished\":\"2026-03-11T13:36:47+00:00\",\"mainEntityOfPage\":{\"@id\":\"https:\\\/\\\/kuzeyinsesi.org\\\/index.php\\\/2026\\\/03\\\/11\\\/tmkya-basvuran-rumlara-tazminat-ve-mali-destek-verilmeyecek\\\/\"},\"wordCount\":375,\"commentCount\":0,\"image\":{\"@id\":\"https:\\\/\\\/kuzeyinsesi.org\\\/index.php\\\/2026\\\/03\\\/11\\\/tmkya-basvuran-rumlara-tazminat-ve-mali-destek-verilmeyecek\\\/#primaryimage\"},\"thumbnailUrl\":\"https:\\\/\\\/kuzeyinsesi.org\\\/wp-content\\\/uploads\\\/2026\\\/03\\\/IMG_8065.webp.webp\",\"articleSection\":[\"K\u0131br\u0131s\"],\"inLanguage\":\"tr\",\"potentialAction\":[{\"@type\":\"CommentAction\",\"name\":\"Comment\",\"target\":[\"https:\\\/\\\/kuzeyinsesi.org\\\/index.php\\\/2026\\\/03\\\/11\\\/tmkya-basvuran-rumlara-tazminat-ve-mali-destek-verilmeyecek\\\/#respond\"]}]},{\"@type\":\"WebPage\",\"@id\":\"https:\\\/\\\/kuzeyinsesi.org\\\/index.php\\\/2026\\\/03\\\/11\\\/tmkya-basvuran-rumlara-tazminat-ve-mali-destek-verilmeyecek\\\/\",\"url\":\"https:\\\/\\\/kuzeyinsesi.org\\\/index.php\\\/2026\\\/03\\\/11\\\/tmkya-basvuran-rumlara-tazminat-ve-mali-destek-verilmeyecek\\\/\",\"name\":\"TMK\u2019ya ba\u015fvuran Rumlara tazminat ve mali destek verilmeyecek - Kuzeyin Sesi\",\"isPartOf\":{\"@id\":\"https:\\\/\\\/kuzeyinsesi.org\\\/#website\"},\"primaryImageOfPage\":{\"@id\":\"https:\\\/\\\/kuzeyinsesi.org\\\/index.php\\\/2026\\\/03\\\/11\\\/tmkya-basvuran-rumlara-tazminat-ve-mali-destek-verilmeyecek\\\/#primaryimage\"},\"image\":{\"@id\":\"https:\\\/\\\/kuzeyinsesi.org\\\/index.php\\\/2026\\\/03\\\/11\\\/tmkya-basvuran-rumlara-tazminat-ve-mali-destek-verilmeyecek\\\/#primaryimage\"},\"thumbnailUrl\":\"https:\\\/\\\/kuzeyinsesi.org\\\/wp-content\\\/uploads\\\/2026\\\/03\\\/IMG_8065.webp.webp\",\"datePublished\":\"2026-03-11T13:36:47+00:00\",\"author\":{\"@id\":\"https:\\\/\\\/kuzeyinsesi.org\\\/#\\\/schema\\\/person\\\/9f859689cdf01485597712386e37f5aa\"},\"breadcrumb\":{\"@id\":\"https:\\\/\\\/kuzeyinsesi.org\\\/index.php\\\/2026\\\/03\\\/11\\\/tmkya-basvuran-rumlara-tazminat-ve-mali-destek-verilmeyecek\\\/#breadcrumb\"},\"inLanguage\":\"tr\",\"potentialAction\":[{\"@type\":\"ReadAction\",\"target\":[\"https:\\\/\\\/kuzeyinsesi.org\\\/index.php\\\/2026\\\/03\\\/11\\\/tmkya-basvuran-rumlara-tazminat-ve-mali-destek-verilmeyecek\\\/\"]}]},{\"@type\":\"ImageObject\",\"inLanguage\":\"tr\",\"@id\":\"https:\\\/\\\/kuzeyinsesi.org\\\/index.php\\\/2026\\\/03\\\/11\\\/tmkya-basvuran-rumlara-tazminat-ve-mali-destek-verilmeyecek\\\/#primaryimage\",\"url\":\"https:\\\/\\\/kuzeyinsesi.org\\\/wp-content\\\/uploads\\\/2026\\\/03\\\/IMG_8065.webp.webp\",\"contentUrl\":\"https:\\\/\\\/kuzeyinsesi.org\\\/wp-content\\\/uploads\\\/2026\\\/03\\\/IMG_8065.webp.webp\",\"width\":1280,\"height\":720},{\"@type\":\"BreadcrumbList\",\"@id\":\"https:\\\/\\\/kuzeyinsesi.org\\\/index.php\\\/2026\\\/03\\\/11\\\/tmkya-basvuran-rumlara-tazminat-ve-mali-destek-verilmeyecek\\\/#breadcrumb\",\"itemListElement\":[{\"@type\":\"ListItem\",\"position\":1,\"name\":\"Anasayfa\",\"item\":\"https:\\\/\\\/kuzeyinsesi.org\\\/\"},{\"@type\":\"ListItem\",\"position\":2,\"name\":\"TMK\u2019ya ba\u015fvuran Rumlara tazminat ve mali destek verilmeyecek\"}]},{\"@type\":\"WebSite\",\"@id\":\"https:\\\/\\\/kuzeyinsesi.org\\\/#website\",\"url\":\"https:\\\/\\\/kuzeyinsesi.org\\\/\",\"name\":\"Kuzeyin Sesi\",\"description\":\"Do\u011fru Haberin Adresi\",\"potentialAction\":[{\"@type\":\"SearchAction\",\"target\":{\"@type\":\"EntryPoint\",\"urlTemplate\":\"https:\\\/\\\/kuzeyinsesi.org\\\/?s={search_term_string}\"},\"query-input\":{\"@type\":\"PropertyValueSpecification\",\"valueRequired\":true,\"valueName\":\"search_term_string\"}}],\"inLanguage\":\"tr\"},{\"@type\":\"Person\",\"@id\":\"https:\\\/\\\/kuzeyinsesi.org\\\/#\\\/schema\\\/person\\\/9f859689cdf01485597712386e37f5aa\",\"name\":\"Kuzeyin Sesi\",\"image\":{\"@type\":\"ImageObject\",\"inLanguage\":\"tr\",\"@id\":\"https:\\\/\\\/secure.gravatar.com\\\/avatar\\\/bab33852abfd8b282518d6ed81826833d77c3c882d9ab608add591ccace47a44?s=96&d=mm&r=g\",\"url\":\"https:\\\/\\\/secure.gravatar.com\\\/avatar\\\/bab33852abfd8b282518d6ed81826833d77c3c882d9ab608add591ccace47a44?s=96&d=mm&r=g\",\"contentUrl\":\"https:\\\/\\\/secure.gravatar.com\\\/avatar\\\/bab33852abfd8b282518d6ed81826833d77c3c882d9ab608add591ccace47a44?s=96&d=mm&r=g\",\"caption\":\"Kuzeyin Sesi\"},\"sameAs\":[\"https:\\\/\\\/kuzeyinsesi.org\"],\"url\":\"https:\\\/\\\/kuzeyinsesi.org\\\/index.php\\\/author\\\/guven\\\/\"}]}<\/script>\n<!-- \/ Yoast SEO plugin. -->","yoast_head_json":{"title":"TMK\u2019ya ba\u015fvuran Rumlara tazminat ve mali destek verilmeyecek - Kuzeyin Sesi","robots":{"index":"index","follow":"follow","max-snippet":"max-snippet:-1","max-image-preview":"max-image-preview:large","max-video-preview":"max-video-preview:-1"},"canonical":"https:\/\/kuzeyinsesi.org\/index.php\/2026\/03\/11\/tmkya-basvuran-rumlara-tazminat-ve-mali-destek-verilmeyecek\/","og_locale":"tr_TR","og_type":"article","og_title":"TMK\u2019ya ba\u015fvuran Rumlara tazminat ve mali destek verilmeyecek - Kuzeyin Sesi","og_description":"TMK\u2019ya ba\u015fvuran Rumlara destek yok: Rum y\u00f6netimi tazminat ve mali yard\u0131m\u0131 kesiyor G\u00fcney K\u0131br\u0131s Rum Y\u00f6netimi\u2019nin, KKTC\u2019de faaliyet g\u00f6steren Ta\u015f\u0131nmaz Mal Komisyonu\u2019na (TMK) ba\u015fvurarak eski mallar\u0131n\u0131 satan K\u0131br\u0131sl\u0131 Rumlara tazminat veya mali destek vermeyece\u011fi bildirildi. Konunun Rum Meclisi \u201cG\u00f6\u00e7menler\u201d Komitesi toplant\u0131s\u0131nda g\u00fcndeme geldi\u011fi belirtildi. TMK\u2019YA BA\u015eVURANLAR TESP\u0130T ED\u0130LD\u0130 Rum bas\u0131n\u0131nda yer alan haberlere g\u00f6re, G\u00fcney [&hellip;]","og_url":"https:\/\/kuzeyinsesi.org\/index.php\/2026\/03\/11\/tmkya-basvuran-rumlara-tazminat-ve-mali-destek-verilmeyecek\/","og_site_name":"Kuzeyin Sesi","article_publisher":"https:\/\/www.facebook.com\/kuzeyinsesii","article_published_time":"2026-03-11T13:36:47+00:00","author":"Kuzeyin Sesi","twitter_card":"summary_large_image","twitter_creator":"@kuzeyinsesii","twitter_site":"@kuzeyinsesii","twitter_misc":{"Yazan:":"Kuzeyin Sesi","Tahmini okuma s\u00fcresi":"2 dakika"},"schema":{"@context":"https:\/\/schema.org","@graph":[{"@type":"Article","@id":"https:\/\/kuzeyinsesi.org\/index.php\/2026\/03\/11\/tmkya-basvuran-rumlara-tazminat-ve-mali-destek-verilmeyecek\/#article","isPartOf":{"@id":"https:\/\/kuzeyinsesi.org\/index.php\/2026\/03\/11\/tmkya-basvuran-rumlara-tazminat-ve-mali-destek-verilmeyecek\/"},"author":{"name":"Kuzeyin Sesi","@id":"https:\/\/kuzeyinsesi.org\/#\/schema\/person\/9f859689cdf01485597712386e37f5aa"},"headline":"TMK\u2019ya ba\u015fvuran Rumlara tazminat ve mali destek verilmeyecek","datePublished":"2026-03-11T13:36:47+00:00","mainEntityOfPage":{"@id":"https:\/\/kuzeyinsesi.org\/index.php\/2026\/03\/11\/tmkya-basvuran-rumlara-tazminat-ve-mali-destek-verilmeyecek\/"},"wordCount":375,"commentCount":0,"image":{"@id":"https:\/\/kuzeyinsesi.org\/index.php\/2026\/03\/11\/tmkya-basvuran-rumlara-tazminat-ve-mali-destek-verilmeyecek\/#primaryimage"},"thumbnailUrl":"https:\/\/kuzeyinsesi.org\/wp-content\/uploads\/2026\/03\/IMG_8065.webp.webp","articleSection":["K\u0131br\u0131s"],"inLanguage":"tr","potentialAction":[{"@type":"CommentAction","name":"Comment","target":["https:\/\/kuzeyinsesi.org\/index.php\/2026\/03\/11\/tmkya-basvuran-rumlara-tazminat-ve-mali-destek-verilmeyecek\/#respond"]}]},{"@type":"WebPage","@id":"https:\/\/kuzeyinsesi.org\/index.php\/2026\/03\/11\/tmkya-basvuran-rumlara-tazminat-ve-mali-destek-verilmeyecek\/","url":"https:\/\/kuzeyinsesi.org\/index.php\/2026\/03\/11\/tmkya-basvuran-rumlara-tazminat-ve-mali-destek-verilmeyecek\/","name":"TMK\u2019ya ba\u015fvuran Rumlara tazminat ve mali destek verilmeyecek - Kuzeyin Sesi","isPartOf":{"@id":"https:\/\/kuzeyinsesi.org\/#website"},"primaryImageOfPage":{"@id":"https:\/\/kuzeyinsesi.org\/index.php\/2026\/03\/11\/tmkya-basvuran-rumlara-tazminat-ve-mali-destek-verilmeyecek\/#primaryimage"},"image":{"@id":"https:\/\/kuzeyinsesi.org\/index.php\/2026\/03\/11\/tmkya-basvuran-rumlara-tazminat-ve-mali-destek-verilmeyecek\/#primaryimage"},"thumbnailUrl":"https:\/\/kuzeyinsesi.org\/wp-content\/uploads\/2026\/03\/IMG_8065.webp.webp","datePublished":"2026-03-11T13:36:47+00:00","author":{"@id":"https:\/\/kuzeyinsesi.org\/#\/schema\/person\/9f859689cdf01485597712386e37f5aa"},"breadcrumb":{"@id":"https:\/\/kuzeyinsesi.org\/index.php\/2026\/03\/11\/tmkya-basvuran-rumlara-tazminat-ve-mali-destek-verilmeyecek\/#breadcrumb"},"inLanguage":"tr","potentialAction":[{"@type":"ReadAction","target":["https:\/\/kuzeyinsesi.org\/index.php\/2026\/03\/11\/tmkya-basvuran-rumlara-tazminat-ve-mali-destek-verilmeyecek\/"]}]},{"@type":"ImageObject","inLanguage":"tr","@id":"https:\/\/kuzeyinsesi.org\/index.php\/2026\/03\/11\/tmkya-basvuran-rumlara-tazminat-ve-mali-destek-verilmeyecek\/#primaryimage","url":"https:\/\/kuzeyinsesi.org\/wp-content\/uploads\/2026\/03\/IMG_8065.webp.webp","contentUrl":"https:\/\/kuzeyinsesi.org\/wp-content\/uploads\/2026\/03\/IMG_8065.webp.webp","width":1280,"height":720},{"@type":"BreadcrumbList","@id":"https:\/\/kuzeyinsesi.org\/index.php\/2026\/03\/11\/tmkya-basvuran-rumlara-tazminat-ve-mali-destek-verilmeyecek\/#breadcrumb","itemListElement":[{"@type":"ListItem","position":1,"name":"Anasayfa","item":"https:\/\/kuzeyinsesi.org\/"},{"@type":"ListItem","position":2,"name":"TMK\u2019ya ba\u015fvuran Rumlara tazminat ve mali destek verilmeyecek"}]},{"@type":"WebSite","@id":"https:\/\/kuzeyinsesi.org\/#website","url":"https:\/\/kuzeyinsesi.org\/","name":"Kuzeyin Sesi","description":"Do\u011fru Haberin Adresi","potentialAction":[{"@type":"SearchAction","target":{"@type":"EntryPoint","urlTemplate":"https:\/\/kuzeyinsesi.org\/?s={search_term_string}"},"query-input":{"@type":"PropertyValueSpecification","valueRequired":true,"valueName":"search_term_string"}}],"inLanguage":"tr"},{"@type":"Person","@id":"https:\/\/kuzeyinsesi.org\/#\/schema\/person\/9f859689cdf01485597712386e37f5aa","name":"Kuzeyin Sesi","image":{"@type":"ImageObject","inLanguage":"tr","@id":"https:\/\/secure.gravatar.com\/avatar\/bab33852abfd8b282518d6ed81826833d77c3c882d9ab608add591ccace47a44?s=96&d=mm&r=g","url":"https:\/\/secure.gravatar.com\/avatar\/bab33852abfd8b282518d6ed81826833d77c3c882d9ab608add591ccace47a44?s=96&d=mm&r=g","contentUrl":"https:\/\/secure.gravatar.com\/avatar\/bab33852abfd8b282518d6ed81826833d77c3c882d9ab608add591ccace47a44?s=96&d=mm&r=g","caption":"Kuzeyin Sesi"},"sameAs":["https:\/\/kuzeyinsesi.org"],"url":"https:\/\/kuzeyinsesi.org\/index.php\/author\/guven\/"}]}},"_links":{"self":[{"href":"https:\/\/kuzeyinsesi.org\/index.php\/wp-json\/wp\/v2\/posts\/36408","targetHints":{"allow":["GET"]}}],"collection":[{"href":"https:\/\/kuzeyinsesi.org\/index.php\/wp-json\/wp\/v2\/posts"}],"about":[{"href":"https:\/\/kuzeyinsesi.org\/index.php\/wp-json\/wp\/v2\/types\/post"}],"author":[{"embeddable":true,"href":"https:\/\/kuzeyinsesi.org\/index.php\/wp-json\/wp\/v2\/users\/1"}],"replies":[{"embeddable":true,"href":"https:\/\/kuzeyinsesi.org\/index.php\/wp-json\/wp\/v2\/comments?post=36408"}],"version-history":[{"count":0,"href":"https:\/\/kuzeyinsesi.org\/index.php\/wp-json\/wp\/v2\/posts\/36408\/revisions"}],"wp:featuredmedia":[{"embeddable":true,"href":"https:\/\/kuzeyinsesi.org\/index.php\/wp-json\/wp\/v2\/media\/36409"}],"wp:attachment":[{"href":"https:\/\/kuzeyinsesi.org\/index.php\/wp-json\/wp\/v2\/media?parent=36408"}],"wp:term":[{"taxonomy":"category","embeddable":true,"href":"https:\/\/kuzeyinsesi.org\/index.php\/wp-json\/wp\/v2\/categories?post=36408"},{"taxonomy":"post_tag","embeddable":true,"href":"https:\/\/kuzeyinsesi.org\/index.php\/wp-json\/wp\/v2\/tags?post=36408"}],"curies":[{"name":"wp","href":"https:\/\/api.w.org\/{rel}","templated":true}]}}