{"id":36406,"date":"2026-03-11T15:17:52","date_gmt":"2026-03-11T13:17:52","guid":{"rendered":"https:\/\/kuzeyinsesi.org\/index.php\/2026\/03\/11\/is-insani-yucel-dogan-halkin-partisine-katildi\/"},"modified":"2026-03-11T15:17:52","modified_gmt":"2026-03-11T13:17:52","slug":"is-insani-yucel-dogan-halkin-partisine-katildi","status":"publish","type":"post","link":"https:\/\/kuzeyinsesi.org\/index.php\/2026\/03\/11\/is-insani-yucel-dogan-halkin-partisine-katildi\/","title":{"rendered":"\u0130\u015f insan\u0131 Y\u00fccel Do\u011fan Halk\u0131n Partisi\u2019ne kat\u0131ld\u0131"},"content":{"rendered":"<h1>\u0130\u015f insan\u0131 Y\u00fccel Do\u011fan Halk\u0131n Partisi\u2019ne kat\u0131ld\u0131<\/h1>\n<p><strong>\u00d6zel sekt\u00f6rde yapt\u0131\u011f\u0131 yat\u0131r\u0131mlarla tan\u0131nan i\u015f insan\u0131 Y\u00fccel Do\u011fan, Halk\u0131n Partisi\u2019ne (HP) kat\u0131larak \u00fcyelik ba\u015fvurusu yapt\u0131. HP Genel Ba\u015fkan\u0131 Kudret \u00d6zersay, partiye olan ilgi ve deste\u011fin giderek artt\u0131\u011f\u0131n\u0131 s\u00f6yledi.<\/strong><\/p>\n<h2>DO\u011eAN: \u201cTEM\u0130Z VE \u0130LKEL\u0130 S\u0130YASET \u0130\u00c7\u0130N BURADAYIM\u201d<\/h2>\n<p>Y\u00fccel Do\u011fan, Kudret \u00d6zersay ile bir araya gelerek Halk\u0131n Partisi\u2019ne \u00fcyelik ba\u015fvurusunu ger\u00e7ekle\u015ftirdi.<\/p>\n<p>Do\u011fan yapt\u0131\u011f\u0131 a\u00e7\u0131klamada, uzun y\u0131llard\u0131r Halk\u0131n Partisi\u2019ni yak\u0131ndan takip etti\u011fini belirterek \u015funlar\u0131 s\u00f6yledi:<\/p>\n<p>\u201cUzun y\u0131llard\u0131r Halk\u0131n Partisi\u2019ni yak\u0131ndan takip ediyorum. Partide aktif olarak \u00e7al\u0131\u015fan, katk\u0131 koyan ve kurucu \u00fcyesi olan pek \u00e7ok ki\u015fiyi yak\u0131ndan tan\u0131yorum. Bildi\u011fimiz, sevdi\u011fimiz ve g\u00fcvendi\u011fimiz insanlar. \u00dclkede siyasette ve her alanda ya\u015fanan kirlenme nedeniyle ger\u00e7ekten temiz, d\u00fcr\u00fcst ve ilkeli bir siyasi \u00e7izgiye sahip olan Halk\u0131n Partisi\u2019ni desteklemeye ve bu m\u00fccadeleye omuz vermeye karar verdim.\u201d<\/p>\n<h2>\u00d6ZERSAY: \u201cHALKIN PART\u0130S\u0130\u2019NE \u0130LG\u0130 ARTIYOR\u201d<\/h2>\n<p>HP Genel Ba\u015fkan\u0131 Kudret \u00d6zersay da Y\u00fccel Do\u011fan\u2019\u0131n partiye kat\u0131l\u0131m\u0131n\u0131n \u00f6nemli oldu\u011funu belirterek \u015fu ifadeleri kulland\u0131:<\/p>\n<p>\u201c\u0130\u015f ya\u015fam\u0131nda ba\u015far\u0131l\u0131 olan, \u00f6zellikle pandemi gibi zor bir d\u00f6nemi ba\u015far\u0131yla atlatm\u0131\u015f olan Y\u00fccel karde\u015fimiz memleketini seven bir i\u015f insan\u0131d\u0131r. Ayn\u0131 zamanda toplumun farkl\u0131 kesimlerine sosyal sorumluluk projeleriyle destek olan bir arkada\u015f\u0131m\u0131zd\u0131r. Halk\u0131n Partisi\u2019ne kat\u0131lmas\u0131 bizim i\u00e7in \u00e7ok de\u011ferlidir. Halk\u0131n Partisi\u2019ne ger\u00e7ekten artan bir ilgi ve destek vard\u0131r.\u201d<\/p>\n<h2>Y\u00dcCEL DO\u011eAN K\u0130MD\u0130R?<\/h2>\n<p>1980 y\u0131l\u0131nda Erzincan\u2019da do\u011fan Y\u00fccel Do\u011fan, 2000 y\u0131l\u0131nda Kuzey K\u0131br\u0131s\u2019a gelerek Do\u011fu Akdeniz \u00dcniversitesi Turizm ve Otel \u0130\u015fletmecili\u011fi B\u00f6l\u00fcm\u00fc\u2019nde e\u011fitim ald\u0131 ve 2006 y\u0131l\u0131nda \u00e7ift diploma ile mezun oldu.<\/p>\n<p>2007 y\u0131l\u0131nda kendi turizm acentesini kuran Do\u011fan, 2012 y\u0131l\u0131nda Roberts Cafe bayili\u011fini alarak Gazima\u011fusa ve \u0130stanbul\u2019da \u015fubeler a\u00e7t\u0131. 2016-2022 y\u0131llar\u0131 aras\u0131nda Rioverde Cafe\/Bistro markas\u0131n\u0131 KKTC\u2019ye getirdi.<\/p>\n<div id=\"ad_121\" class=\"mb-3 text-center\" data-channel=\"121\" data-advert=\"temedya\" data-rotation=\"120\">2019 y\u0131l\u0131nda kurdu\u011fu <strong>Sushinn<\/strong> restoran zinciriyle KKTC\u2019nin farkl\u0131 b\u00f6lgelerinde \u015fubeler a\u00e7an Do\u011fan, markan\u0131n T\u00fcrkiye\u2019de de b\u00fcy\u00fcmesi i\u00e7in \u00e7al\u0131\u015fmalar y\u00fcr\u00fct\u00fcyor.<\/div>\n<div id=\"ad_121_mobile\" class=\"mb-3 text-center\" data-channel=\"121\" data-advert=\"temedya\" data-rotation=\"120\" data-affix=\"\">\n<p>Y\u00fccel Do\u011fan evli ve bir \u00e7ocuk babas\u0131d\u0131r.<\/p>\n<\/div>\n<p>\u0130\u015f insan\u0131 Y\u00fccel Do\u011fan Halk\u0131n Partisi\u2019ne kat\u0131ld\u0131 yaz\u0131s\u0131 ilk \u00f6nce K\u0131br\u0131s Hakikat \u00fczerinde ortaya \u00e7\u0131kt\u0131.<\/p>\n","protected":false},"excerpt":{"rendered":"<p>\u0130\u015f insan\u0131 Y\u00fccel Do\u011fan Halk\u0131n Partisi\u2019ne kat\u0131ld\u0131 \u00d6zel sekt\u00f6rde yapt\u0131\u011f\u0131 yat\u0131r\u0131mlarla tan\u0131nan i\u015f insan\u0131 Y\u00fccel Do\u011fan, Halk\u0131n Partisi\u2019ne (HP) kat\u0131larak \u00fcyelik ba\u015fvurusu yapt\u0131. HP Genel Ba\u015fkan\u0131 Kudret \u00d6zersay, partiye olan ilgi ve deste\u011fin giderek artt\u0131\u011f\u0131n\u0131 s\u00f6yledi. DO\u011eAN: \u201cTEM\u0130Z VE \u0130LKEL\u0130 S\u0130YASET \u0130\u00c7\u0130N BURADAYIM\u201d Y\u00fccel Do\u011fan, Kudret \u00d6zersay ile bir araya gelerek Halk\u0131n Partisi\u2019ne \u00fcyelik ba\u015fvurusunu [&hellip;]<\/p>\n","protected":false},"author":1,"featured_media":36407,"comment_status":"open","ping_status":"open","sticky":false,"template":"","format":"standard","meta":{"jnews-multi-image_gallery":[],"jnews_single_post":[],"jnews_primary_category":[],"jnews_social_meta":[],"jnews_override_counter":[],"footnotes":""},"categories":[1],"tags":[],"class_list":["post-36406","post","type-post","status-publish","format-standard","has-post-thumbnail","hentry","category-kibris"],"yoast_head":"<!-- This site is optimized with the Yoast SEO plugin v27.4 - https:\/\/yoast.com\/product\/yoast-seo-wordpress\/ -->\n<title>\u0130\u015f insan\u0131 Y\u00fccel Do\u011fan Halk\u0131n Partisi\u2019ne kat\u0131ld\u0131 - Kuzeyin Sesi<\/title>\n<meta name=\"robots\" content=\"index, follow, max-snippet:-1, max-image-preview:large, max-video-preview:-1\" \/>\n<link rel=\"canonical\" href=\"https:\/\/kuzeyinsesi.org\/index.php\/2026\/03\/11\/is-insani-yucel-dogan-halkin-partisine-katildi\/\" \/>\n<meta property=\"og:locale\" content=\"tr_TR\" \/>\n<meta property=\"og:type\" content=\"article\" \/>\n<meta property=\"og:title\" content=\"\u0130\u015f insan\u0131 Y\u00fccel Do\u011fan Halk\u0131n Partisi\u2019ne kat\u0131ld\u0131 - Kuzeyin Sesi\" \/>\n<meta property=\"og:description\" content=\"\u0130\u015f insan\u0131 Y\u00fccel Do\u011fan Halk\u0131n Partisi\u2019ne kat\u0131ld\u0131 \u00d6zel sekt\u00f6rde yapt\u0131\u011f\u0131 yat\u0131r\u0131mlarla tan\u0131nan i\u015f insan\u0131 Y\u00fccel Do\u011fan, Halk\u0131n Partisi\u2019ne (HP) kat\u0131larak \u00fcyelik ba\u015fvurusu yapt\u0131. HP Genel Ba\u015fkan\u0131 Kudret \u00d6zersay, partiye olan ilgi ve deste\u011fin giderek artt\u0131\u011f\u0131n\u0131 s\u00f6yledi. DO\u011eAN: \u201cTEM\u0130Z VE \u0130LKEL\u0130 S\u0130YASET \u0130\u00c7\u0130N BURADAYIM\u201d Y\u00fccel Do\u011fan, Kudret \u00d6zersay ile bir araya gelerek Halk\u0131n Partisi\u2019ne \u00fcyelik ba\u015fvurusunu [&hellip;]\" \/>\n<meta property=\"og:url\" content=\"https:\/\/kuzeyinsesi.org\/index.php\/2026\/03\/11\/is-insani-yucel-dogan-halkin-partisine-katildi\/\" \/>\n<meta property=\"og:site_name\" content=\"Kuzeyin Sesi\" \/>\n<meta property=\"article:publisher\" content=\"https:\/\/www.facebook.com\/kuzeyinsesii\" \/>\n<meta property=\"article:published_time\" content=\"2026-03-11T13:17:52+00:00\" \/>\n<meta name=\"author\" content=\"Kuzeyin Sesi\" \/>\n<meta name=\"twitter:card\" content=\"summary_large_image\" \/>\n<meta name=\"twitter:creator\" content=\"@kuzeyinsesii\" \/>\n<meta name=\"twitter:site\" content=\"@kuzeyinsesii\" \/>\n<meta name=\"twitter:label1\" content=\"Yazan:\" \/>\n\t<meta name=\"twitter:data1\" content=\"Kuzeyin Sesi\" \/>\n\t<meta name=\"twitter:label2\" content=\"Tahmini okuma s\u00fcresi\" \/>\n\t<meta name=\"twitter:data2\" content=\"2 dakika\" \/>\n<script type=\"application\/ld+json\" class=\"yoast-schema-graph\">{\"@context\":\"https:\\\/\\\/schema.org\",\"@graph\":[{\"@type\":\"Article\",\"@id\":\"https:\\\/\\\/kuzeyinsesi.org\\\/index.php\\\/2026\\\/03\\\/11\\\/is-insani-yucel-dogan-halkin-partisine-katildi\\\/#article\",\"isPartOf\":{\"@id\":\"https:\\\/\\\/kuzeyinsesi.org\\\/index.php\\\/2026\\\/03\\\/11\\\/is-insani-yucel-dogan-halkin-partisine-katildi\\\/\"},\"author\":{\"name\":\"Kuzeyin Sesi\",\"@id\":\"https:\\\/\\\/kuzeyinsesi.org\\\/#\\\/schema\\\/person\\\/9f859689cdf01485597712386e37f5aa\"},\"headline\":\"\u0130\u015f insan\u0131 Y\u00fccel Do\u011fan Halk\u0131n Partisi\u2019ne kat\u0131ld\u0131\",\"datePublished\":\"2026-03-11T13:17:52+00:00\",\"mainEntityOfPage\":{\"@id\":\"https:\\\/\\\/kuzeyinsesi.org\\\/index.php\\\/2026\\\/03\\\/11\\\/is-insani-yucel-dogan-halkin-partisine-katildi\\\/\"},\"wordCount\":452,\"commentCount\":0,\"image\":{\"@id\":\"https:\\\/\\\/kuzeyinsesi.org\\\/index.php\\\/2026\\\/03\\\/11\\\/is-insani-yucel-dogan-halkin-partisine-katildi\\\/#primaryimage\"},\"thumbnailUrl\":\"https:\\\/\\\/kuzeyinsesi.org\\\/wp-content\\\/uploads\\\/2026\\\/03\\\/AC902AF5-AC1C-433C-BECC-0B769FA683EB.jpeg\",\"articleSection\":[\"K\u0131br\u0131s\"],\"inLanguage\":\"tr\",\"potentialAction\":[{\"@type\":\"CommentAction\",\"name\":\"Comment\",\"target\":[\"https:\\\/\\\/kuzeyinsesi.org\\\/index.php\\\/2026\\\/03\\\/11\\\/is-insani-yucel-dogan-halkin-partisine-katildi\\\/#respond\"]}]},{\"@type\":\"WebPage\",\"@id\":\"https:\\\/\\\/kuzeyinsesi.org\\\/index.php\\\/2026\\\/03\\\/11\\\/is-insani-yucel-dogan-halkin-partisine-katildi\\\/\",\"url\":\"https:\\\/\\\/kuzeyinsesi.org\\\/index.php\\\/2026\\\/03\\\/11\\\/is-insani-yucel-dogan-halkin-partisine-katildi\\\/\",\"name\":\"\u0130\u015f insan\u0131 Y\u00fccel Do\u011fan Halk\u0131n Partisi\u2019ne kat\u0131ld\u0131 - Kuzeyin Sesi\",\"isPartOf\":{\"@id\":\"https:\\\/\\\/kuzeyinsesi.org\\\/#website\"},\"primaryImageOfPage\":{\"@id\":\"https:\\\/\\\/kuzeyinsesi.org\\\/index.php\\\/2026\\\/03\\\/11\\\/is-insani-yucel-dogan-halkin-partisine-katildi\\\/#primaryimage\"},\"image\":{\"@id\":\"https:\\\/\\\/kuzeyinsesi.org\\\/index.php\\\/2026\\\/03\\\/11\\\/is-insani-yucel-dogan-halkin-partisine-katildi\\\/#primaryimage\"},\"thumbnailUrl\":\"https:\\\/\\\/kuzeyinsesi.org\\\/wp-content\\\/uploads\\\/2026\\\/03\\\/AC902AF5-AC1C-433C-BECC-0B769FA683EB.jpeg\",\"datePublished\":\"2026-03-11T13:17:52+00:00\",\"author\":{\"@id\":\"https:\\\/\\\/kuzeyinsesi.org\\\/#\\\/schema\\\/person\\\/9f859689cdf01485597712386e37f5aa\"},\"breadcrumb\":{\"@id\":\"https:\\\/\\\/kuzeyinsesi.org\\\/index.php\\\/2026\\\/03\\\/11\\\/is-insani-yucel-dogan-halkin-partisine-katildi\\\/#breadcrumb\"},\"inLanguage\":\"tr\",\"potentialAction\":[{\"@type\":\"ReadAction\",\"target\":[\"https:\\\/\\\/kuzeyinsesi.org\\\/index.php\\\/2026\\\/03\\\/11\\\/is-insani-yucel-dogan-halkin-partisine-katildi\\\/\"]}]},{\"@type\":\"ImageObject\",\"inLanguage\":\"tr\",\"@id\":\"https:\\\/\\\/kuzeyinsesi.org\\\/index.php\\\/2026\\\/03\\\/11\\\/is-insani-yucel-dogan-halkin-partisine-katildi\\\/#primaryimage\",\"url\":\"https:\\\/\\\/kuzeyinsesi.org\\\/wp-content\\\/uploads\\\/2026\\\/03\\\/AC902AF5-AC1C-433C-BECC-0B769FA683EB.jpeg\",\"contentUrl\":\"https:\\\/\\\/kuzeyinsesi.org\\\/wp-content\\\/uploads\\\/2026\\\/03\\\/AC902AF5-AC1C-433C-BECC-0B769FA683EB.jpeg\",\"width\":1535,\"height\":862},{\"@type\":\"BreadcrumbList\",\"@id\":\"https:\\\/\\\/kuzeyinsesi.org\\\/index.php\\\/2026\\\/03\\\/11\\\/is-insani-yucel-dogan-halkin-partisine-katildi\\\/#breadcrumb\",\"itemListElement\":[{\"@type\":\"ListItem\",\"position\":1,\"name\":\"Anasayfa\",\"item\":\"https:\\\/\\\/kuzeyinsesi.org\\\/\"},{\"@type\":\"ListItem\",\"position\":2,\"name\":\"\u0130\u015f insan\u0131 Y\u00fccel Do\u011fan Halk\u0131n Partisi\u2019ne kat\u0131ld\u0131\"}]},{\"@type\":\"WebSite\",\"@id\":\"https:\\\/\\\/kuzeyinsesi.org\\\/#website\",\"url\":\"https:\\\/\\\/kuzeyinsesi.org\\\/\",\"name\":\"Kuzeyin Sesi\",\"description\":\"Do\u011fru Haberin Adresi\",\"potentialAction\":[{\"@type\":\"SearchAction\",\"target\":{\"@type\":\"EntryPoint\",\"urlTemplate\":\"https:\\\/\\\/kuzeyinsesi.org\\\/?s={search_term_string}\"},\"query-input\":{\"@type\":\"PropertyValueSpecification\",\"valueRequired\":true,\"valueName\":\"search_term_string\"}}],\"inLanguage\":\"tr\"},{\"@type\":\"Person\",\"@id\":\"https:\\\/\\\/kuzeyinsesi.org\\\/#\\\/schema\\\/person\\\/9f859689cdf01485597712386e37f5aa\",\"name\":\"Kuzeyin Sesi\",\"image\":{\"@type\":\"ImageObject\",\"inLanguage\":\"tr\",\"@id\":\"https:\\\/\\\/secure.gravatar.com\\\/avatar\\\/bab33852abfd8b282518d6ed81826833d77c3c882d9ab608add591ccace47a44?s=96&d=mm&r=g\",\"url\":\"https:\\\/\\\/secure.gravatar.com\\\/avatar\\\/bab33852abfd8b282518d6ed81826833d77c3c882d9ab608add591ccace47a44?s=96&d=mm&r=g\",\"contentUrl\":\"https:\\\/\\\/secure.gravatar.com\\\/avatar\\\/bab33852abfd8b282518d6ed81826833d77c3c882d9ab608add591ccace47a44?s=96&d=mm&r=g\",\"caption\":\"Kuzeyin Sesi\"},\"sameAs\":[\"https:\\\/\\\/kuzeyinsesi.org\"],\"url\":\"https:\\\/\\\/kuzeyinsesi.org\\\/index.php\\\/author\\\/guven\\\/\"}]}<\/script>\n<!-- \/ Yoast SEO plugin. -->","yoast_head_json":{"title":"\u0130\u015f insan\u0131 Y\u00fccel Do\u011fan Halk\u0131n Partisi\u2019ne kat\u0131ld\u0131 - Kuzeyin Sesi","robots":{"index":"index","follow":"follow","max-snippet":"max-snippet:-1","max-image-preview":"max-image-preview:large","max-video-preview":"max-video-preview:-1"},"canonical":"https:\/\/kuzeyinsesi.org\/index.php\/2026\/03\/11\/is-insani-yucel-dogan-halkin-partisine-katildi\/","og_locale":"tr_TR","og_type":"article","og_title":"\u0130\u015f insan\u0131 Y\u00fccel Do\u011fan Halk\u0131n Partisi\u2019ne kat\u0131ld\u0131 - Kuzeyin Sesi","og_description":"\u0130\u015f insan\u0131 Y\u00fccel Do\u011fan Halk\u0131n Partisi\u2019ne kat\u0131ld\u0131 \u00d6zel sekt\u00f6rde yapt\u0131\u011f\u0131 yat\u0131r\u0131mlarla tan\u0131nan i\u015f insan\u0131 Y\u00fccel Do\u011fan, Halk\u0131n Partisi\u2019ne (HP) kat\u0131larak \u00fcyelik ba\u015fvurusu yapt\u0131. HP Genel Ba\u015fkan\u0131 Kudret \u00d6zersay, partiye olan ilgi ve deste\u011fin giderek artt\u0131\u011f\u0131n\u0131 s\u00f6yledi. DO\u011eAN: \u201cTEM\u0130Z VE \u0130LKEL\u0130 S\u0130YASET \u0130\u00c7\u0130N BURADAYIM\u201d Y\u00fccel Do\u011fan, Kudret \u00d6zersay ile bir araya gelerek Halk\u0131n Partisi\u2019ne \u00fcyelik ba\u015fvurusunu [&hellip;]","og_url":"https:\/\/kuzeyinsesi.org\/index.php\/2026\/03\/11\/is-insani-yucel-dogan-halkin-partisine-katildi\/","og_site_name":"Kuzeyin Sesi","article_publisher":"https:\/\/www.facebook.com\/kuzeyinsesii","article_published_time":"2026-03-11T13:17:52+00:00","author":"Kuzeyin Sesi","twitter_card":"summary_large_image","twitter_creator":"@kuzeyinsesii","twitter_site":"@kuzeyinsesii","twitter_misc":{"Yazan:":"Kuzeyin Sesi","Tahmini okuma s\u00fcresi":"2 dakika"},"schema":{"@context":"https:\/\/schema.org","@graph":[{"@type":"Article","@id":"https:\/\/kuzeyinsesi.org\/index.php\/2026\/03\/11\/is-insani-yucel-dogan-halkin-partisine-katildi\/#article","isPartOf":{"@id":"https:\/\/kuzeyinsesi.org\/index.php\/2026\/03\/11\/is-insani-yucel-dogan-halkin-partisine-katildi\/"},"author":{"name":"Kuzeyin Sesi","@id":"https:\/\/kuzeyinsesi.org\/#\/schema\/person\/9f859689cdf01485597712386e37f5aa"},"headline":"\u0130\u015f insan\u0131 Y\u00fccel Do\u011fan Halk\u0131n Partisi\u2019ne kat\u0131ld\u0131","datePublished":"2026-03-11T13:17:52+00:00","mainEntityOfPage":{"@id":"https:\/\/kuzeyinsesi.org\/index.php\/2026\/03\/11\/is-insani-yucel-dogan-halkin-partisine-katildi\/"},"wordCount":452,"commentCount":0,"image":{"@id":"https:\/\/kuzeyinsesi.org\/index.php\/2026\/03\/11\/is-insani-yucel-dogan-halkin-partisine-katildi\/#primaryimage"},"thumbnailUrl":"https:\/\/kuzeyinsesi.org\/wp-content\/uploads\/2026\/03\/AC902AF5-AC1C-433C-BECC-0B769FA683EB.jpeg","articleSection":["K\u0131br\u0131s"],"inLanguage":"tr","potentialAction":[{"@type":"CommentAction","name":"Comment","target":["https:\/\/kuzeyinsesi.org\/index.php\/2026\/03\/11\/is-insani-yucel-dogan-halkin-partisine-katildi\/#respond"]}]},{"@type":"WebPage","@id":"https:\/\/kuzeyinsesi.org\/index.php\/2026\/03\/11\/is-insani-yucel-dogan-halkin-partisine-katildi\/","url":"https:\/\/kuzeyinsesi.org\/index.php\/2026\/03\/11\/is-insani-yucel-dogan-halkin-partisine-katildi\/","name":"\u0130\u015f insan\u0131 Y\u00fccel Do\u011fan Halk\u0131n Partisi\u2019ne kat\u0131ld\u0131 - Kuzeyin Sesi","isPartOf":{"@id":"https:\/\/kuzeyinsesi.org\/#website"},"primaryImageOfPage":{"@id":"https:\/\/kuzeyinsesi.org\/index.php\/2026\/03\/11\/is-insani-yucel-dogan-halkin-partisine-katildi\/#primaryimage"},"image":{"@id":"https:\/\/kuzeyinsesi.org\/index.php\/2026\/03\/11\/is-insani-yucel-dogan-halkin-partisine-katildi\/#primaryimage"},"thumbnailUrl":"https:\/\/kuzeyinsesi.org\/wp-content\/uploads\/2026\/03\/AC902AF5-AC1C-433C-BECC-0B769FA683EB.jpeg","datePublished":"2026-03-11T13:17:52+00:00","author":{"@id":"https:\/\/kuzeyinsesi.org\/#\/schema\/person\/9f859689cdf01485597712386e37f5aa"},"breadcrumb":{"@id":"https:\/\/kuzeyinsesi.org\/index.php\/2026\/03\/11\/is-insani-yucel-dogan-halkin-partisine-katildi\/#breadcrumb"},"inLanguage":"tr","potentialAction":[{"@type":"ReadAction","target":["https:\/\/kuzeyinsesi.org\/index.php\/2026\/03\/11\/is-insani-yucel-dogan-halkin-partisine-katildi\/"]}]},{"@type":"ImageObject","inLanguage":"tr","@id":"https:\/\/kuzeyinsesi.org\/index.php\/2026\/03\/11\/is-insani-yucel-dogan-halkin-partisine-katildi\/#primaryimage","url":"https:\/\/kuzeyinsesi.org\/wp-content\/uploads\/2026\/03\/AC902AF5-AC1C-433C-BECC-0B769FA683EB.jpeg","contentUrl":"https:\/\/kuzeyinsesi.org\/wp-content\/uploads\/2026\/03\/AC902AF5-AC1C-433C-BECC-0B769FA683EB.jpeg","width":1535,"height":862},{"@type":"BreadcrumbList","@id":"https:\/\/kuzeyinsesi.org\/index.php\/2026\/03\/11\/is-insani-yucel-dogan-halkin-partisine-katildi\/#breadcrumb","itemListElement":[{"@type":"ListItem","position":1,"name":"Anasayfa","item":"https:\/\/kuzeyinsesi.org\/"},{"@type":"ListItem","position":2,"name":"\u0130\u015f insan\u0131 Y\u00fccel Do\u011fan Halk\u0131n Partisi\u2019ne kat\u0131ld\u0131"}]},{"@type":"WebSite","@id":"https:\/\/kuzeyinsesi.org\/#website","url":"https:\/\/kuzeyinsesi.org\/","name":"Kuzeyin Sesi","description":"Do\u011fru Haberin Adresi","potentialAction":[{"@type":"SearchAction","target":{"@type":"EntryPoint","urlTemplate":"https:\/\/kuzeyinsesi.org\/?s={search_term_string}"},"query-input":{"@type":"PropertyValueSpecification","valueRequired":true,"valueName":"search_term_string"}}],"inLanguage":"tr"},{"@type":"Person","@id":"https:\/\/kuzeyinsesi.org\/#\/schema\/person\/9f859689cdf01485597712386e37f5aa","name":"Kuzeyin Sesi","image":{"@type":"ImageObject","inLanguage":"tr","@id":"https:\/\/secure.gravatar.com\/avatar\/bab33852abfd8b282518d6ed81826833d77c3c882d9ab608add591ccace47a44?s=96&d=mm&r=g","url":"https:\/\/secure.gravatar.com\/avatar\/bab33852abfd8b282518d6ed81826833d77c3c882d9ab608add591ccace47a44?s=96&d=mm&r=g","contentUrl":"https:\/\/secure.gravatar.com\/avatar\/bab33852abfd8b282518d6ed81826833d77c3c882d9ab608add591ccace47a44?s=96&d=mm&r=g","caption":"Kuzeyin Sesi"},"sameAs":["https:\/\/kuzeyinsesi.org"],"url":"https:\/\/kuzeyinsesi.org\/index.php\/author\/guven\/"}]}},"_links":{"self":[{"href":"https:\/\/kuzeyinsesi.org\/index.php\/wp-json\/wp\/v2\/posts\/36406","targetHints":{"allow":["GET"]}}],"collection":[{"href":"https:\/\/kuzeyinsesi.org\/index.php\/wp-json\/wp\/v2\/posts"}],"about":[{"href":"https:\/\/kuzeyinsesi.org\/index.php\/wp-json\/wp\/v2\/types\/post"}],"author":[{"embeddable":true,"href":"https:\/\/kuzeyinsesi.org\/index.php\/wp-json\/wp\/v2\/users\/1"}],"replies":[{"embeddable":true,"href":"https:\/\/kuzeyinsesi.org\/index.php\/wp-json\/wp\/v2\/comments?post=36406"}],"version-history":[{"count":0,"href":"https:\/\/kuzeyinsesi.org\/index.php\/wp-json\/wp\/v2\/posts\/36406\/revisions"}],"wp:featuredmedia":[{"embeddable":true,"href":"https:\/\/kuzeyinsesi.org\/index.php\/wp-json\/wp\/v2\/media\/36407"}],"wp:attachment":[{"href":"https:\/\/kuzeyinsesi.org\/index.php\/wp-json\/wp\/v2\/media?parent=36406"}],"wp:term":[{"taxonomy":"category","embeddable":true,"href":"https:\/\/kuzeyinsesi.org\/index.php\/wp-json\/wp\/v2\/categories?post=36406"},{"taxonomy":"post_tag","embeddable":true,"href":"https:\/\/kuzeyinsesi.org\/index.php\/wp-json\/wp\/v2\/tags?post=36406"}],"curies":[{"name":"wp","href":"https:\/\/api.w.org\/{rel}","templated":true}]}}