{"id":36402,"date":"2026-03-11T13:49:50","date_gmt":"2026-03-11T11:49:50","guid":{"rendered":"https:\/\/kuzeyinsesi.org\/index.php\/2026\/03\/11\/incirlierken-secim-kacinilmaz\/"},"modified":"2026-03-11T13:49:50","modified_gmt":"2026-03-11T11:49:50","slug":"incirlierken-secim-kacinilmaz","status":"publish","type":"post","link":"https:\/\/kuzeyinsesi.org\/index.php\/2026\/03\/11\/incirlierken-secim-kacinilmaz\/","title":{"rendered":"\u0130ncirli:\u201dErken se\u00e7im ka\u00e7\u0131n\u0131lmaz\u201d"},"content":{"rendered":"<p>Cumhuriyet\u00e7i T\u00fcrk Partisi (CTP) Genel Ba\u015fkan\u0131 S\u0131la Usar \u0130ncirli, \u00fclkede dostluk ve karde\u015fli\u011fin her \u015feyin \u00fczerinde tutulmas\u0131 gerekti\u011fini belirterek, \u201c\u00dclkeyi, adalet, d\u00fcr\u00fcstl\u00fck, \u015feffafl\u0131k ve hesap verebilirlik ilkelerini temel alan \u00fcretime dayal\u0131 bir ekonomik modelle y\u00f6netece\u011fiz\u201d dedi.<\/p>\n<p>Erken se\u00e7imin ka\u00e7\u0131n\u0131lmaz oldu\u011funu da dile getiren \u0130ncirli, CTP\u2019nin \u00fclkeyi adil, planl\u0131 ve \u00fcretime dayal\u0131 bir ekonomik modelle y\u00f6netmeye haz\u0131r oldu\u011funu ifade etti.<\/p>\n<p>CTP Bas\u0131n B\u00fcrosu\u2019ndan verilen bilgiye g\u00f6re, \u0130ncirli ve beraberindeki heyet \u0130skele b\u00f6lgesinde vatanda\u015flarla bir araya geldi.<\/p>\n<p>Ziyarette, \u0130ncirli\u2019ye CTP Milletvekilleri Biray Hamzao\u011fullar\u0131 ile Fide K\u00fcr\u015fat, CTP \u0130skele \u00d6rg\u00fct Ba\u015fkan\u0131 H\u00fcseyin \u00d6zt\u00f6rel ve MYK \u00fcyeleri Koral A\u015fam ile Feriha Tel e\u015flik etti.<\/p>\n<p>\u201cDOSTLUK VE KARDE\u015eL\u0130K HER \u015eEY\u0130N \u00dcST\u00dcNDE, \u00dcLKEM\u0130Z\u0130N GELECE\u011e\u0130N\u0130 B\u0130RL\u0130KTE KURACA\u011eIZ\u201d<\/p>\n<p>B\u00f6lge halk\u0131yla sohbet eden ve vatanda\u015flar\u0131n sorunlar\u0131n\u0131 dinleyen \u0130ncirli, konu\u015fmas\u0131nda Cumhurba\u015fkanl\u0131\u011f\u0131 se\u00e7imi s\u00fcrecinde kurulan karde\u015flik ve dostluk cephesini an\u0131msatarak; \u201cBu \u00fclke hepimize yetecek kadar b\u00fcy\u00fck. Dostluk ve karde\u015flik her \u015feyin \u00fcst\u00fcndedir. Ortak paydada bulu\u015farak \u00fclkemizin gelece\u011fini birlikte kuraca\u011f\u0131z\u201d ifadelerini kulland\u0131.<\/p>\n<p>\u201cDEVLET\u0130N KAYNAKLARINI KORUYARAK, PLANLI VE SORUMLU B\u0130R Y\u00d6NET\u0130M ANLAYI\u015eIYLA HAREKET EDECE\u011e\u0130Z\u201d<\/p>\n<p>\u00dclkede ya\u015fanan ekonomik sorunlara da de\u011finen \u0130ncirli, halk\u0131n al\u0131m g\u00fcc\u00fcn\u00fcn d\u00fc\u015ft\u00fc\u011f\u00fcn\u00fc ve hayat pahal\u0131l\u0131\u011f\u0131n\u0131n artt\u0131\u011f\u0131n\u0131 belirterek mevcut h\u00fck\u00fcmetin ekonomik politikalar\u0131n\u0131 ele\u015ftirdi.<\/p>\n<p>Art arda yap\u0131lan bor\u00e7lanmalar\u0131n \u00fclkenin gelece\u011fini riske att\u0131\u011f\u0131n\u0131 ifade eden \u0130ncirli, CTP\u2019nin mali disiplini sa\u011flayacak irade ve deneyime sahip oldu\u011funu s\u00f6yledi.<\/p>\n<p>\u201cHar vurup harman savurma d\u00f6nemi sona erecek. Devletin kaynaklar\u0131n\u0131 koruyarak planl\u0131 ve sorumlu bir y\u00f6netim anlay\u0131\u015f\u0131yla hareket edece\u011fiz\u201d ifadelerini kullanan \u0130ncirli, CTP iktidar\u0131nda devletin gelir ve giderlerinin dengeli \u015fekilde y\u00f6netilece\u011fini belirterek, gereksiz harcamalar\u0131n \u00f6n\u00fcne ge\u00e7ilece\u011fini ve kamu kaynaklar\u0131n\u0131n toplum yarar\u0131na kullan\u0131laca\u011f\u0131n\u0131 kaydetti.<\/p>\n<p>\u201c\u00dcRET\u0130ME DAYALI EKONOM\u0130YLE \u00dcLKE AYA\u011eA KALKACAK\u201d<\/p>\n<p>Konu\u015fmas\u0131nda \u00fcretime dayal\u0131 ekonomik modelin \u00f6nemine vurgu yapan ve \u201c\u00dcretime dayal\u0131 ekonomiyle \u00fclke aya\u011fa kalkacak\u201d ifadelerini kullanan \u0130ncirli, yerli \u00fcretimin desteklenmesinin hem ihracat\u0131n artmas\u0131 hem de ekonomik ba\u011f\u0131ms\u0131zl\u0131\u011f\u0131n g\u00fc\u00e7lenmesi a\u00e7\u0131s\u0131ndan \u00f6nemli oldu\u011funu s\u00f6yledi.<\/p>\n<p>Ye\u015fil Hat T\u00fcz\u00fc\u011f\u00fc\u2019n\u00fcn kapsam\u0131n\u0131n geni\u015fletilmesi, \u00fcreticilerin girdi maliyetlerinin d\u00fc\u015f\u00fcr\u00fclmesi ve yerli \u00fcretimin Avrupa Birli\u011fi standartlar\u0131nda geli\u015ftirilmesi i\u00e7in destek ve te\u015fviklerin art\u0131r\u0131lmas\u0131 gerekti\u011fini ifade eden \u0130ncirli, turizm ile \u00fcretimin birbirini desteklemesi gerekti\u011fini ve otellerin yerli \u00fcreticilerden daha fazla \u00fcr\u00fcn temin etmesinin hedeflendi\u011fini kaydetti. \u0130ncirli, k\u00fc\u00e7\u00fck esnaf\u0131n korunmas\u0131n\u0131n da toplumun ekonomik yap\u0131s\u0131 a\u00e7\u0131s\u0131ndan b\u00fcy\u00fck \u00f6nem ta\u015f\u0131d\u0131\u011f\u0131n\u0131 belirtti.<\/p>\n<p>&#8220;YOLSUZLUKLA M\u00dcCADELE VE PLANLI Y\u00d6NET\u0130M&#8221;<\/p>\n<p>Kay\u0131t d\u0131\u015f\u0131 ekonomi ve su\u00e7 gelirlerinin siyasetle ili\u015fkilendirilmesinin toplumda g\u00fcvensizlik yaratt\u0131\u011f\u0131n\u0131 dile getiren \u0130ncirli, bu durumun devlet kaynaklar\u0131n\u0131n do\u011fru kullan\u0131lmas\u0131n\u0131 engelledi\u011fini belirterek, CTP\u2019nin bu sorunlar\u0131 ortadan kald\u0131rmak i\u00e7in kararl\u0131 ad\u0131mlar ataca\u011f\u0131n\u0131 ve s\u00fcre\u00e7lerin daha h\u0131zl\u0131 ilerlemesi i\u00e7in itici g\u00fc\u00e7 olacaklar\u0131n\u0131 s\u00f6yledi.<\/p>\n<p>\u201cPLANLI Y\u00d6NET\u0130M \u0130\u00c7\u0130N \u0130LK ADIM N\u00dcFUS SAYIMI\u201d<\/p>\n<p>Planl\u0131 y\u00f6netim anlay\u0131\u015f\u0131 i\u00e7in ilk ad\u0131mlardan birinin n\u00fcfus say\u0131m\u0131 olaca\u011f\u0131n\u0131 belirten \u0130ncirli, veriye ve bilime dayal\u0131 politikalarla hareket edeceklerini, vergi adaletinin sa\u011flanmas\u0131n\u0131n da \u00f6ncelikleri aras\u0131nda yer ald\u0131\u011f\u0131n\u0131 s\u00f6yledi.<\/p>\n<p><img decoding=\"async\" class=\"alignnone size-medium wp-image-252742\" src=\"https:\/\/kibrishakikat.com\/wp-content\/uploads\/2026\/03\/IMG_8057-300x200.jpeg\" alt=\"\" width=\"300\" height=\"200\" srcset=\"https:\/\/kibrishakikat.com\/wp-content\/uploads\/2026\/03\/IMG_8057-300x200.jpeg 300w, https:\/\/kibrishakikat.com\/wp-content\/uploads\/2026\/03\/IMG_8057-1024x682.jpeg 1024w, https:\/\/kibrishakikat.com\/wp-content\/uploads\/2026\/03\/IMG_8057-768x512.jpeg 768w, https:\/\/kibrishakikat.com\/wp-content\/uploads\/2026\/03\/IMG_8057-1536x1023.jpeg 1536w, https:\/\/kibrishakikat.com\/wp-content\/uploads\/2026\/03\/IMG_8057-750x500.jpeg 750w, https:\/\/kibrishakikat.com\/wp-content\/uploads\/2026\/03\/IMG_8057-1140x759.jpeg 1140w, https:\/\/kibrishakikat.com\/wp-content\/uploads\/2026\/03\/IMG_8057.jpeg 2048w\" \/><img decoding=\"async\" class=\"alignnone size-medium wp-image-252743\" src=\"https:\/\/kibrishakikat.com\/wp-content\/uploads\/2026\/03\/IMG_8056-300x200.jpeg\" alt=\"\" width=\"300\" height=\"200\" srcset=\"https:\/\/kibrishakikat.com\/wp-content\/uploads\/2026\/03\/IMG_8056-300x200.jpeg 300w, https:\/\/kibrishakikat.com\/wp-content\/uploads\/2026\/03\/IMG_8056-1024x682.jpeg 1024w, https:\/\/kibrishakikat.com\/wp-content\/uploads\/2026\/03\/IMG_8056-768x512.jpeg 768w, https:\/\/kibrishakikat.com\/wp-content\/uploads\/2026\/03\/IMG_8056-1536x1023.jpeg 1536w, https:\/\/kibrishakikat.com\/wp-content\/uploads\/2026\/03\/IMG_8056-750x500.jpeg 750w, https:\/\/kibrishakikat.com\/wp-content\/uploads\/2026\/03\/IMG_8056-1140x759.jpeg 1140w, https:\/\/kibrishakikat.com\/wp-content\/uploads\/2026\/03\/IMG_8056.jpeg 2048w\" \/><\/p>\n<p>\u0130ncirli:\u201dErken se\u00e7im ka\u00e7\u0131n\u0131lmaz\u201d yaz\u0131s\u0131 ilk \u00f6nce K\u0131br\u0131s Hakikat \u00fczerinde ortaya \u00e7\u0131kt\u0131.<\/p>\n","protected":false},"excerpt":{"rendered":"<p>Cumhuriyet\u00e7i T\u00fcrk Partisi (CTP) Genel Ba\u015fkan\u0131 S\u0131la Usar \u0130ncirli, \u00fclkede dostluk ve karde\u015fli\u011fin her \u015feyin \u00fczerinde tutulmas\u0131 gerekti\u011fini belirterek, \u201c\u00dclkeyi, adalet, d\u00fcr\u00fcstl\u00fck, \u015feffafl\u0131k ve hesap verebilirlik ilkelerini temel alan \u00fcretime dayal\u0131 bir ekonomik modelle y\u00f6netece\u011fiz\u201d dedi. Erken se\u00e7imin ka\u00e7\u0131n\u0131lmaz oldu\u011funu da dile getiren \u0130ncirli, CTP\u2019nin \u00fclkeyi adil, planl\u0131 ve \u00fcretime dayal\u0131 bir ekonomik modelle y\u00f6netmeye [&hellip;]<\/p>\n","protected":false},"author":1,"featured_media":36403,"comment_status":"open","ping_status":"open","sticky":false,"template":"","format":"standard","meta":{"jnews-multi-image_gallery":[],"jnews_single_post":[],"jnews_primary_category":[],"jnews_social_meta":[],"jnews_override_counter":[],"footnotes":""},"categories":[1],"tags":[],"class_list":["post-36402","post","type-post","status-publish","format-standard","has-post-thumbnail","hentry","category-kibris"],"yoast_head":"<!-- This site is optimized with the Yoast SEO plugin v27.4 - https:\/\/yoast.com\/product\/yoast-seo-wordpress\/ -->\n<title>\u0130ncirli:\u201dErken se\u00e7im ka\u00e7\u0131n\u0131lmaz\u201d - Kuzeyin Sesi<\/title>\n<meta name=\"robots\" content=\"index, follow, max-snippet:-1, max-image-preview:large, max-video-preview:-1\" \/>\n<link rel=\"canonical\" href=\"https:\/\/kuzeyinsesi.org\/index.php\/2026\/03\/11\/incirlierken-secim-kacinilmaz\/\" \/>\n<meta property=\"og:locale\" content=\"tr_TR\" \/>\n<meta property=\"og:type\" content=\"article\" \/>\n<meta property=\"og:title\" content=\"\u0130ncirli:\u201dErken se\u00e7im ka\u00e7\u0131n\u0131lmaz\u201d - Kuzeyin Sesi\" \/>\n<meta property=\"og:description\" content=\"Cumhuriyet\u00e7i T\u00fcrk Partisi (CTP) Genel Ba\u015fkan\u0131 S\u0131la Usar \u0130ncirli, \u00fclkede dostluk ve karde\u015fli\u011fin her \u015feyin \u00fczerinde tutulmas\u0131 gerekti\u011fini belirterek, \u201c\u00dclkeyi, adalet, d\u00fcr\u00fcstl\u00fck, \u015feffafl\u0131k ve hesap verebilirlik ilkelerini temel alan \u00fcretime dayal\u0131 bir ekonomik modelle y\u00f6netece\u011fiz\u201d dedi. Erken se\u00e7imin ka\u00e7\u0131n\u0131lmaz oldu\u011funu da dile getiren \u0130ncirli, CTP\u2019nin \u00fclkeyi adil, planl\u0131 ve \u00fcretime dayal\u0131 bir ekonomik modelle y\u00f6netmeye [&hellip;]\" \/>\n<meta property=\"og:url\" content=\"https:\/\/kuzeyinsesi.org\/index.php\/2026\/03\/11\/incirlierken-secim-kacinilmaz\/\" \/>\n<meta property=\"og:site_name\" content=\"Kuzeyin Sesi\" \/>\n<meta property=\"article:publisher\" content=\"https:\/\/www.facebook.com\/kuzeyinsesii\" \/>\n<meta property=\"article:published_time\" content=\"2026-03-11T11:49:50+00:00\" \/>\n<meta name=\"author\" content=\"Kuzeyin Sesi\" \/>\n<meta name=\"twitter:card\" content=\"summary_large_image\" \/>\n<meta name=\"twitter:creator\" content=\"@kuzeyinsesii\" \/>\n<meta name=\"twitter:site\" content=\"@kuzeyinsesii\" \/>\n<meta name=\"twitter:label1\" content=\"Yazan:\" \/>\n\t<meta name=\"twitter:data1\" content=\"Kuzeyin Sesi\" \/>\n\t<meta name=\"twitter:label2\" content=\"Tahmini okuma s\u00fcresi\" \/>\n\t<meta name=\"twitter:data2\" content=\"3 dakika\" \/>\n<script type=\"application\/ld+json\" class=\"yoast-schema-graph\">{\"@context\":\"https:\\\/\\\/schema.org\",\"@graph\":[{\"@type\":\"Article\",\"@id\":\"https:\\\/\\\/kuzeyinsesi.org\\\/index.php\\\/2026\\\/03\\\/11\\\/incirlierken-secim-kacinilmaz\\\/#article\",\"isPartOf\":{\"@id\":\"https:\\\/\\\/kuzeyinsesi.org\\\/index.php\\\/2026\\\/03\\\/11\\\/incirlierken-secim-kacinilmaz\\\/\"},\"author\":{\"name\":\"Kuzeyin Sesi\",\"@id\":\"https:\\\/\\\/kuzeyinsesi.org\\\/#\\\/schema\\\/person\\\/9f859689cdf01485597712386e37f5aa\"},\"headline\":\"\u0130ncirli:\u201dErken se\u00e7im ka\u00e7\u0131n\u0131lmaz\u201d\",\"datePublished\":\"2026-03-11T11:49:50+00:00\",\"mainEntityOfPage\":{\"@id\":\"https:\\\/\\\/kuzeyinsesi.org\\\/index.php\\\/2026\\\/03\\\/11\\\/incirlierken-secim-kacinilmaz\\\/\"},\"wordCount\":645,\"commentCount\":0,\"image\":{\"@id\":\"https:\\\/\\\/kuzeyinsesi.org\\\/index.php\\\/2026\\\/03\\\/11\\\/incirlierken-secim-kacinilmaz\\\/#primaryimage\"},\"thumbnailUrl\":\"https:\\\/\\\/kuzeyinsesi.org\\\/wp-content\\\/uploads\\\/2026\\\/03\\\/IMG_8058-300x200.jpeg\",\"articleSection\":[\"K\u0131br\u0131s\"],\"inLanguage\":\"tr\",\"potentialAction\":[{\"@type\":\"CommentAction\",\"name\":\"Comment\",\"target\":[\"https:\\\/\\\/kuzeyinsesi.org\\\/index.php\\\/2026\\\/03\\\/11\\\/incirlierken-secim-kacinilmaz\\\/#respond\"]}]},{\"@type\":\"WebPage\",\"@id\":\"https:\\\/\\\/kuzeyinsesi.org\\\/index.php\\\/2026\\\/03\\\/11\\\/incirlierken-secim-kacinilmaz\\\/\",\"url\":\"https:\\\/\\\/kuzeyinsesi.org\\\/index.php\\\/2026\\\/03\\\/11\\\/incirlierken-secim-kacinilmaz\\\/\",\"name\":\"\u0130ncirli:\u201dErken se\u00e7im ka\u00e7\u0131n\u0131lmaz\u201d - Kuzeyin Sesi\",\"isPartOf\":{\"@id\":\"https:\\\/\\\/kuzeyinsesi.org\\\/#website\"},\"primaryImageOfPage\":{\"@id\":\"https:\\\/\\\/kuzeyinsesi.org\\\/index.php\\\/2026\\\/03\\\/11\\\/incirlierken-secim-kacinilmaz\\\/#primaryimage\"},\"image\":{\"@id\":\"https:\\\/\\\/kuzeyinsesi.org\\\/index.php\\\/2026\\\/03\\\/11\\\/incirlierken-secim-kacinilmaz\\\/#primaryimage\"},\"thumbnailUrl\":\"https:\\\/\\\/kuzeyinsesi.org\\\/wp-content\\\/uploads\\\/2026\\\/03\\\/IMG_8058-300x200.jpeg\",\"datePublished\":\"2026-03-11T11:49:50+00:00\",\"author\":{\"@id\":\"https:\\\/\\\/kuzeyinsesi.org\\\/#\\\/schema\\\/person\\\/9f859689cdf01485597712386e37f5aa\"},\"breadcrumb\":{\"@id\":\"https:\\\/\\\/kuzeyinsesi.org\\\/index.php\\\/2026\\\/03\\\/11\\\/incirlierken-secim-kacinilmaz\\\/#breadcrumb\"},\"inLanguage\":\"tr\",\"potentialAction\":[{\"@type\":\"ReadAction\",\"target\":[\"https:\\\/\\\/kuzeyinsesi.org\\\/index.php\\\/2026\\\/03\\\/11\\\/incirlierken-secim-kacinilmaz\\\/\"]}]},{\"@type\":\"ImageObject\",\"inLanguage\":\"tr\",\"@id\":\"https:\\\/\\\/kuzeyinsesi.org\\\/index.php\\\/2026\\\/03\\\/11\\\/incirlierken-secim-kacinilmaz\\\/#primaryimage\",\"url\":\"https:\\\/\\\/kuzeyinsesi.org\\\/wp-content\\\/uploads\\\/2026\\\/03\\\/IMG_8058-300x200.jpeg\",\"contentUrl\":\"https:\\\/\\\/kuzeyinsesi.org\\\/wp-content\\\/uploads\\\/2026\\\/03\\\/IMG_8058-300x200.jpeg\",\"width\":300,\"height\":200},{\"@type\":\"BreadcrumbList\",\"@id\":\"https:\\\/\\\/kuzeyinsesi.org\\\/index.php\\\/2026\\\/03\\\/11\\\/incirlierken-secim-kacinilmaz\\\/#breadcrumb\",\"itemListElement\":[{\"@type\":\"ListItem\",\"position\":1,\"name\":\"Anasayfa\",\"item\":\"https:\\\/\\\/kuzeyinsesi.org\\\/\"},{\"@type\":\"ListItem\",\"position\":2,\"name\":\"\u0130ncirli:\u201dErken se\u00e7im ka\u00e7\u0131n\u0131lmaz\u201d\"}]},{\"@type\":\"WebSite\",\"@id\":\"https:\\\/\\\/kuzeyinsesi.org\\\/#website\",\"url\":\"https:\\\/\\\/kuzeyinsesi.org\\\/\",\"name\":\"Kuzeyin Sesi\",\"description\":\"Do\u011fru Haberin Adresi\",\"potentialAction\":[{\"@type\":\"SearchAction\",\"target\":{\"@type\":\"EntryPoint\",\"urlTemplate\":\"https:\\\/\\\/kuzeyinsesi.org\\\/?s={search_term_string}\"},\"query-input\":{\"@type\":\"PropertyValueSpecification\",\"valueRequired\":true,\"valueName\":\"search_term_string\"}}],\"inLanguage\":\"tr\"},{\"@type\":\"Person\",\"@id\":\"https:\\\/\\\/kuzeyinsesi.org\\\/#\\\/schema\\\/person\\\/9f859689cdf01485597712386e37f5aa\",\"name\":\"Kuzeyin Sesi\",\"image\":{\"@type\":\"ImageObject\",\"inLanguage\":\"tr\",\"@id\":\"https:\\\/\\\/secure.gravatar.com\\\/avatar\\\/bab33852abfd8b282518d6ed81826833d77c3c882d9ab608add591ccace47a44?s=96&d=mm&r=g\",\"url\":\"https:\\\/\\\/secure.gravatar.com\\\/avatar\\\/bab33852abfd8b282518d6ed81826833d77c3c882d9ab608add591ccace47a44?s=96&d=mm&r=g\",\"contentUrl\":\"https:\\\/\\\/secure.gravatar.com\\\/avatar\\\/bab33852abfd8b282518d6ed81826833d77c3c882d9ab608add591ccace47a44?s=96&d=mm&r=g\",\"caption\":\"Kuzeyin Sesi\"},\"sameAs\":[\"https:\\\/\\\/kuzeyinsesi.org\"],\"url\":\"https:\\\/\\\/kuzeyinsesi.org\\\/index.php\\\/author\\\/guven\\\/\"}]}<\/script>\n<!-- \/ Yoast SEO plugin. -->","yoast_head_json":{"title":"\u0130ncirli:\u201dErken se\u00e7im ka\u00e7\u0131n\u0131lmaz\u201d - Kuzeyin Sesi","robots":{"index":"index","follow":"follow","max-snippet":"max-snippet:-1","max-image-preview":"max-image-preview:large","max-video-preview":"max-video-preview:-1"},"canonical":"https:\/\/kuzeyinsesi.org\/index.php\/2026\/03\/11\/incirlierken-secim-kacinilmaz\/","og_locale":"tr_TR","og_type":"article","og_title":"\u0130ncirli:\u201dErken se\u00e7im ka\u00e7\u0131n\u0131lmaz\u201d - Kuzeyin Sesi","og_description":"Cumhuriyet\u00e7i T\u00fcrk Partisi (CTP) Genel Ba\u015fkan\u0131 S\u0131la Usar \u0130ncirli, \u00fclkede dostluk ve karde\u015fli\u011fin her \u015feyin \u00fczerinde tutulmas\u0131 gerekti\u011fini belirterek, \u201c\u00dclkeyi, adalet, d\u00fcr\u00fcstl\u00fck, \u015feffafl\u0131k ve hesap verebilirlik ilkelerini temel alan \u00fcretime dayal\u0131 bir ekonomik modelle y\u00f6netece\u011fiz\u201d dedi. Erken se\u00e7imin ka\u00e7\u0131n\u0131lmaz oldu\u011funu da dile getiren \u0130ncirli, CTP\u2019nin \u00fclkeyi adil, planl\u0131 ve \u00fcretime dayal\u0131 bir ekonomik modelle y\u00f6netmeye [&hellip;]","og_url":"https:\/\/kuzeyinsesi.org\/index.php\/2026\/03\/11\/incirlierken-secim-kacinilmaz\/","og_site_name":"Kuzeyin Sesi","article_publisher":"https:\/\/www.facebook.com\/kuzeyinsesii","article_published_time":"2026-03-11T11:49:50+00:00","author":"Kuzeyin Sesi","twitter_card":"summary_large_image","twitter_creator":"@kuzeyinsesii","twitter_site":"@kuzeyinsesii","twitter_misc":{"Yazan:":"Kuzeyin Sesi","Tahmini okuma s\u00fcresi":"3 dakika"},"schema":{"@context":"https:\/\/schema.org","@graph":[{"@type":"Article","@id":"https:\/\/kuzeyinsesi.org\/index.php\/2026\/03\/11\/incirlierken-secim-kacinilmaz\/#article","isPartOf":{"@id":"https:\/\/kuzeyinsesi.org\/index.php\/2026\/03\/11\/incirlierken-secim-kacinilmaz\/"},"author":{"name":"Kuzeyin Sesi","@id":"https:\/\/kuzeyinsesi.org\/#\/schema\/person\/9f859689cdf01485597712386e37f5aa"},"headline":"\u0130ncirli:\u201dErken se\u00e7im ka\u00e7\u0131n\u0131lmaz\u201d","datePublished":"2026-03-11T11:49:50+00:00","mainEntityOfPage":{"@id":"https:\/\/kuzeyinsesi.org\/index.php\/2026\/03\/11\/incirlierken-secim-kacinilmaz\/"},"wordCount":645,"commentCount":0,"image":{"@id":"https:\/\/kuzeyinsesi.org\/index.php\/2026\/03\/11\/incirlierken-secim-kacinilmaz\/#primaryimage"},"thumbnailUrl":"https:\/\/kuzeyinsesi.org\/wp-content\/uploads\/2026\/03\/IMG_8058-300x200.jpeg","articleSection":["K\u0131br\u0131s"],"inLanguage":"tr","potentialAction":[{"@type":"CommentAction","name":"Comment","target":["https:\/\/kuzeyinsesi.org\/index.php\/2026\/03\/11\/incirlierken-secim-kacinilmaz\/#respond"]}]},{"@type":"WebPage","@id":"https:\/\/kuzeyinsesi.org\/index.php\/2026\/03\/11\/incirlierken-secim-kacinilmaz\/","url":"https:\/\/kuzeyinsesi.org\/index.php\/2026\/03\/11\/incirlierken-secim-kacinilmaz\/","name":"\u0130ncirli:\u201dErken se\u00e7im ka\u00e7\u0131n\u0131lmaz\u201d - Kuzeyin Sesi","isPartOf":{"@id":"https:\/\/kuzeyinsesi.org\/#website"},"primaryImageOfPage":{"@id":"https:\/\/kuzeyinsesi.org\/index.php\/2026\/03\/11\/incirlierken-secim-kacinilmaz\/#primaryimage"},"image":{"@id":"https:\/\/kuzeyinsesi.org\/index.php\/2026\/03\/11\/incirlierken-secim-kacinilmaz\/#primaryimage"},"thumbnailUrl":"https:\/\/kuzeyinsesi.org\/wp-content\/uploads\/2026\/03\/IMG_8058-300x200.jpeg","datePublished":"2026-03-11T11:49:50+00:00","author":{"@id":"https:\/\/kuzeyinsesi.org\/#\/schema\/person\/9f859689cdf01485597712386e37f5aa"},"breadcrumb":{"@id":"https:\/\/kuzeyinsesi.org\/index.php\/2026\/03\/11\/incirlierken-secim-kacinilmaz\/#breadcrumb"},"inLanguage":"tr","potentialAction":[{"@type":"ReadAction","target":["https:\/\/kuzeyinsesi.org\/index.php\/2026\/03\/11\/incirlierken-secim-kacinilmaz\/"]}]},{"@type":"ImageObject","inLanguage":"tr","@id":"https:\/\/kuzeyinsesi.org\/index.php\/2026\/03\/11\/incirlierken-secim-kacinilmaz\/#primaryimage","url":"https:\/\/kuzeyinsesi.org\/wp-content\/uploads\/2026\/03\/IMG_8058-300x200.jpeg","contentUrl":"https:\/\/kuzeyinsesi.org\/wp-content\/uploads\/2026\/03\/IMG_8058-300x200.jpeg","width":300,"height":200},{"@type":"BreadcrumbList","@id":"https:\/\/kuzeyinsesi.org\/index.php\/2026\/03\/11\/incirlierken-secim-kacinilmaz\/#breadcrumb","itemListElement":[{"@type":"ListItem","position":1,"name":"Anasayfa","item":"https:\/\/kuzeyinsesi.org\/"},{"@type":"ListItem","position":2,"name":"\u0130ncirli:\u201dErken se\u00e7im ka\u00e7\u0131n\u0131lmaz\u201d"}]},{"@type":"WebSite","@id":"https:\/\/kuzeyinsesi.org\/#website","url":"https:\/\/kuzeyinsesi.org\/","name":"Kuzeyin Sesi","description":"Do\u011fru Haberin Adresi","potentialAction":[{"@type":"SearchAction","target":{"@type":"EntryPoint","urlTemplate":"https:\/\/kuzeyinsesi.org\/?s={search_term_string}"},"query-input":{"@type":"PropertyValueSpecification","valueRequired":true,"valueName":"search_term_string"}}],"inLanguage":"tr"},{"@type":"Person","@id":"https:\/\/kuzeyinsesi.org\/#\/schema\/person\/9f859689cdf01485597712386e37f5aa","name":"Kuzeyin Sesi","image":{"@type":"ImageObject","inLanguage":"tr","@id":"https:\/\/secure.gravatar.com\/avatar\/bab33852abfd8b282518d6ed81826833d77c3c882d9ab608add591ccace47a44?s=96&d=mm&r=g","url":"https:\/\/secure.gravatar.com\/avatar\/bab33852abfd8b282518d6ed81826833d77c3c882d9ab608add591ccace47a44?s=96&d=mm&r=g","contentUrl":"https:\/\/secure.gravatar.com\/avatar\/bab33852abfd8b282518d6ed81826833d77c3c882d9ab608add591ccace47a44?s=96&d=mm&r=g","caption":"Kuzeyin Sesi"},"sameAs":["https:\/\/kuzeyinsesi.org"],"url":"https:\/\/kuzeyinsesi.org\/index.php\/author\/guven\/"}]}},"_links":{"self":[{"href":"https:\/\/kuzeyinsesi.org\/index.php\/wp-json\/wp\/v2\/posts\/36402","targetHints":{"allow":["GET"]}}],"collection":[{"href":"https:\/\/kuzeyinsesi.org\/index.php\/wp-json\/wp\/v2\/posts"}],"about":[{"href":"https:\/\/kuzeyinsesi.org\/index.php\/wp-json\/wp\/v2\/types\/post"}],"author":[{"embeddable":true,"href":"https:\/\/kuzeyinsesi.org\/index.php\/wp-json\/wp\/v2\/users\/1"}],"replies":[{"embeddable":true,"href":"https:\/\/kuzeyinsesi.org\/index.php\/wp-json\/wp\/v2\/comments?post=36402"}],"version-history":[{"count":0,"href":"https:\/\/kuzeyinsesi.org\/index.php\/wp-json\/wp\/v2\/posts\/36402\/revisions"}],"wp:featuredmedia":[{"embeddable":true,"href":"https:\/\/kuzeyinsesi.org\/index.php\/wp-json\/wp\/v2\/media\/36403"}],"wp:attachment":[{"href":"https:\/\/kuzeyinsesi.org\/index.php\/wp-json\/wp\/v2\/media?parent=36402"}],"wp:term":[{"taxonomy":"category","embeddable":true,"href":"https:\/\/kuzeyinsesi.org\/index.php\/wp-json\/wp\/v2\/categories?post=36402"},{"taxonomy":"post_tag","embeddable":true,"href":"https:\/\/kuzeyinsesi.org\/index.php\/wp-json\/wp\/v2\/tags?post=36402"}],"curies":[{"name":"wp","href":"https:\/\/api.w.org\/{rel}","templated":true}]}}