{"id":3639,"date":"2024-05-29T12:12:13","date_gmt":"2024-05-29T09:12:13","guid":{"rendered":"https:\/\/kuzeyinsesi.com\/index.php\/2024\/05\/29\/ruzen-atakanin-just-a-glimpse-sergisi-acildi\/"},"modified":"2024-05-29T12:12:13","modified_gmt":"2024-05-29T09:12:13","slug":"ruzen-atakanin-just-a-glimpse-sergisi-acildi","status":"publish","type":"post","link":"https:\/\/kuzeyinsesi.org\/index.php\/2024\/05\/29\/ruzen-atakanin-just-a-glimpse-sergisi-acildi\/","title":{"rendered":"Ruzen Atakan\u2019\u0131n \u2018Just A Glimpse\u2019 sergisi a\u00e7\u0131ld\u0131"},"content":{"rendered":"<div>\n<div class=\"mariselle-image-container center\">\n                                            <\/div>\n<p>Sanat\u00e7\u0131 Ruzan Atakan\u2019n\u0131n 7\u2019inci ki\u015fisel resim sergisinin a\u00e7\u0131l\u0131\u015f\u0131\u00a0 Lefko\u015fa\u2019da Ruzen Art Gallery\u2019de yap\u0131ld\u0131.<\/p>\n<p>Serginin a\u00e7\u0131l\u0131\u015f konu\u015fmas\u0131n\u0131 yapan mimar Tun\u00e7 Adan\u0131r, sanat\u00e7\u0131 Atakan\u2019n\u0131n eserleriyle b\u00fct\u00fcnle\u015fip \u00fcretebilmesinin \u00f6nemine de\u011finerek, Ruzen Art Gallery binas\u0131n\u0131 ger\u00e7ekle\u015ftirmek i\u00e7in uzun y\u0131llar birlikte \u00e7al\u0131\u015ft\u0131klar\u0131n\u0131 ifade etti.<\/p>\n<p>Adan\u0131r,\u201cBir sanat\u00e7\u0131n\u0131n b\u00f6yle bir yerde \u00fcretebilmesi, ya\u015fayabilmesi, binayla birlikte b\u00fct\u00fcnle\u015fmesi ve sergileyebilmesi \u00e7ok \u00f6nemli\u201d diye konu\u015ftu.<\/p>\n<div class=\"mariselle-image-container center\">\n                <img decoding=\"async\" width=\"2048\" height=\"2048\" class=\"lazy-image\" alt=\"\" sizes=\"(max-width: 2048px) 100vw, 2048px\" src=\"https:\/\/brtk.net\/wp-content\/uploads\/2024\/05\/29\/3.jpg?ver=0a9e6429748ef2144968b49f4f25991e\" srcset=\"https:\/\/brtk.net\/wp-content\/uploads\/2024\/05\/29\/3.jpg?ver=0a9e6429748ef2144968b49f4f25991e 2048w, https:\/\/brtk.net\/wp-content\/uploads\/2024\/05\/29\/3-300x300.jpg?ver=81953d0c9a3bc86b88a345cf6ec9a2e9 300w, https:\/\/brtk.net\/wp-content\/uploads\/2024\/05\/29\/3-1024x1024.jpg?ver=81953d0c9a3bc86b88a345cf6ec9a2e9 1024w, https:\/\/brtk.net\/wp-content\/uploads\/2024\/05\/29\/3-150x150.jpg?ver=81953d0c9a3bc86b88a345cf6ec9a2e9 150w, https:\/\/brtk.net\/wp-content\/uploads\/2024\/05\/29\/3-768x768.jpg?ver=5d8f0756abef682176f79014fbc2ed3c 768w, https:\/\/brtk.net\/wp-content\/uploads\/2024\/05\/29\/3-1536x1536.jpg?ver=b69523f07a9a1e84299f06439f721bc7 1536w, https:\/\/brtk.net\/wp-content\/uploads\/2024\/05\/29\/3-800x800.jpg?ver=d940f8355510de2729d13fb7130247fb 800w\"\/>                            <\/div>\n<p>Sergide, BRT\u2019ye konu\u015fan Ruzen Atakan da, y\u0131llard\u0131r Lefko\u015fa\u2019da \u00e7al\u0131\u015fan bir sanat\u00e7\u0131 olarak at\u00f6lyesinde yapt\u0131\u011f\u0131 \u00e7al\u0131\u015fmalar\u0131n her birinin macera oldu\u011funu ve serginin kendisi i\u00e7in bir d\u00f6n\u00fcm noktas\u0131 haline geldi\u011fini belirtti.<\/p>\n<div class=\"mariselle-image-container center\">\n                <img decoding=\"async\" width=\"2048\" height=\"2048\" class=\"lazy-image\" alt=\"\" sizes=\"(max-width: 2048px) 100vw, 2048px\" src=\"https:\/\/brtk.net\/wp-content\/uploads\/2024\/05\/29\/1.jpg?ver=cf85ffcebdb1f47d80e0a47471ed5a01\" srcset=\"https:\/\/brtk.net\/wp-content\/uploads\/2024\/05\/29\/1.jpg?ver=cf85ffcebdb1f47d80e0a47471ed5a01 2048w, https:\/\/brtk.net\/wp-content\/uploads\/2024\/05\/29\/1-300x300.jpg?ver=83c1e6aedbfebb12738a7702f8c6f68c 300w, https:\/\/brtk.net\/wp-content\/uploads\/2024\/05\/29\/1-1024x1024.jpg?ver=83c1e6aedbfebb12738a7702f8c6f68c 1024w, https:\/\/brtk.net\/wp-content\/uploads\/2024\/05\/29\/1-150x150.jpg?ver=83c1e6aedbfebb12738a7702f8c6f68c 150w, https:\/\/brtk.net\/wp-content\/uploads\/2024\/05\/29\/1-768x768.jpg?ver=e9ad5437b7639b79163f549e7e0c11f2 768w, https:\/\/brtk.net\/wp-content\/uploads\/2024\/05\/29\/1-1536x1536.jpg?ver=d730e2d011f917f4be9c8fbf3e3e4748 1536w, https:\/\/brtk.net\/wp-content\/uploads\/2024\/05\/29\/1-800x800.jpg?ver=a7a913fc97a04defa31ba6a4ad5e92b6 800w\"\/>                            <\/div>\n<p>\u00a0<\/p>\n<p>Atakan, \u201cVarolan bu sergi, kendi i\u00e7lerinde etkilenen ve birbirini destekleyen bir konspettir ve at\u00f6lyemde sergiler devam edecektir. K\u00fc\u00e7\u00fck bir galeri oldu ama samimi oldu. Umar\u0131m herkes, Ruzen Atakan ile bulu\u015fmak isteyip, sergimi ziyaret eder\u201d dedi.<\/p>\n<p>Sergi, 12 Haziran tarihine kadar belirli saatlerde ziyarete a\u00e7\u0131k olacak.<\/p>\n<div class=\"mariselle-image-container center\">\n                <img decoding=\"async\" width=\"2048\" height=\"2048\" class=\"lazy-image\" alt=\"\" sizes=\"(max-width: 2048px) 100vw, 2048px\" src=\"https:\/\/brtk.net\/wp-content\/uploads\/2024\/05\/29\/4.jpg?ver=81a342a3ae79e29f09c4ae4440a1706b\" srcset=\"https:\/\/brtk.net\/wp-content\/uploads\/2024\/05\/29\/4.jpg?ver=81a342a3ae79e29f09c4ae4440a1706b 2048w, https:\/\/brtk.net\/wp-content\/uploads\/2024\/05\/29\/4-300x300.jpg?ver=d40842c6e9b788982417f6d50853b913 300w, https:\/\/brtk.net\/wp-content\/uploads\/2024\/05\/29\/4-1024x1024.jpg?ver=1044ea1f31b8043a8e21843201f71a35 1024w, https:\/\/brtk.net\/wp-content\/uploads\/2024\/05\/29\/4-150x150.jpg?ver=1044ea1f31b8043a8e21843201f71a35 150w, https:\/\/brtk.net\/wp-content\/uploads\/2024\/05\/29\/4-768x768.jpg?ver=1044ea1f31b8043a8e21843201f71a35 768w, https:\/\/brtk.net\/wp-content\/uploads\/2024\/05\/29\/4-1536x1536.jpg?ver=481c336a9351fad22defd1c57ddac88d 1536w, https:\/\/brtk.net\/wp-content\/uploads\/2024\/05\/29\/4-800x800.jpg?ver=9c805583b2135b24584d2ba7132a5a9e 800w\"\/>                            <\/div><\/div>\n<p><script async\n                    defer\n                    crossorigin=\"anonymous\"\n                    src=\"https:\/\/connect.facebook.net\/tr_TR\/sdk.js#xfbml=1&#038;version=v3.3\"\n            ><\/script><\/p>\n","protected":false},"excerpt":{"rendered":"<p>Sanat\u00e7\u0131 Ruzan Atakan\u2019n\u0131n 7\u2019inci ki\u015fisel resim sergisinin a\u00e7\u0131l\u0131\u015f\u0131\u00a0 Lefko\u015fa\u2019da Ruzen Art Gallery\u2019de yap\u0131ld\u0131. Serginin a\u00e7\u0131l\u0131\u015f konu\u015fmas\u0131n\u0131 yapan mimar Tun\u00e7 Adan\u0131r, sanat\u00e7\u0131 Atakan\u2019n\u0131n eserleriyle b\u00fct\u00fcnle\u015fip \u00fcretebilmesinin \u00f6nemine de\u011finerek, Ruzen Art Gallery binas\u0131n\u0131 ger\u00e7ekle\u015ftirmek i\u00e7in uzun y\u0131llar birlikte \u00e7al\u0131\u015ft\u0131klar\u0131n\u0131 ifade etti. Adan\u0131r,\u201cBir sanat\u00e7\u0131n\u0131n b\u00f6yle bir yerde \u00fcretebilmesi, ya\u015fayabilmesi, binayla birlikte b\u00fct\u00fcnle\u015fmesi ve sergileyebilmesi \u00e7ok \u00f6nemli\u201d diye konu\u015ftu. [&hellip;]<\/p>\n","protected":false},"author":1,"featured_media":3640,"comment_status":"open","ping_status":"open","sticky":false,"template":"","format":"standard","meta":{"jnews-multi-image_gallery":[],"jnews_single_post":[],"jnews_primary_category":[],"jnews_social_meta":[],"jnews_override_counter":[],"footnotes":""},"categories":[6],"tags":[],"class_list":["post-3639","post","type-post","status-publish","format-standard","has-post-thumbnail","hentry","category-yasam"],"yoast_head":"<!-- This site is optimized with the Yoast SEO plugin v27.5 - https:\/\/yoast.com\/product\/yoast-seo-wordpress\/ -->\n<title>Ruzen Atakan\u2019\u0131n \u2018Just A Glimpse\u2019 sergisi a\u00e7\u0131ld\u0131 - Kuzeyin Sesi<\/title>\n<meta name=\"robots\" content=\"index, follow, max-snippet:-1, max-image-preview:large, max-video-preview:-1\" \/>\n<link rel=\"canonical\" href=\"https:\/\/kuzeyinsesi.org\/index.php\/2024\/05\/29\/ruzen-atakanin-just-a-glimpse-sergisi-acildi\/\" \/>\n<meta property=\"og:locale\" content=\"tr_TR\" \/>\n<meta property=\"og:type\" content=\"article\" \/>\n<meta property=\"og:title\" content=\"Ruzen Atakan\u2019\u0131n \u2018Just A Glimpse\u2019 sergisi a\u00e7\u0131ld\u0131 - Kuzeyin Sesi\" \/>\n<meta property=\"og:description\" content=\"Sanat\u00e7\u0131 Ruzan Atakan\u2019n\u0131n 7\u2019inci ki\u015fisel resim sergisinin a\u00e7\u0131l\u0131\u015f\u0131\u00a0 Lefko\u015fa\u2019da Ruzen Art Gallery\u2019de yap\u0131ld\u0131. Serginin a\u00e7\u0131l\u0131\u015f konu\u015fmas\u0131n\u0131 yapan mimar Tun\u00e7 Adan\u0131r, sanat\u00e7\u0131 Atakan\u2019n\u0131n eserleriyle b\u00fct\u00fcnle\u015fip \u00fcretebilmesinin \u00f6nemine de\u011finerek, Ruzen Art Gallery binas\u0131n\u0131 ger\u00e7ekle\u015ftirmek i\u00e7in uzun y\u0131llar birlikte \u00e7al\u0131\u015ft\u0131klar\u0131n\u0131 ifade etti. Adan\u0131r,\u201cBir sanat\u00e7\u0131n\u0131n b\u00f6yle bir yerde \u00fcretebilmesi, ya\u015fayabilmesi, binayla birlikte b\u00fct\u00fcnle\u015fmesi ve sergileyebilmesi \u00e7ok \u00f6nemli\u201d diye konu\u015ftu. [&hellip;]\" \/>\n<meta property=\"og:url\" content=\"https:\/\/kuzeyinsesi.org\/index.php\/2024\/05\/29\/ruzen-atakanin-just-a-glimpse-sergisi-acildi\/\" \/>\n<meta property=\"og:site_name\" content=\"Kuzeyin Sesi\" \/>\n<meta property=\"article:publisher\" content=\"https:\/\/www.facebook.com\/kuzeyinsesii\" \/>\n<meta property=\"article:published_time\" content=\"2024-05-29T09:12:13+00:00\" \/>\n<meta property=\"og:image\" content=\"https:\/\/kuzeyinsesi.org\/wp-content\/uploads\/2024\/05\/1-horzfff-scaled.jpg\" \/>\n\t<meta property=\"og:image:width\" content=\"2560\" \/>\n\t<meta property=\"og:image:height\" content=\"639\" \/>\n\t<meta property=\"og:image:type\" content=\"image\/jpeg\" \/>\n<meta name=\"author\" content=\"Kuzeyin Sesi\" \/>\n<meta name=\"twitter:card\" content=\"summary_large_image\" \/>\n<meta name=\"twitter:creator\" content=\"@kuzeyinsesii\" \/>\n<meta name=\"twitter:site\" content=\"@kuzeyinsesii\" \/>\n<meta name=\"twitter:label1\" content=\"Yazan:\" \/>\n\t<meta name=\"twitter:data1\" content=\"Kuzeyin Sesi\" \/>\n\t<meta name=\"twitter:label2\" content=\"Tahmini okuma s\u00fcresi\" \/>\n\t<meta name=\"twitter:data2\" content=\"1 dakika\" \/>\n<script type=\"application\/ld+json\" class=\"yoast-schema-graph\">{\"@context\":\"https:\\\/\\\/schema.org\",\"@graph\":[{\"@type\":\"Article\",\"@id\":\"https:\\\/\\\/kuzeyinsesi.org\\\/index.php\\\/2024\\\/05\\\/29\\\/ruzen-atakanin-just-a-glimpse-sergisi-acildi\\\/#article\",\"isPartOf\":{\"@id\":\"https:\\\/\\\/kuzeyinsesi.org\\\/index.php\\\/2024\\\/05\\\/29\\\/ruzen-atakanin-just-a-glimpse-sergisi-acildi\\\/\"},\"author\":{\"name\":\"Kuzeyin Sesi\",\"@id\":\"https:\\\/\\\/kuzeyinsesi.org\\\/#\\\/schema\\\/person\\\/9f859689cdf01485597712386e37f5aa\"},\"headline\":\"Ruzen Atakan\u2019\u0131n \u2018Just A Glimpse\u2019 sergisi a\u00e7\u0131ld\u0131\",\"datePublished\":\"2024-05-29T09:12:13+00:00\",\"mainEntityOfPage\":{\"@id\":\"https:\\\/\\\/kuzeyinsesi.org\\\/index.php\\\/2024\\\/05\\\/29\\\/ruzen-atakanin-just-a-glimpse-sergisi-acildi\\\/\"},\"wordCount\":194,\"commentCount\":0,\"image\":{\"@id\":\"https:\\\/\\\/kuzeyinsesi.org\\\/index.php\\\/2024\\\/05\\\/29\\\/ruzen-atakanin-just-a-glimpse-sergisi-acildi\\\/#primaryimage\"},\"thumbnailUrl\":\"https:\\\/\\\/kuzeyinsesi.org\\\/wp-content\\\/uploads\\\/2024\\\/05\\\/1-horzfff-scaled.jpg\",\"articleSection\":[\"Ya\u015fam\"],\"inLanguage\":\"tr\",\"potentialAction\":[{\"@type\":\"CommentAction\",\"name\":\"Comment\",\"target\":[\"https:\\\/\\\/kuzeyinsesi.org\\\/index.php\\\/2024\\\/05\\\/29\\\/ruzen-atakanin-just-a-glimpse-sergisi-acildi\\\/#respond\"]}]},{\"@type\":\"WebPage\",\"@id\":\"https:\\\/\\\/kuzeyinsesi.org\\\/index.php\\\/2024\\\/05\\\/29\\\/ruzen-atakanin-just-a-glimpse-sergisi-acildi\\\/\",\"url\":\"https:\\\/\\\/kuzeyinsesi.org\\\/index.php\\\/2024\\\/05\\\/29\\\/ruzen-atakanin-just-a-glimpse-sergisi-acildi\\\/\",\"name\":\"Ruzen Atakan\u2019\u0131n \u2018Just A Glimpse\u2019 sergisi a\u00e7\u0131ld\u0131 - Kuzeyin Sesi\",\"isPartOf\":{\"@id\":\"https:\\\/\\\/kuzeyinsesi.org\\\/#website\"},\"primaryImageOfPage\":{\"@id\":\"https:\\\/\\\/kuzeyinsesi.org\\\/index.php\\\/2024\\\/05\\\/29\\\/ruzen-atakanin-just-a-glimpse-sergisi-acildi\\\/#primaryimage\"},\"image\":{\"@id\":\"https:\\\/\\\/kuzeyinsesi.org\\\/index.php\\\/2024\\\/05\\\/29\\\/ruzen-atakanin-just-a-glimpse-sergisi-acildi\\\/#primaryimage\"},\"thumbnailUrl\":\"https:\\\/\\\/kuzeyinsesi.org\\\/wp-content\\\/uploads\\\/2024\\\/05\\\/1-horzfff-scaled.jpg\",\"datePublished\":\"2024-05-29T09:12:13+00:00\",\"author\":{\"@id\":\"https:\\\/\\\/kuzeyinsesi.org\\\/#\\\/schema\\\/person\\\/9f859689cdf01485597712386e37f5aa\"},\"breadcrumb\":{\"@id\":\"https:\\\/\\\/kuzeyinsesi.org\\\/index.php\\\/2024\\\/05\\\/29\\\/ruzen-atakanin-just-a-glimpse-sergisi-acildi\\\/#breadcrumb\"},\"inLanguage\":\"tr\",\"potentialAction\":[{\"@type\":\"ReadAction\",\"target\":[\"https:\\\/\\\/kuzeyinsesi.org\\\/index.php\\\/2024\\\/05\\\/29\\\/ruzen-atakanin-just-a-glimpse-sergisi-acildi\\\/\"]}]},{\"@type\":\"ImageObject\",\"inLanguage\":\"tr\",\"@id\":\"https:\\\/\\\/kuzeyinsesi.org\\\/index.php\\\/2024\\\/05\\\/29\\\/ruzen-atakanin-just-a-glimpse-sergisi-acildi\\\/#primaryimage\",\"url\":\"https:\\\/\\\/kuzeyinsesi.org\\\/wp-content\\\/uploads\\\/2024\\\/05\\\/1-horzfff-scaled.jpg\",\"contentUrl\":\"https:\\\/\\\/kuzeyinsesi.org\\\/wp-content\\\/uploads\\\/2024\\\/05\\\/1-horzfff-scaled.jpg\",\"width\":2560,\"height\":639},{\"@type\":\"BreadcrumbList\",\"@id\":\"https:\\\/\\\/kuzeyinsesi.org\\\/index.php\\\/2024\\\/05\\\/29\\\/ruzen-atakanin-just-a-glimpse-sergisi-acildi\\\/#breadcrumb\",\"itemListElement\":[{\"@type\":\"ListItem\",\"position\":1,\"name\":\"Anasayfa\",\"item\":\"https:\\\/\\\/kuzeyinsesi.org\\\/\"},{\"@type\":\"ListItem\",\"position\":2,\"name\":\"Ruzen Atakan\u2019\u0131n \u2018Just A Glimpse\u2019 sergisi a\u00e7\u0131ld\u0131\"}]},{\"@type\":\"WebSite\",\"@id\":\"https:\\\/\\\/kuzeyinsesi.org\\\/#website\",\"url\":\"https:\\\/\\\/kuzeyinsesi.org\\\/\",\"name\":\"Kuzeyin Sesi\",\"description\":\"Do\u011fru Haberin Adresi\",\"potentialAction\":[{\"@type\":\"SearchAction\",\"target\":{\"@type\":\"EntryPoint\",\"urlTemplate\":\"https:\\\/\\\/kuzeyinsesi.org\\\/?s={search_term_string}\"},\"query-input\":{\"@type\":\"PropertyValueSpecification\",\"valueRequired\":true,\"valueName\":\"search_term_string\"}}],\"inLanguage\":\"tr\"},{\"@type\":\"Person\",\"@id\":\"https:\\\/\\\/kuzeyinsesi.org\\\/#\\\/schema\\\/person\\\/9f859689cdf01485597712386e37f5aa\",\"name\":\"Kuzeyin Sesi\",\"image\":{\"@type\":\"ImageObject\",\"inLanguage\":\"tr\",\"@id\":\"https:\\\/\\\/secure.gravatar.com\\\/avatar\\\/bab33852abfd8b282518d6ed81826833d77c3c882d9ab608add591ccace47a44?s=96&d=mm&r=g\",\"url\":\"https:\\\/\\\/secure.gravatar.com\\\/avatar\\\/bab33852abfd8b282518d6ed81826833d77c3c882d9ab608add591ccace47a44?s=96&d=mm&r=g\",\"contentUrl\":\"https:\\\/\\\/secure.gravatar.com\\\/avatar\\\/bab33852abfd8b282518d6ed81826833d77c3c882d9ab608add591ccace47a44?s=96&d=mm&r=g\",\"caption\":\"Kuzeyin Sesi\"},\"sameAs\":[\"https:\\\/\\\/kuzeyinsesi.org\"],\"url\":\"https:\\\/\\\/kuzeyinsesi.org\\\/index.php\\\/author\\\/guven\\\/\"}]}<\/script>\n<!-- \/ Yoast SEO plugin. -->","yoast_head_json":{"title":"Ruzen Atakan\u2019\u0131n \u2018Just A Glimpse\u2019 sergisi a\u00e7\u0131ld\u0131 - Kuzeyin Sesi","robots":{"index":"index","follow":"follow","max-snippet":"max-snippet:-1","max-image-preview":"max-image-preview:large","max-video-preview":"max-video-preview:-1"},"canonical":"https:\/\/kuzeyinsesi.org\/index.php\/2024\/05\/29\/ruzen-atakanin-just-a-glimpse-sergisi-acildi\/","og_locale":"tr_TR","og_type":"article","og_title":"Ruzen Atakan\u2019\u0131n \u2018Just A Glimpse\u2019 sergisi a\u00e7\u0131ld\u0131 - Kuzeyin Sesi","og_description":"Sanat\u00e7\u0131 Ruzan Atakan\u2019n\u0131n 7\u2019inci ki\u015fisel resim sergisinin a\u00e7\u0131l\u0131\u015f\u0131\u00a0 Lefko\u015fa\u2019da Ruzen Art Gallery\u2019de yap\u0131ld\u0131. Serginin a\u00e7\u0131l\u0131\u015f konu\u015fmas\u0131n\u0131 yapan mimar Tun\u00e7 Adan\u0131r, sanat\u00e7\u0131 Atakan\u2019n\u0131n eserleriyle b\u00fct\u00fcnle\u015fip \u00fcretebilmesinin \u00f6nemine de\u011finerek, Ruzen Art Gallery binas\u0131n\u0131 ger\u00e7ekle\u015ftirmek i\u00e7in uzun y\u0131llar birlikte \u00e7al\u0131\u015ft\u0131klar\u0131n\u0131 ifade etti. Adan\u0131r,\u201cBir sanat\u00e7\u0131n\u0131n b\u00f6yle bir yerde \u00fcretebilmesi, ya\u015fayabilmesi, binayla birlikte b\u00fct\u00fcnle\u015fmesi ve sergileyebilmesi \u00e7ok \u00f6nemli\u201d diye konu\u015ftu. [&hellip;]","og_url":"https:\/\/kuzeyinsesi.org\/index.php\/2024\/05\/29\/ruzen-atakanin-just-a-glimpse-sergisi-acildi\/","og_site_name":"Kuzeyin Sesi","article_publisher":"https:\/\/www.facebook.com\/kuzeyinsesii","article_published_time":"2024-05-29T09:12:13+00:00","og_image":[{"width":2560,"height":639,"url":"https:\/\/kuzeyinsesi.org\/wp-content\/uploads\/2024\/05\/1-horzfff-scaled.jpg","type":"image\/jpeg"}],"author":"Kuzeyin Sesi","twitter_card":"summary_large_image","twitter_creator":"@kuzeyinsesii","twitter_site":"@kuzeyinsesii","twitter_misc":{"Yazan:":"Kuzeyin Sesi","Tahmini okuma s\u00fcresi":"1 dakika"},"schema":{"@context":"https:\/\/schema.org","@graph":[{"@type":"Article","@id":"https:\/\/kuzeyinsesi.org\/index.php\/2024\/05\/29\/ruzen-atakanin-just-a-glimpse-sergisi-acildi\/#article","isPartOf":{"@id":"https:\/\/kuzeyinsesi.org\/index.php\/2024\/05\/29\/ruzen-atakanin-just-a-glimpse-sergisi-acildi\/"},"author":{"name":"Kuzeyin Sesi","@id":"https:\/\/kuzeyinsesi.org\/#\/schema\/person\/9f859689cdf01485597712386e37f5aa"},"headline":"Ruzen Atakan\u2019\u0131n \u2018Just A Glimpse\u2019 sergisi a\u00e7\u0131ld\u0131","datePublished":"2024-05-29T09:12:13+00:00","mainEntityOfPage":{"@id":"https:\/\/kuzeyinsesi.org\/index.php\/2024\/05\/29\/ruzen-atakanin-just-a-glimpse-sergisi-acildi\/"},"wordCount":194,"commentCount":0,"image":{"@id":"https:\/\/kuzeyinsesi.org\/index.php\/2024\/05\/29\/ruzen-atakanin-just-a-glimpse-sergisi-acildi\/#primaryimage"},"thumbnailUrl":"https:\/\/kuzeyinsesi.org\/wp-content\/uploads\/2024\/05\/1-horzfff-scaled.jpg","articleSection":["Ya\u015fam"],"inLanguage":"tr","potentialAction":[{"@type":"CommentAction","name":"Comment","target":["https:\/\/kuzeyinsesi.org\/index.php\/2024\/05\/29\/ruzen-atakanin-just-a-glimpse-sergisi-acildi\/#respond"]}]},{"@type":"WebPage","@id":"https:\/\/kuzeyinsesi.org\/index.php\/2024\/05\/29\/ruzen-atakanin-just-a-glimpse-sergisi-acildi\/","url":"https:\/\/kuzeyinsesi.org\/index.php\/2024\/05\/29\/ruzen-atakanin-just-a-glimpse-sergisi-acildi\/","name":"Ruzen Atakan\u2019\u0131n \u2018Just A Glimpse\u2019 sergisi a\u00e7\u0131ld\u0131 - Kuzeyin Sesi","isPartOf":{"@id":"https:\/\/kuzeyinsesi.org\/#website"},"primaryImageOfPage":{"@id":"https:\/\/kuzeyinsesi.org\/index.php\/2024\/05\/29\/ruzen-atakanin-just-a-glimpse-sergisi-acildi\/#primaryimage"},"image":{"@id":"https:\/\/kuzeyinsesi.org\/index.php\/2024\/05\/29\/ruzen-atakanin-just-a-glimpse-sergisi-acildi\/#primaryimage"},"thumbnailUrl":"https:\/\/kuzeyinsesi.org\/wp-content\/uploads\/2024\/05\/1-horzfff-scaled.jpg","datePublished":"2024-05-29T09:12:13+00:00","author":{"@id":"https:\/\/kuzeyinsesi.org\/#\/schema\/person\/9f859689cdf01485597712386e37f5aa"},"breadcrumb":{"@id":"https:\/\/kuzeyinsesi.org\/index.php\/2024\/05\/29\/ruzen-atakanin-just-a-glimpse-sergisi-acildi\/#breadcrumb"},"inLanguage":"tr","potentialAction":[{"@type":"ReadAction","target":["https:\/\/kuzeyinsesi.org\/index.php\/2024\/05\/29\/ruzen-atakanin-just-a-glimpse-sergisi-acildi\/"]}]},{"@type":"ImageObject","inLanguage":"tr","@id":"https:\/\/kuzeyinsesi.org\/index.php\/2024\/05\/29\/ruzen-atakanin-just-a-glimpse-sergisi-acildi\/#primaryimage","url":"https:\/\/kuzeyinsesi.org\/wp-content\/uploads\/2024\/05\/1-horzfff-scaled.jpg","contentUrl":"https:\/\/kuzeyinsesi.org\/wp-content\/uploads\/2024\/05\/1-horzfff-scaled.jpg","width":2560,"height":639},{"@type":"BreadcrumbList","@id":"https:\/\/kuzeyinsesi.org\/index.php\/2024\/05\/29\/ruzen-atakanin-just-a-glimpse-sergisi-acildi\/#breadcrumb","itemListElement":[{"@type":"ListItem","position":1,"name":"Anasayfa","item":"https:\/\/kuzeyinsesi.org\/"},{"@type":"ListItem","position":2,"name":"Ruzen Atakan\u2019\u0131n \u2018Just A Glimpse\u2019 sergisi a\u00e7\u0131ld\u0131"}]},{"@type":"WebSite","@id":"https:\/\/kuzeyinsesi.org\/#website","url":"https:\/\/kuzeyinsesi.org\/","name":"Kuzeyin Sesi","description":"Do\u011fru Haberin Adresi","potentialAction":[{"@type":"SearchAction","target":{"@type":"EntryPoint","urlTemplate":"https:\/\/kuzeyinsesi.org\/?s={search_term_string}"},"query-input":{"@type":"PropertyValueSpecification","valueRequired":true,"valueName":"search_term_string"}}],"inLanguage":"tr"},{"@type":"Person","@id":"https:\/\/kuzeyinsesi.org\/#\/schema\/person\/9f859689cdf01485597712386e37f5aa","name":"Kuzeyin Sesi","image":{"@type":"ImageObject","inLanguage":"tr","@id":"https:\/\/secure.gravatar.com\/avatar\/bab33852abfd8b282518d6ed81826833d77c3c882d9ab608add591ccace47a44?s=96&d=mm&r=g","url":"https:\/\/secure.gravatar.com\/avatar\/bab33852abfd8b282518d6ed81826833d77c3c882d9ab608add591ccace47a44?s=96&d=mm&r=g","contentUrl":"https:\/\/secure.gravatar.com\/avatar\/bab33852abfd8b282518d6ed81826833d77c3c882d9ab608add591ccace47a44?s=96&d=mm&r=g","caption":"Kuzeyin Sesi"},"sameAs":["https:\/\/kuzeyinsesi.org"],"url":"https:\/\/kuzeyinsesi.org\/index.php\/author\/guven\/"}]}},"_links":{"self":[{"href":"https:\/\/kuzeyinsesi.org\/index.php\/wp-json\/wp\/v2\/posts\/3639","targetHints":{"allow":["GET"]}}],"collection":[{"href":"https:\/\/kuzeyinsesi.org\/index.php\/wp-json\/wp\/v2\/posts"}],"about":[{"href":"https:\/\/kuzeyinsesi.org\/index.php\/wp-json\/wp\/v2\/types\/post"}],"author":[{"embeddable":true,"href":"https:\/\/kuzeyinsesi.org\/index.php\/wp-json\/wp\/v2\/users\/1"}],"replies":[{"embeddable":true,"href":"https:\/\/kuzeyinsesi.org\/index.php\/wp-json\/wp\/v2\/comments?post=3639"}],"version-history":[{"count":0,"href":"https:\/\/kuzeyinsesi.org\/index.php\/wp-json\/wp\/v2\/posts\/3639\/revisions"}],"wp:featuredmedia":[{"embeddable":true,"href":"https:\/\/kuzeyinsesi.org\/index.php\/wp-json\/wp\/v2\/media\/3640"}],"wp:attachment":[{"href":"https:\/\/kuzeyinsesi.org\/index.php\/wp-json\/wp\/v2\/media?parent=3639"}],"wp:term":[{"taxonomy":"category","embeddable":true,"href":"https:\/\/kuzeyinsesi.org\/index.php\/wp-json\/wp\/v2\/categories?post=3639"},{"taxonomy":"post_tag","embeddable":true,"href":"https:\/\/kuzeyinsesi.org\/index.php\/wp-json\/wp\/v2\/tags?post=3639"}],"curies":[{"name":"wp","href":"https:\/\/api.w.org\/{rel}","templated":true}]}}