{"id":36388,"date":"2026-03-10T20:57:54","date_gmt":"2026-03-10T18:57:54","guid":{"rendered":"https:\/\/kuzeyinsesi.org\/index.php\/2026\/03\/10\/trabzonsporda-kalp-krizi-geciren-yardimci-antrenor-orhan-kaynak-vefat-etti\/"},"modified":"2026-03-10T20:57:54","modified_gmt":"2026-03-10T18:57:54","slug":"trabzonsporda-kalp-krizi-geciren-yardimci-antrenor-orhan-kaynak-vefat-etti","status":"publish","type":"post","link":"https:\/\/kuzeyinsesi.org\/index.php\/2026\/03\/10\/trabzonsporda-kalp-krizi-geciren-yardimci-antrenor-orhan-kaynak-vefat-etti\/","title":{"rendered":"Trabzonspor&#039;da kalp krizi ge\u00e7iren yard\u0131mc\u0131 antren\u00f6r Orhan Kaynak vefat etti"},"content":{"rendered":"<p><\/p>\n<div>\n<p>&#13;<br \/>\n\tKaynak, Mehmet Ali Y\u0131lmaz Tesisleri&#8217;nde yemek yedi\u011fi s\u0131rada aniden rahats\u0131zland\u0131.<\/p>\n<p>&#13;<br \/>\n\tDurumu fark eden kul\u00fcp personelinin ihbar\u0131 \u00fczerine b\u00f6lgeye 112 Acil Sa\u011fl\u0131k ekipleri sevk edildi. Kalp krizi ge\u00e7irdi\u011fi belirlenen Kaynak&#8217;a, tesislerdeki sa\u011fl\u0131k ekiplerince m\u00fcdahale edildi.<\/p>\n<p>&#13;<br \/>\n\t<a href=\"https:\/\/www.trthaber.com\/etiket\/karadeniz-teknik-universitesi\/\" target=\"_blank\">Karadeniz Teknik \u00dcniversitesi<\/a> Farabi Hastanesi&#8217;ne kald\u0131r\u0131lan Kaynak, m\u00fcdahalelere ra\u011fmen hayat\u0131n\u0131 kaybetti.<\/p>\n<p>&#13;<br \/>\n\t<a href=\"https:\/\/www.trthaber.com\/etiket\/trabzonspor\/\" target=\"_blank\">Trabzonspor<\/a> Kul\u00fcb\u00fc kalp krizi nedeniyle vefat eden yard\u0131mc\u0131 antren\u00f6r\u00fc Orhan Kaynak i\u00e7in ba\u015fsa\u011fl\u0131\u011f\u0131 mesaj\u0131 yay\u0131mland\u0131.<\/p>\n<p>&#13;<br \/>\n\tBordo-mavili kul\u00fcpten yap\u0131lan a\u00e7\u0131klamada, Kaynak&#8217;\u0131n vefat\u0131ndan dolay\u0131 derin \u00fcz\u00fcnt\u00fc ya\u015fand\u0131\u011f\u0131 belirtildi.<\/p>\n<p>&#13;<br \/>\n\tA\u00e7\u0131klamada, &#8220;Kul\u00fcb\u00fcm\u00fcze futbolcu ve antren\u00f6r olarak hizmet eden, formam\u0131z\u0131 ta\u015f\u0131d\u0131\u011f\u0131 her d\u00f6nemde aidiyeti, karakteri ve duru\u015fuyla camiam\u0131z\u0131n g\u00f6nl\u00fcnde \u00f6zel bir yer edinen Orhan Kaynak&#8217;\u0131 kaybetmenin derin \u00fcz\u00fcnt\u00fcs\u00fcn\u00fc ya\u015f\u0131yoruz.&#8221; ifadelerine yer verildi.<\/p>\n<p>&#13;<br \/>\n\tOrhan Kaynak&#8217;\u0131n Trabzonspor&#8217;un haf\u0131zas\u0131nda daima sayg\u0131yla an\u0131laca\u011f\u0131 vurgulanan a\u00e7\u0131klamada, \u015funlar kaydedildi:<\/p>\n<p>&#13;<br \/>\n\t&#8220;Orhan Kaynak, kul\u00fcb\u00fcm\u00fcze verdi\u011fi emek, sahaya koydu\u011fu m\u00fccadele ve b\u0131rakt\u0131\u011f\u0131 izlerle her zaman hat\u0131rlanacakt\u0131r. Merhuma Allah&#8217;tan rahmet, ailesine, yak\u0131nlar\u0131na ve camiam\u0131za ba\u015fsa\u011fl\u0131\u011f\u0131 diliyoruz. Ruhu \u015fad, mekan\u0131 cennet olsun.&#8221;<\/p>\n<h2>&#13;<br \/>\n\tBakan Bak&#8217;tan Orhan Kaynak i\u00e7in taziye mesaj\u0131<\/h2>\n<p>&#13;<br \/>\n\tGen\u00e7lik ve Spor Bakan\u0131 Osman A\u015fk\u0131n Bak, vefat eden Trabzonspor Kul\u00fcb\u00fcn\u00fcn yard\u0131mc\u0131 antren\u00f6r\u00fc Orhan Kaynak i\u00e7in taziye mesaj\u0131 yay\u0131mlad\u0131.<\/p>\n<p>&#13;<br \/>\n\tBakan Bak taziye mesaj\u0131nda \u015fu ifadelere yer verdi:<\/p>\n<p>&#13;<br \/>\n\t&#8220;Trabzonspor Kul\u00fcb\u00fcn\u00fcn yard\u0131mc\u0131 antren\u00f6r\u00fc Orhan Kaynak&#8217;\u0131n ge\u00e7irdi\u011fi kalp krizi nedeniyle vefat etti\u011fini derin bir teess\u00fcrle \u00f6\u011frendim. T\u00fcrk futboluna de\u011ferli hizmetlerde bulunan Orhan Kaynak&#8217;a Allah&#8217;tan rahmet; ailesi, sevenleri ve futbol camias\u0131na ba\u015fsa\u011fl\u0131\u011f\u0131 diliyorum.&#8221;<\/p>\n<\/p><\/div>\n","protected":false},"excerpt":{"rendered":"<p>&#13; Kaynak, Mehmet Ali Y\u0131lmaz Tesisleri&#8217;nde yemek yedi\u011fi s\u0131rada aniden rahats\u0131zland\u0131. &#13; Durumu fark eden kul\u00fcp personelinin ihbar\u0131 \u00fczerine b\u00f6lgeye 112 Acil Sa\u011fl\u0131k ekipleri sevk edildi. Kalp krizi ge\u00e7irdi\u011fi belirlenen Kaynak&#8217;a, tesislerdeki sa\u011fl\u0131k ekiplerince m\u00fcdahale edildi. &#13; Karadeniz Teknik \u00dcniversitesi Farabi Hastanesi&#8217;ne kald\u0131r\u0131lan Kaynak, m\u00fcdahalelere ra\u011fmen hayat\u0131n\u0131 kaybetti. &#13; Trabzonspor Kul\u00fcb\u00fc kalp krizi nedeniyle vefat [&hellip;]<\/p>\n","protected":false},"author":1,"featured_media":36389,"comment_status":"open","ping_status":"open","sticky":false,"template":"","format":"standard","meta":{"jnews-multi-image_gallery":[],"jnews_single_post":[],"jnews_primary_category":[],"jnews_social_meta":[],"jnews_override_counter":[],"footnotes":""},"categories":[4],"tags":[],"class_list":["post-36388","post","type-post","status-publish","format-standard","has-post-thumbnail","hentry","category-spor"],"yoast_head":"<!-- This site is optimized with the Yoast SEO plugin v27.5 - https:\/\/yoast.com\/product\/yoast-seo-wordpress\/ -->\n<title>Trabzonspor&#039;da kalp krizi ge\u00e7iren yard\u0131mc\u0131 antren\u00f6r Orhan Kaynak vefat etti - Kuzeyin Sesi<\/title>\n<meta name=\"robots\" content=\"index, follow, max-snippet:-1, max-image-preview:large, max-video-preview:-1\" \/>\n<link rel=\"canonical\" href=\"https:\/\/kuzeyinsesi.org\/index.php\/2026\/03\/10\/trabzonsporda-kalp-krizi-geciren-yardimci-antrenor-orhan-kaynak-vefat-etti\/\" \/>\n<meta property=\"og:locale\" content=\"tr_TR\" \/>\n<meta property=\"og:type\" content=\"article\" \/>\n<meta property=\"og:title\" content=\"Trabzonspor&#039;da kalp krizi ge\u00e7iren yard\u0131mc\u0131 antren\u00f6r Orhan Kaynak vefat etti - Kuzeyin Sesi\" \/>\n<meta property=\"og:description\" content=\"&#013; Kaynak, Mehmet Ali Y\u0131lmaz Tesisleri&#8217;nde yemek yedi\u011fi s\u0131rada aniden rahats\u0131zland\u0131. &#013; Durumu fark eden kul\u00fcp personelinin ihbar\u0131 \u00fczerine b\u00f6lgeye 112 Acil Sa\u011fl\u0131k ekipleri sevk edildi. Kalp krizi ge\u00e7irdi\u011fi belirlenen Kaynak&#8217;a, tesislerdeki sa\u011fl\u0131k ekiplerince m\u00fcdahale edildi. &#013; Karadeniz Teknik \u00dcniversitesi Farabi Hastanesi&#8217;ne kald\u0131r\u0131lan Kaynak, m\u00fcdahalelere ra\u011fmen hayat\u0131n\u0131 kaybetti. &#013; Trabzonspor Kul\u00fcb\u00fc kalp krizi nedeniyle vefat [&hellip;]\" \/>\n<meta property=\"og:url\" content=\"https:\/\/kuzeyinsesi.org\/index.php\/2026\/03\/10\/trabzonsporda-kalp-krizi-geciren-yardimci-antrenor-orhan-kaynak-vefat-etti\/\" \/>\n<meta property=\"og:site_name\" content=\"Kuzeyin Sesi\" \/>\n<meta property=\"article:publisher\" content=\"https:\/\/www.facebook.com\/kuzeyinsesii\" \/>\n<meta property=\"article:published_time\" content=\"2026-03-10T18:57:54+00:00\" \/>\n<meta property=\"og:image\" content=\"https:\/\/trthaberstatic.cdn.wp.trt.com.tr\/resimler\/2444000\/orhan-kaynak-2445416.jpg\" \/>\n<meta name=\"author\" content=\"Kuzeyin Sesi\" \/>\n<meta name=\"twitter:card\" content=\"summary_large_image\" \/>\n<meta name=\"twitter:creator\" content=\"@kuzeyinsesii\" \/>\n<meta name=\"twitter:site\" content=\"@kuzeyinsesii\" \/>\n<meta name=\"twitter:label1\" content=\"Yazan:\" \/>\n\t<meta name=\"twitter:data1\" content=\"Kuzeyin Sesi\" \/>\n\t<meta name=\"twitter:label2\" content=\"Tahmini okuma s\u00fcresi\" \/>\n\t<meta name=\"twitter:data2\" content=\"2 dakika\" \/>\n<script type=\"application\/ld+json\" class=\"yoast-schema-graph\">{\"@context\":\"https:\\\/\\\/schema.org\",\"@graph\":[{\"@type\":\"Article\",\"@id\":\"https:\\\/\\\/kuzeyinsesi.org\\\/index.php\\\/2026\\\/03\\\/10\\\/trabzonsporda-kalp-krizi-geciren-yardimci-antrenor-orhan-kaynak-vefat-etti\\\/#article\",\"isPartOf\":{\"@id\":\"https:\\\/\\\/kuzeyinsesi.org\\\/index.php\\\/2026\\\/03\\\/10\\\/trabzonsporda-kalp-krizi-geciren-yardimci-antrenor-orhan-kaynak-vefat-etti\\\/\"},\"author\":{\"name\":\"Kuzeyin Sesi\",\"@id\":\"https:\\\/\\\/kuzeyinsesi.org\\\/#\\\/schema\\\/person\\\/9f859689cdf01485597712386e37f5aa\"},\"headline\":\"Trabzonspor&#039;da kalp krizi ge\u00e7iren yard\u0131mc\u0131 antren\u00f6r Orhan Kaynak vefat etti\",\"datePublished\":\"2026-03-10T18:57:54+00:00\",\"mainEntityOfPage\":{\"@id\":\"https:\\\/\\\/kuzeyinsesi.org\\\/index.php\\\/2026\\\/03\\\/10\\\/trabzonsporda-kalp-krizi-geciren-yardimci-antrenor-orhan-kaynak-vefat-etti\\\/\"},\"wordCount\":324,\"commentCount\":0,\"image\":{\"@id\":\"https:\\\/\\\/kuzeyinsesi.org\\\/index.php\\\/2026\\\/03\\\/10\\\/trabzonsporda-kalp-krizi-geciren-yardimci-antrenor-orhan-kaynak-vefat-etti\\\/#primaryimage\"},\"thumbnailUrl\":\"https:\\\/\\\/kuzeyinsesi.org\\\/wp-content\\\/uploads\\\/2026\\\/03\\\/orhan-kaynak-2445416.jpg\",\"articleSection\":[\"Spor\"],\"inLanguage\":\"tr\",\"potentialAction\":[{\"@type\":\"CommentAction\",\"name\":\"Comment\",\"target\":[\"https:\\\/\\\/kuzeyinsesi.org\\\/index.php\\\/2026\\\/03\\\/10\\\/trabzonsporda-kalp-krizi-geciren-yardimci-antrenor-orhan-kaynak-vefat-etti\\\/#respond\"]}]},{\"@type\":\"WebPage\",\"@id\":\"https:\\\/\\\/kuzeyinsesi.org\\\/index.php\\\/2026\\\/03\\\/10\\\/trabzonsporda-kalp-krizi-geciren-yardimci-antrenor-orhan-kaynak-vefat-etti\\\/\",\"url\":\"https:\\\/\\\/kuzeyinsesi.org\\\/index.php\\\/2026\\\/03\\\/10\\\/trabzonsporda-kalp-krizi-geciren-yardimci-antrenor-orhan-kaynak-vefat-etti\\\/\",\"name\":\"Trabzonspor&#039;da kalp krizi ge\u00e7iren yard\u0131mc\u0131 antren\u00f6r Orhan Kaynak vefat etti - Kuzeyin Sesi\",\"isPartOf\":{\"@id\":\"https:\\\/\\\/kuzeyinsesi.org\\\/#website\"},\"primaryImageOfPage\":{\"@id\":\"https:\\\/\\\/kuzeyinsesi.org\\\/index.php\\\/2026\\\/03\\\/10\\\/trabzonsporda-kalp-krizi-geciren-yardimci-antrenor-orhan-kaynak-vefat-etti\\\/#primaryimage\"},\"image\":{\"@id\":\"https:\\\/\\\/kuzeyinsesi.org\\\/index.php\\\/2026\\\/03\\\/10\\\/trabzonsporda-kalp-krizi-geciren-yardimci-antrenor-orhan-kaynak-vefat-etti\\\/#primaryimage\"},\"thumbnailUrl\":\"https:\\\/\\\/kuzeyinsesi.org\\\/wp-content\\\/uploads\\\/2026\\\/03\\\/orhan-kaynak-2445416.jpg\",\"datePublished\":\"2026-03-10T18:57:54+00:00\",\"author\":{\"@id\":\"https:\\\/\\\/kuzeyinsesi.org\\\/#\\\/schema\\\/person\\\/9f859689cdf01485597712386e37f5aa\"},\"breadcrumb\":{\"@id\":\"https:\\\/\\\/kuzeyinsesi.org\\\/index.php\\\/2026\\\/03\\\/10\\\/trabzonsporda-kalp-krizi-geciren-yardimci-antrenor-orhan-kaynak-vefat-etti\\\/#breadcrumb\"},\"inLanguage\":\"tr\",\"potentialAction\":[{\"@type\":\"ReadAction\",\"target\":[\"https:\\\/\\\/kuzeyinsesi.org\\\/index.php\\\/2026\\\/03\\\/10\\\/trabzonsporda-kalp-krizi-geciren-yardimci-antrenor-orhan-kaynak-vefat-etti\\\/\"]}]},{\"@type\":\"ImageObject\",\"inLanguage\":\"tr\",\"@id\":\"https:\\\/\\\/kuzeyinsesi.org\\\/index.php\\\/2026\\\/03\\\/10\\\/trabzonsporda-kalp-krizi-geciren-yardimci-antrenor-orhan-kaynak-vefat-etti\\\/#primaryimage\",\"url\":\"https:\\\/\\\/kuzeyinsesi.org\\\/wp-content\\\/uploads\\\/2026\\\/03\\\/orhan-kaynak-2445416.jpg\",\"contentUrl\":\"https:\\\/\\\/kuzeyinsesi.org\\\/wp-content\\\/uploads\\\/2026\\\/03\\\/orhan-kaynak-2445416.jpg\",\"width\":1280,\"height\":720},{\"@type\":\"BreadcrumbList\",\"@id\":\"https:\\\/\\\/kuzeyinsesi.org\\\/index.php\\\/2026\\\/03\\\/10\\\/trabzonsporda-kalp-krizi-geciren-yardimci-antrenor-orhan-kaynak-vefat-etti\\\/#breadcrumb\",\"itemListElement\":[{\"@type\":\"ListItem\",\"position\":1,\"name\":\"Anasayfa\",\"item\":\"https:\\\/\\\/kuzeyinsesi.org\\\/\"},{\"@type\":\"ListItem\",\"position\":2,\"name\":\"Trabzonspor&#039;da kalp krizi ge\u00e7iren yard\u0131mc\u0131 antren\u00f6r Orhan Kaynak vefat etti\"}]},{\"@type\":\"WebSite\",\"@id\":\"https:\\\/\\\/kuzeyinsesi.org\\\/#website\",\"url\":\"https:\\\/\\\/kuzeyinsesi.org\\\/\",\"name\":\"Kuzeyin Sesi\",\"description\":\"Do\u011fru Haberin Adresi\",\"potentialAction\":[{\"@type\":\"SearchAction\",\"target\":{\"@type\":\"EntryPoint\",\"urlTemplate\":\"https:\\\/\\\/kuzeyinsesi.org\\\/?s={search_term_string}\"},\"query-input\":{\"@type\":\"PropertyValueSpecification\",\"valueRequired\":true,\"valueName\":\"search_term_string\"}}],\"inLanguage\":\"tr\"},{\"@type\":\"Person\",\"@id\":\"https:\\\/\\\/kuzeyinsesi.org\\\/#\\\/schema\\\/person\\\/9f859689cdf01485597712386e37f5aa\",\"name\":\"Kuzeyin Sesi\",\"image\":{\"@type\":\"ImageObject\",\"inLanguage\":\"tr\",\"@id\":\"https:\\\/\\\/secure.gravatar.com\\\/avatar\\\/bab33852abfd8b282518d6ed81826833d77c3c882d9ab608add591ccace47a44?s=96&d=mm&r=g\",\"url\":\"https:\\\/\\\/secure.gravatar.com\\\/avatar\\\/bab33852abfd8b282518d6ed81826833d77c3c882d9ab608add591ccace47a44?s=96&d=mm&r=g\",\"contentUrl\":\"https:\\\/\\\/secure.gravatar.com\\\/avatar\\\/bab33852abfd8b282518d6ed81826833d77c3c882d9ab608add591ccace47a44?s=96&d=mm&r=g\",\"caption\":\"Kuzeyin Sesi\"},\"sameAs\":[\"https:\\\/\\\/kuzeyinsesi.org\"],\"url\":\"https:\\\/\\\/kuzeyinsesi.org\\\/index.php\\\/author\\\/guven\\\/\"}]}<\/script>\n<!-- \/ Yoast SEO plugin. -->","yoast_head_json":{"title":"Trabzonspor&#039;da kalp krizi ge\u00e7iren yard\u0131mc\u0131 antren\u00f6r Orhan Kaynak vefat etti - Kuzeyin Sesi","robots":{"index":"index","follow":"follow","max-snippet":"max-snippet:-1","max-image-preview":"max-image-preview:large","max-video-preview":"max-video-preview:-1"},"canonical":"https:\/\/kuzeyinsesi.org\/index.php\/2026\/03\/10\/trabzonsporda-kalp-krizi-geciren-yardimci-antrenor-orhan-kaynak-vefat-etti\/","og_locale":"tr_TR","og_type":"article","og_title":"Trabzonspor&#039;da kalp krizi ge\u00e7iren yard\u0131mc\u0131 antren\u00f6r Orhan Kaynak vefat etti - Kuzeyin Sesi","og_description":"&#13; Kaynak, Mehmet Ali Y\u0131lmaz Tesisleri&#8217;nde yemek yedi\u011fi s\u0131rada aniden rahats\u0131zland\u0131. &#13; Durumu fark eden kul\u00fcp personelinin ihbar\u0131 \u00fczerine b\u00f6lgeye 112 Acil Sa\u011fl\u0131k ekipleri sevk edildi. Kalp krizi ge\u00e7irdi\u011fi belirlenen Kaynak&#8217;a, tesislerdeki sa\u011fl\u0131k ekiplerince m\u00fcdahale edildi. &#13; Karadeniz Teknik \u00dcniversitesi Farabi Hastanesi&#8217;ne kald\u0131r\u0131lan Kaynak, m\u00fcdahalelere ra\u011fmen hayat\u0131n\u0131 kaybetti. &#13; Trabzonspor Kul\u00fcb\u00fc kalp krizi nedeniyle vefat [&hellip;]","og_url":"https:\/\/kuzeyinsesi.org\/index.php\/2026\/03\/10\/trabzonsporda-kalp-krizi-geciren-yardimci-antrenor-orhan-kaynak-vefat-etti\/","og_site_name":"Kuzeyin Sesi","article_publisher":"https:\/\/www.facebook.com\/kuzeyinsesii","article_published_time":"2026-03-10T18:57:54+00:00","og_image":[{"url":"https:\/\/trthaberstatic.cdn.wp.trt.com.tr\/resimler\/2444000\/orhan-kaynak-2445416.jpg","type":"","width":"","height":""}],"author":"Kuzeyin Sesi","twitter_card":"summary_large_image","twitter_creator":"@kuzeyinsesii","twitter_site":"@kuzeyinsesii","twitter_misc":{"Yazan:":"Kuzeyin Sesi","Tahmini okuma s\u00fcresi":"2 dakika"},"schema":{"@context":"https:\/\/schema.org","@graph":[{"@type":"Article","@id":"https:\/\/kuzeyinsesi.org\/index.php\/2026\/03\/10\/trabzonsporda-kalp-krizi-geciren-yardimci-antrenor-orhan-kaynak-vefat-etti\/#article","isPartOf":{"@id":"https:\/\/kuzeyinsesi.org\/index.php\/2026\/03\/10\/trabzonsporda-kalp-krizi-geciren-yardimci-antrenor-orhan-kaynak-vefat-etti\/"},"author":{"name":"Kuzeyin Sesi","@id":"https:\/\/kuzeyinsesi.org\/#\/schema\/person\/9f859689cdf01485597712386e37f5aa"},"headline":"Trabzonspor&#039;da kalp krizi ge\u00e7iren yard\u0131mc\u0131 antren\u00f6r Orhan Kaynak vefat etti","datePublished":"2026-03-10T18:57:54+00:00","mainEntityOfPage":{"@id":"https:\/\/kuzeyinsesi.org\/index.php\/2026\/03\/10\/trabzonsporda-kalp-krizi-geciren-yardimci-antrenor-orhan-kaynak-vefat-etti\/"},"wordCount":324,"commentCount":0,"image":{"@id":"https:\/\/kuzeyinsesi.org\/index.php\/2026\/03\/10\/trabzonsporda-kalp-krizi-geciren-yardimci-antrenor-orhan-kaynak-vefat-etti\/#primaryimage"},"thumbnailUrl":"https:\/\/kuzeyinsesi.org\/wp-content\/uploads\/2026\/03\/orhan-kaynak-2445416.jpg","articleSection":["Spor"],"inLanguage":"tr","potentialAction":[{"@type":"CommentAction","name":"Comment","target":["https:\/\/kuzeyinsesi.org\/index.php\/2026\/03\/10\/trabzonsporda-kalp-krizi-geciren-yardimci-antrenor-orhan-kaynak-vefat-etti\/#respond"]}]},{"@type":"WebPage","@id":"https:\/\/kuzeyinsesi.org\/index.php\/2026\/03\/10\/trabzonsporda-kalp-krizi-geciren-yardimci-antrenor-orhan-kaynak-vefat-etti\/","url":"https:\/\/kuzeyinsesi.org\/index.php\/2026\/03\/10\/trabzonsporda-kalp-krizi-geciren-yardimci-antrenor-orhan-kaynak-vefat-etti\/","name":"Trabzonspor&#039;da kalp krizi ge\u00e7iren yard\u0131mc\u0131 antren\u00f6r Orhan Kaynak vefat etti - Kuzeyin Sesi","isPartOf":{"@id":"https:\/\/kuzeyinsesi.org\/#website"},"primaryImageOfPage":{"@id":"https:\/\/kuzeyinsesi.org\/index.php\/2026\/03\/10\/trabzonsporda-kalp-krizi-geciren-yardimci-antrenor-orhan-kaynak-vefat-etti\/#primaryimage"},"image":{"@id":"https:\/\/kuzeyinsesi.org\/index.php\/2026\/03\/10\/trabzonsporda-kalp-krizi-geciren-yardimci-antrenor-orhan-kaynak-vefat-etti\/#primaryimage"},"thumbnailUrl":"https:\/\/kuzeyinsesi.org\/wp-content\/uploads\/2026\/03\/orhan-kaynak-2445416.jpg","datePublished":"2026-03-10T18:57:54+00:00","author":{"@id":"https:\/\/kuzeyinsesi.org\/#\/schema\/person\/9f859689cdf01485597712386e37f5aa"},"breadcrumb":{"@id":"https:\/\/kuzeyinsesi.org\/index.php\/2026\/03\/10\/trabzonsporda-kalp-krizi-geciren-yardimci-antrenor-orhan-kaynak-vefat-etti\/#breadcrumb"},"inLanguage":"tr","potentialAction":[{"@type":"ReadAction","target":["https:\/\/kuzeyinsesi.org\/index.php\/2026\/03\/10\/trabzonsporda-kalp-krizi-geciren-yardimci-antrenor-orhan-kaynak-vefat-etti\/"]}]},{"@type":"ImageObject","inLanguage":"tr","@id":"https:\/\/kuzeyinsesi.org\/index.php\/2026\/03\/10\/trabzonsporda-kalp-krizi-geciren-yardimci-antrenor-orhan-kaynak-vefat-etti\/#primaryimage","url":"https:\/\/kuzeyinsesi.org\/wp-content\/uploads\/2026\/03\/orhan-kaynak-2445416.jpg","contentUrl":"https:\/\/kuzeyinsesi.org\/wp-content\/uploads\/2026\/03\/orhan-kaynak-2445416.jpg","width":1280,"height":720},{"@type":"BreadcrumbList","@id":"https:\/\/kuzeyinsesi.org\/index.php\/2026\/03\/10\/trabzonsporda-kalp-krizi-geciren-yardimci-antrenor-orhan-kaynak-vefat-etti\/#breadcrumb","itemListElement":[{"@type":"ListItem","position":1,"name":"Anasayfa","item":"https:\/\/kuzeyinsesi.org\/"},{"@type":"ListItem","position":2,"name":"Trabzonspor&#039;da kalp krizi ge\u00e7iren yard\u0131mc\u0131 antren\u00f6r Orhan Kaynak vefat etti"}]},{"@type":"WebSite","@id":"https:\/\/kuzeyinsesi.org\/#website","url":"https:\/\/kuzeyinsesi.org\/","name":"Kuzeyin Sesi","description":"Do\u011fru Haberin Adresi","potentialAction":[{"@type":"SearchAction","target":{"@type":"EntryPoint","urlTemplate":"https:\/\/kuzeyinsesi.org\/?s={search_term_string}"},"query-input":{"@type":"PropertyValueSpecification","valueRequired":true,"valueName":"search_term_string"}}],"inLanguage":"tr"},{"@type":"Person","@id":"https:\/\/kuzeyinsesi.org\/#\/schema\/person\/9f859689cdf01485597712386e37f5aa","name":"Kuzeyin Sesi","image":{"@type":"ImageObject","inLanguage":"tr","@id":"https:\/\/secure.gravatar.com\/avatar\/bab33852abfd8b282518d6ed81826833d77c3c882d9ab608add591ccace47a44?s=96&d=mm&r=g","url":"https:\/\/secure.gravatar.com\/avatar\/bab33852abfd8b282518d6ed81826833d77c3c882d9ab608add591ccace47a44?s=96&d=mm&r=g","contentUrl":"https:\/\/secure.gravatar.com\/avatar\/bab33852abfd8b282518d6ed81826833d77c3c882d9ab608add591ccace47a44?s=96&d=mm&r=g","caption":"Kuzeyin Sesi"},"sameAs":["https:\/\/kuzeyinsesi.org"],"url":"https:\/\/kuzeyinsesi.org\/index.php\/author\/guven\/"}]}},"_links":{"self":[{"href":"https:\/\/kuzeyinsesi.org\/index.php\/wp-json\/wp\/v2\/posts\/36388","targetHints":{"allow":["GET"]}}],"collection":[{"href":"https:\/\/kuzeyinsesi.org\/index.php\/wp-json\/wp\/v2\/posts"}],"about":[{"href":"https:\/\/kuzeyinsesi.org\/index.php\/wp-json\/wp\/v2\/types\/post"}],"author":[{"embeddable":true,"href":"https:\/\/kuzeyinsesi.org\/index.php\/wp-json\/wp\/v2\/users\/1"}],"replies":[{"embeddable":true,"href":"https:\/\/kuzeyinsesi.org\/index.php\/wp-json\/wp\/v2\/comments?post=36388"}],"version-history":[{"count":0,"href":"https:\/\/kuzeyinsesi.org\/index.php\/wp-json\/wp\/v2\/posts\/36388\/revisions"}],"wp:featuredmedia":[{"embeddable":true,"href":"https:\/\/kuzeyinsesi.org\/index.php\/wp-json\/wp\/v2\/media\/36389"}],"wp:attachment":[{"href":"https:\/\/kuzeyinsesi.org\/index.php\/wp-json\/wp\/v2\/media?parent=36388"}],"wp:term":[{"taxonomy":"category","embeddable":true,"href":"https:\/\/kuzeyinsesi.org\/index.php\/wp-json\/wp\/v2\/categories?post=36388"},{"taxonomy":"post_tag","embeddable":true,"href":"https:\/\/kuzeyinsesi.org\/index.php\/wp-json\/wp\/v2\/tags?post=36388"}],"curies":[{"name":"wp","href":"https:\/\/api.w.org\/{rel}","templated":true}]}}