{"id":36380,"date":"2026-03-10T04:33:33","date_gmt":"2026-03-10T02:33:33","guid":{"rendered":"https:\/\/kuzeyinsesi.org\/index.php\/2026\/03\/10\/galatasaray-devler-liginde-liverpoolu-konuk-edecek\/"},"modified":"2026-03-10T04:33:33","modified_gmt":"2026-03-10T02:33:33","slug":"galatasaray-devler-liginde-liverpoolu-konuk-edecek","status":"publish","type":"post","link":"https:\/\/kuzeyinsesi.org\/index.php\/2026\/03\/10\/galatasaray-devler-liginde-liverpoolu-konuk-edecek\/","title":{"rendered":"Galatasaray, Devler Liginde Liverpool&#039;u konuk edecek"},"content":{"rendered":"<p><\/p>\n<div>\n<p>&#13;<br \/>\n\tRAMS Park&#8217;ta yap\u0131lacak ma\u00e7, bug\u00fcn saat 20.45&#8217;te ba\u015flayacak. M\u00fcsabakay\u0131 \u0130spanyol hakem Jesus Gil Manzano y\u00f6netecek. M\u00fcsabaka, <a href=\"https:\/\/www.trthaber.com\/etiket\/trt-1\/\" target=\"_blank\">TRT 1<\/a> ve <a href=\"https:\/\/www.trthaber.com\/etiket\/tabii\/\" target=\"_blank\">Tabii<\/a> platformundan yay\u0131mlanacak.<\/p>\n<p>&#13;<br \/>\n\tAvrupa futbolunun kul\u00fcpler d\u00fczeyindeki en b\u00fcy\u00fck organizasyonunda bu sezon lig etab\u0131n\u0131 3 galibiyet, 1 beraberlik, 4 ma\u011flubiyetle 20. s\u0131rada tamamlayan sar\u0131-k\u0131rm\u0131z\u0131l\u0131lar, son 16 play-off etab\u0131na y\u00fckseldi. Bu turda \u0130talyan temsilcisi Juventus ile e\u015fle\u015fen Galatasaray, ilk ma\u00e7\u0131 sahas\u0131nda 5-2 kazan\u0131rken deplasmanda uzatmalar sonunda 3-2 ma\u011flup olsa da ad\u0131n\u0131 son 16&#8217;ya yazd\u0131ran ekip oldu.<\/p>\n<p>&#13;<br \/>\n\t<a href=\"https:\/\/www.trthaber.com\/etiket\/liverpool\/\" target=\"_blank\">Liverpool<\/a> ise &#8220;Devler Ligi&#8221;nde oynad\u0131\u011f\u0131 8 m\u00fcsabakada 6 galibiyet, 2 yenilgi ya\u015fad\u0131. &#8220;K\u0131rm\u0131z\u0131lar&#8221; 36 tak\u0131ml\u0131 lig etab\u0131n\u0131 3. s\u0131rada tamamlayarak do\u011frudan son 16 turuna y\u00fckseldi.<\/p>\n<h2>&#13;<br \/>\n\tD\u00fcnyan\u0131n g\u00f6z\u00fc bu kar\u015f\u0131la\u015fmada olacak<\/h2>\n<p>&#13;<br \/>\n\tGalatasaray-Liverpool m\u00fcsabakas\u0131, d\u00fcnya genelinde futbolseverlerin b\u00fcy\u00fck ilgisini \u00e7ekecek.<\/p>\n<p>&#13;<br \/>\n\tRAMS Park&#8217;ta yap\u0131lacak kar\u015f\u0131la\u015fma, 20.45&#8217;te ba\u015flayacak tek <a href=\"https:\/\/www.trthaber.com\/etiket\/sampiyonlar-ligi\/\" target=\"_blank\">\u015eampiyonlar Ligi<\/a> m\u00fccadelesi olacak. \u00d6zellikle son y\u0131llarda i\u00e7 saha ma\u00e7lar\u0131nda olu\u015fan atmosferle Avrupa spor kamuoyunun dikkatini \u00e7eken sar\u0131-k\u0131rm\u0131z\u0131l\u0131 ekibin Liverpool&#8217;u a\u011f\u0131rlayaca\u011f\u0131 m\u00fccadele, futbolseverleri ekran ba\u015f\u0131na oturtacak.<\/p>\n<p>&#13;<br \/>\n\tM\u00fccadelenin tamamen dolu trib\u00fcnler \u00f6n\u00fcnde oynanmas\u0131 bekleniyor.<\/p>\n<h2>&#13;<br \/>\n\tLig etab\u0131ndaki ma\u00e7\u0131 <a href=\"https:\/\/www.trthaber.com\/etiket\/galatasaray\/\" target=\"_blank\">Galatasaray<\/a> kazand\u0131<\/h2>\n<p>&#13;<br \/>\n\tSar\u0131-k\u0131rm\u0131z\u0131l\u0131 ekip, lig etab\u0131nda kar\u015f\u0131la\u015ft\u0131\u011f\u0131 Liverpool&#8217;u 1-0 yendi.<\/p>\n<p>&#13;<br \/>\n\tGalatasaray, \u0130ngiliz temsilcisini \u015eampiyonlar Ligi&#8217;nin 2. haftas\u0131nda konuk etti. Sezona <a href=\"https:\/\/www.trthaber.com\/etiket\/almanya\/\" target=\"_blank\">Almanya<\/a> temsilcisi Eintracht Frankfur&#8217;a deplasmanda 5-1 yenilerek ba\u015flayan &#8220;Cimbom&#8221; sahas\u0131nda Liverpool&#8217;u 1-0 yenerek hem moral buldu hem de turu ge\u00e7mek i\u00e7in ilk ad\u0131m\u0131 att\u0131.<\/p>\n<p>&#13;<br \/>\n\tS\u00f6z konusu m\u00fcsabakada gol\u00fc 16. dakikada Victor Osimhen penalt\u0131dan kaydetti.<\/p>\n<\/p><\/div>\n","protected":false},"excerpt":{"rendered":"<p>&#13; RAMS Park&#8217;ta yap\u0131lacak ma\u00e7, bug\u00fcn saat 20.45&#8217;te ba\u015flayacak. M\u00fcsabakay\u0131 \u0130spanyol hakem Jesus Gil Manzano y\u00f6netecek. M\u00fcsabaka, TRT 1 ve Tabii platformundan yay\u0131mlanacak. &#13; Avrupa futbolunun kul\u00fcpler d\u00fczeyindeki en b\u00fcy\u00fck organizasyonunda bu sezon lig etab\u0131n\u0131 3 galibiyet, 1 beraberlik, 4 ma\u011flubiyetle 20. s\u0131rada tamamlayan sar\u0131-k\u0131rm\u0131z\u0131l\u0131lar, son 16 play-off etab\u0131na y\u00fckseldi. Bu turda \u0130talyan temsilcisi Juventus [&hellip;]<\/p>\n","protected":false},"author":1,"featured_media":36381,"comment_status":"open","ping_status":"open","sticky":false,"template":"","format":"standard","meta":{"jnews-multi-image_gallery":[],"jnews_single_post":[],"jnews_primary_category":[],"jnews_social_meta":[],"jnews_override_counter":[],"footnotes":""},"categories":[4],"tags":[],"class_list":["post-36380","post","type-post","status-publish","format-standard","has-post-thumbnail","hentry","category-spor"],"yoast_head":"<!-- This site is optimized with the Yoast SEO plugin v27.5 - https:\/\/yoast.com\/product\/yoast-seo-wordpress\/ -->\n<title>Galatasaray, Devler Liginde Liverpool&#039;u konuk edecek - Kuzeyin Sesi<\/title>\n<meta name=\"robots\" content=\"index, follow, max-snippet:-1, max-image-preview:large, max-video-preview:-1\" \/>\n<link rel=\"canonical\" href=\"https:\/\/kuzeyinsesi.org\/index.php\/2026\/03\/10\/galatasaray-devler-liginde-liverpoolu-konuk-edecek\/\" \/>\n<meta property=\"og:locale\" content=\"tr_TR\" \/>\n<meta property=\"og:type\" content=\"article\" \/>\n<meta property=\"og:title\" content=\"Galatasaray, Devler Liginde Liverpool&#039;u konuk edecek - Kuzeyin Sesi\" \/>\n<meta property=\"og:description\" content=\"&#013; RAMS Park&#8217;ta yap\u0131lacak ma\u00e7, bug\u00fcn saat 20.45&#8217;te ba\u015flayacak. M\u00fcsabakay\u0131 \u0130spanyol hakem Jesus Gil Manzano y\u00f6netecek. M\u00fcsabaka, TRT 1 ve Tabii platformundan yay\u0131mlanacak. &#013; Avrupa futbolunun kul\u00fcpler d\u00fczeyindeki en b\u00fcy\u00fck organizasyonunda bu sezon lig etab\u0131n\u0131 3 galibiyet, 1 beraberlik, 4 ma\u011flubiyetle 20. s\u0131rada tamamlayan sar\u0131-k\u0131rm\u0131z\u0131l\u0131lar, son 16 play-off etab\u0131na y\u00fckseldi. Bu turda \u0130talyan temsilcisi Juventus [&hellip;]\" \/>\n<meta property=\"og:url\" content=\"https:\/\/kuzeyinsesi.org\/index.php\/2026\/03\/10\/galatasaray-devler-liginde-liverpoolu-konuk-edecek\/\" \/>\n<meta property=\"og:site_name\" content=\"Kuzeyin Sesi\" \/>\n<meta property=\"article:publisher\" content=\"https:\/\/www.facebook.com\/kuzeyinsesii\" \/>\n<meta property=\"article:published_time\" content=\"2026-03-10T02:33:33+00:00\" \/>\n<meta property=\"og:image\" content=\"https:\/\/trthaberstatic.cdn.wp.trt.com.tr\/resimler\/2402000\/galatasaray-aa-2403003.jpg\" \/>\n<meta name=\"author\" content=\"Kuzeyin Sesi\" \/>\n<meta name=\"twitter:card\" content=\"summary_large_image\" \/>\n<meta name=\"twitter:creator\" content=\"@kuzeyinsesii\" \/>\n<meta name=\"twitter:site\" content=\"@kuzeyinsesii\" \/>\n<meta name=\"twitter:label1\" content=\"Yazan:\" \/>\n\t<meta name=\"twitter:data1\" content=\"Kuzeyin Sesi\" \/>\n\t<meta name=\"twitter:label2\" content=\"Tahmini okuma s\u00fcresi\" \/>\n\t<meta name=\"twitter:data2\" content=\"1 dakika\" \/>\n<script type=\"application\/ld+json\" class=\"yoast-schema-graph\">{\"@context\":\"https:\\\/\\\/schema.org\",\"@graph\":[{\"@type\":\"Article\",\"@id\":\"https:\\\/\\\/kuzeyinsesi.org\\\/index.php\\\/2026\\\/03\\\/10\\\/galatasaray-devler-liginde-liverpoolu-konuk-edecek\\\/#article\",\"isPartOf\":{\"@id\":\"https:\\\/\\\/kuzeyinsesi.org\\\/index.php\\\/2026\\\/03\\\/10\\\/galatasaray-devler-liginde-liverpoolu-konuk-edecek\\\/\"},\"author\":{\"name\":\"Kuzeyin Sesi\",\"@id\":\"https:\\\/\\\/kuzeyinsesi.org\\\/#\\\/schema\\\/person\\\/9f859689cdf01485597712386e37f5aa\"},\"headline\":\"Galatasaray, Devler Liginde Liverpool&#039;u konuk edecek\",\"datePublished\":\"2026-03-10T02:33:33+00:00\",\"mainEntityOfPage\":{\"@id\":\"https:\\\/\\\/kuzeyinsesi.org\\\/index.php\\\/2026\\\/03\\\/10\\\/galatasaray-devler-liginde-liverpoolu-konuk-edecek\\\/\"},\"wordCount\":293,\"commentCount\":0,\"image\":{\"@id\":\"https:\\\/\\\/kuzeyinsesi.org\\\/index.php\\\/2026\\\/03\\\/10\\\/galatasaray-devler-liginde-liverpoolu-konuk-edecek\\\/#primaryimage\"},\"thumbnailUrl\":\"https:\\\/\\\/kuzeyinsesi.org\\\/wp-content\\\/uploads\\\/2026\\\/03\\\/galatasaray-aa-2403003.jpg\",\"articleSection\":[\"Spor\"],\"inLanguage\":\"tr\",\"potentialAction\":[{\"@type\":\"CommentAction\",\"name\":\"Comment\",\"target\":[\"https:\\\/\\\/kuzeyinsesi.org\\\/index.php\\\/2026\\\/03\\\/10\\\/galatasaray-devler-liginde-liverpoolu-konuk-edecek\\\/#respond\"]}]},{\"@type\":\"WebPage\",\"@id\":\"https:\\\/\\\/kuzeyinsesi.org\\\/index.php\\\/2026\\\/03\\\/10\\\/galatasaray-devler-liginde-liverpoolu-konuk-edecek\\\/\",\"url\":\"https:\\\/\\\/kuzeyinsesi.org\\\/index.php\\\/2026\\\/03\\\/10\\\/galatasaray-devler-liginde-liverpoolu-konuk-edecek\\\/\",\"name\":\"Galatasaray, Devler Liginde Liverpool&#039;u konuk edecek - Kuzeyin Sesi\",\"isPartOf\":{\"@id\":\"https:\\\/\\\/kuzeyinsesi.org\\\/#website\"},\"primaryImageOfPage\":{\"@id\":\"https:\\\/\\\/kuzeyinsesi.org\\\/index.php\\\/2026\\\/03\\\/10\\\/galatasaray-devler-liginde-liverpoolu-konuk-edecek\\\/#primaryimage\"},\"image\":{\"@id\":\"https:\\\/\\\/kuzeyinsesi.org\\\/index.php\\\/2026\\\/03\\\/10\\\/galatasaray-devler-liginde-liverpoolu-konuk-edecek\\\/#primaryimage\"},\"thumbnailUrl\":\"https:\\\/\\\/kuzeyinsesi.org\\\/wp-content\\\/uploads\\\/2026\\\/03\\\/galatasaray-aa-2403003.jpg\",\"datePublished\":\"2026-03-10T02:33:33+00:00\",\"author\":{\"@id\":\"https:\\\/\\\/kuzeyinsesi.org\\\/#\\\/schema\\\/person\\\/9f859689cdf01485597712386e37f5aa\"},\"breadcrumb\":{\"@id\":\"https:\\\/\\\/kuzeyinsesi.org\\\/index.php\\\/2026\\\/03\\\/10\\\/galatasaray-devler-liginde-liverpoolu-konuk-edecek\\\/#breadcrumb\"},\"inLanguage\":\"tr\",\"potentialAction\":[{\"@type\":\"ReadAction\",\"target\":[\"https:\\\/\\\/kuzeyinsesi.org\\\/index.php\\\/2026\\\/03\\\/10\\\/galatasaray-devler-liginde-liverpoolu-konuk-edecek\\\/\"]}]},{\"@type\":\"ImageObject\",\"inLanguage\":\"tr\",\"@id\":\"https:\\\/\\\/kuzeyinsesi.org\\\/index.php\\\/2026\\\/03\\\/10\\\/galatasaray-devler-liginde-liverpoolu-konuk-edecek\\\/#primaryimage\",\"url\":\"https:\\\/\\\/kuzeyinsesi.org\\\/wp-content\\\/uploads\\\/2026\\\/03\\\/galatasaray-aa-2403003.jpg\",\"contentUrl\":\"https:\\\/\\\/kuzeyinsesi.org\\\/wp-content\\\/uploads\\\/2026\\\/03\\\/galatasaray-aa-2403003.jpg\",\"width\":1280,\"height\":720},{\"@type\":\"BreadcrumbList\",\"@id\":\"https:\\\/\\\/kuzeyinsesi.org\\\/index.php\\\/2026\\\/03\\\/10\\\/galatasaray-devler-liginde-liverpoolu-konuk-edecek\\\/#breadcrumb\",\"itemListElement\":[{\"@type\":\"ListItem\",\"position\":1,\"name\":\"Anasayfa\",\"item\":\"https:\\\/\\\/kuzeyinsesi.org\\\/\"},{\"@type\":\"ListItem\",\"position\":2,\"name\":\"Galatasaray, Devler Liginde Liverpool&#039;u konuk edecek\"}]},{\"@type\":\"WebSite\",\"@id\":\"https:\\\/\\\/kuzeyinsesi.org\\\/#website\",\"url\":\"https:\\\/\\\/kuzeyinsesi.org\\\/\",\"name\":\"Kuzeyin Sesi\",\"description\":\"Do\u011fru Haberin Adresi\",\"potentialAction\":[{\"@type\":\"SearchAction\",\"target\":{\"@type\":\"EntryPoint\",\"urlTemplate\":\"https:\\\/\\\/kuzeyinsesi.org\\\/?s={search_term_string}\"},\"query-input\":{\"@type\":\"PropertyValueSpecification\",\"valueRequired\":true,\"valueName\":\"search_term_string\"}}],\"inLanguage\":\"tr\"},{\"@type\":\"Person\",\"@id\":\"https:\\\/\\\/kuzeyinsesi.org\\\/#\\\/schema\\\/person\\\/9f859689cdf01485597712386e37f5aa\",\"name\":\"Kuzeyin Sesi\",\"image\":{\"@type\":\"ImageObject\",\"inLanguage\":\"tr\",\"@id\":\"https:\\\/\\\/secure.gravatar.com\\\/avatar\\\/bab33852abfd8b282518d6ed81826833d77c3c882d9ab608add591ccace47a44?s=96&d=mm&r=g\",\"url\":\"https:\\\/\\\/secure.gravatar.com\\\/avatar\\\/bab33852abfd8b282518d6ed81826833d77c3c882d9ab608add591ccace47a44?s=96&d=mm&r=g\",\"contentUrl\":\"https:\\\/\\\/secure.gravatar.com\\\/avatar\\\/bab33852abfd8b282518d6ed81826833d77c3c882d9ab608add591ccace47a44?s=96&d=mm&r=g\",\"caption\":\"Kuzeyin Sesi\"},\"sameAs\":[\"https:\\\/\\\/kuzeyinsesi.org\"],\"url\":\"https:\\\/\\\/kuzeyinsesi.org\\\/index.php\\\/author\\\/guven\\\/\"}]}<\/script>\n<!-- \/ Yoast SEO plugin. -->","yoast_head_json":{"title":"Galatasaray, Devler Liginde Liverpool&#039;u konuk edecek - Kuzeyin Sesi","robots":{"index":"index","follow":"follow","max-snippet":"max-snippet:-1","max-image-preview":"max-image-preview:large","max-video-preview":"max-video-preview:-1"},"canonical":"https:\/\/kuzeyinsesi.org\/index.php\/2026\/03\/10\/galatasaray-devler-liginde-liverpoolu-konuk-edecek\/","og_locale":"tr_TR","og_type":"article","og_title":"Galatasaray, Devler Liginde Liverpool&#039;u konuk edecek - Kuzeyin Sesi","og_description":"&#13; RAMS Park&#8217;ta yap\u0131lacak ma\u00e7, bug\u00fcn saat 20.45&#8217;te ba\u015flayacak. M\u00fcsabakay\u0131 \u0130spanyol hakem Jesus Gil Manzano y\u00f6netecek. M\u00fcsabaka, TRT 1 ve Tabii platformundan yay\u0131mlanacak. &#13; Avrupa futbolunun kul\u00fcpler d\u00fczeyindeki en b\u00fcy\u00fck organizasyonunda bu sezon lig etab\u0131n\u0131 3 galibiyet, 1 beraberlik, 4 ma\u011flubiyetle 20. s\u0131rada tamamlayan sar\u0131-k\u0131rm\u0131z\u0131l\u0131lar, son 16 play-off etab\u0131na y\u00fckseldi. Bu turda \u0130talyan temsilcisi Juventus [&hellip;]","og_url":"https:\/\/kuzeyinsesi.org\/index.php\/2026\/03\/10\/galatasaray-devler-liginde-liverpoolu-konuk-edecek\/","og_site_name":"Kuzeyin Sesi","article_publisher":"https:\/\/www.facebook.com\/kuzeyinsesii","article_published_time":"2026-03-10T02:33:33+00:00","og_image":[{"url":"https:\/\/trthaberstatic.cdn.wp.trt.com.tr\/resimler\/2402000\/galatasaray-aa-2403003.jpg","type":"","width":"","height":""}],"author":"Kuzeyin Sesi","twitter_card":"summary_large_image","twitter_creator":"@kuzeyinsesii","twitter_site":"@kuzeyinsesii","twitter_misc":{"Yazan:":"Kuzeyin Sesi","Tahmini okuma s\u00fcresi":"1 dakika"},"schema":{"@context":"https:\/\/schema.org","@graph":[{"@type":"Article","@id":"https:\/\/kuzeyinsesi.org\/index.php\/2026\/03\/10\/galatasaray-devler-liginde-liverpoolu-konuk-edecek\/#article","isPartOf":{"@id":"https:\/\/kuzeyinsesi.org\/index.php\/2026\/03\/10\/galatasaray-devler-liginde-liverpoolu-konuk-edecek\/"},"author":{"name":"Kuzeyin Sesi","@id":"https:\/\/kuzeyinsesi.org\/#\/schema\/person\/9f859689cdf01485597712386e37f5aa"},"headline":"Galatasaray, Devler Liginde Liverpool&#039;u konuk edecek","datePublished":"2026-03-10T02:33:33+00:00","mainEntityOfPage":{"@id":"https:\/\/kuzeyinsesi.org\/index.php\/2026\/03\/10\/galatasaray-devler-liginde-liverpoolu-konuk-edecek\/"},"wordCount":293,"commentCount":0,"image":{"@id":"https:\/\/kuzeyinsesi.org\/index.php\/2026\/03\/10\/galatasaray-devler-liginde-liverpoolu-konuk-edecek\/#primaryimage"},"thumbnailUrl":"https:\/\/kuzeyinsesi.org\/wp-content\/uploads\/2026\/03\/galatasaray-aa-2403003.jpg","articleSection":["Spor"],"inLanguage":"tr","potentialAction":[{"@type":"CommentAction","name":"Comment","target":["https:\/\/kuzeyinsesi.org\/index.php\/2026\/03\/10\/galatasaray-devler-liginde-liverpoolu-konuk-edecek\/#respond"]}]},{"@type":"WebPage","@id":"https:\/\/kuzeyinsesi.org\/index.php\/2026\/03\/10\/galatasaray-devler-liginde-liverpoolu-konuk-edecek\/","url":"https:\/\/kuzeyinsesi.org\/index.php\/2026\/03\/10\/galatasaray-devler-liginde-liverpoolu-konuk-edecek\/","name":"Galatasaray, Devler Liginde Liverpool&#039;u konuk edecek - Kuzeyin Sesi","isPartOf":{"@id":"https:\/\/kuzeyinsesi.org\/#website"},"primaryImageOfPage":{"@id":"https:\/\/kuzeyinsesi.org\/index.php\/2026\/03\/10\/galatasaray-devler-liginde-liverpoolu-konuk-edecek\/#primaryimage"},"image":{"@id":"https:\/\/kuzeyinsesi.org\/index.php\/2026\/03\/10\/galatasaray-devler-liginde-liverpoolu-konuk-edecek\/#primaryimage"},"thumbnailUrl":"https:\/\/kuzeyinsesi.org\/wp-content\/uploads\/2026\/03\/galatasaray-aa-2403003.jpg","datePublished":"2026-03-10T02:33:33+00:00","author":{"@id":"https:\/\/kuzeyinsesi.org\/#\/schema\/person\/9f859689cdf01485597712386e37f5aa"},"breadcrumb":{"@id":"https:\/\/kuzeyinsesi.org\/index.php\/2026\/03\/10\/galatasaray-devler-liginde-liverpoolu-konuk-edecek\/#breadcrumb"},"inLanguage":"tr","potentialAction":[{"@type":"ReadAction","target":["https:\/\/kuzeyinsesi.org\/index.php\/2026\/03\/10\/galatasaray-devler-liginde-liverpoolu-konuk-edecek\/"]}]},{"@type":"ImageObject","inLanguage":"tr","@id":"https:\/\/kuzeyinsesi.org\/index.php\/2026\/03\/10\/galatasaray-devler-liginde-liverpoolu-konuk-edecek\/#primaryimage","url":"https:\/\/kuzeyinsesi.org\/wp-content\/uploads\/2026\/03\/galatasaray-aa-2403003.jpg","contentUrl":"https:\/\/kuzeyinsesi.org\/wp-content\/uploads\/2026\/03\/galatasaray-aa-2403003.jpg","width":1280,"height":720},{"@type":"BreadcrumbList","@id":"https:\/\/kuzeyinsesi.org\/index.php\/2026\/03\/10\/galatasaray-devler-liginde-liverpoolu-konuk-edecek\/#breadcrumb","itemListElement":[{"@type":"ListItem","position":1,"name":"Anasayfa","item":"https:\/\/kuzeyinsesi.org\/"},{"@type":"ListItem","position":2,"name":"Galatasaray, Devler Liginde Liverpool&#039;u konuk edecek"}]},{"@type":"WebSite","@id":"https:\/\/kuzeyinsesi.org\/#website","url":"https:\/\/kuzeyinsesi.org\/","name":"Kuzeyin Sesi","description":"Do\u011fru Haberin Adresi","potentialAction":[{"@type":"SearchAction","target":{"@type":"EntryPoint","urlTemplate":"https:\/\/kuzeyinsesi.org\/?s={search_term_string}"},"query-input":{"@type":"PropertyValueSpecification","valueRequired":true,"valueName":"search_term_string"}}],"inLanguage":"tr"},{"@type":"Person","@id":"https:\/\/kuzeyinsesi.org\/#\/schema\/person\/9f859689cdf01485597712386e37f5aa","name":"Kuzeyin Sesi","image":{"@type":"ImageObject","inLanguage":"tr","@id":"https:\/\/secure.gravatar.com\/avatar\/bab33852abfd8b282518d6ed81826833d77c3c882d9ab608add591ccace47a44?s=96&d=mm&r=g","url":"https:\/\/secure.gravatar.com\/avatar\/bab33852abfd8b282518d6ed81826833d77c3c882d9ab608add591ccace47a44?s=96&d=mm&r=g","contentUrl":"https:\/\/secure.gravatar.com\/avatar\/bab33852abfd8b282518d6ed81826833d77c3c882d9ab608add591ccace47a44?s=96&d=mm&r=g","caption":"Kuzeyin Sesi"},"sameAs":["https:\/\/kuzeyinsesi.org"],"url":"https:\/\/kuzeyinsesi.org\/index.php\/author\/guven\/"}]}},"_links":{"self":[{"href":"https:\/\/kuzeyinsesi.org\/index.php\/wp-json\/wp\/v2\/posts\/36380","targetHints":{"allow":["GET"]}}],"collection":[{"href":"https:\/\/kuzeyinsesi.org\/index.php\/wp-json\/wp\/v2\/posts"}],"about":[{"href":"https:\/\/kuzeyinsesi.org\/index.php\/wp-json\/wp\/v2\/types\/post"}],"author":[{"embeddable":true,"href":"https:\/\/kuzeyinsesi.org\/index.php\/wp-json\/wp\/v2\/users\/1"}],"replies":[{"embeddable":true,"href":"https:\/\/kuzeyinsesi.org\/index.php\/wp-json\/wp\/v2\/comments?post=36380"}],"version-history":[{"count":0,"href":"https:\/\/kuzeyinsesi.org\/index.php\/wp-json\/wp\/v2\/posts\/36380\/revisions"}],"wp:featuredmedia":[{"embeddable":true,"href":"https:\/\/kuzeyinsesi.org\/index.php\/wp-json\/wp\/v2\/media\/36381"}],"wp:attachment":[{"href":"https:\/\/kuzeyinsesi.org\/index.php\/wp-json\/wp\/v2\/media?parent=36380"}],"wp:term":[{"taxonomy":"category","embeddable":true,"href":"https:\/\/kuzeyinsesi.org\/index.php\/wp-json\/wp\/v2\/categories?post=36380"},{"taxonomy":"post_tag","embeddable":true,"href":"https:\/\/kuzeyinsesi.org\/index.php\/wp-json\/wp\/v2\/tags?post=36380"}],"curies":[{"name":"wp","href":"https:\/\/api.w.org\/{rel}","templated":true}]}}