{"id":36302,"date":"2026-03-08T10:50:40","date_gmt":"2026-03-08T08:50:40","guid":{"rendered":"https:\/\/kuzeyinsesi.org\/index.php\/2026\/03\/08\/gucleri-emekleri-ve-basarilariyla-topluma-deger-katan-tum-kadinlarin-8-mart-dunya-kadinlar-gunu-kutlu-olsun\/"},"modified":"2026-03-08T10:50:40","modified_gmt":"2026-03-08T08:50:40","slug":"gucleri-emekleri-ve-basarilariyla-topluma-deger-katan-tum-kadinlarin-8-mart-dunya-kadinlar-gunu-kutlu-olsun","status":"publish","type":"post","link":"https:\/\/kuzeyinsesi.org\/index.php\/2026\/03\/08\/gucleri-emekleri-ve-basarilariyla-topluma-deger-katan-tum-kadinlarin-8-mart-dunya-kadinlar-gunu-kutlu-olsun\/","title":{"rendered":"G\u00fc\u00e7leri, emekleri ve ba\u015far\u0131lar\u0131yla topluma de\u011fer katan t\u00fcm kad\u0131nlar\u0131n 8 Mart D\u00fcnya Kad\u0131nlar G\u00fcn\u00fc kutlu olsun\u2026"},"content":{"rendered":"<div class=\"\" data-block=\"true\" data-editor=\"2s91f\" data-offset-key=\"f433k-0-0\">\n<div class=\"_1mf _1mj\" data-offset-key=\"f433k-0-0\"><\/div>\n<\/div>\n<div class=\"\" data-block=\"true\" data-editor=\"2s91f\" data-offset-key=\"6c60p-0-0\">\n<div class=\"_1mf _1mj\" data-offset-key=\"6c60p-0-0\">\n<div style=\"width: 1280px\" class=\"wp-video\"><video class=\"wp-video-shortcode\" id=\"video-1182828-1\" width=\"1280\" height=\"720\" poster=\"https:\/\/brtk.net\/wp-content\/uploads\/2026\/03\/06\/kadinlar-gunu.jpg?ver=d512ec1a466e39f543e2c0d01fbd7b5f\" preload=\"metadata\" controls=\"controls\">https:\/\/brtk.net\/wp-content\/uploads\/2026\/03\/06\/8_mart_kadinlar_gunu_dikey_reels_HD_ENC.mp4?ver=fe062f89749a67d83da121da4b26e5aa<\/video><\/div>\n<\/div>\n<div data-offset-key=\"6c60p-0-0\"><\/div>\n<div data-offset-key=\"6c60p-0-0\"><\/div>\n<div class=\"_1mf _1mj\" data-offset-key=\"6c60p-0-0\"><span data-offset-key=\"6c60p-0-0\">G\u00fc\u00e7leri, emekleri ve ba\u015far\u0131lar\u0131yla topluma de\u011fer katan t\u00fcm kad\u0131nlar\u0131n 8 Mart D\u00fcnya Kad\u0131nlar G\u00fcn\u00fc kutlu olsun&#8230;<\/span><\/div>\n<\/div>\n<div data-offset-key=\"6c60p-0-0\"><\/div>\n","protected":false},"excerpt":{"rendered":"<p>https:\/\/brtk.net\/wp-content\/uploads\/2026\/03\/06\/8_mart_kadinlar_gunu_dikey_reels_HD_ENC.mp4?ver=fe062f89749a67d83da121da4b26e5aa G\u00fc\u00e7leri, emekleri ve ba\u015far\u0131lar\u0131yla topluma de\u011fer katan t\u00fcm kad\u0131nlar\u0131n 8 Mart D\u00fcnya Kad\u0131nlar G\u00fcn\u00fc kutlu olsun&#8230;<\/p>\n","protected":false},"author":1,"featured_media":36303,"comment_status":"open","ping_status":"open","sticky":false,"template":"","format":"standard","meta":{"jnews-multi-image_gallery":[],"jnews_single_post":[],"jnews_primary_category":[],"jnews_social_meta":[],"jnews_override_counter":[],"footnotes":""},"categories":[5],"tags":[],"class_list":["post-36302","post","type-post","status-publish","format-standard","has-post-thumbnail","hentry","category-turkiye"],"yoast_head":"<!-- This site is optimized with the Yoast SEO plugin v27.5 - https:\/\/yoast.com\/product\/yoast-seo-wordpress\/ -->\n<title>G\u00fc\u00e7leri, emekleri ve ba\u015far\u0131lar\u0131yla topluma de\u011fer katan t\u00fcm kad\u0131nlar\u0131n 8 Mart D\u00fcnya Kad\u0131nlar G\u00fcn\u00fc kutlu olsun\u2026 - Kuzeyin Sesi<\/title>\n<meta name=\"robots\" content=\"index, follow, max-snippet:-1, max-image-preview:large, max-video-preview:-1\" \/>\n<link rel=\"canonical\" href=\"https:\/\/kuzeyinsesi.org\/index.php\/2026\/03\/08\/gucleri-emekleri-ve-basarilariyla-topluma-deger-katan-tum-kadinlarin-8-mart-dunya-kadinlar-gunu-kutlu-olsun\/\" \/>\n<meta property=\"og:locale\" content=\"tr_TR\" \/>\n<meta property=\"og:type\" content=\"article\" \/>\n<meta property=\"og:title\" content=\"G\u00fc\u00e7leri, emekleri ve ba\u015far\u0131lar\u0131yla topluma de\u011fer katan t\u00fcm kad\u0131nlar\u0131n 8 Mart D\u00fcnya Kad\u0131nlar G\u00fcn\u00fc kutlu olsun\u2026 - Kuzeyin Sesi\" \/>\n<meta property=\"og:description\" content=\"https:\/\/brtk.net\/wp-content\/uploads\/2026\/03\/06\/8_mart_kadinlar_gunu_dikey_reels_HD_ENC.mp4?ver=fe062f89749a67d83da121da4b26e5aa G\u00fc\u00e7leri, emekleri ve ba\u015far\u0131lar\u0131yla topluma de\u011fer katan t\u00fcm kad\u0131nlar\u0131n 8 Mart D\u00fcnya Kad\u0131nlar G\u00fcn\u00fc kutlu olsun&#8230;\" \/>\n<meta property=\"og:url\" content=\"https:\/\/kuzeyinsesi.org\/index.php\/2026\/03\/08\/gucleri-emekleri-ve-basarilariyla-topluma-deger-katan-tum-kadinlarin-8-mart-dunya-kadinlar-gunu-kutlu-olsun\/\" \/>\n<meta property=\"og:site_name\" content=\"Kuzeyin Sesi\" \/>\n<meta property=\"article:publisher\" content=\"https:\/\/www.facebook.com\/kuzeyinsesii\" \/>\n<meta property=\"article:published_time\" content=\"2026-03-08T08:50:40+00:00\" \/>\n<meta name=\"author\" content=\"Kuzeyin Sesi\" \/>\n<meta name=\"twitter:card\" content=\"summary_large_image\" \/>\n<meta name=\"twitter:creator\" content=\"@kuzeyinsesii\" \/>\n<meta name=\"twitter:site\" content=\"@kuzeyinsesii\" \/>\n<meta name=\"twitter:label1\" content=\"Yazan:\" \/>\n\t<meta name=\"twitter:data1\" content=\"Kuzeyin Sesi\" \/>\n<script type=\"application\/ld+json\" class=\"yoast-schema-graph\">{\"@context\":\"https:\\\/\\\/schema.org\",\"@graph\":[{\"@type\":\"Article\",\"@id\":\"https:\\\/\\\/kuzeyinsesi.org\\\/index.php\\\/2026\\\/03\\\/08\\\/gucleri-emekleri-ve-basarilariyla-topluma-deger-katan-tum-kadinlarin-8-mart-dunya-kadinlar-gunu-kutlu-olsun\\\/#article\",\"isPartOf\":{\"@id\":\"https:\\\/\\\/kuzeyinsesi.org\\\/index.php\\\/2026\\\/03\\\/08\\\/gucleri-emekleri-ve-basarilariyla-topluma-deger-katan-tum-kadinlarin-8-mart-dunya-kadinlar-gunu-kutlu-olsun\\\/\"},\"author\":{\"name\":\"Kuzeyin Sesi\",\"@id\":\"https:\\\/\\\/kuzeyinsesi.org\\\/#\\\/schema\\\/person\\\/9f859689cdf01485597712386e37f5aa\"},\"headline\":\"G\u00fc\u00e7leri, emekleri ve ba\u015far\u0131lar\u0131yla topluma de\u011fer katan t\u00fcm kad\u0131nlar\u0131n 8 Mart D\u00fcnya Kad\u0131nlar G\u00fcn\u00fc kutlu olsun\u2026\",\"datePublished\":\"2026-03-08T08:50:40+00:00\",\"mainEntityOfPage\":{\"@id\":\"https:\\\/\\\/kuzeyinsesi.org\\\/index.php\\\/2026\\\/03\\\/08\\\/gucleri-emekleri-ve-basarilariyla-topluma-deger-katan-tum-kadinlarin-8-mart-dunya-kadinlar-gunu-kutlu-olsun\\\/\"},\"wordCount\":75,\"commentCount\":0,\"image\":{\"@id\":\"https:\\\/\\\/kuzeyinsesi.org\\\/index.php\\\/2026\\\/03\\\/08\\\/gucleri-emekleri-ve-basarilariyla-topluma-deger-katan-tum-kadinlarin-8-mart-dunya-kadinlar-gunu-kutlu-olsun\\\/#primaryimage\"},\"thumbnailUrl\":\"https:\\\/\\\/kuzeyinsesi.org\\\/wp-content\\\/uploads\\\/2026\\\/03\\\/kadinlar-gunu.jpg\",\"articleSection\":[\"T\u00fcrkiye\"],\"inLanguage\":\"tr\",\"potentialAction\":[{\"@type\":\"CommentAction\",\"name\":\"Comment\",\"target\":[\"https:\\\/\\\/kuzeyinsesi.org\\\/index.php\\\/2026\\\/03\\\/08\\\/gucleri-emekleri-ve-basarilariyla-topluma-deger-katan-tum-kadinlarin-8-mart-dunya-kadinlar-gunu-kutlu-olsun\\\/#respond\"]}]},{\"@type\":\"WebPage\",\"@id\":\"https:\\\/\\\/kuzeyinsesi.org\\\/index.php\\\/2026\\\/03\\\/08\\\/gucleri-emekleri-ve-basarilariyla-topluma-deger-katan-tum-kadinlarin-8-mart-dunya-kadinlar-gunu-kutlu-olsun\\\/\",\"url\":\"https:\\\/\\\/kuzeyinsesi.org\\\/index.php\\\/2026\\\/03\\\/08\\\/gucleri-emekleri-ve-basarilariyla-topluma-deger-katan-tum-kadinlarin-8-mart-dunya-kadinlar-gunu-kutlu-olsun\\\/\",\"name\":\"G\u00fc\u00e7leri, emekleri ve ba\u015far\u0131lar\u0131yla topluma de\u011fer katan t\u00fcm kad\u0131nlar\u0131n 8 Mart D\u00fcnya Kad\u0131nlar G\u00fcn\u00fc kutlu olsun\u2026 - Kuzeyin Sesi\",\"isPartOf\":{\"@id\":\"https:\\\/\\\/kuzeyinsesi.org\\\/#website\"},\"primaryImageOfPage\":{\"@id\":\"https:\\\/\\\/kuzeyinsesi.org\\\/index.php\\\/2026\\\/03\\\/08\\\/gucleri-emekleri-ve-basarilariyla-topluma-deger-katan-tum-kadinlarin-8-mart-dunya-kadinlar-gunu-kutlu-olsun\\\/#primaryimage\"},\"image\":{\"@id\":\"https:\\\/\\\/kuzeyinsesi.org\\\/index.php\\\/2026\\\/03\\\/08\\\/gucleri-emekleri-ve-basarilariyla-topluma-deger-katan-tum-kadinlarin-8-mart-dunya-kadinlar-gunu-kutlu-olsun\\\/#primaryimage\"},\"thumbnailUrl\":\"https:\\\/\\\/kuzeyinsesi.org\\\/wp-content\\\/uploads\\\/2026\\\/03\\\/kadinlar-gunu.jpg\",\"datePublished\":\"2026-03-08T08:50:40+00:00\",\"author\":{\"@id\":\"https:\\\/\\\/kuzeyinsesi.org\\\/#\\\/schema\\\/person\\\/9f859689cdf01485597712386e37f5aa\"},\"breadcrumb\":{\"@id\":\"https:\\\/\\\/kuzeyinsesi.org\\\/index.php\\\/2026\\\/03\\\/08\\\/gucleri-emekleri-ve-basarilariyla-topluma-deger-katan-tum-kadinlarin-8-mart-dunya-kadinlar-gunu-kutlu-olsun\\\/#breadcrumb\"},\"inLanguage\":\"tr\",\"potentialAction\":[{\"@type\":\"ReadAction\",\"target\":[\"https:\\\/\\\/kuzeyinsesi.org\\\/index.php\\\/2026\\\/03\\\/08\\\/gucleri-emekleri-ve-basarilariyla-topluma-deger-katan-tum-kadinlarin-8-mart-dunya-kadinlar-gunu-kutlu-olsun\\\/\"]}]},{\"@type\":\"ImageObject\",\"inLanguage\":\"tr\",\"@id\":\"https:\\\/\\\/kuzeyinsesi.org\\\/index.php\\\/2026\\\/03\\\/08\\\/gucleri-emekleri-ve-basarilariyla-topluma-deger-katan-tum-kadinlarin-8-mart-dunya-kadinlar-gunu-kutlu-olsun\\\/#primaryimage\",\"url\":\"https:\\\/\\\/kuzeyinsesi.org\\\/wp-content\\\/uploads\\\/2026\\\/03\\\/kadinlar-gunu.jpg\",\"contentUrl\":\"https:\\\/\\\/kuzeyinsesi.org\\\/wp-content\\\/uploads\\\/2026\\\/03\\\/kadinlar-gunu.jpg\",\"width\":1323,\"height\":699},{\"@type\":\"BreadcrumbList\",\"@id\":\"https:\\\/\\\/kuzeyinsesi.org\\\/index.php\\\/2026\\\/03\\\/08\\\/gucleri-emekleri-ve-basarilariyla-topluma-deger-katan-tum-kadinlarin-8-mart-dunya-kadinlar-gunu-kutlu-olsun\\\/#breadcrumb\",\"itemListElement\":[{\"@type\":\"ListItem\",\"position\":1,\"name\":\"Anasayfa\",\"item\":\"https:\\\/\\\/kuzeyinsesi.org\\\/\"},{\"@type\":\"ListItem\",\"position\":2,\"name\":\"G\u00fc\u00e7leri, emekleri ve ba\u015far\u0131lar\u0131yla topluma de\u011fer katan t\u00fcm kad\u0131nlar\u0131n 8 Mart D\u00fcnya Kad\u0131nlar G\u00fcn\u00fc kutlu olsun\u2026\"}]},{\"@type\":\"WebSite\",\"@id\":\"https:\\\/\\\/kuzeyinsesi.org\\\/#website\",\"url\":\"https:\\\/\\\/kuzeyinsesi.org\\\/\",\"name\":\"Kuzeyin Sesi\",\"description\":\"Do\u011fru Haberin Adresi\",\"potentialAction\":[{\"@type\":\"SearchAction\",\"target\":{\"@type\":\"EntryPoint\",\"urlTemplate\":\"https:\\\/\\\/kuzeyinsesi.org\\\/?s={search_term_string}\"},\"query-input\":{\"@type\":\"PropertyValueSpecification\",\"valueRequired\":true,\"valueName\":\"search_term_string\"}}],\"inLanguage\":\"tr\"},{\"@type\":\"Person\",\"@id\":\"https:\\\/\\\/kuzeyinsesi.org\\\/#\\\/schema\\\/person\\\/9f859689cdf01485597712386e37f5aa\",\"name\":\"Kuzeyin Sesi\",\"image\":{\"@type\":\"ImageObject\",\"inLanguage\":\"tr\",\"@id\":\"https:\\\/\\\/secure.gravatar.com\\\/avatar\\\/bab33852abfd8b282518d6ed81826833d77c3c882d9ab608add591ccace47a44?s=96&d=mm&r=g\",\"url\":\"https:\\\/\\\/secure.gravatar.com\\\/avatar\\\/bab33852abfd8b282518d6ed81826833d77c3c882d9ab608add591ccace47a44?s=96&d=mm&r=g\",\"contentUrl\":\"https:\\\/\\\/secure.gravatar.com\\\/avatar\\\/bab33852abfd8b282518d6ed81826833d77c3c882d9ab608add591ccace47a44?s=96&d=mm&r=g\",\"caption\":\"Kuzeyin Sesi\"},\"sameAs\":[\"https:\\\/\\\/kuzeyinsesi.org\"],\"url\":\"https:\\\/\\\/kuzeyinsesi.org\\\/index.php\\\/author\\\/guven\\\/\"}]}<\/script>\n<!-- \/ Yoast SEO plugin. -->","yoast_head_json":{"title":"G\u00fc\u00e7leri, emekleri ve ba\u015far\u0131lar\u0131yla topluma de\u011fer katan t\u00fcm kad\u0131nlar\u0131n 8 Mart D\u00fcnya Kad\u0131nlar G\u00fcn\u00fc kutlu olsun\u2026 - Kuzeyin Sesi","robots":{"index":"index","follow":"follow","max-snippet":"max-snippet:-1","max-image-preview":"max-image-preview:large","max-video-preview":"max-video-preview:-1"},"canonical":"https:\/\/kuzeyinsesi.org\/index.php\/2026\/03\/08\/gucleri-emekleri-ve-basarilariyla-topluma-deger-katan-tum-kadinlarin-8-mart-dunya-kadinlar-gunu-kutlu-olsun\/","og_locale":"tr_TR","og_type":"article","og_title":"G\u00fc\u00e7leri, emekleri ve ba\u015far\u0131lar\u0131yla topluma de\u011fer katan t\u00fcm kad\u0131nlar\u0131n 8 Mart D\u00fcnya Kad\u0131nlar G\u00fcn\u00fc kutlu olsun\u2026 - Kuzeyin Sesi","og_description":"https:\/\/brtk.net\/wp-content\/uploads\/2026\/03\/06\/8_mart_kadinlar_gunu_dikey_reels_HD_ENC.mp4?ver=fe062f89749a67d83da121da4b26e5aa G\u00fc\u00e7leri, emekleri ve ba\u015far\u0131lar\u0131yla topluma de\u011fer katan t\u00fcm kad\u0131nlar\u0131n 8 Mart D\u00fcnya Kad\u0131nlar G\u00fcn\u00fc kutlu olsun&#8230;","og_url":"https:\/\/kuzeyinsesi.org\/index.php\/2026\/03\/08\/gucleri-emekleri-ve-basarilariyla-topluma-deger-katan-tum-kadinlarin-8-mart-dunya-kadinlar-gunu-kutlu-olsun\/","og_site_name":"Kuzeyin Sesi","article_publisher":"https:\/\/www.facebook.com\/kuzeyinsesii","article_published_time":"2026-03-08T08:50:40+00:00","author":"Kuzeyin Sesi","twitter_card":"summary_large_image","twitter_creator":"@kuzeyinsesii","twitter_site":"@kuzeyinsesii","twitter_misc":{"Yazan:":"Kuzeyin Sesi"},"schema":{"@context":"https:\/\/schema.org","@graph":[{"@type":"Article","@id":"https:\/\/kuzeyinsesi.org\/index.php\/2026\/03\/08\/gucleri-emekleri-ve-basarilariyla-topluma-deger-katan-tum-kadinlarin-8-mart-dunya-kadinlar-gunu-kutlu-olsun\/#article","isPartOf":{"@id":"https:\/\/kuzeyinsesi.org\/index.php\/2026\/03\/08\/gucleri-emekleri-ve-basarilariyla-topluma-deger-katan-tum-kadinlarin-8-mart-dunya-kadinlar-gunu-kutlu-olsun\/"},"author":{"name":"Kuzeyin Sesi","@id":"https:\/\/kuzeyinsesi.org\/#\/schema\/person\/9f859689cdf01485597712386e37f5aa"},"headline":"G\u00fc\u00e7leri, emekleri ve ba\u015far\u0131lar\u0131yla topluma de\u011fer katan t\u00fcm kad\u0131nlar\u0131n 8 Mart D\u00fcnya Kad\u0131nlar G\u00fcn\u00fc kutlu olsun\u2026","datePublished":"2026-03-08T08:50:40+00:00","mainEntityOfPage":{"@id":"https:\/\/kuzeyinsesi.org\/index.php\/2026\/03\/08\/gucleri-emekleri-ve-basarilariyla-topluma-deger-katan-tum-kadinlarin-8-mart-dunya-kadinlar-gunu-kutlu-olsun\/"},"wordCount":75,"commentCount":0,"image":{"@id":"https:\/\/kuzeyinsesi.org\/index.php\/2026\/03\/08\/gucleri-emekleri-ve-basarilariyla-topluma-deger-katan-tum-kadinlarin-8-mart-dunya-kadinlar-gunu-kutlu-olsun\/#primaryimage"},"thumbnailUrl":"https:\/\/kuzeyinsesi.org\/wp-content\/uploads\/2026\/03\/kadinlar-gunu.jpg","articleSection":["T\u00fcrkiye"],"inLanguage":"tr","potentialAction":[{"@type":"CommentAction","name":"Comment","target":["https:\/\/kuzeyinsesi.org\/index.php\/2026\/03\/08\/gucleri-emekleri-ve-basarilariyla-topluma-deger-katan-tum-kadinlarin-8-mart-dunya-kadinlar-gunu-kutlu-olsun\/#respond"]}]},{"@type":"WebPage","@id":"https:\/\/kuzeyinsesi.org\/index.php\/2026\/03\/08\/gucleri-emekleri-ve-basarilariyla-topluma-deger-katan-tum-kadinlarin-8-mart-dunya-kadinlar-gunu-kutlu-olsun\/","url":"https:\/\/kuzeyinsesi.org\/index.php\/2026\/03\/08\/gucleri-emekleri-ve-basarilariyla-topluma-deger-katan-tum-kadinlarin-8-mart-dunya-kadinlar-gunu-kutlu-olsun\/","name":"G\u00fc\u00e7leri, emekleri ve ba\u015far\u0131lar\u0131yla topluma de\u011fer katan t\u00fcm kad\u0131nlar\u0131n 8 Mart D\u00fcnya Kad\u0131nlar G\u00fcn\u00fc kutlu olsun\u2026 - Kuzeyin Sesi","isPartOf":{"@id":"https:\/\/kuzeyinsesi.org\/#website"},"primaryImageOfPage":{"@id":"https:\/\/kuzeyinsesi.org\/index.php\/2026\/03\/08\/gucleri-emekleri-ve-basarilariyla-topluma-deger-katan-tum-kadinlarin-8-mart-dunya-kadinlar-gunu-kutlu-olsun\/#primaryimage"},"image":{"@id":"https:\/\/kuzeyinsesi.org\/index.php\/2026\/03\/08\/gucleri-emekleri-ve-basarilariyla-topluma-deger-katan-tum-kadinlarin-8-mart-dunya-kadinlar-gunu-kutlu-olsun\/#primaryimage"},"thumbnailUrl":"https:\/\/kuzeyinsesi.org\/wp-content\/uploads\/2026\/03\/kadinlar-gunu.jpg","datePublished":"2026-03-08T08:50:40+00:00","author":{"@id":"https:\/\/kuzeyinsesi.org\/#\/schema\/person\/9f859689cdf01485597712386e37f5aa"},"breadcrumb":{"@id":"https:\/\/kuzeyinsesi.org\/index.php\/2026\/03\/08\/gucleri-emekleri-ve-basarilariyla-topluma-deger-katan-tum-kadinlarin-8-mart-dunya-kadinlar-gunu-kutlu-olsun\/#breadcrumb"},"inLanguage":"tr","potentialAction":[{"@type":"ReadAction","target":["https:\/\/kuzeyinsesi.org\/index.php\/2026\/03\/08\/gucleri-emekleri-ve-basarilariyla-topluma-deger-katan-tum-kadinlarin-8-mart-dunya-kadinlar-gunu-kutlu-olsun\/"]}]},{"@type":"ImageObject","inLanguage":"tr","@id":"https:\/\/kuzeyinsesi.org\/index.php\/2026\/03\/08\/gucleri-emekleri-ve-basarilariyla-topluma-deger-katan-tum-kadinlarin-8-mart-dunya-kadinlar-gunu-kutlu-olsun\/#primaryimage","url":"https:\/\/kuzeyinsesi.org\/wp-content\/uploads\/2026\/03\/kadinlar-gunu.jpg","contentUrl":"https:\/\/kuzeyinsesi.org\/wp-content\/uploads\/2026\/03\/kadinlar-gunu.jpg","width":1323,"height":699},{"@type":"BreadcrumbList","@id":"https:\/\/kuzeyinsesi.org\/index.php\/2026\/03\/08\/gucleri-emekleri-ve-basarilariyla-topluma-deger-katan-tum-kadinlarin-8-mart-dunya-kadinlar-gunu-kutlu-olsun\/#breadcrumb","itemListElement":[{"@type":"ListItem","position":1,"name":"Anasayfa","item":"https:\/\/kuzeyinsesi.org\/"},{"@type":"ListItem","position":2,"name":"G\u00fc\u00e7leri, emekleri ve ba\u015far\u0131lar\u0131yla topluma de\u011fer katan t\u00fcm kad\u0131nlar\u0131n 8 Mart D\u00fcnya Kad\u0131nlar G\u00fcn\u00fc kutlu olsun\u2026"}]},{"@type":"WebSite","@id":"https:\/\/kuzeyinsesi.org\/#website","url":"https:\/\/kuzeyinsesi.org\/","name":"Kuzeyin Sesi","description":"Do\u011fru Haberin Adresi","potentialAction":[{"@type":"SearchAction","target":{"@type":"EntryPoint","urlTemplate":"https:\/\/kuzeyinsesi.org\/?s={search_term_string}"},"query-input":{"@type":"PropertyValueSpecification","valueRequired":true,"valueName":"search_term_string"}}],"inLanguage":"tr"},{"@type":"Person","@id":"https:\/\/kuzeyinsesi.org\/#\/schema\/person\/9f859689cdf01485597712386e37f5aa","name":"Kuzeyin Sesi","image":{"@type":"ImageObject","inLanguage":"tr","@id":"https:\/\/secure.gravatar.com\/avatar\/bab33852abfd8b282518d6ed81826833d77c3c882d9ab608add591ccace47a44?s=96&d=mm&r=g","url":"https:\/\/secure.gravatar.com\/avatar\/bab33852abfd8b282518d6ed81826833d77c3c882d9ab608add591ccace47a44?s=96&d=mm&r=g","contentUrl":"https:\/\/secure.gravatar.com\/avatar\/bab33852abfd8b282518d6ed81826833d77c3c882d9ab608add591ccace47a44?s=96&d=mm&r=g","caption":"Kuzeyin Sesi"},"sameAs":["https:\/\/kuzeyinsesi.org"],"url":"https:\/\/kuzeyinsesi.org\/index.php\/author\/guven\/"}]}},"_links":{"self":[{"href":"https:\/\/kuzeyinsesi.org\/index.php\/wp-json\/wp\/v2\/posts\/36302","targetHints":{"allow":["GET"]}}],"collection":[{"href":"https:\/\/kuzeyinsesi.org\/index.php\/wp-json\/wp\/v2\/posts"}],"about":[{"href":"https:\/\/kuzeyinsesi.org\/index.php\/wp-json\/wp\/v2\/types\/post"}],"author":[{"embeddable":true,"href":"https:\/\/kuzeyinsesi.org\/index.php\/wp-json\/wp\/v2\/users\/1"}],"replies":[{"embeddable":true,"href":"https:\/\/kuzeyinsesi.org\/index.php\/wp-json\/wp\/v2\/comments?post=36302"}],"version-history":[{"count":0,"href":"https:\/\/kuzeyinsesi.org\/index.php\/wp-json\/wp\/v2\/posts\/36302\/revisions"}],"wp:featuredmedia":[{"embeddable":true,"href":"https:\/\/kuzeyinsesi.org\/index.php\/wp-json\/wp\/v2\/media\/36303"}],"wp:attachment":[{"href":"https:\/\/kuzeyinsesi.org\/index.php\/wp-json\/wp\/v2\/media?parent=36302"}],"wp:term":[{"taxonomy":"category","embeddable":true,"href":"https:\/\/kuzeyinsesi.org\/index.php\/wp-json\/wp\/v2\/categories?post=36302"},{"taxonomy":"post_tag","embeddable":true,"href":"https:\/\/kuzeyinsesi.org\/index.php\/wp-json\/wp\/v2\/tags?post=36302"}],"curies":[{"name":"wp","href":"https:\/\/api.w.org\/{rel}","templated":true}]}}