{"id":363,"date":"2024-04-25T09:52:11","date_gmt":"2024-04-25T06:52:11","guid":{"rendered":"https:\/\/kuzeyinsesi.com\/index.php\/2024\/04\/25\/el-sen-gorevi-basinda-sehit-dusen-ibrahim-esmeri-anacak\/"},"modified":"2024-04-25T09:52:11","modified_gmt":"2024-04-25T06:52:11","slug":"el-sen-gorevi-basinda-sehit-dusen-ibrahim-esmeri-anacak","status":"publish","type":"post","link":"https:\/\/kuzeyinsesi.org\/index.php\/2024\/04\/25\/el-sen-gorevi-basinda-sehit-dusen-ibrahim-esmeri-anacak\/","title":{"rendered":"EL-SEN g\u00f6revi ba\u015f\u0131nda \u015fehit d\u00fc\u015fen \u0130brahim Esmer\u2019i anacak"},"content":{"rendered":"<div>\n<div class=\"mariselle-image-container center\">\n                                            <\/div>\n<p>EL-SEN, yar\u0131n g\u00f6revi ba\u015f\u0131nda \u015fehit d\u00fc\u015fen \u0130brahim Esmer\u2019i anacak.<\/p>\n<p>EL-SEN Genel Ba\u015fkan\u0131 Ahmet Tu\u011fcu yapt\u0131\u011f\u0131 yaz\u0131l\u0131 a\u00e7\u0131klamada, g\u00f6revi ba\u015f\u0131nda \u015fehit d\u00fc\u015fen \u0130brahim Esmer\u2019in yar\u0131n saat 10.30\u2019da Bal\u0131kesir\u2019de kabri ba\u015f\u0131nda an\u0131laca\u011f\u0131n\u0131 belirtti.<\/p>\n<p>Tu\u011fcu, Esmer\u2019in yasl\u0131 ailesine ve sevdiklerine sab\u0131rlar diledi.<\/p>\n<p>\u0130brahim Esmer, 30 Mart 2010 tarihinde Dikmen Trafo Merkezi\u2019nde ge\u00e7irdi\u011fi kaza sonras\u0131 kald\u0131r\u0131ld\u0131\u011f\u0131 \u0130stanbul Dr. L\u00fctf\u00fc K\u0131rdar Kartal E\u011fitim ve Ara\u015ft\u0131rma Hastanesi\u2019nde 26 Nisan 2010 tarihinde ya\u015fam\u0131n\u0131 yitirmi\u015fti.<\/p>\n<\/p><\/div>\n<p><script async\n                    defer\n                    crossorigin=\"anonymous\"\n                    src=\"https:\/\/connect.facebook.net\/tr_TR\/sdk.js#xfbml=1&#038;version=v3.3\"\n            ><\/script><\/p>\n","protected":false},"excerpt":{"rendered":"<p>EL-SEN, yar\u0131n g\u00f6revi ba\u015f\u0131nda \u015fehit d\u00fc\u015fen \u0130brahim Esmer\u2019i anacak. EL-SEN Genel Ba\u015fkan\u0131 Ahmet Tu\u011fcu yapt\u0131\u011f\u0131 yaz\u0131l\u0131 a\u00e7\u0131klamada, g\u00f6revi ba\u015f\u0131nda \u015fehit d\u00fc\u015fen \u0130brahim Esmer\u2019in yar\u0131n saat 10.30\u2019da Bal\u0131kesir\u2019de kabri ba\u015f\u0131nda an\u0131laca\u011f\u0131n\u0131 belirtti. Tu\u011fcu, Esmer\u2019in yasl\u0131 ailesine ve sevdiklerine sab\u0131rlar diledi. \u0130brahim Esmer, 30 Mart 2010 tarihinde Dikmen Trafo Merkezi\u2019nde ge\u00e7irdi\u011fi kaza sonras\u0131 kald\u0131r\u0131ld\u0131\u011f\u0131 \u0130stanbul Dr. L\u00fctf\u00fc [&hellip;]<\/p>\n","protected":false},"author":1,"featured_media":364,"comment_status":"open","ping_status":"open","sticky":false,"template":"","format":"standard","meta":{"jnews-multi-image_gallery":[],"jnews_single_post":[],"jnews_primary_category":[],"jnews_social_meta":[],"jnews_override_counter":[],"footnotes":""},"categories":[1],"tags":[],"class_list":["post-363","post","type-post","status-publish","format-standard","has-post-thumbnail","hentry","category-kibris"],"yoast_head":"<!-- This site is optimized with the Yoast SEO plugin v27.5 - https:\/\/yoast.com\/product\/yoast-seo-wordpress\/ -->\n<title>EL-SEN g\u00f6revi ba\u015f\u0131nda \u015fehit d\u00fc\u015fen \u0130brahim Esmer\u2019i anacak - Kuzeyin Sesi<\/title>\n<meta name=\"robots\" content=\"index, follow, max-snippet:-1, max-image-preview:large, max-video-preview:-1\" \/>\n<link rel=\"canonical\" href=\"https:\/\/kuzeyinsesi.org\/index.php\/2024\/04\/25\/el-sen-gorevi-basinda-sehit-dusen-ibrahim-esmeri-anacak\/\" \/>\n<meta property=\"og:locale\" content=\"tr_TR\" \/>\n<meta property=\"og:type\" content=\"article\" \/>\n<meta property=\"og:title\" content=\"EL-SEN g\u00f6revi ba\u015f\u0131nda \u015fehit d\u00fc\u015fen \u0130brahim Esmer\u2019i anacak - Kuzeyin Sesi\" \/>\n<meta property=\"og:description\" content=\"EL-SEN, yar\u0131n g\u00f6revi ba\u015f\u0131nda \u015fehit d\u00fc\u015fen \u0130brahim Esmer\u2019i anacak. EL-SEN Genel Ba\u015fkan\u0131 Ahmet Tu\u011fcu yapt\u0131\u011f\u0131 yaz\u0131l\u0131 a\u00e7\u0131klamada, g\u00f6revi ba\u015f\u0131nda \u015fehit d\u00fc\u015fen \u0130brahim Esmer\u2019in yar\u0131n saat 10.30\u2019da Bal\u0131kesir\u2019de kabri ba\u015f\u0131nda an\u0131laca\u011f\u0131n\u0131 belirtti. Tu\u011fcu, Esmer\u2019in yasl\u0131 ailesine ve sevdiklerine sab\u0131rlar diledi. \u0130brahim Esmer, 30 Mart 2010 tarihinde Dikmen Trafo Merkezi\u2019nde ge\u00e7irdi\u011fi kaza sonras\u0131 kald\u0131r\u0131ld\u0131\u011f\u0131 \u0130stanbul Dr. L\u00fctf\u00fc [&hellip;]\" \/>\n<meta property=\"og:url\" content=\"https:\/\/kuzeyinsesi.org\/index.php\/2024\/04\/25\/el-sen-gorevi-basinda-sehit-dusen-ibrahim-esmeri-anacak\/\" \/>\n<meta property=\"og:site_name\" content=\"Kuzeyin Sesi\" \/>\n<meta property=\"article:publisher\" content=\"https:\/\/www.facebook.com\/kuzeyinsesii\" \/>\n<meta property=\"article:published_time\" content=\"2024-04-25T06:52:11+00:00\" \/>\n<meta property=\"og:image\" content=\"https:\/\/kuzeyinsesi.org\/wp-content\/uploads\/2024\/04\/Ibrahim-Esmer.jpg\" \/>\n\t<meta property=\"og:image:width\" content=\"971\" \/>\n\t<meta property=\"og:image:height\" content=\"551\" \/>\n\t<meta property=\"og:image:type\" content=\"image\/jpeg\" \/>\n<meta name=\"author\" content=\"Kuzeyin Sesi\" \/>\n<meta name=\"twitter:card\" content=\"summary_large_image\" \/>\n<meta name=\"twitter:creator\" content=\"@kuzeyinsesii\" \/>\n<meta name=\"twitter:site\" content=\"@kuzeyinsesii\" \/>\n<meta name=\"twitter:label1\" content=\"Yazan:\" \/>\n\t<meta name=\"twitter:data1\" content=\"Kuzeyin Sesi\" \/>\n<script type=\"application\/ld+json\" class=\"yoast-schema-graph\">{\"@context\":\"https:\\\/\\\/schema.org\",\"@graph\":[{\"@type\":\"Article\",\"@id\":\"https:\\\/\\\/kuzeyinsesi.org\\\/index.php\\\/2024\\\/04\\\/25\\\/el-sen-gorevi-basinda-sehit-dusen-ibrahim-esmeri-anacak\\\/#article\",\"isPartOf\":{\"@id\":\"https:\\\/\\\/kuzeyinsesi.org\\\/index.php\\\/2024\\\/04\\\/25\\\/el-sen-gorevi-basinda-sehit-dusen-ibrahim-esmeri-anacak\\\/\"},\"author\":{\"name\":\"Kuzeyin Sesi\",\"@id\":\"https:\\\/\\\/kuzeyinsesi.org\\\/#\\\/schema\\\/person\\\/9f859689cdf01485597712386e37f5aa\"},\"headline\":\"EL-SEN g\u00f6revi ba\u015f\u0131nda \u015fehit d\u00fc\u015fen \u0130brahim Esmer\u2019i anacak\",\"datePublished\":\"2024-04-25T06:52:11+00:00\",\"mainEntityOfPage\":{\"@id\":\"https:\\\/\\\/kuzeyinsesi.org\\\/index.php\\\/2024\\\/04\\\/25\\\/el-sen-gorevi-basinda-sehit-dusen-ibrahim-esmeri-anacak\\\/\"},\"wordCount\":111,\"commentCount\":0,\"image\":{\"@id\":\"https:\\\/\\\/kuzeyinsesi.org\\\/index.php\\\/2024\\\/04\\\/25\\\/el-sen-gorevi-basinda-sehit-dusen-ibrahim-esmeri-anacak\\\/#primaryimage\"},\"thumbnailUrl\":\"https:\\\/\\\/kuzeyinsesi.org\\\/wp-content\\\/uploads\\\/2024\\\/04\\\/Ibrahim-Esmer.jpg\",\"articleSection\":[\"K\u0131br\u0131s\"],\"inLanguage\":\"tr\",\"potentialAction\":[{\"@type\":\"CommentAction\",\"name\":\"Comment\",\"target\":[\"https:\\\/\\\/kuzeyinsesi.org\\\/index.php\\\/2024\\\/04\\\/25\\\/el-sen-gorevi-basinda-sehit-dusen-ibrahim-esmeri-anacak\\\/#respond\"]}]},{\"@type\":\"WebPage\",\"@id\":\"https:\\\/\\\/kuzeyinsesi.org\\\/index.php\\\/2024\\\/04\\\/25\\\/el-sen-gorevi-basinda-sehit-dusen-ibrahim-esmeri-anacak\\\/\",\"url\":\"https:\\\/\\\/kuzeyinsesi.org\\\/index.php\\\/2024\\\/04\\\/25\\\/el-sen-gorevi-basinda-sehit-dusen-ibrahim-esmeri-anacak\\\/\",\"name\":\"EL-SEN g\u00f6revi ba\u015f\u0131nda \u015fehit d\u00fc\u015fen \u0130brahim Esmer\u2019i anacak - Kuzeyin Sesi\",\"isPartOf\":{\"@id\":\"https:\\\/\\\/kuzeyinsesi.org\\\/#website\"},\"primaryImageOfPage\":{\"@id\":\"https:\\\/\\\/kuzeyinsesi.org\\\/index.php\\\/2024\\\/04\\\/25\\\/el-sen-gorevi-basinda-sehit-dusen-ibrahim-esmeri-anacak\\\/#primaryimage\"},\"image\":{\"@id\":\"https:\\\/\\\/kuzeyinsesi.org\\\/index.php\\\/2024\\\/04\\\/25\\\/el-sen-gorevi-basinda-sehit-dusen-ibrahim-esmeri-anacak\\\/#primaryimage\"},\"thumbnailUrl\":\"https:\\\/\\\/kuzeyinsesi.org\\\/wp-content\\\/uploads\\\/2024\\\/04\\\/Ibrahim-Esmer.jpg\",\"datePublished\":\"2024-04-25T06:52:11+00:00\",\"author\":{\"@id\":\"https:\\\/\\\/kuzeyinsesi.org\\\/#\\\/schema\\\/person\\\/9f859689cdf01485597712386e37f5aa\"},\"breadcrumb\":{\"@id\":\"https:\\\/\\\/kuzeyinsesi.org\\\/index.php\\\/2024\\\/04\\\/25\\\/el-sen-gorevi-basinda-sehit-dusen-ibrahim-esmeri-anacak\\\/#breadcrumb\"},\"inLanguage\":\"tr\",\"potentialAction\":[{\"@type\":\"ReadAction\",\"target\":[\"https:\\\/\\\/kuzeyinsesi.org\\\/index.php\\\/2024\\\/04\\\/25\\\/el-sen-gorevi-basinda-sehit-dusen-ibrahim-esmeri-anacak\\\/\"]}]},{\"@type\":\"ImageObject\",\"inLanguage\":\"tr\",\"@id\":\"https:\\\/\\\/kuzeyinsesi.org\\\/index.php\\\/2024\\\/04\\\/25\\\/el-sen-gorevi-basinda-sehit-dusen-ibrahim-esmeri-anacak\\\/#primaryimage\",\"url\":\"https:\\\/\\\/kuzeyinsesi.org\\\/wp-content\\\/uploads\\\/2024\\\/04\\\/Ibrahim-Esmer.jpg\",\"contentUrl\":\"https:\\\/\\\/kuzeyinsesi.org\\\/wp-content\\\/uploads\\\/2024\\\/04\\\/Ibrahim-Esmer.jpg\",\"width\":971,\"height\":551},{\"@type\":\"BreadcrumbList\",\"@id\":\"https:\\\/\\\/kuzeyinsesi.org\\\/index.php\\\/2024\\\/04\\\/25\\\/el-sen-gorevi-basinda-sehit-dusen-ibrahim-esmeri-anacak\\\/#breadcrumb\",\"itemListElement\":[{\"@type\":\"ListItem\",\"position\":1,\"name\":\"Anasayfa\",\"item\":\"https:\\\/\\\/kuzeyinsesi.org\\\/\"},{\"@type\":\"ListItem\",\"position\":2,\"name\":\"EL-SEN g\u00f6revi ba\u015f\u0131nda \u015fehit d\u00fc\u015fen \u0130brahim Esmer\u2019i anacak\"}]},{\"@type\":\"WebSite\",\"@id\":\"https:\\\/\\\/kuzeyinsesi.org\\\/#website\",\"url\":\"https:\\\/\\\/kuzeyinsesi.org\\\/\",\"name\":\"Kuzeyin Sesi\",\"description\":\"Do\u011fru Haberin Adresi\",\"potentialAction\":[{\"@type\":\"SearchAction\",\"target\":{\"@type\":\"EntryPoint\",\"urlTemplate\":\"https:\\\/\\\/kuzeyinsesi.org\\\/?s={search_term_string}\"},\"query-input\":{\"@type\":\"PropertyValueSpecification\",\"valueRequired\":true,\"valueName\":\"search_term_string\"}}],\"inLanguage\":\"tr\"},{\"@type\":\"Person\",\"@id\":\"https:\\\/\\\/kuzeyinsesi.org\\\/#\\\/schema\\\/person\\\/9f859689cdf01485597712386e37f5aa\",\"name\":\"Kuzeyin Sesi\",\"image\":{\"@type\":\"ImageObject\",\"inLanguage\":\"tr\",\"@id\":\"https:\\\/\\\/secure.gravatar.com\\\/avatar\\\/bab33852abfd8b282518d6ed81826833d77c3c882d9ab608add591ccace47a44?s=96&d=mm&r=g\",\"url\":\"https:\\\/\\\/secure.gravatar.com\\\/avatar\\\/bab33852abfd8b282518d6ed81826833d77c3c882d9ab608add591ccace47a44?s=96&d=mm&r=g\",\"contentUrl\":\"https:\\\/\\\/secure.gravatar.com\\\/avatar\\\/bab33852abfd8b282518d6ed81826833d77c3c882d9ab608add591ccace47a44?s=96&d=mm&r=g\",\"caption\":\"Kuzeyin Sesi\"},\"sameAs\":[\"https:\\\/\\\/kuzeyinsesi.org\"],\"url\":\"https:\\\/\\\/kuzeyinsesi.org\\\/index.php\\\/author\\\/guven\\\/\"}]}<\/script>\n<!-- \/ Yoast SEO plugin. -->","yoast_head_json":{"title":"EL-SEN g\u00f6revi ba\u015f\u0131nda \u015fehit d\u00fc\u015fen \u0130brahim Esmer\u2019i anacak - Kuzeyin Sesi","robots":{"index":"index","follow":"follow","max-snippet":"max-snippet:-1","max-image-preview":"max-image-preview:large","max-video-preview":"max-video-preview:-1"},"canonical":"https:\/\/kuzeyinsesi.org\/index.php\/2024\/04\/25\/el-sen-gorevi-basinda-sehit-dusen-ibrahim-esmeri-anacak\/","og_locale":"tr_TR","og_type":"article","og_title":"EL-SEN g\u00f6revi ba\u015f\u0131nda \u015fehit d\u00fc\u015fen \u0130brahim Esmer\u2019i anacak - Kuzeyin Sesi","og_description":"EL-SEN, yar\u0131n g\u00f6revi ba\u015f\u0131nda \u015fehit d\u00fc\u015fen \u0130brahim Esmer\u2019i anacak. EL-SEN Genel Ba\u015fkan\u0131 Ahmet Tu\u011fcu yapt\u0131\u011f\u0131 yaz\u0131l\u0131 a\u00e7\u0131klamada, g\u00f6revi ba\u015f\u0131nda \u015fehit d\u00fc\u015fen \u0130brahim Esmer\u2019in yar\u0131n saat 10.30\u2019da Bal\u0131kesir\u2019de kabri ba\u015f\u0131nda an\u0131laca\u011f\u0131n\u0131 belirtti. Tu\u011fcu, Esmer\u2019in yasl\u0131 ailesine ve sevdiklerine sab\u0131rlar diledi. \u0130brahim Esmer, 30 Mart 2010 tarihinde Dikmen Trafo Merkezi\u2019nde ge\u00e7irdi\u011fi kaza sonras\u0131 kald\u0131r\u0131ld\u0131\u011f\u0131 \u0130stanbul Dr. L\u00fctf\u00fc [&hellip;]","og_url":"https:\/\/kuzeyinsesi.org\/index.php\/2024\/04\/25\/el-sen-gorevi-basinda-sehit-dusen-ibrahim-esmeri-anacak\/","og_site_name":"Kuzeyin Sesi","article_publisher":"https:\/\/www.facebook.com\/kuzeyinsesii","article_published_time":"2024-04-25T06:52:11+00:00","og_image":[{"width":971,"height":551,"url":"https:\/\/kuzeyinsesi.org\/wp-content\/uploads\/2024\/04\/Ibrahim-Esmer.jpg","type":"image\/jpeg"}],"author":"Kuzeyin Sesi","twitter_card":"summary_large_image","twitter_creator":"@kuzeyinsesii","twitter_site":"@kuzeyinsesii","twitter_misc":{"Yazan:":"Kuzeyin Sesi"},"schema":{"@context":"https:\/\/schema.org","@graph":[{"@type":"Article","@id":"https:\/\/kuzeyinsesi.org\/index.php\/2024\/04\/25\/el-sen-gorevi-basinda-sehit-dusen-ibrahim-esmeri-anacak\/#article","isPartOf":{"@id":"https:\/\/kuzeyinsesi.org\/index.php\/2024\/04\/25\/el-sen-gorevi-basinda-sehit-dusen-ibrahim-esmeri-anacak\/"},"author":{"name":"Kuzeyin Sesi","@id":"https:\/\/kuzeyinsesi.org\/#\/schema\/person\/9f859689cdf01485597712386e37f5aa"},"headline":"EL-SEN g\u00f6revi ba\u015f\u0131nda \u015fehit d\u00fc\u015fen \u0130brahim Esmer\u2019i anacak","datePublished":"2024-04-25T06:52:11+00:00","mainEntityOfPage":{"@id":"https:\/\/kuzeyinsesi.org\/index.php\/2024\/04\/25\/el-sen-gorevi-basinda-sehit-dusen-ibrahim-esmeri-anacak\/"},"wordCount":111,"commentCount":0,"image":{"@id":"https:\/\/kuzeyinsesi.org\/index.php\/2024\/04\/25\/el-sen-gorevi-basinda-sehit-dusen-ibrahim-esmeri-anacak\/#primaryimage"},"thumbnailUrl":"https:\/\/kuzeyinsesi.org\/wp-content\/uploads\/2024\/04\/Ibrahim-Esmer.jpg","articleSection":["K\u0131br\u0131s"],"inLanguage":"tr","potentialAction":[{"@type":"CommentAction","name":"Comment","target":["https:\/\/kuzeyinsesi.org\/index.php\/2024\/04\/25\/el-sen-gorevi-basinda-sehit-dusen-ibrahim-esmeri-anacak\/#respond"]}]},{"@type":"WebPage","@id":"https:\/\/kuzeyinsesi.org\/index.php\/2024\/04\/25\/el-sen-gorevi-basinda-sehit-dusen-ibrahim-esmeri-anacak\/","url":"https:\/\/kuzeyinsesi.org\/index.php\/2024\/04\/25\/el-sen-gorevi-basinda-sehit-dusen-ibrahim-esmeri-anacak\/","name":"EL-SEN g\u00f6revi ba\u015f\u0131nda \u015fehit d\u00fc\u015fen \u0130brahim Esmer\u2019i anacak - Kuzeyin Sesi","isPartOf":{"@id":"https:\/\/kuzeyinsesi.org\/#website"},"primaryImageOfPage":{"@id":"https:\/\/kuzeyinsesi.org\/index.php\/2024\/04\/25\/el-sen-gorevi-basinda-sehit-dusen-ibrahim-esmeri-anacak\/#primaryimage"},"image":{"@id":"https:\/\/kuzeyinsesi.org\/index.php\/2024\/04\/25\/el-sen-gorevi-basinda-sehit-dusen-ibrahim-esmeri-anacak\/#primaryimage"},"thumbnailUrl":"https:\/\/kuzeyinsesi.org\/wp-content\/uploads\/2024\/04\/Ibrahim-Esmer.jpg","datePublished":"2024-04-25T06:52:11+00:00","author":{"@id":"https:\/\/kuzeyinsesi.org\/#\/schema\/person\/9f859689cdf01485597712386e37f5aa"},"breadcrumb":{"@id":"https:\/\/kuzeyinsesi.org\/index.php\/2024\/04\/25\/el-sen-gorevi-basinda-sehit-dusen-ibrahim-esmeri-anacak\/#breadcrumb"},"inLanguage":"tr","potentialAction":[{"@type":"ReadAction","target":["https:\/\/kuzeyinsesi.org\/index.php\/2024\/04\/25\/el-sen-gorevi-basinda-sehit-dusen-ibrahim-esmeri-anacak\/"]}]},{"@type":"ImageObject","inLanguage":"tr","@id":"https:\/\/kuzeyinsesi.org\/index.php\/2024\/04\/25\/el-sen-gorevi-basinda-sehit-dusen-ibrahim-esmeri-anacak\/#primaryimage","url":"https:\/\/kuzeyinsesi.org\/wp-content\/uploads\/2024\/04\/Ibrahim-Esmer.jpg","contentUrl":"https:\/\/kuzeyinsesi.org\/wp-content\/uploads\/2024\/04\/Ibrahim-Esmer.jpg","width":971,"height":551},{"@type":"BreadcrumbList","@id":"https:\/\/kuzeyinsesi.org\/index.php\/2024\/04\/25\/el-sen-gorevi-basinda-sehit-dusen-ibrahim-esmeri-anacak\/#breadcrumb","itemListElement":[{"@type":"ListItem","position":1,"name":"Anasayfa","item":"https:\/\/kuzeyinsesi.org\/"},{"@type":"ListItem","position":2,"name":"EL-SEN g\u00f6revi ba\u015f\u0131nda \u015fehit d\u00fc\u015fen \u0130brahim Esmer\u2019i anacak"}]},{"@type":"WebSite","@id":"https:\/\/kuzeyinsesi.org\/#website","url":"https:\/\/kuzeyinsesi.org\/","name":"Kuzeyin Sesi","description":"Do\u011fru Haberin Adresi","potentialAction":[{"@type":"SearchAction","target":{"@type":"EntryPoint","urlTemplate":"https:\/\/kuzeyinsesi.org\/?s={search_term_string}"},"query-input":{"@type":"PropertyValueSpecification","valueRequired":true,"valueName":"search_term_string"}}],"inLanguage":"tr"},{"@type":"Person","@id":"https:\/\/kuzeyinsesi.org\/#\/schema\/person\/9f859689cdf01485597712386e37f5aa","name":"Kuzeyin Sesi","image":{"@type":"ImageObject","inLanguage":"tr","@id":"https:\/\/secure.gravatar.com\/avatar\/bab33852abfd8b282518d6ed81826833d77c3c882d9ab608add591ccace47a44?s=96&d=mm&r=g","url":"https:\/\/secure.gravatar.com\/avatar\/bab33852abfd8b282518d6ed81826833d77c3c882d9ab608add591ccace47a44?s=96&d=mm&r=g","contentUrl":"https:\/\/secure.gravatar.com\/avatar\/bab33852abfd8b282518d6ed81826833d77c3c882d9ab608add591ccace47a44?s=96&d=mm&r=g","caption":"Kuzeyin Sesi"},"sameAs":["https:\/\/kuzeyinsesi.org"],"url":"https:\/\/kuzeyinsesi.org\/index.php\/author\/guven\/"}]}},"_links":{"self":[{"href":"https:\/\/kuzeyinsesi.org\/index.php\/wp-json\/wp\/v2\/posts\/363","targetHints":{"allow":["GET"]}}],"collection":[{"href":"https:\/\/kuzeyinsesi.org\/index.php\/wp-json\/wp\/v2\/posts"}],"about":[{"href":"https:\/\/kuzeyinsesi.org\/index.php\/wp-json\/wp\/v2\/types\/post"}],"author":[{"embeddable":true,"href":"https:\/\/kuzeyinsesi.org\/index.php\/wp-json\/wp\/v2\/users\/1"}],"replies":[{"embeddable":true,"href":"https:\/\/kuzeyinsesi.org\/index.php\/wp-json\/wp\/v2\/comments?post=363"}],"version-history":[{"count":0,"href":"https:\/\/kuzeyinsesi.org\/index.php\/wp-json\/wp\/v2\/posts\/363\/revisions"}],"wp:featuredmedia":[{"embeddable":true,"href":"https:\/\/kuzeyinsesi.org\/index.php\/wp-json\/wp\/v2\/media\/364"}],"wp:attachment":[{"href":"https:\/\/kuzeyinsesi.org\/index.php\/wp-json\/wp\/v2\/media?parent=363"}],"wp:term":[{"taxonomy":"category","embeddable":true,"href":"https:\/\/kuzeyinsesi.org\/index.php\/wp-json\/wp\/v2\/categories?post=363"},{"taxonomy":"post_tag","embeddable":true,"href":"https:\/\/kuzeyinsesi.org\/index.php\/wp-json\/wp\/v2\/tags?post=363"}],"curies":[{"name":"wp","href":"https:\/\/api.w.org\/{rel}","templated":true}]}}