{"id":36170,"date":"2026-03-02T22:14:52","date_gmt":"2026-03-02T20:14:52","guid":{"rendered":"https:\/\/kuzeyinsesi.org\/index.php\/2026\/03\/02\/12-dev-adam-sirbistani-maglup-etti\/"},"modified":"2026-03-02T22:14:52","modified_gmt":"2026-03-02T20:14:52","slug":"12-dev-adam-sirbistani-maglup-etti","status":"publish","type":"post","link":"https:\/\/kuzeyinsesi.org\/index.php\/2026\/03\/02\/12-dev-adam-sirbistani-maglup-etti\/","title":{"rendered":"12 Dev Adam S\u0131rbistan&#039;\u0131 ma\u011flup etti"},"content":{"rendered":"<p><\/p>\n<div>\n<div class=\"news-content-container\" id=\"newsDetail936196\" data-id=\"936196\" data-url=\"https:\/\/www.trthaber.com\/haber\/spor\/12-dev-adam-sirbistani-maglup-etti-936196.html\">\n                    <input type=\"hidden\" name=\"page_category_id\" class=\"page-category-id\" value=\"5\"\/><br \/>\n                    <input type=\"hidden\" name=\"page_category_name\" class=\"page-category-name\" value=\"Spor\"\/><br \/>\n                    <input type=\"hidden\" name=\"page_id\" class=\"page-id\" value=\"936196\"\/><br \/>\n                    <input type=\"hidden\" name=\"page_url\" class=\"page-url\" value=\"https:\/\/www.trthaber.com\/haber\/spor\/12-dev-adam-sirbistani-maglup-etti-936196.html\"\/><br \/>\n                    <input type=\"hidden\" name=\"page_seo_title\" class=\"page-seo-title\" value=\"12 Dev Adam S\u0131rbistan'\u0131 ma\u011flup etti - Son Dakika Haberleri\"\/><br \/>\n                    <input type=\"hidden\" name=\"page_title\" class=\"page-title\" value=\"12 Dev Adam S\u0131rbistan'\u0131 ma\u011flup etti\"\/><br \/>\n                    <input type=\"hidden\" name=\"page_clear_title\" class=\"page-clear-title\" value=\"12 Dev Adam S\u0131rbistan'\u0131 ma\u011flup etti\"\/><br \/>\n                    <input type=\"hidden\" name=\"page_clear_description\" class=\"page-clear-description\" value=\"A Milli Erkek Basketbol Tak\u0131m\u0131, 2027 D\u00fcnya Kupas\u0131 Elemeleri'nde S\u0131rbistan'\u0131 94-86 ma\u011flup etti.&#13;&#10;\"\/><br \/>\n                    <input type=\"hidden\" name=\"page_clear_tag_description\" class=\"page-clear-tag-description\" value=\"A Milli Erkek Basketbol Tak\u0131m\u0131, 2027 D\u00fcnya Kupas\u0131 Elemeleri'nde S\u0131rbistan'\u0131 94-86 ma\u011flup etti.&#13;&#10;\"\/><br \/>\n                    <input type=\"hidden\" name=\"page_data_description\" class=\"page-data-description\" value=\"A Milli Erkek Basketbol Tak\u0131m\u0131, 2027 D\u00fcnya Kupas\u0131 Elemeleri'nde S\u0131rbistan'\u0131 94-86 ma\u011flup etti.&#13;&#10;\"\/><br \/>\n                    <input type=\"hidden\" name=\"page_data_keywords\" class=\"page-data-keywords\" value=\"\"\/><br \/>\n                    <input type=\"hidden\" name=\"page_data_breadcrumb_items\" class=\"page-data-breadcrumb-items\" value=\"{ &quot;@type&quot;: &quot;ListItem&quot;, &quot;position&quot;: 1, &quot;name&quot;: &quot;Haberler&quot;, &quot;item&quot;: &quot;https:\/\/www.trthaber.com\/&quot; },{ &quot;@type&quot;: &quot;ListItem&quot;, &quot;position&quot;: 2, &quot;name&quot;: &quot;Spor&quot;, &quot;item&quot;: &quot;https:\/\/www.trthaber.com\/haber\/spor\/&quot; },{ &quot;@type&quot;: &quot;ListItem&quot;, &quot;position&quot;: 3, &quot;name&quot;: &quot;12 Dev Adam S\u0131rbistan'\u0131 ma\u011flup etti&quot;, &quot;item&quot;: &quot;https:\/\/www.trthaber.com\/haber\/spor\/12-dev-adam-sirbistani-maglup-etti-936196.html&quot; }\"\/><br \/>\n                    <input type=\"hidden\" name=\"page_img_url\" class=\"page-img-url\" value=\"https:\/\/trthaberstatic.cdn.wp.trt.com.tr\/resimler\/2442000\/basketbol-aa-2443237.jpg\"\/><br \/>\n                    <input type=\"hidden\" name=\"page_video_thumbnail_urls\" class=\"page-video-thumbnail-urls\" value=\"\"\/><br \/>\n                    <input type=\"hidden\" name=\"page_date\" class=\"page-date\" value=\"2026-03-02 22:57:00\"\/><br \/>\n                    <input type=\"hidden\" name=\"page_added_by_id\" class=\"page-added-by-id\" value=\"293\"\/><br \/>\n                    <input type=\"hidden\" name=\"page_added_by_name\" class=\"page-added-by-name\" value=\"Kultigin Erdener\"\/><br \/>\n                    <input type=\"hidden\" name=\"page_edited_by_id\" class=\"page-edited-by-id\" value=\"293\"\/><br \/>\n                    <input type=\"hidden\" name=\"page_edited_by_name\" class=\"page-edited-by-name\" value=\"Kultigin Erdener\"\/><br \/>\n                    <input type=\"hidden\" name=\"page_canonical_url\" class=\"page-canonical-url\" value=\"https:\/\/www.trthaber.com\/haber\/spor\/12-dev-adam-sirbistani-maglup-etti-936196.html\"\/><br \/>\n                    <input type=\"hidden\" name=\"page_video_content\" class=\"page-video-content\" value=\"\"\/><br \/>\n                    <input type=\"hidden\" name=\"page_agency_ids\" class=\"page-agency-ids\" value=\"1\"\/><br \/>\n                    <input type=\"hidden\" name=\"page_is_special_news\" class=\"page-is-special-news\" value=\"0\"\/><br \/>\n                    <input type=\"hidden\" name=\"page_is_file_news\" class=\"page-is-file-news\" value=\"0\"\/><br \/>\n                    <input type=\"hidden\" name=\"page_date_published\" class=\"page-date-published\" value=\"2026-03-02 22:57:00+03:00\"\/><br \/>\n                    <input type=\"hidden\" name=\"page_date_modified\" class=\"page-date-modified\" value=\"2026-03-02 22:58:43+03:00\"\/><br \/>\n                    <input type=\"hidden\" name=\"page_next_news_id\" class=\"page-next-news-id\" value=\"935656\"\/><br \/>\n                    <input type=\"hidden\" name=\"page_next_news_url\" class=\"page-next-news-url\" value=\"haber\/spor\/fenerbahce-avrupa-ligine-veda-etti-935656.html\"\/><br \/>\n                    <input type=\"hidden\" name=\"page_next_news_image\" class=\"page-next-news-image\" value=\"https:\/\/trthaberstatic.cdn.wp.trt.com.tr\/resimler\/2442000\/fenerbahceaa-2442286_4.jpg\"\/><br \/>\n                    <input type=\"hidden\" name=\"page_next_news_title\" class=\"page-next-news-title\" value=\"Fenerbah\u00e7e, Avrupa Ligi'ne veda etti\"\/><\/p>\n<div class=\"news-info-bar\">\n                        <a href=\"https:\/\/www.trthaber.com\/haber\/spor\/\" title=\"Spor\" class=\"site-url\"><br \/>\n                            <span class=\"category-tag\">Spor<\/span><br \/>\n                        <\/a><\/p>\n<p>\n                                                        <span class=\"source\"><br \/>\n                                <label>KAYNAK<\/label>AA                            <\/span><br \/>\n                                                                                        <span class=\"created-date\"><br \/>\n                                    <label>HABER G\u0130R\u0130\u015e<\/label><br \/>\n                                                                            02.03.2026 22:57                                                                                                                    <time class=\"updated-date-content\" datetime=\"2026-03-02 22:58\">, 02.03.2026 22:58<\/time><br \/>\n                                                                    <\/span><br \/>\n                                                                                        <span class=\"updated-date\"><br \/>\n                                    <label>SON G\u00dcNCELLEME<\/label><br \/>\n                                    <time datetime=\"2026-03-02 22:58\">02.03.2026 22:58<\/time><br \/>\n                                <\/span>\n                                                    <\/p>\n<\/p><\/div>\n<h2 class=\"news-spot\">A Milli Erkek Basketbol Tak\u0131m\u0131, 2027 D\u00fcnya Kupas\u0131 Elemeleri&#8217;nde S\u0131rbistan&#8217;\u0131 94-86 ma\u011flup etti.&#13;<br \/>\n<\/h2>\n<div class=\"news-image\">\n                            <picture><source data-srcset=\"https:\/\/trthaberstatic.cdn.wp.trt.com.tr\/resimler\/2442000\/basketbol-aa-2443237_3.jpg\" media=\"(max-width: 320px)\"><source data-srcset=\"https:\/\/trthaberstatic.cdn.wp.trt.com.tr\/resimler\/2442000\/basketbol-aa-2443237_2.jpg\" media=\"(max-width: 576px)\"><source data-srcset=\"https:\/\/trthaberstatic.cdn.wp.trt.com.tr\/resimler\/2442000\/basketbol-aa-2443237_1.jpg\" media=\"(max-width: 1470px)\"><source data-srcset=\"https:\/\/trthaberstatic.cdn.wp.trt.com.tr\/resimler\/2442000\/basketbol-aa-2443237.jpg\"><br \/>\n                            <\/source><\/source><\/source><\/source><\/picture>\n                                                    <\/div>\n<div class=\"social-links-container\">\n<ul>\n<li><a href=\"https:\/\/sosyal.teknofest.app\/share?text=12 Dev Adam S\u0131rbistan'\u0131 ma\u011flup etti%0Ahttps%3A%2F%2Fwww.trthaber.com%2Fhaber%2Fspor%2F12-dev-adam-sirbistani-maglup-etti-936196.html\" class=\"social-share-url site-social-share-url\" title=\"Next Sosyal Payla\u015f\" target=\"_blank\"><span class=\"nsosyal\"\/><\/a><\/li>\n<li><a href=\"https:\/\/www.facebook.com\/sharer.php?u=https:\/\/www.trthaber.com\/haber\/spor\/12-dev-adam-sirbistani-maglup-etti-936196.html&amp;t=12 Dev Adam S\u0131rbistan'\u0131 ma\u011flup etti\" class=\"social-share-url site-social-share-url\" title=\"Facebook Payla\u015f\" target=\"_blank\"><span class=\"facebook\"\/><\/a><\/li>\n<li><a href=\"https:\/\/twitter.com\/intent\/tweet?hashtags=trthaber&amp;original_referer=https%3A%2F%2Fwww.trthaber.com%2Fhaber%2Fspor%2F12-dev-adam-sirbistani-maglup-etti-936196.html&amp;related=trthaber&amp;text=12+Dev+Adam+S%C4%B1rbistan%27%C4%B1+ma%C4%9Flup+etti&amp;url=https%3A%2F%2Fwww.trthaber.com%2Fhaber%2Fspor%2F12-dev-adam-sirbistani-maglup-etti-936196.html&amp;via=trthaber\" class=\"social-share-url site-social-share-url\" title=\"Twitter Payla\u015f\" target=\"_blank\"><span class=\"twitter\"\/><\/a><\/li>\n<li><a href=\"https:\/\/www.linkedin.com\/shareArticle?mini=true&amp;url=https:\/\/www.trthaber.com\/haber\/spor\/12-dev-adam-sirbistani-maglup-etti-936196.html&amp;title=12 Dev Adam S\u0131rbistan'\u0131 ma\u011flup etti\" class=\"social-share-url site-social-share-url\" title=\"LinkedIn Payla\u015f\" target=\"_blank\"><span class=\"linkedin\"\/><\/a><\/li>\n<li><a href=\"https:\/\/t.me\/share\/url?url=https%3A%2F%2Fwww.trthaber.com%2Fhaber%2Fspor%2F12-dev-adam-sirbistani-maglup-etti-936196.html\" class=\"social-share-url site-social-share-url\" title=\"Telegram Payla\u015f\" target=\"_blank\"><span class=\"telegram\"\/><\/a><\/li>\n<li><a href=\"https:\/\/www.trthaber.com\/whatsapp:\/\/send?text=12 Dev Adam S\u0131rbistan\" ma=\"\" etti=\"\" https=\"\" class=\"social-share-url site-social-share-url\" title=\"Whatsapp Payla\u015f\" target=\"_blank\" data-mobile-url=\"https:\/\/www.trthaber.com\/whatsapp:\/\/send?text=12 Dev Adam S\u0131rbistan\" data-desktop-url=\"https:\/\/web.whatsapp.com\/send?text=12 Dev Adam S\u0131rbistan'\u0131 ma\u011flup etti - Devam\u0131n\u0131 Oku: https%3A%2F%2Fwww.trthaber.com%2Fhaber%2Fspor%2F12-dev-adam-sirbistani-maglup-etti-936196.html\" data-action=\"share\/whatsapp\/share\"><span class=\"whatsapp\"\/><\/a><\/li>\n<li><a href=\"https:\/\/www.trthaber.com\/mailto:?subject=TRT Haber Payla\u015f\u0131lan&amp;body=12 Dev Adam S\u0131rbistan\" ma=\"\" etti=\"\" devam=\"\" oku:=\"\" https:=\"\" class=\"social-share-url site-social-share-url\" title=\"E-Posta Payla\u015f\" target=\"_blank\"><span class=\"email\"\/><\/a><\/li>\n<\/ul><\/div>\n<div class=\"news-content\">\n<p>&#13;<br \/>\n\tAyr\u0131nt\u0131lar geliyor&#8230;<\/p>\n<\/p><\/div>\n<div class=\"news-detail-bottom-mobile-ads-container\">\n                            <!-- \/112281457\/trthaber_mobil_showcase -->\n                        <\/div><\/div>\n<div class=\"mobile-news-progress-bar-container\"><\/div>\n<div class=\"mobile-next-news\" data-id=\"935656\">\n<p>S\u0131radaki Haber<\/p>\n<p>Fenerbah\u00e7e, Avrupa Ligi&#8217;ne veda etti<\/p>\n<\/p><\/div>\n<p>Y\u00fckleniyor l\u00fctfen bekleyiniz<\/p>\n<\/p><\/div>\n<p><script async src=\"\/\/platform.twitter.com\/widgets.js\" charset=\"utf-8\"><\/script><\/p>\n","protected":false},"excerpt":{"rendered":"<p>Spor KAYNAKAA HABER G\u0130R\u0130\u015e 02.03.2026 22:57 , 02.03.2026 22:58 SON G\u00dcNCELLEME 02.03.2026 22:58 A Milli Erkek Basketbol Tak\u0131m\u0131, 2027 D\u00fcnya Kupas\u0131 Elemeleri&#8217;nde S\u0131rbistan&#8217;\u0131 94-86 ma\u011flup etti.&#13; &#13; Ayr\u0131nt\u0131lar geliyor&#8230; S\u0131radaki Haber Fenerbah\u00e7e, Avrupa Ligi&#8217;ne veda etti Y\u00fckleniyor l\u00fctfen bekleyiniz<\/p>\n","protected":false},"author":1,"featured_media":36171,"comment_status":"open","ping_status":"open","sticky":false,"template":"","format":"standard","meta":{"jnews-multi-image_gallery":[],"jnews_single_post":[],"jnews_primary_category":[],"jnews_social_meta":[],"jnews_override_counter":[],"footnotes":""},"categories":[4],"tags":[],"class_list":["post-36170","post","type-post","status-publish","format-standard","has-post-thumbnail","hentry","category-spor"],"yoast_head":"<!-- This site is optimized with the Yoast SEO plugin v27.5 - https:\/\/yoast.com\/product\/yoast-seo-wordpress\/ -->\n<title>12 Dev Adam S\u0131rbistan&#039;\u0131 ma\u011flup etti - Kuzeyin Sesi<\/title>\n<meta name=\"robots\" content=\"index, follow, max-snippet:-1, max-image-preview:large, max-video-preview:-1\" \/>\n<link rel=\"canonical\" href=\"https:\/\/kuzeyinsesi.org\/index.php\/2026\/03\/02\/12-dev-adam-sirbistani-maglup-etti\/\" \/>\n<meta property=\"og:locale\" content=\"tr_TR\" \/>\n<meta property=\"og:type\" content=\"article\" \/>\n<meta property=\"og:title\" content=\"12 Dev Adam S\u0131rbistan&#039;\u0131 ma\u011flup etti - Kuzeyin Sesi\" \/>\n<meta property=\"og:description\" content=\"Spor KAYNAKAA HABER G\u0130R\u0130\u015e 02.03.2026 22:57 , 02.03.2026 22:58 SON G\u00dcNCELLEME 02.03.2026 22:58 A Milli Erkek Basketbol Tak\u0131m\u0131, 2027 D\u00fcnya Kupas\u0131 Elemeleri&#8217;nde S\u0131rbistan&#8217;\u0131 94-86 ma\u011flup etti.&#013; &#013; Ayr\u0131nt\u0131lar geliyor&#8230; S\u0131radaki Haber Fenerbah\u00e7e, Avrupa Ligi&#8217;ne veda etti Y\u00fckleniyor l\u00fctfen bekleyiniz\" \/>\n<meta property=\"og:url\" content=\"https:\/\/kuzeyinsesi.org\/index.php\/2026\/03\/02\/12-dev-adam-sirbistani-maglup-etti\/\" \/>\n<meta property=\"og:site_name\" content=\"Kuzeyin Sesi\" \/>\n<meta property=\"article:publisher\" content=\"https:\/\/www.facebook.com\/kuzeyinsesii\" \/>\n<meta property=\"article:published_time\" content=\"2026-03-02T20:14:52+00:00\" \/>\n<meta property=\"og:image\" content=\"https:\/\/trthaberstatic.cdn.wp.trt.com.tr\/resimler\/2442000\/basketbol-aa-2443237.jpg\" \/>\n<meta name=\"author\" content=\"Kuzeyin Sesi\" \/>\n<meta name=\"twitter:card\" content=\"summary_large_image\" \/>\n<meta name=\"twitter:creator\" content=\"@kuzeyinsesii\" \/>\n<meta name=\"twitter:site\" content=\"@kuzeyinsesii\" \/>\n<meta name=\"twitter:label1\" content=\"Yazan:\" \/>\n\t<meta name=\"twitter:data1\" content=\"Kuzeyin Sesi\" \/>\n<script type=\"application\/ld+json\" class=\"yoast-schema-graph\">{\"@context\":\"https:\\\/\\\/schema.org\",\"@graph\":[{\"@type\":\"Article\",\"@id\":\"https:\\\/\\\/kuzeyinsesi.org\\\/index.php\\\/2026\\\/03\\\/02\\\/12-dev-adam-sirbistani-maglup-etti\\\/#article\",\"isPartOf\":{\"@id\":\"https:\\\/\\\/kuzeyinsesi.org\\\/index.php\\\/2026\\\/03\\\/02\\\/12-dev-adam-sirbistani-maglup-etti\\\/\"},\"author\":{\"name\":\"Kuzeyin Sesi\",\"@id\":\"https:\\\/\\\/kuzeyinsesi.org\\\/#\\\/schema\\\/person\\\/9f859689cdf01485597712386e37f5aa\"},\"headline\":\"12 Dev Adam S\u0131rbistan&#039;\u0131 ma\u011flup etti\",\"datePublished\":\"2026-03-02T20:14:52+00:00\",\"mainEntityOfPage\":{\"@id\":\"https:\\\/\\\/kuzeyinsesi.org\\\/index.php\\\/2026\\\/03\\\/02\\\/12-dev-adam-sirbistani-maglup-etti\\\/\"},\"wordCount\":51,\"commentCount\":0,\"image\":{\"@id\":\"https:\\\/\\\/kuzeyinsesi.org\\\/index.php\\\/2026\\\/03\\\/02\\\/12-dev-adam-sirbistani-maglup-etti\\\/#primaryimage\"},\"thumbnailUrl\":\"https:\\\/\\\/kuzeyinsesi.org\\\/wp-content\\\/uploads\\\/2026\\\/03\\\/basketbol-aa-2443237.jpg\",\"articleSection\":[\"Spor\"],\"inLanguage\":\"tr\",\"potentialAction\":[{\"@type\":\"CommentAction\",\"name\":\"Comment\",\"target\":[\"https:\\\/\\\/kuzeyinsesi.org\\\/index.php\\\/2026\\\/03\\\/02\\\/12-dev-adam-sirbistani-maglup-etti\\\/#respond\"]}]},{\"@type\":\"WebPage\",\"@id\":\"https:\\\/\\\/kuzeyinsesi.org\\\/index.php\\\/2026\\\/03\\\/02\\\/12-dev-adam-sirbistani-maglup-etti\\\/\",\"url\":\"https:\\\/\\\/kuzeyinsesi.org\\\/index.php\\\/2026\\\/03\\\/02\\\/12-dev-adam-sirbistani-maglup-etti\\\/\",\"name\":\"12 Dev Adam S\u0131rbistan&#039;\u0131 ma\u011flup etti - Kuzeyin Sesi\",\"isPartOf\":{\"@id\":\"https:\\\/\\\/kuzeyinsesi.org\\\/#website\"},\"primaryImageOfPage\":{\"@id\":\"https:\\\/\\\/kuzeyinsesi.org\\\/index.php\\\/2026\\\/03\\\/02\\\/12-dev-adam-sirbistani-maglup-etti\\\/#primaryimage\"},\"image\":{\"@id\":\"https:\\\/\\\/kuzeyinsesi.org\\\/index.php\\\/2026\\\/03\\\/02\\\/12-dev-adam-sirbistani-maglup-etti\\\/#primaryimage\"},\"thumbnailUrl\":\"https:\\\/\\\/kuzeyinsesi.org\\\/wp-content\\\/uploads\\\/2026\\\/03\\\/basketbol-aa-2443237.jpg\",\"datePublished\":\"2026-03-02T20:14:52+00:00\",\"author\":{\"@id\":\"https:\\\/\\\/kuzeyinsesi.org\\\/#\\\/schema\\\/person\\\/9f859689cdf01485597712386e37f5aa\"},\"breadcrumb\":{\"@id\":\"https:\\\/\\\/kuzeyinsesi.org\\\/index.php\\\/2026\\\/03\\\/02\\\/12-dev-adam-sirbistani-maglup-etti\\\/#breadcrumb\"},\"inLanguage\":\"tr\",\"potentialAction\":[{\"@type\":\"ReadAction\",\"target\":[\"https:\\\/\\\/kuzeyinsesi.org\\\/index.php\\\/2026\\\/03\\\/02\\\/12-dev-adam-sirbistani-maglup-etti\\\/\"]}]},{\"@type\":\"ImageObject\",\"inLanguage\":\"tr\",\"@id\":\"https:\\\/\\\/kuzeyinsesi.org\\\/index.php\\\/2026\\\/03\\\/02\\\/12-dev-adam-sirbistani-maglup-etti\\\/#primaryimage\",\"url\":\"https:\\\/\\\/kuzeyinsesi.org\\\/wp-content\\\/uploads\\\/2026\\\/03\\\/basketbol-aa-2443237.jpg\",\"contentUrl\":\"https:\\\/\\\/kuzeyinsesi.org\\\/wp-content\\\/uploads\\\/2026\\\/03\\\/basketbol-aa-2443237.jpg\",\"width\":1280,\"height\":720},{\"@type\":\"BreadcrumbList\",\"@id\":\"https:\\\/\\\/kuzeyinsesi.org\\\/index.php\\\/2026\\\/03\\\/02\\\/12-dev-adam-sirbistani-maglup-etti\\\/#breadcrumb\",\"itemListElement\":[{\"@type\":\"ListItem\",\"position\":1,\"name\":\"Anasayfa\",\"item\":\"https:\\\/\\\/kuzeyinsesi.org\\\/\"},{\"@type\":\"ListItem\",\"position\":2,\"name\":\"12 Dev Adam S\u0131rbistan&#039;\u0131 ma\u011flup etti\"}]},{\"@type\":\"WebSite\",\"@id\":\"https:\\\/\\\/kuzeyinsesi.org\\\/#website\",\"url\":\"https:\\\/\\\/kuzeyinsesi.org\\\/\",\"name\":\"Kuzeyin Sesi\",\"description\":\"Do\u011fru Haberin Adresi\",\"potentialAction\":[{\"@type\":\"SearchAction\",\"target\":{\"@type\":\"EntryPoint\",\"urlTemplate\":\"https:\\\/\\\/kuzeyinsesi.org\\\/?s={search_term_string}\"},\"query-input\":{\"@type\":\"PropertyValueSpecification\",\"valueRequired\":true,\"valueName\":\"search_term_string\"}}],\"inLanguage\":\"tr\"},{\"@type\":\"Person\",\"@id\":\"https:\\\/\\\/kuzeyinsesi.org\\\/#\\\/schema\\\/person\\\/9f859689cdf01485597712386e37f5aa\",\"name\":\"Kuzeyin Sesi\",\"image\":{\"@type\":\"ImageObject\",\"inLanguage\":\"tr\",\"@id\":\"https:\\\/\\\/secure.gravatar.com\\\/avatar\\\/bab33852abfd8b282518d6ed81826833d77c3c882d9ab608add591ccace47a44?s=96&d=mm&r=g\",\"url\":\"https:\\\/\\\/secure.gravatar.com\\\/avatar\\\/bab33852abfd8b282518d6ed81826833d77c3c882d9ab608add591ccace47a44?s=96&d=mm&r=g\",\"contentUrl\":\"https:\\\/\\\/secure.gravatar.com\\\/avatar\\\/bab33852abfd8b282518d6ed81826833d77c3c882d9ab608add591ccace47a44?s=96&d=mm&r=g\",\"caption\":\"Kuzeyin Sesi\"},\"sameAs\":[\"https:\\\/\\\/kuzeyinsesi.org\"],\"url\":\"https:\\\/\\\/kuzeyinsesi.org\\\/index.php\\\/author\\\/guven\\\/\"}]}<\/script>\n<!-- \/ Yoast SEO plugin. -->","yoast_head_json":{"title":"12 Dev Adam S\u0131rbistan&#039;\u0131 ma\u011flup etti - Kuzeyin Sesi","robots":{"index":"index","follow":"follow","max-snippet":"max-snippet:-1","max-image-preview":"max-image-preview:large","max-video-preview":"max-video-preview:-1"},"canonical":"https:\/\/kuzeyinsesi.org\/index.php\/2026\/03\/02\/12-dev-adam-sirbistani-maglup-etti\/","og_locale":"tr_TR","og_type":"article","og_title":"12 Dev Adam S\u0131rbistan&#039;\u0131 ma\u011flup etti - Kuzeyin Sesi","og_description":"Spor KAYNAKAA HABER G\u0130R\u0130\u015e 02.03.2026 22:57 , 02.03.2026 22:58 SON G\u00dcNCELLEME 02.03.2026 22:58 A Milli Erkek Basketbol Tak\u0131m\u0131, 2027 D\u00fcnya Kupas\u0131 Elemeleri&#8217;nde S\u0131rbistan&#8217;\u0131 94-86 ma\u011flup etti.&#13; &#13; Ayr\u0131nt\u0131lar geliyor&#8230; S\u0131radaki Haber Fenerbah\u00e7e, Avrupa Ligi&#8217;ne veda etti Y\u00fckleniyor l\u00fctfen bekleyiniz","og_url":"https:\/\/kuzeyinsesi.org\/index.php\/2026\/03\/02\/12-dev-adam-sirbistani-maglup-etti\/","og_site_name":"Kuzeyin Sesi","article_publisher":"https:\/\/www.facebook.com\/kuzeyinsesii","article_published_time":"2026-03-02T20:14:52+00:00","og_image":[{"url":"https:\/\/trthaberstatic.cdn.wp.trt.com.tr\/resimler\/2442000\/basketbol-aa-2443237.jpg","type":"","width":"","height":""}],"author":"Kuzeyin Sesi","twitter_card":"summary_large_image","twitter_creator":"@kuzeyinsesii","twitter_site":"@kuzeyinsesii","twitter_misc":{"Yazan:":"Kuzeyin Sesi"},"schema":{"@context":"https:\/\/schema.org","@graph":[{"@type":"Article","@id":"https:\/\/kuzeyinsesi.org\/index.php\/2026\/03\/02\/12-dev-adam-sirbistani-maglup-etti\/#article","isPartOf":{"@id":"https:\/\/kuzeyinsesi.org\/index.php\/2026\/03\/02\/12-dev-adam-sirbistani-maglup-etti\/"},"author":{"name":"Kuzeyin Sesi","@id":"https:\/\/kuzeyinsesi.org\/#\/schema\/person\/9f859689cdf01485597712386e37f5aa"},"headline":"12 Dev Adam S\u0131rbistan&#039;\u0131 ma\u011flup etti","datePublished":"2026-03-02T20:14:52+00:00","mainEntityOfPage":{"@id":"https:\/\/kuzeyinsesi.org\/index.php\/2026\/03\/02\/12-dev-adam-sirbistani-maglup-etti\/"},"wordCount":51,"commentCount":0,"image":{"@id":"https:\/\/kuzeyinsesi.org\/index.php\/2026\/03\/02\/12-dev-adam-sirbistani-maglup-etti\/#primaryimage"},"thumbnailUrl":"https:\/\/kuzeyinsesi.org\/wp-content\/uploads\/2026\/03\/basketbol-aa-2443237.jpg","articleSection":["Spor"],"inLanguage":"tr","potentialAction":[{"@type":"CommentAction","name":"Comment","target":["https:\/\/kuzeyinsesi.org\/index.php\/2026\/03\/02\/12-dev-adam-sirbistani-maglup-etti\/#respond"]}]},{"@type":"WebPage","@id":"https:\/\/kuzeyinsesi.org\/index.php\/2026\/03\/02\/12-dev-adam-sirbistani-maglup-etti\/","url":"https:\/\/kuzeyinsesi.org\/index.php\/2026\/03\/02\/12-dev-adam-sirbistani-maglup-etti\/","name":"12 Dev Adam S\u0131rbistan&#039;\u0131 ma\u011flup etti - Kuzeyin Sesi","isPartOf":{"@id":"https:\/\/kuzeyinsesi.org\/#website"},"primaryImageOfPage":{"@id":"https:\/\/kuzeyinsesi.org\/index.php\/2026\/03\/02\/12-dev-adam-sirbistani-maglup-etti\/#primaryimage"},"image":{"@id":"https:\/\/kuzeyinsesi.org\/index.php\/2026\/03\/02\/12-dev-adam-sirbistani-maglup-etti\/#primaryimage"},"thumbnailUrl":"https:\/\/kuzeyinsesi.org\/wp-content\/uploads\/2026\/03\/basketbol-aa-2443237.jpg","datePublished":"2026-03-02T20:14:52+00:00","author":{"@id":"https:\/\/kuzeyinsesi.org\/#\/schema\/person\/9f859689cdf01485597712386e37f5aa"},"breadcrumb":{"@id":"https:\/\/kuzeyinsesi.org\/index.php\/2026\/03\/02\/12-dev-adam-sirbistani-maglup-etti\/#breadcrumb"},"inLanguage":"tr","potentialAction":[{"@type":"ReadAction","target":["https:\/\/kuzeyinsesi.org\/index.php\/2026\/03\/02\/12-dev-adam-sirbistani-maglup-etti\/"]}]},{"@type":"ImageObject","inLanguage":"tr","@id":"https:\/\/kuzeyinsesi.org\/index.php\/2026\/03\/02\/12-dev-adam-sirbistani-maglup-etti\/#primaryimage","url":"https:\/\/kuzeyinsesi.org\/wp-content\/uploads\/2026\/03\/basketbol-aa-2443237.jpg","contentUrl":"https:\/\/kuzeyinsesi.org\/wp-content\/uploads\/2026\/03\/basketbol-aa-2443237.jpg","width":1280,"height":720},{"@type":"BreadcrumbList","@id":"https:\/\/kuzeyinsesi.org\/index.php\/2026\/03\/02\/12-dev-adam-sirbistani-maglup-etti\/#breadcrumb","itemListElement":[{"@type":"ListItem","position":1,"name":"Anasayfa","item":"https:\/\/kuzeyinsesi.org\/"},{"@type":"ListItem","position":2,"name":"12 Dev Adam S\u0131rbistan&#039;\u0131 ma\u011flup etti"}]},{"@type":"WebSite","@id":"https:\/\/kuzeyinsesi.org\/#website","url":"https:\/\/kuzeyinsesi.org\/","name":"Kuzeyin Sesi","description":"Do\u011fru Haberin Adresi","potentialAction":[{"@type":"SearchAction","target":{"@type":"EntryPoint","urlTemplate":"https:\/\/kuzeyinsesi.org\/?s={search_term_string}"},"query-input":{"@type":"PropertyValueSpecification","valueRequired":true,"valueName":"search_term_string"}}],"inLanguage":"tr"},{"@type":"Person","@id":"https:\/\/kuzeyinsesi.org\/#\/schema\/person\/9f859689cdf01485597712386e37f5aa","name":"Kuzeyin Sesi","image":{"@type":"ImageObject","inLanguage":"tr","@id":"https:\/\/secure.gravatar.com\/avatar\/bab33852abfd8b282518d6ed81826833d77c3c882d9ab608add591ccace47a44?s=96&d=mm&r=g","url":"https:\/\/secure.gravatar.com\/avatar\/bab33852abfd8b282518d6ed81826833d77c3c882d9ab608add591ccace47a44?s=96&d=mm&r=g","contentUrl":"https:\/\/secure.gravatar.com\/avatar\/bab33852abfd8b282518d6ed81826833d77c3c882d9ab608add591ccace47a44?s=96&d=mm&r=g","caption":"Kuzeyin Sesi"},"sameAs":["https:\/\/kuzeyinsesi.org"],"url":"https:\/\/kuzeyinsesi.org\/index.php\/author\/guven\/"}]}},"_links":{"self":[{"href":"https:\/\/kuzeyinsesi.org\/index.php\/wp-json\/wp\/v2\/posts\/36170","targetHints":{"allow":["GET"]}}],"collection":[{"href":"https:\/\/kuzeyinsesi.org\/index.php\/wp-json\/wp\/v2\/posts"}],"about":[{"href":"https:\/\/kuzeyinsesi.org\/index.php\/wp-json\/wp\/v2\/types\/post"}],"author":[{"embeddable":true,"href":"https:\/\/kuzeyinsesi.org\/index.php\/wp-json\/wp\/v2\/users\/1"}],"replies":[{"embeddable":true,"href":"https:\/\/kuzeyinsesi.org\/index.php\/wp-json\/wp\/v2\/comments?post=36170"}],"version-history":[{"count":0,"href":"https:\/\/kuzeyinsesi.org\/index.php\/wp-json\/wp\/v2\/posts\/36170\/revisions"}],"wp:featuredmedia":[{"embeddable":true,"href":"https:\/\/kuzeyinsesi.org\/index.php\/wp-json\/wp\/v2\/media\/36171"}],"wp:attachment":[{"href":"https:\/\/kuzeyinsesi.org\/index.php\/wp-json\/wp\/v2\/media?parent=36170"}],"wp:term":[{"taxonomy":"category","embeddable":true,"href":"https:\/\/kuzeyinsesi.org\/index.php\/wp-json\/wp\/v2\/categories?post=36170"},{"taxonomy":"post_tag","embeddable":true,"href":"https:\/\/kuzeyinsesi.org\/index.php\/wp-json\/wp\/v2\/tags?post=36170"}],"curies":[{"name":"wp","href":"https:\/\/api.w.org\/{rel}","templated":true}]}}