{"id":36138,"date":"2026-03-01T16:29:10","date_gmt":"2026-03-01T14:29:10","guid":{"rendered":"https:\/\/kuzeyinsesi.org\/index.php\/2026\/03\/01\/iii-uluslararasi-kulturel-mirasi-koruma-ve-arastirma-sempozyumu-tamamlandi\/"},"modified":"2026-03-01T16:29:10","modified_gmt":"2026-03-01T14:29:10","slug":"iii-uluslararasi-kulturel-mirasi-koruma-ve-arastirma-sempozyumu-tamamlandi","status":"publish","type":"post","link":"https:\/\/kuzeyinsesi.org\/index.php\/2026\/03\/01\/iii-uluslararasi-kulturel-mirasi-koruma-ve-arastirma-sempozyumu-tamamlandi\/","title":{"rendered":"III. Uluslararas\u0131 K\u00fclt\u00fcrel Miras\u0131 Koruma ve Ara\u015ft\u0131rma Sempozyumu tamamland\u0131"},"content":{"rendered":"<p style=\"font-weight: 300\">Ba\u015fbakan Yard\u0131mc\u0131l\u0131\u011f\u0131, Turizm, K\u00fclt\u00fcr, Gen\u00e7lik ve \u00c7evre Bakanl\u0131\u011f\u0131, T.C. Lefko\u015fa B\u00fcy\u00fckel\u00e7ili\u011fi Kalk\u0131nma ve Ekonomik \u0130\u015f Birli\u011fi Ofisi, T\u00fcrk \u0130\u015fbirli\u011fi ve Koordinasyon Ajans\u0131 (T\u0130KA), K\u00fclt\u00fcr Varl\u0131klar\u0131 ve M\u00fczeler Genel M\u00fcd\u00fcrl\u00fc\u011f\u00fc, Lefko\u015fa T\u00fcrk Belediyesi, G\u00f6nyeli\u2013Alayk\u00f6y Belediyesi, Gazima\u011fusa Belediyesi, \u00c7atalk\u00f6y\u2013Esentepe Belediyesi, K\u0131br\u0131s Vak\u0131flar \u0130daresi (Evkaf) ve Bayrak Radyo Televizyon Kurumu\u2019nun katk\u0131 ve destekleriyle hayata ge\u00e7irilen sempozyuma; akademisyenler, alan uzmanlar\u0131 ve kurum temsilcileri kat\u0131ld\u0131.<\/p>\n<p style=\"font-weight: 300\">&#8211; Kurtarma kaz\u0131lar\u0131, arkeolojik alanda kar\u015f\u0131la\u015f\u0131lan koruma sorunlar\u0131 ve k\u00fclt\u00fcrel varl\u0131klar konu\u015fuldu<\/p>\n<p style=\"font-weight: 300\">Sempozyum s\u00fcresince ger\u00e7ekle\u015ftirilen sunumlar aras\u0131nda; K\u0131br\u0131s\u2019taki kurtarma kaz\u0131lar\u0131, arkeolojik alanlarda kar\u015f\u0131la\u015f\u0131lan koruma sorunlar\u0131, k\u0131y\u0131 ve kentsel bask\u0131 alt\u0131ndaki k\u00fclt\u00fcrel varl\u0131klar ile restorasyon uygulamalar\u0131 da ele al\u0131nd\u0131.<\/p>\n<p style=\"font-weight: 300\">\u00d6zellikle Soli Antik Kenti\u2019nde y\u00fcr\u00fct\u00fclen \u00e7al\u0131\u015fmalar, kurtarma kaz\u0131lar\u0131n\u0131n bilimsel sorumluluk \u00e7er\u00e7evesinde nas\u0131l y\u00f6netilmesi gerekti\u011fine dair verilerin sunuldu\u011fu etkinlikte, Selimiye Camii restorasyon s\u00fcreci \u00f6rnek vaka olarak de\u011ferlendirilerek; tarihi yap\u0131larda m\u00fcdahale s\u0131n\u0131rlar\u0131, \u00f6zg\u00fcnl\u00fck ilkesi ve uluslararas\u0131 koruma kriterleri tart\u0131\u015f\u0131ld\u0131.<\/p>\n<p style=\"font-weight: 300\">Sempozyum kapsam\u0131nda \u201cZaman\u0131n Katmanlar\u0131\u201d sergisi a\u00e7\u0131larak, sanatseverle bulu\u015ftu.<\/p>\n<p style=\"font-weight: 300\">&#8211; Ged\u00fck<\/p>\n<p style=\"font-weight: 300\">Kapan\u0131\u015f de\u011ferlendirmesinde bulunan K\u00dcMAD Ba\u015fkan\u0131<b><strong>\u00a0<\/strong><\/b>Serkan Ged\u00fck, sempozyumda akademik bildirilerin yan\u0131nda; sahada verilen eme\u011fi, kurtarma kaz\u0131lar\u0131ndaki titiz \u00e7al\u0131\u015fmalar\u0131 ve restorasyon s\u00fcre\u00e7lerindeki sorumlulu\u011fun da de\u011ferlendirildi\u011fini kaydetti.<\/p>\n<p style=\"font-weight: 300\">Ged\u00fck, \u201cK\u00fclt\u00fcrel miras, zamana b\u0131rak\u0131lacak bir mesele de\u011fildir. Bilimsel ak\u0131l, kurumsal i\u015f birli\u011fi ve toplumsal bilin\u00e7 bir araya gelmeden koruma m\u00fcmk\u00fcn de\u011fildir. K\u00dcMAD olarak hedefimiz; bu platformu her y\u0131l daha da g\u00fc\u00e7lendirerek s\u00fcrd\u00fcr\u00fclebilir projelere zemin haz\u0131rlamak ve k\u00fclt\u00fcrel miras konusunda ortak bir refleks olu\u015fturmakt\u0131r.\u201d ifadelerini kulland\u0131.<\/p>\n<p style=\"font-weight: 300\">&#8211; Ate\u015fin<\/p>\n<p style=\"font-weight: 300\">Ayhatun Ate\u015fin ise, miras\u0131n etik sorumluluk boyutuna dikkat \u00e7ekerek, sempozyumun bir \u201chaf\u0131za bulu\u015fmas\u0131\u201d oldu\u011funu vurgulad\u0131.<\/p>\n<p style=\"font-weight: 300\">\u201c\u0130ki g\u00fcn boyunca bilgiyle, deneyimle, tart\u0131\u015fmayla ve en \u00f6nemlisi ortak sorumluluk bilinciyle bir arada olduk. Bu sempozyumu yaln\u0131zca bir akademik etkinlik olarak de\u011fil, bir haf\u0131za bulu\u015fmas\u0131 olarak ya\u015fad\u0131k. K\u00fclt\u00fcrel miras; ta\u015fta, toprakta oldu\u011fu kadar s\u00f6zde, seste, rit\u00fcelde ve bellekte ya\u015far. Koruman\u0131n bir tercih de\u011fil, etik bir zorunluluk oldu\u011funu bir kez daha hat\u0131rlad\u0131k.\u201d diyen Ate\u015fin, miras\u0131n devral\u0131nan bir y\u00fck de\u011fil, gelece\u011fe devretmekle sorumlu olunan bir emanet oldu\u011funu belirtti.<\/p>\n<p style=\"font-weight: 300\"><span style=\"font-weight: 300 !important\">Organizasyon s\u00fcrecine katk\u0131 sunan Eski Eserler ve M\u00fczeler Dairesi M\u00fcd\u00fcr\u00fc Emine Ziba ve K\u00fclt\u00fcr Dairesi M\u00fcd\u00fcr\u00fc \u015eirin Zaima\u011fao\u011flu da sempozyumun s\u00fcrd\u00fcr\u00fclebilir projelere zemin haz\u0131rlayan, ilham verici bir platform oldu\u011funu ifade etti.<\/span><\/p>\n<p style=\"font-weight: 300\">Ziba, sempozyumun yo\u011fun kat\u0131l\u0131m ve g\u00fc\u00e7l\u00fc i\u015f birli\u011fiyle ger\u00e7ekle\u015fti\u011fini belirterek, kat\u0131l\u0131mc\u0131lar\u0131n aktif katk\u0131lar\u0131n\u0131n, sempozyumun verimlili\u011fini ve etki alan\u0131n\u0131 daha da g\u00fc\u00e7lendirdi\u011fini kaydetti. Ziba, \u201cSempozyum s\u00fcresince ortaya konulan g\u00f6r\u00fc\u015f ve \u00f6nerilerin, k\u00fclt\u00fcrel miras alan\u0131ndaki \u00e7al\u0131\u015fmalara yol g\u00f6sterici olaca\u011f\u0131na inan\u0131yorum.\u201d dedi.<\/p>\n<p style=\"font-weight: 300\">Zaima\u011fao\u011flu ise bilimsel, s\u00fcrd\u00fcr\u00fclebilir, verimli, bir\u00e7ok a\u00e7\u0131dan yeni projelerin de ilk ad\u0131mlar\u0131n\u0131n at\u0131ld\u0131\u011f\u0131 bir sempozyum oldu\u011funu s\u00f6yleyerek, s\u00fcrd\u00fcr\u00fclebilir projelere zemin haz\u0131rlad\u0131\u011f\u0131n\u0131 vurgulad\u0131; \u00fclke k\u00fclt\u00fcr\u00fc ve miras\u0131 ad\u0131na uzun soluklu bir yolculuk rehberi olaca\u011f\u0131na inan\u00e7 belirtti.<\/p>\n<p>III. Uluslararas\u0131 K\u00fclt\u00fcrel Miras\u0131 Koruma ve Ara\u015ft\u0131rma Sempozyumu tamamland\u0131 yaz\u0131s\u0131 ilk \u00f6nce K\u0131br\u0131s Hakikat \u00fczerinde ortaya \u00e7\u0131kt\u0131.<\/p>\n","protected":false},"excerpt":{"rendered":"<p>Ba\u015fbakan Yard\u0131mc\u0131l\u0131\u011f\u0131, Turizm, K\u00fclt\u00fcr, Gen\u00e7lik ve \u00c7evre Bakanl\u0131\u011f\u0131, T.C. Lefko\u015fa B\u00fcy\u00fckel\u00e7ili\u011fi Kalk\u0131nma ve Ekonomik \u0130\u015f Birli\u011fi Ofisi, T\u00fcrk \u0130\u015fbirli\u011fi ve Koordinasyon Ajans\u0131 (T\u0130KA), K\u00fclt\u00fcr Varl\u0131klar\u0131 ve M\u00fczeler Genel M\u00fcd\u00fcrl\u00fc\u011f\u00fc, Lefko\u015fa T\u00fcrk Belediyesi, G\u00f6nyeli\u2013Alayk\u00f6y Belediyesi, Gazima\u011fusa Belediyesi, \u00c7atalk\u00f6y\u2013Esentepe Belediyesi, K\u0131br\u0131s Vak\u0131flar \u0130daresi (Evkaf) ve Bayrak Radyo Televizyon Kurumu\u2019nun katk\u0131 ve destekleriyle hayata ge\u00e7irilen sempozyuma; akademisyenler, alan [&hellip;]<\/p>\n","protected":false},"author":1,"featured_media":36139,"comment_status":"open","ping_status":"open","sticky":false,"template":"","format":"standard","meta":{"jnews-multi-image_gallery":[],"jnews_single_post":[],"jnews_primary_category":[],"jnews_social_meta":[],"jnews_override_counter":[],"footnotes":""},"categories":[1],"tags":[],"class_list":["post-36138","post","type-post","status-publish","format-standard","has-post-thumbnail","hentry","category-kibris"],"yoast_head":"<!-- This site is optimized with the Yoast SEO plugin v27.5 - https:\/\/yoast.com\/product\/yoast-seo-wordpress\/ -->\n<title>III. Uluslararas\u0131 K\u00fclt\u00fcrel Miras\u0131 Koruma ve Ara\u015ft\u0131rma Sempozyumu tamamland\u0131 - Kuzeyin Sesi<\/title>\n<meta name=\"robots\" content=\"index, follow, max-snippet:-1, max-image-preview:large, max-video-preview:-1\" \/>\n<link rel=\"canonical\" href=\"https:\/\/kuzeyinsesi.org\/index.php\/2026\/03\/01\/iii-uluslararasi-kulturel-mirasi-koruma-ve-arastirma-sempozyumu-tamamlandi\/\" \/>\n<meta property=\"og:locale\" content=\"tr_TR\" \/>\n<meta property=\"og:type\" content=\"article\" \/>\n<meta property=\"og:title\" content=\"III. Uluslararas\u0131 K\u00fclt\u00fcrel Miras\u0131 Koruma ve Ara\u015ft\u0131rma Sempozyumu tamamland\u0131 - Kuzeyin Sesi\" \/>\n<meta property=\"og:description\" content=\"Ba\u015fbakan Yard\u0131mc\u0131l\u0131\u011f\u0131, Turizm, K\u00fclt\u00fcr, Gen\u00e7lik ve \u00c7evre Bakanl\u0131\u011f\u0131, T.C. Lefko\u015fa B\u00fcy\u00fckel\u00e7ili\u011fi Kalk\u0131nma ve Ekonomik \u0130\u015f Birli\u011fi Ofisi, T\u00fcrk \u0130\u015fbirli\u011fi ve Koordinasyon Ajans\u0131 (T\u0130KA), K\u00fclt\u00fcr Varl\u0131klar\u0131 ve M\u00fczeler Genel M\u00fcd\u00fcrl\u00fc\u011f\u00fc, Lefko\u015fa T\u00fcrk Belediyesi, G\u00f6nyeli\u2013Alayk\u00f6y Belediyesi, Gazima\u011fusa Belediyesi, \u00c7atalk\u00f6y\u2013Esentepe Belediyesi, K\u0131br\u0131s Vak\u0131flar \u0130daresi (Evkaf) ve Bayrak Radyo Televizyon Kurumu\u2019nun katk\u0131 ve destekleriyle hayata ge\u00e7irilen sempozyuma; akademisyenler, alan [&hellip;]\" \/>\n<meta property=\"og:url\" content=\"https:\/\/kuzeyinsesi.org\/index.php\/2026\/03\/01\/iii-uluslararasi-kulturel-mirasi-koruma-ve-arastirma-sempozyumu-tamamlandi\/\" \/>\n<meta property=\"og:site_name\" content=\"Kuzeyin Sesi\" \/>\n<meta property=\"article:publisher\" content=\"https:\/\/www.facebook.com\/kuzeyinsesii\" \/>\n<meta property=\"article:published_time\" content=\"2026-03-01T14:29:10+00:00\" \/>\n<meta name=\"author\" content=\"Kuzeyin Sesi\" \/>\n<meta name=\"twitter:card\" content=\"summary_large_image\" \/>\n<meta name=\"twitter:creator\" content=\"@kuzeyinsesii\" \/>\n<meta name=\"twitter:site\" content=\"@kuzeyinsesii\" \/>\n<meta name=\"twitter:label1\" content=\"Yazan:\" \/>\n\t<meta name=\"twitter:data1\" content=\"Kuzeyin Sesi\" \/>\n\t<meta name=\"twitter:label2\" content=\"Tahmini okuma s\u00fcresi\" \/>\n\t<meta name=\"twitter:data2\" content=\"3 dakika\" \/>\n<script type=\"application\/ld+json\" class=\"yoast-schema-graph\">{\"@context\":\"https:\\\/\\\/schema.org\",\"@graph\":[{\"@type\":\"Article\",\"@id\":\"https:\\\/\\\/kuzeyinsesi.org\\\/index.php\\\/2026\\\/03\\\/01\\\/iii-uluslararasi-kulturel-mirasi-koruma-ve-arastirma-sempozyumu-tamamlandi\\\/#article\",\"isPartOf\":{\"@id\":\"https:\\\/\\\/kuzeyinsesi.org\\\/index.php\\\/2026\\\/03\\\/01\\\/iii-uluslararasi-kulturel-mirasi-koruma-ve-arastirma-sempozyumu-tamamlandi\\\/\"},\"author\":{\"name\":\"Kuzeyin Sesi\",\"@id\":\"https:\\\/\\\/kuzeyinsesi.org\\\/#\\\/schema\\\/person\\\/9f859689cdf01485597712386e37f5aa\"},\"headline\":\"III. Uluslararas\u0131 K\u00fclt\u00fcrel Miras\u0131 Koruma ve Ara\u015ft\u0131rma Sempozyumu tamamland\u0131\",\"datePublished\":\"2026-03-01T14:29:10+00:00\",\"mainEntityOfPage\":{\"@id\":\"https:\\\/\\\/kuzeyinsesi.org\\\/index.php\\\/2026\\\/03\\\/01\\\/iii-uluslararasi-kulturel-mirasi-koruma-ve-arastirma-sempozyumu-tamamlandi\\\/\"},\"wordCount\":659,\"commentCount\":0,\"image\":{\"@id\":\"https:\\\/\\\/kuzeyinsesi.org\\\/index.php\\\/2026\\\/03\\\/01\\\/iii-uluslararasi-kulturel-mirasi-koruma-ve-arastirma-sempozyumu-tamamlandi\\\/#primaryimage\"},\"thumbnailUrl\":\"https:\\\/\\\/kuzeyinsesi.org\\\/wp-content\\\/uploads\\\/2026\\\/03\\\/1772368854586E-KULTUREL-MIRAS-SEMPOZYUMU-1-scaled.jpeg\",\"articleSection\":[\"K\u0131br\u0131s\"],\"inLanguage\":\"tr\",\"potentialAction\":[{\"@type\":\"CommentAction\",\"name\":\"Comment\",\"target\":[\"https:\\\/\\\/kuzeyinsesi.org\\\/index.php\\\/2026\\\/03\\\/01\\\/iii-uluslararasi-kulturel-mirasi-koruma-ve-arastirma-sempozyumu-tamamlandi\\\/#respond\"]}]},{\"@type\":\"WebPage\",\"@id\":\"https:\\\/\\\/kuzeyinsesi.org\\\/index.php\\\/2026\\\/03\\\/01\\\/iii-uluslararasi-kulturel-mirasi-koruma-ve-arastirma-sempozyumu-tamamlandi\\\/\",\"url\":\"https:\\\/\\\/kuzeyinsesi.org\\\/index.php\\\/2026\\\/03\\\/01\\\/iii-uluslararasi-kulturel-mirasi-koruma-ve-arastirma-sempozyumu-tamamlandi\\\/\",\"name\":\"III. Uluslararas\u0131 K\u00fclt\u00fcrel Miras\u0131 Koruma ve Ara\u015ft\u0131rma Sempozyumu tamamland\u0131 - Kuzeyin Sesi\",\"isPartOf\":{\"@id\":\"https:\\\/\\\/kuzeyinsesi.org\\\/#website\"},\"primaryImageOfPage\":{\"@id\":\"https:\\\/\\\/kuzeyinsesi.org\\\/index.php\\\/2026\\\/03\\\/01\\\/iii-uluslararasi-kulturel-mirasi-koruma-ve-arastirma-sempozyumu-tamamlandi\\\/#primaryimage\"},\"image\":{\"@id\":\"https:\\\/\\\/kuzeyinsesi.org\\\/index.php\\\/2026\\\/03\\\/01\\\/iii-uluslararasi-kulturel-mirasi-koruma-ve-arastirma-sempozyumu-tamamlandi\\\/#primaryimage\"},\"thumbnailUrl\":\"https:\\\/\\\/kuzeyinsesi.org\\\/wp-content\\\/uploads\\\/2026\\\/03\\\/1772368854586E-KULTUREL-MIRAS-SEMPOZYUMU-1-scaled.jpeg\",\"datePublished\":\"2026-03-01T14:29:10+00:00\",\"author\":{\"@id\":\"https:\\\/\\\/kuzeyinsesi.org\\\/#\\\/schema\\\/person\\\/9f859689cdf01485597712386e37f5aa\"},\"breadcrumb\":{\"@id\":\"https:\\\/\\\/kuzeyinsesi.org\\\/index.php\\\/2026\\\/03\\\/01\\\/iii-uluslararasi-kulturel-mirasi-koruma-ve-arastirma-sempozyumu-tamamlandi\\\/#breadcrumb\"},\"inLanguage\":\"tr\",\"potentialAction\":[{\"@type\":\"ReadAction\",\"target\":[\"https:\\\/\\\/kuzeyinsesi.org\\\/index.php\\\/2026\\\/03\\\/01\\\/iii-uluslararasi-kulturel-mirasi-koruma-ve-arastirma-sempozyumu-tamamlandi\\\/\"]}]},{\"@type\":\"ImageObject\",\"inLanguage\":\"tr\",\"@id\":\"https:\\\/\\\/kuzeyinsesi.org\\\/index.php\\\/2026\\\/03\\\/01\\\/iii-uluslararasi-kulturel-mirasi-koruma-ve-arastirma-sempozyumu-tamamlandi\\\/#primaryimage\",\"url\":\"https:\\\/\\\/kuzeyinsesi.org\\\/wp-content\\\/uploads\\\/2026\\\/03\\\/1772368854586E-KULTUREL-MIRAS-SEMPOZYUMU-1-scaled.jpeg\",\"contentUrl\":\"https:\\\/\\\/kuzeyinsesi.org\\\/wp-content\\\/uploads\\\/2026\\\/03\\\/1772368854586E-KULTUREL-MIRAS-SEMPOZYUMU-1-scaled.jpeg\",\"width\":2560,\"height\":1220},{\"@type\":\"BreadcrumbList\",\"@id\":\"https:\\\/\\\/kuzeyinsesi.org\\\/index.php\\\/2026\\\/03\\\/01\\\/iii-uluslararasi-kulturel-mirasi-koruma-ve-arastirma-sempozyumu-tamamlandi\\\/#breadcrumb\",\"itemListElement\":[{\"@type\":\"ListItem\",\"position\":1,\"name\":\"Anasayfa\",\"item\":\"https:\\\/\\\/kuzeyinsesi.org\\\/\"},{\"@type\":\"ListItem\",\"position\":2,\"name\":\"III. Uluslararas\u0131 K\u00fclt\u00fcrel Miras\u0131 Koruma ve Ara\u015ft\u0131rma Sempozyumu tamamland\u0131\"}]},{\"@type\":\"WebSite\",\"@id\":\"https:\\\/\\\/kuzeyinsesi.org\\\/#website\",\"url\":\"https:\\\/\\\/kuzeyinsesi.org\\\/\",\"name\":\"Kuzeyin Sesi\",\"description\":\"Do\u011fru Haberin Adresi\",\"potentialAction\":[{\"@type\":\"SearchAction\",\"target\":{\"@type\":\"EntryPoint\",\"urlTemplate\":\"https:\\\/\\\/kuzeyinsesi.org\\\/?s={search_term_string}\"},\"query-input\":{\"@type\":\"PropertyValueSpecification\",\"valueRequired\":true,\"valueName\":\"search_term_string\"}}],\"inLanguage\":\"tr\"},{\"@type\":\"Person\",\"@id\":\"https:\\\/\\\/kuzeyinsesi.org\\\/#\\\/schema\\\/person\\\/9f859689cdf01485597712386e37f5aa\",\"name\":\"Kuzeyin Sesi\",\"image\":{\"@type\":\"ImageObject\",\"inLanguage\":\"tr\",\"@id\":\"https:\\\/\\\/secure.gravatar.com\\\/avatar\\\/bab33852abfd8b282518d6ed81826833d77c3c882d9ab608add591ccace47a44?s=96&d=mm&r=g\",\"url\":\"https:\\\/\\\/secure.gravatar.com\\\/avatar\\\/bab33852abfd8b282518d6ed81826833d77c3c882d9ab608add591ccace47a44?s=96&d=mm&r=g\",\"contentUrl\":\"https:\\\/\\\/secure.gravatar.com\\\/avatar\\\/bab33852abfd8b282518d6ed81826833d77c3c882d9ab608add591ccace47a44?s=96&d=mm&r=g\",\"caption\":\"Kuzeyin Sesi\"},\"sameAs\":[\"https:\\\/\\\/kuzeyinsesi.org\"],\"url\":\"https:\\\/\\\/kuzeyinsesi.org\\\/index.php\\\/author\\\/guven\\\/\"}]}<\/script>\n<!-- \/ Yoast SEO plugin. -->","yoast_head_json":{"title":"III. Uluslararas\u0131 K\u00fclt\u00fcrel Miras\u0131 Koruma ve Ara\u015ft\u0131rma Sempozyumu tamamland\u0131 - Kuzeyin Sesi","robots":{"index":"index","follow":"follow","max-snippet":"max-snippet:-1","max-image-preview":"max-image-preview:large","max-video-preview":"max-video-preview:-1"},"canonical":"https:\/\/kuzeyinsesi.org\/index.php\/2026\/03\/01\/iii-uluslararasi-kulturel-mirasi-koruma-ve-arastirma-sempozyumu-tamamlandi\/","og_locale":"tr_TR","og_type":"article","og_title":"III. Uluslararas\u0131 K\u00fclt\u00fcrel Miras\u0131 Koruma ve Ara\u015ft\u0131rma Sempozyumu tamamland\u0131 - Kuzeyin Sesi","og_description":"Ba\u015fbakan Yard\u0131mc\u0131l\u0131\u011f\u0131, Turizm, K\u00fclt\u00fcr, Gen\u00e7lik ve \u00c7evre Bakanl\u0131\u011f\u0131, T.C. Lefko\u015fa B\u00fcy\u00fckel\u00e7ili\u011fi Kalk\u0131nma ve Ekonomik \u0130\u015f Birli\u011fi Ofisi, T\u00fcrk \u0130\u015fbirli\u011fi ve Koordinasyon Ajans\u0131 (T\u0130KA), K\u00fclt\u00fcr Varl\u0131klar\u0131 ve M\u00fczeler Genel M\u00fcd\u00fcrl\u00fc\u011f\u00fc, Lefko\u015fa T\u00fcrk Belediyesi, G\u00f6nyeli\u2013Alayk\u00f6y Belediyesi, Gazima\u011fusa Belediyesi, \u00c7atalk\u00f6y\u2013Esentepe Belediyesi, K\u0131br\u0131s Vak\u0131flar \u0130daresi (Evkaf) ve Bayrak Radyo Televizyon Kurumu\u2019nun katk\u0131 ve destekleriyle hayata ge\u00e7irilen sempozyuma; akademisyenler, alan [&hellip;]","og_url":"https:\/\/kuzeyinsesi.org\/index.php\/2026\/03\/01\/iii-uluslararasi-kulturel-mirasi-koruma-ve-arastirma-sempozyumu-tamamlandi\/","og_site_name":"Kuzeyin Sesi","article_publisher":"https:\/\/www.facebook.com\/kuzeyinsesii","article_published_time":"2026-03-01T14:29:10+00:00","author":"Kuzeyin Sesi","twitter_card":"summary_large_image","twitter_creator":"@kuzeyinsesii","twitter_site":"@kuzeyinsesii","twitter_misc":{"Yazan:":"Kuzeyin Sesi","Tahmini okuma s\u00fcresi":"3 dakika"},"schema":{"@context":"https:\/\/schema.org","@graph":[{"@type":"Article","@id":"https:\/\/kuzeyinsesi.org\/index.php\/2026\/03\/01\/iii-uluslararasi-kulturel-mirasi-koruma-ve-arastirma-sempozyumu-tamamlandi\/#article","isPartOf":{"@id":"https:\/\/kuzeyinsesi.org\/index.php\/2026\/03\/01\/iii-uluslararasi-kulturel-mirasi-koruma-ve-arastirma-sempozyumu-tamamlandi\/"},"author":{"name":"Kuzeyin Sesi","@id":"https:\/\/kuzeyinsesi.org\/#\/schema\/person\/9f859689cdf01485597712386e37f5aa"},"headline":"III. Uluslararas\u0131 K\u00fclt\u00fcrel Miras\u0131 Koruma ve Ara\u015ft\u0131rma Sempozyumu tamamland\u0131","datePublished":"2026-03-01T14:29:10+00:00","mainEntityOfPage":{"@id":"https:\/\/kuzeyinsesi.org\/index.php\/2026\/03\/01\/iii-uluslararasi-kulturel-mirasi-koruma-ve-arastirma-sempozyumu-tamamlandi\/"},"wordCount":659,"commentCount":0,"image":{"@id":"https:\/\/kuzeyinsesi.org\/index.php\/2026\/03\/01\/iii-uluslararasi-kulturel-mirasi-koruma-ve-arastirma-sempozyumu-tamamlandi\/#primaryimage"},"thumbnailUrl":"https:\/\/kuzeyinsesi.org\/wp-content\/uploads\/2026\/03\/1772368854586E-KULTUREL-MIRAS-SEMPOZYUMU-1-scaled.jpeg","articleSection":["K\u0131br\u0131s"],"inLanguage":"tr","potentialAction":[{"@type":"CommentAction","name":"Comment","target":["https:\/\/kuzeyinsesi.org\/index.php\/2026\/03\/01\/iii-uluslararasi-kulturel-mirasi-koruma-ve-arastirma-sempozyumu-tamamlandi\/#respond"]}]},{"@type":"WebPage","@id":"https:\/\/kuzeyinsesi.org\/index.php\/2026\/03\/01\/iii-uluslararasi-kulturel-mirasi-koruma-ve-arastirma-sempozyumu-tamamlandi\/","url":"https:\/\/kuzeyinsesi.org\/index.php\/2026\/03\/01\/iii-uluslararasi-kulturel-mirasi-koruma-ve-arastirma-sempozyumu-tamamlandi\/","name":"III. Uluslararas\u0131 K\u00fclt\u00fcrel Miras\u0131 Koruma ve Ara\u015ft\u0131rma Sempozyumu tamamland\u0131 - Kuzeyin Sesi","isPartOf":{"@id":"https:\/\/kuzeyinsesi.org\/#website"},"primaryImageOfPage":{"@id":"https:\/\/kuzeyinsesi.org\/index.php\/2026\/03\/01\/iii-uluslararasi-kulturel-mirasi-koruma-ve-arastirma-sempozyumu-tamamlandi\/#primaryimage"},"image":{"@id":"https:\/\/kuzeyinsesi.org\/index.php\/2026\/03\/01\/iii-uluslararasi-kulturel-mirasi-koruma-ve-arastirma-sempozyumu-tamamlandi\/#primaryimage"},"thumbnailUrl":"https:\/\/kuzeyinsesi.org\/wp-content\/uploads\/2026\/03\/1772368854586E-KULTUREL-MIRAS-SEMPOZYUMU-1-scaled.jpeg","datePublished":"2026-03-01T14:29:10+00:00","author":{"@id":"https:\/\/kuzeyinsesi.org\/#\/schema\/person\/9f859689cdf01485597712386e37f5aa"},"breadcrumb":{"@id":"https:\/\/kuzeyinsesi.org\/index.php\/2026\/03\/01\/iii-uluslararasi-kulturel-mirasi-koruma-ve-arastirma-sempozyumu-tamamlandi\/#breadcrumb"},"inLanguage":"tr","potentialAction":[{"@type":"ReadAction","target":["https:\/\/kuzeyinsesi.org\/index.php\/2026\/03\/01\/iii-uluslararasi-kulturel-mirasi-koruma-ve-arastirma-sempozyumu-tamamlandi\/"]}]},{"@type":"ImageObject","inLanguage":"tr","@id":"https:\/\/kuzeyinsesi.org\/index.php\/2026\/03\/01\/iii-uluslararasi-kulturel-mirasi-koruma-ve-arastirma-sempozyumu-tamamlandi\/#primaryimage","url":"https:\/\/kuzeyinsesi.org\/wp-content\/uploads\/2026\/03\/1772368854586E-KULTUREL-MIRAS-SEMPOZYUMU-1-scaled.jpeg","contentUrl":"https:\/\/kuzeyinsesi.org\/wp-content\/uploads\/2026\/03\/1772368854586E-KULTUREL-MIRAS-SEMPOZYUMU-1-scaled.jpeg","width":2560,"height":1220},{"@type":"BreadcrumbList","@id":"https:\/\/kuzeyinsesi.org\/index.php\/2026\/03\/01\/iii-uluslararasi-kulturel-mirasi-koruma-ve-arastirma-sempozyumu-tamamlandi\/#breadcrumb","itemListElement":[{"@type":"ListItem","position":1,"name":"Anasayfa","item":"https:\/\/kuzeyinsesi.org\/"},{"@type":"ListItem","position":2,"name":"III. Uluslararas\u0131 K\u00fclt\u00fcrel Miras\u0131 Koruma ve Ara\u015ft\u0131rma Sempozyumu tamamland\u0131"}]},{"@type":"WebSite","@id":"https:\/\/kuzeyinsesi.org\/#website","url":"https:\/\/kuzeyinsesi.org\/","name":"Kuzeyin Sesi","description":"Do\u011fru Haberin Adresi","potentialAction":[{"@type":"SearchAction","target":{"@type":"EntryPoint","urlTemplate":"https:\/\/kuzeyinsesi.org\/?s={search_term_string}"},"query-input":{"@type":"PropertyValueSpecification","valueRequired":true,"valueName":"search_term_string"}}],"inLanguage":"tr"},{"@type":"Person","@id":"https:\/\/kuzeyinsesi.org\/#\/schema\/person\/9f859689cdf01485597712386e37f5aa","name":"Kuzeyin Sesi","image":{"@type":"ImageObject","inLanguage":"tr","@id":"https:\/\/secure.gravatar.com\/avatar\/bab33852abfd8b282518d6ed81826833d77c3c882d9ab608add591ccace47a44?s=96&d=mm&r=g","url":"https:\/\/secure.gravatar.com\/avatar\/bab33852abfd8b282518d6ed81826833d77c3c882d9ab608add591ccace47a44?s=96&d=mm&r=g","contentUrl":"https:\/\/secure.gravatar.com\/avatar\/bab33852abfd8b282518d6ed81826833d77c3c882d9ab608add591ccace47a44?s=96&d=mm&r=g","caption":"Kuzeyin Sesi"},"sameAs":["https:\/\/kuzeyinsesi.org"],"url":"https:\/\/kuzeyinsesi.org\/index.php\/author\/guven\/"}]}},"_links":{"self":[{"href":"https:\/\/kuzeyinsesi.org\/index.php\/wp-json\/wp\/v2\/posts\/36138","targetHints":{"allow":["GET"]}}],"collection":[{"href":"https:\/\/kuzeyinsesi.org\/index.php\/wp-json\/wp\/v2\/posts"}],"about":[{"href":"https:\/\/kuzeyinsesi.org\/index.php\/wp-json\/wp\/v2\/types\/post"}],"author":[{"embeddable":true,"href":"https:\/\/kuzeyinsesi.org\/index.php\/wp-json\/wp\/v2\/users\/1"}],"replies":[{"embeddable":true,"href":"https:\/\/kuzeyinsesi.org\/index.php\/wp-json\/wp\/v2\/comments?post=36138"}],"version-history":[{"count":0,"href":"https:\/\/kuzeyinsesi.org\/index.php\/wp-json\/wp\/v2\/posts\/36138\/revisions"}],"wp:featuredmedia":[{"embeddable":true,"href":"https:\/\/kuzeyinsesi.org\/index.php\/wp-json\/wp\/v2\/media\/36139"}],"wp:attachment":[{"href":"https:\/\/kuzeyinsesi.org\/index.php\/wp-json\/wp\/v2\/media?parent=36138"}],"wp:term":[{"taxonomy":"category","embeddable":true,"href":"https:\/\/kuzeyinsesi.org\/index.php\/wp-json\/wp\/v2\/categories?post=36138"},{"taxonomy":"post_tag","embeddable":true,"href":"https:\/\/kuzeyinsesi.org\/index.php\/wp-json\/wp\/v2\/tags?post=36138"}],"curies":[{"name":"wp","href":"https:\/\/api.w.org\/{rel}","templated":true}]}}