{"id":36134,"date":"2026-03-01T16:16:22","date_gmt":"2026-03-01T14:16:22","guid":{"rendered":"https:\/\/kuzeyinsesi.org\/index.php\/2026\/03\/01\/altyapida-planli-ve-kararli-adimlar-suruyor\/"},"modified":"2026-03-01T16:16:22","modified_gmt":"2026-03-01T14:16:22","slug":"altyapida-planli-ve-kararli-adimlar-suruyor","status":"publish","type":"post","link":"https:\/\/kuzeyinsesi.org\/index.php\/2026\/03\/01\/altyapida-planli-ve-kararli-adimlar-suruyor\/","title":{"rendered":"Altyap\u0131da planl\u0131 ve kararl\u0131 ad\u0131mlar s\u00fcr\u00fcyor"},"content":{"rendered":"<p style=\"font-weight: 300\"><span style=\"font-weight: 300 !important\">Amcao\u011flu, yaz\u0131l\u0131 a\u00e7\u0131klamas\u0131nda, bir yandan ya\u011fmur suyu drenaj hatlar\u0131n\u0131 g\u00fc\u00e7lendirmeye y\u00f6nelik \u00e7al\u0131\u015fmalar\u0131n devam etti\u011fini, di\u011fer yandan Mercan Sokak ve Zalim Sokak\u2019ta hayata ge\u00e7irilen kanalizasyon \u00e7al\u0131\u015fmas\u0131yla b\u00f6lgede bir eksikli\u011fin daha giderildi\u011fini ifade etti.<\/span><\/p>\n<p style=\"font-weight: 300\"><span style=\"font-weight: 300 !important\">Altyap\u0131n\u0131n \u00e7o\u011fu zaman g\u00f6r\u00fcnmeyen ancak G\u00f6nyeli\u2013Alayk\u00f6y\u2019\u00fcn gelece\u011fini ta\u015f\u0131yan en g\u00fc\u00e7l\u00fc temel oldu\u011funa dikkat \u00e7eken Amcao\u011flu, bu anlay\u0131\u015fla kentin her noktas\u0131ndaki ihtiya\u00e7lar\u0131n teknik ekipler ve uzmanlarla birlikte yerinde tespit edildi\u011fini, kal\u0131c\u0131 \u00e7\u00f6z\u00fcmler \u00fcretmek i\u00e7in ekiplerin sahada \u00e7al\u0131\u015ft\u0131\u011f\u0131n\u0131 belirtti.<\/span><\/p>\n<p style=\"font-weight: 300\"><span style=\"font-weight: 300 !important\">Amcao\u011flu, \u00fcst yap\u0131da oldu\u011fu gibi altyap\u0131da da planl\u0131 bir \u015fekilde kararl\u0131l\u0131kla ilerlediklerini vurgulad\u0131.<\/span><\/p>\n<p>Altyap\u0131da planl\u0131 ve kararl\u0131 ad\u0131mlar s\u00fcr\u00fcyor yaz\u0131s\u0131 ilk \u00f6nce K\u0131br\u0131s Hakikat \u00fczerinde ortaya \u00e7\u0131kt\u0131.<\/p>\n","protected":false},"excerpt":{"rendered":"<p>Amcao\u011flu, yaz\u0131l\u0131 a\u00e7\u0131klamas\u0131nda, bir yandan ya\u011fmur suyu drenaj hatlar\u0131n\u0131 g\u00fc\u00e7lendirmeye y\u00f6nelik \u00e7al\u0131\u015fmalar\u0131n devam etti\u011fini, di\u011fer yandan Mercan Sokak ve Zalim Sokak\u2019ta hayata ge\u00e7irilen kanalizasyon \u00e7al\u0131\u015fmas\u0131yla b\u00f6lgede bir eksikli\u011fin daha giderildi\u011fini ifade etti. Altyap\u0131n\u0131n \u00e7o\u011fu zaman g\u00f6r\u00fcnmeyen ancak G\u00f6nyeli\u2013Alayk\u00f6y\u2019\u00fcn gelece\u011fini ta\u015f\u0131yan en g\u00fc\u00e7l\u00fc temel oldu\u011funa dikkat \u00e7eken Amcao\u011flu, bu anlay\u0131\u015fla kentin her noktas\u0131ndaki ihtiya\u00e7lar\u0131n teknik ekipler [&hellip;]<\/p>\n","protected":false},"author":1,"featured_media":36135,"comment_status":"open","ping_status":"open","sticky":false,"template":"","format":"standard","meta":{"jnews-multi-image_gallery":[],"jnews_single_post":[],"jnews_primary_category":[],"jnews_social_meta":[],"jnews_override_counter":[],"footnotes":""},"categories":[1],"tags":[],"class_list":["post-36134","post","type-post","status-publish","format-standard","has-post-thumbnail","hentry","category-kibris"],"yoast_head":"<!-- This site is optimized with the Yoast SEO plugin v27.5 - https:\/\/yoast.com\/product\/yoast-seo-wordpress\/ -->\n<title>Altyap\u0131da planl\u0131 ve kararl\u0131 ad\u0131mlar s\u00fcr\u00fcyor - Kuzeyin Sesi<\/title>\n<meta name=\"robots\" content=\"index, follow, max-snippet:-1, max-image-preview:large, max-video-preview:-1\" \/>\n<link rel=\"canonical\" href=\"https:\/\/kuzeyinsesi.org\/index.php\/2026\/03\/01\/altyapida-planli-ve-kararli-adimlar-suruyor\/\" \/>\n<meta property=\"og:locale\" content=\"tr_TR\" \/>\n<meta property=\"og:type\" content=\"article\" \/>\n<meta property=\"og:title\" content=\"Altyap\u0131da planl\u0131 ve kararl\u0131 ad\u0131mlar s\u00fcr\u00fcyor - Kuzeyin Sesi\" \/>\n<meta property=\"og:description\" content=\"Amcao\u011flu, yaz\u0131l\u0131 a\u00e7\u0131klamas\u0131nda, bir yandan ya\u011fmur suyu drenaj hatlar\u0131n\u0131 g\u00fc\u00e7lendirmeye y\u00f6nelik \u00e7al\u0131\u015fmalar\u0131n devam etti\u011fini, di\u011fer yandan Mercan Sokak ve Zalim Sokak\u2019ta hayata ge\u00e7irilen kanalizasyon \u00e7al\u0131\u015fmas\u0131yla b\u00f6lgede bir eksikli\u011fin daha giderildi\u011fini ifade etti. Altyap\u0131n\u0131n \u00e7o\u011fu zaman g\u00f6r\u00fcnmeyen ancak G\u00f6nyeli\u2013Alayk\u00f6y\u2019\u00fcn gelece\u011fini ta\u015f\u0131yan en g\u00fc\u00e7l\u00fc temel oldu\u011funa dikkat \u00e7eken Amcao\u011flu, bu anlay\u0131\u015fla kentin her noktas\u0131ndaki ihtiya\u00e7lar\u0131n teknik ekipler [&hellip;]\" \/>\n<meta property=\"og:url\" content=\"https:\/\/kuzeyinsesi.org\/index.php\/2026\/03\/01\/altyapida-planli-ve-kararli-adimlar-suruyor\/\" \/>\n<meta property=\"og:site_name\" content=\"Kuzeyin Sesi\" \/>\n<meta property=\"article:publisher\" content=\"https:\/\/www.facebook.com\/kuzeyinsesii\" \/>\n<meta property=\"article:published_time\" content=\"2026-03-01T14:16:22+00:00\" \/>\n<meta name=\"author\" content=\"Kuzeyin Sesi\" \/>\n<meta name=\"twitter:card\" content=\"summary_large_image\" \/>\n<meta name=\"twitter:creator\" content=\"@kuzeyinsesii\" \/>\n<meta name=\"twitter:site\" content=\"@kuzeyinsesii\" \/>\n<meta name=\"twitter:label1\" content=\"Yazan:\" \/>\n\t<meta name=\"twitter:data1\" content=\"Kuzeyin Sesi\" \/>\n\t<meta name=\"twitter:label2\" content=\"Tahmini okuma s\u00fcresi\" \/>\n\t<meta name=\"twitter:data2\" content=\"1 dakika\" \/>\n<script type=\"application\/ld+json\" class=\"yoast-schema-graph\">{\"@context\":\"https:\\\/\\\/schema.org\",\"@graph\":[{\"@type\":\"Article\",\"@id\":\"https:\\\/\\\/kuzeyinsesi.org\\\/index.php\\\/2026\\\/03\\\/01\\\/altyapida-planli-ve-kararli-adimlar-suruyor\\\/#article\",\"isPartOf\":{\"@id\":\"https:\\\/\\\/kuzeyinsesi.org\\\/index.php\\\/2026\\\/03\\\/01\\\/altyapida-planli-ve-kararli-adimlar-suruyor\\\/\"},\"author\":{\"name\":\"Kuzeyin Sesi\",\"@id\":\"https:\\\/\\\/kuzeyinsesi.org\\\/#\\\/schema\\\/person\\\/9f859689cdf01485597712386e37f5aa\"},\"headline\":\"Altyap\u0131da planl\u0131 ve kararl\u0131 ad\u0131mlar s\u00fcr\u00fcyor\",\"datePublished\":\"2026-03-01T14:16:22+00:00\",\"mainEntityOfPage\":{\"@id\":\"https:\\\/\\\/kuzeyinsesi.org\\\/index.php\\\/2026\\\/03\\\/01\\\/altyapida-planli-ve-kararli-adimlar-suruyor\\\/\"},\"wordCount\":162,\"commentCount\":0,\"image\":{\"@id\":\"https:\\\/\\\/kuzeyinsesi.org\\\/index.php\\\/2026\\\/03\\\/01\\\/altyapida-planli-ve-kararli-adimlar-suruyor\\\/#primaryimage\"},\"thumbnailUrl\":\"https:\\\/\\\/kuzeyinsesi.org\\\/wp-content\\\/uploads\\\/2026\\\/03\\\/images-3.jpg\",\"articleSection\":[\"K\u0131br\u0131s\"],\"inLanguage\":\"tr\",\"potentialAction\":[{\"@type\":\"CommentAction\",\"name\":\"Comment\",\"target\":[\"https:\\\/\\\/kuzeyinsesi.org\\\/index.php\\\/2026\\\/03\\\/01\\\/altyapida-planli-ve-kararli-adimlar-suruyor\\\/#respond\"]}]},{\"@type\":\"WebPage\",\"@id\":\"https:\\\/\\\/kuzeyinsesi.org\\\/index.php\\\/2026\\\/03\\\/01\\\/altyapida-planli-ve-kararli-adimlar-suruyor\\\/\",\"url\":\"https:\\\/\\\/kuzeyinsesi.org\\\/index.php\\\/2026\\\/03\\\/01\\\/altyapida-planli-ve-kararli-adimlar-suruyor\\\/\",\"name\":\"Altyap\u0131da planl\u0131 ve kararl\u0131 ad\u0131mlar s\u00fcr\u00fcyor - Kuzeyin Sesi\",\"isPartOf\":{\"@id\":\"https:\\\/\\\/kuzeyinsesi.org\\\/#website\"},\"primaryImageOfPage\":{\"@id\":\"https:\\\/\\\/kuzeyinsesi.org\\\/index.php\\\/2026\\\/03\\\/01\\\/altyapida-planli-ve-kararli-adimlar-suruyor\\\/#primaryimage\"},\"image\":{\"@id\":\"https:\\\/\\\/kuzeyinsesi.org\\\/index.php\\\/2026\\\/03\\\/01\\\/altyapida-planli-ve-kararli-adimlar-suruyor\\\/#primaryimage\"},\"thumbnailUrl\":\"https:\\\/\\\/kuzeyinsesi.org\\\/wp-content\\\/uploads\\\/2026\\\/03\\\/images-3.jpg\",\"datePublished\":\"2026-03-01T14:16:22+00:00\",\"author\":{\"@id\":\"https:\\\/\\\/kuzeyinsesi.org\\\/#\\\/schema\\\/person\\\/9f859689cdf01485597712386e37f5aa\"},\"breadcrumb\":{\"@id\":\"https:\\\/\\\/kuzeyinsesi.org\\\/index.php\\\/2026\\\/03\\\/01\\\/altyapida-planli-ve-kararli-adimlar-suruyor\\\/#breadcrumb\"},\"inLanguage\":\"tr\",\"potentialAction\":[{\"@type\":\"ReadAction\",\"target\":[\"https:\\\/\\\/kuzeyinsesi.org\\\/index.php\\\/2026\\\/03\\\/01\\\/altyapida-planli-ve-kararli-adimlar-suruyor\\\/\"]}]},{\"@type\":\"ImageObject\",\"inLanguage\":\"tr\",\"@id\":\"https:\\\/\\\/kuzeyinsesi.org\\\/index.php\\\/2026\\\/03\\\/01\\\/altyapida-planli-ve-kararli-adimlar-suruyor\\\/#primaryimage\",\"url\":\"https:\\\/\\\/kuzeyinsesi.org\\\/wp-content\\\/uploads\\\/2026\\\/03\\\/images-3.jpg\",\"contentUrl\":\"https:\\\/\\\/kuzeyinsesi.org\\\/wp-content\\\/uploads\\\/2026\\\/03\\\/images-3.jpg\",\"width\":300,\"height\":168},{\"@type\":\"BreadcrumbList\",\"@id\":\"https:\\\/\\\/kuzeyinsesi.org\\\/index.php\\\/2026\\\/03\\\/01\\\/altyapida-planli-ve-kararli-adimlar-suruyor\\\/#breadcrumb\",\"itemListElement\":[{\"@type\":\"ListItem\",\"position\":1,\"name\":\"Anasayfa\",\"item\":\"https:\\\/\\\/kuzeyinsesi.org\\\/\"},{\"@type\":\"ListItem\",\"position\":2,\"name\":\"Altyap\u0131da planl\u0131 ve kararl\u0131 ad\u0131mlar s\u00fcr\u00fcyor\"}]},{\"@type\":\"WebSite\",\"@id\":\"https:\\\/\\\/kuzeyinsesi.org\\\/#website\",\"url\":\"https:\\\/\\\/kuzeyinsesi.org\\\/\",\"name\":\"Kuzeyin Sesi\",\"description\":\"Do\u011fru Haberin Adresi\",\"potentialAction\":[{\"@type\":\"SearchAction\",\"target\":{\"@type\":\"EntryPoint\",\"urlTemplate\":\"https:\\\/\\\/kuzeyinsesi.org\\\/?s={search_term_string}\"},\"query-input\":{\"@type\":\"PropertyValueSpecification\",\"valueRequired\":true,\"valueName\":\"search_term_string\"}}],\"inLanguage\":\"tr\"},{\"@type\":\"Person\",\"@id\":\"https:\\\/\\\/kuzeyinsesi.org\\\/#\\\/schema\\\/person\\\/9f859689cdf01485597712386e37f5aa\",\"name\":\"Kuzeyin Sesi\",\"image\":{\"@type\":\"ImageObject\",\"inLanguage\":\"tr\",\"@id\":\"https:\\\/\\\/secure.gravatar.com\\\/avatar\\\/bab33852abfd8b282518d6ed81826833d77c3c882d9ab608add591ccace47a44?s=96&d=mm&r=g\",\"url\":\"https:\\\/\\\/secure.gravatar.com\\\/avatar\\\/bab33852abfd8b282518d6ed81826833d77c3c882d9ab608add591ccace47a44?s=96&d=mm&r=g\",\"contentUrl\":\"https:\\\/\\\/secure.gravatar.com\\\/avatar\\\/bab33852abfd8b282518d6ed81826833d77c3c882d9ab608add591ccace47a44?s=96&d=mm&r=g\",\"caption\":\"Kuzeyin Sesi\"},\"sameAs\":[\"https:\\\/\\\/kuzeyinsesi.org\"],\"url\":\"https:\\\/\\\/kuzeyinsesi.org\\\/index.php\\\/author\\\/guven\\\/\"}]}<\/script>\n<!-- \/ Yoast SEO plugin. -->","yoast_head_json":{"title":"Altyap\u0131da planl\u0131 ve kararl\u0131 ad\u0131mlar s\u00fcr\u00fcyor - Kuzeyin Sesi","robots":{"index":"index","follow":"follow","max-snippet":"max-snippet:-1","max-image-preview":"max-image-preview:large","max-video-preview":"max-video-preview:-1"},"canonical":"https:\/\/kuzeyinsesi.org\/index.php\/2026\/03\/01\/altyapida-planli-ve-kararli-adimlar-suruyor\/","og_locale":"tr_TR","og_type":"article","og_title":"Altyap\u0131da planl\u0131 ve kararl\u0131 ad\u0131mlar s\u00fcr\u00fcyor - Kuzeyin Sesi","og_description":"Amcao\u011flu, yaz\u0131l\u0131 a\u00e7\u0131klamas\u0131nda, bir yandan ya\u011fmur suyu drenaj hatlar\u0131n\u0131 g\u00fc\u00e7lendirmeye y\u00f6nelik \u00e7al\u0131\u015fmalar\u0131n devam etti\u011fini, di\u011fer yandan Mercan Sokak ve Zalim Sokak\u2019ta hayata ge\u00e7irilen kanalizasyon \u00e7al\u0131\u015fmas\u0131yla b\u00f6lgede bir eksikli\u011fin daha giderildi\u011fini ifade etti. Altyap\u0131n\u0131n \u00e7o\u011fu zaman g\u00f6r\u00fcnmeyen ancak G\u00f6nyeli\u2013Alayk\u00f6y\u2019\u00fcn gelece\u011fini ta\u015f\u0131yan en g\u00fc\u00e7l\u00fc temel oldu\u011funa dikkat \u00e7eken Amcao\u011flu, bu anlay\u0131\u015fla kentin her noktas\u0131ndaki ihtiya\u00e7lar\u0131n teknik ekipler [&hellip;]","og_url":"https:\/\/kuzeyinsesi.org\/index.php\/2026\/03\/01\/altyapida-planli-ve-kararli-adimlar-suruyor\/","og_site_name":"Kuzeyin Sesi","article_publisher":"https:\/\/www.facebook.com\/kuzeyinsesii","article_published_time":"2026-03-01T14:16:22+00:00","author":"Kuzeyin Sesi","twitter_card":"summary_large_image","twitter_creator":"@kuzeyinsesii","twitter_site":"@kuzeyinsesii","twitter_misc":{"Yazan:":"Kuzeyin Sesi","Tahmini okuma s\u00fcresi":"1 dakika"},"schema":{"@context":"https:\/\/schema.org","@graph":[{"@type":"Article","@id":"https:\/\/kuzeyinsesi.org\/index.php\/2026\/03\/01\/altyapida-planli-ve-kararli-adimlar-suruyor\/#article","isPartOf":{"@id":"https:\/\/kuzeyinsesi.org\/index.php\/2026\/03\/01\/altyapida-planli-ve-kararli-adimlar-suruyor\/"},"author":{"name":"Kuzeyin Sesi","@id":"https:\/\/kuzeyinsesi.org\/#\/schema\/person\/9f859689cdf01485597712386e37f5aa"},"headline":"Altyap\u0131da planl\u0131 ve kararl\u0131 ad\u0131mlar s\u00fcr\u00fcyor","datePublished":"2026-03-01T14:16:22+00:00","mainEntityOfPage":{"@id":"https:\/\/kuzeyinsesi.org\/index.php\/2026\/03\/01\/altyapida-planli-ve-kararli-adimlar-suruyor\/"},"wordCount":162,"commentCount":0,"image":{"@id":"https:\/\/kuzeyinsesi.org\/index.php\/2026\/03\/01\/altyapida-planli-ve-kararli-adimlar-suruyor\/#primaryimage"},"thumbnailUrl":"https:\/\/kuzeyinsesi.org\/wp-content\/uploads\/2026\/03\/images-3.jpg","articleSection":["K\u0131br\u0131s"],"inLanguage":"tr","potentialAction":[{"@type":"CommentAction","name":"Comment","target":["https:\/\/kuzeyinsesi.org\/index.php\/2026\/03\/01\/altyapida-planli-ve-kararli-adimlar-suruyor\/#respond"]}]},{"@type":"WebPage","@id":"https:\/\/kuzeyinsesi.org\/index.php\/2026\/03\/01\/altyapida-planli-ve-kararli-adimlar-suruyor\/","url":"https:\/\/kuzeyinsesi.org\/index.php\/2026\/03\/01\/altyapida-planli-ve-kararli-adimlar-suruyor\/","name":"Altyap\u0131da planl\u0131 ve kararl\u0131 ad\u0131mlar s\u00fcr\u00fcyor - Kuzeyin Sesi","isPartOf":{"@id":"https:\/\/kuzeyinsesi.org\/#website"},"primaryImageOfPage":{"@id":"https:\/\/kuzeyinsesi.org\/index.php\/2026\/03\/01\/altyapida-planli-ve-kararli-adimlar-suruyor\/#primaryimage"},"image":{"@id":"https:\/\/kuzeyinsesi.org\/index.php\/2026\/03\/01\/altyapida-planli-ve-kararli-adimlar-suruyor\/#primaryimage"},"thumbnailUrl":"https:\/\/kuzeyinsesi.org\/wp-content\/uploads\/2026\/03\/images-3.jpg","datePublished":"2026-03-01T14:16:22+00:00","author":{"@id":"https:\/\/kuzeyinsesi.org\/#\/schema\/person\/9f859689cdf01485597712386e37f5aa"},"breadcrumb":{"@id":"https:\/\/kuzeyinsesi.org\/index.php\/2026\/03\/01\/altyapida-planli-ve-kararli-adimlar-suruyor\/#breadcrumb"},"inLanguage":"tr","potentialAction":[{"@type":"ReadAction","target":["https:\/\/kuzeyinsesi.org\/index.php\/2026\/03\/01\/altyapida-planli-ve-kararli-adimlar-suruyor\/"]}]},{"@type":"ImageObject","inLanguage":"tr","@id":"https:\/\/kuzeyinsesi.org\/index.php\/2026\/03\/01\/altyapida-planli-ve-kararli-adimlar-suruyor\/#primaryimage","url":"https:\/\/kuzeyinsesi.org\/wp-content\/uploads\/2026\/03\/images-3.jpg","contentUrl":"https:\/\/kuzeyinsesi.org\/wp-content\/uploads\/2026\/03\/images-3.jpg","width":300,"height":168},{"@type":"BreadcrumbList","@id":"https:\/\/kuzeyinsesi.org\/index.php\/2026\/03\/01\/altyapida-planli-ve-kararli-adimlar-suruyor\/#breadcrumb","itemListElement":[{"@type":"ListItem","position":1,"name":"Anasayfa","item":"https:\/\/kuzeyinsesi.org\/"},{"@type":"ListItem","position":2,"name":"Altyap\u0131da planl\u0131 ve kararl\u0131 ad\u0131mlar s\u00fcr\u00fcyor"}]},{"@type":"WebSite","@id":"https:\/\/kuzeyinsesi.org\/#website","url":"https:\/\/kuzeyinsesi.org\/","name":"Kuzeyin Sesi","description":"Do\u011fru Haberin Adresi","potentialAction":[{"@type":"SearchAction","target":{"@type":"EntryPoint","urlTemplate":"https:\/\/kuzeyinsesi.org\/?s={search_term_string}"},"query-input":{"@type":"PropertyValueSpecification","valueRequired":true,"valueName":"search_term_string"}}],"inLanguage":"tr"},{"@type":"Person","@id":"https:\/\/kuzeyinsesi.org\/#\/schema\/person\/9f859689cdf01485597712386e37f5aa","name":"Kuzeyin Sesi","image":{"@type":"ImageObject","inLanguage":"tr","@id":"https:\/\/secure.gravatar.com\/avatar\/bab33852abfd8b282518d6ed81826833d77c3c882d9ab608add591ccace47a44?s=96&d=mm&r=g","url":"https:\/\/secure.gravatar.com\/avatar\/bab33852abfd8b282518d6ed81826833d77c3c882d9ab608add591ccace47a44?s=96&d=mm&r=g","contentUrl":"https:\/\/secure.gravatar.com\/avatar\/bab33852abfd8b282518d6ed81826833d77c3c882d9ab608add591ccace47a44?s=96&d=mm&r=g","caption":"Kuzeyin Sesi"},"sameAs":["https:\/\/kuzeyinsesi.org"],"url":"https:\/\/kuzeyinsesi.org\/index.php\/author\/guven\/"}]}},"_links":{"self":[{"href":"https:\/\/kuzeyinsesi.org\/index.php\/wp-json\/wp\/v2\/posts\/36134","targetHints":{"allow":["GET"]}}],"collection":[{"href":"https:\/\/kuzeyinsesi.org\/index.php\/wp-json\/wp\/v2\/posts"}],"about":[{"href":"https:\/\/kuzeyinsesi.org\/index.php\/wp-json\/wp\/v2\/types\/post"}],"author":[{"embeddable":true,"href":"https:\/\/kuzeyinsesi.org\/index.php\/wp-json\/wp\/v2\/users\/1"}],"replies":[{"embeddable":true,"href":"https:\/\/kuzeyinsesi.org\/index.php\/wp-json\/wp\/v2\/comments?post=36134"}],"version-history":[{"count":0,"href":"https:\/\/kuzeyinsesi.org\/index.php\/wp-json\/wp\/v2\/posts\/36134\/revisions"}],"wp:featuredmedia":[{"embeddable":true,"href":"https:\/\/kuzeyinsesi.org\/index.php\/wp-json\/wp\/v2\/media\/36135"}],"wp:attachment":[{"href":"https:\/\/kuzeyinsesi.org\/index.php\/wp-json\/wp\/v2\/media?parent=36134"}],"wp:term":[{"taxonomy":"category","embeddable":true,"href":"https:\/\/kuzeyinsesi.org\/index.php\/wp-json\/wp\/v2\/categories?post=36134"},{"taxonomy":"post_tag","embeddable":true,"href":"https:\/\/kuzeyinsesi.org\/index.php\/wp-json\/wp\/v2\/tags?post=36134"}],"curies":[{"name":"wp","href":"https:\/\/api.w.org\/{rel}","templated":true}]}}