{"id":36128,"date":"2026-03-01T15:54:38","date_gmt":"2026-03-01T13:54:38","guid":{"rendered":"https:\/\/kuzeyinsesi.org\/index.php\/2026\/03\/01\/azerbaycan-cumhurbaskani-aliyevden-iran-lideri-hamaney-icin-taziye-mesaji\/"},"modified":"2026-03-01T15:54:38","modified_gmt":"2026-03-01T13:54:38","slug":"azerbaycan-cumhurbaskani-aliyevden-iran-lideri-hamaney-icin-taziye-mesaji","status":"publish","type":"post","link":"https:\/\/kuzeyinsesi.org\/index.php\/2026\/03\/01\/azerbaycan-cumhurbaskani-aliyevden-iran-lideri-hamaney-icin-taziye-mesaji\/","title":{"rendered":"Azerbaycan Cumhurba\u015fkan\u0131 Aliyev\u2019den \u0130ran lideri Hamaney i\u00e7in taziye mesaj\u0131"},"content":{"rendered":"<p style=\"font-weight: 300\">Azerbaycan Cumhurba\u015fkanl\u0131\u011f\u0131ndan yap\u0131lan a\u00e7\u0131klamaya g\u00f6re, Peze\u015fkiyan&#8217;a mesaj g\u00f6nderen Aliyev, Hamaney&#8217;in vefat\u0131ndan derin \u00fcz\u00fcnt\u00fc duydu\u011funu belirtti.<\/p>\n<p style=\"font-weight: 300\">Aliyev mesaj\u0131nda, &#8220;Bu a\u011f\u0131r kay\u0131p dolay\u0131s\u0131yla size, merhumun ailesine ve dost \u0130ran halk\u0131na derin \u00fcz\u00fcnt\u00fcyle ba\u015fsa\u011fl\u0131\u011f\u0131 dileklerimizi iletiyor, sab\u0131r ve metanet diliyoruz.<\/p>\n<p style=\"font-weight: 300\">Ayetullah Ali Hamaney, uzun y\u0131llar boyunca \u0130ran devletinin ve toplumunun hayat\u0131nda \u00f6nemli rol oynam\u0131\u015f, \u00fclkesinin siyasi ve dini hayat\u0131nda \u00f6zel yere sahip \u015fahsiyetti. Onun vefat\u0131 \u0130ran i\u00e7in b\u00fcy\u00fck kay\u0131pt\u0131r.<\/p>\n<p style=\"font-weight: 300\">Bu zor g\u00fcnde dost ve karde\u015f \u0130ran halk\u0131na bar\u0131\u015f, istikrar ve huzur diliyoruz. Allah rahmet eylesin.&#8221; ifadelerini kulland\u0131.<\/p>\n<p>Azerbaycan Cumhurba\u015fkan\u0131 Aliyev&#8217;den \u0130ran lideri Hamaney i\u00e7in taziye mesaj\u0131 yaz\u0131s\u0131 ilk \u00f6nce K\u0131br\u0131s Hakikat \u00fczerinde ortaya \u00e7\u0131kt\u0131.<\/p>\n","protected":false},"excerpt":{"rendered":"<p>Azerbaycan Cumhurba\u015fkanl\u0131\u011f\u0131ndan yap\u0131lan a\u00e7\u0131klamaya g\u00f6re, Peze\u015fkiyan&#8217;a mesaj g\u00f6nderen Aliyev, Hamaney&#8217;in vefat\u0131ndan derin \u00fcz\u00fcnt\u00fc duydu\u011funu belirtti. Aliyev mesaj\u0131nda, &#8220;Bu a\u011f\u0131r kay\u0131p dolay\u0131s\u0131yla size, merhumun ailesine ve dost \u0130ran halk\u0131na derin \u00fcz\u00fcnt\u00fcyle ba\u015fsa\u011fl\u0131\u011f\u0131 dileklerimizi iletiyor, sab\u0131r ve metanet diliyoruz. Ayetullah Ali Hamaney, uzun y\u0131llar boyunca \u0130ran devletinin ve toplumunun hayat\u0131nda \u00f6nemli rol oynam\u0131\u015f, \u00fclkesinin siyasi ve dini [&hellip;]<\/p>\n","protected":false},"author":1,"featured_media":36129,"comment_status":"open","ping_status":"open","sticky":false,"template":"","format":"standard","meta":{"jnews-multi-image_gallery":[],"jnews_single_post":[],"jnews_primary_category":[],"jnews_social_meta":[],"jnews_override_counter":[],"footnotes":""},"categories":[1],"tags":[],"class_list":["post-36128","post","type-post","status-publish","format-standard","has-post-thumbnail","hentry","category-kibris"],"yoast_head":"<!-- This site is optimized with the Yoast SEO plugin v27.5 - https:\/\/yoast.com\/product\/yoast-seo-wordpress\/ -->\n<title>Azerbaycan Cumhurba\u015fkan\u0131 Aliyev\u2019den \u0130ran lideri Hamaney i\u00e7in taziye mesaj\u0131 - Kuzeyin Sesi<\/title>\n<meta name=\"robots\" content=\"index, follow, max-snippet:-1, max-image-preview:large, max-video-preview:-1\" \/>\n<link rel=\"canonical\" href=\"https:\/\/kuzeyinsesi.org\/index.php\/2026\/03\/01\/azerbaycan-cumhurbaskani-aliyevden-iran-lideri-hamaney-icin-taziye-mesaji\/\" \/>\n<meta property=\"og:locale\" content=\"tr_TR\" \/>\n<meta property=\"og:type\" content=\"article\" \/>\n<meta property=\"og:title\" content=\"Azerbaycan Cumhurba\u015fkan\u0131 Aliyev\u2019den \u0130ran lideri Hamaney i\u00e7in taziye mesaj\u0131 - Kuzeyin Sesi\" \/>\n<meta property=\"og:description\" content=\"Azerbaycan Cumhurba\u015fkanl\u0131\u011f\u0131ndan yap\u0131lan a\u00e7\u0131klamaya g\u00f6re, Peze\u015fkiyan&#8217;a mesaj g\u00f6nderen Aliyev, Hamaney&#8217;in vefat\u0131ndan derin \u00fcz\u00fcnt\u00fc duydu\u011funu belirtti. Aliyev mesaj\u0131nda, &#8220;Bu a\u011f\u0131r kay\u0131p dolay\u0131s\u0131yla size, merhumun ailesine ve dost \u0130ran halk\u0131na derin \u00fcz\u00fcnt\u00fcyle ba\u015fsa\u011fl\u0131\u011f\u0131 dileklerimizi iletiyor, sab\u0131r ve metanet diliyoruz. Ayetullah Ali Hamaney, uzun y\u0131llar boyunca \u0130ran devletinin ve toplumunun hayat\u0131nda \u00f6nemli rol oynam\u0131\u015f, \u00fclkesinin siyasi ve dini [&hellip;]\" \/>\n<meta property=\"og:url\" content=\"https:\/\/kuzeyinsesi.org\/index.php\/2026\/03\/01\/azerbaycan-cumhurbaskani-aliyevden-iran-lideri-hamaney-icin-taziye-mesaji\/\" \/>\n<meta property=\"og:site_name\" content=\"Kuzeyin Sesi\" \/>\n<meta property=\"article:publisher\" content=\"https:\/\/www.facebook.com\/kuzeyinsesii\" \/>\n<meta property=\"article:published_time\" content=\"2026-03-01T13:54:38+00:00\" \/>\n<meta name=\"author\" content=\"Kuzeyin Sesi\" \/>\n<meta name=\"twitter:card\" content=\"summary_large_image\" \/>\n<meta name=\"twitter:creator\" content=\"@kuzeyinsesii\" \/>\n<meta name=\"twitter:site\" content=\"@kuzeyinsesii\" \/>\n<meta name=\"twitter:label1\" content=\"Yazan:\" \/>\n\t<meta name=\"twitter:data1\" content=\"Kuzeyin Sesi\" \/>\n\t<meta name=\"twitter:label2\" content=\"Tahmini okuma s\u00fcresi\" \/>\n\t<meta name=\"twitter:data2\" content=\"1 dakika\" \/>\n<script type=\"application\/ld+json\" class=\"yoast-schema-graph\">{\"@context\":\"https:\\\/\\\/schema.org\",\"@graph\":[{\"@type\":\"Article\",\"@id\":\"https:\\\/\\\/kuzeyinsesi.org\\\/index.php\\\/2026\\\/03\\\/01\\\/azerbaycan-cumhurbaskani-aliyevden-iran-lideri-hamaney-icin-taziye-mesaji\\\/#article\",\"isPartOf\":{\"@id\":\"https:\\\/\\\/kuzeyinsesi.org\\\/index.php\\\/2026\\\/03\\\/01\\\/azerbaycan-cumhurbaskani-aliyevden-iran-lideri-hamaney-icin-taziye-mesaji\\\/\"},\"author\":{\"name\":\"Kuzeyin Sesi\",\"@id\":\"https:\\\/\\\/kuzeyinsesi.org\\\/#\\\/schema\\\/person\\\/9f859689cdf01485597712386e37f5aa\"},\"headline\":\"Azerbaycan Cumhurba\u015fkan\u0131 Aliyev\u2019den \u0130ran lideri Hamaney i\u00e7in taziye mesaj\u0131\",\"datePublished\":\"2026-03-01T13:54:38+00:00\",\"mainEntityOfPage\":{\"@id\":\"https:\\\/\\\/kuzeyinsesi.org\\\/index.php\\\/2026\\\/03\\\/01\\\/azerbaycan-cumhurbaskani-aliyevden-iran-lideri-hamaney-icin-taziye-mesaji\\\/\"},\"wordCount\":152,\"commentCount\":0,\"image\":{\"@id\":\"https:\\\/\\\/kuzeyinsesi.org\\\/index.php\\\/2026\\\/03\\\/01\\\/azerbaycan-cumhurbaskani-aliyevden-iran-lideri-hamaney-icin-taziye-mesaji\\\/#primaryimage\"},\"thumbnailUrl\":\"https:\\\/\\\/kuzeyinsesi.org\\\/wp-content\\\/uploads\\\/2026\\\/03\\\/1772369710766thumbs_b_c_2d620b3476e904eb75b7b55b9c69d7c7.jpg\",\"articleSection\":[\"K\u0131br\u0131s\"],\"inLanguage\":\"tr\",\"potentialAction\":[{\"@type\":\"CommentAction\",\"name\":\"Comment\",\"target\":[\"https:\\\/\\\/kuzeyinsesi.org\\\/index.php\\\/2026\\\/03\\\/01\\\/azerbaycan-cumhurbaskani-aliyevden-iran-lideri-hamaney-icin-taziye-mesaji\\\/#respond\"]}]},{\"@type\":\"WebPage\",\"@id\":\"https:\\\/\\\/kuzeyinsesi.org\\\/index.php\\\/2026\\\/03\\\/01\\\/azerbaycan-cumhurbaskani-aliyevden-iran-lideri-hamaney-icin-taziye-mesaji\\\/\",\"url\":\"https:\\\/\\\/kuzeyinsesi.org\\\/index.php\\\/2026\\\/03\\\/01\\\/azerbaycan-cumhurbaskani-aliyevden-iran-lideri-hamaney-icin-taziye-mesaji\\\/\",\"name\":\"Azerbaycan Cumhurba\u015fkan\u0131 Aliyev\u2019den \u0130ran lideri Hamaney i\u00e7in taziye mesaj\u0131 - Kuzeyin Sesi\",\"isPartOf\":{\"@id\":\"https:\\\/\\\/kuzeyinsesi.org\\\/#website\"},\"primaryImageOfPage\":{\"@id\":\"https:\\\/\\\/kuzeyinsesi.org\\\/index.php\\\/2026\\\/03\\\/01\\\/azerbaycan-cumhurbaskani-aliyevden-iran-lideri-hamaney-icin-taziye-mesaji\\\/#primaryimage\"},\"image\":{\"@id\":\"https:\\\/\\\/kuzeyinsesi.org\\\/index.php\\\/2026\\\/03\\\/01\\\/azerbaycan-cumhurbaskani-aliyevden-iran-lideri-hamaney-icin-taziye-mesaji\\\/#primaryimage\"},\"thumbnailUrl\":\"https:\\\/\\\/kuzeyinsesi.org\\\/wp-content\\\/uploads\\\/2026\\\/03\\\/1772369710766thumbs_b_c_2d620b3476e904eb75b7b55b9c69d7c7.jpg\",\"datePublished\":\"2026-03-01T13:54:38+00:00\",\"author\":{\"@id\":\"https:\\\/\\\/kuzeyinsesi.org\\\/#\\\/schema\\\/person\\\/9f859689cdf01485597712386e37f5aa\"},\"breadcrumb\":{\"@id\":\"https:\\\/\\\/kuzeyinsesi.org\\\/index.php\\\/2026\\\/03\\\/01\\\/azerbaycan-cumhurbaskani-aliyevden-iran-lideri-hamaney-icin-taziye-mesaji\\\/#breadcrumb\"},\"inLanguage\":\"tr\",\"potentialAction\":[{\"@type\":\"ReadAction\",\"target\":[\"https:\\\/\\\/kuzeyinsesi.org\\\/index.php\\\/2026\\\/03\\\/01\\\/azerbaycan-cumhurbaskani-aliyevden-iran-lideri-hamaney-icin-taziye-mesaji\\\/\"]}]},{\"@type\":\"ImageObject\",\"inLanguage\":\"tr\",\"@id\":\"https:\\\/\\\/kuzeyinsesi.org\\\/index.php\\\/2026\\\/03\\\/01\\\/azerbaycan-cumhurbaskani-aliyevden-iran-lideri-hamaney-icin-taziye-mesaji\\\/#primaryimage\",\"url\":\"https:\\\/\\\/kuzeyinsesi.org\\\/wp-content\\\/uploads\\\/2026\\\/03\\\/1772369710766thumbs_b_c_2d620b3476e904eb75b7b55b9c69d7c7.jpg\",\"contentUrl\":\"https:\\\/\\\/kuzeyinsesi.org\\\/wp-content\\\/uploads\\\/2026\\\/03\\\/1772369710766thumbs_b_c_2d620b3476e904eb75b7b55b9c69d7c7.jpg\",\"width\":864,\"height\":486},{\"@type\":\"BreadcrumbList\",\"@id\":\"https:\\\/\\\/kuzeyinsesi.org\\\/index.php\\\/2026\\\/03\\\/01\\\/azerbaycan-cumhurbaskani-aliyevden-iran-lideri-hamaney-icin-taziye-mesaji\\\/#breadcrumb\",\"itemListElement\":[{\"@type\":\"ListItem\",\"position\":1,\"name\":\"Anasayfa\",\"item\":\"https:\\\/\\\/kuzeyinsesi.org\\\/\"},{\"@type\":\"ListItem\",\"position\":2,\"name\":\"Azerbaycan Cumhurba\u015fkan\u0131 Aliyev\u2019den \u0130ran lideri Hamaney i\u00e7in taziye mesaj\u0131\"}]},{\"@type\":\"WebSite\",\"@id\":\"https:\\\/\\\/kuzeyinsesi.org\\\/#website\",\"url\":\"https:\\\/\\\/kuzeyinsesi.org\\\/\",\"name\":\"Kuzeyin Sesi\",\"description\":\"Do\u011fru Haberin Adresi\",\"potentialAction\":[{\"@type\":\"SearchAction\",\"target\":{\"@type\":\"EntryPoint\",\"urlTemplate\":\"https:\\\/\\\/kuzeyinsesi.org\\\/?s={search_term_string}\"},\"query-input\":{\"@type\":\"PropertyValueSpecification\",\"valueRequired\":true,\"valueName\":\"search_term_string\"}}],\"inLanguage\":\"tr\"},{\"@type\":\"Person\",\"@id\":\"https:\\\/\\\/kuzeyinsesi.org\\\/#\\\/schema\\\/person\\\/9f859689cdf01485597712386e37f5aa\",\"name\":\"Kuzeyin Sesi\",\"image\":{\"@type\":\"ImageObject\",\"inLanguage\":\"tr\",\"@id\":\"https:\\\/\\\/secure.gravatar.com\\\/avatar\\\/bab33852abfd8b282518d6ed81826833d77c3c882d9ab608add591ccace47a44?s=96&d=mm&r=g\",\"url\":\"https:\\\/\\\/secure.gravatar.com\\\/avatar\\\/bab33852abfd8b282518d6ed81826833d77c3c882d9ab608add591ccace47a44?s=96&d=mm&r=g\",\"contentUrl\":\"https:\\\/\\\/secure.gravatar.com\\\/avatar\\\/bab33852abfd8b282518d6ed81826833d77c3c882d9ab608add591ccace47a44?s=96&d=mm&r=g\",\"caption\":\"Kuzeyin Sesi\"},\"sameAs\":[\"https:\\\/\\\/kuzeyinsesi.org\"],\"url\":\"https:\\\/\\\/kuzeyinsesi.org\\\/index.php\\\/author\\\/guven\\\/\"}]}<\/script>\n<!-- \/ Yoast SEO plugin. -->","yoast_head_json":{"title":"Azerbaycan Cumhurba\u015fkan\u0131 Aliyev\u2019den \u0130ran lideri Hamaney i\u00e7in taziye mesaj\u0131 - Kuzeyin Sesi","robots":{"index":"index","follow":"follow","max-snippet":"max-snippet:-1","max-image-preview":"max-image-preview:large","max-video-preview":"max-video-preview:-1"},"canonical":"https:\/\/kuzeyinsesi.org\/index.php\/2026\/03\/01\/azerbaycan-cumhurbaskani-aliyevden-iran-lideri-hamaney-icin-taziye-mesaji\/","og_locale":"tr_TR","og_type":"article","og_title":"Azerbaycan Cumhurba\u015fkan\u0131 Aliyev\u2019den \u0130ran lideri Hamaney i\u00e7in taziye mesaj\u0131 - Kuzeyin Sesi","og_description":"Azerbaycan Cumhurba\u015fkanl\u0131\u011f\u0131ndan yap\u0131lan a\u00e7\u0131klamaya g\u00f6re, Peze\u015fkiyan&#8217;a mesaj g\u00f6nderen Aliyev, Hamaney&#8217;in vefat\u0131ndan derin \u00fcz\u00fcnt\u00fc duydu\u011funu belirtti. Aliyev mesaj\u0131nda, &#8220;Bu a\u011f\u0131r kay\u0131p dolay\u0131s\u0131yla size, merhumun ailesine ve dost \u0130ran halk\u0131na derin \u00fcz\u00fcnt\u00fcyle ba\u015fsa\u011fl\u0131\u011f\u0131 dileklerimizi iletiyor, sab\u0131r ve metanet diliyoruz. Ayetullah Ali Hamaney, uzun y\u0131llar boyunca \u0130ran devletinin ve toplumunun hayat\u0131nda \u00f6nemli rol oynam\u0131\u015f, \u00fclkesinin siyasi ve dini [&hellip;]","og_url":"https:\/\/kuzeyinsesi.org\/index.php\/2026\/03\/01\/azerbaycan-cumhurbaskani-aliyevden-iran-lideri-hamaney-icin-taziye-mesaji\/","og_site_name":"Kuzeyin Sesi","article_publisher":"https:\/\/www.facebook.com\/kuzeyinsesii","article_published_time":"2026-03-01T13:54:38+00:00","author":"Kuzeyin Sesi","twitter_card":"summary_large_image","twitter_creator":"@kuzeyinsesii","twitter_site":"@kuzeyinsesii","twitter_misc":{"Yazan:":"Kuzeyin Sesi","Tahmini okuma s\u00fcresi":"1 dakika"},"schema":{"@context":"https:\/\/schema.org","@graph":[{"@type":"Article","@id":"https:\/\/kuzeyinsesi.org\/index.php\/2026\/03\/01\/azerbaycan-cumhurbaskani-aliyevden-iran-lideri-hamaney-icin-taziye-mesaji\/#article","isPartOf":{"@id":"https:\/\/kuzeyinsesi.org\/index.php\/2026\/03\/01\/azerbaycan-cumhurbaskani-aliyevden-iran-lideri-hamaney-icin-taziye-mesaji\/"},"author":{"name":"Kuzeyin Sesi","@id":"https:\/\/kuzeyinsesi.org\/#\/schema\/person\/9f859689cdf01485597712386e37f5aa"},"headline":"Azerbaycan Cumhurba\u015fkan\u0131 Aliyev\u2019den \u0130ran lideri Hamaney i\u00e7in taziye mesaj\u0131","datePublished":"2026-03-01T13:54:38+00:00","mainEntityOfPage":{"@id":"https:\/\/kuzeyinsesi.org\/index.php\/2026\/03\/01\/azerbaycan-cumhurbaskani-aliyevden-iran-lideri-hamaney-icin-taziye-mesaji\/"},"wordCount":152,"commentCount":0,"image":{"@id":"https:\/\/kuzeyinsesi.org\/index.php\/2026\/03\/01\/azerbaycan-cumhurbaskani-aliyevden-iran-lideri-hamaney-icin-taziye-mesaji\/#primaryimage"},"thumbnailUrl":"https:\/\/kuzeyinsesi.org\/wp-content\/uploads\/2026\/03\/1772369710766thumbs_b_c_2d620b3476e904eb75b7b55b9c69d7c7.jpg","articleSection":["K\u0131br\u0131s"],"inLanguage":"tr","potentialAction":[{"@type":"CommentAction","name":"Comment","target":["https:\/\/kuzeyinsesi.org\/index.php\/2026\/03\/01\/azerbaycan-cumhurbaskani-aliyevden-iran-lideri-hamaney-icin-taziye-mesaji\/#respond"]}]},{"@type":"WebPage","@id":"https:\/\/kuzeyinsesi.org\/index.php\/2026\/03\/01\/azerbaycan-cumhurbaskani-aliyevden-iran-lideri-hamaney-icin-taziye-mesaji\/","url":"https:\/\/kuzeyinsesi.org\/index.php\/2026\/03\/01\/azerbaycan-cumhurbaskani-aliyevden-iran-lideri-hamaney-icin-taziye-mesaji\/","name":"Azerbaycan Cumhurba\u015fkan\u0131 Aliyev\u2019den \u0130ran lideri Hamaney i\u00e7in taziye mesaj\u0131 - Kuzeyin Sesi","isPartOf":{"@id":"https:\/\/kuzeyinsesi.org\/#website"},"primaryImageOfPage":{"@id":"https:\/\/kuzeyinsesi.org\/index.php\/2026\/03\/01\/azerbaycan-cumhurbaskani-aliyevden-iran-lideri-hamaney-icin-taziye-mesaji\/#primaryimage"},"image":{"@id":"https:\/\/kuzeyinsesi.org\/index.php\/2026\/03\/01\/azerbaycan-cumhurbaskani-aliyevden-iran-lideri-hamaney-icin-taziye-mesaji\/#primaryimage"},"thumbnailUrl":"https:\/\/kuzeyinsesi.org\/wp-content\/uploads\/2026\/03\/1772369710766thumbs_b_c_2d620b3476e904eb75b7b55b9c69d7c7.jpg","datePublished":"2026-03-01T13:54:38+00:00","author":{"@id":"https:\/\/kuzeyinsesi.org\/#\/schema\/person\/9f859689cdf01485597712386e37f5aa"},"breadcrumb":{"@id":"https:\/\/kuzeyinsesi.org\/index.php\/2026\/03\/01\/azerbaycan-cumhurbaskani-aliyevden-iran-lideri-hamaney-icin-taziye-mesaji\/#breadcrumb"},"inLanguage":"tr","potentialAction":[{"@type":"ReadAction","target":["https:\/\/kuzeyinsesi.org\/index.php\/2026\/03\/01\/azerbaycan-cumhurbaskani-aliyevden-iran-lideri-hamaney-icin-taziye-mesaji\/"]}]},{"@type":"ImageObject","inLanguage":"tr","@id":"https:\/\/kuzeyinsesi.org\/index.php\/2026\/03\/01\/azerbaycan-cumhurbaskani-aliyevden-iran-lideri-hamaney-icin-taziye-mesaji\/#primaryimage","url":"https:\/\/kuzeyinsesi.org\/wp-content\/uploads\/2026\/03\/1772369710766thumbs_b_c_2d620b3476e904eb75b7b55b9c69d7c7.jpg","contentUrl":"https:\/\/kuzeyinsesi.org\/wp-content\/uploads\/2026\/03\/1772369710766thumbs_b_c_2d620b3476e904eb75b7b55b9c69d7c7.jpg","width":864,"height":486},{"@type":"BreadcrumbList","@id":"https:\/\/kuzeyinsesi.org\/index.php\/2026\/03\/01\/azerbaycan-cumhurbaskani-aliyevden-iran-lideri-hamaney-icin-taziye-mesaji\/#breadcrumb","itemListElement":[{"@type":"ListItem","position":1,"name":"Anasayfa","item":"https:\/\/kuzeyinsesi.org\/"},{"@type":"ListItem","position":2,"name":"Azerbaycan Cumhurba\u015fkan\u0131 Aliyev\u2019den \u0130ran lideri Hamaney i\u00e7in taziye mesaj\u0131"}]},{"@type":"WebSite","@id":"https:\/\/kuzeyinsesi.org\/#website","url":"https:\/\/kuzeyinsesi.org\/","name":"Kuzeyin Sesi","description":"Do\u011fru Haberin Adresi","potentialAction":[{"@type":"SearchAction","target":{"@type":"EntryPoint","urlTemplate":"https:\/\/kuzeyinsesi.org\/?s={search_term_string}"},"query-input":{"@type":"PropertyValueSpecification","valueRequired":true,"valueName":"search_term_string"}}],"inLanguage":"tr"},{"@type":"Person","@id":"https:\/\/kuzeyinsesi.org\/#\/schema\/person\/9f859689cdf01485597712386e37f5aa","name":"Kuzeyin Sesi","image":{"@type":"ImageObject","inLanguage":"tr","@id":"https:\/\/secure.gravatar.com\/avatar\/bab33852abfd8b282518d6ed81826833d77c3c882d9ab608add591ccace47a44?s=96&d=mm&r=g","url":"https:\/\/secure.gravatar.com\/avatar\/bab33852abfd8b282518d6ed81826833d77c3c882d9ab608add591ccace47a44?s=96&d=mm&r=g","contentUrl":"https:\/\/secure.gravatar.com\/avatar\/bab33852abfd8b282518d6ed81826833d77c3c882d9ab608add591ccace47a44?s=96&d=mm&r=g","caption":"Kuzeyin Sesi"},"sameAs":["https:\/\/kuzeyinsesi.org"],"url":"https:\/\/kuzeyinsesi.org\/index.php\/author\/guven\/"}]}},"_links":{"self":[{"href":"https:\/\/kuzeyinsesi.org\/index.php\/wp-json\/wp\/v2\/posts\/36128","targetHints":{"allow":["GET"]}}],"collection":[{"href":"https:\/\/kuzeyinsesi.org\/index.php\/wp-json\/wp\/v2\/posts"}],"about":[{"href":"https:\/\/kuzeyinsesi.org\/index.php\/wp-json\/wp\/v2\/types\/post"}],"author":[{"embeddable":true,"href":"https:\/\/kuzeyinsesi.org\/index.php\/wp-json\/wp\/v2\/users\/1"}],"replies":[{"embeddable":true,"href":"https:\/\/kuzeyinsesi.org\/index.php\/wp-json\/wp\/v2\/comments?post=36128"}],"version-history":[{"count":0,"href":"https:\/\/kuzeyinsesi.org\/index.php\/wp-json\/wp\/v2\/posts\/36128\/revisions"}],"wp:featuredmedia":[{"embeddable":true,"href":"https:\/\/kuzeyinsesi.org\/index.php\/wp-json\/wp\/v2\/media\/36129"}],"wp:attachment":[{"href":"https:\/\/kuzeyinsesi.org\/index.php\/wp-json\/wp\/v2\/media?parent=36128"}],"wp:term":[{"taxonomy":"category","embeddable":true,"href":"https:\/\/kuzeyinsesi.org\/index.php\/wp-json\/wp\/v2\/categories?post=36128"},{"taxonomy":"post_tag","embeddable":true,"href":"https:\/\/kuzeyinsesi.org\/index.php\/wp-json\/wp\/v2\/tags?post=36128"}],"curies":[{"name":"wp","href":"https:\/\/api.w.org\/{rel}","templated":true}]}}