{"id":36122,"date":"2026-03-01T14:11:07","date_gmt":"2026-03-01T12:11:07","guid":{"rendered":"https:\/\/kuzeyinsesi.org\/index.php\/2026\/03\/01\/trafik-denetimlerinde-380-surucu-rapor-edildi\/"},"modified":"2026-03-01T14:11:07","modified_gmt":"2026-03-01T12:11:07","slug":"trafik-denetimlerinde-380-surucu-rapor-edildi","status":"publish","type":"post","link":"https:\/\/kuzeyinsesi.org\/index.php\/2026\/03\/01\/trafik-denetimlerinde-380-surucu-rapor-edildi\/","title":{"rendered":"Trafik denetimlerinde 380 s\u00fcr\u00fcc\u00fc rapor edildi"},"content":{"rendered":"<p style=\"font-weight: 300\"><span style=\"font-weight: 300 !important\">\u00dc\u00e7 s\u00fcr\u00fcc\u00fc tutuklan\u0131rken, 44 ara\u00e7 trafikten men edildi.<\/span><\/p>\n<p style=\"font-weight: 300\"><span style=\"font-weight: 300 !important\">Polis Bas\u0131n Subayl\u0131\u011f\u0131ndan yap\u0131lan a\u00e7\u0131klamada, raporlanan trafik su\u00e7lar\u0131 \u015f\u00f6yle kaydedildi:<\/span><\/p>\n<p style=\"font-weight: 300\"><span style=\"font-weight: 300 !important\">\u201c184\u2019\u00fc yasal h\u0131z s\u0131n\u0131r\u0131 \u00fczerinde s\u00fcratli ara\u00e7 kullanmak, \u00a011\u2019i alkoll\u00fc i\u00e7ki tesiri alt\u0131nda ara\u00e7 kullanmak, 2\u2019si s\u00fcr\u00fc\u015f ehliyetsiz ve sigorta kapsamaks\u0131z\u0131n ara\u00e7 kullanmak, 6\u2019s\u0131 sigortas\u0131z ara\u00e7 kullanmak, 1\u2019i s\u00fcr\u00fc\u015f esnas\u0131nda cep telefonu kullanmak, 5\u2019i emniyet kemeri takmadan ara\u00e7 kullanmak, 13\u2019\u00fc muayenesiz ara\u00e7 kullanmak, 35\u2019i seyr\u00fcsefer ruhsats\u0131z ara\u00e7 kullanmak, 11\u2019i trafik levha ve i\u015faretlerine uymamak, 2\u2019si elektrikli scooter\u2019\u0131n kullan\u0131m kurallar\u0131na uymamak, 1\u2019i koruyucu ba\u015fl\u0131k takmadan motosiklet kullanmak, 3\u2019\u00fc arac\u0131n \u0131\u015f\u0131k kurallar\u0131na uymamak ve \u00a0106\u2019s\u0131 di\u011fer trafik su\u00e7lar\u0131\u201d<\/span><\/p>\n<p>Trafik denetimlerinde 380 s\u00fcr\u00fcc\u00fc rapor edildi yaz\u0131s\u0131 ilk \u00f6nce K\u0131br\u0131s Hakikat \u00fczerinde ortaya \u00e7\u0131kt\u0131.<\/p>\n","protected":false},"excerpt":{"rendered":"<p>\u00dc\u00e7 s\u00fcr\u00fcc\u00fc tutuklan\u0131rken, 44 ara\u00e7 trafikten men edildi. Polis Bas\u0131n Subayl\u0131\u011f\u0131ndan yap\u0131lan a\u00e7\u0131klamada, raporlanan trafik su\u00e7lar\u0131 \u015f\u00f6yle kaydedildi: \u201c184\u2019\u00fc yasal h\u0131z s\u0131n\u0131r\u0131 \u00fczerinde s\u00fcratli ara\u00e7 kullanmak, \u00a011\u2019i alkoll\u00fc i\u00e7ki tesiri alt\u0131nda ara\u00e7 kullanmak, 2\u2019si s\u00fcr\u00fc\u015f ehliyetsiz ve sigorta kapsamaks\u0131z\u0131n ara\u00e7 kullanmak, 6\u2019s\u0131 sigortas\u0131z ara\u00e7 kullanmak, 1\u2019i s\u00fcr\u00fc\u015f esnas\u0131nda cep telefonu kullanmak, 5\u2019i emniyet kemeri takmadan [&hellip;]<\/p>\n","protected":false},"author":1,"featured_media":36123,"comment_status":"open","ping_status":"open","sticky":false,"template":"","format":"standard","meta":{"jnews-multi-image_gallery":[],"jnews_single_post":[],"jnews_primary_category":[],"jnews_social_meta":[],"jnews_override_counter":[],"footnotes":""},"categories":[1],"tags":[],"class_list":["post-36122","post","type-post","status-publish","format-standard","has-post-thumbnail","hentry","category-kibris"],"yoast_head":"<!-- This site is optimized with the Yoast SEO plugin v27.5 - https:\/\/yoast.com\/product\/yoast-seo-wordpress\/ -->\n<title>Trafik denetimlerinde 380 s\u00fcr\u00fcc\u00fc rapor edildi - Kuzeyin Sesi<\/title>\n<meta name=\"robots\" content=\"index, follow, max-snippet:-1, max-image-preview:large, max-video-preview:-1\" \/>\n<link rel=\"canonical\" href=\"https:\/\/kuzeyinsesi.org\/index.php\/2026\/03\/01\/trafik-denetimlerinde-380-surucu-rapor-edildi\/\" \/>\n<meta property=\"og:locale\" content=\"tr_TR\" \/>\n<meta property=\"og:type\" content=\"article\" \/>\n<meta property=\"og:title\" content=\"Trafik denetimlerinde 380 s\u00fcr\u00fcc\u00fc rapor edildi - Kuzeyin Sesi\" \/>\n<meta property=\"og:description\" content=\"\u00dc\u00e7 s\u00fcr\u00fcc\u00fc tutuklan\u0131rken, 44 ara\u00e7 trafikten men edildi. Polis Bas\u0131n Subayl\u0131\u011f\u0131ndan yap\u0131lan a\u00e7\u0131klamada, raporlanan trafik su\u00e7lar\u0131 \u015f\u00f6yle kaydedildi: \u201c184\u2019\u00fc yasal h\u0131z s\u0131n\u0131r\u0131 \u00fczerinde s\u00fcratli ara\u00e7 kullanmak, \u00a011\u2019i alkoll\u00fc i\u00e7ki tesiri alt\u0131nda ara\u00e7 kullanmak, 2\u2019si s\u00fcr\u00fc\u015f ehliyetsiz ve sigorta kapsamaks\u0131z\u0131n ara\u00e7 kullanmak, 6\u2019s\u0131 sigortas\u0131z ara\u00e7 kullanmak, 1\u2019i s\u00fcr\u00fc\u015f esnas\u0131nda cep telefonu kullanmak, 5\u2019i emniyet kemeri takmadan [&hellip;]\" \/>\n<meta property=\"og:url\" content=\"https:\/\/kuzeyinsesi.org\/index.php\/2026\/03\/01\/trafik-denetimlerinde-380-surucu-rapor-edildi\/\" \/>\n<meta property=\"og:site_name\" content=\"Kuzeyin Sesi\" \/>\n<meta property=\"article:publisher\" content=\"https:\/\/www.facebook.com\/kuzeyinsesii\" \/>\n<meta property=\"article:published_time\" content=\"2026-03-01T12:11:07+00:00\" \/>\n<meta name=\"author\" content=\"Kuzeyin Sesi\" \/>\n<meta name=\"twitter:card\" content=\"summary_large_image\" \/>\n<meta name=\"twitter:creator\" content=\"@kuzeyinsesii\" \/>\n<meta name=\"twitter:site\" content=\"@kuzeyinsesii\" \/>\n<meta name=\"twitter:label1\" content=\"Yazan:\" \/>\n\t<meta name=\"twitter:data1\" content=\"Kuzeyin Sesi\" \/>\n\t<meta name=\"twitter:label2\" content=\"Tahmini okuma s\u00fcresi\" \/>\n\t<meta name=\"twitter:data2\" content=\"1 dakika\" \/>\n<script type=\"application\/ld+json\" class=\"yoast-schema-graph\">{\"@context\":\"https:\\\/\\\/schema.org\",\"@graph\":[{\"@type\":\"Article\",\"@id\":\"https:\\\/\\\/kuzeyinsesi.org\\\/index.php\\\/2026\\\/03\\\/01\\\/trafik-denetimlerinde-380-surucu-rapor-edildi\\\/#article\",\"isPartOf\":{\"@id\":\"https:\\\/\\\/kuzeyinsesi.org\\\/index.php\\\/2026\\\/03\\\/01\\\/trafik-denetimlerinde-380-surucu-rapor-edildi\\\/\"},\"author\":{\"name\":\"Kuzeyin Sesi\",\"@id\":\"https:\\\/\\\/kuzeyinsesi.org\\\/#\\\/schema\\\/person\\\/9f859689cdf01485597712386e37f5aa\"},\"headline\":\"Trafik denetimlerinde 380 s\u00fcr\u00fcc\u00fc rapor edildi\",\"datePublished\":\"2026-03-01T12:11:07+00:00\",\"mainEntityOfPage\":{\"@id\":\"https:\\\/\\\/kuzeyinsesi.org\\\/index.php\\\/2026\\\/03\\\/01\\\/trafik-denetimlerinde-380-surucu-rapor-edildi\\\/\"},\"wordCount\":146,\"commentCount\":0,\"image\":{\"@id\":\"https:\\\/\\\/kuzeyinsesi.org\\\/index.php\\\/2026\\\/03\\\/01\\\/trafik-denetimlerinde-380-surucu-rapor-edildi\\\/#primaryimage\"},\"thumbnailUrl\":\"https:\\\/\\\/kuzeyinsesi.org\\\/wp-content\\\/uploads\\\/2026\\\/03\\\/1772363816653polis-denetim-pgm-1.jpg\",\"articleSection\":[\"K\u0131br\u0131s\"],\"inLanguage\":\"tr\",\"potentialAction\":[{\"@type\":\"CommentAction\",\"name\":\"Comment\",\"target\":[\"https:\\\/\\\/kuzeyinsesi.org\\\/index.php\\\/2026\\\/03\\\/01\\\/trafik-denetimlerinde-380-surucu-rapor-edildi\\\/#respond\"]}]},{\"@type\":\"WebPage\",\"@id\":\"https:\\\/\\\/kuzeyinsesi.org\\\/index.php\\\/2026\\\/03\\\/01\\\/trafik-denetimlerinde-380-surucu-rapor-edildi\\\/\",\"url\":\"https:\\\/\\\/kuzeyinsesi.org\\\/index.php\\\/2026\\\/03\\\/01\\\/trafik-denetimlerinde-380-surucu-rapor-edildi\\\/\",\"name\":\"Trafik denetimlerinde 380 s\u00fcr\u00fcc\u00fc rapor edildi - Kuzeyin Sesi\",\"isPartOf\":{\"@id\":\"https:\\\/\\\/kuzeyinsesi.org\\\/#website\"},\"primaryImageOfPage\":{\"@id\":\"https:\\\/\\\/kuzeyinsesi.org\\\/index.php\\\/2026\\\/03\\\/01\\\/trafik-denetimlerinde-380-surucu-rapor-edildi\\\/#primaryimage\"},\"image\":{\"@id\":\"https:\\\/\\\/kuzeyinsesi.org\\\/index.php\\\/2026\\\/03\\\/01\\\/trafik-denetimlerinde-380-surucu-rapor-edildi\\\/#primaryimage\"},\"thumbnailUrl\":\"https:\\\/\\\/kuzeyinsesi.org\\\/wp-content\\\/uploads\\\/2026\\\/03\\\/1772363816653polis-denetim-pgm-1.jpg\",\"datePublished\":\"2026-03-01T12:11:07+00:00\",\"author\":{\"@id\":\"https:\\\/\\\/kuzeyinsesi.org\\\/#\\\/schema\\\/person\\\/9f859689cdf01485597712386e37f5aa\"},\"breadcrumb\":{\"@id\":\"https:\\\/\\\/kuzeyinsesi.org\\\/index.php\\\/2026\\\/03\\\/01\\\/trafik-denetimlerinde-380-surucu-rapor-edildi\\\/#breadcrumb\"},\"inLanguage\":\"tr\",\"potentialAction\":[{\"@type\":\"ReadAction\",\"target\":[\"https:\\\/\\\/kuzeyinsesi.org\\\/index.php\\\/2026\\\/03\\\/01\\\/trafik-denetimlerinde-380-surucu-rapor-edildi\\\/\"]}]},{\"@type\":\"ImageObject\",\"inLanguage\":\"tr\",\"@id\":\"https:\\\/\\\/kuzeyinsesi.org\\\/index.php\\\/2026\\\/03\\\/01\\\/trafik-denetimlerinde-380-surucu-rapor-edildi\\\/#primaryimage\",\"url\":\"https:\\\/\\\/kuzeyinsesi.org\\\/wp-content\\\/uploads\\\/2026\\\/03\\\/1772363816653polis-denetim-pgm-1.jpg\",\"contentUrl\":\"https:\\\/\\\/kuzeyinsesi.org\\\/wp-content\\\/uploads\\\/2026\\\/03\\\/1772363816653polis-denetim-pgm-1.jpg\",\"width\":2048,\"height\":1536},{\"@type\":\"BreadcrumbList\",\"@id\":\"https:\\\/\\\/kuzeyinsesi.org\\\/index.php\\\/2026\\\/03\\\/01\\\/trafik-denetimlerinde-380-surucu-rapor-edildi\\\/#breadcrumb\",\"itemListElement\":[{\"@type\":\"ListItem\",\"position\":1,\"name\":\"Anasayfa\",\"item\":\"https:\\\/\\\/kuzeyinsesi.org\\\/\"},{\"@type\":\"ListItem\",\"position\":2,\"name\":\"Trafik denetimlerinde 380 s\u00fcr\u00fcc\u00fc rapor edildi\"}]},{\"@type\":\"WebSite\",\"@id\":\"https:\\\/\\\/kuzeyinsesi.org\\\/#website\",\"url\":\"https:\\\/\\\/kuzeyinsesi.org\\\/\",\"name\":\"Kuzeyin Sesi\",\"description\":\"Do\u011fru Haberin Adresi\",\"potentialAction\":[{\"@type\":\"SearchAction\",\"target\":{\"@type\":\"EntryPoint\",\"urlTemplate\":\"https:\\\/\\\/kuzeyinsesi.org\\\/?s={search_term_string}\"},\"query-input\":{\"@type\":\"PropertyValueSpecification\",\"valueRequired\":true,\"valueName\":\"search_term_string\"}}],\"inLanguage\":\"tr\"},{\"@type\":\"Person\",\"@id\":\"https:\\\/\\\/kuzeyinsesi.org\\\/#\\\/schema\\\/person\\\/9f859689cdf01485597712386e37f5aa\",\"name\":\"Kuzeyin Sesi\",\"image\":{\"@type\":\"ImageObject\",\"inLanguage\":\"tr\",\"@id\":\"https:\\\/\\\/secure.gravatar.com\\\/avatar\\\/bab33852abfd8b282518d6ed81826833d77c3c882d9ab608add591ccace47a44?s=96&d=mm&r=g\",\"url\":\"https:\\\/\\\/secure.gravatar.com\\\/avatar\\\/bab33852abfd8b282518d6ed81826833d77c3c882d9ab608add591ccace47a44?s=96&d=mm&r=g\",\"contentUrl\":\"https:\\\/\\\/secure.gravatar.com\\\/avatar\\\/bab33852abfd8b282518d6ed81826833d77c3c882d9ab608add591ccace47a44?s=96&d=mm&r=g\",\"caption\":\"Kuzeyin Sesi\"},\"sameAs\":[\"https:\\\/\\\/kuzeyinsesi.org\"],\"url\":\"https:\\\/\\\/kuzeyinsesi.org\\\/index.php\\\/author\\\/guven\\\/\"}]}<\/script>\n<!-- \/ Yoast SEO plugin. -->","yoast_head_json":{"title":"Trafik denetimlerinde 380 s\u00fcr\u00fcc\u00fc rapor edildi - Kuzeyin Sesi","robots":{"index":"index","follow":"follow","max-snippet":"max-snippet:-1","max-image-preview":"max-image-preview:large","max-video-preview":"max-video-preview:-1"},"canonical":"https:\/\/kuzeyinsesi.org\/index.php\/2026\/03\/01\/trafik-denetimlerinde-380-surucu-rapor-edildi\/","og_locale":"tr_TR","og_type":"article","og_title":"Trafik denetimlerinde 380 s\u00fcr\u00fcc\u00fc rapor edildi - Kuzeyin Sesi","og_description":"\u00dc\u00e7 s\u00fcr\u00fcc\u00fc tutuklan\u0131rken, 44 ara\u00e7 trafikten men edildi. Polis Bas\u0131n Subayl\u0131\u011f\u0131ndan yap\u0131lan a\u00e7\u0131klamada, raporlanan trafik su\u00e7lar\u0131 \u015f\u00f6yle kaydedildi: \u201c184\u2019\u00fc yasal h\u0131z s\u0131n\u0131r\u0131 \u00fczerinde s\u00fcratli ara\u00e7 kullanmak, \u00a011\u2019i alkoll\u00fc i\u00e7ki tesiri alt\u0131nda ara\u00e7 kullanmak, 2\u2019si s\u00fcr\u00fc\u015f ehliyetsiz ve sigorta kapsamaks\u0131z\u0131n ara\u00e7 kullanmak, 6\u2019s\u0131 sigortas\u0131z ara\u00e7 kullanmak, 1\u2019i s\u00fcr\u00fc\u015f esnas\u0131nda cep telefonu kullanmak, 5\u2019i emniyet kemeri takmadan [&hellip;]","og_url":"https:\/\/kuzeyinsesi.org\/index.php\/2026\/03\/01\/trafik-denetimlerinde-380-surucu-rapor-edildi\/","og_site_name":"Kuzeyin Sesi","article_publisher":"https:\/\/www.facebook.com\/kuzeyinsesii","article_published_time":"2026-03-01T12:11:07+00:00","author":"Kuzeyin Sesi","twitter_card":"summary_large_image","twitter_creator":"@kuzeyinsesii","twitter_site":"@kuzeyinsesii","twitter_misc":{"Yazan:":"Kuzeyin Sesi","Tahmini okuma s\u00fcresi":"1 dakika"},"schema":{"@context":"https:\/\/schema.org","@graph":[{"@type":"Article","@id":"https:\/\/kuzeyinsesi.org\/index.php\/2026\/03\/01\/trafik-denetimlerinde-380-surucu-rapor-edildi\/#article","isPartOf":{"@id":"https:\/\/kuzeyinsesi.org\/index.php\/2026\/03\/01\/trafik-denetimlerinde-380-surucu-rapor-edildi\/"},"author":{"name":"Kuzeyin Sesi","@id":"https:\/\/kuzeyinsesi.org\/#\/schema\/person\/9f859689cdf01485597712386e37f5aa"},"headline":"Trafik denetimlerinde 380 s\u00fcr\u00fcc\u00fc rapor edildi","datePublished":"2026-03-01T12:11:07+00:00","mainEntityOfPage":{"@id":"https:\/\/kuzeyinsesi.org\/index.php\/2026\/03\/01\/trafik-denetimlerinde-380-surucu-rapor-edildi\/"},"wordCount":146,"commentCount":0,"image":{"@id":"https:\/\/kuzeyinsesi.org\/index.php\/2026\/03\/01\/trafik-denetimlerinde-380-surucu-rapor-edildi\/#primaryimage"},"thumbnailUrl":"https:\/\/kuzeyinsesi.org\/wp-content\/uploads\/2026\/03\/1772363816653polis-denetim-pgm-1.jpg","articleSection":["K\u0131br\u0131s"],"inLanguage":"tr","potentialAction":[{"@type":"CommentAction","name":"Comment","target":["https:\/\/kuzeyinsesi.org\/index.php\/2026\/03\/01\/trafik-denetimlerinde-380-surucu-rapor-edildi\/#respond"]}]},{"@type":"WebPage","@id":"https:\/\/kuzeyinsesi.org\/index.php\/2026\/03\/01\/trafik-denetimlerinde-380-surucu-rapor-edildi\/","url":"https:\/\/kuzeyinsesi.org\/index.php\/2026\/03\/01\/trafik-denetimlerinde-380-surucu-rapor-edildi\/","name":"Trafik denetimlerinde 380 s\u00fcr\u00fcc\u00fc rapor edildi - Kuzeyin Sesi","isPartOf":{"@id":"https:\/\/kuzeyinsesi.org\/#website"},"primaryImageOfPage":{"@id":"https:\/\/kuzeyinsesi.org\/index.php\/2026\/03\/01\/trafik-denetimlerinde-380-surucu-rapor-edildi\/#primaryimage"},"image":{"@id":"https:\/\/kuzeyinsesi.org\/index.php\/2026\/03\/01\/trafik-denetimlerinde-380-surucu-rapor-edildi\/#primaryimage"},"thumbnailUrl":"https:\/\/kuzeyinsesi.org\/wp-content\/uploads\/2026\/03\/1772363816653polis-denetim-pgm-1.jpg","datePublished":"2026-03-01T12:11:07+00:00","author":{"@id":"https:\/\/kuzeyinsesi.org\/#\/schema\/person\/9f859689cdf01485597712386e37f5aa"},"breadcrumb":{"@id":"https:\/\/kuzeyinsesi.org\/index.php\/2026\/03\/01\/trafik-denetimlerinde-380-surucu-rapor-edildi\/#breadcrumb"},"inLanguage":"tr","potentialAction":[{"@type":"ReadAction","target":["https:\/\/kuzeyinsesi.org\/index.php\/2026\/03\/01\/trafik-denetimlerinde-380-surucu-rapor-edildi\/"]}]},{"@type":"ImageObject","inLanguage":"tr","@id":"https:\/\/kuzeyinsesi.org\/index.php\/2026\/03\/01\/trafik-denetimlerinde-380-surucu-rapor-edildi\/#primaryimage","url":"https:\/\/kuzeyinsesi.org\/wp-content\/uploads\/2026\/03\/1772363816653polis-denetim-pgm-1.jpg","contentUrl":"https:\/\/kuzeyinsesi.org\/wp-content\/uploads\/2026\/03\/1772363816653polis-denetim-pgm-1.jpg","width":2048,"height":1536},{"@type":"BreadcrumbList","@id":"https:\/\/kuzeyinsesi.org\/index.php\/2026\/03\/01\/trafik-denetimlerinde-380-surucu-rapor-edildi\/#breadcrumb","itemListElement":[{"@type":"ListItem","position":1,"name":"Anasayfa","item":"https:\/\/kuzeyinsesi.org\/"},{"@type":"ListItem","position":2,"name":"Trafik denetimlerinde 380 s\u00fcr\u00fcc\u00fc rapor edildi"}]},{"@type":"WebSite","@id":"https:\/\/kuzeyinsesi.org\/#website","url":"https:\/\/kuzeyinsesi.org\/","name":"Kuzeyin Sesi","description":"Do\u011fru Haberin Adresi","potentialAction":[{"@type":"SearchAction","target":{"@type":"EntryPoint","urlTemplate":"https:\/\/kuzeyinsesi.org\/?s={search_term_string}"},"query-input":{"@type":"PropertyValueSpecification","valueRequired":true,"valueName":"search_term_string"}}],"inLanguage":"tr"},{"@type":"Person","@id":"https:\/\/kuzeyinsesi.org\/#\/schema\/person\/9f859689cdf01485597712386e37f5aa","name":"Kuzeyin Sesi","image":{"@type":"ImageObject","inLanguage":"tr","@id":"https:\/\/secure.gravatar.com\/avatar\/bab33852abfd8b282518d6ed81826833d77c3c882d9ab608add591ccace47a44?s=96&d=mm&r=g","url":"https:\/\/secure.gravatar.com\/avatar\/bab33852abfd8b282518d6ed81826833d77c3c882d9ab608add591ccace47a44?s=96&d=mm&r=g","contentUrl":"https:\/\/secure.gravatar.com\/avatar\/bab33852abfd8b282518d6ed81826833d77c3c882d9ab608add591ccace47a44?s=96&d=mm&r=g","caption":"Kuzeyin Sesi"},"sameAs":["https:\/\/kuzeyinsesi.org"],"url":"https:\/\/kuzeyinsesi.org\/index.php\/author\/guven\/"}]}},"_links":{"self":[{"href":"https:\/\/kuzeyinsesi.org\/index.php\/wp-json\/wp\/v2\/posts\/36122","targetHints":{"allow":["GET"]}}],"collection":[{"href":"https:\/\/kuzeyinsesi.org\/index.php\/wp-json\/wp\/v2\/posts"}],"about":[{"href":"https:\/\/kuzeyinsesi.org\/index.php\/wp-json\/wp\/v2\/types\/post"}],"author":[{"embeddable":true,"href":"https:\/\/kuzeyinsesi.org\/index.php\/wp-json\/wp\/v2\/users\/1"}],"replies":[{"embeddable":true,"href":"https:\/\/kuzeyinsesi.org\/index.php\/wp-json\/wp\/v2\/comments?post=36122"}],"version-history":[{"count":0,"href":"https:\/\/kuzeyinsesi.org\/index.php\/wp-json\/wp\/v2\/posts\/36122\/revisions"}],"wp:featuredmedia":[{"embeddable":true,"href":"https:\/\/kuzeyinsesi.org\/index.php\/wp-json\/wp\/v2\/media\/36123"}],"wp:attachment":[{"href":"https:\/\/kuzeyinsesi.org\/index.php\/wp-json\/wp\/v2\/media?parent=36122"}],"wp:term":[{"taxonomy":"category","embeddable":true,"href":"https:\/\/kuzeyinsesi.org\/index.php\/wp-json\/wp\/v2\/categories?post=36122"},{"taxonomy":"post_tag","embeddable":true,"href":"https:\/\/kuzeyinsesi.org\/index.php\/wp-json\/wp\/v2\/tags?post=36122"}],"curies":[{"name":"wp","href":"https:\/\/api.w.org\/{rel}","templated":true}]}}