{"id":36120,"date":"2026-03-01T14:05:37","date_gmt":"2026-03-01T12:05:37","guid":{"rendered":"https:\/\/kuzeyinsesi.org\/index.php\/2026\/03\/01\/iranin-istanbul-baskonsoloslugunda-bayraklar-yariya-indirildi\/"},"modified":"2026-03-01T14:05:37","modified_gmt":"2026-03-01T12:05:37","slug":"iranin-istanbul-baskonsoloslugunda-bayraklar-yariya-indirildi","status":"publish","type":"post","link":"https:\/\/kuzeyinsesi.org\/index.php\/2026\/03\/01\/iranin-istanbul-baskonsoloslugunda-bayraklar-yariya-indirildi\/","title":{"rendered":"\u0130ran\u2019\u0131n \u0130stanbul Ba\u015fkonsoloslu\u011funda bayraklar yar\u0131ya indirildi"},"content":{"rendered":"<p style=\"font-weight: 300\">Amerika Birle\u015fik Devletleri ile \u0130srail taraf\u0131ndan \u0130ran&#8217;a y\u00f6nelik ger\u00e7ekle\u015ftirilen sald\u0131r\u0131larda \u0130ran lideri Ayetullah Ali Hamaney&#8217;in hayat\u0131n\u0131 kaybetti\u011finin a\u00e7\u0131klanmas\u0131n\u0131n ard\u0131ndan \u00fclke genelinde 40 g\u00fcn ulusal yas ilan edildi.<\/p>\n<p style=\"font-weight: 300\">Bu kapsamda, \u0130stanbul&#8217;daki \u0130ran \u0130slam Cumhuriyeti Ba\u015fkonsoloslu\u011fu&#8217;nda da bayraklar yar\u0131ya indirildi.<\/p>\n<p>\u0130ran&#8217;\u0131n \u0130stanbul Ba\u015fkonsoloslu\u011funda bayraklar yar\u0131ya indirildi yaz\u0131s\u0131 ilk \u00f6nce K\u0131br\u0131s Hakikat \u00fczerinde ortaya \u00e7\u0131kt\u0131.<\/p>\n","protected":false},"excerpt":{"rendered":"<p>Amerika Birle\u015fik Devletleri ile \u0130srail taraf\u0131ndan \u0130ran&#8217;a y\u00f6nelik ger\u00e7ekle\u015ftirilen sald\u0131r\u0131larda \u0130ran lideri Ayetullah Ali Hamaney&#8217;in hayat\u0131n\u0131 kaybetti\u011finin a\u00e7\u0131klanmas\u0131n\u0131n ard\u0131ndan \u00fclke genelinde 40 g\u00fcn ulusal yas ilan edildi. Bu kapsamda, \u0130stanbul&#8217;daki \u0130ran \u0130slam Cumhuriyeti Ba\u015fkonsoloslu\u011fu&#8217;nda da bayraklar yar\u0131ya indirildi. \u0130ran&#8217;\u0131n \u0130stanbul Ba\u015fkonsoloslu\u011funda bayraklar yar\u0131ya indirildi yaz\u0131s\u0131 ilk \u00f6nce K\u0131br\u0131s Hakikat \u00fczerinde ortaya \u00e7\u0131kt\u0131.<\/p>\n","protected":false},"author":1,"featured_media":36121,"comment_status":"open","ping_status":"open","sticky":false,"template":"","format":"standard","meta":{"jnews-multi-image_gallery":[],"jnews_single_post":[],"jnews_primary_category":[],"jnews_social_meta":[],"jnews_override_counter":[],"footnotes":""},"categories":[1],"tags":[],"class_list":["post-36120","post","type-post","status-publish","format-standard","has-post-thumbnail","hentry","category-kibris"],"yoast_head":"<!-- This site is optimized with the Yoast SEO plugin v27.5 - https:\/\/yoast.com\/product\/yoast-seo-wordpress\/ -->\n<title>\u0130ran\u2019\u0131n \u0130stanbul Ba\u015fkonsoloslu\u011funda bayraklar yar\u0131ya indirildi - Kuzeyin Sesi<\/title>\n<meta name=\"robots\" content=\"index, follow, max-snippet:-1, max-image-preview:large, max-video-preview:-1\" \/>\n<link rel=\"canonical\" href=\"https:\/\/kuzeyinsesi.org\/index.php\/2026\/03\/01\/iranin-istanbul-baskonsoloslugunda-bayraklar-yariya-indirildi\/\" \/>\n<meta property=\"og:locale\" content=\"tr_TR\" \/>\n<meta property=\"og:type\" content=\"article\" \/>\n<meta property=\"og:title\" content=\"\u0130ran\u2019\u0131n \u0130stanbul Ba\u015fkonsoloslu\u011funda bayraklar yar\u0131ya indirildi - Kuzeyin Sesi\" \/>\n<meta property=\"og:description\" content=\"Amerika Birle\u015fik Devletleri ile \u0130srail taraf\u0131ndan \u0130ran&#8217;a y\u00f6nelik ger\u00e7ekle\u015ftirilen sald\u0131r\u0131larda \u0130ran lideri Ayetullah Ali Hamaney&#8217;in hayat\u0131n\u0131 kaybetti\u011finin a\u00e7\u0131klanmas\u0131n\u0131n ard\u0131ndan \u00fclke genelinde 40 g\u00fcn ulusal yas ilan edildi. Bu kapsamda, \u0130stanbul&#8217;daki \u0130ran \u0130slam Cumhuriyeti Ba\u015fkonsoloslu\u011fu&#8217;nda da bayraklar yar\u0131ya indirildi. \u0130ran&#8217;\u0131n \u0130stanbul Ba\u015fkonsoloslu\u011funda bayraklar yar\u0131ya indirildi yaz\u0131s\u0131 ilk \u00f6nce K\u0131br\u0131s Hakikat \u00fczerinde ortaya \u00e7\u0131kt\u0131.\" \/>\n<meta property=\"og:url\" content=\"https:\/\/kuzeyinsesi.org\/index.php\/2026\/03\/01\/iranin-istanbul-baskonsoloslugunda-bayraklar-yariya-indirildi\/\" \/>\n<meta property=\"og:site_name\" content=\"Kuzeyin Sesi\" \/>\n<meta property=\"article:publisher\" content=\"https:\/\/www.facebook.com\/kuzeyinsesii\" \/>\n<meta property=\"article:published_time\" content=\"2026-03-01T12:05:37+00:00\" \/>\n<meta name=\"author\" content=\"Kuzeyin Sesi\" \/>\n<meta name=\"twitter:card\" content=\"summary_large_image\" \/>\n<meta name=\"twitter:creator\" content=\"@kuzeyinsesii\" \/>\n<meta name=\"twitter:site\" content=\"@kuzeyinsesii\" \/>\n<meta name=\"twitter:label1\" content=\"Yazan:\" \/>\n\t<meta name=\"twitter:data1\" content=\"Kuzeyin Sesi\" \/>\n<script type=\"application\/ld+json\" class=\"yoast-schema-graph\">{\"@context\":\"https:\\\/\\\/schema.org\",\"@graph\":[{\"@type\":\"Article\",\"@id\":\"https:\\\/\\\/kuzeyinsesi.org\\\/index.php\\\/2026\\\/03\\\/01\\\/iranin-istanbul-baskonsoloslugunda-bayraklar-yariya-indirildi\\\/#article\",\"isPartOf\":{\"@id\":\"https:\\\/\\\/kuzeyinsesi.org\\\/index.php\\\/2026\\\/03\\\/01\\\/iranin-istanbul-baskonsoloslugunda-bayraklar-yariya-indirildi\\\/\"},\"author\":{\"name\":\"Kuzeyin Sesi\",\"@id\":\"https:\\\/\\\/kuzeyinsesi.org\\\/#\\\/schema\\\/person\\\/9f859689cdf01485597712386e37f5aa\"},\"headline\":\"\u0130ran\u2019\u0131n \u0130stanbul Ba\u015fkonsoloslu\u011funda bayraklar yar\u0131ya indirildi\",\"datePublished\":\"2026-03-01T12:05:37+00:00\",\"mainEntityOfPage\":{\"@id\":\"https:\\\/\\\/kuzeyinsesi.org\\\/index.php\\\/2026\\\/03\\\/01\\\/iranin-istanbul-baskonsoloslugunda-bayraklar-yariya-indirildi\\\/\"},\"wordCount\":89,\"commentCount\":0,\"image\":{\"@id\":\"https:\\\/\\\/kuzeyinsesi.org\\\/index.php\\\/2026\\\/03\\\/01\\\/iranin-istanbul-baskonsoloslugunda-bayraklar-yariya-indirildi\\\/#primaryimage\"},\"thumbnailUrl\":\"https:\\\/\\\/kuzeyinsesi.org\\\/wp-content\\\/uploads\\\/2026\\\/03\\\/1772359734753AA-20260301-40700710-40700709-IRANIN_ISTANBUL_BASKONSOLOSLUGUNDA_BAYRAKLAR_YARIYA_INDIR.jpeg\",\"articleSection\":[\"K\u0131br\u0131s\"],\"inLanguage\":\"tr\",\"potentialAction\":[{\"@type\":\"CommentAction\",\"name\":\"Comment\",\"target\":[\"https:\\\/\\\/kuzeyinsesi.org\\\/index.php\\\/2026\\\/03\\\/01\\\/iranin-istanbul-baskonsoloslugunda-bayraklar-yariya-indirildi\\\/#respond\"]}]},{\"@type\":\"WebPage\",\"@id\":\"https:\\\/\\\/kuzeyinsesi.org\\\/index.php\\\/2026\\\/03\\\/01\\\/iranin-istanbul-baskonsoloslugunda-bayraklar-yariya-indirildi\\\/\",\"url\":\"https:\\\/\\\/kuzeyinsesi.org\\\/index.php\\\/2026\\\/03\\\/01\\\/iranin-istanbul-baskonsoloslugunda-bayraklar-yariya-indirildi\\\/\",\"name\":\"\u0130ran\u2019\u0131n \u0130stanbul Ba\u015fkonsoloslu\u011funda bayraklar yar\u0131ya indirildi - Kuzeyin Sesi\",\"isPartOf\":{\"@id\":\"https:\\\/\\\/kuzeyinsesi.org\\\/#website\"},\"primaryImageOfPage\":{\"@id\":\"https:\\\/\\\/kuzeyinsesi.org\\\/index.php\\\/2026\\\/03\\\/01\\\/iranin-istanbul-baskonsoloslugunda-bayraklar-yariya-indirildi\\\/#primaryimage\"},\"image\":{\"@id\":\"https:\\\/\\\/kuzeyinsesi.org\\\/index.php\\\/2026\\\/03\\\/01\\\/iranin-istanbul-baskonsoloslugunda-bayraklar-yariya-indirildi\\\/#primaryimage\"},\"thumbnailUrl\":\"https:\\\/\\\/kuzeyinsesi.org\\\/wp-content\\\/uploads\\\/2026\\\/03\\\/1772359734753AA-20260301-40700710-40700709-IRANIN_ISTANBUL_BASKONSOLOSLUGUNDA_BAYRAKLAR_YARIYA_INDIR.jpeg\",\"datePublished\":\"2026-03-01T12:05:37+00:00\",\"author\":{\"@id\":\"https:\\\/\\\/kuzeyinsesi.org\\\/#\\\/schema\\\/person\\\/9f859689cdf01485597712386e37f5aa\"},\"breadcrumb\":{\"@id\":\"https:\\\/\\\/kuzeyinsesi.org\\\/index.php\\\/2026\\\/03\\\/01\\\/iranin-istanbul-baskonsoloslugunda-bayraklar-yariya-indirildi\\\/#breadcrumb\"},\"inLanguage\":\"tr\",\"potentialAction\":[{\"@type\":\"ReadAction\",\"target\":[\"https:\\\/\\\/kuzeyinsesi.org\\\/index.php\\\/2026\\\/03\\\/01\\\/iranin-istanbul-baskonsoloslugunda-bayraklar-yariya-indirildi\\\/\"]}]},{\"@type\":\"ImageObject\",\"inLanguage\":\"tr\",\"@id\":\"https:\\\/\\\/kuzeyinsesi.org\\\/index.php\\\/2026\\\/03\\\/01\\\/iranin-istanbul-baskonsoloslugunda-bayraklar-yariya-indirildi\\\/#primaryimage\",\"url\":\"https:\\\/\\\/kuzeyinsesi.org\\\/wp-content\\\/uploads\\\/2026\\\/03\\\/1772359734753AA-20260301-40700710-40700709-IRANIN_ISTANBUL_BASKONSOLOSLUGUNDA_BAYRAKLAR_YARIYA_INDIR.jpeg\",\"contentUrl\":\"https:\\\/\\\/kuzeyinsesi.org\\\/wp-content\\\/uploads\\\/2026\\\/03\\\/1772359734753AA-20260301-40700710-40700709-IRANIN_ISTANBUL_BASKONSOLOSLUGUNDA_BAYRAKLAR_YARIYA_INDIR.jpeg\",\"width\":2560,\"height\":1707},{\"@type\":\"BreadcrumbList\",\"@id\":\"https:\\\/\\\/kuzeyinsesi.org\\\/index.php\\\/2026\\\/03\\\/01\\\/iranin-istanbul-baskonsoloslugunda-bayraklar-yariya-indirildi\\\/#breadcrumb\",\"itemListElement\":[{\"@type\":\"ListItem\",\"position\":1,\"name\":\"Anasayfa\",\"item\":\"https:\\\/\\\/kuzeyinsesi.org\\\/\"},{\"@type\":\"ListItem\",\"position\":2,\"name\":\"\u0130ran\u2019\u0131n \u0130stanbul Ba\u015fkonsoloslu\u011funda bayraklar yar\u0131ya indirildi\"}]},{\"@type\":\"WebSite\",\"@id\":\"https:\\\/\\\/kuzeyinsesi.org\\\/#website\",\"url\":\"https:\\\/\\\/kuzeyinsesi.org\\\/\",\"name\":\"Kuzeyin Sesi\",\"description\":\"Do\u011fru Haberin Adresi\",\"potentialAction\":[{\"@type\":\"SearchAction\",\"target\":{\"@type\":\"EntryPoint\",\"urlTemplate\":\"https:\\\/\\\/kuzeyinsesi.org\\\/?s={search_term_string}\"},\"query-input\":{\"@type\":\"PropertyValueSpecification\",\"valueRequired\":true,\"valueName\":\"search_term_string\"}}],\"inLanguage\":\"tr\"},{\"@type\":\"Person\",\"@id\":\"https:\\\/\\\/kuzeyinsesi.org\\\/#\\\/schema\\\/person\\\/9f859689cdf01485597712386e37f5aa\",\"name\":\"Kuzeyin Sesi\",\"image\":{\"@type\":\"ImageObject\",\"inLanguage\":\"tr\",\"@id\":\"https:\\\/\\\/secure.gravatar.com\\\/avatar\\\/bab33852abfd8b282518d6ed81826833d77c3c882d9ab608add591ccace47a44?s=96&d=mm&r=g\",\"url\":\"https:\\\/\\\/secure.gravatar.com\\\/avatar\\\/bab33852abfd8b282518d6ed81826833d77c3c882d9ab608add591ccace47a44?s=96&d=mm&r=g\",\"contentUrl\":\"https:\\\/\\\/secure.gravatar.com\\\/avatar\\\/bab33852abfd8b282518d6ed81826833d77c3c882d9ab608add591ccace47a44?s=96&d=mm&r=g\",\"caption\":\"Kuzeyin Sesi\"},\"sameAs\":[\"https:\\\/\\\/kuzeyinsesi.org\"],\"url\":\"https:\\\/\\\/kuzeyinsesi.org\\\/index.php\\\/author\\\/guven\\\/\"}]}<\/script>\n<!-- \/ Yoast SEO plugin. -->","yoast_head_json":{"title":"\u0130ran\u2019\u0131n \u0130stanbul Ba\u015fkonsoloslu\u011funda bayraklar yar\u0131ya indirildi - Kuzeyin Sesi","robots":{"index":"index","follow":"follow","max-snippet":"max-snippet:-1","max-image-preview":"max-image-preview:large","max-video-preview":"max-video-preview:-1"},"canonical":"https:\/\/kuzeyinsesi.org\/index.php\/2026\/03\/01\/iranin-istanbul-baskonsoloslugunda-bayraklar-yariya-indirildi\/","og_locale":"tr_TR","og_type":"article","og_title":"\u0130ran\u2019\u0131n \u0130stanbul Ba\u015fkonsoloslu\u011funda bayraklar yar\u0131ya indirildi - Kuzeyin Sesi","og_description":"Amerika Birle\u015fik Devletleri ile \u0130srail taraf\u0131ndan \u0130ran&#8217;a y\u00f6nelik ger\u00e7ekle\u015ftirilen sald\u0131r\u0131larda \u0130ran lideri Ayetullah Ali Hamaney&#8217;in hayat\u0131n\u0131 kaybetti\u011finin a\u00e7\u0131klanmas\u0131n\u0131n ard\u0131ndan \u00fclke genelinde 40 g\u00fcn ulusal yas ilan edildi. Bu kapsamda, \u0130stanbul&#8217;daki \u0130ran \u0130slam Cumhuriyeti Ba\u015fkonsoloslu\u011fu&#8217;nda da bayraklar yar\u0131ya indirildi. \u0130ran&#8217;\u0131n \u0130stanbul Ba\u015fkonsoloslu\u011funda bayraklar yar\u0131ya indirildi yaz\u0131s\u0131 ilk \u00f6nce K\u0131br\u0131s Hakikat \u00fczerinde ortaya \u00e7\u0131kt\u0131.","og_url":"https:\/\/kuzeyinsesi.org\/index.php\/2026\/03\/01\/iranin-istanbul-baskonsoloslugunda-bayraklar-yariya-indirildi\/","og_site_name":"Kuzeyin Sesi","article_publisher":"https:\/\/www.facebook.com\/kuzeyinsesii","article_published_time":"2026-03-01T12:05:37+00:00","author":"Kuzeyin Sesi","twitter_card":"summary_large_image","twitter_creator":"@kuzeyinsesii","twitter_site":"@kuzeyinsesii","twitter_misc":{"Yazan:":"Kuzeyin Sesi"},"schema":{"@context":"https:\/\/schema.org","@graph":[{"@type":"Article","@id":"https:\/\/kuzeyinsesi.org\/index.php\/2026\/03\/01\/iranin-istanbul-baskonsoloslugunda-bayraklar-yariya-indirildi\/#article","isPartOf":{"@id":"https:\/\/kuzeyinsesi.org\/index.php\/2026\/03\/01\/iranin-istanbul-baskonsoloslugunda-bayraklar-yariya-indirildi\/"},"author":{"name":"Kuzeyin Sesi","@id":"https:\/\/kuzeyinsesi.org\/#\/schema\/person\/9f859689cdf01485597712386e37f5aa"},"headline":"\u0130ran\u2019\u0131n \u0130stanbul Ba\u015fkonsoloslu\u011funda bayraklar yar\u0131ya indirildi","datePublished":"2026-03-01T12:05:37+00:00","mainEntityOfPage":{"@id":"https:\/\/kuzeyinsesi.org\/index.php\/2026\/03\/01\/iranin-istanbul-baskonsoloslugunda-bayraklar-yariya-indirildi\/"},"wordCount":89,"commentCount":0,"image":{"@id":"https:\/\/kuzeyinsesi.org\/index.php\/2026\/03\/01\/iranin-istanbul-baskonsoloslugunda-bayraklar-yariya-indirildi\/#primaryimage"},"thumbnailUrl":"https:\/\/kuzeyinsesi.org\/wp-content\/uploads\/2026\/03\/1772359734753AA-20260301-40700710-40700709-IRANIN_ISTANBUL_BASKONSOLOSLUGUNDA_BAYRAKLAR_YARIYA_INDIR.jpeg","articleSection":["K\u0131br\u0131s"],"inLanguage":"tr","potentialAction":[{"@type":"CommentAction","name":"Comment","target":["https:\/\/kuzeyinsesi.org\/index.php\/2026\/03\/01\/iranin-istanbul-baskonsoloslugunda-bayraklar-yariya-indirildi\/#respond"]}]},{"@type":"WebPage","@id":"https:\/\/kuzeyinsesi.org\/index.php\/2026\/03\/01\/iranin-istanbul-baskonsoloslugunda-bayraklar-yariya-indirildi\/","url":"https:\/\/kuzeyinsesi.org\/index.php\/2026\/03\/01\/iranin-istanbul-baskonsoloslugunda-bayraklar-yariya-indirildi\/","name":"\u0130ran\u2019\u0131n \u0130stanbul Ba\u015fkonsoloslu\u011funda bayraklar yar\u0131ya indirildi - Kuzeyin Sesi","isPartOf":{"@id":"https:\/\/kuzeyinsesi.org\/#website"},"primaryImageOfPage":{"@id":"https:\/\/kuzeyinsesi.org\/index.php\/2026\/03\/01\/iranin-istanbul-baskonsoloslugunda-bayraklar-yariya-indirildi\/#primaryimage"},"image":{"@id":"https:\/\/kuzeyinsesi.org\/index.php\/2026\/03\/01\/iranin-istanbul-baskonsoloslugunda-bayraklar-yariya-indirildi\/#primaryimage"},"thumbnailUrl":"https:\/\/kuzeyinsesi.org\/wp-content\/uploads\/2026\/03\/1772359734753AA-20260301-40700710-40700709-IRANIN_ISTANBUL_BASKONSOLOSLUGUNDA_BAYRAKLAR_YARIYA_INDIR.jpeg","datePublished":"2026-03-01T12:05:37+00:00","author":{"@id":"https:\/\/kuzeyinsesi.org\/#\/schema\/person\/9f859689cdf01485597712386e37f5aa"},"breadcrumb":{"@id":"https:\/\/kuzeyinsesi.org\/index.php\/2026\/03\/01\/iranin-istanbul-baskonsoloslugunda-bayraklar-yariya-indirildi\/#breadcrumb"},"inLanguage":"tr","potentialAction":[{"@type":"ReadAction","target":["https:\/\/kuzeyinsesi.org\/index.php\/2026\/03\/01\/iranin-istanbul-baskonsoloslugunda-bayraklar-yariya-indirildi\/"]}]},{"@type":"ImageObject","inLanguage":"tr","@id":"https:\/\/kuzeyinsesi.org\/index.php\/2026\/03\/01\/iranin-istanbul-baskonsoloslugunda-bayraklar-yariya-indirildi\/#primaryimage","url":"https:\/\/kuzeyinsesi.org\/wp-content\/uploads\/2026\/03\/1772359734753AA-20260301-40700710-40700709-IRANIN_ISTANBUL_BASKONSOLOSLUGUNDA_BAYRAKLAR_YARIYA_INDIR.jpeg","contentUrl":"https:\/\/kuzeyinsesi.org\/wp-content\/uploads\/2026\/03\/1772359734753AA-20260301-40700710-40700709-IRANIN_ISTANBUL_BASKONSOLOSLUGUNDA_BAYRAKLAR_YARIYA_INDIR.jpeg","width":2560,"height":1707},{"@type":"BreadcrumbList","@id":"https:\/\/kuzeyinsesi.org\/index.php\/2026\/03\/01\/iranin-istanbul-baskonsoloslugunda-bayraklar-yariya-indirildi\/#breadcrumb","itemListElement":[{"@type":"ListItem","position":1,"name":"Anasayfa","item":"https:\/\/kuzeyinsesi.org\/"},{"@type":"ListItem","position":2,"name":"\u0130ran\u2019\u0131n \u0130stanbul Ba\u015fkonsoloslu\u011funda bayraklar yar\u0131ya indirildi"}]},{"@type":"WebSite","@id":"https:\/\/kuzeyinsesi.org\/#website","url":"https:\/\/kuzeyinsesi.org\/","name":"Kuzeyin Sesi","description":"Do\u011fru Haberin Adresi","potentialAction":[{"@type":"SearchAction","target":{"@type":"EntryPoint","urlTemplate":"https:\/\/kuzeyinsesi.org\/?s={search_term_string}"},"query-input":{"@type":"PropertyValueSpecification","valueRequired":true,"valueName":"search_term_string"}}],"inLanguage":"tr"},{"@type":"Person","@id":"https:\/\/kuzeyinsesi.org\/#\/schema\/person\/9f859689cdf01485597712386e37f5aa","name":"Kuzeyin Sesi","image":{"@type":"ImageObject","inLanguage":"tr","@id":"https:\/\/secure.gravatar.com\/avatar\/bab33852abfd8b282518d6ed81826833d77c3c882d9ab608add591ccace47a44?s=96&d=mm&r=g","url":"https:\/\/secure.gravatar.com\/avatar\/bab33852abfd8b282518d6ed81826833d77c3c882d9ab608add591ccace47a44?s=96&d=mm&r=g","contentUrl":"https:\/\/secure.gravatar.com\/avatar\/bab33852abfd8b282518d6ed81826833d77c3c882d9ab608add591ccace47a44?s=96&d=mm&r=g","caption":"Kuzeyin Sesi"},"sameAs":["https:\/\/kuzeyinsesi.org"],"url":"https:\/\/kuzeyinsesi.org\/index.php\/author\/guven\/"}]}},"_links":{"self":[{"href":"https:\/\/kuzeyinsesi.org\/index.php\/wp-json\/wp\/v2\/posts\/36120","targetHints":{"allow":["GET"]}}],"collection":[{"href":"https:\/\/kuzeyinsesi.org\/index.php\/wp-json\/wp\/v2\/posts"}],"about":[{"href":"https:\/\/kuzeyinsesi.org\/index.php\/wp-json\/wp\/v2\/types\/post"}],"author":[{"embeddable":true,"href":"https:\/\/kuzeyinsesi.org\/index.php\/wp-json\/wp\/v2\/users\/1"}],"replies":[{"embeddable":true,"href":"https:\/\/kuzeyinsesi.org\/index.php\/wp-json\/wp\/v2\/comments?post=36120"}],"version-history":[{"count":0,"href":"https:\/\/kuzeyinsesi.org\/index.php\/wp-json\/wp\/v2\/posts\/36120\/revisions"}],"wp:featuredmedia":[{"embeddable":true,"href":"https:\/\/kuzeyinsesi.org\/index.php\/wp-json\/wp\/v2\/media\/36121"}],"wp:attachment":[{"href":"https:\/\/kuzeyinsesi.org\/index.php\/wp-json\/wp\/v2\/media?parent=36120"}],"wp:term":[{"taxonomy":"category","embeddable":true,"href":"https:\/\/kuzeyinsesi.org\/index.php\/wp-json\/wp\/v2\/categories?post=36120"},{"taxonomy":"post_tag","embeddable":true,"href":"https:\/\/kuzeyinsesi.org\/index.php\/wp-json\/wp\/v2\/tags?post=36120"}],"curies":[{"name":"wp","href":"https:\/\/api.w.org\/{rel}","templated":true}]}}