{"id":36114,"date":"2026-03-01T13:35:46","date_gmt":"2026-03-01T11:35:46","guid":{"rendered":"https:\/\/kuzeyinsesi.org\/index.php\/2026\/03\/01\/alaykoy-ilkokulundan-merit-otellerine-tesekkur\/"},"modified":"2026-03-01T13:35:46","modified_gmt":"2026-03-01T11:35:46","slug":"alaykoy-ilkokulundan-merit-otellerine-tesekkur","status":"publish","type":"post","link":"https:\/\/kuzeyinsesi.org\/index.php\/2026\/03\/01\/alaykoy-ilkokulundan-merit-otellerine-tesekkur\/","title":{"rendered":"Alayk\u00f6y \u0130lkokulu\u2019ndan Merit Otellerine te\u015fekk\u00fcr"},"content":{"rendered":"<p>Alayk\u00f6y \u0130lkokulu\u2019nun sosyal medya hesab\u0131ndan yap\u0131lan payla\u015f\u0131mda, Merit Otelleri taraf\u0131ndan ba\u011f\u0131\u015flanan bluetooth hoparl\u00f6r, e\u011fitici materyaller ve masal kitaplar\u0131n\u0131n; \u00f6\u011frencilerin \u00f6\u011frenme ortam\u0131n\u0131 daha zengin, daha keyifli ve daha ilham verici hale getirdi\u011fi vurgusu yap\u0131ld\u0131.<\/p>\n<p>E\u011fitime de\u011fer katan her dokunu\u015fun, \u00e7ocuklar\u0131m\u0131z\u0131n gelece\u011fine at\u0131lan g\u00fc\u00e7l\u00fc bir imza oldu\u011funun alt\u0131 \u00e7izilen a\u00e7\u0131klamada, \u201c Merit Hotelleri ile Aral\u0131k 2025\u2019te e\u011fitim oda\u011f\u0131nda ba\u015flatt\u0131\u011f\u0131m\u0131z i\u015f birli\u011finin somut ad\u0131mlar\u0131 artarak devam ediyor. Yeni y\u0131lda t\u00fcm \u00f6\u011frencilerimize yap\u0131lan yiyecek ikramlar\u0131n\u0131n ard\u0131ndan, ikinci d\u00f6nemin ba\u015f\u0131nda ana s\u0131n\u0131f\u0131 \u00f6\u011frencilerimize sa\u011flanan desteklerle bu de\u011ferli katk\u0131 daha da g\u00fc\u00e7lendi.<\/p>\n<p>\u00c7ocuklar\u0131m\u0131z\u0131n hayal g\u00fcc\u00fcne, geli\u015fimine ve \u00f6\u011frenme yolculu\u011funa katk\u0131 sunan bu anlaml\u0131 destek i\u00e7in \u00f6zellikle Sosyal \u0130\u015fler Koordinat\u00f6r\u00fc Mine G\u00fcrses ve Halkla \u0130li\u015fkiler Koordinat\u00f6r\u00fc Dr. Nazan Uluk\u00f6k ile t\u00fcm Merit Hotelleri ailesine g\u00f6n\u00fclden te\u015fekk\u00fcr ederiz\u201d denildi.<\/p>\n<p>Alayk\u00f6y \u0130lkokulu\u2019ndan Merit Otellerine te\u015fekk\u00fcr yaz\u0131s\u0131 ilk \u00f6nce K\u0131br\u0131s Hakikat \u00fczerinde ortaya \u00e7\u0131kt\u0131.<\/p>\n","protected":false},"excerpt":{"rendered":"<p>Alayk\u00f6y \u0130lkokulu\u2019nun sosyal medya hesab\u0131ndan yap\u0131lan payla\u015f\u0131mda, Merit Otelleri taraf\u0131ndan ba\u011f\u0131\u015flanan bluetooth hoparl\u00f6r, e\u011fitici materyaller ve masal kitaplar\u0131n\u0131n; \u00f6\u011frencilerin \u00f6\u011frenme ortam\u0131n\u0131 daha zengin, daha keyifli ve daha ilham verici hale getirdi\u011fi vurgusu yap\u0131ld\u0131. E\u011fitime de\u011fer katan her dokunu\u015fun, \u00e7ocuklar\u0131m\u0131z\u0131n gelece\u011fine at\u0131lan g\u00fc\u00e7l\u00fc bir imza oldu\u011funun alt\u0131 \u00e7izilen a\u00e7\u0131klamada, \u201c Merit Hotelleri ile Aral\u0131k 2025\u2019te e\u011fitim [&hellip;]<\/p>\n","protected":false},"author":1,"featured_media":36115,"comment_status":"open","ping_status":"open","sticky":false,"template":"","format":"standard","meta":{"jnews-multi-image_gallery":[],"jnews_single_post":[],"jnews_primary_category":[],"jnews_social_meta":[],"jnews_override_counter":[],"footnotes":""},"categories":[1],"tags":[],"class_list":["post-36114","post","type-post","status-publish","format-standard","has-post-thumbnail","hentry","category-kibris"],"yoast_head":"<!-- This site is optimized with the Yoast SEO plugin v27.5 - https:\/\/yoast.com\/product\/yoast-seo-wordpress\/ -->\n<title>Alayk\u00f6y \u0130lkokulu\u2019ndan Merit Otellerine te\u015fekk\u00fcr - Kuzeyin Sesi<\/title>\n<meta name=\"robots\" content=\"index, follow, max-snippet:-1, max-image-preview:large, max-video-preview:-1\" \/>\n<link rel=\"canonical\" href=\"https:\/\/kuzeyinsesi.org\/index.php\/2026\/03\/01\/alaykoy-ilkokulundan-merit-otellerine-tesekkur\/\" \/>\n<meta property=\"og:locale\" content=\"tr_TR\" \/>\n<meta property=\"og:type\" content=\"article\" \/>\n<meta property=\"og:title\" content=\"Alayk\u00f6y \u0130lkokulu\u2019ndan Merit Otellerine te\u015fekk\u00fcr - Kuzeyin Sesi\" \/>\n<meta property=\"og:description\" content=\"Alayk\u00f6y \u0130lkokulu\u2019nun sosyal medya hesab\u0131ndan yap\u0131lan payla\u015f\u0131mda, Merit Otelleri taraf\u0131ndan ba\u011f\u0131\u015flanan bluetooth hoparl\u00f6r, e\u011fitici materyaller ve masal kitaplar\u0131n\u0131n; \u00f6\u011frencilerin \u00f6\u011frenme ortam\u0131n\u0131 daha zengin, daha keyifli ve daha ilham verici hale getirdi\u011fi vurgusu yap\u0131ld\u0131. E\u011fitime de\u011fer katan her dokunu\u015fun, \u00e7ocuklar\u0131m\u0131z\u0131n gelece\u011fine at\u0131lan g\u00fc\u00e7l\u00fc bir imza oldu\u011funun alt\u0131 \u00e7izilen a\u00e7\u0131klamada, \u201c Merit Hotelleri ile Aral\u0131k 2025\u2019te e\u011fitim [&hellip;]\" \/>\n<meta property=\"og:url\" content=\"https:\/\/kuzeyinsesi.org\/index.php\/2026\/03\/01\/alaykoy-ilkokulundan-merit-otellerine-tesekkur\/\" \/>\n<meta property=\"og:site_name\" content=\"Kuzeyin Sesi\" \/>\n<meta property=\"article:publisher\" content=\"https:\/\/www.facebook.com\/kuzeyinsesii\" \/>\n<meta property=\"article:published_time\" content=\"2026-03-01T11:35:46+00:00\" \/>\n<meta name=\"author\" content=\"Kuzeyin Sesi\" \/>\n<meta name=\"twitter:card\" content=\"summary_large_image\" \/>\n<meta name=\"twitter:creator\" content=\"@kuzeyinsesii\" \/>\n<meta name=\"twitter:site\" content=\"@kuzeyinsesii\" \/>\n<meta name=\"twitter:label1\" content=\"Yazan:\" \/>\n\t<meta name=\"twitter:data1\" content=\"Kuzeyin Sesi\" \/>\n\t<meta name=\"twitter:label2\" content=\"Tahmini okuma s\u00fcresi\" \/>\n\t<meta name=\"twitter:data2\" content=\"1 dakika\" \/>\n<script type=\"application\/ld+json\" class=\"yoast-schema-graph\">{\"@context\":\"https:\\\/\\\/schema.org\",\"@graph\":[{\"@type\":\"Article\",\"@id\":\"https:\\\/\\\/kuzeyinsesi.org\\\/index.php\\\/2026\\\/03\\\/01\\\/alaykoy-ilkokulundan-merit-otellerine-tesekkur\\\/#article\",\"isPartOf\":{\"@id\":\"https:\\\/\\\/kuzeyinsesi.org\\\/index.php\\\/2026\\\/03\\\/01\\\/alaykoy-ilkokulundan-merit-otellerine-tesekkur\\\/\"},\"author\":{\"name\":\"Kuzeyin Sesi\",\"@id\":\"https:\\\/\\\/kuzeyinsesi.org\\\/#\\\/schema\\\/person\\\/9f859689cdf01485597712386e37f5aa\"},\"headline\":\"Alayk\u00f6y \u0130lkokulu\u2019ndan Merit Otellerine te\u015fekk\u00fcr\",\"datePublished\":\"2026-03-01T11:35:46+00:00\",\"mainEntityOfPage\":{\"@id\":\"https:\\\/\\\/kuzeyinsesi.org\\\/index.php\\\/2026\\\/03\\\/01\\\/alaykoy-ilkokulundan-merit-otellerine-tesekkur\\\/\"},\"wordCount\":213,\"commentCount\":0,\"image\":{\"@id\":\"https:\\\/\\\/kuzeyinsesi.org\\\/index.php\\\/2026\\\/03\\\/01\\\/alaykoy-ilkokulundan-merit-otellerine-tesekkur\\\/#primaryimage\"},\"thumbnailUrl\":\"https:\\\/\\\/kuzeyinsesi.org\\\/wp-content\\\/uploads\\\/2026\\\/03\\\/e5339a67-2880-4c9d-82b6-c6e1b6d4ffe6.jpg\",\"articleSection\":[\"K\u0131br\u0131s\"],\"inLanguage\":\"tr\",\"potentialAction\":[{\"@type\":\"CommentAction\",\"name\":\"Comment\",\"target\":[\"https:\\\/\\\/kuzeyinsesi.org\\\/index.php\\\/2026\\\/03\\\/01\\\/alaykoy-ilkokulundan-merit-otellerine-tesekkur\\\/#respond\"]}]},{\"@type\":\"WebPage\",\"@id\":\"https:\\\/\\\/kuzeyinsesi.org\\\/index.php\\\/2026\\\/03\\\/01\\\/alaykoy-ilkokulundan-merit-otellerine-tesekkur\\\/\",\"url\":\"https:\\\/\\\/kuzeyinsesi.org\\\/index.php\\\/2026\\\/03\\\/01\\\/alaykoy-ilkokulundan-merit-otellerine-tesekkur\\\/\",\"name\":\"Alayk\u00f6y \u0130lkokulu\u2019ndan Merit Otellerine te\u015fekk\u00fcr - Kuzeyin Sesi\",\"isPartOf\":{\"@id\":\"https:\\\/\\\/kuzeyinsesi.org\\\/#website\"},\"primaryImageOfPage\":{\"@id\":\"https:\\\/\\\/kuzeyinsesi.org\\\/index.php\\\/2026\\\/03\\\/01\\\/alaykoy-ilkokulundan-merit-otellerine-tesekkur\\\/#primaryimage\"},\"image\":{\"@id\":\"https:\\\/\\\/kuzeyinsesi.org\\\/index.php\\\/2026\\\/03\\\/01\\\/alaykoy-ilkokulundan-merit-otellerine-tesekkur\\\/#primaryimage\"},\"thumbnailUrl\":\"https:\\\/\\\/kuzeyinsesi.org\\\/wp-content\\\/uploads\\\/2026\\\/03\\\/e5339a67-2880-4c9d-82b6-c6e1b6d4ffe6.jpg\",\"datePublished\":\"2026-03-01T11:35:46+00:00\",\"author\":{\"@id\":\"https:\\\/\\\/kuzeyinsesi.org\\\/#\\\/schema\\\/person\\\/9f859689cdf01485597712386e37f5aa\"},\"breadcrumb\":{\"@id\":\"https:\\\/\\\/kuzeyinsesi.org\\\/index.php\\\/2026\\\/03\\\/01\\\/alaykoy-ilkokulundan-merit-otellerine-tesekkur\\\/#breadcrumb\"},\"inLanguage\":\"tr\",\"potentialAction\":[{\"@type\":\"ReadAction\",\"target\":[\"https:\\\/\\\/kuzeyinsesi.org\\\/index.php\\\/2026\\\/03\\\/01\\\/alaykoy-ilkokulundan-merit-otellerine-tesekkur\\\/\"]}]},{\"@type\":\"ImageObject\",\"inLanguage\":\"tr\",\"@id\":\"https:\\\/\\\/kuzeyinsesi.org\\\/index.php\\\/2026\\\/03\\\/01\\\/alaykoy-ilkokulundan-merit-otellerine-tesekkur\\\/#primaryimage\",\"url\":\"https:\\\/\\\/kuzeyinsesi.org\\\/wp-content\\\/uploads\\\/2026\\\/03\\\/e5339a67-2880-4c9d-82b6-c6e1b6d4ffe6.jpg\",\"contentUrl\":\"https:\\\/\\\/kuzeyinsesi.org\\\/wp-content\\\/uploads\\\/2026\\\/03\\\/e5339a67-2880-4c9d-82b6-c6e1b6d4ffe6.jpg\",\"width\":1600,\"height\":1067},{\"@type\":\"BreadcrumbList\",\"@id\":\"https:\\\/\\\/kuzeyinsesi.org\\\/index.php\\\/2026\\\/03\\\/01\\\/alaykoy-ilkokulundan-merit-otellerine-tesekkur\\\/#breadcrumb\",\"itemListElement\":[{\"@type\":\"ListItem\",\"position\":1,\"name\":\"Anasayfa\",\"item\":\"https:\\\/\\\/kuzeyinsesi.org\\\/\"},{\"@type\":\"ListItem\",\"position\":2,\"name\":\"Alayk\u00f6y \u0130lkokulu\u2019ndan Merit Otellerine te\u015fekk\u00fcr\"}]},{\"@type\":\"WebSite\",\"@id\":\"https:\\\/\\\/kuzeyinsesi.org\\\/#website\",\"url\":\"https:\\\/\\\/kuzeyinsesi.org\\\/\",\"name\":\"Kuzeyin Sesi\",\"description\":\"Do\u011fru Haberin Adresi\",\"potentialAction\":[{\"@type\":\"SearchAction\",\"target\":{\"@type\":\"EntryPoint\",\"urlTemplate\":\"https:\\\/\\\/kuzeyinsesi.org\\\/?s={search_term_string}\"},\"query-input\":{\"@type\":\"PropertyValueSpecification\",\"valueRequired\":true,\"valueName\":\"search_term_string\"}}],\"inLanguage\":\"tr\"},{\"@type\":\"Person\",\"@id\":\"https:\\\/\\\/kuzeyinsesi.org\\\/#\\\/schema\\\/person\\\/9f859689cdf01485597712386e37f5aa\",\"name\":\"Kuzeyin Sesi\",\"image\":{\"@type\":\"ImageObject\",\"inLanguage\":\"tr\",\"@id\":\"https:\\\/\\\/secure.gravatar.com\\\/avatar\\\/bab33852abfd8b282518d6ed81826833d77c3c882d9ab608add591ccace47a44?s=96&d=mm&r=g\",\"url\":\"https:\\\/\\\/secure.gravatar.com\\\/avatar\\\/bab33852abfd8b282518d6ed81826833d77c3c882d9ab608add591ccace47a44?s=96&d=mm&r=g\",\"contentUrl\":\"https:\\\/\\\/secure.gravatar.com\\\/avatar\\\/bab33852abfd8b282518d6ed81826833d77c3c882d9ab608add591ccace47a44?s=96&d=mm&r=g\",\"caption\":\"Kuzeyin Sesi\"},\"sameAs\":[\"https:\\\/\\\/kuzeyinsesi.org\"],\"url\":\"https:\\\/\\\/kuzeyinsesi.org\\\/index.php\\\/author\\\/guven\\\/\"}]}<\/script>\n<!-- \/ Yoast SEO plugin. -->","yoast_head_json":{"title":"Alayk\u00f6y \u0130lkokulu\u2019ndan Merit Otellerine te\u015fekk\u00fcr - Kuzeyin Sesi","robots":{"index":"index","follow":"follow","max-snippet":"max-snippet:-1","max-image-preview":"max-image-preview:large","max-video-preview":"max-video-preview:-1"},"canonical":"https:\/\/kuzeyinsesi.org\/index.php\/2026\/03\/01\/alaykoy-ilkokulundan-merit-otellerine-tesekkur\/","og_locale":"tr_TR","og_type":"article","og_title":"Alayk\u00f6y \u0130lkokulu\u2019ndan Merit Otellerine te\u015fekk\u00fcr - Kuzeyin Sesi","og_description":"Alayk\u00f6y \u0130lkokulu\u2019nun sosyal medya hesab\u0131ndan yap\u0131lan payla\u015f\u0131mda, Merit Otelleri taraf\u0131ndan ba\u011f\u0131\u015flanan bluetooth hoparl\u00f6r, e\u011fitici materyaller ve masal kitaplar\u0131n\u0131n; \u00f6\u011frencilerin \u00f6\u011frenme ortam\u0131n\u0131 daha zengin, daha keyifli ve daha ilham verici hale getirdi\u011fi vurgusu yap\u0131ld\u0131. E\u011fitime de\u011fer katan her dokunu\u015fun, \u00e7ocuklar\u0131m\u0131z\u0131n gelece\u011fine at\u0131lan g\u00fc\u00e7l\u00fc bir imza oldu\u011funun alt\u0131 \u00e7izilen a\u00e7\u0131klamada, \u201c Merit Hotelleri ile Aral\u0131k 2025\u2019te e\u011fitim [&hellip;]","og_url":"https:\/\/kuzeyinsesi.org\/index.php\/2026\/03\/01\/alaykoy-ilkokulundan-merit-otellerine-tesekkur\/","og_site_name":"Kuzeyin Sesi","article_publisher":"https:\/\/www.facebook.com\/kuzeyinsesii","article_published_time":"2026-03-01T11:35:46+00:00","author":"Kuzeyin Sesi","twitter_card":"summary_large_image","twitter_creator":"@kuzeyinsesii","twitter_site":"@kuzeyinsesii","twitter_misc":{"Yazan:":"Kuzeyin Sesi","Tahmini okuma s\u00fcresi":"1 dakika"},"schema":{"@context":"https:\/\/schema.org","@graph":[{"@type":"Article","@id":"https:\/\/kuzeyinsesi.org\/index.php\/2026\/03\/01\/alaykoy-ilkokulundan-merit-otellerine-tesekkur\/#article","isPartOf":{"@id":"https:\/\/kuzeyinsesi.org\/index.php\/2026\/03\/01\/alaykoy-ilkokulundan-merit-otellerine-tesekkur\/"},"author":{"name":"Kuzeyin Sesi","@id":"https:\/\/kuzeyinsesi.org\/#\/schema\/person\/9f859689cdf01485597712386e37f5aa"},"headline":"Alayk\u00f6y \u0130lkokulu\u2019ndan Merit Otellerine te\u015fekk\u00fcr","datePublished":"2026-03-01T11:35:46+00:00","mainEntityOfPage":{"@id":"https:\/\/kuzeyinsesi.org\/index.php\/2026\/03\/01\/alaykoy-ilkokulundan-merit-otellerine-tesekkur\/"},"wordCount":213,"commentCount":0,"image":{"@id":"https:\/\/kuzeyinsesi.org\/index.php\/2026\/03\/01\/alaykoy-ilkokulundan-merit-otellerine-tesekkur\/#primaryimage"},"thumbnailUrl":"https:\/\/kuzeyinsesi.org\/wp-content\/uploads\/2026\/03\/e5339a67-2880-4c9d-82b6-c6e1b6d4ffe6.jpg","articleSection":["K\u0131br\u0131s"],"inLanguage":"tr","potentialAction":[{"@type":"CommentAction","name":"Comment","target":["https:\/\/kuzeyinsesi.org\/index.php\/2026\/03\/01\/alaykoy-ilkokulundan-merit-otellerine-tesekkur\/#respond"]}]},{"@type":"WebPage","@id":"https:\/\/kuzeyinsesi.org\/index.php\/2026\/03\/01\/alaykoy-ilkokulundan-merit-otellerine-tesekkur\/","url":"https:\/\/kuzeyinsesi.org\/index.php\/2026\/03\/01\/alaykoy-ilkokulundan-merit-otellerine-tesekkur\/","name":"Alayk\u00f6y \u0130lkokulu\u2019ndan Merit Otellerine te\u015fekk\u00fcr - Kuzeyin Sesi","isPartOf":{"@id":"https:\/\/kuzeyinsesi.org\/#website"},"primaryImageOfPage":{"@id":"https:\/\/kuzeyinsesi.org\/index.php\/2026\/03\/01\/alaykoy-ilkokulundan-merit-otellerine-tesekkur\/#primaryimage"},"image":{"@id":"https:\/\/kuzeyinsesi.org\/index.php\/2026\/03\/01\/alaykoy-ilkokulundan-merit-otellerine-tesekkur\/#primaryimage"},"thumbnailUrl":"https:\/\/kuzeyinsesi.org\/wp-content\/uploads\/2026\/03\/e5339a67-2880-4c9d-82b6-c6e1b6d4ffe6.jpg","datePublished":"2026-03-01T11:35:46+00:00","author":{"@id":"https:\/\/kuzeyinsesi.org\/#\/schema\/person\/9f859689cdf01485597712386e37f5aa"},"breadcrumb":{"@id":"https:\/\/kuzeyinsesi.org\/index.php\/2026\/03\/01\/alaykoy-ilkokulundan-merit-otellerine-tesekkur\/#breadcrumb"},"inLanguage":"tr","potentialAction":[{"@type":"ReadAction","target":["https:\/\/kuzeyinsesi.org\/index.php\/2026\/03\/01\/alaykoy-ilkokulundan-merit-otellerine-tesekkur\/"]}]},{"@type":"ImageObject","inLanguage":"tr","@id":"https:\/\/kuzeyinsesi.org\/index.php\/2026\/03\/01\/alaykoy-ilkokulundan-merit-otellerine-tesekkur\/#primaryimage","url":"https:\/\/kuzeyinsesi.org\/wp-content\/uploads\/2026\/03\/e5339a67-2880-4c9d-82b6-c6e1b6d4ffe6.jpg","contentUrl":"https:\/\/kuzeyinsesi.org\/wp-content\/uploads\/2026\/03\/e5339a67-2880-4c9d-82b6-c6e1b6d4ffe6.jpg","width":1600,"height":1067},{"@type":"BreadcrumbList","@id":"https:\/\/kuzeyinsesi.org\/index.php\/2026\/03\/01\/alaykoy-ilkokulundan-merit-otellerine-tesekkur\/#breadcrumb","itemListElement":[{"@type":"ListItem","position":1,"name":"Anasayfa","item":"https:\/\/kuzeyinsesi.org\/"},{"@type":"ListItem","position":2,"name":"Alayk\u00f6y \u0130lkokulu\u2019ndan Merit Otellerine te\u015fekk\u00fcr"}]},{"@type":"WebSite","@id":"https:\/\/kuzeyinsesi.org\/#website","url":"https:\/\/kuzeyinsesi.org\/","name":"Kuzeyin Sesi","description":"Do\u011fru Haberin Adresi","potentialAction":[{"@type":"SearchAction","target":{"@type":"EntryPoint","urlTemplate":"https:\/\/kuzeyinsesi.org\/?s={search_term_string}"},"query-input":{"@type":"PropertyValueSpecification","valueRequired":true,"valueName":"search_term_string"}}],"inLanguage":"tr"},{"@type":"Person","@id":"https:\/\/kuzeyinsesi.org\/#\/schema\/person\/9f859689cdf01485597712386e37f5aa","name":"Kuzeyin Sesi","image":{"@type":"ImageObject","inLanguage":"tr","@id":"https:\/\/secure.gravatar.com\/avatar\/bab33852abfd8b282518d6ed81826833d77c3c882d9ab608add591ccace47a44?s=96&d=mm&r=g","url":"https:\/\/secure.gravatar.com\/avatar\/bab33852abfd8b282518d6ed81826833d77c3c882d9ab608add591ccace47a44?s=96&d=mm&r=g","contentUrl":"https:\/\/secure.gravatar.com\/avatar\/bab33852abfd8b282518d6ed81826833d77c3c882d9ab608add591ccace47a44?s=96&d=mm&r=g","caption":"Kuzeyin Sesi"},"sameAs":["https:\/\/kuzeyinsesi.org"],"url":"https:\/\/kuzeyinsesi.org\/index.php\/author\/guven\/"}]}},"_links":{"self":[{"href":"https:\/\/kuzeyinsesi.org\/index.php\/wp-json\/wp\/v2\/posts\/36114","targetHints":{"allow":["GET"]}}],"collection":[{"href":"https:\/\/kuzeyinsesi.org\/index.php\/wp-json\/wp\/v2\/posts"}],"about":[{"href":"https:\/\/kuzeyinsesi.org\/index.php\/wp-json\/wp\/v2\/types\/post"}],"author":[{"embeddable":true,"href":"https:\/\/kuzeyinsesi.org\/index.php\/wp-json\/wp\/v2\/users\/1"}],"replies":[{"embeddable":true,"href":"https:\/\/kuzeyinsesi.org\/index.php\/wp-json\/wp\/v2\/comments?post=36114"}],"version-history":[{"count":0,"href":"https:\/\/kuzeyinsesi.org\/index.php\/wp-json\/wp\/v2\/posts\/36114\/revisions"}],"wp:featuredmedia":[{"embeddable":true,"href":"https:\/\/kuzeyinsesi.org\/index.php\/wp-json\/wp\/v2\/media\/36115"}],"wp:attachment":[{"href":"https:\/\/kuzeyinsesi.org\/index.php\/wp-json\/wp\/v2\/media?parent=36114"}],"wp:term":[{"taxonomy":"category","embeddable":true,"href":"https:\/\/kuzeyinsesi.org\/index.php\/wp-json\/wp\/v2\/categories?post=36114"},{"taxonomy":"post_tag","embeddable":true,"href":"https:\/\/kuzeyinsesi.org\/index.php\/wp-json\/wp\/v2\/tags?post=36114"}],"curies":[{"name":"wp","href":"https:\/\/api.w.org\/{rel}","templated":true}]}}