{"id":36110,"date":"2026-03-01T13:23:34","date_gmt":"2026-03-01T11:23:34","guid":{"rendered":"https:\/\/kuzeyinsesi.org\/index.php\/2026\/03\/01\/dipkarpazda-kirsal-kesim-arsasi-verilmesi-cagrisi\/"},"modified":"2026-03-01T13:23:34","modified_gmt":"2026-03-01T11:23:34","slug":"dipkarpazda-kirsal-kesim-arsasi-verilmesi-cagrisi","status":"publish","type":"post","link":"https:\/\/kuzeyinsesi.org\/index.php\/2026\/03\/01\/dipkarpazda-kirsal-kesim-arsasi-verilmesi-cagrisi\/","title":{"rendered":"Dipkarpaz\u2019da k\u0131rsal kesim arsas\u0131 verilmesi \u00e7a\u011fr\u0131s\u0131"},"content":{"rendered":"<p style=\"font-weight: 300\"><span style=\"font-weight: 300 !important\">\u00c7ebi, yaz\u0131l\u0131 a\u00e7\u0131klamas\u0131nda, yakla\u015f\u0131k y\u00fcz bin d\u00f6n\u00fcm arazisi ve 153 kilometrekarelik y\u00fcz\u00f6l\u00e7\u00fcm\u00fcyle K\u0131br\u0131s\u2019\u0131n en b\u00fcy\u00fck yerle\u015fim alanlar\u0131ndan biri olan Dipkarpaz\u2019\u0131n geni\u015f arazileriyle bilindi\u011fine dikkat \u00e7ekerek, \u00e7evre k\u00f6ylerde k\u0131rsal kesim arsalar\u0131 da\u011f\u0131t\u0131l\u0131rken Dipkarpaz i\u00e7in \u201carsa yok\u201d ya da \u201cproblemli\u201d gibi yan\u0131tlar\u0131n k\u00f6y halk\u0131 a\u00e7\u0131s\u0131ndan soru i\u015fareti yaratt\u0131\u011f\u0131n\u0131 belirtti.<\/span><\/p>\n<p style=\"font-weight: 300\"><span style=\"font-weight: 300 !important\">\u00c7ebi, \u201cYerle\u015fim durumundan kaynaklanan bir zorluk mu vard\u0131r, yoksa ileride ortaya \u00e7\u0131kabilecek ba\u015fka planlar m\u0131 s\u00f6z konusudur?\u201d diye sordu.<\/span><\/p>\n<p style=\"font-weight: 300\"><span style=\"font-weight: 300 !important\">Ba\u015fbakan \u00dcnal \u00dcstel\u2019in Dipkarpaz\u2019a yapt\u0131\u011f\u0131 ziyaretin \u00f6nemli oldu\u011funu, \u0130\u00e7i\u015fleri Bakan\u0131 Dursun O\u011fuz\u2019un da arsa azl\u0131\u011f\u0131 nedeniyle iki katl\u0131 sosyal konut tipi projelerle gen\u00e7lerin ev sahibi yap\u0131lmas\u0131 y\u00f6n\u00fcndeki yakla\u015f\u0131m\u0131n\u0131n \u201ciyi niyetli\u201d oldu\u011funu ifade eden \u00c7ebi, ancak Dipkarpaz\u2019\u0131n tar\u0131m ve hayvanc\u0131l\u0131\u011fa dayal\u0131 k\u00f6y ya\u015fam\u0131 nedeniyle apartman\/toplu konut modelinin uzun vadede s\u00fcrd\u00fcr\u00fclebilir olmayaca\u011f\u0131n\u0131 savundu.<\/span><\/p>\n<p style=\"font-weight: 300\"><span style=\"font-weight: 300 !important\">\u201cDipkarpaz\u2019\u0131 bilen ve burada ya\u015fayan insanlar i\u00e7in en uygun \u00e7\u00f6z\u00fcm, k\u0131rsal kesim arsalar\u0131n\u0131n yeniden verilmesidir.\u201d diyen \u00c7ebi, gen\u00e7lerin k\u00f6yde kalabilmesi, \u00fcretimin devam etmesi ve Dipkarpaz\u2019\u0131n gelece\u011finin g\u00fcvence alt\u0131na al\u0131nmas\u0131n\u0131n ancak bu \u015fekilde m\u00fcmk\u00fcn olaca\u011f\u0131 g\u00f6r\u00fc\u015f\u00fcn\u00fc dile getirdi.\u00a0<\/span><\/p>\n<p>Dipkarpaz\u2019da k\u0131rsal kesim arsas\u0131 verilmesi \u00e7a\u011fr\u0131s\u0131 yaz\u0131s\u0131 ilk \u00f6nce K\u0131br\u0131s Hakikat \u00fczerinde ortaya \u00e7\u0131kt\u0131.<\/p>\n","protected":false},"excerpt":{"rendered":"<p>\u00c7ebi, yaz\u0131l\u0131 a\u00e7\u0131klamas\u0131nda, yakla\u015f\u0131k y\u00fcz bin d\u00f6n\u00fcm arazisi ve 153 kilometrekarelik y\u00fcz\u00f6l\u00e7\u00fcm\u00fcyle K\u0131br\u0131s\u2019\u0131n en b\u00fcy\u00fck yerle\u015fim alanlar\u0131ndan biri olan Dipkarpaz\u2019\u0131n geni\u015f arazileriyle bilindi\u011fine dikkat \u00e7ekerek, \u00e7evre k\u00f6ylerde k\u0131rsal kesim arsalar\u0131 da\u011f\u0131t\u0131l\u0131rken Dipkarpaz i\u00e7in \u201carsa yok\u201d ya da \u201cproblemli\u201d gibi yan\u0131tlar\u0131n k\u00f6y halk\u0131 a\u00e7\u0131s\u0131ndan soru i\u015fareti yaratt\u0131\u011f\u0131n\u0131 belirtti. \u00c7ebi, \u201cYerle\u015fim durumundan kaynaklanan bir zorluk mu vard\u0131r, [&hellip;]<\/p>\n","protected":false},"author":1,"featured_media":36111,"comment_status":"open","ping_status":"open","sticky":false,"template":"","format":"standard","meta":{"jnews-multi-image_gallery":[],"jnews_single_post":[],"jnews_primary_category":[],"jnews_social_meta":[],"jnews_override_counter":[],"footnotes":""},"categories":[1],"tags":[],"class_list":["post-36110","post","type-post","status-publish","format-standard","has-post-thumbnail","hentry","category-kibris"],"yoast_head":"<!-- This site is optimized with the Yoast SEO plugin v27.5 - https:\/\/yoast.com\/product\/yoast-seo-wordpress\/ -->\n<title>Dipkarpaz\u2019da k\u0131rsal kesim arsas\u0131 verilmesi \u00e7a\u011fr\u0131s\u0131 - Kuzeyin Sesi<\/title>\n<meta name=\"robots\" content=\"index, follow, max-snippet:-1, max-image-preview:large, max-video-preview:-1\" \/>\n<link rel=\"canonical\" href=\"https:\/\/kuzeyinsesi.org\/index.php\/2026\/03\/01\/dipkarpazda-kirsal-kesim-arsasi-verilmesi-cagrisi\/\" \/>\n<meta property=\"og:locale\" content=\"tr_TR\" \/>\n<meta property=\"og:type\" content=\"article\" \/>\n<meta property=\"og:title\" content=\"Dipkarpaz\u2019da k\u0131rsal kesim arsas\u0131 verilmesi \u00e7a\u011fr\u0131s\u0131 - Kuzeyin Sesi\" \/>\n<meta property=\"og:description\" content=\"\u00c7ebi, yaz\u0131l\u0131 a\u00e7\u0131klamas\u0131nda, yakla\u015f\u0131k y\u00fcz bin d\u00f6n\u00fcm arazisi ve 153 kilometrekarelik y\u00fcz\u00f6l\u00e7\u00fcm\u00fcyle K\u0131br\u0131s\u2019\u0131n en b\u00fcy\u00fck yerle\u015fim alanlar\u0131ndan biri olan Dipkarpaz\u2019\u0131n geni\u015f arazileriyle bilindi\u011fine dikkat \u00e7ekerek, \u00e7evre k\u00f6ylerde k\u0131rsal kesim arsalar\u0131 da\u011f\u0131t\u0131l\u0131rken Dipkarpaz i\u00e7in \u201carsa yok\u201d ya da \u201cproblemli\u201d gibi yan\u0131tlar\u0131n k\u00f6y halk\u0131 a\u00e7\u0131s\u0131ndan soru i\u015fareti yaratt\u0131\u011f\u0131n\u0131 belirtti. \u00c7ebi, \u201cYerle\u015fim durumundan kaynaklanan bir zorluk mu vard\u0131r, [&hellip;]\" \/>\n<meta property=\"og:url\" content=\"https:\/\/kuzeyinsesi.org\/index.php\/2026\/03\/01\/dipkarpazda-kirsal-kesim-arsasi-verilmesi-cagrisi\/\" \/>\n<meta property=\"og:site_name\" content=\"Kuzeyin Sesi\" \/>\n<meta property=\"article:publisher\" content=\"https:\/\/www.facebook.com\/kuzeyinsesii\" \/>\n<meta property=\"article:published_time\" content=\"2026-03-01T11:23:34+00:00\" \/>\n<meta name=\"author\" content=\"Kuzeyin Sesi\" \/>\n<meta name=\"twitter:card\" content=\"summary_large_image\" \/>\n<meta name=\"twitter:creator\" content=\"@kuzeyinsesii\" \/>\n<meta name=\"twitter:site\" content=\"@kuzeyinsesii\" \/>\n<meta name=\"twitter:label1\" content=\"Yazan:\" \/>\n\t<meta name=\"twitter:data1\" content=\"Kuzeyin Sesi\" \/>\n\t<meta name=\"twitter:label2\" content=\"Tahmini okuma s\u00fcresi\" \/>\n\t<meta name=\"twitter:data2\" content=\"1 dakika\" \/>\n<script type=\"application\/ld+json\" class=\"yoast-schema-graph\">{\"@context\":\"https:\\\/\\\/schema.org\",\"@graph\":[{\"@type\":\"Article\",\"@id\":\"https:\\\/\\\/kuzeyinsesi.org\\\/index.php\\\/2026\\\/03\\\/01\\\/dipkarpazda-kirsal-kesim-arsasi-verilmesi-cagrisi\\\/#article\",\"isPartOf\":{\"@id\":\"https:\\\/\\\/kuzeyinsesi.org\\\/index.php\\\/2026\\\/03\\\/01\\\/dipkarpazda-kirsal-kesim-arsasi-verilmesi-cagrisi\\\/\"},\"author\":{\"name\":\"Kuzeyin Sesi\",\"@id\":\"https:\\\/\\\/kuzeyinsesi.org\\\/#\\\/schema\\\/person\\\/9f859689cdf01485597712386e37f5aa\"},\"headline\":\"Dipkarpaz\u2019da k\u0131rsal kesim arsas\u0131 verilmesi \u00e7a\u011fr\u0131s\u0131\",\"datePublished\":\"2026-03-01T11:23:34+00:00\",\"mainEntityOfPage\":{\"@id\":\"https:\\\/\\\/kuzeyinsesi.org\\\/index.php\\\/2026\\\/03\\\/01\\\/dipkarpazda-kirsal-kesim-arsasi-verilmesi-cagrisi\\\/\"},\"wordCount\":266,\"commentCount\":0,\"image\":{\"@id\":\"https:\\\/\\\/kuzeyinsesi.org\\\/index.php\\\/2026\\\/03\\\/01\\\/dipkarpazda-kirsal-kesim-arsasi-verilmesi-cagrisi\\\/#primaryimage\"},\"thumbnailUrl\":\"https:\\\/\\\/kuzeyinsesi.org\\\/wp-content\\\/uploads\\\/2026\\\/03\\\/1772361939138177062816532217561109254701753860492069dipkarpaz.jpg\",\"articleSection\":[\"K\u0131br\u0131s\"],\"inLanguage\":\"tr\",\"potentialAction\":[{\"@type\":\"CommentAction\",\"name\":\"Comment\",\"target\":[\"https:\\\/\\\/kuzeyinsesi.org\\\/index.php\\\/2026\\\/03\\\/01\\\/dipkarpazda-kirsal-kesim-arsasi-verilmesi-cagrisi\\\/#respond\"]}]},{\"@type\":\"WebPage\",\"@id\":\"https:\\\/\\\/kuzeyinsesi.org\\\/index.php\\\/2026\\\/03\\\/01\\\/dipkarpazda-kirsal-kesim-arsasi-verilmesi-cagrisi\\\/\",\"url\":\"https:\\\/\\\/kuzeyinsesi.org\\\/index.php\\\/2026\\\/03\\\/01\\\/dipkarpazda-kirsal-kesim-arsasi-verilmesi-cagrisi\\\/\",\"name\":\"Dipkarpaz\u2019da k\u0131rsal kesim arsas\u0131 verilmesi \u00e7a\u011fr\u0131s\u0131 - Kuzeyin Sesi\",\"isPartOf\":{\"@id\":\"https:\\\/\\\/kuzeyinsesi.org\\\/#website\"},\"primaryImageOfPage\":{\"@id\":\"https:\\\/\\\/kuzeyinsesi.org\\\/index.php\\\/2026\\\/03\\\/01\\\/dipkarpazda-kirsal-kesim-arsasi-verilmesi-cagrisi\\\/#primaryimage\"},\"image\":{\"@id\":\"https:\\\/\\\/kuzeyinsesi.org\\\/index.php\\\/2026\\\/03\\\/01\\\/dipkarpazda-kirsal-kesim-arsasi-verilmesi-cagrisi\\\/#primaryimage\"},\"thumbnailUrl\":\"https:\\\/\\\/kuzeyinsesi.org\\\/wp-content\\\/uploads\\\/2026\\\/03\\\/1772361939138177062816532217561109254701753860492069dipkarpaz.jpg\",\"datePublished\":\"2026-03-01T11:23:34+00:00\",\"author\":{\"@id\":\"https:\\\/\\\/kuzeyinsesi.org\\\/#\\\/schema\\\/person\\\/9f859689cdf01485597712386e37f5aa\"},\"breadcrumb\":{\"@id\":\"https:\\\/\\\/kuzeyinsesi.org\\\/index.php\\\/2026\\\/03\\\/01\\\/dipkarpazda-kirsal-kesim-arsasi-verilmesi-cagrisi\\\/#breadcrumb\"},\"inLanguage\":\"tr\",\"potentialAction\":[{\"@type\":\"ReadAction\",\"target\":[\"https:\\\/\\\/kuzeyinsesi.org\\\/index.php\\\/2026\\\/03\\\/01\\\/dipkarpazda-kirsal-kesim-arsasi-verilmesi-cagrisi\\\/\"]}]},{\"@type\":\"ImageObject\",\"inLanguage\":\"tr\",\"@id\":\"https:\\\/\\\/kuzeyinsesi.org\\\/index.php\\\/2026\\\/03\\\/01\\\/dipkarpazda-kirsal-kesim-arsasi-verilmesi-cagrisi\\\/#primaryimage\",\"url\":\"https:\\\/\\\/kuzeyinsesi.org\\\/wp-content\\\/uploads\\\/2026\\\/03\\\/1772361939138177062816532217561109254701753860492069dipkarpaz.jpg\",\"contentUrl\":\"https:\\\/\\\/kuzeyinsesi.org\\\/wp-content\\\/uploads\\\/2026\\\/03\\\/1772361939138177062816532217561109254701753860492069dipkarpaz.jpg\",\"width\":540,\"height\":540},{\"@type\":\"BreadcrumbList\",\"@id\":\"https:\\\/\\\/kuzeyinsesi.org\\\/index.php\\\/2026\\\/03\\\/01\\\/dipkarpazda-kirsal-kesim-arsasi-verilmesi-cagrisi\\\/#breadcrumb\",\"itemListElement\":[{\"@type\":\"ListItem\",\"position\":1,\"name\":\"Anasayfa\",\"item\":\"https:\\\/\\\/kuzeyinsesi.org\\\/\"},{\"@type\":\"ListItem\",\"position\":2,\"name\":\"Dipkarpaz\u2019da k\u0131rsal kesim arsas\u0131 verilmesi \u00e7a\u011fr\u0131s\u0131\"}]},{\"@type\":\"WebSite\",\"@id\":\"https:\\\/\\\/kuzeyinsesi.org\\\/#website\",\"url\":\"https:\\\/\\\/kuzeyinsesi.org\\\/\",\"name\":\"Kuzeyin Sesi\",\"description\":\"Do\u011fru Haberin Adresi\",\"potentialAction\":[{\"@type\":\"SearchAction\",\"target\":{\"@type\":\"EntryPoint\",\"urlTemplate\":\"https:\\\/\\\/kuzeyinsesi.org\\\/?s={search_term_string}\"},\"query-input\":{\"@type\":\"PropertyValueSpecification\",\"valueRequired\":true,\"valueName\":\"search_term_string\"}}],\"inLanguage\":\"tr\"},{\"@type\":\"Person\",\"@id\":\"https:\\\/\\\/kuzeyinsesi.org\\\/#\\\/schema\\\/person\\\/9f859689cdf01485597712386e37f5aa\",\"name\":\"Kuzeyin Sesi\",\"image\":{\"@type\":\"ImageObject\",\"inLanguage\":\"tr\",\"@id\":\"https:\\\/\\\/secure.gravatar.com\\\/avatar\\\/bab33852abfd8b282518d6ed81826833d77c3c882d9ab608add591ccace47a44?s=96&d=mm&r=g\",\"url\":\"https:\\\/\\\/secure.gravatar.com\\\/avatar\\\/bab33852abfd8b282518d6ed81826833d77c3c882d9ab608add591ccace47a44?s=96&d=mm&r=g\",\"contentUrl\":\"https:\\\/\\\/secure.gravatar.com\\\/avatar\\\/bab33852abfd8b282518d6ed81826833d77c3c882d9ab608add591ccace47a44?s=96&d=mm&r=g\",\"caption\":\"Kuzeyin Sesi\"},\"sameAs\":[\"https:\\\/\\\/kuzeyinsesi.org\"],\"url\":\"https:\\\/\\\/kuzeyinsesi.org\\\/index.php\\\/author\\\/guven\\\/\"}]}<\/script>\n<!-- \/ Yoast SEO plugin. -->","yoast_head_json":{"title":"Dipkarpaz\u2019da k\u0131rsal kesim arsas\u0131 verilmesi \u00e7a\u011fr\u0131s\u0131 - Kuzeyin Sesi","robots":{"index":"index","follow":"follow","max-snippet":"max-snippet:-1","max-image-preview":"max-image-preview:large","max-video-preview":"max-video-preview:-1"},"canonical":"https:\/\/kuzeyinsesi.org\/index.php\/2026\/03\/01\/dipkarpazda-kirsal-kesim-arsasi-verilmesi-cagrisi\/","og_locale":"tr_TR","og_type":"article","og_title":"Dipkarpaz\u2019da k\u0131rsal kesim arsas\u0131 verilmesi \u00e7a\u011fr\u0131s\u0131 - Kuzeyin Sesi","og_description":"\u00c7ebi, yaz\u0131l\u0131 a\u00e7\u0131klamas\u0131nda, yakla\u015f\u0131k y\u00fcz bin d\u00f6n\u00fcm arazisi ve 153 kilometrekarelik y\u00fcz\u00f6l\u00e7\u00fcm\u00fcyle K\u0131br\u0131s\u2019\u0131n en b\u00fcy\u00fck yerle\u015fim alanlar\u0131ndan biri olan Dipkarpaz\u2019\u0131n geni\u015f arazileriyle bilindi\u011fine dikkat \u00e7ekerek, \u00e7evre k\u00f6ylerde k\u0131rsal kesim arsalar\u0131 da\u011f\u0131t\u0131l\u0131rken Dipkarpaz i\u00e7in \u201carsa yok\u201d ya da \u201cproblemli\u201d gibi yan\u0131tlar\u0131n k\u00f6y halk\u0131 a\u00e7\u0131s\u0131ndan soru i\u015fareti yaratt\u0131\u011f\u0131n\u0131 belirtti. \u00c7ebi, \u201cYerle\u015fim durumundan kaynaklanan bir zorluk mu vard\u0131r, [&hellip;]","og_url":"https:\/\/kuzeyinsesi.org\/index.php\/2026\/03\/01\/dipkarpazda-kirsal-kesim-arsasi-verilmesi-cagrisi\/","og_site_name":"Kuzeyin Sesi","article_publisher":"https:\/\/www.facebook.com\/kuzeyinsesii","article_published_time":"2026-03-01T11:23:34+00:00","author":"Kuzeyin Sesi","twitter_card":"summary_large_image","twitter_creator":"@kuzeyinsesii","twitter_site":"@kuzeyinsesii","twitter_misc":{"Yazan:":"Kuzeyin Sesi","Tahmini okuma s\u00fcresi":"1 dakika"},"schema":{"@context":"https:\/\/schema.org","@graph":[{"@type":"Article","@id":"https:\/\/kuzeyinsesi.org\/index.php\/2026\/03\/01\/dipkarpazda-kirsal-kesim-arsasi-verilmesi-cagrisi\/#article","isPartOf":{"@id":"https:\/\/kuzeyinsesi.org\/index.php\/2026\/03\/01\/dipkarpazda-kirsal-kesim-arsasi-verilmesi-cagrisi\/"},"author":{"name":"Kuzeyin Sesi","@id":"https:\/\/kuzeyinsesi.org\/#\/schema\/person\/9f859689cdf01485597712386e37f5aa"},"headline":"Dipkarpaz\u2019da k\u0131rsal kesim arsas\u0131 verilmesi \u00e7a\u011fr\u0131s\u0131","datePublished":"2026-03-01T11:23:34+00:00","mainEntityOfPage":{"@id":"https:\/\/kuzeyinsesi.org\/index.php\/2026\/03\/01\/dipkarpazda-kirsal-kesim-arsasi-verilmesi-cagrisi\/"},"wordCount":266,"commentCount":0,"image":{"@id":"https:\/\/kuzeyinsesi.org\/index.php\/2026\/03\/01\/dipkarpazda-kirsal-kesim-arsasi-verilmesi-cagrisi\/#primaryimage"},"thumbnailUrl":"https:\/\/kuzeyinsesi.org\/wp-content\/uploads\/2026\/03\/1772361939138177062816532217561109254701753860492069dipkarpaz.jpg","articleSection":["K\u0131br\u0131s"],"inLanguage":"tr","potentialAction":[{"@type":"CommentAction","name":"Comment","target":["https:\/\/kuzeyinsesi.org\/index.php\/2026\/03\/01\/dipkarpazda-kirsal-kesim-arsasi-verilmesi-cagrisi\/#respond"]}]},{"@type":"WebPage","@id":"https:\/\/kuzeyinsesi.org\/index.php\/2026\/03\/01\/dipkarpazda-kirsal-kesim-arsasi-verilmesi-cagrisi\/","url":"https:\/\/kuzeyinsesi.org\/index.php\/2026\/03\/01\/dipkarpazda-kirsal-kesim-arsasi-verilmesi-cagrisi\/","name":"Dipkarpaz\u2019da k\u0131rsal kesim arsas\u0131 verilmesi \u00e7a\u011fr\u0131s\u0131 - Kuzeyin Sesi","isPartOf":{"@id":"https:\/\/kuzeyinsesi.org\/#website"},"primaryImageOfPage":{"@id":"https:\/\/kuzeyinsesi.org\/index.php\/2026\/03\/01\/dipkarpazda-kirsal-kesim-arsasi-verilmesi-cagrisi\/#primaryimage"},"image":{"@id":"https:\/\/kuzeyinsesi.org\/index.php\/2026\/03\/01\/dipkarpazda-kirsal-kesim-arsasi-verilmesi-cagrisi\/#primaryimage"},"thumbnailUrl":"https:\/\/kuzeyinsesi.org\/wp-content\/uploads\/2026\/03\/1772361939138177062816532217561109254701753860492069dipkarpaz.jpg","datePublished":"2026-03-01T11:23:34+00:00","author":{"@id":"https:\/\/kuzeyinsesi.org\/#\/schema\/person\/9f859689cdf01485597712386e37f5aa"},"breadcrumb":{"@id":"https:\/\/kuzeyinsesi.org\/index.php\/2026\/03\/01\/dipkarpazda-kirsal-kesim-arsasi-verilmesi-cagrisi\/#breadcrumb"},"inLanguage":"tr","potentialAction":[{"@type":"ReadAction","target":["https:\/\/kuzeyinsesi.org\/index.php\/2026\/03\/01\/dipkarpazda-kirsal-kesim-arsasi-verilmesi-cagrisi\/"]}]},{"@type":"ImageObject","inLanguage":"tr","@id":"https:\/\/kuzeyinsesi.org\/index.php\/2026\/03\/01\/dipkarpazda-kirsal-kesim-arsasi-verilmesi-cagrisi\/#primaryimage","url":"https:\/\/kuzeyinsesi.org\/wp-content\/uploads\/2026\/03\/1772361939138177062816532217561109254701753860492069dipkarpaz.jpg","contentUrl":"https:\/\/kuzeyinsesi.org\/wp-content\/uploads\/2026\/03\/1772361939138177062816532217561109254701753860492069dipkarpaz.jpg","width":540,"height":540},{"@type":"BreadcrumbList","@id":"https:\/\/kuzeyinsesi.org\/index.php\/2026\/03\/01\/dipkarpazda-kirsal-kesim-arsasi-verilmesi-cagrisi\/#breadcrumb","itemListElement":[{"@type":"ListItem","position":1,"name":"Anasayfa","item":"https:\/\/kuzeyinsesi.org\/"},{"@type":"ListItem","position":2,"name":"Dipkarpaz\u2019da k\u0131rsal kesim arsas\u0131 verilmesi \u00e7a\u011fr\u0131s\u0131"}]},{"@type":"WebSite","@id":"https:\/\/kuzeyinsesi.org\/#website","url":"https:\/\/kuzeyinsesi.org\/","name":"Kuzeyin Sesi","description":"Do\u011fru Haberin Adresi","potentialAction":[{"@type":"SearchAction","target":{"@type":"EntryPoint","urlTemplate":"https:\/\/kuzeyinsesi.org\/?s={search_term_string}"},"query-input":{"@type":"PropertyValueSpecification","valueRequired":true,"valueName":"search_term_string"}}],"inLanguage":"tr"},{"@type":"Person","@id":"https:\/\/kuzeyinsesi.org\/#\/schema\/person\/9f859689cdf01485597712386e37f5aa","name":"Kuzeyin Sesi","image":{"@type":"ImageObject","inLanguage":"tr","@id":"https:\/\/secure.gravatar.com\/avatar\/bab33852abfd8b282518d6ed81826833d77c3c882d9ab608add591ccace47a44?s=96&d=mm&r=g","url":"https:\/\/secure.gravatar.com\/avatar\/bab33852abfd8b282518d6ed81826833d77c3c882d9ab608add591ccace47a44?s=96&d=mm&r=g","contentUrl":"https:\/\/secure.gravatar.com\/avatar\/bab33852abfd8b282518d6ed81826833d77c3c882d9ab608add591ccace47a44?s=96&d=mm&r=g","caption":"Kuzeyin Sesi"},"sameAs":["https:\/\/kuzeyinsesi.org"],"url":"https:\/\/kuzeyinsesi.org\/index.php\/author\/guven\/"}]}},"_links":{"self":[{"href":"https:\/\/kuzeyinsesi.org\/index.php\/wp-json\/wp\/v2\/posts\/36110","targetHints":{"allow":["GET"]}}],"collection":[{"href":"https:\/\/kuzeyinsesi.org\/index.php\/wp-json\/wp\/v2\/posts"}],"about":[{"href":"https:\/\/kuzeyinsesi.org\/index.php\/wp-json\/wp\/v2\/types\/post"}],"author":[{"embeddable":true,"href":"https:\/\/kuzeyinsesi.org\/index.php\/wp-json\/wp\/v2\/users\/1"}],"replies":[{"embeddable":true,"href":"https:\/\/kuzeyinsesi.org\/index.php\/wp-json\/wp\/v2\/comments?post=36110"}],"version-history":[{"count":0,"href":"https:\/\/kuzeyinsesi.org\/index.php\/wp-json\/wp\/v2\/posts\/36110\/revisions"}],"wp:featuredmedia":[{"embeddable":true,"href":"https:\/\/kuzeyinsesi.org\/index.php\/wp-json\/wp\/v2\/media\/36111"}],"wp:attachment":[{"href":"https:\/\/kuzeyinsesi.org\/index.php\/wp-json\/wp\/v2\/media?parent=36110"}],"wp:term":[{"taxonomy":"category","embeddable":true,"href":"https:\/\/kuzeyinsesi.org\/index.php\/wp-json\/wp\/v2\/categories?post=36110"},{"taxonomy":"post_tag","embeddable":true,"href":"https:\/\/kuzeyinsesi.org\/index.php\/wp-json\/wp\/v2\/tags?post=36110"}],"curies":[{"name":"wp","href":"https:\/\/api.w.org\/{rel}","templated":true}]}}