{"id":36106,"date":"2026-03-01T13:10:26","date_gmt":"2026-03-01T11:10:26","guid":{"rendered":"https:\/\/kuzeyinsesi.org\/index.php\/2026\/03\/01\/meclis-genel-kurulu-yarin-toplanacak-9\/"},"modified":"2026-03-01T13:10:26","modified_gmt":"2026-03-01T11:10:26","slug":"meclis-genel-kurulu-yarin-toplanacak-9","status":"publish","type":"post","link":"https:\/\/kuzeyinsesi.org\/index.php\/2026\/03\/01\/meclis-genel-kurulu-yarin-toplanacak-9\/","title":{"rendered":"Meclis Genel Kurulu yar\u0131n toplanacak"},"content":{"rendered":"<p style=\"font-weight: 300\">Meclis g\u00fcndemine g\u00f6re, saat 10.00\u2019da toplanmas\u0131 beklenen genel kurulda komitelerden gelen yasa tasar\u0131lar\u0131 ve \u00f6neriler g\u00f6r\u00fc\u015f\u00fclecek.<\/p>\n<p style=\"font-weight: 300\">Genel Kurul&#8217;un g\u00fcndeminde, Trafik Dairesi (Kurulu\u015f, G\u00f6rev ve \u00c7al\u0131\u015fma Esaslar\u0131) (De\u011fi\u015fiklik) Yasa \u00d6nerisi, Kamu G\u00f6revlileri (De\u011fi\u015fiklik) Yasa \u00d6nerisi ve Kozmetik \u00dcr\u00fcnleri (De\u011fi\u015fiklik) Yasa Tasar\u0131s\u0131 bulunuyor.<\/p>\n<p>Meclis Genel Kurulu yar\u0131n toplanacak yaz\u0131s\u0131 ilk \u00f6nce K\u0131br\u0131s Hakikat \u00fczerinde ortaya \u00e7\u0131kt\u0131.<\/p>\n","protected":false},"excerpt":{"rendered":"<p>Meclis g\u00fcndemine g\u00f6re, saat 10.00\u2019da toplanmas\u0131 beklenen genel kurulda komitelerden gelen yasa tasar\u0131lar\u0131 ve \u00f6neriler g\u00f6r\u00fc\u015f\u00fclecek. Genel Kurul&#8217;un g\u00fcndeminde, Trafik Dairesi (Kurulu\u015f, G\u00f6rev ve \u00c7al\u0131\u015fma Esaslar\u0131) (De\u011fi\u015fiklik) Yasa \u00d6nerisi, Kamu G\u00f6revlileri (De\u011fi\u015fiklik) Yasa \u00d6nerisi ve Kozmetik \u00dcr\u00fcnleri (De\u011fi\u015fiklik) Yasa Tasar\u0131s\u0131 bulunuyor. Meclis Genel Kurulu yar\u0131n toplanacak yaz\u0131s\u0131 ilk \u00f6nce K\u0131br\u0131s Hakikat \u00fczerinde ortaya \u00e7\u0131kt\u0131.<\/p>\n","protected":false},"author":1,"featured_media":36107,"comment_status":"open","ping_status":"open","sticky":false,"template":"","format":"standard","meta":{"jnews-multi-image_gallery":[],"jnews_single_post":[],"jnews_primary_category":[],"jnews_social_meta":[],"jnews_override_counter":[],"footnotes":""},"categories":[1],"tags":[],"class_list":["post-36106","post","type-post","status-publish","format-standard","has-post-thumbnail","hentry","category-kibris"],"yoast_head":"<!-- This site is optimized with the Yoast SEO plugin v27.5 - https:\/\/yoast.com\/product\/yoast-seo-wordpress\/ -->\n<title>Meclis Genel Kurulu yar\u0131n toplanacak - Kuzeyin Sesi<\/title>\n<meta name=\"robots\" content=\"index, follow, max-snippet:-1, max-image-preview:large, max-video-preview:-1\" \/>\n<link rel=\"canonical\" href=\"https:\/\/kuzeyinsesi.org\/index.php\/2026\/03\/01\/meclis-genel-kurulu-yarin-toplanacak-9\/\" \/>\n<meta property=\"og:locale\" content=\"tr_TR\" \/>\n<meta property=\"og:type\" content=\"article\" \/>\n<meta property=\"og:title\" content=\"Meclis Genel Kurulu yar\u0131n toplanacak - Kuzeyin Sesi\" \/>\n<meta property=\"og:description\" content=\"Meclis g\u00fcndemine g\u00f6re, saat 10.00\u2019da toplanmas\u0131 beklenen genel kurulda komitelerden gelen yasa tasar\u0131lar\u0131 ve \u00f6neriler g\u00f6r\u00fc\u015f\u00fclecek. Genel Kurul&#8217;un g\u00fcndeminde, Trafik Dairesi (Kurulu\u015f, G\u00f6rev ve \u00c7al\u0131\u015fma Esaslar\u0131) (De\u011fi\u015fiklik) Yasa \u00d6nerisi, Kamu G\u00f6revlileri (De\u011fi\u015fiklik) Yasa \u00d6nerisi ve Kozmetik \u00dcr\u00fcnleri (De\u011fi\u015fiklik) Yasa Tasar\u0131s\u0131 bulunuyor. Meclis Genel Kurulu yar\u0131n toplanacak yaz\u0131s\u0131 ilk \u00f6nce K\u0131br\u0131s Hakikat \u00fczerinde ortaya \u00e7\u0131kt\u0131.\" \/>\n<meta property=\"og:url\" content=\"https:\/\/kuzeyinsesi.org\/index.php\/2026\/03\/01\/meclis-genel-kurulu-yarin-toplanacak-9\/\" \/>\n<meta property=\"og:site_name\" content=\"Kuzeyin Sesi\" \/>\n<meta property=\"article:publisher\" content=\"https:\/\/www.facebook.com\/kuzeyinsesii\" \/>\n<meta property=\"article:published_time\" content=\"2026-03-01T11:10:26+00:00\" \/>\n<meta name=\"author\" content=\"Kuzeyin Sesi\" \/>\n<meta name=\"twitter:card\" content=\"summary_large_image\" \/>\n<meta name=\"twitter:creator\" content=\"@kuzeyinsesii\" \/>\n<meta name=\"twitter:site\" content=\"@kuzeyinsesii\" \/>\n<meta name=\"twitter:label1\" content=\"Yazan:\" \/>\n\t<meta name=\"twitter:data1\" content=\"Kuzeyin Sesi\" \/>\n<script type=\"application\/ld+json\" class=\"yoast-schema-graph\">{\"@context\":\"https:\\\/\\\/schema.org\",\"@graph\":[{\"@type\":\"Article\",\"@id\":\"https:\\\/\\\/kuzeyinsesi.org\\\/index.php\\\/2026\\\/03\\\/01\\\/meclis-genel-kurulu-yarin-toplanacak-9\\\/#article\",\"isPartOf\":{\"@id\":\"https:\\\/\\\/kuzeyinsesi.org\\\/index.php\\\/2026\\\/03\\\/01\\\/meclis-genel-kurulu-yarin-toplanacak-9\\\/\"},\"author\":{\"name\":\"Kuzeyin Sesi\",\"@id\":\"https:\\\/\\\/kuzeyinsesi.org\\\/#\\\/schema\\\/person\\\/9f859689cdf01485597712386e37f5aa\"},\"headline\":\"Meclis Genel Kurulu yar\u0131n toplanacak\",\"datePublished\":\"2026-03-01T11:10:26+00:00\",\"mainEntityOfPage\":{\"@id\":\"https:\\\/\\\/kuzeyinsesi.org\\\/index.php\\\/2026\\\/03\\\/01\\\/meclis-genel-kurulu-yarin-toplanacak-9\\\/\"},\"wordCount\":82,\"commentCount\":0,\"image\":{\"@id\":\"https:\\\/\\\/kuzeyinsesi.org\\\/index.php\\\/2026\\\/03\\\/01\\\/meclis-genel-kurulu-yarin-toplanacak-9\\\/#primaryimage\"},\"thumbnailUrl\":\"https:\\\/\\\/kuzeyinsesi.org\\\/wp-content\\\/uploads\\\/2026\\\/03\\\/17723594442231771163065627MECLIS-YENI-YERLESKESI-3.jpg\",\"articleSection\":[\"K\u0131br\u0131s\"],\"inLanguage\":\"tr\",\"potentialAction\":[{\"@type\":\"CommentAction\",\"name\":\"Comment\",\"target\":[\"https:\\\/\\\/kuzeyinsesi.org\\\/index.php\\\/2026\\\/03\\\/01\\\/meclis-genel-kurulu-yarin-toplanacak-9\\\/#respond\"]}]},{\"@type\":\"WebPage\",\"@id\":\"https:\\\/\\\/kuzeyinsesi.org\\\/index.php\\\/2026\\\/03\\\/01\\\/meclis-genel-kurulu-yarin-toplanacak-9\\\/\",\"url\":\"https:\\\/\\\/kuzeyinsesi.org\\\/index.php\\\/2026\\\/03\\\/01\\\/meclis-genel-kurulu-yarin-toplanacak-9\\\/\",\"name\":\"Meclis Genel Kurulu yar\u0131n toplanacak - Kuzeyin Sesi\",\"isPartOf\":{\"@id\":\"https:\\\/\\\/kuzeyinsesi.org\\\/#website\"},\"primaryImageOfPage\":{\"@id\":\"https:\\\/\\\/kuzeyinsesi.org\\\/index.php\\\/2026\\\/03\\\/01\\\/meclis-genel-kurulu-yarin-toplanacak-9\\\/#primaryimage\"},\"image\":{\"@id\":\"https:\\\/\\\/kuzeyinsesi.org\\\/index.php\\\/2026\\\/03\\\/01\\\/meclis-genel-kurulu-yarin-toplanacak-9\\\/#primaryimage\"},\"thumbnailUrl\":\"https:\\\/\\\/kuzeyinsesi.org\\\/wp-content\\\/uploads\\\/2026\\\/03\\\/17723594442231771163065627MECLIS-YENI-YERLESKESI-3.jpg\",\"datePublished\":\"2026-03-01T11:10:26+00:00\",\"author\":{\"@id\":\"https:\\\/\\\/kuzeyinsesi.org\\\/#\\\/schema\\\/person\\\/9f859689cdf01485597712386e37f5aa\"},\"breadcrumb\":{\"@id\":\"https:\\\/\\\/kuzeyinsesi.org\\\/index.php\\\/2026\\\/03\\\/01\\\/meclis-genel-kurulu-yarin-toplanacak-9\\\/#breadcrumb\"},\"inLanguage\":\"tr\",\"potentialAction\":[{\"@type\":\"ReadAction\",\"target\":[\"https:\\\/\\\/kuzeyinsesi.org\\\/index.php\\\/2026\\\/03\\\/01\\\/meclis-genel-kurulu-yarin-toplanacak-9\\\/\"]}]},{\"@type\":\"ImageObject\",\"inLanguage\":\"tr\",\"@id\":\"https:\\\/\\\/kuzeyinsesi.org\\\/index.php\\\/2026\\\/03\\\/01\\\/meclis-genel-kurulu-yarin-toplanacak-9\\\/#primaryimage\",\"url\":\"https:\\\/\\\/kuzeyinsesi.org\\\/wp-content\\\/uploads\\\/2026\\\/03\\\/17723594442231771163065627MECLIS-YENI-YERLESKESI-3.jpg\",\"contentUrl\":\"https:\\\/\\\/kuzeyinsesi.org\\\/wp-content\\\/uploads\\\/2026\\\/03\\\/17723594442231771163065627MECLIS-YENI-YERLESKESI-3.jpg\",\"width\":2560,\"height\":1486},{\"@type\":\"BreadcrumbList\",\"@id\":\"https:\\\/\\\/kuzeyinsesi.org\\\/index.php\\\/2026\\\/03\\\/01\\\/meclis-genel-kurulu-yarin-toplanacak-9\\\/#breadcrumb\",\"itemListElement\":[{\"@type\":\"ListItem\",\"position\":1,\"name\":\"Anasayfa\",\"item\":\"https:\\\/\\\/kuzeyinsesi.org\\\/\"},{\"@type\":\"ListItem\",\"position\":2,\"name\":\"Meclis Genel Kurulu yar\u0131n toplanacak\"}]},{\"@type\":\"WebSite\",\"@id\":\"https:\\\/\\\/kuzeyinsesi.org\\\/#website\",\"url\":\"https:\\\/\\\/kuzeyinsesi.org\\\/\",\"name\":\"Kuzeyin Sesi\",\"description\":\"Do\u011fru Haberin Adresi\",\"potentialAction\":[{\"@type\":\"SearchAction\",\"target\":{\"@type\":\"EntryPoint\",\"urlTemplate\":\"https:\\\/\\\/kuzeyinsesi.org\\\/?s={search_term_string}\"},\"query-input\":{\"@type\":\"PropertyValueSpecification\",\"valueRequired\":true,\"valueName\":\"search_term_string\"}}],\"inLanguage\":\"tr\"},{\"@type\":\"Person\",\"@id\":\"https:\\\/\\\/kuzeyinsesi.org\\\/#\\\/schema\\\/person\\\/9f859689cdf01485597712386e37f5aa\",\"name\":\"Kuzeyin Sesi\",\"image\":{\"@type\":\"ImageObject\",\"inLanguage\":\"tr\",\"@id\":\"https:\\\/\\\/secure.gravatar.com\\\/avatar\\\/bab33852abfd8b282518d6ed81826833d77c3c882d9ab608add591ccace47a44?s=96&d=mm&r=g\",\"url\":\"https:\\\/\\\/secure.gravatar.com\\\/avatar\\\/bab33852abfd8b282518d6ed81826833d77c3c882d9ab608add591ccace47a44?s=96&d=mm&r=g\",\"contentUrl\":\"https:\\\/\\\/secure.gravatar.com\\\/avatar\\\/bab33852abfd8b282518d6ed81826833d77c3c882d9ab608add591ccace47a44?s=96&d=mm&r=g\",\"caption\":\"Kuzeyin Sesi\"},\"sameAs\":[\"https:\\\/\\\/kuzeyinsesi.org\"],\"url\":\"https:\\\/\\\/kuzeyinsesi.org\\\/index.php\\\/author\\\/guven\\\/\"}]}<\/script>\n<!-- \/ Yoast SEO plugin. -->","yoast_head_json":{"title":"Meclis Genel Kurulu yar\u0131n toplanacak - Kuzeyin Sesi","robots":{"index":"index","follow":"follow","max-snippet":"max-snippet:-1","max-image-preview":"max-image-preview:large","max-video-preview":"max-video-preview:-1"},"canonical":"https:\/\/kuzeyinsesi.org\/index.php\/2026\/03\/01\/meclis-genel-kurulu-yarin-toplanacak-9\/","og_locale":"tr_TR","og_type":"article","og_title":"Meclis Genel Kurulu yar\u0131n toplanacak - Kuzeyin Sesi","og_description":"Meclis g\u00fcndemine g\u00f6re, saat 10.00\u2019da toplanmas\u0131 beklenen genel kurulda komitelerden gelen yasa tasar\u0131lar\u0131 ve \u00f6neriler g\u00f6r\u00fc\u015f\u00fclecek. Genel Kurul&#8217;un g\u00fcndeminde, Trafik Dairesi (Kurulu\u015f, G\u00f6rev ve \u00c7al\u0131\u015fma Esaslar\u0131) (De\u011fi\u015fiklik) Yasa \u00d6nerisi, Kamu G\u00f6revlileri (De\u011fi\u015fiklik) Yasa \u00d6nerisi ve Kozmetik \u00dcr\u00fcnleri (De\u011fi\u015fiklik) Yasa Tasar\u0131s\u0131 bulunuyor. Meclis Genel Kurulu yar\u0131n toplanacak yaz\u0131s\u0131 ilk \u00f6nce K\u0131br\u0131s Hakikat \u00fczerinde ortaya \u00e7\u0131kt\u0131.","og_url":"https:\/\/kuzeyinsesi.org\/index.php\/2026\/03\/01\/meclis-genel-kurulu-yarin-toplanacak-9\/","og_site_name":"Kuzeyin Sesi","article_publisher":"https:\/\/www.facebook.com\/kuzeyinsesii","article_published_time":"2026-03-01T11:10:26+00:00","author":"Kuzeyin Sesi","twitter_card":"summary_large_image","twitter_creator":"@kuzeyinsesii","twitter_site":"@kuzeyinsesii","twitter_misc":{"Yazan:":"Kuzeyin Sesi"},"schema":{"@context":"https:\/\/schema.org","@graph":[{"@type":"Article","@id":"https:\/\/kuzeyinsesi.org\/index.php\/2026\/03\/01\/meclis-genel-kurulu-yarin-toplanacak-9\/#article","isPartOf":{"@id":"https:\/\/kuzeyinsesi.org\/index.php\/2026\/03\/01\/meclis-genel-kurulu-yarin-toplanacak-9\/"},"author":{"name":"Kuzeyin Sesi","@id":"https:\/\/kuzeyinsesi.org\/#\/schema\/person\/9f859689cdf01485597712386e37f5aa"},"headline":"Meclis Genel Kurulu yar\u0131n toplanacak","datePublished":"2026-03-01T11:10:26+00:00","mainEntityOfPage":{"@id":"https:\/\/kuzeyinsesi.org\/index.php\/2026\/03\/01\/meclis-genel-kurulu-yarin-toplanacak-9\/"},"wordCount":82,"commentCount":0,"image":{"@id":"https:\/\/kuzeyinsesi.org\/index.php\/2026\/03\/01\/meclis-genel-kurulu-yarin-toplanacak-9\/#primaryimage"},"thumbnailUrl":"https:\/\/kuzeyinsesi.org\/wp-content\/uploads\/2026\/03\/17723594442231771163065627MECLIS-YENI-YERLESKESI-3.jpg","articleSection":["K\u0131br\u0131s"],"inLanguage":"tr","potentialAction":[{"@type":"CommentAction","name":"Comment","target":["https:\/\/kuzeyinsesi.org\/index.php\/2026\/03\/01\/meclis-genel-kurulu-yarin-toplanacak-9\/#respond"]}]},{"@type":"WebPage","@id":"https:\/\/kuzeyinsesi.org\/index.php\/2026\/03\/01\/meclis-genel-kurulu-yarin-toplanacak-9\/","url":"https:\/\/kuzeyinsesi.org\/index.php\/2026\/03\/01\/meclis-genel-kurulu-yarin-toplanacak-9\/","name":"Meclis Genel Kurulu yar\u0131n toplanacak - Kuzeyin Sesi","isPartOf":{"@id":"https:\/\/kuzeyinsesi.org\/#website"},"primaryImageOfPage":{"@id":"https:\/\/kuzeyinsesi.org\/index.php\/2026\/03\/01\/meclis-genel-kurulu-yarin-toplanacak-9\/#primaryimage"},"image":{"@id":"https:\/\/kuzeyinsesi.org\/index.php\/2026\/03\/01\/meclis-genel-kurulu-yarin-toplanacak-9\/#primaryimage"},"thumbnailUrl":"https:\/\/kuzeyinsesi.org\/wp-content\/uploads\/2026\/03\/17723594442231771163065627MECLIS-YENI-YERLESKESI-3.jpg","datePublished":"2026-03-01T11:10:26+00:00","author":{"@id":"https:\/\/kuzeyinsesi.org\/#\/schema\/person\/9f859689cdf01485597712386e37f5aa"},"breadcrumb":{"@id":"https:\/\/kuzeyinsesi.org\/index.php\/2026\/03\/01\/meclis-genel-kurulu-yarin-toplanacak-9\/#breadcrumb"},"inLanguage":"tr","potentialAction":[{"@type":"ReadAction","target":["https:\/\/kuzeyinsesi.org\/index.php\/2026\/03\/01\/meclis-genel-kurulu-yarin-toplanacak-9\/"]}]},{"@type":"ImageObject","inLanguage":"tr","@id":"https:\/\/kuzeyinsesi.org\/index.php\/2026\/03\/01\/meclis-genel-kurulu-yarin-toplanacak-9\/#primaryimage","url":"https:\/\/kuzeyinsesi.org\/wp-content\/uploads\/2026\/03\/17723594442231771163065627MECLIS-YENI-YERLESKESI-3.jpg","contentUrl":"https:\/\/kuzeyinsesi.org\/wp-content\/uploads\/2026\/03\/17723594442231771163065627MECLIS-YENI-YERLESKESI-3.jpg","width":2560,"height":1486},{"@type":"BreadcrumbList","@id":"https:\/\/kuzeyinsesi.org\/index.php\/2026\/03\/01\/meclis-genel-kurulu-yarin-toplanacak-9\/#breadcrumb","itemListElement":[{"@type":"ListItem","position":1,"name":"Anasayfa","item":"https:\/\/kuzeyinsesi.org\/"},{"@type":"ListItem","position":2,"name":"Meclis Genel Kurulu yar\u0131n toplanacak"}]},{"@type":"WebSite","@id":"https:\/\/kuzeyinsesi.org\/#website","url":"https:\/\/kuzeyinsesi.org\/","name":"Kuzeyin Sesi","description":"Do\u011fru Haberin Adresi","potentialAction":[{"@type":"SearchAction","target":{"@type":"EntryPoint","urlTemplate":"https:\/\/kuzeyinsesi.org\/?s={search_term_string}"},"query-input":{"@type":"PropertyValueSpecification","valueRequired":true,"valueName":"search_term_string"}}],"inLanguage":"tr"},{"@type":"Person","@id":"https:\/\/kuzeyinsesi.org\/#\/schema\/person\/9f859689cdf01485597712386e37f5aa","name":"Kuzeyin Sesi","image":{"@type":"ImageObject","inLanguage":"tr","@id":"https:\/\/secure.gravatar.com\/avatar\/bab33852abfd8b282518d6ed81826833d77c3c882d9ab608add591ccace47a44?s=96&d=mm&r=g","url":"https:\/\/secure.gravatar.com\/avatar\/bab33852abfd8b282518d6ed81826833d77c3c882d9ab608add591ccace47a44?s=96&d=mm&r=g","contentUrl":"https:\/\/secure.gravatar.com\/avatar\/bab33852abfd8b282518d6ed81826833d77c3c882d9ab608add591ccace47a44?s=96&d=mm&r=g","caption":"Kuzeyin Sesi"},"sameAs":["https:\/\/kuzeyinsesi.org"],"url":"https:\/\/kuzeyinsesi.org\/index.php\/author\/guven\/"}]}},"_links":{"self":[{"href":"https:\/\/kuzeyinsesi.org\/index.php\/wp-json\/wp\/v2\/posts\/36106","targetHints":{"allow":["GET"]}}],"collection":[{"href":"https:\/\/kuzeyinsesi.org\/index.php\/wp-json\/wp\/v2\/posts"}],"about":[{"href":"https:\/\/kuzeyinsesi.org\/index.php\/wp-json\/wp\/v2\/types\/post"}],"author":[{"embeddable":true,"href":"https:\/\/kuzeyinsesi.org\/index.php\/wp-json\/wp\/v2\/users\/1"}],"replies":[{"embeddable":true,"href":"https:\/\/kuzeyinsesi.org\/index.php\/wp-json\/wp\/v2\/comments?post=36106"}],"version-history":[{"count":0,"href":"https:\/\/kuzeyinsesi.org\/index.php\/wp-json\/wp\/v2\/posts\/36106\/revisions"}],"wp:featuredmedia":[{"embeddable":true,"href":"https:\/\/kuzeyinsesi.org\/index.php\/wp-json\/wp\/v2\/media\/36107"}],"wp:attachment":[{"href":"https:\/\/kuzeyinsesi.org\/index.php\/wp-json\/wp\/v2\/media?parent=36106"}],"wp:term":[{"taxonomy":"category","embeddable":true,"href":"https:\/\/kuzeyinsesi.org\/index.php\/wp-json\/wp\/v2\/categories?post=36106"},{"taxonomy":"post_tag","embeddable":true,"href":"https:\/\/kuzeyinsesi.org\/index.php\/wp-json\/wp\/v2\/tags?post=36106"}],"curies":[{"name":"wp","href":"https:\/\/api.w.org\/{rel}","templated":true}]}}