{"id":36102,"date":"2026-03-01T12:39:38","date_gmt":"2026-03-01T10:39:38","guid":{"rendered":"https:\/\/kuzeyinsesi.org\/index.php\/2026\/03\/01\/ummanda-palau-bayrakli-petrol-tankeri-saldiriya-ugradi\/"},"modified":"2026-03-01T12:39:38","modified_gmt":"2026-03-01T10:39:38","slug":"ummanda-palau-bayrakli-petrol-tankeri-saldiriya-ugradi","status":"publish","type":"post","link":"https:\/\/kuzeyinsesi.org\/index.php\/2026\/03\/01\/ummanda-palau-bayrakli-petrol-tankeri-saldiriya-ugradi\/","title":{"rendered":"Umman\u2019da Palau bayrakl\u0131 petrol tankeri sald\u0131r\u0131ya u\u011frad\u0131"},"content":{"rendered":"<p style=\"font-weight: 300\">Umman Deniz G\u00fcvenli\u011fi Merkezi, konuya ili\u015fkin ABD merkezli X \u015firketinin sosyal medya platformundan yapt\u0131\u011f\u0131 a\u00e7\u0131klamada, geminin liman\u0131n 5 mil kuzeyinde hedef al\u0131nd\u0131\u011f\u0131n\u0131 belirtti.<\/p>\n<p style=\"font-weight: 300\">A\u00e7\u0131klamada, gemide bulunan 20 m\u00fcrettebattan tamam\u0131n\u0131n tahliye edildi\u011fi, d\u00f6rt ki\u015finin yaraland\u0131\u011f\u0131 ve tedavi alt\u0131na al\u0131nd\u0131\u011f\u0131 aktar\u0131ld\u0131.<\/p>\n<p style=\"font-weight: 300\">M\u00fcrettebattan 15 ki\u015finin Hindistan, 5 ki\u015finin ise \u0130ran vatanda\u015f\u0131 oldu\u011fu bilgisi payla\u015f\u0131ld\u0131.<\/p>\n<p style=\"font-weight: 300\">\u0130ran&#8217;\u0131n ABD ve \u0130srail sald\u0131r\u0131lar\u0131na kar\u015f\u0131 yap\u0131\u011f\u0131 misillemenin ard\u0131ndan sabah saatlerinde de Doha ve Dubai kentinde patlama sesi duyuldu\u011fu, hava savunma sistemlerinin devreye girdi\u011fi bildirilmi\u015fti.<\/p>\n<p>Umman\u2019da Palau bayrakl\u0131 petrol tankeri sald\u0131r\u0131ya u\u011frad\u0131 yaz\u0131s\u0131 ilk \u00f6nce K\u0131br\u0131s Hakikat \u00fczerinde ortaya \u00e7\u0131kt\u0131.<\/p>\n","protected":false},"excerpt":{"rendered":"<p>Umman Deniz G\u00fcvenli\u011fi Merkezi, konuya ili\u015fkin ABD merkezli X \u015firketinin sosyal medya platformundan yapt\u0131\u011f\u0131 a\u00e7\u0131klamada, geminin liman\u0131n 5 mil kuzeyinde hedef al\u0131nd\u0131\u011f\u0131n\u0131 belirtti. A\u00e7\u0131klamada, gemide bulunan 20 m\u00fcrettebattan tamam\u0131n\u0131n tahliye edildi\u011fi, d\u00f6rt ki\u015finin yaraland\u0131\u011f\u0131 ve tedavi alt\u0131na al\u0131nd\u0131\u011f\u0131 aktar\u0131ld\u0131. M\u00fcrettebattan 15 ki\u015finin Hindistan, 5 ki\u015finin ise \u0130ran vatanda\u015f\u0131 oldu\u011fu bilgisi payla\u015f\u0131ld\u0131. \u0130ran&#8217;\u0131n ABD ve \u0130srail [&hellip;]<\/p>\n","protected":false},"author":1,"featured_media":36103,"comment_status":"open","ping_status":"open","sticky":false,"template":"","format":"standard","meta":{"jnews-multi-image_gallery":[],"jnews_single_post":[],"jnews_primary_category":[],"jnews_social_meta":[],"jnews_override_counter":[],"footnotes":""},"categories":[1],"tags":[],"class_list":["post-36102","post","type-post","status-publish","format-standard","has-post-thumbnail","hentry","category-kibris"],"yoast_head":"<!-- This site is optimized with the Yoast SEO plugin v27.5 - https:\/\/yoast.com\/product\/yoast-seo-wordpress\/ -->\n<title>Umman\u2019da Palau bayrakl\u0131 petrol tankeri sald\u0131r\u0131ya u\u011frad\u0131 - Kuzeyin Sesi<\/title>\n<meta name=\"robots\" content=\"index, follow, max-snippet:-1, max-image-preview:large, max-video-preview:-1\" \/>\n<link rel=\"canonical\" href=\"https:\/\/kuzeyinsesi.org\/index.php\/2026\/03\/01\/ummanda-palau-bayrakli-petrol-tankeri-saldiriya-ugradi\/\" \/>\n<meta property=\"og:locale\" content=\"tr_TR\" \/>\n<meta property=\"og:type\" content=\"article\" \/>\n<meta property=\"og:title\" content=\"Umman\u2019da Palau bayrakl\u0131 petrol tankeri sald\u0131r\u0131ya u\u011frad\u0131 - Kuzeyin Sesi\" \/>\n<meta property=\"og:description\" content=\"Umman Deniz G\u00fcvenli\u011fi Merkezi, konuya ili\u015fkin ABD merkezli X \u015firketinin sosyal medya platformundan yapt\u0131\u011f\u0131 a\u00e7\u0131klamada, geminin liman\u0131n 5 mil kuzeyinde hedef al\u0131nd\u0131\u011f\u0131n\u0131 belirtti. A\u00e7\u0131klamada, gemide bulunan 20 m\u00fcrettebattan tamam\u0131n\u0131n tahliye edildi\u011fi, d\u00f6rt ki\u015finin yaraland\u0131\u011f\u0131 ve tedavi alt\u0131na al\u0131nd\u0131\u011f\u0131 aktar\u0131ld\u0131. M\u00fcrettebattan 15 ki\u015finin Hindistan, 5 ki\u015finin ise \u0130ran vatanda\u015f\u0131 oldu\u011fu bilgisi payla\u015f\u0131ld\u0131. \u0130ran&#8217;\u0131n ABD ve \u0130srail [&hellip;]\" \/>\n<meta property=\"og:url\" content=\"https:\/\/kuzeyinsesi.org\/index.php\/2026\/03\/01\/ummanda-palau-bayrakli-petrol-tankeri-saldiriya-ugradi\/\" \/>\n<meta property=\"og:site_name\" content=\"Kuzeyin Sesi\" \/>\n<meta property=\"article:publisher\" content=\"https:\/\/www.facebook.com\/kuzeyinsesii\" \/>\n<meta property=\"article:published_time\" content=\"2026-03-01T10:39:38+00:00\" \/>\n<meta name=\"author\" content=\"Kuzeyin Sesi\" \/>\n<meta name=\"twitter:card\" content=\"summary_large_image\" \/>\n<meta name=\"twitter:creator\" content=\"@kuzeyinsesii\" \/>\n<meta name=\"twitter:site\" content=\"@kuzeyinsesii\" \/>\n<meta name=\"twitter:label1\" content=\"Yazan:\" \/>\n\t<meta name=\"twitter:data1\" content=\"Kuzeyin Sesi\" \/>\n\t<meta name=\"twitter:label2\" content=\"Tahmini okuma s\u00fcresi\" \/>\n\t<meta name=\"twitter:data2\" content=\"1 dakika\" \/>\n<script type=\"application\/ld+json\" class=\"yoast-schema-graph\">{\"@context\":\"https:\\\/\\\/schema.org\",\"@graph\":[{\"@type\":\"Article\",\"@id\":\"https:\\\/\\\/kuzeyinsesi.org\\\/index.php\\\/2026\\\/03\\\/01\\\/ummanda-palau-bayrakli-petrol-tankeri-saldiriya-ugradi\\\/#article\",\"isPartOf\":{\"@id\":\"https:\\\/\\\/kuzeyinsesi.org\\\/index.php\\\/2026\\\/03\\\/01\\\/ummanda-palau-bayrakli-petrol-tankeri-saldiriya-ugradi\\\/\"},\"author\":{\"name\":\"Kuzeyin Sesi\",\"@id\":\"https:\\\/\\\/kuzeyinsesi.org\\\/#\\\/schema\\\/person\\\/9f859689cdf01485597712386e37f5aa\"},\"headline\":\"Umman\u2019da Palau bayrakl\u0131 petrol tankeri sald\u0131r\u0131ya u\u011frad\u0131\",\"datePublished\":\"2026-03-01T10:39:38+00:00\",\"mainEntityOfPage\":{\"@id\":\"https:\\\/\\\/kuzeyinsesi.org\\\/index.php\\\/2026\\\/03\\\/01\\\/ummanda-palau-bayrakli-petrol-tankeri-saldiriya-ugradi\\\/\"},\"wordCount\":135,\"commentCount\":0,\"image\":{\"@id\":\"https:\\\/\\\/kuzeyinsesi.org\\\/index.php\\\/2026\\\/03\\\/01\\\/ummanda-palau-bayrakli-petrol-tankeri-saldiriya-ugradi\\\/#primaryimage\"},\"thumbnailUrl\":\"https:\\\/\\\/kuzeyinsesi.org\\\/wp-content\\\/uploads\\\/2026\\\/03\\\/1772357457796thumbs_b_c_dfe6106ceb31b72b359f798e1eb54c5b.jpg\",\"articleSection\":[\"K\u0131br\u0131s\"],\"inLanguage\":\"tr\",\"potentialAction\":[{\"@type\":\"CommentAction\",\"name\":\"Comment\",\"target\":[\"https:\\\/\\\/kuzeyinsesi.org\\\/index.php\\\/2026\\\/03\\\/01\\\/ummanda-palau-bayrakli-petrol-tankeri-saldiriya-ugradi\\\/#respond\"]}]},{\"@type\":\"WebPage\",\"@id\":\"https:\\\/\\\/kuzeyinsesi.org\\\/index.php\\\/2026\\\/03\\\/01\\\/ummanda-palau-bayrakli-petrol-tankeri-saldiriya-ugradi\\\/\",\"url\":\"https:\\\/\\\/kuzeyinsesi.org\\\/index.php\\\/2026\\\/03\\\/01\\\/ummanda-palau-bayrakli-petrol-tankeri-saldiriya-ugradi\\\/\",\"name\":\"Umman\u2019da Palau bayrakl\u0131 petrol tankeri sald\u0131r\u0131ya u\u011frad\u0131 - Kuzeyin Sesi\",\"isPartOf\":{\"@id\":\"https:\\\/\\\/kuzeyinsesi.org\\\/#website\"},\"primaryImageOfPage\":{\"@id\":\"https:\\\/\\\/kuzeyinsesi.org\\\/index.php\\\/2026\\\/03\\\/01\\\/ummanda-palau-bayrakli-petrol-tankeri-saldiriya-ugradi\\\/#primaryimage\"},\"image\":{\"@id\":\"https:\\\/\\\/kuzeyinsesi.org\\\/index.php\\\/2026\\\/03\\\/01\\\/ummanda-palau-bayrakli-petrol-tankeri-saldiriya-ugradi\\\/#primaryimage\"},\"thumbnailUrl\":\"https:\\\/\\\/kuzeyinsesi.org\\\/wp-content\\\/uploads\\\/2026\\\/03\\\/1772357457796thumbs_b_c_dfe6106ceb31b72b359f798e1eb54c5b.jpg\",\"datePublished\":\"2026-03-01T10:39:38+00:00\",\"author\":{\"@id\":\"https:\\\/\\\/kuzeyinsesi.org\\\/#\\\/schema\\\/person\\\/9f859689cdf01485597712386e37f5aa\"},\"breadcrumb\":{\"@id\":\"https:\\\/\\\/kuzeyinsesi.org\\\/index.php\\\/2026\\\/03\\\/01\\\/ummanda-palau-bayrakli-petrol-tankeri-saldiriya-ugradi\\\/#breadcrumb\"},\"inLanguage\":\"tr\",\"potentialAction\":[{\"@type\":\"ReadAction\",\"target\":[\"https:\\\/\\\/kuzeyinsesi.org\\\/index.php\\\/2026\\\/03\\\/01\\\/ummanda-palau-bayrakli-petrol-tankeri-saldiriya-ugradi\\\/\"]}]},{\"@type\":\"ImageObject\",\"inLanguage\":\"tr\",\"@id\":\"https:\\\/\\\/kuzeyinsesi.org\\\/index.php\\\/2026\\\/03\\\/01\\\/ummanda-palau-bayrakli-petrol-tankeri-saldiriya-ugradi\\\/#primaryimage\",\"url\":\"https:\\\/\\\/kuzeyinsesi.org\\\/wp-content\\\/uploads\\\/2026\\\/03\\\/1772357457796thumbs_b_c_dfe6106ceb31b72b359f798e1eb54c5b.jpg\",\"contentUrl\":\"https:\\\/\\\/kuzeyinsesi.org\\\/wp-content\\\/uploads\\\/2026\\\/03\\\/1772357457796thumbs_b_c_dfe6106ceb31b72b359f798e1eb54c5b.jpg\",\"width\":864,\"height\":486},{\"@type\":\"BreadcrumbList\",\"@id\":\"https:\\\/\\\/kuzeyinsesi.org\\\/index.php\\\/2026\\\/03\\\/01\\\/ummanda-palau-bayrakli-petrol-tankeri-saldiriya-ugradi\\\/#breadcrumb\",\"itemListElement\":[{\"@type\":\"ListItem\",\"position\":1,\"name\":\"Anasayfa\",\"item\":\"https:\\\/\\\/kuzeyinsesi.org\\\/\"},{\"@type\":\"ListItem\",\"position\":2,\"name\":\"Umman\u2019da Palau bayrakl\u0131 petrol tankeri sald\u0131r\u0131ya u\u011frad\u0131\"}]},{\"@type\":\"WebSite\",\"@id\":\"https:\\\/\\\/kuzeyinsesi.org\\\/#website\",\"url\":\"https:\\\/\\\/kuzeyinsesi.org\\\/\",\"name\":\"Kuzeyin Sesi\",\"description\":\"Do\u011fru Haberin Adresi\",\"potentialAction\":[{\"@type\":\"SearchAction\",\"target\":{\"@type\":\"EntryPoint\",\"urlTemplate\":\"https:\\\/\\\/kuzeyinsesi.org\\\/?s={search_term_string}\"},\"query-input\":{\"@type\":\"PropertyValueSpecification\",\"valueRequired\":true,\"valueName\":\"search_term_string\"}}],\"inLanguage\":\"tr\"},{\"@type\":\"Person\",\"@id\":\"https:\\\/\\\/kuzeyinsesi.org\\\/#\\\/schema\\\/person\\\/9f859689cdf01485597712386e37f5aa\",\"name\":\"Kuzeyin Sesi\",\"image\":{\"@type\":\"ImageObject\",\"inLanguage\":\"tr\",\"@id\":\"https:\\\/\\\/secure.gravatar.com\\\/avatar\\\/bab33852abfd8b282518d6ed81826833d77c3c882d9ab608add591ccace47a44?s=96&d=mm&r=g\",\"url\":\"https:\\\/\\\/secure.gravatar.com\\\/avatar\\\/bab33852abfd8b282518d6ed81826833d77c3c882d9ab608add591ccace47a44?s=96&d=mm&r=g\",\"contentUrl\":\"https:\\\/\\\/secure.gravatar.com\\\/avatar\\\/bab33852abfd8b282518d6ed81826833d77c3c882d9ab608add591ccace47a44?s=96&d=mm&r=g\",\"caption\":\"Kuzeyin Sesi\"},\"sameAs\":[\"https:\\\/\\\/kuzeyinsesi.org\"],\"url\":\"https:\\\/\\\/kuzeyinsesi.org\\\/index.php\\\/author\\\/guven\\\/\"}]}<\/script>\n<!-- \/ Yoast SEO plugin. -->","yoast_head_json":{"title":"Umman\u2019da Palau bayrakl\u0131 petrol tankeri sald\u0131r\u0131ya u\u011frad\u0131 - Kuzeyin Sesi","robots":{"index":"index","follow":"follow","max-snippet":"max-snippet:-1","max-image-preview":"max-image-preview:large","max-video-preview":"max-video-preview:-1"},"canonical":"https:\/\/kuzeyinsesi.org\/index.php\/2026\/03\/01\/ummanda-palau-bayrakli-petrol-tankeri-saldiriya-ugradi\/","og_locale":"tr_TR","og_type":"article","og_title":"Umman\u2019da Palau bayrakl\u0131 petrol tankeri sald\u0131r\u0131ya u\u011frad\u0131 - Kuzeyin Sesi","og_description":"Umman Deniz G\u00fcvenli\u011fi Merkezi, konuya ili\u015fkin ABD merkezli X \u015firketinin sosyal medya platformundan yapt\u0131\u011f\u0131 a\u00e7\u0131klamada, geminin liman\u0131n 5 mil kuzeyinde hedef al\u0131nd\u0131\u011f\u0131n\u0131 belirtti. A\u00e7\u0131klamada, gemide bulunan 20 m\u00fcrettebattan tamam\u0131n\u0131n tahliye edildi\u011fi, d\u00f6rt ki\u015finin yaraland\u0131\u011f\u0131 ve tedavi alt\u0131na al\u0131nd\u0131\u011f\u0131 aktar\u0131ld\u0131. M\u00fcrettebattan 15 ki\u015finin Hindistan, 5 ki\u015finin ise \u0130ran vatanda\u015f\u0131 oldu\u011fu bilgisi payla\u015f\u0131ld\u0131. \u0130ran&#8217;\u0131n ABD ve \u0130srail [&hellip;]","og_url":"https:\/\/kuzeyinsesi.org\/index.php\/2026\/03\/01\/ummanda-palau-bayrakli-petrol-tankeri-saldiriya-ugradi\/","og_site_name":"Kuzeyin Sesi","article_publisher":"https:\/\/www.facebook.com\/kuzeyinsesii","article_published_time":"2026-03-01T10:39:38+00:00","author":"Kuzeyin Sesi","twitter_card":"summary_large_image","twitter_creator":"@kuzeyinsesii","twitter_site":"@kuzeyinsesii","twitter_misc":{"Yazan:":"Kuzeyin Sesi","Tahmini okuma s\u00fcresi":"1 dakika"},"schema":{"@context":"https:\/\/schema.org","@graph":[{"@type":"Article","@id":"https:\/\/kuzeyinsesi.org\/index.php\/2026\/03\/01\/ummanda-palau-bayrakli-petrol-tankeri-saldiriya-ugradi\/#article","isPartOf":{"@id":"https:\/\/kuzeyinsesi.org\/index.php\/2026\/03\/01\/ummanda-palau-bayrakli-petrol-tankeri-saldiriya-ugradi\/"},"author":{"name":"Kuzeyin Sesi","@id":"https:\/\/kuzeyinsesi.org\/#\/schema\/person\/9f859689cdf01485597712386e37f5aa"},"headline":"Umman\u2019da Palau bayrakl\u0131 petrol tankeri sald\u0131r\u0131ya u\u011frad\u0131","datePublished":"2026-03-01T10:39:38+00:00","mainEntityOfPage":{"@id":"https:\/\/kuzeyinsesi.org\/index.php\/2026\/03\/01\/ummanda-palau-bayrakli-petrol-tankeri-saldiriya-ugradi\/"},"wordCount":135,"commentCount":0,"image":{"@id":"https:\/\/kuzeyinsesi.org\/index.php\/2026\/03\/01\/ummanda-palau-bayrakli-petrol-tankeri-saldiriya-ugradi\/#primaryimage"},"thumbnailUrl":"https:\/\/kuzeyinsesi.org\/wp-content\/uploads\/2026\/03\/1772357457796thumbs_b_c_dfe6106ceb31b72b359f798e1eb54c5b.jpg","articleSection":["K\u0131br\u0131s"],"inLanguage":"tr","potentialAction":[{"@type":"CommentAction","name":"Comment","target":["https:\/\/kuzeyinsesi.org\/index.php\/2026\/03\/01\/ummanda-palau-bayrakli-petrol-tankeri-saldiriya-ugradi\/#respond"]}]},{"@type":"WebPage","@id":"https:\/\/kuzeyinsesi.org\/index.php\/2026\/03\/01\/ummanda-palau-bayrakli-petrol-tankeri-saldiriya-ugradi\/","url":"https:\/\/kuzeyinsesi.org\/index.php\/2026\/03\/01\/ummanda-palau-bayrakli-petrol-tankeri-saldiriya-ugradi\/","name":"Umman\u2019da Palau bayrakl\u0131 petrol tankeri sald\u0131r\u0131ya u\u011frad\u0131 - Kuzeyin Sesi","isPartOf":{"@id":"https:\/\/kuzeyinsesi.org\/#website"},"primaryImageOfPage":{"@id":"https:\/\/kuzeyinsesi.org\/index.php\/2026\/03\/01\/ummanda-palau-bayrakli-petrol-tankeri-saldiriya-ugradi\/#primaryimage"},"image":{"@id":"https:\/\/kuzeyinsesi.org\/index.php\/2026\/03\/01\/ummanda-palau-bayrakli-petrol-tankeri-saldiriya-ugradi\/#primaryimage"},"thumbnailUrl":"https:\/\/kuzeyinsesi.org\/wp-content\/uploads\/2026\/03\/1772357457796thumbs_b_c_dfe6106ceb31b72b359f798e1eb54c5b.jpg","datePublished":"2026-03-01T10:39:38+00:00","author":{"@id":"https:\/\/kuzeyinsesi.org\/#\/schema\/person\/9f859689cdf01485597712386e37f5aa"},"breadcrumb":{"@id":"https:\/\/kuzeyinsesi.org\/index.php\/2026\/03\/01\/ummanda-palau-bayrakli-petrol-tankeri-saldiriya-ugradi\/#breadcrumb"},"inLanguage":"tr","potentialAction":[{"@type":"ReadAction","target":["https:\/\/kuzeyinsesi.org\/index.php\/2026\/03\/01\/ummanda-palau-bayrakli-petrol-tankeri-saldiriya-ugradi\/"]}]},{"@type":"ImageObject","inLanguage":"tr","@id":"https:\/\/kuzeyinsesi.org\/index.php\/2026\/03\/01\/ummanda-palau-bayrakli-petrol-tankeri-saldiriya-ugradi\/#primaryimage","url":"https:\/\/kuzeyinsesi.org\/wp-content\/uploads\/2026\/03\/1772357457796thumbs_b_c_dfe6106ceb31b72b359f798e1eb54c5b.jpg","contentUrl":"https:\/\/kuzeyinsesi.org\/wp-content\/uploads\/2026\/03\/1772357457796thumbs_b_c_dfe6106ceb31b72b359f798e1eb54c5b.jpg","width":864,"height":486},{"@type":"BreadcrumbList","@id":"https:\/\/kuzeyinsesi.org\/index.php\/2026\/03\/01\/ummanda-palau-bayrakli-petrol-tankeri-saldiriya-ugradi\/#breadcrumb","itemListElement":[{"@type":"ListItem","position":1,"name":"Anasayfa","item":"https:\/\/kuzeyinsesi.org\/"},{"@type":"ListItem","position":2,"name":"Umman\u2019da Palau bayrakl\u0131 petrol tankeri sald\u0131r\u0131ya u\u011frad\u0131"}]},{"@type":"WebSite","@id":"https:\/\/kuzeyinsesi.org\/#website","url":"https:\/\/kuzeyinsesi.org\/","name":"Kuzeyin Sesi","description":"Do\u011fru Haberin Adresi","potentialAction":[{"@type":"SearchAction","target":{"@type":"EntryPoint","urlTemplate":"https:\/\/kuzeyinsesi.org\/?s={search_term_string}"},"query-input":{"@type":"PropertyValueSpecification","valueRequired":true,"valueName":"search_term_string"}}],"inLanguage":"tr"},{"@type":"Person","@id":"https:\/\/kuzeyinsesi.org\/#\/schema\/person\/9f859689cdf01485597712386e37f5aa","name":"Kuzeyin Sesi","image":{"@type":"ImageObject","inLanguage":"tr","@id":"https:\/\/secure.gravatar.com\/avatar\/bab33852abfd8b282518d6ed81826833d77c3c882d9ab608add591ccace47a44?s=96&d=mm&r=g","url":"https:\/\/secure.gravatar.com\/avatar\/bab33852abfd8b282518d6ed81826833d77c3c882d9ab608add591ccace47a44?s=96&d=mm&r=g","contentUrl":"https:\/\/secure.gravatar.com\/avatar\/bab33852abfd8b282518d6ed81826833d77c3c882d9ab608add591ccace47a44?s=96&d=mm&r=g","caption":"Kuzeyin Sesi"},"sameAs":["https:\/\/kuzeyinsesi.org"],"url":"https:\/\/kuzeyinsesi.org\/index.php\/author\/guven\/"}]}},"_links":{"self":[{"href":"https:\/\/kuzeyinsesi.org\/index.php\/wp-json\/wp\/v2\/posts\/36102","targetHints":{"allow":["GET"]}}],"collection":[{"href":"https:\/\/kuzeyinsesi.org\/index.php\/wp-json\/wp\/v2\/posts"}],"about":[{"href":"https:\/\/kuzeyinsesi.org\/index.php\/wp-json\/wp\/v2\/types\/post"}],"author":[{"embeddable":true,"href":"https:\/\/kuzeyinsesi.org\/index.php\/wp-json\/wp\/v2\/users\/1"}],"replies":[{"embeddable":true,"href":"https:\/\/kuzeyinsesi.org\/index.php\/wp-json\/wp\/v2\/comments?post=36102"}],"version-history":[{"count":0,"href":"https:\/\/kuzeyinsesi.org\/index.php\/wp-json\/wp\/v2\/posts\/36102\/revisions"}],"wp:featuredmedia":[{"embeddable":true,"href":"https:\/\/kuzeyinsesi.org\/index.php\/wp-json\/wp\/v2\/media\/36103"}],"wp:attachment":[{"href":"https:\/\/kuzeyinsesi.org\/index.php\/wp-json\/wp\/v2\/media?parent=36102"}],"wp:term":[{"taxonomy":"category","embeddable":true,"href":"https:\/\/kuzeyinsesi.org\/index.php\/wp-json\/wp\/v2\/categories?post=36102"},{"taxonomy":"post_tag","embeddable":true,"href":"https:\/\/kuzeyinsesi.org\/index.php\/wp-json\/wp\/v2\/tags?post=36102"}],"curies":[{"name":"wp","href":"https:\/\/api.w.org\/{rel}","templated":true}]}}