{"id":36100,"date":"2026-03-01T12:34:05","date_gmt":"2026-03-01T10:34:05","guid":{"rendered":"https:\/\/kuzeyinsesi.org\/index.php\/2026\/03\/01\/hamaneyin-intikamini-almayi-gorev-ve-mesru-bir-hak-olarak-goruyoruz\/"},"modified":"2026-03-01T12:34:05","modified_gmt":"2026-03-01T10:34:05","slug":"hamaneyin-intikamini-almayi-gorev-ve-mesru-bir-hak-olarak-goruyoruz","status":"publish","type":"post","link":"https:\/\/kuzeyinsesi.org\/index.php\/2026\/03\/01\/hamaneyin-intikamini-almayi-gorev-ve-mesru-bir-hak-olarak-goruyoruz\/","title":{"rendered":"Hamaney\u2019in intikam\u0131n\u0131 almay\u0131 g\u00f6rev ve me\u015fru bir hak olarak g\u00f6r\u00fcyoruz"},"content":{"rendered":"<p style=\"font-weight: 300\">Peze\u015fkiyan, Hamaney&#8217;in \u00f6l\u00fcm\u00fcne dair yay\u0131mlad\u0131\u011f\u0131 taziye mesaj\u0131nda, &#8220;\u0130slam \u00fcmmetinin b\u00fcy\u00fck komutan\u0131n\u0131n suikast\u0131, d\u00fcnyan\u0131n her yerindeki M\u00fcsl\u00fcmanlara, \u00f6zellikle \u015eiilere kar\u015f\u0131 a\u00e7\u0131k bir sava\u015ft\u0131r.&#8221; ifadelerini kulland\u0131.<\/p>\n<p style=\"font-weight: 300\">\u0130ran Cumhurba\u015fkan\u0131 &#8220;\u0130ran \u0130slam Cumhuriyeti, bu su\u00e7un faillerine ve komutanlar\u0131na kar\u015f\u0131 kan d\u00f6kmeyi ve intikam almay\u0131 g\u00f6revi ve me\u015fru hakk\u0131 olarak g\u00f6rmektedir.&#8221; dedi.<\/p>\n<p>Hamaney&#8217;in intikam\u0131n\u0131 almay\u0131 g\u00f6rev ve me\u015fru bir hak olarak g\u00f6r\u00fcyoruz yaz\u0131s\u0131 ilk \u00f6nce K\u0131br\u0131s Hakikat \u00fczerinde ortaya \u00e7\u0131kt\u0131.<\/p>\n","protected":false},"excerpt":{"rendered":"<p>Peze\u015fkiyan, Hamaney&#8217;in \u00f6l\u00fcm\u00fcne dair yay\u0131mlad\u0131\u011f\u0131 taziye mesaj\u0131nda, &#8220;\u0130slam \u00fcmmetinin b\u00fcy\u00fck komutan\u0131n\u0131n suikast\u0131, d\u00fcnyan\u0131n her yerindeki M\u00fcsl\u00fcmanlara, \u00f6zellikle \u015eiilere kar\u015f\u0131 a\u00e7\u0131k bir sava\u015ft\u0131r.&#8221; ifadelerini kulland\u0131. \u0130ran Cumhurba\u015fkan\u0131 &#8220;\u0130ran \u0130slam Cumhuriyeti, bu su\u00e7un faillerine ve komutanlar\u0131na kar\u015f\u0131 kan d\u00f6kmeyi ve intikam almay\u0131 g\u00f6revi ve me\u015fru hakk\u0131 olarak g\u00f6rmektedir.&#8221; dedi. Hamaney&#8217;in intikam\u0131n\u0131 almay\u0131 g\u00f6rev ve me\u015fru bir hak [&hellip;]<\/p>\n","protected":false},"author":1,"featured_media":36101,"comment_status":"open","ping_status":"open","sticky":false,"template":"","format":"standard","meta":{"jnews-multi-image_gallery":[],"jnews_single_post":[],"jnews_primary_category":[],"jnews_social_meta":[],"jnews_override_counter":[],"footnotes":""},"categories":[1],"tags":[],"class_list":["post-36100","post","type-post","status-publish","format-standard","has-post-thumbnail","hentry","category-kibris"],"yoast_head":"<!-- This site is optimized with the Yoast SEO plugin v27.5 - https:\/\/yoast.com\/product\/yoast-seo-wordpress\/ -->\n<title>Hamaney\u2019in intikam\u0131n\u0131 almay\u0131 g\u00f6rev ve me\u015fru bir hak olarak g\u00f6r\u00fcyoruz - Kuzeyin Sesi<\/title>\n<meta name=\"robots\" content=\"index, follow, max-snippet:-1, max-image-preview:large, max-video-preview:-1\" \/>\n<link rel=\"canonical\" href=\"https:\/\/kuzeyinsesi.org\/index.php\/2026\/03\/01\/hamaneyin-intikamini-almayi-gorev-ve-mesru-bir-hak-olarak-goruyoruz\/\" \/>\n<meta property=\"og:locale\" content=\"tr_TR\" \/>\n<meta property=\"og:type\" content=\"article\" \/>\n<meta property=\"og:title\" content=\"Hamaney\u2019in intikam\u0131n\u0131 almay\u0131 g\u00f6rev ve me\u015fru bir hak olarak g\u00f6r\u00fcyoruz - Kuzeyin Sesi\" \/>\n<meta property=\"og:description\" content=\"Peze\u015fkiyan, Hamaney&#8217;in \u00f6l\u00fcm\u00fcne dair yay\u0131mlad\u0131\u011f\u0131 taziye mesaj\u0131nda, &#8220;\u0130slam \u00fcmmetinin b\u00fcy\u00fck komutan\u0131n\u0131n suikast\u0131, d\u00fcnyan\u0131n her yerindeki M\u00fcsl\u00fcmanlara, \u00f6zellikle \u015eiilere kar\u015f\u0131 a\u00e7\u0131k bir sava\u015ft\u0131r.&#8221; ifadelerini kulland\u0131. \u0130ran Cumhurba\u015fkan\u0131 &#8220;\u0130ran \u0130slam Cumhuriyeti, bu su\u00e7un faillerine ve komutanlar\u0131na kar\u015f\u0131 kan d\u00f6kmeyi ve intikam almay\u0131 g\u00f6revi ve me\u015fru hakk\u0131 olarak g\u00f6rmektedir.&#8221; dedi. Hamaney&#8217;in intikam\u0131n\u0131 almay\u0131 g\u00f6rev ve me\u015fru bir hak [&hellip;]\" \/>\n<meta property=\"og:url\" content=\"https:\/\/kuzeyinsesi.org\/index.php\/2026\/03\/01\/hamaneyin-intikamini-almayi-gorev-ve-mesru-bir-hak-olarak-goruyoruz\/\" \/>\n<meta property=\"og:site_name\" content=\"Kuzeyin Sesi\" \/>\n<meta property=\"article:publisher\" content=\"https:\/\/www.facebook.com\/kuzeyinsesii\" \/>\n<meta property=\"article:published_time\" content=\"2026-03-01T10:34:05+00:00\" \/>\n<meta name=\"author\" content=\"Kuzeyin Sesi\" \/>\n<meta name=\"twitter:card\" content=\"summary_large_image\" \/>\n<meta name=\"twitter:creator\" content=\"@kuzeyinsesii\" \/>\n<meta name=\"twitter:site\" content=\"@kuzeyinsesii\" \/>\n<meta name=\"twitter:label1\" content=\"Yazan:\" \/>\n\t<meta name=\"twitter:data1\" content=\"Kuzeyin Sesi\" \/>\n<script type=\"application\/ld+json\" class=\"yoast-schema-graph\">{\"@context\":\"https:\\\/\\\/schema.org\",\"@graph\":[{\"@type\":\"Article\",\"@id\":\"https:\\\/\\\/kuzeyinsesi.org\\\/index.php\\\/2026\\\/03\\\/01\\\/hamaneyin-intikamini-almayi-gorev-ve-mesru-bir-hak-olarak-goruyoruz\\\/#article\",\"isPartOf\":{\"@id\":\"https:\\\/\\\/kuzeyinsesi.org\\\/index.php\\\/2026\\\/03\\\/01\\\/hamaneyin-intikamini-almayi-gorev-ve-mesru-bir-hak-olarak-goruyoruz\\\/\"},\"author\":{\"name\":\"Kuzeyin Sesi\",\"@id\":\"https:\\\/\\\/kuzeyinsesi.org\\\/#\\\/schema\\\/person\\\/9f859689cdf01485597712386e37f5aa\"},\"headline\":\"Hamaney\u2019in intikam\u0131n\u0131 almay\u0131 g\u00f6rev ve me\u015fru bir hak olarak g\u00f6r\u00fcyoruz\",\"datePublished\":\"2026-03-01T10:34:05+00:00\",\"mainEntityOfPage\":{\"@id\":\"https:\\\/\\\/kuzeyinsesi.org\\\/index.php\\\/2026\\\/03\\\/01\\\/hamaneyin-intikamini-almayi-gorev-ve-mesru-bir-hak-olarak-goruyoruz\\\/\"},\"wordCount\":114,\"commentCount\":0,\"image\":{\"@id\":\"https:\\\/\\\/kuzeyinsesi.org\\\/index.php\\\/2026\\\/03\\\/01\\\/hamaneyin-intikamini-almayi-gorev-ve-mesru-bir-hak-olarak-goruyoruz\\\/#primaryimage\"},\"thumbnailUrl\":\"https:\\\/\\\/kuzeyinsesi.org\\\/wp-content\\\/uploads\\\/2026\\\/03\\\/1772357696499thumbs_b_c_71ee7a667c8768938a81e2de6dd788d2.jpg\",\"articleSection\":[\"K\u0131br\u0131s\"],\"inLanguage\":\"tr\",\"potentialAction\":[{\"@type\":\"CommentAction\",\"name\":\"Comment\",\"target\":[\"https:\\\/\\\/kuzeyinsesi.org\\\/index.php\\\/2026\\\/03\\\/01\\\/hamaneyin-intikamini-almayi-gorev-ve-mesru-bir-hak-olarak-goruyoruz\\\/#respond\"]}]},{\"@type\":\"WebPage\",\"@id\":\"https:\\\/\\\/kuzeyinsesi.org\\\/index.php\\\/2026\\\/03\\\/01\\\/hamaneyin-intikamini-almayi-gorev-ve-mesru-bir-hak-olarak-goruyoruz\\\/\",\"url\":\"https:\\\/\\\/kuzeyinsesi.org\\\/index.php\\\/2026\\\/03\\\/01\\\/hamaneyin-intikamini-almayi-gorev-ve-mesru-bir-hak-olarak-goruyoruz\\\/\",\"name\":\"Hamaney\u2019in intikam\u0131n\u0131 almay\u0131 g\u00f6rev ve me\u015fru bir hak olarak g\u00f6r\u00fcyoruz - Kuzeyin Sesi\",\"isPartOf\":{\"@id\":\"https:\\\/\\\/kuzeyinsesi.org\\\/#website\"},\"primaryImageOfPage\":{\"@id\":\"https:\\\/\\\/kuzeyinsesi.org\\\/index.php\\\/2026\\\/03\\\/01\\\/hamaneyin-intikamini-almayi-gorev-ve-mesru-bir-hak-olarak-goruyoruz\\\/#primaryimage\"},\"image\":{\"@id\":\"https:\\\/\\\/kuzeyinsesi.org\\\/index.php\\\/2026\\\/03\\\/01\\\/hamaneyin-intikamini-almayi-gorev-ve-mesru-bir-hak-olarak-goruyoruz\\\/#primaryimage\"},\"thumbnailUrl\":\"https:\\\/\\\/kuzeyinsesi.org\\\/wp-content\\\/uploads\\\/2026\\\/03\\\/1772357696499thumbs_b_c_71ee7a667c8768938a81e2de6dd788d2.jpg\",\"datePublished\":\"2026-03-01T10:34:05+00:00\",\"author\":{\"@id\":\"https:\\\/\\\/kuzeyinsesi.org\\\/#\\\/schema\\\/person\\\/9f859689cdf01485597712386e37f5aa\"},\"breadcrumb\":{\"@id\":\"https:\\\/\\\/kuzeyinsesi.org\\\/index.php\\\/2026\\\/03\\\/01\\\/hamaneyin-intikamini-almayi-gorev-ve-mesru-bir-hak-olarak-goruyoruz\\\/#breadcrumb\"},\"inLanguage\":\"tr\",\"potentialAction\":[{\"@type\":\"ReadAction\",\"target\":[\"https:\\\/\\\/kuzeyinsesi.org\\\/index.php\\\/2026\\\/03\\\/01\\\/hamaneyin-intikamini-almayi-gorev-ve-mesru-bir-hak-olarak-goruyoruz\\\/\"]}]},{\"@type\":\"ImageObject\",\"inLanguage\":\"tr\",\"@id\":\"https:\\\/\\\/kuzeyinsesi.org\\\/index.php\\\/2026\\\/03\\\/01\\\/hamaneyin-intikamini-almayi-gorev-ve-mesru-bir-hak-olarak-goruyoruz\\\/#primaryimage\",\"url\":\"https:\\\/\\\/kuzeyinsesi.org\\\/wp-content\\\/uploads\\\/2026\\\/03\\\/1772357696499thumbs_b_c_71ee7a667c8768938a81e2de6dd788d2.jpg\",\"contentUrl\":\"https:\\\/\\\/kuzeyinsesi.org\\\/wp-content\\\/uploads\\\/2026\\\/03\\\/1772357696499thumbs_b_c_71ee7a667c8768938a81e2de6dd788d2.jpg\",\"width\":864,\"height\":486},{\"@type\":\"BreadcrumbList\",\"@id\":\"https:\\\/\\\/kuzeyinsesi.org\\\/index.php\\\/2026\\\/03\\\/01\\\/hamaneyin-intikamini-almayi-gorev-ve-mesru-bir-hak-olarak-goruyoruz\\\/#breadcrumb\",\"itemListElement\":[{\"@type\":\"ListItem\",\"position\":1,\"name\":\"Anasayfa\",\"item\":\"https:\\\/\\\/kuzeyinsesi.org\\\/\"},{\"@type\":\"ListItem\",\"position\":2,\"name\":\"Hamaney\u2019in intikam\u0131n\u0131 almay\u0131 g\u00f6rev ve me\u015fru bir hak olarak g\u00f6r\u00fcyoruz\"}]},{\"@type\":\"WebSite\",\"@id\":\"https:\\\/\\\/kuzeyinsesi.org\\\/#website\",\"url\":\"https:\\\/\\\/kuzeyinsesi.org\\\/\",\"name\":\"Kuzeyin Sesi\",\"description\":\"Do\u011fru Haberin Adresi\",\"potentialAction\":[{\"@type\":\"SearchAction\",\"target\":{\"@type\":\"EntryPoint\",\"urlTemplate\":\"https:\\\/\\\/kuzeyinsesi.org\\\/?s={search_term_string}\"},\"query-input\":{\"@type\":\"PropertyValueSpecification\",\"valueRequired\":true,\"valueName\":\"search_term_string\"}}],\"inLanguage\":\"tr\"},{\"@type\":\"Person\",\"@id\":\"https:\\\/\\\/kuzeyinsesi.org\\\/#\\\/schema\\\/person\\\/9f859689cdf01485597712386e37f5aa\",\"name\":\"Kuzeyin Sesi\",\"image\":{\"@type\":\"ImageObject\",\"inLanguage\":\"tr\",\"@id\":\"https:\\\/\\\/secure.gravatar.com\\\/avatar\\\/bab33852abfd8b282518d6ed81826833d77c3c882d9ab608add591ccace47a44?s=96&d=mm&r=g\",\"url\":\"https:\\\/\\\/secure.gravatar.com\\\/avatar\\\/bab33852abfd8b282518d6ed81826833d77c3c882d9ab608add591ccace47a44?s=96&d=mm&r=g\",\"contentUrl\":\"https:\\\/\\\/secure.gravatar.com\\\/avatar\\\/bab33852abfd8b282518d6ed81826833d77c3c882d9ab608add591ccace47a44?s=96&d=mm&r=g\",\"caption\":\"Kuzeyin Sesi\"},\"sameAs\":[\"https:\\\/\\\/kuzeyinsesi.org\"],\"url\":\"https:\\\/\\\/kuzeyinsesi.org\\\/index.php\\\/author\\\/guven\\\/\"}]}<\/script>\n<!-- \/ Yoast SEO plugin. -->","yoast_head_json":{"title":"Hamaney\u2019in intikam\u0131n\u0131 almay\u0131 g\u00f6rev ve me\u015fru bir hak olarak g\u00f6r\u00fcyoruz - Kuzeyin Sesi","robots":{"index":"index","follow":"follow","max-snippet":"max-snippet:-1","max-image-preview":"max-image-preview:large","max-video-preview":"max-video-preview:-1"},"canonical":"https:\/\/kuzeyinsesi.org\/index.php\/2026\/03\/01\/hamaneyin-intikamini-almayi-gorev-ve-mesru-bir-hak-olarak-goruyoruz\/","og_locale":"tr_TR","og_type":"article","og_title":"Hamaney\u2019in intikam\u0131n\u0131 almay\u0131 g\u00f6rev ve me\u015fru bir hak olarak g\u00f6r\u00fcyoruz - Kuzeyin Sesi","og_description":"Peze\u015fkiyan, Hamaney&#8217;in \u00f6l\u00fcm\u00fcne dair yay\u0131mlad\u0131\u011f\u0131 taziye mesaj\u0131nda, &#8220;\u0130slam \u00fcmmetinin b\u00fcy\u00fck komutan\u0131n\u0131n suikast\u0131, d\u00fcnyan\u0131n her yerindeki M\u00fcsl\u00fcmanlara, \u00f6zellikle \u015eiilere kar\u015f\u0131 a\u00e7\u0131k bir sava\u015ft\u0131r.&#8221; ifadelerini kulland\u0131. \u0130ran Cumhurba\u015fkan\u0131 &#8220;\u0130ran \u0130slam Cumhuriyeti, bu su\u00e7un faillerine ve komutanlar\u0131na kar\u015f\u0131 kan d\u00f6kmeyi ve intikam almay\u0131 g\u00f6revi ve me\u015fru hakk\u0131 olarak g\u00f6rmektedir.&#8221; dedi. Hamaney&#8217;in intikam\u0131n\u0131 almay\u0131 g\u00f6rev ve me\u015fru bir hak [&hellip;]","og_url":"https:\/\/kuzeyinsesi.org\/index.php\/2026\/03\/01\/hamaneyin-intikamini-almayi-gorev-ve-mesru-bir-hak-olarak-goruyoruz\/","og_site_name":"Kuzeyin Sesi","article_publisher":"https:\/\/www.facebook.com\/kuzeyinsesii","article_published_time":"2026-03-01T10:34:05+00:00","author":"Kuzeyin Sesi","twitter_card":"summary_large_image","twitter_creator":"@kuzeyinsesii","twitter_site":"@kuzeyinsesii","twitter_misc":{"Yazan:":"Kuzeyin Sesi"},"schema":{"@context":"https:\/\/schema.org","@graph":[{"@type":"Article","@id":"https:\/\/kuzeyinsesi.org\/index.php\/2026\/03\/01\/hamaneyin-intikamini-almayi-gorev-ve-mesru-bir-hak-olarak-goruyoruz\/#article","isPartOf":{"@id":"https:\/\/kuzeyinsesi.org\/index.php\/2026\/03\/01\/hamaneyin-intikamini-almayi-gorev-ve-mesru-bir-hak-olarak-goruyoruz\/"},"author":{"name":"Kuzeyin Sesi","@id":"https:\/\/kuzeyinsesi.org\/#\/schema\/person\/9f859689cdf01485597712386e37f5aa"},"headline":"Hamaney\u2019in intikam\u0131n\u0131 almay\u0131 g\u00f6rev ve me\u015fru bir hak olarak g\u00f6r\u00fcyoruz","datePublished":"2026-03-01T10:34:05+00:00","mainEntityOfPage":{"@id":"https:\/\/kuzeyinsesi.org\/index.php\/2026\/03\/01\/hamaneyin-intikamini-almayi-gorev-ve-mesru-bir-hak-olarak-goruyoruz\/"},"wordCount":114,"commentCount":0,"image":{"@id":"https:\/\/kuzeyinsesi.org\/index.php\/2026\/03\/01\/hamaneyin-intikamini-almayi-gorev-ve-mesru-bir-hak-olarak-goruyoruz\/#primaryimage"},"thumbnailUrl":"https:\/\/kuzeyinsesi.org\/wp-content\/uploads\/2026\/03\/1772357696499thumbs_b_c_71ee7a667c8768938a81e2de6dd788d2.jpg","articleSection":["K\u0131br\u0131s"],"inLanguage":"tr","potentialAction":[{"@type":"CommentAction","name":"Comment","target":["https:\/\/kuzeyinsesi.org\/index.php\/2026\/03\/01\/hamaneyin-intikamini-almayi-gorev-ve-mesru-bir-hak-olarak-goruyoruz\/#respond"]}]},{"@type":"WebPage","@id":"https:\/\/kuzeyinsesi.org\/index.php\/2026\/03\/01\/hamaneyin-intikamini-almayi-gorev-ve-mesru-bir-hak-olarak-goruyoruz\/","url":"https:\/\/kuzeyinsesi.org\/index.php\/2026\/03\/01\/hamaneyin-intikamini-almayi-gorev-ve-mesru-bir-hak-olarak-goruyoruz\/","name":"Hamaney\u2019in intikam\u0131n\u0131 almay\u0131 g\u00f6rev ve me\u015fru bir hak olarak g\u00f6r\u00fcyoruz - Kuzeyin Sesi","isPartOf":{"@id":"https:\/\/kuzeyinsesi.org\/#website"},"primaryImageOfPage":{"@id":"https:\/\/kuzeyinsesi.org\/index.php\/2026\/03\/01\/hamaneyin-intikamini-almayi-gorev-ve-mesru-bir-hak-olarak-goruyoruz\/#primaryimage"},"image":{"@id":"https:\/\/kuzeyinsesi.org\/index.php\/2026\/03\/01\/hamaneyin-intikamini-almayi-gorev-ve-mesru-bir-hak-olarak-goruyoruz\/#primaryimage"},"thumbnailUrl":"https:\/\/kuzeyinsesi.org\/wp-content\/uploads\/2026\/03\/1772357696499thumbs_b_c_71ee7a667c8768938a81e2de6dd788d2.jpg","datePublished":"2026-03-01T10:34:05+00:00","author":{"@id":"https:\/\/kuzeyinsesi.org\/#\/schema\/person\/9f859689cdf01485597712386e37f5aa"},"breadcrumb":{"@id":"https:\/\/kuzeyinsesi.org\/index.php\/2026\/03\/01\/hamaneyin-intikamini-almayi-gorev-ve-mesru-bir-hak-olarak-goruyoruz\/#breadcrumb"},"inLanguage":"tr","potentialAction":[{"@type":"ReadAction","target":["https:\/\/kuzeyinsesi.org\/index.php\/2026\/03\/01\/hamaneyin-intikamini-almayi-gorev-ve-mesru-bir-hak-olarak-goruyoruz\/"]}]},{"@type":"ImageObject","inLanguage":"tr","@id":"https:\/\/kuzeyinsesi.org\/index.php\/2026\/03\/01\/hamaneyin-intikamini-almayi-gorev-ve-mesru-bir-hak-olarak-goruyoruz\/#primaryimage","url":"https:\/\/kuzeyinsesi.org\/wp-content\/uploads\/2026\/03\/1772357696499thumbs_b_c_71ee7a667c8768938a81e2de6dd788d2.jpg","contentUrl":"https:\/\/kuzeyinsesi.org\/wp-content\/uploads\/2026\/03\/1772357696499thumbs_b_c_71ee7a667c8768938a81e2de6dd788d2.jpg","width":864,"height":486},{"@type":"BreadcrumbList","@id":"https:\/\/kuzeyinsesi.org\/index.php\/2026\/03\/01\/hamaneyin-intikamini-almayi-gorev-ve-mesru-bir-hak-olarak-goruyoruz\/#breadcrumb","itemListElement":[{"@type":"ListItem","position":1,"name":"Anasayfa","item":"https:\/\/kuzeyinsesi.org\/"},{"@type":"ListItem","position":2,"name":"Hamaney\u2019in intikam\u0131n\u0131 almay\u0131 g\u00f6rev ve me\u015fru bir hak olarak g\u00f6r\u00fcyoruz"}]},{"@type":"WebSite","@id":"https:\/\/kuzeyinsesi.org\/#website","url":"https:\/\/kuzeyinsesi.org\/","name":"Kuzeyin Sesi","description":"Do\u011fru Haberin Adresi","potentialAction":[{"@type":"SearchAction","target":{"@type":"EntryPoint","urlTemplate":"https:\/\/kuzeyinsesi.org\/?s={search_term_string}"},"query-input":{"@type":"PropertyValueSpecification","valueRequired":true,"valueName":"search_term_string"}}],"inLanguage":"tr"},{"@type":"Person","@id":"https:\/\/kuzeyinsesi.org\/#\/schema\/person\/9f859689cdf01485597712386e37f5aa","name":"Kuzeyin Sesi","image":{"@type":"ImageObject","inLanguage":"tr","@id":"https:\/\/secure.gravatar.com\/avatar\/bab33852abfd8b282518d6ed81826833d77c3c882d9ab608add591ccace47a44?s=96&d=mm&r=g","url":"https:\/\/secure.gravatar.com\/avatar\/bab33852abfd8b282518d6ed81826833d77c3c882d9ab608add591ccace47a44?s=96&d=mm&r=g","contentUrl":"https:\/\/secure.gravatar.com\/avatar\/bab33852abfd8b282518d6ed81826833d77c3c882d9ab608add591ccace47a44?s=96&d=mm&r=g","caption":"Kuzeyin Sesi"},"sameAs":["https:\/\/kuzeyinsesi.org"],"url":"https:\/\/kuzeyinsesi.org\/index.php\/author\/guven\/"}]}},"_links":{"self":[{"href":"https:\/\/kuzeyinsesi.org\/index.php\/wp-json\/wp\/v2\/posts\/36100","targetHints":{"allow":["GET"]}}],"collection":[{"href":"https:\/\/kuzeyinsesi.org\/index.php\/wp-json\/wp\/v2\/posts"}],"about":[{"href":"https:\/\/kuzeyinsesi.org\/index.php\/wp-json\/wp\/v2\/types\/post"}],"author":[{"embeddable":true,"href":"https:\/\/kuzeyinsesi.org\/index.php\/wp-json\/wp\/v2\/users\/1"}],"replies":[{"embeddable":true,"href":"https:\/\/kuzeyinsesi.org\/index.php\/wp-json\/wp\/v2\/comments?post=36100"}],"version-history":[{"count":0,"href":"https:\/\/kuzeyinsesi.org\/index.php\/wp-json\/wp\/v2\/posts\/36100\/revisions"}],"wp:featuredmedia":[{"embeddable":true,"href":"https:\/\/kuzeyinsesi.org\/index.php\/wp-json\/wp\/v2\/media\/36101"}],"wp:attachment":[{"href":"https:\/\/kuzeyinsesi.org\/index.php\/wp-json\/wp\/v2\/media?parent=36100"}],"wp:term":[{"taxonomy":"category","embeddable":true,"href":"https:\/\/kuzeyinsesi.org\/index.php\/wp-json\/wp\/v2\/categories?post=36100"},{"taxonomy":"post_tag","embeddable":true,"href":"https:\/\/kuzeyinsesi.org\/index.php\/wp-json\/wp\/v2\/tags?post=36100"}],"curies":[{"name":"wp","href":"https:\/\/api.w.org\/{rel}","templated":true}]}}