{"id":36098,"date":"2026-03-01T12:26:28","date_gmt":"2026-03-01T10:26:28","guid":{"rendered":"https:\/\/kuzeyinsesi.org\/index.php\/2026\/03\/01\/kuzey-kibris-turkcell-yasam-icin-hareket-inisiyatifini-baslatti\/"},"modified":"2026-03-01T12:26:28","modified_gmt":"2026-03-01T10:26:28","slug":"kuzey-kibris-turkcell-yasam-icin-hareket-inisiyatifini-baslatti","status":"publish","type":"post","link":"https:\/\/kuzeyinsesi.org\/index.php\/2026\/03\/01\/kuzey-kibris-turkcell-yasam-icin-hareket-inisiyatifini-baslatti\/","title":{"rendered":"Kuzey K\u0131br\u0131s Turkcell \u201cYa\u015fam \u0130\u00e7in Hareket\u201d inisiyatifini ba\u015flatt\u0131"},"content":{"rendered":"<p style=\"font-weight: 300\"><span style=\"font-weight: 300 !important\">Teknoloji, sa\u011fl\u0131k ve spor alanlar\u0131ndan payda\u015f kurum temsilcilerini bir araya getiren \u201cYa\u015fam \u0130\u00e7in Hareket\u201d inisiyatifi, Kuzey K\u0131br\u0131s Turkcell Genel Merkezi\u2019nde ilk toplant\u0131s\u0131n\u0131 ger\u00e7ekle\u015ftirdi.<\/span><\/p>\n<p style=\"font-weight: 300\"><span style=\"font-weight: 300 !important\">KKTCELL\u2019den yap\u0131lan a\u00e7\u0131klamaya g\u00f6re, toplant\u0131ya, Kuzey K\u0131br\u0131s Drag ve Spor Otomobil Derne\u011fi, Lefko\u015fa Folklor ve Gen\u00e7lik Merkezi (FOGEM), Ness Club, Erbulut Jimnastik, Bilardo Federasyonu, KKTC Jimnastik Federasyonu, KKTC Milli Olimpiyat Komitesi, KKTC Futbol Tenisi Federasyonu, Engelliler Spor Federasyonu ve K\u0131br\u0131s T\u00fcrk Futbol Federasyonu temsilcileri kat\u0131ld\u0131. Toplant\u0131da, ayr\u0131ca sporcular Girol Ery\u0131ld\u0131z ve S\u00fcleyman Regbe, Kolan British Hospital yetkilileri ile Serena Grup ad\u0131na Servet Topal da toplant\u0131da haz\u0131r bulundu.<\/span><\/p>\n<p style=\"font-weight: 300\"><span style=\"font-weight: 300 !important\">\u0130lk bulu\u015fmada hareketsizlikle m\u00fccadeleye y\u00f6nelik b\u00fct\u00fcnc\u00fcl bir yol haritas\u0131 payla\u015f\u0131ld\u0131. Buna g\u00f6re, inisiyatif, nisan ay\u0131 itibar\u0131yla ba\u015flayacak olan geni\u015f kat\u0131l\u0131ml\u0131 bir fark\u0131ndal\u0131k y\u00fcr\u00fcy\u00fc\u015f\u00fc ile harekete ge\u00e7ecek. S\u00fcre\u00e7, y\u0131l i\u00e7erisinde yay\u0131lacak bir dizi faaliyetle devam edecek.<\/span><\/p>\n<p style=\"font-weight: 300\"><span style=\"font-weight: 300 !important\">&#8211; Soykan: \u201cFiziksel hareketsizlik en \u00f6nemli halk sa\u011fl\u0131\u011f\u0131 risklerinden biri\u201d<\/span><\/p>\n<p style=\"font-weight: 300\"><span style=\"font-weight: 300 !important\">Toplant\u0131n\u0131n a\u00e7\u0131l\u0131\u015f konu\u015fmas\u0131n\u0131 yapan Kuzey K\u0131br\u0131s Turkcell Marka \u0130leti\u015fimi M\u00fcd\u00fcr\u00fc \u00d6zlem Kavaz Soykan, d\u00fcnya genelinde fiziksel hareketsizli\u011fin en \u00f6nemli halk sa\u011fl\u0131\u011f\u0131 risklerinden biri olarak kabul edildi\u011fine dikkat \u00e7ekti.<\/span><\/p>\n<p style=\"font-weight: 300\"><span style=\"font-weight: 300 !important\">D\u00fcnya Sa\u011fl\u0131k \u00d6rg\u00fct\u00fc verilerine g\u00f6re yeti\u015fkinlerin yakla\u015f\u0131k d\u00f6rtte birinin yeterli d\u00fczeyde fiziksel aktivite yapmad\u0131\u011f\u0131n\u0131, \u00e7ocuk ve gen\u00e7lerde de hareketsizli\u011fin her ge\u00e7en g\u00fcn artt\u0131\u011f\u0131n\u0131 hat\u0131rlatan Soykan, \u201cBu olu\u015fumu ba\u015flatmaktaki amac\u0131m\u0131z, her ya\u015ftan bireyin g\u00fcnl\u00fck ya\u015fam\u0131na hareketi dahil edebilece\u011fi bir fark\u0131ndal\u0131k zemini olu\u015fturmakt\u0131r.\u201d dedi.<\/span><\/p>\n<p style=\"font-weight: 300\"><span style=\"font-weight: 300 !important\">&#8211; Mungan: \u201c\u0130lk a\u015famada kapsay\u0131c\u0131 bir fark\u0131ndal\u0131k kampanyas\u0131 y\u00fcr\u00fct\u00fclecek\u201d<\/span><\/p>\n<p style=\"font-weight: 300\"><span style=\"font-weight: 300 !important\">Ard\u0131ndan s\u00f6z alan Genel M\u00fcd\u00fcr Yard\u0131mc\u0131s\u0131 Deniz Mungan, inisiyatifin \u00e7\u0131k\u0131\u015f noktas\u0131n\u0131 ve stratejik \u00e7er\u00e7evesini aktard\u0131. Mungan, de\u011fi\u015fen ya\u015fam ko\u015fullar\u0131nda teknolojinin do\u011fru konumland\u0131r\u0131lmas\u0131yla daha aktif bir ya\u015fam k\u00fclt\u00fcr\u00fcn\u00fcn m\u00fcmk\u00fcn oldu\u011funu vurgulad\u0131.<\/span><\/p>\n<p style=\"font-weight: 300\"><span style=\"font-weight: 300 !important\">\u0130lk a\u015famada ada genelinde kapsay\u0131c\u0131 bir fark\u0131ndal\u0131k kampanyas\u0131 y\u00fcr\u00fct\u00fclmesinin planland\u0131\u011f\u0131n\u0131 belirten Mungan, ilerleyen s\u00fcre\u00e7te belirli spor bran\u015flar\u0131na odaklanan projelerle \u00e7al\u0131\u015fmalar\u0131n derinle\u015ftirilece\u011fini ifade etti. Mungan, ayr\u0131ca Kuzey K\u0131br\u0131s Turkcell\u2019in hareketi te\u015fvik edecek ve \u00f6d\u00fcllendirecek uygulamalar \u00fczerinde teknik geli\u015ftirme s\u00fcrecini ba\u015flatt\u0131\u011f\u0131n\u0131 da duyurdu.<\/span><\/p>\n<p style=\"font-weight: 300\"><span style=\"font-weight: 300 !important\">&#8211; K\u00fc\u00e7\u00fck\u00f6zdemir: \u201cTeknoloji bir d\u00f6n\u00fc\u015f\u00fcm arac\u0131d\u0131r\u201d<\/span><\/p>\n<p style=\"font-weight: 300\"><span style=\"font-weight: 300 !important\">Kuzey K\u0131br\u0131s Turkcell Genel M\u00fcd\u00fcr\u00fc Murat K\u00fc\u00e7\u00fck\u00f6zdemir ise, teknolojinin yaln\u0131zca bir ileti\u015fim altyap\u0131s\u0131 de\u011fil, insan hayat\u0131na do\u011frudan ve olumlu katk\u0131 sunan bir d\u00f6n\u00fc\u015f\u00fcm arac\u0131 olarak konumland\u0131r\u0131lmas\u0131 gerekti\u011fini belirtti.<\/span><\/p>\n<p style=\"font-weight: 300\"><span style=\"font-weight: 300 !important\">K\u00fc\u00e7\u00fck\u00f6zdemir, K\u0131br\u0131s\u2019\u0131n iklimsel avantajlar\u0131 ve spor potansiyeline dikkat \u00e7ekerek, mevcut kaynaklar ile teknolojik kapasitenin etkin kullan\u0131m\u0131 sayesinde toplum genelinde kal\u0131c\u0131 bir hareket k\u00fclt\u00fcr\u00fc olu\u015fturulabilece\u011fini ifade etti.<\/span><span style=\"font-weight: 300 !important\">\u00a0<\/span><\/p>\n<p>Kuzey K\u0131br\u0131s Turkcell \u201cYa\u015fam \u0130\u00e7in Hareket\u201d inisiyatifini ba\u015flatt\u0131 yaz\u0131s\u0131 ilk \u00f6nce K\u0131br\u0131s Hakikat \u00fczerinde ortaya \u00e7\u0131kt\u0131.<\/p>\n","protected":false},"excerpt":{"rendered":"<p>Teknoloji, sa\u011fl\u0131k ve spor alanlar\u0131ndan payda\u015f kurum temsilcilerini bir araya getiren \u201cYa\u015fam \u0130\u00e7in Hareket\u201d inisiyatifi, Kuzey K\u0131br\u0131s Turkcell Genel Merkezi\u2019nde ilk toplant\u0131s\u0131n\u0131 ger\u00e7ekle\u015ftirdi. KKTCELL\u2019den yap\u0131lan a\u00e7\u0131klamaya g\u00f6re, toplant\u0131ya, Kuzey K\u0131br\u0131s Drag ve Spor Otomobil Derne\u011fi, Lefko\u015fa Folklor ve Gen\u00e7lik Merkezi (FOGEM), Ness Club, Erbulut Jimnastik, Bilardo Federasyonu, KKTC Jimnastik Federasyonu, KKTC Milli Olimpiyat Komitesi, KKTC [&hellip;]<\/p>\n","protected":false},"author":1,"featured_media":36099,"comment_status":"open","ping_status":"open","sticky":false,"template":"","format":"standard","meta":{"jnews-multi-image_gallery":[],"jnews_single_post":[],"jnews_primary_category":[],"jnews_social_meta":[],"jnews_override_counter":[],"footnotes":""},"categories":[1],"tags":[],"class_list":["post-36098","post","type-post","status-publish","format-standard","has-post-thumbnail","hentry","category-kibris"],"yoast_head":"<!-- This site is optimized with the Yoast SEO plugin v27.5 - https:\/\/yoast.com\/product\/yoast-seo-wordpress\/ -->\n<title>Kuzey K\u0131br\u0131s Turkcell \u201cYa\u015fam \u0130\u00e7in Hareket\u201d inisiyatifini ba\u015flatt\u0131 - Kuzeyin Sesi<\/title>\n<meta name=\"robots\" content=\"index, follow, max-snippet:-1, max-image-preview:large, max-video-preview:-1\" \/>\n<link rel=\"canonical\" href=\"https:\/\/kuzeyinsesi.org\/index.php\/2026\/03\/01\/kuzey-kibris-turkcell-yasam-icin-hareket-inisiyatifini-baslatti\/\" \/>\n<meta property=\"og:locale\" content=\"tr_TR\" \/>\n<meta property=\"og:type\" content=\"article\" \/>\n<meta property=\"og:title\" content=\"Kuzey K\u0131br\u0131s Turkcell \u201cYa\u015fam \u0130\u00e7in Hareket\u201d inisiyatifini ba\u015flatt\u0131 - Kuzeyin Sesi\" \/>\n<meta property=\"og:description\" content=\"Teknoloji, sa\u011fl\u0131k ve spor alanlar\u0131ndan payda\u015f kurum temsilcilerini bir araya getiren \u201cYa\u015fam \u0130\u00e7in Hareket\u201d inisiyatifi, Kuzey K\u0131br\u0131s Turkcell Genel Merkezi\u2019nde ilk toplant\u0131s\u0131n\u0131 ger\u00e7ekle\u015ftirdi. KKTCELL\u2019den yap\u0131lan a\u00e7\u0131klamaya g\u00f6re, toplant\u0131ya, Kuzey K\u0131br\u0131s Drag ve Spor Otomobil Derne\u011fi, Lefko\u015fa Folklor ve Gen\u00e7lik Merkezi (FOGEM), Ness Club, Erbulut Jimnastik, Bilardo Federasyonu, KKTC Jimnastik Federasyonu, KKTC Milli Olimpiyat Komitesi, KKTC [&hellip;]\" \/>\n<meta property=\"og:url\" content=\"https:\/\/kuzeyinsesi.org\/index.php\/2026\/03\/01\/kuzey-kibris-turkcell-yasam-icin-hareket-inisiyatifini-baslatti\/\" \/>\n<meta property=\"og:site_name\" content=\"Kuzeyin Sesi\" \/>\n<meta property=\"article:publisher\" content=\"https:\/\/www.facebook.com\/kuzeyinsesii\" \/>\n<meta property=\"article:published_time\" content=\"2026-03-01T10:26:28+00:00\" \/>\n<meta name=\"author\" content=\"Kuzeyin Sesi\" \/>\n<meta name=\"twitter:card\" content=\"summary_large_image\" \/>\n<meta name=\"twitter:creator\" content=\"@kuzeyinsesii\" \/>\n<meta name=\"twitter:site\" content=\"@kuzeyinsesii\" \/>\n<meta name=\"twitter:label1\" content=\"Yazan:\" \/>\n\t<meta name=\"twitter:data1\" content=\"Kuzeyin Sesi\" \/>\n\t<meta name=\"twitter:label2\" content=\"Tahmini okuma s\u00fcresi\" \/>\n\t<meta name=\"twitter:data2\" content=\"3 dakika\" \/>\n<script type=\"application\/ld+json\" class=\"yoast-schema-graph\">{\"@context\":\"https:\\\/\\\/schema.org\",\"@graph\":[{\"@type\":\"Article\",\"@id\":\"https:\\\/\\\/kuzeyinsesi.org\\\/index.php\\\/2026\\\/03\\\/01\\\/kuzey-kibris-turkcell-yasam-icin-hareket-inisiyatifini-baslatti\\\/#article\",\"isPartOf\":{\"@id\":\"https:\\\/\\\/kuzeyinsesi.org\\\/index.php\\\/2026\\\/03\\\/01\\\/kuzey-kibris-turkcell-yasam-icin-hareket-inisiyatifini-baslatti\\\/\"},\"author\":{\"name\":\"Kuzeyin Sesi\",\"@id\":\"https:\\\/\\\/kuzeyinsesi.org\\\/#\\\/schema\\\/person\\\/9f859689cdf01485597712386e37f5aa\"},\"headline\":\"Kuzey K\u0131br\u0131s Turkcell \u201cYa\u015fam \u0130\u00e7in Hareket\u201d inisiyatifini ba\u015flatt\u0131\",\"datePublished\":\"2026-03-01T10:26:28+00:00\",\"mainEntityOfPage\":{\"@id\":\"https:\\\/\\\/kuzeyinsesi.org\\\/index.php\\\/2026\\\/03\\\/01\\\/kuzey-kibris-turkcell-yasam-icin-hareket-inisiyatifini-baslatti\\\/\"},\"wordCount\":568,\"commentCount\":0,\"image\":{\"@id\":\"https:\\\/\\\/kuzeyinsesi.org\\\/index.php\\\/2026\\\/03\\\/01\\\/kuzey-kibris-turkcell-yasam-icin-hareket-inisiyatifini-baslatti\\\/#primaryimage\"},\"thumbnailUrl\":\"https:\\\/\\\/kuzeyinsesi.org\\\/wp-content\\\/uploads\\\/2026\\\/03\\\/1772358302211E-KKTCELL-3-scaled.jpg\",\"articleSection\":[\"K\u0131br\u0131s\"],\"inLanguage\":\"tr\",\"potentialAction\":[{\"@type\":\"CommentAction\",\"name\":\"Comment\",\"target\":[\"https:\\\/\\\/kuzeyinsesi.org\\\/index.php\\\/2026\\\/03\\\/01\\\/kuzey-kibris-turkcell-yasam-icin-hareket-inisiyatifini-baslatti\\\/#respond\"]}]},{\"@type\":\"WebPage\",\"@id\":\"https:\\\/\\\/kuzeyinsesi.org\\\/index.php\\\/2026\\\/03\\\/01\\\/kuzey-kibris-turkcell-yasam-icin-hareket-inisiyatifini-baslatti\\\/\",\"url\":\"https:\\\/\\\/kuzeyinsesi.org\\\/index.php\\\/2026\\\/03\\\/01\\\/kuzey-kibris-turkcell-yasam-icin-hareket-inisiyatifini-baslatti\\\/\",\"name\":\"Kuzey K\u0131br\u0131s Turkcell \u201cYa\u015fam \u0130\u00e7in Hareket\u201d inisiyatifini ba\u015flatt\u0131 - Kuzeyin Sesi\",\"isPartOf\":{\"@id\":\"https:\\\/\\\/kuzeyinsesi.org\\\/#website\"},\"primaryImageOfPage\":{\"@id\":\"https:\\\/\\\/kuzeyinsesi.org\\\/index.php\\\/2026\\\/03\\\/01\\\/kuzey-kibris-turkcell-yasam-icin-hareket-inisiyatifini-baslatti\\\/#primaryimage\"},\"image\":{\"@id\":\"https:\\\/\\\/kuzeyinsesi.org\\\/index.php\\\/2026\\\/03\\\/01\\\/kuzey-kibris-turkcell-yasam-icin-hareket-inisiyatifini-baslatti\\\/#primaryimage\"},\"thumbnailUrl\":\"https:\\\/\\\/kuzeyinsesi.org\\\/wp-content\\\/uploads\\\/2026\\\/03\\\/1772358302211E-KKTCELL-3-scaled.jpg\",\"datePublished\":\"2026-03-01T10:26:28+00:00\",\"author\":{\"@id\":\"https:\\\/\\\/kuzeyinsesi.org\\\/#\\\/schema\\\/person\\\/9f859689cdf01485597712386e37f5aa\"},\"breadcrumb\":{\"@id\":\"https:\\\/\\\/kuzeyinsesi.org\\\/index.php\\\/2026\\\/03\\\/01\\\/kuzey-kibris-turkcell-yasam-icin-hareket-inisiyatifini-baslatti\\\/#breadcrumb\"},\"inLanguage\":\"tr\",\"potentialAction\":[{\"@type\":\"ReadAction\",\"target\":[\"https:\\\/\\\/kuzeyinsesi.org\\\/index.php\\\/2026\\\/03\\\/01\\\/kuzey-kibris-turkcell-yasam-icin-hareket-inisiyatifini-baslatti\\\/\"]}]},{\"@type\":\"ImageObject\",\"inLanguage\":\"tr\",\"@id\":\"https:\\\/\\\/kuzeyinsesi.org\\\/index.php\\\/2026\\\/03\\\/01\\\/kuzey-kibris-turkcell-yasam-icin-hareket-inisiyatifini-baslatti\\\/#primaryimage\",\"url\":\"https:\\\/\\\/kuzeyinsesi.org\\\/wp-content\\\/uploads\\\/2026\\\/03\\\/1772358302211E-KKTCELL-3-scaled.jpg\",\"contentUrl\":\"https:\\\/\\\/kuzeyinsesi.org\\\/wp-content\\\/uploads\\\/2026\\\/03\\\/1772358302211E-KKTCELL-3-scaled.jpg\",\"width\":2560,\"height\":2381},{\"@type\":\"BreadcrumbList\",\"@id\":\"https:\\\/\\\/kuzeyinsesi.org\\\/index.php\\\/2026\\\/03\\\/01\\\/kuzey-kibris-turkcell-yasam-icin-hareket-inisiyatifini-baslatti\\\/#breadcrumb\",\"itemListElement\":[{\"@type\":\"ListItem\",\"position\":1,\"name\":\"Anasayfa\",\"item\":\"https:\\\/\\\/kuzeyinsesi.org\\\/\"},{\"@type\":\"ListItem\",\"position\":2,\"name\":\"Kuzey K\u0131br\u0131s Turkcell \u201cYa\u015fam \u0130\u00e7in Hareket\u201d inisiyatifini ba\u015flatt\u0131\"}]},{\"@type\":\"WebSite\",\"@id\":\"https:\\\/\\\/kuzeyinsesi.org\\\/#website\",\"url\":\"https:\\\/\\\/kuzeyinsesi.org\\\/\",\"name\":\"Kuzeyin Sesi\",\"description\":\"Do\u011fru Haberin Adresi\",\"potentialAction\":[{\"@type\":\"SearchAction\",\"target\":{\"@type\":\"EntryPoint\",\"urlTemplate\":\"https:\\\/\\\/kuzeyinsesi.org\\\/?s={search_term_string}\"},\"query-input\":{\"@type\":\"PropertyValueSpecification\",\"valueRequired\":true,\"valueName\":\"search_term_string\"}}],\"inLanguage\":\"tr\"},{\"@type\":\"Person\",\"@id\":\"https:\\\/\\\/kuzeyinsesi.org\\\/#\\\/schema\\\/person\\\/9f859689cdf01485597712386e37f5aa\",\"name\":\"Kuzeyin Sesi\",\"image\":{\"@type\":\"ImageObject\",\"inLanguage\":\"tr\",\"@id\":\"https:\\\/\\\/secure.gravatar.com\\\/avatar\\\/bab33852abfd8b282518d6ed81826833d77c3c882d9ab608add591ccace47a44?s=96&d=mm&r=g\",\"url\":\"https:\\\/\\\/secure.gravatar.com\\\/avatar\\\/bab33852abfd8b282518d6ed81826833d77c3c882d9ab608add591ccace47a44?s=96&d=mm&r=g\",\"contentUrl\":\"https:\\\/\\\/secure.gravatar.com\\\/avatar\\\/bab33852abfd8b282518d6ed81826833d77c3c882d9ab608add591ccace47a44?s=96&d=mm&r=g\",\"caption\":\"Kuzeyin Sesi\"},\"sameAs\":[\"https:\\\/\\\/kuzeyinsesi.org\"],\"url\":\"https:\\\/\\\/kuzeyinsesi.org\\\/index.php\\\/author\\\/guven\\\/\"}]}<\/script>\n<!-- \/ Yoast SEO plugin. -->","yoast_head_json":{"title":"Kuzey K\u0131br\u0131s Turkcell \u201cYa\u015fam \u0130\u00e7in Hareket\u201d inisiyatifini ba\u015flatt\u0131 - Kuzeyin Sesi","robots":{"index":"index","follow":"follow","max-snippet":"max-snippet:-1","max-image-preview":"max-image-preview:large","max-video-preview":"max-video-preview:-1"},"canonical":"https:\/\/kuzeyinsesi.org\/index.php\/2026\/03\/01\/kuzey-kibris-turkcell-yasam-icin-hareket-inisiyatifini-baslatti\/","og_locale":"tr_TR","og_type":"article","og_title":"Kuzey K\u0131br\u0131s Turkcell \u201cYa\u015fam \u0130\u00e7in Hareket\u201d inisiyatifini ba\u015flatt\u0131 - Kuzeyin Sesi","og_description":"Teknoloji, sa\u011fl\u0131k ve spor alanlar\u0131ndan payda\u015f kurum temsilcilerini bir araya getiren \u201cYa\u015fam \u0130\u00e7in Hareket\u201d inisiyatifi, Kuzey K\u0131br\u0131s Turkcell Genel Merkezi\u2019nde ilk toplant\u0131s\u0131n\u0131 ger\u00e7ekle\u015ftirdi. KKTCELL\u2019den yap\u0131lan a\u00e7\u0131klamaya g\u00f6re, toplant\u0131ya, Kuzey K\u0131br\u0131s Drag ve Spor Otomobil Derne\u011fi, Lefko\u015fa Folklor ve Gen\u00e7lik Merkezi (FOGEM), Ness Club, Erbulut Jimnastik, Bilardo Federasyonu, KKTC Jimnastik Federasyonu, KKTC Milli Olimpiyat Komitesi, KKTC [&hellip;]","og_url":"https:\/\/kuzeyinsesi.org\/index.php\/2026\/03\/01\/kuzey-kibris-turkcell-yasam-icin-hareket-inisiyatifini-baslatti\/","og_site_name":"Kuzeyin Sesi","article_publisher":"https:\/\/www.facebook.com\/kuzeyinsesii","article_published_time":"2026-03-01T10:26:28+00:00","author":"Kuzeyin Sesi","twitter_card":"summary_large_image","twitter_creator":"@kuzeyinsesii","twitter_site":"@kuzeyinsesii","twitter_misc":{"Yazan:":"Kuzeyin Sesi","Tahmini okuma s\u00fcresi":"3 dakika"},"schema":{"@context":"https:\/\/schema.org","@graph":[{"@type":"Article","@id":"https:\/\/kuzeyinsesi.org\/index.php\/2026\/03\/01\/kuzey-kibris-turkcell-yasam-icin-hareket-inisiyatifini-baslatti\/#article","isPartOf":{"@id":"https:\/\/kuzeyinsesi.org\/index.php\/2026\/03\/01\/kuzey-kibris-turkcell-yasam-icin-hareket-inisiyatifini-baslatti\/"},"author":{"name":"Kuzeyin Sesi","@id":"https:\/\/kuzeyinsesi.org\/#\/schema\/person\/9f859689cdf01485597712386e37f5aa"},"headline":"Kuzey K\u0131br\u0131s Turkcell \u201cYa\u015fam \u0130\u00e7in Hareket\u201d inisiyatifini ba\u015flatt\u0131","datePublished":"2026-03-01T10:26:28+00:00","mainEntityOfPage":{"@id":"https:\/\/kuzeyinsesi.org\/index.php\/2026\/03\/01\/kuzey-kibris-turkcell-yasam-icin-hareket-inisiyatifini-baslatti\/"},"wordCount":568,"commentCount":0,"image":{"@id":"https:\/\/kuzeyinsesi.org\/index.php\/2026\/03\/01\/kuzey-kibris-turkcell-yasam-icin-hareket-inisiyatifini-baslatti\/#primaryimage"},"thumbnailUrl":"https:\/\/kuzeyinsesi.org\/wp-content\/uploads\/2026\/03\/1772358302211E-KKTCELL-3-scaled.jpg","articleSection":["K\u0131br\u0131s"],"inLanguage":"tr","potentialAction":[{"@type":"CommentAction","name":"Comment","target":["https:\/\/kuzeyinsesi.org\/index.php\/2026\/03\/01\/kuzey-kibris-turkcell-yasam-icin-hareket-inisiyatifini-baslatti\/#respond"]}]},{"@type":"WebPage","@id":"https:\/\/kuzeyinsesi.org\/index.php\/2026\/03\/01\/kuzey-kibris-turkcell-yasam-icin-hareket-inisiyatifini-baslatti\/","url":"https:\/\/kuzeyinsesi.org\/index.php\/2026\/03\/01\/kuzey-kibris-turkcell-yasam-icin-hareket-inisiyatifini-baslatti\/","name":"Kuzey K\u0131br\u0131s Turkcell \u201cYa\u015fam \u0130\u00e7in Hareket\u201d inisiyatifini ba\u015flatt\u0131 - Kuzeyin Sesi","isPartOf":{"@id":"https:\/\/kuzeyinsesi.org\/#website"},"primaryImageOfPage":{"@id":"https:\/\/kuzeyinsesi.org\/index.php\/2026\/03\/01\/kuzey-kibris-turkcell-yasam-icin-hareket-inisiyatifini-baslatti\/#primaryimage"},"image":{"@id":"https:\/\/kuzeyinsesi.org\/index.php\/2026\/03\/01\/kuzey-kibris-turkcell-yasam-icin-hareket-inisiyatifini-baslatti\/#primaryimage"},"thumbnailUrl":"https:\/\/kuzeyinsesi.org\/wp-content\/uploads\/2026\/03\/1772358302211E-KKTCELL-3-scaled.jpg","datePublished":"2026-03-01T10:26:28+00:00","author":{"@id":"https:\/\/kuzeyinsesi.org\/#\/schema\/person\/9f859689cdf01485597712386e37f5aa"},"breadcrumb":{"@id":"https:\/\/kuzeyinsesi.org\/index.php\/2026\/03\/01\/kuzey-kibris-turkcell-yasam-icin-hareket-inisiyatifini-baslatti\/#breadcrumb"},"inLanguage":"tr","potentialAction":[{"@type":"ReadAction","target":["https:\/\/kuzeyinsesi.org\/index.php\/2026\/03\/01\/kuzey-kibris-turkcell-yasam-icin-hareket-inisiyatifini-baslatti\/"]}]},{"@type":"ImageObject","inLanguage":"tr","@id":"https:\/\/kuzeyinsesi.org\/index.php\/2026\/03\/01\/kuzey-kibris-turkcell-yasam-icin-hareket-inisiyatifini-baslatti\/#primaryimage","url":"https:\/\/kuzeyinsesi.org\/wp-content\/uploads\/2026\/03\/1772358302211E-KKTCELL-3-scaled.jpg","contentUrl":"https:\/\/kuzeyinsesi.org\/wp-content\/uploads\/2026\/03\/1772358302211E-KKTCELL-3-scaled.jpg","width":2560,"height":2381},{"@type":"BreadcrumbList","@id":"https:\/\/kuzeyinsesi.org\/index.php\/2026\/03\/01\/kuzey-kibris-turkcell-yasam-icin-hareket-inisiyatifini-baslatti\/#breadcrumb","itemListElement":[{"@type":"ListItem","position":1,"name":"Anasayfa","item":"https:\/\/kuzeyinsesi.org\/"},{"@type":"ListItem","position":2,"name":"Kuzey K\u0131br\u0131s Turkcell \u201cYa\u015fam \u0130\u00e7in Hareket\u201d inisiyatifini ba\u015flatt\u0131"}]},{"@type":"WebSite","@id":"https:\/\/kuzeyinsesi.org\/#website","url":"https:\/\/kuzeyinsesi.org\/","name":"Kuzeyin Sesi","description":"Do\u011fru Haberin Adresi","potentialAction":[{"@type":"SearchAction","target":{"@type":"EntryPoint","urlTemplate":"https:\/\/kuzeyinsesi.org\/?s={search_term_string}"},"query-input":{"@type":"PropertyValueSpecification","valueRequired":true,"valueName":"search_term_string"}}],"inLanguage":"tr"},{"@type":"Person","@id":"https:\/\/kuzeyinsesi.org\/#\/schema\/person\/9f859689cdf01485597712386e37f5aa","name":"Kuzeyin Sesi","image":{"@type":"ImageObject","inLanguage":"tr","@id":"https:\/\/secure.gravatar.com\/avatar\/bab33852abfd8b282518d6ed81826833d77c3c882d9ab608add591ccace47a44?s=96&d=mm&r=g","url":"https:\/\/secure.gravatar.com\/avatar\/bab33852abfd8b282518d6ed81826833d77c3c882d9ab608add591ccace47a44?s=96&d=mm&r=g","contentUrl":"https:\/\/secure.gravatar.com\/avatar\/bab33852abfd8b282518d6ed81826833d77c3c882d9ab608add591ccace47a44?s=96&d=mm&r=g","caption":"Kuzeyin Sesi"},"sameAs":["https:\/\/kuzeyinsesi.org"],"url":"https:\/\/kuzeyinsesi.org\/index.php\/author\/guven\/"}]}},"_links":{"self":[{"href":"https:\/\/kuzeyinsesi.org\/index.php\/wp-json\/wp\/v2\/posts\/36098","targetHints":{"allow":["GET"]}}],"collection":[{"href":"https:\/\/kuzeyinsesi.org\/index.php\/wp-json\/wp\/v2\/posts"}],"about":[{"href":"https:\/\/kuzeyinsesi.org\/index.php\/wp-json\/wp\/v2\/types\/post"}],"author":[{"embeddable":true,"href":"https:\/\/kuzeyinsesi.org\/index.php\/wp-json\/wp\/v2\/users\/1"}],"replies":[{"embeddable":true,"href":"https:\/\/kuzeyinsesi.org\/index.php\/wp-json\/wp\/v2\/comments?post=36098"}],"version-history":[{"count":0,"href":"https:\/\/kuzeyinsesi.org\/index.php\/wp-json\/wp\/v2\/posts\/36098\/revisions"}],"wp:featuredmedia":[{"embeddable":true,"href":"https:\/\/kuzeyinsesi.org\/index.php\/wp-json\/wp\/v2\/media\/36099"}],"wp:attachment":[{"href":"https:\/\/kuzeyinsesi.org\/index.php\/wp-json\/wp\/v2\/media?parent=36098"}],"wp:term":[{"taxonomy":"category","embeddable":true,"href":"https:\/\/kuzeyinsesi.org\/index.php\/wp-json\/wp\/v2\/categories?post=36098"},{"taxonomy":"post_tag","embeddable":true,"href":"https:\/\/kuzeyinsesi.org\/index.php\/wp-json\/wp\/v2\/tags?post=36098"}],"curies":[{"name":"wp","href":"https:\/\/api.w.org\/{rel}","templated":true}]}}