{"id":36096,"date":"2026-03-01T12:19:39","date_gmt":"2026-03-01T10:19:39","guid":{"rendered":"https:\/\/kuzeyinsesi.org\/index.php\/2026\/03\/01\/netanyahu-tahran-yonetimine-ait-binlerce-hedefe-saldiri-duzenleyeceklerini-ileri-surdu\/"},"modified":"2026-03-01T12:19:39","modified_gmt":"2026-03-01T10:19:39","slug":"netanyahu-tahran-yonetimine-ait-binlerce-hedefe-saldiri-duzenleyeceklerini-ileri-surdu","status":"publish","type":"post","link":"https:\/\/kuzeyinsesi.org\/index.php\/2026\/03\/01\/netanyahu-tahran-yonetimine-ait-binlerce-hedefe-saldiri-duzenleyeceklerini-ileri-surdu\/","title":{"rendered":"Netanyahu, Tahran y\u00f6netimine ait binlerce hedefe sald\u0131r\u0131 d\u00fczenleyeceklerini ileri s\u00fcrd\u00fc"},"content":{"rendered":"<p style=\"font-weight: 300\">Netanyahu, ABD merkezli X \u015firketinin sosyal medya platformundaki \u0130branice hesab\u0131ndan, \u0130ran halk\u0131na seslendi\u011fi yapay zeka ile haz\u0131rlanm\u0131\u015f Fars\u00e7a bir video mesaj yay\u0131nlad\u0131.<\/p>\n<p style=\"font-weight: 300\">\u00d6n\u00fcm\u00fczdeki g\u00fcnlerde Tahran y\u00f6netimine ait binlerce hedefe sald\u0131r\u0131 d\u00fczenleyeceklerini ileri s\u00fcren Netanyahu, \u0130ran halk\u0131na seslenerek &#8220;\u0130ran&#8217;\u0131n cesur halk\u0131n\u0131n zulm\u00fcn zincirlerinden kurtulmas\u0131 i\u00e7in gerekli ko\u015fullar\u0131 yarataca\u011f\u0131z.&#8221; iddias\u0131nda bulundu.<\/p>\n<p style=\"font-weight: 300\">\u0130srail Ba\u015fbakan\u0131, \u0130ran toplumunun &#8220;bir nesilde bir kez gelen b\u00fcy\u00fck bir f\u0131rsat&#8221; yakalad\u0131\u011f\u0131n\u0131 iddia ederek sokaklara \u00e7\u0131kmas\u0131 ve Tahran y\u00f6netimine kar\u015f\u0131 g\u00f6steriler ba\u015flatmas\u0131 gerekti\u011fini, &#8220;\u0130\u015fi bitirmek, hayat\u0131n\u0131z\u0131 peri\u015fan eden ter\u00f6r rejimini devirmek i\u00e7in milyonlarca insanla birlikte sokaklara d\u00f6k\u00fclmeniz gereken an geldi.&#8221; ifadeleriyle savundu.<\/p>\n<p style=\"font-weight: 300\">\u0130srail ordusu, k\u0131sa bir s\u00fcre \u00f6nce 28 \u015eubat sabah\u0131 sald\u0131r\u0131lar\u0131n ba\u015flamas\u0131ndan beri ilk kez ba\u015fkent Tahran&#8217;\u0131n merkezinde \u0130ran y\u00f6netimine ait hedeflere sald\u0131r\u0131 d\u00fczenledi\u011fini duyurmu\u015ftu.<\/p>\n<p>Netanyahu, Tahran y\u00f6netimine ait binlerce hedefe sald\u0131r\u0131 d\u00fczenleyeceklerini ileri s\u00fcrd\u00fc yaz\u0131s\u0131 ilk \u00f6nce K\u0131br\u0131s Hakikat \u00fczerinde ortaya \u00e7\u0131kt\u0131.<\/p>\n","protected":false},"excerpt":{"rendered":"<p>Netanyahu, ABD merkezli X \u015firketinin sosyal medya platformundaki \u0130branice hesab\u0131ndan, \u0130ran halk\u0131na seslendi\u011fi yapay zeka ile haz\u0131rlanm\u0131\u015f Fars\u00e7a bir video mesaj yay\u0131nlad\u0131. \u00d6n\u00fcm\u00fczdeki g\u00fcnlerde Tahran y\u00f6netimine ait binlerce hedefe sald\u0131r\u0131 d\u00fczenleyeceklerini ileri s\u00fcren Netanyahu, \u0130ran halk\u0131na seslenerek &#8220;\u0130ran&#8217;\u0131n cesur halk\u0131n\u0131n zulm\u00fcn zincirlerinden kurtulmas\u0131 i\u00e7in gerekli ko\u015fullar\u0131 yarataca\u011f\u0131z.&#8221; iddias\u0131nda bulundu. \u0130srail Ba\u015fbakan\u0131, \u0130ran toplumunun &#8220;bir nesilde [&hellip;]<\/p>\n","protected":false},"author":1,"featured_media":36097,"comment_status":"open","ping_status":"open","sticky":false,"template":"","format":"standard","meta":{"jnews-multi-image_gallery":[],"jnews_single_post":[],"jnews_primary_category":[],"jnews_social_meta":[],"jnews_override_counter":[],"footnotes":""},"categories":[1],"tags":[],"class_list":["post-36096","post","type-post","status-publish","format-standard","has-post-thumbnail","hentry","category-kibris"],"yoast_head":"<!-- This site is optimized with the Yoast SEO plugin v27.5 - https:\/\/yoast.com\/product\/yoast-seo-wordpress\/ -->\n<title>Netanyahu, Tahran y\u00f6netimine ait binlerce hedefe sald\u0131r\u0131 d\u00fczenleyeceklerini ileri s\u00fcrd\u00fc - Kuzeyin Sesi<\/title>\n<meta name=\"robots\" content=\"index, follow, max-snippet:-1, max-image-preview:large, max-video-preview:-1\" \/>\n<link rel=\"canonical\" href=\"https:\/\/kuzeyinsesi.org\/index.php\/2026\/03\/01\/netanyahu-tahran-yonetimine-ait-binlerce-hedefe-saldiri-duzenleyeceklerini-ileri-surdu\/\" \/>\n<meta property=\"og:locale\" content=\"tr_TR\" \/>\n<meta property=\"og:type\" content=\"article\" \/>\n<meta property=\"og:title\" content=\"Netanyahu, Tahran y\u00f6netimine ait binlerce hedefe sald\u0131r\u0131 d\u00fczenleyeceklerini ileri s\u00fcrd\u00fc - Kuzeyin Sesi\" \/>\n<meta property=\"og:description\" content=\"Netanyahu, ABD merkezli X \u015firketinin sosyal medya platformundaki \u0130branice hesab\u0131ndan, \u0130ran halk\u0131na seslendi\u011fi yapay zeka ile haz\u0131rlanm\u0131\u015f Fars\u00e7a bir video mesaj yay\u0131nlad\u0131. \u00d6n\u00fcm\u00fczdeki g\u00fcnlerde Tahran y\u00f6netimine ait binlerce hedefe sald\u0131r\u0131 d\u00fczenleyeceklerini ileri s\u00fcren Netanyahu, \u0130ran halk\u0131na seslenerek &#8220;\u0130ran&#8217;\u0131n cesur halk\u0131n\u0131n zulm\u00fcn zincirlerinden kurtulmas\u0131 i\u00e7in gerekli ko\u015fullar\u0131 yarataca\u011f\u0131z.&#8221; iddias\u0131nda bulundu. \u0130srail Ba\u015fbakan\u0131, \u0130ran toplumunun &#8220;bir nesilde [&hellip;]\" \/>\n<meta property=\"og:url\" content=\"https:\/\/kuzeyinsesi.org\/index.php\/2026\/03\/01\/netanyahu-tahran-yonetimine-ait-binlerce-hedefe-saldiri-duzenleyeceklerini-ileri-surdu\/\" \/>\n<meta property=\"og:site_name\" content=\"Kuzeyin Sesi\" \/>\n<meta property=\"article:publisher\" content=\"https:\/\/www.facebook.com\/kuzeyinsesii\" \/>\n<meta property=\"article:published_time\" content=\"2026-03-01T10:19:39+00:00\" \/>\n<meta name=\"author\" content=\"Kuzeyin Sesi\" \/>\n<meta name=\"twitter:card\" content=\"summary_large_image\" \/>\n<meta name=\"twitter:creator\" content=\"@kuzeyinsesii\" \/>\n<meta name=\"twitter:site\" content=\"@kuzeyinsesii\" \/>\n<meta name=\"twitter:label1\" content=\"Yazan:\" \/>\n\t<meta name=\"twitter:data1\" content=\"Kuzeyin Sesi\" \/>\n\t<meta name=\"twitter:label2\" content=\"Tahmini okuma s\u00fcresi\" \/>\n\t<meta name=\"twitter:data2\" content=\"1 dakika\" \/>\n<script type=\"application\/ld+json\" class=\"yoast-schema-graph\">{\"@context\":\"https:\\\/\\\/schema.org\",\"@graph\":[{\"@type\":\"Article\",\"@id\":\"https:\\\/\\\/kuzeyinsesi.org\\\/index.php\\\/2026\\\/03\\\/01\\\/netanyahu-tahran-yonetimine-ait-binlerce-hedefe-saldiri-duzenleyeceklerini-ileri-surdu\\\/#article\",\"isPartOf\":{\"@id\":\"https:\\\/\\\/kuzeyinsesi.org\\\/index.php\\\/2026\\\/03\\\/01\\\/netanyahu-tahran-yonetimine-ait-binlerce-hedefe-saldiri-duzenleyeceklerini-ileri-surdu\\\/\"},\"author\":{\"name\":\"Kuzeyin Sesi\",\"@id\":\"https:\\\/\\\/kuzeyinsesi.org\\\/#\\\/schema\\\/person\\\/9f859689cdf01485597712386e37f5aa\"},\"headline\":\"Netanyahu, Tahran y\u00f6netimine ait binlerce hedefe sald\u0131r\u0131 d\u00fczenleyeceklerini ileri s\u00fcrd\u00fc\",\"datePublished\":\"2026-03-01T10:19:39+00:00\",\"mainEntityOfPage\":{\"@id\":\"https:\\\/\\\/kuzeyinsesi.org\\\/index.php\\\/2026\\\/03\\\/01\\\/netanyahu-tahran-yonetimine-ait-binlerce-hedefe-saldiri-duzenleyeceklerini-ileri-surdu\\\/\"},\"wordCount\":206,\"commentCount\":0,\"image\":{\"@id\":\"https:\\\/\\\/kuzeyinsesi.org\\\/index.php\\\/2026\\\/03\\\/01\\\/netanyahu-tahran-yonetimine-ait-binlerce-hedefe-saldiri-duzenleyeceklerini-ileri-surdu\\\/#primaryimage\"},\"thumbnailUrl\":\"https:\\\/\\\/kuzeyinsesi.org\\\/wp-content\\\/uploads\\\/2026\\\/03\\\/1772359099941thumbs_b_c_2e8dedb53be364dd18d9fe79b83b0839.jpg\",\"articleSection\":[\"K\u0131br\u0131s\"],\"inLanguage\":\"tr\",\"potentialAction\":[{\"@type\":\"CommentAction\",\"name\":\"Comment\",\"target\":[\"https:\\\/\\\/kuzeyinsesi.org\\\/index.php\\\/2026\\\/03\\\/01\\\/netanyahu-tahran-yonetimine-ait-binlerce-hedefe-saldiri-duzenleyeceklerini-ileri-surdu\\\/#respond\"]}]},{\"@type\":\"WebPage\",\"@id\":\"https:\\\/\\\/kuzeyinsesi.org\\\/index.php\\\/2026\\\/03\\\/01\\\/netanyahu-tahran-yonetimine-ait-binlerce-hedefe-saldiri-duzenleyeceklerini-ileri-surdu\\\/\",\"url\":\"https:\\\/\\\/kuzeyinsesi.org\\\/index.php\\\/2026\\\/03\\\/01\\\/netanyahu-tahran-yonetimine-ait-binlerce-hedefe-saldiri-duzenleyeceklerini-ileri-surdu\\\/\",\"name\":\"Netanyahu, Tahran y\u00f6netimine ait binlerce hedefe sald\u0131r\u0131 d\u00fczenleyeceklerini ileri s\u00fcrd\u00fc - Kuzeyin Sesi\",\"isPartOf\":{\"@id\":\"https:\\\/\\\/kuzeyinsesi.org\\\/#website\"},\"primaryImageOfPage\":{\"@id\":\"https:\\\/\\\/kuzeyinsesi.org\\\/index.php\\\/2026\\\/03\\\/01\\\/netanyahu-tahran-yonetimine-ait-binlerce-hedefe-saldiri-duzenleyeceklerini-ileri-surdu\\\/#primaryimage\"},\"image\":{\"@id\":\"https:\\\/\\\/kuzeyinsesi.org\\\/index.php\\\/2026\\\/03\\\/01\\\/netanyahu-tahran-yonetimine-ait-binlerce-hedefe-saldiri-duzenleyeceklerini-ileri-surdu\\\/#primaryimage\"},\"thumbnailUrl\":\"https:\\\/\\\/kuzeyinsesi.org\\\/wp-content\\\/uploads\\\/2026\\\/03\\\/1772359099941thumbs_b_c_2e8dedb53be364dd18d9fe79b83b0839.jpg\",\"datePublished\":\"2026-03-01T10:19:39+00:00\",\"author\":{\"@id\":\"https:\\\/\\\/kuzeyinsesi.org\\\/#\\\/schema\\\/person\\\/9f859689cdf01485597712386e37f5aa\"},\"breadcrumb\":{\"@id\":\"https:\\\/\\\/kuzeyinsesi.org\\\/index.php\\\/2026\\\/03\\\/01\\\/netanyahu-tahran-yonetimine-ait-binlerce-hedefe-saldiri-duzenleyeceklerini-ileri-surdu\\\/#breadcrumb\"},\"inLanguage\":\"tr\",\"potentialAction\":[{\"@type\":\"ReadAction\",\"target\":[\"https:\\\/\\\/kuzeyinsesi.org\\\/index.php\\\/2026\\\/03\\\/01\\\/netanyahu-tahran-yonetimine-ait-binlerce-hedefe-saldiri-duzenleyeceklerini-ileri-surdu\\\/\"]}]},{\"@type\":\"ImageObject\",\"inLanguage\":\"tr\",\"@id\":\"https:\\\/\\\/kuzeyinsesi.org\\\/index.php\\\/2026\\\/03\\\/01\\\/netanyahu-tahran-yonetimine-ait-binlerce-hedefe-saldiri-duzenleyeceklerini-ileri-surdu\\\/#primaryimage\",\"url\":\"https:\\\/\\\/kuzeyinsesi.org\\\/wp-content\\\/uploads\\\/2026\\\/03\\\/1772359099941thumbs_b_c_2e8dedb53be364dd18d9fe79b83b0839.jpg\",\"contentUrl\":\"https:\\\/\\\/kuzeyinsesi.org\\\/wp-content\\\/uploads\\\/2026\\\/03\\\/1772359099941thumbs_b_c_2e8dedb53be364dd18d9fe79b83b0839.jpg\",\"width\":864,\"height\":486},{\"@type\":\"BreadcrumbList\",\"@id\":\"https:\\\/\\\/kuzeyinsesi.org\\\/index.php\\\/2026\\\/03\\\/01\\\/netanyahu-tahran-yonetimine-ait-binlerce-hedefe-saldiri-duzenleyeceklerini-ileri-surdu\\\/#breadcrumb\",\"itemListElement\":[{\"@type\":\"ListItem\",\"position\":1,\"name\":\"Anasayfa\",\"item\":\"https:\\\/\\\/kuzeyinsesi.org\\\/\"},{\"@type\":\"ListItem\",\"position\":2,\"name\":\"Netanyahu, Tahran y\u00f6netimine ait binlerce hedefe sald\u0131r\u0131 d\u00fczenleyeceklerini ileri s\u00fcrd\u00fc\"}]},{\"@type\":\"WebSite\",\"@id\":\"https:\\\/\\\/kuzeyinsesi.org\\\/#website\",\"url\":\"https:\\\/\\\/kuzeyinsesi.org\\\/\",\"name\":\"Kuzeyin Sesi\",\"description\":\"Do\u011fru Haberin Adresi\",\"potentialAction\":[{\"@type\":\"SearchAction\",\"target\":{\"@type\":\"EntryPoint\",\"urlTemplate\":\"https:\\\/\\\/kuzeyinsesi.org\\\/?s={search_term_string}\"},\"query-input\":{\"@type\":\"PropertyValueSpecification\",\"valueRequired\":true,\"valueName\":\"search_term_string\"}}],\"inLanguage\":\"tr\"},{\"@type\":\"Person\",\"@id\":\"https:\\\/\\\/kuzeyinsesi.org\\\/#\\\/schema\\\/person\\\/9f859689cdf01485597712386e37f5aa\",\"name\":\"Kuzeyin Sesi\",\"image\":{\"@type\":\"ImageObject\",\"inLanguage\":\"tr\",\"@id\":\"https:\\\/\\\/secure.gravatar.com\\\/avatar\\\/bab33852abfd8b282518d6ed81826833d77c3c882d9ab608add591ccace47a44?s=96&d=mm&r=g\",\"url\":\"https:\\\/\\\/secure.gravatar.com\\\/avatar\\\/bab33852abfd8b282518d6ed81826833d77c3c882d9ab608add591ccace47a44?s=96&d=mm&r=g\",\"contentUrl\":\"https:\\\/\\\/secure.gravatar.com\\\/avatar\\\/bab33852abfd8b282518d6ed81826833d77c3c882d9ab608add591ccace47a44?s=96&d=mm&r=g\",\"caption\":\"Kuzeyin Sesi\"},\"sameAs\":[\"https:\\\/\\\/kuzeyinsesi.org\"],\"url\":\"https:\\\/\\\/kuzeyinsesi.org\\\/index.php\\\/author\\\/guven\\\/\"}]}<\/script>\n<!-- \/ Yoast SEO plugin. -->","yoast_head_json":{"title":"Netanyahu, Tahran y\u00f6netimine ait binlerce hedefe sald\u0131r\u0131 d\u00fczenleyeceklerini ileri s\u00fcrd\u00fc - Kuzeyin Sesi","robots":{"index":"index","follow":"follow","max-snippet":"max-snippet:-1","max-image-preview":"max-image-preview:large","max-video-preview":"max-video-preview:-1"},"canonical":"https:\/\/kuzeyinsesi.org\/index.php\/2026\/03\/01\/netanyahu-tahran-yonetimine-ait-binlerce-hedefe-saldiri-duzenleyeceklerini-ileri-surdu\/","og_locale":"tr_TR","og_type":"article","og_title":"Netanyahu, Tahran y\u00f6netimine ait binlerce hedefe sald\u0131r\u0131 d\u00fczenleyeceklerini ileri s\u00fcrd\u00fc - Kuzeyin Sesi","og_description":"Netanyahu, ABD merkezli X \u015firketinin sosyal medya platformundaki \u0130branice hesab\u0131ndan, \u0130ran halk\u0131na seslendi\u011fi yapay zeka ile haz\u0131rlanm\u0131\u015f Fars\u00e7a bir video mesaj yay\u0131nlad\u0131. \u00d6n\u00fcm\u00fczdeki g\u00fcnlerde Tahran y\u00f6netimine ait binlerce hedefe sald\u0131r\u0131 d\u00fczenleyeceklerini ileri s\u00fcren Netanyahu, \u0130ran halk\u0131na seslenerek &#8220;\u0130ran&#8217;\u0131n cesur halk\u0131n\u0131n zulm\u00fcn zincirlerinden kurtulmas\u0131 i\u00e7in gerekli ko\u015fullar\u0131 yarataca\u011f\u0131z.&#8221; iddias\u0131nda bulundu. \u0130srail Ba\u015fbakan\u0131, \u0130ran toplumunun &#8220;bir nesilde [&hellip;]","og_url":"https:\/\/kuzeyinsesi.org\/index.php\/2026\/03\/01\/netanyahu-tahran-yonetimine-ait-binlerce-hedefe-saldiri-duzenleyeceklerini-ileri-surdu\/","og_site_name":"Kuzeyin Sesi","article_publisher":"https:\/\/www.facebook.com\/kuzeyinsesii","article_published_time":"2026-03-01T10:19:39+00:00","author":"Kuzeyin Sesi","twitter_card":"summary_large_image","twitter_creator":"@kuzeyinsesii","twitter_site":"@kuzeyinsesii","twitter_misc":{"Yazan:":"Kuzeyin Sesi","Tahmini okuma s\u00fcresi":"1 dakika"},"schema":{"@context":"https:\/\/schema.org","@graph":[{"@type":"Article","@id":"https:\/\/kuzeyinsesi.org\/index.php\/2026\/03\/01\/netanyahu-tahran-yonetimine-ait-binlerce-hedefe-saldiri-duzenleyeceklerini-ileri-surdu\/#article","isPartOf":{"@id":"https:\/\/kuzeyinsesi.org\/index.php\/2026\/03\/01\/netanyahu-tahran-yonetimine-ait-binlerce-hedefe-saldiri-duzenleyeceklerini-ileri-surdu\/"},"author":{"name":"Kuzeyin Sesi","@id":"https:\/\/kuzeyinsesi.org\/#\/schema\/person\/9f859689cdf01485597712386e37f5aa"},"headline":"Netanyahu, Tahran y\u00f6netimine ait binlerce hedefe sald\u0131r\u0131 d\u00fczenleyeceklerini ileri s\u00fcrd\u00fc","datePublished":"2026-03-01T10:19:39+00:00","mainEntityOfPage":{"@id":"https:\/\/kuzeyinsesi.org\/index.php\/2026\/03\/01\/netanyahu-tahran-yonetimine-ait-binlerce-hedefe-saldiri-duzenleyeceklerini-ileri-surdu\/"},"wordCount":206,"commentCount":0,"image":{"@id":"https:\/\/kuzeyinsesi.org\/index.php\/2026\/03\/01\/netanyahu-tahran-yonetimine-ait-binlerce-hedefe-saldiri-duzenleyeceklerini-ileri-surdu\/#primaryimage"},"thumbnailUrl":"https:\/\/kuzeyinsesi.org\/wp-content\/uploads\/2026\/03\/1772359099941thumbs_b_c_2e8dedb53be364dd18d9fe79b83b0839.jpg","articleSection":["K\u0131br\u0131s"],"inLanguage":"tr","potentialAction":[{"@type":"CommentAction","name":"Comment","target":["https:\/\/kuzeyinsesi.org\/index.php\/2026\/03\/01\/netanyahu-tahran-yonetimine-ait-binlerce-hedefe-saldiri-duzenleyeceklerini-ileri-surdu\/#respond"]}]},{"@type":"WebPage","@id":"https:\/\/kuzeyinsesi.org\/index.php\/2026\/03\/01\/netanyahu-tahran-yonetimine-ait-binlerce-hedefe-saldiri-duzenleyeceklerini-ileri-surdu\/","url":"https:\/\/kuzeyinsesi.org\/index.php\/2026\/03\/01\/netanyahu-tahran-yonetimine-ait-binlerce-hedefe-saldiri-duzenleyeceklerini-ileri-surdu\/","name":"Netanyahu, Tahran y\u00f6netimine ait binlerce hedefe sald\u0131r\u0131 d\u00fczenleyeceklerini ileri s\u00fcrd\u00fc - Kuzeyin Sesi","isPartOf":{"@id":"https:\/\/kuzeyinsesi.org\/#website"},"primaryImageOfPage":{"@id":"https:\/\/kuzeyinsesi.org\/index.php\/2026\/03\/01\/netanyahu-tahran-yonetimine-ait-binlerce-hedefe-saldiri-duzenleyeceklerini-ileri-surdu\/#primaryimage"},"image":{"@id":"https:\/\/kuzeyinsesi.org\/index.php\/2026\/03\/01\/netanyahu-tahran-yonetimine-ait-binlerce-hedefe-saldiri-duzenleyeceklerini-ileri-surdu\/#primaryimage"},"thumbnailUrl":"https:\/\/kuzeyinsesi.org\/wp-content\/uploads\/2026\/03\/1772359099941thumbs_b_c_2e8dedb53be364dd18d9fe79b83b0839.jpg","datePublished":"2026-03-01T10:19:39+00:00","author":{"@id":"https:\/\/kuzeyinsesi.org\/#\/schema\/person\/9f859689cdf01485597712386e37f5aa"},"breadcrumb":{"@id":"https:\/\/kuzeyinsesi.org\/index.php\/2026\/03\/01\/netanyahu-tahran-yonetimine-ait-binlerce-hedefe-saldiri-duzenleyeceklerini-ileri-surdu\/#breadcrumb"},"inLanguage":"tr","potentialAction":[{"@type":"ReadAction","target":["https:\/\/kuzeyinsesi.org\/index.php\/2026\/03\/01\/netanyahu-tahran-yonetimine-ait-binlerce-hedefe-saldiri-duzenleyeceklerini-ileri-surdu\/"]}]},{"@type":"ImageObject","inLanguage":"tr","@id":"https:\/\/kuzeyinsesi.org\/index.php\/2026\/03\/01\/netanyahu-tahran-yonetimine-ait-binlerce-hedefe-saldiri-duzenleyeceklerini-ileri-surdu\/#primaryimage","url":"https:\/\/kuzeyinsesi.org\/wp-content\/uploads\/2026\/03\/1772359099941thumbs_b_c_2e8dedb53be364dd18d9fe79b83b0839.jpg","contentUrl":"https:\/\/kuzeyinsesi.org\/wp-content\/uploads\/2026\/03\/1772359099941thumbs_b_c_2e8dedb53be364dd18d9fe79b83b0839.jpg","width":864,"height":486},{"@type":"BreadcrumbList","@id":"https:\/\/kuzeyinsesi.org\/index.php\/2026\/03\/01\/netanyahu-tahran-yonetimine-ait-binlerce-hedefe-saldiri-duzenleyeceklerini-ileri-surdu\/#breadcrumb","itemListElement":[{"@type":"ListItem","position":1,"name":"Anasayfa","item":"https:\/\/kuzeyinsesi.org\/"},{"@type":"ListItem","position":2,"name":"Netanyahu, Tahran y\u00f6netimine ait binlerce hedefe sald\u0131r\u0131 d\u00fczenleyeceklerini ileri s\u00fcrd\u00fc"}]},{"@type":"WebSite","@id":"https:\/\/kuzeyinsesi.org\/#website","url":"https:\/\/kuzeyinsesi.org\/","name":"Kuzeyin Sesi","description":"Do\u011fru Haberin Adresi","potentialAction":[{"@type":"SearchAction","target":{"@type":"EntryPoint","urlTemplate":"https:\/\/kuzeyinsesi.org\/?s={search_term_string}"},"query-input":{"@type":"PropertyValueSpecification","valueRequired":true,"valueName":"search_term_string"}}],"inLanguage":"tr"},{"@type":"Person","@id":"https:\/\/kuzeyinsesi.org\/#\/schema\/person\/9f859689cdf01485597712386e37f5aa","name":"Kuzeyin Sesi","image":{"@type":"ImageObject","inLanguage":"tr","@id":"https:\/\/secure.gravatar.com\/avatar\/bab33852abfd8b282518d6ed81826833d77c3c882d9ab608add591ccace47a44?s=96&d=mm&r=g","url":"https:\/\/secure.gravatar.com\/avatar\/bab33852abfd8b282518d6ed81826833d77c3c882d9ab608add591ccace47a44?s=96&d=mm&r=g","contentUrl":"https:\/\/secure.gravatar.com\/avatar\/bab33852abfd8b282518d6ed81826833d77c3c882d9ab608add591ccace47a44?s=96&d=mm&r=g","caption":"Kuzeyin Sesi"},"sameAs":["https:\/\/kuzeyinsesi.org"],"url":"https:\/\/kuzeyinsesi.org\/index.php\/author\/guven\/"}]}},"_links":{"self":[{"href":"https:\/\/kuzeyinsesi.org\/index.php\/wp-json\/wp\/v2\/posts\/36096","targetHints":{"allow":["GET"]}}],"collection":[{"href":"https:\/\/kuzeyinsesi.org\/index.php\/wp-json\/wp\/v2\/posts"}],"about":[{"href":"https:\/\/kuzeyinsesi.org\/index.php\/wp-json\/wp\/v2\/types\/post"}],"author":[{"embeddable":true,"href":"https:\/\/kuzeyinsesi.org\/index.php\/wp-json\/wp\/v2\/users\/1"}],"replies":[{"embeddable":true,"href":"https:\/\/kuzeyinsesi.org\/index.php\/wp-json\/wp\/v2\/comments?post=36096"}],"version-history":[{"count":0,"href":"https:\/\/kuzeyinsesi.org\/index.php\/wp-json\/wp\/v2\/posts\/36096\/revisions"}],"wp:featuredmedia":[{"embeddable":true,"href":"https:\/\/kuzeyinsesi.org\/index.php\/wp-json\/wp\/v2\/media\/36097"}],"wp:attachment":[{"href":"https:\/\/kuzeyinsesi.org\/index.php\/wp-json\/wp\/v2\/media?parent=36096"}],"wp:term":[{"taxonomy":"category","embeddable":true,"href":"https:\/\/kuzeyinsesi.org\/index.php\/wp-json\/wp\/v2\/categories?post=36096"},{"taxonomy":"post_tag","embeddable":true,"href":"https:\/\/kuzeyinsesi.org\/index.php\/wp-json\/wp\/v2\/tags?post=36096"}],"curies":[{"name":"wp","href":"https:\/\/api.w.org\/{rel}","templated":true}]}}