{"id":36094,"date":"2026-03-01T11:18:16","date_gmt":"2026-03-01T09:18:16","guid":{"rendered":"https:\/\/kuzeyinsesi.org\/index.php\/2026\/03\/01\/ihracat-surecindeki-engeller-giderilsin\/"},"modified":"2026-03-01T11:18:16","modified_gmt":"2026-03-01T09:18:16","slug":"ihracat-surecindeki-engeller-giderilsin","status":"publish","type":"post","link":"https:\/\/kuzeyinsesi.org\/index.php\/2026\/03\/01\/ihracat-surecindeki-engeller-giderilsin\/","title":{"rendered":"\u0130hracat s\u00fcrecindeki engeller giderilsin"},"content":{"rendered":"<p style=\"font-weight: 300\">Narenciye \u0130hracat\u00e7\u0131 Birlikleri\u2019nden yap\u0131lan yaz\u0131l\u0131 a\u00e7\u0131klamada,<span style=\"font-weight: 300 !important\">\u00a0<\/span><span style=\"font-weight: 300 !important\">ihracat\u0131n belirli s\u00fcreler i\u00e7erisine s\u0131k\u0131\u015ft\u0131r\u0131lmas\u0131n\u0131n b\u00fcy\u00fck maliyetlere yol a\u00e7t\u0131\u011f\u0131 kaydedildi ve bunun &#8220;\u00fcr\u00fcnlerin ihracat\u0131na engel koymak anlam\u0131na geldi\u011fi&#8221; ileri s\u00fcr\u00fcld\u00fc.<\/span><\/p>\n<p style=\"font-weight: 300\"><span style=\"font-weight: 300 !important\">Narenciye ihracat\u0131nda\u00a0<\/span><span style=\"font-weight: 300 !important\">2024 y\u0131l\u0131na kadar \u00e7e\u015fitli sorunlar ya\u015fanmas\u0131na ra\u011fmen bu s\u0131k\u0131nt\u0131lar\u0131n a\u015f\u0131ld\u0131\u011f\u0131 ifade edilen a\u00e7\u0131klamada bir sonraki sezona yeti\u015fmek i\u00e7in haz\u0131rl\u0131klar yap\u0131ld\u0131\u011f\u0131 ve b\u00f6ylece \u00fcreticilerin sekt\u00f6rde kalmaya devam edebildi\u011fi kaydedildi.<\/span><\/p>\n<p style=\"font-weight: 300\">2024 y\u0131l\u0131 ba\u015f\u0131 itibar\u0131yla g\u00fcndeme gelen \u201cvekt\u00f6r b\u00f6cek\u201d varl\u0131\u011f\u0131n\u0131n sekt\u00f6r\u00fc b\u00fcy\u00fck bir s\u0131k\u0131nt\u0131 i\u00e7erisine soktu\u011fu belirtilen a\u00e7\u0131klamada, al\u0131nan yanl\u0131\u015f kararlarla firmalar\u0131n zarar ettirildi\u011fi ve o g\u00fcnden bug\u00fcne ihracat\u0131n b\u00fcy\u00fck s\u0131k\u0131nt\u0131larla yap\u0131lmaya \u00e7al\u0131\u015f\u0131ld\u0131\u011f\u0131 savunuldu.<\/p>\n<p style=\"font-weight: 300\">G\u00fczelyurt ve Ma\u011fusa Liman\u0131&#8217;ndaki tar\u0131m \u00e7al\u0131\u015fanlar\u0131n\u0131n \u00f6n\u00fcn\u00fc a\u00e7mak yerine yeterli mesaileri verilmeden \u00e7al\u0131\u015fmalar\u0131n\u0131n beklendi\u011fi ileri s\u00fcr\u00fclen a\u00e7\u0131klamada, \u015fu ifadelere yer verildi:<\/p>\n<p style=\"font-weight: 300\">\u201c\u0130hracat\u0131n belirli s\u00fcreler i\u00e7erisine s\u0131k\u0131\u015ft\u0131r\u0131lmas\u0131 b\u00fcy\u00fck maliyetlere yol a\u00e7makta, \u00fcr\u00fcnlerin ihracat\u0131na engel koymak anlam\u0131na gelmektedir. \u00dc\u00e7 g\u00fcn \u00f6nce Gazima\u011fusa Liman\u0131\u2019nda 20 t\u0131r haz\u0131r narenciye \u00fcr\u00fcn\u00fcne i\u015flem yap\u0131lmam\u0131\u015f, \u00fcr\u00fcnler limanda bir g\u00fcn bekletilmi\u015ftir. \u00dclkemizden T\u00fcrkiye\u2019ye \u015fehirleras\u0131 otob\u00fcs servisleri gibi saat ba\u015f\u0131 kalkan gemiler maalesef bulunmamaktad\u0131r. H\u00fck\u00fcmet saat 20.00\u2019de limana gelmeyen \u00fcr\u00fcnlerin ihracat\u0131 i\u00e7in memurlar\u0131n \u00e7al\u0131\u015fmas\u0131n\u0131n \u00f6n\u00fcn\u00fc a\u00e7acak \u00f6nlemleri (mesai uygulamas\u0131 veya ek personel gibi) maalesef almamaktad\u0131r.\u201d<\/p>\n<p style=\"font-weight: 300\">Milyonlarca liral\u0131k \u00fcr\u00fcnlerin t\u0131rlar\u0131n i\u00e7inde bekletildi\u011fi ve gemiler bo\u015f g\u00f6nderildi\u011fi belirtilen a\u00e7\u0131klamada, sorunun \u00e7\u00f6z\u00fcm\u00fc konusunda hi\u00e7bir yol kat edilmedi\u011fi \u00f6ne s\u00fcr\u00fcld\u00fc.<\/p>\n<p style=\"font-weight: 300\">A\u00e7\u0131klamada\u201cTalebimiz h\u00fck\u00fcmetin ivedilikle bu alanda \u00e7al\u0131\u015fan tar\u0131m personelinin \u00f6n\u00fcn\u00fc en uygun \u015fekilde a\u00e7arak ihracat\u0131n engellenmemesidir.\u201d denildi.<\/p>\n<p>\u0130hracat s\u00fcrecindeki engeller giderilsin yaz\u0131s\u0131 ilk \u00f6nce K\u0131br\u0131s Hakikat \u00fczerinde ortaya \u00e7\u0131kt\u0131.<\/p>\n","protected":false},"excerpt":{"rendered":"<p>Narenciye \u0130hracat\u00e7\u0131 Birlikleri\u2019nden yap\u0131lan yaz\u0131l\u0131 a\u00e7\u0131klamada,\u00a0ihracat\u0131n belirli s\u00fcreler i\u00e7erisine s\u0131k\u0131\u015ft\u0131r\u0131lmas\u0131n\u0131n b\u00fcy\u00fck maliyetlere yol a\u00e7t\u0131\u011f\u0131 kaydedildi ve bunun &#8220;\u00fcr\u00fcnlerin ihracat\u0131na engel koymak anlam\u0131na geldi\u011fi&#8221; ileri s\u00fcr\u00fcld\u00fc. Narenciye ihracat\u0131nda\u00a02024 y\u0131l\u0131na kadar \u00e7e\u015fitli sorunlar ya\u015fanmas\u0131na ra\u011fmen bu s\u0131k\u0131nt\u0131lar\u0131n a\u015f\u0131ld\u0131\u011f\u0131 ifade edilen a\u00e7\u0131klamada bir sonraki sezona yeti\u015fmek i\u00e7in haz\u0131rl\u0131klar yap\u0131ld\u0131\u011f\u0131 ve b\u00f6ylece \u00fcreticilerin sekt\u00f6rde kalmaya devam edebildi\u011fi kaydedildi. 2024 [&hellip;]<\/p>\n","protected":false},"author":1,"featured_media":36095,"comment_status":"open","ping_status":"open","sticky":false,"template":"","format":"standard","meta":{"jnews-multi-image_gallery":[],"jnews_single_post":[],"jnews_primary_category":[],"jnews_social_meta":[],"jnews_override_counter":[],"footnotes":""},"categories":[1],"tags":[],"class_list":["post-36094","post","type-post","status-publish","format-standard","has-post-thumbnail","hentry","category-kibris"],"yoast_head":"<!-- This site is optimized with the Yoast SEO plugin v27.5 - https:\/\/yoast.com\/product\/yoast-seo-wordpress\/ -->\n<title>\u0130hracat s\u00fcrecindeki engeller giderilsin - Kuzeyin Sesi<\/title>\n<meta name=\"robots\" content=\"index, follow, max-snippet:-1, max-image-preview:large, max-video-preview:-1\" \/>\n<link rel=\"canonical\" href=\"https:\/\/kuzeyinsesi.org\/index.php\/2026\/03\/01\/ihracat-surecindeki-engeller-giderilsin\/\" \/>\n<meta property=\"og:locale\" content=\"tr_TR\" \/>\n<meta property=\"og:type\" content=\"article\" \/>\n<meta property=\"og:title\" content=\"\u0130hracat s\u00fcrecindeki engeller giderilsin - Kuzeyin Sesi\" \/>\n<meta property=\"og:description\" content=\"Narenciye \u0130hracat\u00e7\u0131 Birlikleri\u2019nden yap\u0131lan yaz\u0131l\u0131 a\u00e7\u0131klamada,\u00a0ihracat\u0131n belirli s\u00fcreler i\u00e7erisine s\u0131k\u0131\u015ft\u0131r\u0131lmas\u0131n\u0131n b\u00fcy\u00fck maliyetlere yol a\u00e7t\u0131\u011f\u0131 kaydedildi ve bunun &#8220;\u00fcr\u00fcnlerin ihracat\u0131na engel koymak anlam\u0131na geldi\u011fi&#8221; ileri s\u00fcr\u00fcld\u00fc. Narenciye ihracat\u0131nda\u00a02024 y\u0131l\u0131na kadar \u00e7e\u015fitli sorunlar ya\u015fanmas\u0131na ra\u011fmen bu s\u0131k\u0131nt\u0131lar\u0131n a\u015f\u0131ld\u0131\u011f\u0131 ifade edilen a\u00e7\u0131klamada bir sonraki sezona yeti\u015fmek i\u00e7in haz\u0131rl\u0131klar yap\u0131ld\u0131\u011f\u0131 ve b\u00f6ylece \u00fcreticilerin sekt\u00f6rde kalmaya devam edebildi\u011fi kaydedildi. 2024 [&hellip;]\" \/>\n<meta property=\"og:url\" content=\"https:\/\/kuzeyinsesi.org\/index.php\/2026\/03\/01\/ihracat-surecindeki-engeller-giderilsin\/\" \/>\n<meta property=\"og:site_name\" content=\"Kuzeyin Sesi\" \/>\n<meta property=\"article:publisher\" content=\"https:\/\/www.facebook.com\/kuzeyinsesii\" \/>\n<meta property=\"article:published_time\" content=\"2026-03-01T09:18:16+00:00\" \/>\n<meta name=\"author\" content=\"Kuzeyin Sesi\" \/>\n<meta name=\"twitter:card\" content=\"summary_large_image\" \/>\n<meta name=\"twitter:creator\" content=\"@kuzeyinsesii\" \/>\n<meta name=\"twitter:site\" content=\"@kuzeyinsesii\" \/>\n<meta name=\"twitter:label1\" content=\"Yazan:\" \/>\n\t<meta name=\"twitter:data1\" content=\"Kuzeyin Sesi\" \/>\n\t<meta name=\"twitter:label2\" content=\"Tahmini okuma s\u00fcresi\" \/>\n\t<meta name=\"twitter:data2\" content=\"2 dakika\" \/>\n<script type=\"application\/ld+json\" class=\"yoast-schema-graph\">{\"@context\":\"https:\\\/\\\/schema.org\",\"@graph\":[{\"@type\":\"Article\",\"@id\":\"https:\\\/\\\/kuzeyinsesi.org\\\/index.php\\\/2026\\\/03\\\/01\\\/ihracat-surecindeki-engeller-giderilsin\\\/#article\",\"isPartOf\":{\"@id\":\"https:\\\/\\\/kuzeyinsesi.org\\\/index.php\\\/2026\\\/03\\\/01\\\/ihracat-surecindeki-engeller-giderilsin\\\/\"},\"author\":{\"name\":\"Kuzeyin Sesi\",\"@id\":\"https:\\\/\\\/kuzeyinsesi.org\\\/#\\\/schema\\\/person\\\/9f859689cdf01485597712386e37f5aa\"},\"headline\":\"\u0130hracat s\u00fcrecindeki engeller giderilsin\",\"datePublished\":\"2026-03-01T09:18:16+00:00\",\"mainEntityOfPage\":{\"@id\":\"https:\\\/\\\/kuzeyinsesi.org\\\/index.php\\\/2026\\\/03\\\/01\\\/ihracat-surecindeki-engeller-giderilsin\\\/\"},\"wordCount\":379,\"commentCount\":0,\"image\":{\"@id\":\"https:\\\/\\\/kuzeyinsesi.org\\\/index.php\\\/2026\\\/03\\\/01\\\/ihracat-surecindeki-engeller-giderilsin\\\/#primaryimage\"},\"thumbnailUrl\":\"https:\\\/\\\/kuzeyinsesi.org\\\/wp-content\\\/uploads\\\/2026\\\/03\\\/1772351953009611568c8f99cf3ba6c39854880063d3c339deb9e.jpg\",\"articleSection\":[\"K\u0131br\u0131s\"],\"inLanguage\":\"tr\",\"potentialAction\":[{\"@type\":\"CommentAction\",\"name\":\"Comment\",\"target\":[\"https:\\\/\\\/kuzeyinsesi.org\\\/index.php\\\/2026\\\/03\\\/01\\\/ihracat-surecindeki-engeller-giderilsin\\\/#respond\"]}]},{\"@type\":\"WebPage\",\"@id\":\"https:\\\/\\\/kuzeyinsesi.org\\\/index.php\\\/2026\\\/03\\\/01\\\/ihracat-surecindeki-engeller-giderilsin\\\/\",\"url\":\"https:\\\/\\\/kuzeyinsesi.org\\\/index.php\\\/2026\\\/03\\\/01\\\/ihracat-surecindeki-engeller-giderilsin\\\/\",\"name\":\"\u0130hracat s\u00fcrecindeki engeller giderilsin - Kuzeyin Sesi\",\"isPartOf\":{\"@id\":\"https:\\\/\\\/kuzeyinsesi.org\\\/#website\"},\"primaryImageOfPage\":{\"@id\":\"https:\\\/\\\/kuzeyinsesi.org\\\/index.php\\\/2026\\\/03\\\/01\\\/ihracat-surecindeki-engeller-giderilsin\\\/#primaryimage\"},\"image\":{\"@id\":\"https:\\\/\\\/kuzeyinsesi.org\\\/index.php\\\/2026\\\/03\\\/01\\\/ihracat-surecindeki-engeller-giderilsin\\\/#primaryimage\"},\"thumbnailUrl\":\"https:\\\/\\\/kuzeyinsesi.org\\\/wp-content\\\/uploads\\\/2026\\\/03\\\/1772351953009611568c8f99cf3ba6c39854880063d3c339deb9e.jpg\",\"datePublished\":\"2026-03-01T09:18:16+00:00\",\"author\":{\"@id\":\"https:\\\/\\\/kuzeyinsesi.org\\\/#\\\/schema\\\/person\\\/9f859689cdf01485597712386e37f5aa\"},\"breadcrumb\":{\"@id\":\"https:\\\/\\\/kuzeyinsesi.org\\\/index.php\\\/2026\\\/03\\\/01\\\/ihracat-surecindeki-engeller-giderilsin\\\/#breadcrumb\"},\"inLanguage\":\"tr\",\"potentialAction\":[{\"@type\":\"ReadAction\",\"target\":[\"https:\\\/\\\/kuzeyinsesi.org\\\/index.php\\\/2026\\\/03\\\/01\\\/ihracat-surecindeki-engeller-giderilsin\\\/\"]}]},{\"@type\":\"ImageObject\",\"inLanguage\":\"tr\",\"@id\":\"https:\\\/\\\/kuzeyinsesi.org\\\/index.php\\\/2026\\\/03\\\/01\\\/ihracat-surecindeki-engeller-giderilsin\\\/#primaryimage\",\"url\":\"https:\\\/\\\/kuzeyinsesi.org\\\/wp-content\\\/uploads\\\/2026\\\/03\\\/1772351953009611568c8f99cf3ba6c39854880063d3c339deb9e.jpg\",\"contentUrl\":\"https:\\\/\\\/kuzeyinsesi.org\\\/wp-content\\\/uploads\\\/2026\\\/03\\\/1772351953009611568c8f99cf3ba6c39854880063d3c339deb9e.jpg\",\"width\":770,\"height\":438},{\"@type\":\"BreadcrumbList\",\"@id\":\"https:\\\/\\\/kuzeyinsesi.org\\\/index.php\\\/2026\\\/03\\\/01\\\/ihracat-surecindeki-engeller-giderilsin\\\/#breadcrumb\",\"itemListElement\":[{\"@type\":\"ListItem\",\"position\":1,\"name\":\"Anasayfa\",\"item\":\"https:\\\/\\\/kuzeyinsesi.org\\\/\"},{\"@type\":\"ListItem\",\"position\":2,\"name\":\"\u0130hracat s\u00fcrecindeki engeller giderilsin\"}]},{\"@type\":\"WebSite\",\"@id\":\"https:\\\/\\\/kuzeyinsesi.org\\\/#website\",\"url\":\"https:\\\/\\\/kuzeyinsesi.org\\\/\",\"name\":\"Kuzeyin Sesi\",\"description\":\"Do\u011fru Haberin Adresi\",\"potentialAction\":[{\"@type\":\"SearchAction\",\"target\":{\"@type\":\"EntryPoint\",\"urlTemplate\":\"https:\\\/\\\/kuzeyinsesi.org\\\/?s={search_term_string}\"},\"query-input\":{\"@type\":\"PropertyValueSpecification\",\"valueRequired\":true,\"valueName\":\"search_term_string\"}}],\"inLanguage\":\"tr\"},{\"@type\":\"Person\",\"@id\":\"https:\\\/\\\/kuzeyinsesi.org\\\/#\\\/schema\\\/person\\\/9f859689cdf01485597712386e37f5aa\",\"name\":\"Kuzeyin Sesi\",\"image\":{\"@type\":\"ImageObject\",\"inLanguage\":\"tr\",\"@id\":\"https:\\\/\\\/secure.gravatar.com\\\/avatar\\\/bab33852abfd8b282518d6ed81826833d77c3c882d9ab608add591ccace47a44?s=96&d=mm&r=g\",\"url\":\"https:\\\/\\\/secure.gravatar.com\\\/avatar\\\/bab33852abfd8b282518d6ed81826833d77c3c882d9ab608add591ccace47a44?s=96&d=mm&r=g\",\"contentUrl\":\"https:\\\/\\\/secure.gravatar.com\\\/avatar\\\/bab33852abfd8b282518d6ed81826833d77c3c882d9ab608add591ccace47a44?s=96&d=mm&r=g\",\"caption\":\"Kuzeyin Sesi\"},\"sameAs\":[\"https:\\\/\\\/kuzeyinsesi.org\"],\"url\":\"https:\\\/\\\/kuzeyinsesi.org\\\/index.php\\\/author\\\/guven\\\/\"}]}<\/script>\n<!-- \/ Yoast SEO plugin. -->","yoast_head_json":{"title":"\u0130hracat s\u00fcrecindeki engeller giderilsin - Kuzeyin Sesi","robots":{"index":"index","follow":"follow","max-snippet":"max-snippet:-1","max-image-preview":"max-image-preview:large","max-video-preview":"max-video-preview:-1"},"canonical":"https:\/\/kuzeyinsesi.org\/index.php\/2026\/03\/01\/ihracat-surecindeki-engeller-giderilsin\/","og_locale":"tr_TR","og_type":"article","og_title":"\u0130hracat s\u00fcrecindeki engeller giderilsin - Kuzeyin Sesi","og_description":"Narenciye \u0130hracat\u00e7\u0131 Birlikleri\u2019nden yap\u0131lan yaz\u0131l\u0131 a\u00e7\u0131klamada,\u00a0ihracat\u0131n belirli s\u00fcreler i\u00e7erisine s\u0131k\u0131\u015ft\u0131r\u0131lmas\u0131n\u0131n b\u00fcy\u00fck maliyetlere yol a\u00e7t\u0131\u011f\u0131 kaydedildi ve bunun &#8220;\u00fcr\u00fcnlerin ihracat\u0131na engel koymak anlam\u0131na geldi\u011fi&#8221; ileri s\u00fcr\u00fcld\u00fc. Narenciye ihracat\u0131nda\u00a02024 y\u0131l\u0131na kadar \u00e7e\u015fitli sorunlar ya\u015fanmas\u0131na ra\u011fmen bu s\u0131k\u0131nt\u0131lar\u0131n a\u015f\u0131ld\u0131\u011f\u0131 ifade edilen a\u00e7\u0131klamada bir sonraki sezona yeti\u015fmek i\u00e7in haz\u0131rl\u0131klar yap\u0131ld\u0131\u011f\u0131 ve b\u00f6ylece \u00fcreticilerin sekt\u00f6rde kalmaya devam edebildi\u011fi kaydedildi. 2024 [&hellip;]","og_url":"https:\/\/kuzeyinsesi.org\/index.php\/2026\/03\/01\/ihracat-surecindeki-engeller-giderilsin\/","og_site_name":"Kuzeyin Sesi","article_publisher":"https:\/\/www.facebook.com\/kuzeyinsesii","article_published_time":"2026-03-01T09:18:16+00:00","author":"Kuzeyin Sesi","twitter_card":"summary_large_image","twitter_creator":"@kuzeyinsesii","twitter_site":"@kuzeyinsesii","twitter_misc":{"Yazan:":"Kuzeyin Sesi","Tahmini okuma s\u00fcresi":"2 dakika"},"schema":{"@context":"https:\/\/schema.org","@graph":[{"@type":"Article","@id":"https:\/\/kuzeyinsesi.org\/index.php\/2026\/03\/01\/ihracat-surecindeki-engeller-giderilsin\/#article","isPartOf":{"@id":"https:\/\/kuzeyinsesi.org\/index.php\/2026\/03\/01\/ihracat-surecindeki-engeller-giderilsin\/"},"author":{"name":"Kuzeyin Sesi","@id":"https:\/\/kuzeyinsesi.org\/#\/schema\/person\/9f859689cdf01485597712386e37f5aa"},"headline":"\u0130hracat s\u00fcrecindeki engeller giderilsin","datePublished":"2026-03-01T09:18:16+00:00","mainEntityOfPage":{"@id":"https:\/\/kuzeyinsesi.org\/index.php\/2026\/03\/01\/ihracat-surecindeki-engeller-giderilsin\/"},"wordCount":379,"commentCount":0,"image":{"@id":"https:\/\/kuzeyinsesi.org\/index.php\/2026\/03\/01\/ihracat-surecindeki-engeller-giderilsin\/#primaryimage"},"thumbnailUrl":"https:\/\/kuzeyinsesi.org\/wp-content\/uploads\/2026\/03\/1772351953009611568c8f99cf3ba6c39854880063d3c339deb9e.jpg","articleSection":["K\u0131br\u0131s"],"inLanguage":"tr","potentialAction":[{"@type":"CommentAction","name":"Comment","target":["https:\/\/kuzeyinsesi.org\/index.php\/2026\/03\/01\/ihracat-surecindeki-engeller-giderilsin\/#respond"]}]},{"@type":"WebPage","@id":"https:\/\/kuzeyinsesi.org\/index.php\/2026\/03\/01\/ihracat-surecindeki-engeller-giderilsin\/","url":"https:\/\/kuzeyinsesi.org\/index.php\/2026\/03\/01\/ihracat-surecindeki-engeller-giderilsin\/","name":"\u0130hracat s\u00fcrecindeki engeller giderilsin - Kuzeyin Sesi","isPartOf":{"@id":"https:\/\/kuzeyinsesi.org\/#website"},"primaryImageOfPage":{"@id":"https:\/\/kuzeyinsesi.org\/index.php\/2026\/03\/01\/ihracat-surecindeki-engeller-giderilsin\/#primaryimage"},"image":{"@id":"https:\/\/kuzeyinsesi.org\/index.php\/2026\/03\/01\/ihracat-surecindeki-engeller-giderilsin\/#primaryimage"},"thumbnailUrl":"https:\/\/kuzeyinsesi.org\/wp-content\/uploads\/2026\/03\/1772351953009611568c8f99cf3ba6c39854880063d3c339deb9e.jpg","datePublished":"2026-03-01T09:18:16+00:00","author":{"@id":"https:\/\/kuzeyinsesi.org\/#\/schema\/person\/9f859689cdf01485597712386e37f5aa"},"breadcrumb":{"@id":"https:\/\/kuzeyinsesi.org\/index.php\/2026\/03\/01\/ihracat-surecindeki-engeller-giderilsin\/#breadcrumb"},"inLanguage":"tr","potentialAction":[{"@type":"ReadAction","target":["https:\/\/kuzeyinsesi.org\/index.php\/2026\/03\/01\/ihracat-surecindeki-engeller-giderilsin\/"]}]},{"@type":"ImageObject","inLanguage":"tr","@id":"https:\/\/kuzeyinsesi.org\/index.php\/2026\/03\/01\/ihracat-surecindeki-engeller-giderilsin\/#primaryimage","url":"https:\/\/kuzeyinsesi.org\/wp-content\/uploads\/2026\/03\/1772351953009611568c8f99cf3ba6c39854880063d3c339deb9e.jpg","contentUrl":"https:\/\/kuzeyinsesi.org\/wp-content\/uploads\/2026\/03\/1772351953009611568c8f99cf3ba6c39854880063d3c339deb9e.jpg","width":770,"height":438},{"@type":"BreadcrumbList","@id":"https:\/\/kuzeyinsesi.org\/index.php\/2026\/03\/01\/ihracat-surecindeki-engeller-giderilsin\/#breadcrumb","itemListElement":[{"@type":"ListItem","position":1,"name":"Anasayfa","item":"https:\/\/kuzeyinsesi.org\/"},{"@type":"ListItem","position":2,"name":"\u0130hracat s\u00fcrecindeki engeller giderilsin"}]},{"@type":"WebSite","@id":"https:\/\/kuzeyinsesi.org\/#website","url":"https:\/\/kuzeyinsesi.org\/","name":"Kuzeyin Sesi","description":"Do\u011fru Haberin Adresi","potentialAction":[{"@type":"SearchAction","target":{"@type":"EntryPoint","urlTemplate":"https:\/\/kuzeyinsesi.org\/?s={search_term_string}"},"query-input":{"@type":"PropertyValueSpecification","valueRequired":true,"valueName":"search_term_string"}}],"inLanguage":"tr"},{"@type":"Person","@id":"https:\/\/kuzeyinsesi.org\/#\/schema\/person\/9f859689cdf01485597712386e37f5aa","name":"Kuzeyin Sesi","image":{"@type":"ImageObject","inLanguage":"tr","@id":"https:\/\/secure.gravatar.com\/avatar\/bab33852abfd8b282518d6ed81826833d77c3c882d9ab608add591ccace47a44?s=96&d=mm&r=g","url":"https:\/\/secure.gravatar.com\/avatar\/bab33852abfd8b282518d6ed81826833d77c3c882d9ab608add591ccace47a44?s=96&d=mm&r=g","contentUrl":"https:\/\/secure.gravatar.com\/avatar\/bab33852abfd8b282518d6ed81826833d77c3c882d9ab608add591ccace47a44?s=96&d=mm&r=g","caption":"Kuzeyin Sesi"},"sameAs":["https:\/\/kuzeyinsesi.org"],"url":"https:\/\/kuzeyinsesi.org\/index.php\/author\/guven\/"}]}},"_links":{"self":[{"href":"https:\/\/kuzeyinsesi.org\/index.php\/wp-json\/wp\/v2\/posts\/36094","targetHints":{"allow":["GET"]}}],"collection":[{"href":"https:\/\/kuzeyinsesi.org\/index.php\/wp-json\/wp\/v2\/posts"}],"about":[{"href":"https:\/\/kuzeyinsesi.org\/index.php\/wp-json\/wp\/v2\/types\/post"}],"author":[{"embeddable":true,"href":"https:\/\/kuzeyinsesi.org\/index.php\/wp-json\/wp\/v2\/users\/1"}],"replies":[{"embeddable":true,"href":"https:\/\/kuzeyinsesi.org\/index.php\/wp-json\/wp\/v2\/comments?post=36094"}],"version-history":[{"count":0,"href":"https:\/\/kuzeyinsesi.org\/index.php\/wp-json\/wp\/v2\/posts\/36094\/revisions"}],"wp:featuredmedia":[{"embeddable":true,"href":"https:\/\/kuzeyinsesi.org\/index.php\/wp-json\/wp\/v2\/media\/36095"}],"wp:attachment":[{"href":"https:\/\/kuzeyinsesi.org\/index.php\/wp-json\/wp\/v2\/media?parent=36094"}],"wp:term":[{"taxonomy":"category","embeddable":true,"href":"https:\/\/kuzeyinsesi.org\/index.php\/wp-json\/wp\/v2\/categories?post=36094"},{"taxonomy":"post_tag","embeddable":true,"href":"https:\/\/kuzeyinsesi.org\/index.php\/wp-json\/wp\/v2\/tags?post=36094"}],"curies":[{"name":"wp","href":"https:\/\/api.w.org\/{rel}","templated":true}]}}