{"id":36092,"date":"2026-03-01T10:39:39","date_gmt":"2026-03-01T08:39:39","guid":{"rendered":"https:\/\/kuzeyinsesi.org\/index.php\/2026\/03\/01\/hamaneyin-oldurulmesi-cezasiz-kalmayacak\/"},"modified":"2026-03-01T10:39:39","modified_gmt":"2026-03-01T08:39:39","slug":"hamaneyin-oldurulmesi-cezasiz-kalmayacak","status":"publish","type":"post","link":"https:\/\/kuzeyinsesi.org\/index.php\/2026\/03\/01\/hamaneyin-oldurulmesi-cezasiz-kalmayacak\/","title":{"rendered":"Hamaney\u2019in \u00f6ld\u00fcr\u00fclmesi cezas\u0131z kalmayacak"},"content":{"rendered":"<p style=\"font-weight: 300\"><span style=\"font-weight: 300 !important\">Hamaney&#8217;in \u00f6ld\u00fc\u011f\u00fcn\u00fcn duyurulmas\u0131n\u0131n ard\u0131ndan \u0130ran h\u00fck\u00fcmeti a\u00e7\u0131klama yapt\u0131.<\/span><\/p>\n<p style=\"font-weight: 300\"><span style=\"font-weight: 300 !important\">Hamaney&#8217;in \u00f6ld\u00fc\u011f\u00fc sald\u0131r\u0131n\u0131n cezas\u0131z kalmayaca\u011f\u0131 belirtilen a\u00e7\u0131klamada, sald\u0131r\u0131n\u0131n failleri ve emri verenlerin &#8220;pi\u015fman edilece\u011fi&#8221; ifadesine yer verildi.<\/span><\/p>\n<p style=\"font-weight: 300\"><span style=\"font-weight: 300 !important\">\u0130ran Cumhurba\u015fkanl\u0131\u011f\u0131 da yapt\u0131\u011f\u0131 a\u00e7\u0131klamada, Hamaney&#8217;e y\u00f6nelik sald\u0131r\u0131n\u0131n &#8220;cezas\u0131z kalmayaca\u011f\u0131&#8221; kaydedildi.<\/span><\/p>\n<p style=\"font-weight: 300\"><span style=\"font-weight: 300 !important\">\u0130ran h\u00fck\u00fcmeti, 40 g\u00fcnl\u00fck ulusal yas ilan ederken, devlet dairelerinin 7 g\u00fcn s\u00fcreyle kapat\u0131laca\u011f\u0131n\u0131 duyurdu.<\/span><\/p>\n<p>Hamaney&#8217;in \u00f6ld\u00fcr\u00fclmesi cezas\u0131z kalmayacak yaz\u0131s\u0131 ilk \u00f6nce K\u0131br\u0131s Hakikat \u00fczerinde ortaya \u00e7\u0131kt\u0131.<\/p>\n","protected":false},"excerpt":{"rendered":"<p>Hamaney&#8217;in \u00f6ld\u00fc\u011f\u00fcn\u00fcn duyurulmas\u0131n\u0131n ard\u0131ndan \u0130ran h\u00fck\u00fcmeti a\u00e7\u0131klama yapt\u0131. Hamaney&#8217;in \u00f6ld\u00fc\u011f\u00fc sald\u0131r\u0131n\u0131n cezas\u0131z kalmayaca\u011f\u0131 belirtilen a\u00e7\u0131klamada, sald\u0131r\u0131n\u0131n failleri ve emri verenlerin &#8220;pi\u015fman edilece\u011fi&#8221; ifadesine yer verildi. \u0130ran Cumhurba\u015fkanl\u0131\u011f\u0131 da yapt\u0131\u011f\u0131 a\u00e7\u0131klamada, Hamaney&#8217;e y\u00f6nelik sald\u0131r\u0131n\u0131n &#8220;cezas\u0131z kalmayaca\u011f\u0131&#8221; kaydedildi. \u0130ran h\u00fck\u00fcmeti, 40 g\u00fcnl\u00fck ulusal yas ilan ederken, devlet dairelerinin 7 g\u00fcn s\u00fcreyle kapat\u0131laca\u011f\u0131n\u0131 duyurdu. Hamaney&#8217;in \u00f6ld\u00fcr\u00fclmesi cezas\u0131z kalmayacak [&hellip;]<\/p>\n","protected":false},"author":1,"featured_media":36093,"comment_status":"open","ping_status":"open","sticky":false,"template":"","format":"standard","meta":{"jnews-multi-image_gallery":[],"jnews_single_post":[],"jnews_primary_category":[],"jnews_social_meta":[],"jnews_override_counter":[],"footnotes":""},"categories":[1],"tags":[],"class_list":["post-36092","post","type-post","status-publish","format-standard","has-post-thumbnail","hentry","category-kibris"],"yoast_head":"<!-- This site is optimized with the Yoast SEO plugin v27.5 - https:\/\/yoast.com\/product\/yoast-seo-wordpress\/ -->\n<title>Hamaney\u2019in \u00f6ld\u00fcr\u00fclmesi cezas\u0131z kalmayacak - Kuzeyin Sesi<\/title>\n<meta name=\"robots\" content=\"index, follow, max-snippet:-1, max-image-preview:large, max-video-preview:-1\" \/>\n<link rel=\"canonical\" href=\"https:\/\/kuzeyinsesi.org\/index.php\/2026\/03\/01\/hamaneyin-oldurulmesi-cezasiz-kalmayacak\/\" \/>\n<meta property=\"og:locale\" content=\"tr_TR\" \/>\n<meta property=\"og:type\" content=\"article\" \/>\n<meta property=\"og:title\" content=\"Hamaney\u2019in \u00f6ld\u00fcr\u00fclmesi cezas\u0131z kalmayacak - Kuzeyin Sesi\" \/>\n<meta property=\"og:description\" content=\"Hamaney&#8217;in \u00f6ld\u00fc\u011f\u00fcn\u00fcn duyurulmas\u0131n\u0131n ard\u0131ndan \u0130ran h\u00fck\u00fcmeti a\u00e7\u0131klama yapt\u0131. Hamaney&#8217;in \u00f6ld\u00fc\u011f\u00fc sald\u0131r\u0131n\u0131n cezas\u0131z kalmayaca\u011f\u0131 belirtilen a\u00e7\u0131klamada, sald\u0131r\u0131n\u0131n failleri ve emri verenlerin &#8220;pi\u015fman edilece\u011fi&#8221; ifadesine yer verildi. \u0130ran Cumhurba\u015fkanl\u0131\u011f\u0131 da yapt\u0131\u011f\u0131 a\u00e7\u0131klamada, Hamaney&#8217;e y\u00f6nelik sald\u0131r\u0131n\u0131n &#8220;cezas\u0131z kalmayaca\u011f\u0131&#8221; kaydedildi. \u0130ran h\u00fck\u00fcmeti, 40 g\u00fcnl\u00fck ulusal yas ilan ederken, devlet dairelerinin 7 g\u00fcn s\u00fcreyle kapat\u0131laca\u011f\u0131n\u0131 duyurdu. Hamaney&#8217;in \u00f6ld\u00fcr\u00fclmesi cezas\u0131z kalmayacak [&hellip;]\" \/>\n<meta property=\"og:url\" content=\"https:\/\/kuzeyinsesi.org\/index.php\/2026\/03\/01\/hamaneyin-oldurulmesi-cezasiz-kalmayacak\/\" \/>\n<meta property=\"og:site_name\" content=\"Kuzeyin Sesi\" \/>\n<meta property=\"article:publisher\" content=\"https:\/\/www.facebook.com\/kuzeyinsesii\" \/>\n<meta property=\"article:published_time\" content=\"2026-03-01T08:39:39+00:00\" \/>\n<meta name=\"author\" content=\"Kuzeyin Sesi\" \/>\n<meta name=\"twitter:card\" content=\"summary_large_image\" \/>\n<meta name=\"twitter:creator\" content=\"@kuzeyinsesii\" \/>\n<meta name=\"twitter:site\" content=\"@kuzeyinsesii\" \/>\n<meta name=\"twitter:label1\" content=\"Yazan:\" \/>\n\t<meta name=\"twitter:data1\" content=\"Kuzeyin Sesi\" \/>\n\t<meta name=\"twitter:label2\" content=\"Tahmini okuma s\u00fcresi\" \/>\n\t<meta name=\"twitter:data2\" content=\"1 dakika\" \/>\n<script type=\"application\/ld+json\" class=\"yoast-schema-graph\">{\"@context\":\"https:\\\/\\\/schema.org\",\"@graph\":[{\"@type\":\"Article\",\"@id\":\"https:\\\/\\\/kuzeyinsesi.org\\\/index.php\\\/2026\\\/03\\\/01\\\/hamaneyin-oldurulmesi-cezasiz-kalmayacak\\\/#article\",\"isPartOf\":{\"@id\":\"https:\\\/\\\/kuzeyinsesi.org\\\/index.php\\\/2026\\\/03\\\/01\\\/hamaneyin-oldurulmesi-cezasiz-kalmayacak\\\/\"},\"author\":{\"name\":\"Kuzeyin Sesi\",\"@id\":\"https:\\\/\\\/kuzeyinsesi.org\\\/#\\\/schema\\\/person\\\/9f859689cdf01485597712386e37f5aa\"},\"headline\":\"Hamaney\u2019in \u00f6ld\u00fcr\u00fclmesi cezas\u0131z kalmayacak\",\"datePublished\":\"2026-03-01T08:39:39+00:00\",\"mainEntityOfPage\":{\"@id\":\"https:\\\/\\\/kuzeyinsesi.org\\\/index.php\\\/2026\\\/03\\\/01\\\/hamaneyin-oldurulmesi-cezasiz-kalmayacak\\\/\"},\"wordCount\":112,\"commentCount\":0,\"image\":{\"@id\":\"https:\\\/\\\/kuzeyinsesi.org\\\/index.php\\\/2026\\\/03\\\/01\\\/hamaneyin-oldurulmesi-cezasiz-kalmayacak\\\/#primaryimage\"},\"thumbnailUrl\":\"https:\\\/\\\/kuzeyinsesi.org\\\/wp-content\\\/uploads\\\/2026\\\/03\\\/1772346792436hamaney-3.jpg\",\"articleSection\":[\"K\u0131br\u0131s\"],\"inLanguage\":\"tr\",\"potentialAction\":[{\"@type\":\"CommentAction\",\"name\":\"Comment\",\"target\":[\"https:\\\/\\\/kuzeyinsesi.org\\\/index.php\\\/2026\\\/03\\\/01\\\/hamaneyin-oldurulmesi-cezasiz-kalmayacak\\\/#respond\"]}]},{\"@type\":\"WebPage\",\"@id\":\"https:\\\/\\\/kuzeyinsesi.org\\\/index.php\\\/2026\\\/03\\\/01\\\/hamaneyin-oldurulmesi-cezasiz-kalmayacak\\\/\",\"url\":\"https:\\\/\\\/kuzeyinsesi.org\\\/index.php\\\/2026\\\/03\\\/01\\\/hamaneyin-oldurulmesi-cezasiz-kalmayacak\\\/\",\"name\":\"Hamaney\u2019in \u00f6ld\u00fcr\u00fclmesi cezas\u0131z kalmayacak - Kuzeyin Sesi\",\"isPartOf\":{\"@id\":\"https:\\\/\\\/kuzeyinsesi.org\\\/#website\"},\"primaryImageOfPage\":{\"@id\":\"https:\\\/\\\/kuzeyinsesi.org\\\/index.php\\\/2026\\\/03\\\/01\\\/hamaneyin-oldurulmesi-cezasiz-kalmayacak\\\/#primaryimage\"},\"image\":{\"@id\":\"https:\\\/\\\/kuzeyinsesi.org\\\/index.php\\\/2026\\\/03\\\/01\\\/hamaneyin-oldurulmesi-cezasiz-kalmayacak\\\/#primaryimage\"},\"thumbnailUrl\":\"https:\\\/\\\/kuzeyinsesi.org\\\/wp-content\\\/uploads\\\/2026\\\/03\\\/1772346792436hamaney-3.jpg\",\"datePublished\":\"2026-03-01T08:39:39+00:00\",\"author\":{\"@id\":\"https:\\\/\\\/kuzeyinsesi.org\\\/#\\\/schema\\\/person\\\/9f859689cdf01485597712386e37f5aa\"},\"breadcrumb\":{\"@id\":\"https:\\\/\\\/kuzeyinsesi.org\\\/index.php\\\/2026\\\/03\\\/01\\\/hamaneyin-oldurulmesi-cezasiz-kalmayacak\\\/#breadcrumb\"},\"inLanguage\":\"tr\",\"potentialAction\":[{\"@type\":\"ReadAction\",\"target\":[\"https:\\\/\\\/kuzeyinsesi.org\\\/index.php\\\/2026\\\/03\\\/01\\\/hamaneyin-oldurulmesi-cezasiz-kalmayacak\\\/\"]}]},{\"@type\":\"ImageObject\",\"inLanguage\":\"tr\",\"@id\":\"https:\\\/\\\/kuzeyinsesi.org\\\/index.php\\\/2026\\\/03\\\/01\\\/hamaneyin-oldurulmesi-cezasiz-kalmayacak\\\/#primaryimage\",\"url\":\"https:\\\/\\\/kuzeyinsesi.org\\\/wp-content\\\/uploads\\\/2026\\\/03\\\/1772346792436hamaney-3.jpg\",\"contentUrl\":\"https:\\\/\\\/kuzeyinsesi.org\\\/wp-content\\\/uploads\\\/2026\\\/03\\\/1772346792436hamaney-3.jpg\",\"width\":864,\"height\":486},{\"@type\":\"BreadcrumbList\",\"@id\":\"https:\\\/\\\/kuzeyinsesi.org\\\/index.php\\\/2026\\\/03\\\/01\\\/hamaneyin-oldurulmesi-cezasiz-kalmayacak\\\/#breadcrumb\",\"itemListElement\":[{\"@type\":\"ListItem\",\"position\":1,\"name\":\"Anasayfa\",\"item\":\"https:\\\/\\\/kuzeyinsesi.org\\\/\"},{\"@type\":\"ListItem\",\"position\":2,\"name\":\"Hamaney\u2019in \u00f6ld\u00fcr\u00fclmesi cezas\u0131z kalmayacak\"}]},{\"@type\":\"WebSite\",\"@id\":\"https:\\\/\\\/kuzeyinsesi.org\\\/#website\",\"url\":\"https:\\\/\\\/kuzeyinsesi.org\\\/\",\"name\":\"Kuzeyin Sesi\",\"description\":\"Do\u011fru Haberin Adresi\",\"potentialAction\":[{\"@type\":\"SearchAction\",\"target\":{\"@type\":\"EntryPoint\",\"urlTemplate\":\"https:\\\/\\\/kuzeyinsesi.org\\\/?s={search_term_string}\"},\"query-input\":{\"@type\":\"PropertyValueSpecification\",\"valueRequired\":true,\"valueName\":\"search_term_string\"}}],\"inLanguage\":\"tr\"},{\"@type\":\"Person\",\"@id\":\"https:\\\/\\\/kuzeyinsesi.org\\\/#\\\/schema\\\/person\\\/9f859689cdf01485597712386e37f5aa\",\"name\":\"Kuzeyin Sesi\",\"image\":{\"@type\":\"ImageObject\",\"inLanguage\":\"tr\",\"@id\":\"https:\\\/\\\/secure.gravatar.com\\\/avatar\\\/bab33852abfd8b282518d6ed81826833d77c3c882d9ab608add591ccace47a44?s=96&d=mm&r=g\",\"url\":\"https:\\\/\\\/secure.gravatar.com\\\/avatar\\\/bab33852abfd8b282518d6ed81826833d77c3c882d9ab608add591ccace47a44?s=96&d=mm&r=g\",\"contentUrl\":\"https:\\\/\\\/secure.gravatar.com\\\/avatar\\\/bab33852abfd8b282518d6ed81826833d77c3c882d9ab608add591ccace47a44?s=96&d=mm&r=g\",\"caption\":\"Kuzeyin Sesi\"},\"sameAs\":[\"https:\\\/\\\/kuzeyinsesi.org\"],\"url\":\"https:\\\/\\\/kuzeyinsesi.org\\\/index.php\\\/author\\\/guven\\\/\"}]}<\/script>\n<!-- \/ Yoast SEO plugin. -->","yoast_head_json":{"title":"Hamaney\u2019in \u00f6ld\u00fcr\u00fclmesi cezas\u0131z kalmayacak - Kuzeyin Sesi","robots":{"index":"index","follow":"follow","max-snippet":"max-snippet:-1","max-image-preview":"max-image-preview:large","max-video-preview":"max-video-preview:-1"},"canonical":"https:\/\/kuzeyinsesi.org\/index.php\/2026\/03\/01\/hamaneyin-oldurulmesi-cezasiz-kalmayacak\/","og_locale":"tr_TR","og_type":"article","og_title":"Hamaney\u2019in \u00f6ld\u00fcr\u00fclmesi cezas\u0131z kalmayacak - Kuzeyin Sesi","og_description":"Hamaney&#8217;in \u00f6ld\u00fc\u011f\u00fcn\u00fcn duyurulmas\u0131n\u0131n ard\u0131ndan \u0130ran h\u00fck\u00fcmeti a\u00e7\u0131klama yapt\u0131. Hamaney&#8217;in \u00f6ld\u00fc\u011f\u00fc sald\u0131r\u0131n\u0131n cezas\u0131z kalmayaca\u011f\u0131 belirtilen a\u00e7\u0131klamada, sald\u0131r\u0131n\u0131n failleri ve emri verenlerin &#8220;pi\u015fman edilece\u011fi&#8221; ifadesine yer verildi. \u0130ran Cumhurba\u015fkanl\u0131\u011f\u0131 da yapt\u0131\u011f\u0131 a\u00e7\u0131klamada, Hamaney&#8217;e y\u00f6nelik sald\u0131r\u0131n\u0131n &#8220;cezas\u0131z kalmayaca\u011f\u0131&#8221; kaydedildi. \u0130ran h\u00fck\u00fcmeti, 40 g\u00fcnl\u00fck ulusal yas ilan ederken, devlet dairelerinin 7 g\u00fcn s\u00fcreyle kapat\u0131laca\u011f\u0131n\u0131 duyurdu. Hamaney&#8217;in \u00f6ld\u00fcr\u00fclmesi cezas\u0131z kalmayacak [&hellip;]","og_url":"https:\/\/kuzeyinsesi.org\/index.php\/2026\/03\/01\/hamaneyin-oldurulmesi-cezasiz-kalmayacak\/","og_site_name":"Kuzeyin Sesi","article_publisher":"https:\/\/www.facebook.com\/kuzeyinsesii","article_published_time":"2026-03-01T08:39:39+00:00","author":"Kuzeyin Sesi","twitter_card":"summary_large_image","twitter_creator":"@kuzeyinsesii","twitter_site":"@kuzeyinsesii","twitter_misc":{"Yazan:":"Kuzeyin Sesi","Tahmini okuma s\u00fcresi":"1 dakika"},"schema":{"@context":"https:\/\/schema.org","@graph":[{"@type":"Article","@id":"https:\/\/kuzeyinsesi.org\/index.php\/2026\/03\/01\/hamaneyin-oldurulmesi-cezasiz-kalmayacak\/#article","isPartOf":{"@id":"https:\/\/kuzeyinsesi.org\/index.php\/2026\/03\/01\/hamaneyin-oldurulmesi-cezasiz-kalmayacak\/"},"author":{"name":"Kuzeyin Sesi","@id":"https:\/\/kuzeyinsesi.org\/#\/schema\/person\/9f859689cdf01485597712386e37f5aa"},"headline":"Hamaney\u2019in \u00f6ld\u00fcr\u00fclmesi cezas\u0131z kalmayacak","datePublished":"2026-03-01T08:39:39+00:00","mainEntityOfPage":{"@id":"https:\/\/kuzeyinsesi.org\/index.php\/2026\/03\/01\/hamaneyin-oldurulmesi-cezasiz-kalmayacak\/"},"wordCount":112,"commentCount":0,"image":{"@id":"https:\/\/kuzeyinsesi.org\/index.php\/2026\/03\/01\/hamaneyin-oldurulmesi-cezasiz-kalmayacak\/#primaryimage"},"thumbnailUrl":"https:\/\/kuzeyinsesi.org\/wp-content\/uploads\/2026\/03\/1772346792436hamaney-3.jpg","articleSection":["K\u0131br\u0131s"],"inLanguage":"tr","potentialAction":[{"@type":"CommentAction","name":"Comment","target":["https:\/\/kuzeyinsesi.org\/index.php\/2026\/03\/01\/hamaneyin-oldurulmesi-cezasiz-kalmayacak\/#respond"]}]},{"@type":"WebPage","@id":"https:\/\/kuzeyinsesi.org\/index.php\/2026\/03\/01\/hamaneyin-oldurulmesi-cezasiz-kalmayacak\/","url":"https:\/\/kuzeyinsesi.org\/index.php\/2026\/03\/01\/hamaneyin-oldurulmesi-cezasiz-kalmayacak\/","name":"Hamaney\u2019in \u00f6ld\u00fcr\u00fclmesi cezas\u0131z kalmayacak - Kuzeyin Sesi","isPartOf":{"@id":"https:\/\/kuzeyinsesi.org\/#website"},"primaryImageOfPage":{"@id":"https:\/\/kuzeyinsesi.org\/index.php\/2026\/03\/01\/hamaneyin-oldurulmesi-cezasiz-kalmayacak\/#primaryimage"},"image":{"@id":"https:\/\/kuzeyinsesi.org\/index.php\/2026\/03\/01\/hamaneyin-oldurulmesi-cezasiz-kalmayacak\/#primaryimage"},"thumbnailUrl":"https:\/\/kuzeyinsesi.org\/wp-content\/uploads\/2026\/03\/1772346792436hamaney-3.jpg","datePublished":"2026-03-01T08:39:39+00:00","author":{"@id":"https:\/\/kuzeyinsesi.org\/#\/schema\/person\/9f859689cdf01485597712386e37f5aa"},"breadcrumb":{"@id":"https:\/\/kuzeyinsesi.org\/index.php\/2026\/03\/01\/hamaneyin-oldurulmesi-cezasiz-kalmayacak\/#breadcrumb"},"inLanguage":"tr","potentialAction":[{"@type":"ReadAction","target":["https:\/\/kuzeyinsesi.org\/index.php\/2026\/03\/01\/hamaneyin-oldurulmesi-cezasiz-kalmayacak\/"]}]},{"@type":"ImageObject","inLanguage":"tr","@id":"https:\/\/kuzeyinsesi.org\/index.php\/2026\/03\/01\/hamaneyin-oldurulmesi-cezasiz-kalmayacak\/#primaryimage","url":"https:\/\/kuzeyinsesi.org\/wp-content\/uploads\/2026\/03\/1772346792436hamaney-3.jpg","contentUrl":"https:\/\/kuzeyinsesi.org\/wp-content\/uploads\/2026\/03\/1772346792436hamaney-3.jpg","width":864,"height":486},{"@type":"BreadcrumbList","@id":"https:\/\/kuzeyinsesi.org\/index.php\/2026\/03\/01\/hamaneyin-oldurulmesi-cezasiz-kalmayacak\/#breadcrumb","itemListElement":[{"@type":"ListItem","position":1,"name":"Anasayfa","item":"https:\/\/kuzeyinsesi.org\/"},{"@type":"ListItem","position":2,"name":"Hamaney\u2019in \u00f6ld\u00fcr\u00fclmesi cezas\u0131z kalmayacak"}]},{"@type":"WebSite","@id":"https:\/\/kuzeyinsesi.org\/#website","url":"https:\/\/kuzeyinsesi.org\/","name":"Kuzeyin Sesi","description":"Do\u011fru Haberin Adresi","potentialAction":[{"@type":"SearchAction","target":{"@type":"EntryPoint","urlTemplate":"https:\/\/kuzeyinsesi.org\/?s={search_term_string}"},"query-input":{"@type":"PropertyValueSpecification","valueRequired":true,"valueName":"search_term_string"}}],"inLanguage":"tr"},{"@type":"Person","@id":"https:\/\/kuzeyinsesi.org\/#\/schema\/person\/9f859689cdf01485597712386e37f5aa","name":"Kuzeyin Sesi","image":{"@type":"ImageObject","inLanguage":"tr","@id":"https:\/\/secure.gravatar.com\/avatar\/bab33852abfd8b282518d6ed81826833d77c3c882d9ab608add591ccace47a44?s=96&d=mm&r=g","url":"https:\/\/secure.gravatar.com\/avatar\/bab33852abfd8b282518d6ed81826833d77c3c882d9ab608add591ccace47a44?s=96&d=mm&r=g","contentUrl":"https:\/\/secure.gravatar.com\/avatar\/bab33852abfd8b282518d6ed81826833d77c3c882d9ab608add591ccace47a44?s=96&d=mm&r=g","caption":"Kuzeyin Sesi"},"sameAs":["https:\/\/kuzeyinsesi.org"],"url":"https:\/\/kuzeyinsesi.org\/index.php\/author\/guven\/"}]}},"_links":{"self":[{"href":"https:\/\/kuzeyinsesi.org\/index.php\/wp-json\/wp\/v2\/posts\/36092","targetHints":{"allow":["GET"]}}],"collection":[{"href":"https:\/\/kuzeyinsesi.org\/index.php\/wp-json\/wp\/v2\/posts"}],"about":[{"href":"https:\/\/kuzeyinsesi.org\/index.php\/wp-json\/wp\/v2\/types\/post"}],"author":[{"embeddable":true,"href":"https:\/\/kuzeyinsesi.org\/index.php\/wp-json\/wp\/v2\/users\/1"}],"replies":[{"embeddable":true,"href":"https:\/\/kuzeyinsesi.org\/index.php\/wp-json\/wp\/v2\/comments?post=36092"}],"version-history":[{"count":0,"href":"https:\/\/kuzeyinsesi.org\/index.php\/wp-json\/wp\/v2\/posts\/36092\/revisions"}],"wp:featuredmedia":[{"embeddable":true,"href":"https:\/\/kuzeyinsesi.org\/index.php\/wp-json\/wp\/v2\/media\/36093"}],"wp:attachment":[{"href":"https:\/\/kuzeyinsesi.org\/index.php\/wp-json\/wp\/v2\/media?parent=36092"}],"wp:term":[{"taxonomy":"category","embeddable":true,"href":"https:\/\/kuzeyinsesi.org\/index.php\/wp-json\/wp\/v2\/categories?post=36092"},{"taxonomy":"post_tag","embeddable":true,"href":"https:\/\/kuzeyinsesi.org\/index.php\/wp-json\/wp\/v2\/tags?post=36092"}],"curies":[{"name":"wp","href":"https:\/\/api.w.org\/{rel}","templated":true}]}}