{"id":36090,"date":"2026-03-01T10:33:35","date_gmt":"2026-03-01T08:33:35","guid":{"rendered":"https:\/\/kuzeyinsesi.org\/index.php\/2026\/03\/01\/irana-yonelik-saldirilarin-diplomatik-cozumu-kolaylastirdigini-savundu\/"},"modified":"2026-03-01T10:33:35","modified_gmt":"2026-03-01T08:33:35","slug":"irana-yonelik-saldirilarin-diplomatik-cozumu-kolaylastirdigini-savundu","status":"publish","type":"post","link":"https:\/\/kuzeyinsesi.org\/index.php\/2026\/03\/01\/irana-yonelik-saldirilarin-diplomatik-cozumu-kolaylastirdigini-savundu\/","title":{"rendered":"\u0130ran\u2019a y\u00f6nelik sald\u0131r\u0131lar\u0131n \u201cdiplomatik \u00e7\u00f6z\u00fcm\u00fc kolayla\u015ft\u0131rd\u0131\u011f\u0131n\u0131\u201d savundu"},"content":{"rendered":"<p style=\"font-weight: 300\"><span style=\"font-weight: 300 !important\">Trump, CBS News&#8217;e telefonla verdi\u011fi deme\u00e7te, ABD ve \u0130srail&#8217;in \u0130ran&#8217;a ortak sald\u0131r\u0131lar\u0131na ili\u015fkin de\u011ferlendirmede bulundu.<\/span><\/p>\n<p style=\"font-weight: 300\"><span style=\"font-weight: 300 !important\">\u0130ran lideri Ayetullah Ali Hamaney&#8217;in \u00f6ld\u00fcr\u00fcld\u00fc\u011f\u00fc operasyonun ard\u0131ndan diplomatik \u00e7\u00f6z\u00fcm ihtimalinin sorulmas\u0131 \u00fczerine Trump, &#8220;\u015eu an, bir g\u00fcn \u00f6ncesine g\u00f6re \u00e7ok daha kolay oldu\u011fu a\u015fikar. \u00c7\u00fcnk\u00fc a\u011f\u0131r bir darbe al\u0131yorlar.&#8221; ifadelerini kulland\u0131.<\/span><\/p>\n<p style=\"font-weight: 300\"><span style=\"font-weight: 300 !important\">Trump, sald\u0131r\u0131lar\u0131n sonu\u00e7lar\u0131na g\u00fcvendi\u011fini belirterek, \u0130ran&#8217;a y\u00f6nelik sald\u0131r\u0131lar\u0131, &#8220;Bu \u00fclke i\u00e7in harika bir g\u00fcn, d\u00fcnya i\u00e7in harika bir g\u00fcn.&#8221; s\u00f6zleriyle nitelendirdi.<\/span><\/p>\n<p style=\"font-weight: 300\"><span style=\"font-weight: 300 !important\">Ayr\u0131ca \u0130ran&#8217;da Hamaney&#8217;in \u00f6l\u00fcm\u00fcn\u00fcn ard\u0131ndan y\u00f6netimi devralabilecek &#8220;iyi adaylar&#8221; bulundu\u011funu iddia eden Trump, konuya dair ayr\u0131nt\u0131 vermedi.<\/span><\/p>\n<p style=\"font-weight: 300\"><span style=\"font-weight: 300 !important\">Trump, \u0130ran&#8217;\u0131n \u015fu ana kadarki sald\u0131r\u0131lar\u0131n\u0131n \u00f6ng\u00f6rd\u00fcklerinden daha s\u0131n\u0131rl\u0131 oldu\u011funu de\u011ferlendirerek &#8220;\u0130ki kat\u0131 olaca\u011f\u0131n\u0131 d\u00fc\u015f\u00fcnm\u00fc\u015ft\u00fck. \u015eu ana kadar bekledi\u011fimizden daha az.&#8221; dedi.<\/span><\/p>\n<p style=\"font-weight: 300\"><span style=\"font-weight: 300 !important\">\u0130ran konusunda Kongre ile \u00e7al\u0131\u015f\u0131p \u00e7al\u0131\u015fmayaca\u011f\u0131 sorusuna Trump, her zaman \u00e7al\u0131\u015fmak istedi\u011fini s\u00f6yledi.<\/span><\/p>\n<p style=\"font-weight: 300\"><span style=\"font-weight: 300 !important\">Trump, ABD&#8217;nin \u0130ran&#8217;daki askeri operasyonlar\u0131n\u0131 &#8220;sava\u015f&#8221; olarak g\u00f6r\u00fcp g\u00f6rmedi\u011fine ili\u015fkin soruya ise \u00f6nceli\u011finin, ABD&#8217;ye y\u00f6nelik tehditleri ortadan kald\u0131rmak oldu\u011funu belirtti.<\/span><\/p>\n<p style=\"font-weight: 300\"><span style=\"font-weight: 300 !important\">\u0130ran devlet televizyonu, \u0130ran lideri Hamaney&#8217;in ABD-\u0130srail&#8217;in d\u00fcn d\u00fczenledi\u011fi sald\u0131r\u0131da hayat\u0131n\u0131 kaybetti\u011fini duyurmu\u015ftu.<\/span><\/p>\n<p>\u0130ran&#8217;a y\u00f6nelik sald\u0131r\u0131lar\u0131n &#8220;diplomatik \u00e7\u00f6z\u00fcm\u00fc kolayla\u015ft\u0131rd\u0131\u011f\u0131n\u0131&#8221; savundu yaz\u0131s\u0131 ilk \u00f6nce K\u0131br\u0131s Hakikat \u00fczerinde ortaya \u00e7\u0131kt\u0131.<\/p>\n","protected":false},"excerpt":{"rendered":"<p>Trump, CBS News&#8217;e telefonla verdi\u011fi deme\u00e7te, ABD ve \u0130srail&#8217;in \u0130ran&#8217;a ortak sald\u0131r\u0131lar\u0131na ili\u015fkin de\u011ferlendirmede bulundu. \u0130ran lideri Ayetullah Ali Hamaney&#8217;in \u00f6ld\u00fcr\u00fcld\u00fc\u011f\u00fc operasyonun ard\u0131ndan diplomatik \u00e7\u00f6z\u00fcm ihtimalinin sorulmas\u0131 \u00fczerine Trump, &#8220;\u015eu an, bir g\u00fcn \u00f6ncesine g\u00f6re \u00e7ok daha kolay oldu\u011fu a\u015fikar. \u00c7\u00fcnk\u00fc a\u011f\u0131r bir darbe al\u0131yorlar.&#8221; ifadelerini kulland\u0131. Trump, sald\u0131r\u0131lar\u0131n sonu\u00e7lar\u0131na g\u00fcvendi\u011fini belirterek, \u0130ran&#8217;a y\u00f6nelik sald\u0131r\u0131lar\u0131, [&hellip;]<\/p>\n","protected":false},"author":1,"featured_media":36091,"comment_status":"open","ping_status":"open","sticky":false,"template":"","format":"standard","meta":{"jnews-multi-image_gallery":[],"jnews_single_post":[],"jnews_primary_category":[],"jnews_social_meta":[],"jnews_override_counter":[],"footnotes":""},"categories":[1],"tags":[],"class_list":["post-36090","post","type-post","status-publish","format-standard","has-post-thumbnail","hentry","category-kibris"],"yoast_head":"<!-- This site is optimized with the Yoast SEO plugin v27.5 - https:\/\/yoast.com\/product\/yoast-seo-wordpress\/ -->\n<title>\u0130ran\u2019a y\u00f6nelik sald\u0131r\u0131lar\u0131n \u201cdiplomatik \u00e7\u00f6z\u00fcm\u00fc kolayla\u015ft\u0131rd\u0131\u011f\u0131n\u0131\u201d savundu - Kuzeyin Sesi<\/title>\n<meta name=\"robots\" content=\"index, follow, max-snippet:-1, max-image-preview:large, max-video-preview:-1\" \/>\n<link rel=\"canonical\" href=\"https:\/\/kuzeyinsesi.org\/index.php\/2026\/03\/01\/irana-yonelik-saldirilarin-diplomatik-cozumu-kolaylastirdigini-savundu\/\" \/>\n<meta property=\"og:locale\" content=\"tr_TR\" \/>\n<meta property=\"og:type\" content=\"article\" \/>\n<meta property=\"og:title\" content=\"\u0130ran\u2019a y\u00f6nelik sald\u0131r\u0131lar\u0131n \u201cdiplomatik \u00e7\u00f6z\u00fcm\u00fc kolayla\u015ft\u0131rd\u0131\u011f\u0131n\u0131\u201d savundu - Kuzeyin Sesi\" \/>\n<meta property=\"og:description\" content=\"Trump, CBS News&#8217;e telefonla verdi\u011fi deme\u00e7te, ABD ve \u0130srail&#8217;in \u0130ran&#8217;a ortak sald\u0131r\u0131lar\u0131na ili\u015fkin de\u011ferlendirmede bulundu. \u0130ran lideri Ayetullah Ali Hamaney&#8217;in \u00f6ld\u00fcr\u00fcld\u00fc\u011f\u00fc operasyonun ard\u0131ndan diplomatik \u00e7\u00f6z\u00fcm ihtimalinin sorulmas\u0131 \u00fczerine Trump, &#8220;\u015eu an, bir g\u00fcn \u00f6ncesine g\u00f6re \u00e7ok daha kolay oldu\u011fu a\u015fikar. \u00c7\u00fcnk\u00fc a\u011f\u0131r bir darbe al\u0131yorlar.&#8221; ifadelerini kulland\u0131. Trump, sald\u0131r\u0131lar\u0131n sonu\u00e7lar\u0131na g\u00fcvendi\u011fini belirterek, \u0130ran&#8217;a y\u00f6nelik sald\u0131r\u0131lar\u0131, [&hellip;]\" \/>\n<meta property=\"og:url\" content=\"https:\/\/kuzeyinsesi.org\/index.php\/2026\/03\/01\/irana-yonelik-saldirilarin-diplomatik-cozumu-kolaylastirdigini-savundu\/\" \/>\n<meta property=\"og:site_name\" content=\"Kuzeyin Sesi\" \/>\n<meta property=\"article:publisher\" content=\"https:\/\/www.facebook.com\/kuzeyinsesii\" \/>\n<meta property=\"article:published_time\" content=\"2026-03-01T08:33:35+00:00\" \/>\n<meta name=\"author\" content=\"Kuzeyin Sesi\" \/>\n<meta name=\"twitter:card\" content=\"summary_large_image\" \/>\n<meta name=\"twitter:creator\" content=\"@kuzeyinsesii\" \/>\n<meta name=\"twitter:site\" content=\"@kuzeyinsesii\" \/>\n<meta name=\"twitter:label1\" content=\"Yazan:\" \/>\n\t<meta name=\"twitter:data1\" content=\"Kuzeyin Sesi\" \/>\n\t<meta name=\"twitter:label2\" content=\"Tahmini okuma s\u00fcresi\" \/>\n\t<meta name=\"twitter:data2\" content=\"1 dakika\" \/>\n<script type=\"application\/ld+json\" class=\"yoast-schema-graph\">{\"@context\":\"https:\\\/\\\/schema.org\",\"@graph\":[{\"@type\":\"Article\",\"@id\":\"https:\\\/\\\/kuzeyinsesi.org\\\/index.php\\\/2026\\\/03\\\/01\\\/irana-yonelik-saldirilarin-diplomatik-cozumu-kolaylastirdigini-savundu\\\/#article\",\"isPartOf\":{\"@id\":\"https:\\\/\\\/kuzeyinsesi.org\\\/index.php\\\/2026\\\/03\\\/01\\\/irana-yonelik-saldirilarin-diplomatik-cozumu-kolaylastirdigini-savundu\\\/\"},\"author\":{\"name\":\"Kuzeyin Sesi\",\"@id\":\"https:\\\/\\\/kuzeyinsesi.org\\\/#\\\/schema\\\/person\\\/9f859689cdf01485597712386e37f5aa\"},\"headline\":\"\u0130ran\u2019a y\u00f6nelik sald\u0131r\u0131lar\u0131n \u201cdiplomatik \u00e7\u00f6z\u00fcm\u00fc kolayla\u015ft\u0131rd\u0131\u011f\u0131n\u0131\u201d savundu\",\"datePublished\":\"2026-03-01T08:33:35+00:00\",\"mainEntityOfPage\":{\"@id\":\"https:\\\/\\\/kuzeyinsesi.org\\\/index.php\\\/2026\\\/03\\\/01\\\/irana-yonelik-saldirilarin-diplomatik-cozumu-kolaylastirdigini-savundu\\\/\"},\"wordCount\":289,\"commentCount\":0,\"image\":{\"@id\":\"https:\\\/\\\/kuzeyinsesi.org\\\/index.php\\\/2026\\\/03\\\/01\\\/irana-yonelik-saldirilarin-diplomatik-cozumu-kolaylastirdigini-savundu\\\/#primaryimage\"},\"thumbnailUrl\":\"https:\\\/\\\/kuzeyinsesi.org\\\/wp-content\\\/uploads\\\/2026\\\/03\\\/1772347476496trumppppp.jpg\",\"articleSection\":[\"K\u0131br\u0131s\"],\"inLanguage\":\"tr\",\"potentialAction\":[{\"@type\":\"CommentAction\",\"name\":\"Comment\",\"target\":[\"https:\\\/\\\/kuzeyinsesi.org\\\/index.php\\\/2026\\\/03\\\/01\\\/irana-yonelik-saldirilarin-diplomatik-cozumu-kolaylastirdigini-savundu\\\/#respond\"]}]},{\"@type\":\"WebPage\",\"@id\":\"https:\\\/\\\/kuzeyinsesi.org\\\/index.php\\\/2026\\\/03\\\/01\\\/irana-yonelik-saldirilarin-diplomatik-cozumu-kolaylastirdigini-savundu\\\/\",\"url\":\"https:\\\/\\\/kuzeyinsesi.org\\\/index.php\\\/2026\\\/03\\\/01\\\/irana-yonelik-saldirilarin-diplomatik-cozumu-kolaylastirdigini-savundu\\\/\",\"name\":\"\u0130ran\u2019a y\u00f6nelik sald\u0131r\u0131lar\u0131n \u201cdiplomatik \u00e7\u00f6z\u00fcm\u00fc kolayla\u015ft\u0131rd\u0131\u011f\u0131n\u0131\u201d savundu - Kuzeyin Sesi\",\"isPartOf\":{\"@id\":\"https:\\\/\\\/kuzeyinsesi.org\\\/#website\"},\"primaryImageOfPage\":{\"@id\":\"https:\\\/\\\/kuzeyinsesi.org\\\/index.php\\\/2026\\\/03\\\/01\\\/irana-yonelik-saldirilarin-diplomatik-cozumu-kolaylastirdigini-savundu\\\/#primaryimage\"},\"image\":{\"@id\":\"https:\\\/\\\/kuzeyinsesi.org\\\/index.php\\\/2026\\\/03\\\/01\\\/irana-yonelik-saldirilarin-diplomatik-cozumu-kolaylastirdigini-savundu\\\/#primaryimage\"},\"thumbnailUrl\":\"https:\\\/\\\/kuzeyinsesi.org\\\/wp-content\\\/uploads\\\/2026\\\/03\\\/1772347476496trumppppp.jpg\",\"datePublished\":\"2026-03-01T08:33:35+00:00\",\"author\":{\"@id\":\"https:\\\/\\\/kuzeyinsesi.org\\\/#\\\/schema\\\/person\\\/9f859689cdf01485597712386e37f5aa\"},\"breadcrumb\":{\"@id\":\"https:\\\/\\\/kuzeyinsesi.org\\\/index.php\\\/2026\\\/03\\\/01\\\/irana-yonelik-saldirilarin-diplomatik-cozumu-kolaylastirdigini-savundu\\\/#breadcrumb\"},\"inLanguage\":\"tr\",\"potentialAction\":[{\"@type\":\"ReadAction\",\"target\":[\"https:\\\/\\\/kuzeyinsesi.org\\\/index.php\\\/2026\\\/03\\\/01\\\/irana-yonelik-saldirilarin-diplomatik-cozumu-kolaylastirdigini-savundu\\\/\"]}]},{\"@type\":\"ImageObject\",\"inLanguage\":\"tr\",\"@id\":\"https:\\\/\\\/kuzeyinsesi.org\\\/index.php\\\/2026\\\/03\\\/01\\\/irana-yonelik-saldirilarin-diplomatik-cozumu-kolaylastirdigini-savundu\\\/#primaryimage\",\"url\":\"https:\\\/\\\/kuzeyinsesi.org\\\/wp-content\\\/uploads\\\/2026\\\/03\\\/1772347476496trumppppp.jpg\",\"contentUrl\":\"https:\\\/\\\/kuzeyinsesi.org\\\/wp-content\\\/uploads\\\/2026\\\/03\\\/1772347476496trumppppp.jpg\",\"width\":864,\"height\":486},{\"@type\":\"BreadcrumbList\",\"@id\":\"https:\\\/\\\/kuzeyinsesi.org\\\/index.php\\\/2026\\\/03\\\/01\\\/irana-yonelik-saldirilarin-diplomatik-cozumu-kolaylastirdigini-savundu\\\/#breadcrumb\",\"itemListElement\":[{\"@type\":\"ListItem\",\"position\":1,\"name\":\"Anasayfa\",\"item\":\"https:\\\/\\\/kuzeyinsesi.org\\\/\"},{\"@type\":\"ListItem\",\"position\":2,\"name\":\"\u0130ran\u2019a y\u00f6nelik sald\u0131r\u0131lar\u0131n \u201cdiplomatik \u00e7\u00f6z\u00fcm\u00fc kolayla\u015ft\u0131rd\u0131\u011f\u0131n\u0131\u201d savundu\"}]},{\"@type\":\"WebSite\",\"@id\":\"https:\\\/\\\/kuzeyinsesi.org\\\/#website\",\"url\":\"https:\\\/\\\/kuzeyinsesi.org\\\/\",\"name\":\"Kuzeyin Sesi\",\"description\":\"Do\u011fru Haberin Adresi\",\"potentialAction\":[{\"@type\":\"SearchAction\",\"target\":{\"@type\":\"EntryPoint\",\"urlTemplate\":\"https:\\\/\\\/kuzeyinsesi.org\\\/?s={search_term_string}\"},\"query-input\":{\"@type\":\"PropertyValueSpecification\",\"valueRequired\":true,\"valueName\":\"search_term_string\"}}],\"inLanguage\":\"tr\"},{\"@type\":\"Person\",\"@id\":\"https:\\\/\\\/kuzeyinsesi.org\\\/#\\\/schema\\\/person\\\/9f859689cdf01485597712386e37f5aa\",\"name\":\"Kuzeyin Sesi\",\"image\":{\"@type\":\"ImageObject\",\"inLanguage\":\"tr\",\"@id\":\"https:\\\/\\\/secure.gravatar.com\\\/avatar\\\/bab33852abfd8b282518d6ed81826833d77c3c882d9ab608add591ccace47a44?s=96&d=mm&r=g\",\"url\":\"https:\\\/\\\/secure.gravatar.com\\\/avatar\\\/bab33852abfd8b282518d6ed81826833d77c3c882d9ab608add591ccace47a44?s=96&d=mm&r=g\",\"contentUrl\":\"https:\\\/\\\/secure.gravatar.com\\\/avatar\\\/bab33852abfd8b282518d6ed81826833d77c3c882d9ab608add591ccace47a44?s=96&d=mm&r=g\",\"caption\":\"Kuzeyin Sesi\"},\"sameAs\":[\"https:\\\/\\\/kuzeyinsesi.org\"],\"url\":\"https:\\\/\\\/kuzeyinsesi.org\\\/index.php\\\/author\\\/guven\\\/\"}]}<\/script>\n<!-- \/ Yoast SEO plugin. -->","yoast_head_json":{"title":"\u0130ran\u2019a y\u00f6nelik sald\u0131r\u0131lar\u0131n \u201cdiplomatik \u00e7\u00f6z\u00fcm\u00fc kolayla\u015ft\u0131rd\u0131\u011f\u0131n\u0131\u201d savundu - Kuzeyin Sesi","robots":{"index":"index","follow":"follow","max-snippet":"max-snippet:-1","max-image-preview":"max-image-preview:large","max-video-preview":"max-video-preview:-1"},"canonical":"https:\/\/kuzeyinsesi.org\/index.php\/2026\/03\/01\/irana-yonelik-saldirilarin-diplomatik-cozumu-kolaylastirdigini-savundu\/","og_locale":"tr_TR","og_type":"article","og_title":"\u0130ran\u2019a y\u00f6nelik sald\u0131r\u0131lar\u0131n \u201cdiplomatik \u00e7\u00f6z\u00fcm\u00fc kolayla\u015ft\u0131rd\u0131\u011f\u0131n\u0131\u201d savundu - Kuzeyin Sesi","og_description":"Trump, CBS News&#8217;e telefonla verdi\u011fi deme\u00e7te, ABD ve \u0130srail&#8217;in \u0130ran&#8217;a ortak sald\u0131r\u0131lar\u0131na ili\u015fkin de\u011ferlendirmede bulundu. \u0130ran lideri Ayetullah Ali Hamaney&#8217;in \u00f6ld\u00fcr\u00fcld\u00fc\u011f\u00fc operasyonun ard\u0131ndan diplomatik \u00e7\u00f6z\u00fcm ihtimalinin sorulmas\u0131 \u00fczerine Trump, &#8220;\u015eu an, bir g\u00fcn \u00f6ncesine g\u00f6re \u00e7ok daha kolay oldu\u011fu a\u015fikar. \u00c7\u00fcnk\u00fc a\u011f\u0131r bir darbe al\u0131yorlar.&#8221; ifadelerini kulland\u0131. Trump, sald\u0131r\u0131lar\u0131n sonu\u00e7lar\u0131na g\u00fcvendi\u011fini belirterek, \u0130ran&#8217;a y\u00f6nelik sald\u0131r\u0131lar\u0131, [&hellip;]","og_url":"https:\/\/kuzeyinsesi.org\/index.php\/2026\/03\/01\/irana-yonelik-saldirilarin-diplomatik-cozumu-kolaylastirdigini-savundu\/","og_site_name":"Kuzeyin Sesi","article_publisher":"https:\/\/www.facebook.com\/kuzeyinsesii","article_published_time":"2026-03-01T08:33:35+00:00","author":"Kuzeyin Sesi","twitter_card":"summary_large_image","twitter_creator":"@kuzeyinsesii","twitter_site":"@kuzeyinsesii","twitter_misc":{"Yazan:":"Kuzeyin Sesi","Tahmini okuma s\u00fcresi":"1 dakika"},"schema":{"@context":"https:\/\/schema.org","@graph":[{"@type":"Article","@id":"https:\/\/kuzeyinsesi.org\/index.php\/2026\/03\/01\/irana-yonelik-saldirilarin-diplomatik-cozumu-kolaylastirdigini-savundu\/#article","isPartOf":{"@id":"https:\/\/kuzeyinsesi.org\/index.php\/2026\/03\/01\/irana-yonelik-saldirilarin-diplomatik-cozumu-kolaylastirdigini-savundu\/"},"author":{"name":"Kuzeyin Sesi","@id":"https:\/\/kuzeyinsesi.org\/#\/schema\/person\/9f859689cdf01485597712386e37f5aa"},"headline":"\u0130ran\u2019a y\u00f6nelik sald\u0131r\u0131lar\u0131n \u201cdiplomatik \u00e7\u00f6z\u00fcm\u00fc kolayla\u015ft\u0131rd\u0131\u011f\u0131n\u0131\u201d savundu","datePublished":"2026-03-01T08:33:35+00:00","mainEntityOfPage":{"@id":"https:\/\/kuzeyinsesi.org\/index.php\/2026\/03\/01\/irana-yonelik-saldirilarin-diplomatik-cozumu-kolaylastirdigini-savundu\/"},"wordCount":289,"commentCount":0,"image":{"@id":"https:\/\/kuzeyinsesi.org\/index.php\/2026\/03\/01\/irana-yonelik-saldirilarin-diplomatik-cozumu-kolaylastirdigini-savundu\/#primaryimage"},"thumbnailUrl":"https:\/\/kuzeyinsesi.org\/wp-content\/uploads\/2026\/03\/1772347476496trumppppp.jpg","articleSection":["K\u0131br\u0131s"],"inLanguage":"tr","potentialAction":[{"@type":"CommentAction","name":"Comment","target":["https:\/\/kuzeyinsesi.org\/index.php\/2026\/03\/01\/irana-yonelik-saldirilarin-diplomatik-cozumu-kolaylastirdigini-savundu\/#respond"]}]},{"@type":"WebPage","@id":"https:\/\/kuzeyinsesi.org\/index.php\/2026\/03\/01\/irana-yonelik-saldirilarin-diplomatik-cozumu-kolaylastirdigini-savundu\/","url":"https:\/\/kuzeyinsesi.org\/index.php\/2026\/03\/01\/irana-yonelik-saldirilarin-diplomatik-cozumu-kolaylastirdigini-savundu\/","name":"\u0130ran\u2019a y\u00f6nelik sald\u0131r\u0131lar\u0131n \u201cdiplomatik \u00e7\u00f6z\u00fcm\u00fc kolayla\u015ft\u0131rd\u0131\u011f\u0131n\u0131\u201d savundu - Kuzeyin Sesi","isPartOf":{"@id":"https:\/\/kuzeyinsesi.org\/#website"},"primaryImageOfPage":{"@id":"https:\/\/kuzeyinsesi.org\/index.php\/2026\/03\/01\/irana-yonelik-saldirilarin-diplomatik-cozumu-kolaylastirdigini-savundu\/#primaryimage"},"image":{"@id":"https:\/\/kuzeyinsesi.org\/index.php\/2026\/03\/01\/irana-yonelik-saldirilarin-diplomatik-cozumu-kolaylastirdigini-savundu\/#primaryimage"},"thumbnailUrl":"https:\/\/kuzeyinsesi.org\/wp-content\/uploads\/2026\/03\/1772347476496trumppppp.jpg","datePublished":"2026-03-01T08:33:35+00:00","author":{"@id":"https:\/\/kuzeyinsesi.org\/#\/schema\/person\/9f859689cdf01485597712386e37f5aa"},"breadcrumb":{"@id":"https:\/\/kuzeyinsesi.org\/index.php\/2026\/03\/01\/irana-yonelik-saldirilarin-diplomatik-cozumu-kolaylastirdigini-savundu\/#breadcrumb"},"inLanguage":"tr","potentialAction":[{"@type":"ReadAction","target":["https:\/\/kuzeyinsesi.org\/index.php\/2026\/03\/01\/irana-yonelik-saldirilarin-diplomatik-cozumu-kolaylastirdigini-savundu\/"]}]},{"@type":"ImageObject","inLanguage":"tr","@id":"https:\/\/kuzeyinsesi.org\/index.php\/2026\/03\/01\/irana-yonelik-saldirilarin-diplomatik-cozumu-kolaylastirdigini-savundu\/#primaryimage","url":"https:\/\/kuzeyinsesi.org\/wp-content\/uploads\/2026\/03\/1772347476496trumppppp.jpg","contentUrl":"https:\/\/kuzeyinsesi.org\/wp-content\/uploads\/2026\/03\/1772347476496trumppppp.jpg","width":864,"height":486},{"@type":"BreadcrumbList","@id":"https:\/\/kuzeyinsesi.org\/index.php\/2026\/03\/01\/irana-yonelik-saldirilarin-diplomatik-cozumu-kolaylastirdigini-savundu\/#breadcrumb","itemListElement":[{"@type":"ListItem","position":1,"name":"Anasayfa","item":"https:\/\/kuzeyinsesi.org\/"},{"@type":"ListItem","position":2,"name":"\u0130ran\u2019a y\u00f6nelik sald\u0131r\u0131lar\u0131n \u201cdiplomatik \u00e7\u00f6z\u00fcm\u00fc kolayla\u015ft\u0131rd\u0131\u011f\u0131n\u0131\u201d savundu"}]},{"@type":"WebSite","@id":"https:\/\/kuzeyinsesi.org\/#website","url":"https:\/\/kuzeyinsesi.org\/","name":"Kuzeyin Sesi","description":"Do\u011fru Haberin Adresi","potentialAction":[{"@type":"SearchAction","target":{"@type":"EntryPoint","urlTemplate":"https:\/\/kuzeyinsesi.org\/?s={search_term_string}"},"query-input":{"@type":"PropertyValueSpecification","valueRequired":true,"valueName":"search_term_string"}}],"inLanguage":"tr"},{"@type":"Person","@id":"https:\/\/kuzeyinsesi.org\/#\/schema\/person\/9f859689cdf01485597712386e37f5aa","name":"Kuzeyin Sesi","image":{"@type":"ImageObject","inLanguage":"tr","@id":"https:\/\/secure.gravatar.com\/avatar\/bab33852abfd8b282518d6ed81826833d77c3c882d9ab608add591ccace47a44?s=96&d=mm&r=g","url":"https:\/\/secure.gravatar.com\/avatar\/bab33852abfd8b282518d6ed81826833d77c3c882d9ab608add591ccace47a44?s=96&d=mm&r=g","contentUrl":"https:\/\/secure.gravatar.com\/avatar\/bab33852abfd8b282518d6ed81826833d77c3c882d9ab608add591ccace47a44?s=96&d=mm&r=g","caption":"Kuzeyin Sesi"},"sameAs":["https:\/\/kuzeyinsesi.org"],"url":"https:\/\/kuzeyinsesi.org\/index.php\/author\/guven\/"}]}},"_links":{"self":[{"href":"https:\/\/kuzeyinsesi.org\/index.php\/wp-json\/wp\/v2\/posts\/36090","targetHints":{"allow":["GET"]}}],"collection":[{"href":"https:\/\/kuzeyinsesi.org\/index.php\/wp-json\/wp\/v2\/posts"}],"about":[{"href":"https:\/\/kuzeyinsesi.org\/index.php\/wp-json\/wp\/v2\/types\/post"}],"author":[{"embeddable":true,"href":"https:\/\/kuzeyinsesi.org\/index.php\/wp-json\/wp\/v2\/users\/1"}],"replies":[{"embeddable":true,"href":"https:\/\/kuzeyinsesi.org\/index.php\/wp-json\/wp\/v2\/comments?post=36090"}],"version-history":[{"count":0,"href":"https:\/\/kuzeyinsesi.org\/index.php\/wp-json\/wp\/v2\/posts\/36090\/revisions"}],"wp:featuredmedia":[{"embeddable":true,"href":"https:\/\/kuzeyinsesi.org\/index.php\/wp-json\/wp\/v2\/media\/36091"}],"wp:attachment":[{"href":"https:\/\/kuzeyinsesi.org\/index.php\/wp-json\/wp\/v2\/media?parent=36090"}],"wp:term":[{"taxonomy":"category","embeddable":true,"href":"https:\/\/kuzeyinsesi.org\/index.php\/wp-json\/wp\/v2\/categories?post=36090"},{"taxonomy":"post_tag","embeddable":true,"href":"https:\/\/kuzeyinsesi.org\/index.php\/wp-json\/wp\/v2\/tags?post=36090"}],"curies":[{"name":"wp","href":"https:\/\/api.w.org\/{rel}","templated":true}]}}