{"id":36074,"date":"2026-02-28T17:28:25","date_gmt":"2026-02-28T15:28:25","guid":{"rendered":"https:\/\/kuzeyinsesi.org\/index.php\/2026\/02\/28\/tc-cumhurbaskanligi-iletisim-baskanligi-iddialari-yalanladi\/"},"modified":"2026-02-28T17:28:25","modified_gmt":"2026-02-28T15:28:25","slug":"tc-cumhurbaskanligi-iletisim-baskanligi-iddialari-yalanladi","status":"publish","type":"post","link":"https:\/\/kuzeyinsesi.org\/index.php\/2026\/02\/28\/tc-cumhurbaskanligi-iletisim-baskanligi-iddialari-yalanladi\/","title":{"rendered":"TC Cumhurba\u015fkanl\u0131\u011f\u0131 \u0130leti\u015fim Ba\u015fkanl\u0131\u011f\u0131, iddialar\u0131 yalanlad\u0131"},"content":{"rendered":"<p style=\"font-weight: 300\"><span style=\"font-weight: 300 !important\">DMM&#8217;nin NSosyal hesab\u0131ndan s\u00f6z konusu iddialara ili\u015fkin a\u00e7\u0131klama yap\u0131ld\u0131.<\/span><\/p>\n<p style=\"font-weight: 300\"><span style=\"font-weight: 300 !important\">&#8220;Baz\u0131 sosyal medya mecralar\u0131nda yer alan ve\u00a0T\u00fcrkiye&#8217;nin \u0130ran&#8217;a y\u00f6nelik son sald\u0131r\u0131lara destek verdi\u011fi y\u00f6n\u00fcndeki iddialar tamamen as\u0131ls\u0131zd\u0131r ve kamuoyunu yan\u0131ltmaya y\u00f6nelik dezenformasyon niteli\u011fi ta\u015f\u0131maktad\u0131r.&#8221; ifadesine yer verilen a\u00e7\u0131klamada, \u015funlar kaydedildi:<\/span><\/p>\n<p style=\"font-weight: 300\"><span style=\"font-weight: 300 !important\">&#8220;T\u00fcrkiye\u00a0Cumhuriyeti, taraf\u0131 olmad\u0131\u011f\u0131 herhangi bir \u00e7at\u0131\u015fma veya sava\u015fta taraflar lehine olacak \u015fekilde hava sahas\u0131 dahil olmak \u00fczere hava, kara ve deniz unsurlar\u0131n\u0131n hi\u00e7birini operasyonel ama\u00e7larla kulland\u0131rmaz. Bu husus, \u00fclkemizin temel d\u0131\u015f politika ve g\u00fcvenlik prensipleri aras\u0131nda yer almaktad\u0131r.\u00a0T\u00fcrkiye&#8217;nin hava, kara ve deniz sahas\u0131 \u00fczerindeki egemenlik haklar\u0131 tam ve tart\u0131\u015fmas\u0131zd\u0131r. Egemenlik alanlar\u0131m\u0131za ili\u015fkin t\u00fcm faaliyetler, yaln\u0131zca\u00a0T\u00fcrkiye\u00a0Cumhuriyeti&#8217;nin ulusal g\u00fcvenlik de\u011ferlendirmeleri do\u011frultusunda ve yetkili makamlar\u0131n denetim ve kontrol\u00fc alt\u0131nda y\u00fcr\u00fct\u00fclmektedir. Kamuoyunun, spek\u00fclatif ve mesnetsiz iddialara itibar etmemesi, sadece resmi makamlarca yap\u0131lan a\u00e7\u0131klamalar\u0131 dikkate almas\u0131 \u00f6nemle rica olunur.&#8221;<\/span><\/p>\n<p>TC Cumhurba\u015fkanl\u0131\u011f\u0131 \u0130leti\u015fim Ba\u015fkanl\u0131\u011f\u0131, iddialar\u0131 yalanlad\u0131 yaz\u0131s\u0131 ilk \u00f6nce K\u0131br\u0131s Hakikat \u00fczerinde ortaya \u00e7\u0131kt\u0131.<\/p>\n","protected":false},"excerpt":{"rendered":"<p>DMM&#8217;nin NSosyal hesab\u0131ndan s\u00f6z konusu iddialara ili\u015fkin a\u00e7\u0131klama yap\u0131ld\u0131. &#8220;Baz\u0131 sosyal medya mecralar\u0131nda yer alan ve\u00a0T\u00fcrkiye&#8217;nin \u0130ran&#8217;a y\u00f6nelik son sald\u0131r\u0131lara destek verdi\u011fi y\u00f6n\u00fcndeki iddialar tamamen as\u0131ls\u0131zd\u0131r ve kamuoyunu yan\u0131ltmaya y\u00f6nelik dezenformasyon niteli\u011fi ta\u015f\u0131maktad\u0131r.&#8221; ifadesine yer verilen a\u00e7\u0131klamada, \u015funlar kaydedildi: &#8220;T\u00fcrkiye\u00a0Cumhuriyeti, taraf\u0131 olmad\u0131\u011f\u0131 herhangi bir \u00e7at\u0131\u015fma veya sava\u015fta taraflar lehine olacak \u015fekilde hava sahas\u0131 dahil olmak [&hellip;]<\/p>\n","protected":false},"author":1,"featured_media":36075,"comment_status":"open","ping_status":"open","sticky":false,"template":"","format":"standard","meta":{"jnews-multi-image_gallery":[],"jnews_single_post":[],"jnews_primary_category":[],"jnews_social_meta":[],"jnews_override_counter":[],"footnotes":""},"categories":[1],"tags":[],"class_list":["post-36074","post","type-post","status-publish","format-standard","has-post-thumbnail","hentry","category-kibris"],"yoast_head":"<!-- This site is optimized with the Yoast SEO plugin v27.5 - https:\/\/yoast.com\/product\/yoast-seo-wordpress\/ -->\n<title>TC Cumhurba\u015fkanl\u0131\u011f\u0131 \u0130leti\u015fim Ba\u015fkanl\u0131\u011f\u0131, iddialar\u0131 yalanlad\u0131 - Kuzeyin Sesi<\/title>\n<meta name=\"robots\" content=\"index, follow, max-snippet:-1, max-image-preview:large, max-video-preview:-1\" \/>\n<link rel=\"canonical\" href=\"https:\/\/kuzeyinsesi.org\/index.php\/2026\/02\/28\/tc-cumhurbaskanligi-iletisim-baskanligi-iddialari-yalanladi\/\" \/>\n<meta property=\"og:locale\" content=\"tr_TR\" \/>\n<meta property=\"og:type\" content=\"article\" \/>\n<meta property=\"og:title\" content=\"TC Cumhurba\u015fkanl\u0131\u011f\u0131 \u0130leti\u015fim Ba\u015fkanl\u0131\u011f\u0131, iddialar\u0131 yalanlad\u0131 - Kuzeyin Sesi\" \/>\n<meta property=\"og:description\" content=\"DMM&#8217;nin NSosyal hesab\u0131ndan s\u00f6z konusu iddialara ili\u015fkin a\u00e7\u0131klama yap\u0131ld\u0131. &#8220;Baz\u0131 sosyal medya mecralar\u0131nda yer alan ve\u00a0T\u00fcrkiye&#8217;nin \u0130ran&#8217;a y\u00f6nelik son sald\u0131r\u0131lara destek verdi\u011fi y\u00f6n\u00fcndeki iddialar tamamen as\u0131ls\u0131zd\u0131r ve kamuoyunu yan\u0131ltmaya y\u00f6nelik dezenformasyon niteli\u011fi ta\u015f\u0131maktad\u0131r.&#8221; ifadesine yer verilen a\u00e7\u0131klamada, \u015funlar kaydedildi: &#8220;T\u00fcrkiye\u00a0Cumhuriyeti, taraf\u0131 olmad\u0131\u011f\u0131 herhangi bir \u00e7at\u0131\u015fma veya sava\u015fta taraflar lehine olacak \u015fekilde hava sahas\u0131 dahil olmak [&hellip;]\" \/>\n<meta property=\"og:url\" content=\"https:\/\/kuzeyinsesi.org\/index.php\/2026\/02\/28\/tc-cumhurbaskanligi-iletisim-baskanligi-iddialari-yalanladi\/\" \/>\n<meta property=\"og:site_name\" content=\"Kuzeyin Sesi\" \/>\n<meta property=\"article:publisher\" content=\"https:\/\/www.facebook.com\/kuzeyinsesii\" \/>\n<meta property=\"article:published_time\" content=\"2026-02-28T15:28:25+00:00\" \/>\n<meta name=\"author\" content=\"Kuzeyin Sesi\" \/>\n<meta name=\"twitter:card\" content=\"summary_large_image\" \/>\n<meta name=\"twitter:creator\" content=\"@kuzeyinsesii\" \/>\n<meta name=\"twitter:site\" content=\"@kuzeyinsesii\" \/>\n<meta name=\"twitter:label1\" content=\"Yazan:\" \/>\n\t<meta name=\"twitter:data1\" content=\"Kuzeyin Sesi\" \/>\n\t<meta name=\"twitter:label2\" content=\"Tahmini okuma s\u00fcresi\" \/>\n\t<meta name=\"twitter:data2\" content=\"1 dakika\" \/>\n<script type=\"application\/ld+json\" class=\"yoast-schema-graph\">{\"@context\":\"https:\\\/\\\/schema.org\",\"@graph\":[{\"@type\":\"Article\",\"@id\":\"https:\\\/\\\/kuzeyinsesi.org\\\/index.php\\\/2026\\\/02\\\/28\\\/tc-cumhurbaskanligi-iletisim-baskanligi-iddialari-yalanladi\\\/#article\",\"isPartOf\":{\"@id\":\"https:\\\/\\\/kuzeyinsesi.org\\\/index.php\\\/2026\\\/02\\\/28\\\/tc-cumhurbaskanligi-iletisim-baskanligi-iddialari-yalanladi\\\/\"},\"author\":{\"name\":\"Kuzeyin Sesi\",\"@id\":\"https:\\\/\\\/kuzeyinsesi.org\\\/#\\\/schema\\\/person\\\/9f859689cdf01485597712386e37f5aa\"},\"headline\":\"TC Cumhurba\u015fkanl\u0131\u011f\u0131 \u0130leti\u015fim Ba\u015fkanl\u0131\u011f\u0131, iddialar\u0131 yalanlad\u0131\",\"datePublished\":\"2026-02-28T15:28:25+00:00\",\"mainEntityOfPage\":{\"@id\":\"https:\\\/\\\/kuzeyinsesi.org\\\/index.php\\\/2026\\\/02\\\/28\\\/tc-cumhurbaskanligi-iletisim-baskanligi-iddialari-yalanladi\\\/\"},\"wordCount\":216,\"commentCount\":0,\"image\":{\"@id\":\"https:\\\/\\\/kuzeyinsesi.org\\\/index.php\\\/2026\\\/02\\\/28\\\/tc-cumhurbaskanligi-iletisim-baskanligi-iddialari-yalanladi\\\/#primaryimage\"},\"thumbnailUrl\":\"https:\\\/\\\/kuzeyinsesi.org\\\/wp-content\\\/uploads\\\/2026\\\/02\\\/177228504687007_08_15_AA-40687612.jpg\",\"articleSection\":[\"K\u0131br\u0131s\"],\"inLanguage\":\"tr\",\"potentialAction\":[{\"@type\":\"CommentAction\",\"name\":\"Comment\",\"target\":[\"https:\\\/\\\/kuzeyinsesi.org\\\/index.php\\\/2026\\\/02\\\/28\\\/tc-cumhurbaskanligi-iletisim-baskanligi-iddialari-yalanladi\\\/#respond\"]}]},{\"@type\":\"WebPage\",\"@id\":\"https:\\\/\\\/kuzeyinsesi.org\\\/index.php\\\/2026\\\/02\\\/28\\\/tc-cumhurbaskanligi-iletisim-baskanligi-iddialari-yalanladi\\\/\",\"url\":\"https:\\\/\\\/kuzeyinsesi.org\\\/index.php\\\/2026\\\/02\\\/28\\\/tc-cumhurbaskanligi-iletisim-baskanligi-iddialari-yalanladi\\\/\",\"name\":\"TC Cumhurba\u015fkanl\u0131\u011f\u0131 \u0130leti\u015fim Ba\u015fkanl\u0131\u011f\u0131, iddialar\u0131 yalanlad\u0131 - Kuzeyin Sesi\",\"isPartOf\":{\"@id\":\"https:\\\/\\\/kuzeyinsesi.org\\\/#website\"},\"primaryImageOfPage\":{\"@id\":\"https:\\\/\\\/kuzeyinsesi.org\\\/index.php\\\/2026\\\/02\\\/28\\\/tc-cumhurbaskanligi-iletisim-baskanligi-iddialari-yalanladi\\\/#primaryimage\"},\"image\":{\"@id\":\"https:\\\/\\\/kuzeyinsesi.org\\\/index.php\\\/2026\\\/02\\\/28\\\/tc-cumhurbaskanligi-iletisim-baskanligi-iddialari-yalanladi\\\/#primaryimage\"},\"thumbnailUrl\":\"https:\\\/\\\/kuzeyinsesi.org\\\/wp-content\\\/uploads\\\/2026\\\/02\\\/177228504687007_08_15_AA-40687612.jpg\",\"datePublished\":\"2026-02-28T15:28:25+00:00\",\"author\":{\"@id\":\"https:\\\/\\\/kuzeyinsesi.org\\\/#\\\/schema\\\/person\\\/9f859689cdf01485597712386e37f5aa\"},\"breadcrumb\":{\"@id\":\"https:\\\/\\\/kuzeyinsesi.org\\\/index.php\\\/2026\\\/02\\\/28\\\/tc-cumhurbaskanligi-iletisim-baskanligi-iddialari-yalanladi\\\/#breadcrumb\"},\"inLanguage\":\"tr\",\"potentialAction\":[{\"@type\":\"ReadAction\",\"target\":[\"https:\\\/\\\/kuzeyinsesi.org\\\/index.php\\\/2026\\\/02\\\/28\\\/tc-cumhurbaskanligi-iletisim-baskanligi-iddialari-yalanladi\\\/\"]}]},{\"@type\":\"ImageObject\",\"inLanguage\":\"tr\",\"@id\":\"https:\\\/\\\/kuzeyinsesi.org\\\/index.php\\\/2026\\\/02\\\/28\\\/tc-cumhurbaskanligi-iletisim-baskanligi-iddialari-yalanladi\\\/#primaryimage\",\"url\":\"https:\\\/\\\/kuzeyinsesi.org\\\/wp-content\\\/uploads\\\/2026\\\/02\\\/177228504687007_08_15_AA-40687612.jpg\",\"contentUrl\":\"https:\\\/\\\/kuzeyinsesi.org\\\/wp-content\\\/uploads\\\/2026\\\/02\\\/177228504687007_08_15_AA-40687612.jpg\",\"width\":750,\"height\":421},{\"@type\":\"BreadcrumbList\",\"@id\":\"https:\\\/\\\/kuzeyinsesi.org\\\/index.php\\\/2026\\\/02\\\/28\\\/tc-cumhurbaskanligi-iletisim-baskanligi-iddialari-yalanladi\\\/#breadcrumb\",\"itemListElement\":[{\"@type\":\"ListItem\",\"position\":1,\"name\":\"Anasayfa\",\"item\":\"https:\\\/\\\/kuzeyinsesi.org\\\/\"},{\"@type\":\"ListItem\",\"position\":2,\"name\":\"TC Cumhurba\u015fkanl\u0131\u011f\u0131 \u0130leti\u015fim Ba\u015fkanl\u0131\u011f\u0131, iddialar\u0131 yalanlad\u0131\"}]},{\"@type\":\"WebSite\",\"@id\":\"https:\\\/\\\/kuzeyinsesi.org\\\/#website\",\"url\":\"https:\\\/\\\/kuzeyinsesi.org\\\/\",\"name\":\"Kuzeyin Sesi\",\"description\":\"Do\u011fru Haberin Adresi\",\"potentialAction\":[{\"@type\":\"SearchAction\",\"target\":{\"@type\":\"EntryPoint\",\"urlTemplate\":\"https:\\\/\\\/kuzeyinsesi.org\\\/?s={search_term_string}\"},\"query-input\":{\"@type\":\"PropertyValueSpecification\",\"valueRequired\":true,\"valueName\":\"search_term_string\"}}],\"inLanguage\":\"tr\"},{\"@type\":\"Person\",\"@id\":\"https:\\\/\\\/kuzeyinsesi.org\\\/#\\\/schema\\\/person\\\/9f859689cdf01485597712386e37f5aa\",\"name\":\"Kuzeyin Sesi\",\"image\":{\"@type\":\"ImageObject\",\"inLanguage\":\"tr\",\"@id\":\"https:\\\/\\\/secure.gravatar.com\\\/avatar\\\/bab33852abfd8b282518d6ed81826833d77c3c882d9ab608add591ccace47a44?s=96&d=mm&r=g\",\"url\":\"https:\\\/\\\/secure.gravatar.com\\\/avatar\\\/bab33852abfd8b282518d6ed81826833d77c3c882d9ab608add591ccace47a44?s=96&d=mm&r=g\",\"contentUrl\":\"https:\\\/\\\/secure.gravatar.com\\\/avatar\\\/bab33852abfd8b282518d6ed81826833d77c3c882d9ab608add591ccace47a44?s=96&d=mm&r=g\",\"caption\":\"Kuzeyin Sesi\"},\"sameAs\":[\"https:\\\/\\\/kuzeyinsesi.org\"],\"url\":\"https:\\\/\\\/kuzeyinsesi.org\\\/index.php\\\/author\\\/guven\\\/\"}]}<\/script>\n<!-- \/ Yoast SEO plugin. -->","yoast_head_json":{"title":"TC Cumhurba\u015fkanl\u0131\u011f\u0131 \u0130leti\u015fim Ba\u015fkanl\u0131\u011f\u0131, iddialar\u0131 yalanlad\u0131 - Kuzeyin Sesi","robots":{"index":"index","follow":"follow","max-snippet":"max-snippet:-1","max-image-preview":"max-image-preview:large","max-video-preview":"max-video-preview:-1"},"canonical":"https:\/\/kuzeyinsesi.org\/index.php\/2026\/02\/28\/tc-cumhurbaskanligi-iletisim-baskanligi-iddialari-yalanladi\/","og_locale":"tr_TR","og_type":"article","og_title":"TC Cumhurba\u015fkanl\u0131\u011f\u0131 \u0130leti\u015fim Ba\u015fkanl\u0131\u011f\u0131, iddialar\u0131 yalanlad\u0131 - Kuzeyin Sesi","og_description":"DMM&#8217;nin NSosyal hesab\u0131ndan s\u00f6z konusu iddialara ili\u015fkin a\u00e7\u0131klama yap\u0131ld\u0131. &#8220;Baz\u0131 sosyal medya mecralar\u0131nda yer alan ve\u00a0T\u00fcrkiye&#8217;nin \u0130ran&#8217;a y\u00f6nelik son sald\u0131r\u0131lara destek verdi\u011fi y\u00f6n\u00fcndeki iddialar tamamen as\u0131ls\u0131zd\u0131r ve kamuoyunu yan\u0131ltmaya y\u00f6nelik dezenformasyon niteli\u011fi ta\u015f\u0131maktad\u0131r.&#8221; ifadesine yer verilen a\u00e7\u0131klamada, \u015funlar kaydedildi: &#8220;T\u00fcrkiye\u00a0Cumhuriyeti, taraf\u0131 olmad\u0131\u011f\u0131 herhangi bir \u00e7at\u0131\u015fma veya sava\u015fta taraflar lehine olacak \u015fekilde hava sahas\u0131 dahil olmak [&hellip;]","og_url":"https:\/\/kuzeyinsesi.org\/index.php\/2026\/02\/28\/tc-cumhurbaskanligi-iletisim-baskanligi-iddialari-yalanladi\/","og_site_name":"Kuzeyin Sesi","article_publisher":"https:\/\/www.facebook.com\/kuzeyinsesii","article_published_time":"2026-02-28T15:28:25+00:00","author":"Kuzeyin Sesi","twitter_card":"summary_large_image","twitter_creator":"@kuzeyinsesii","twitter_site":"@kuzeyinsesii","twitter_misc":{"Yazan:":"Kuzeyin Sesi","Tahmini okuma s\u00fcresi":"1 dakika"},"schema":{"@context":"https:\/\/schema.org","@graph":[{"@type":"Article","@id":"https:\/\/kuzeyinsesi.org\/index.php\/2026\/02\/28\/tc-cumhurbaskanligi-iletisim-baskanligi-iddialari-yalanladi\/#article","isPartOf":{"@id":"https:\/\/kuzeyinsesi.org\/index.php\/2026\/02\/28\/tc-cumhurbaskanligi-iletisim-baskanligi-iddialari-yalanladi\/"},"author":{"name":"Kuzeyin Sesi","@id":"https:\/\/kuzeyinsesi.org\/#\/schema\/person\/9f859689cdf01485597712386e37f5aa"},"headline":"TC Cumhurba\u015fkanl\u0131\u011f\u0131 \u0130leti\u015fim Ba\u015fkanl\u0131\u011f\u0131, iddialar\u0131 yalanlad\u0131","datePublished":"2026-02-28T15:28:25+00:00","mainEntityOfPage":{"@id":"https:\/\/kuzeyinsesi.org\/index.php\/2026\/02\/28\/tc-cumhurbaskanligi-iletisim-baskanligi-iddialari-yalanladi\/"},"wordCount":216,"commentCount":0,"image":{"@id":"https:\/\/kuzeyinsesi.org\/index.php\/2026\/02\/28\/tc-cumhurbaskanligi-iletisim-baskanligi-iddialari-yalanladi\/#primaryimage"},"thumbnailUrl":"https:\/\/kuzeyinsesi.org\/wp-content\/uploads\/2026\/02\/177228504687007_08_15_AA-40687612.jpg","articleSection":["K\u0131br\u0131s"],"inLanguage":"tr","potentialAction":[{"@type":"CommentAction","name":"Comment","target":["https:\/\/kuzeyinsesi.org\/index.php\/2026\/02\/28\/tc-cumhurbaskanligi-iletisim-baskanligi-iddialari-yalanladi\/#respond"]}]},{"@type":"WebPage","@id":"https:\/\/kuzeyinsesi.org\/index.php\/2026\/02\/28\/tc-cumhurbaskanligi-iletisim-baskanligi-iddialari-yalanladi\/","url":"https:\/\/kuzeyinsesi.org\/index.php\/2026\/02\/28\/tc-cumhurbaskanligi-iletisim-baskanligi-iddialari-yalanladi\/","name":"TC Cumhurba\u015fkanl\u0131\u011f\u0131 \u0130leti\u015fim Ba\u015fkanl\u0131\u011f\u0131, iddialar\u0131 yalanlad\u0131 - Kuzeyin Sesi","isPartOf":{"@id":"https:\/\/kuzeyinsesi.org\/#website"},"primaryImageOfPage":{"@id":"https:\/\/kuzeyinsesi.org\/index.php\/2026\/02\/28\/tc-cumhurbaskanligi-iletisim-baskanligi-iddialari-yalanladi\/#primaryimage"},"image":{"@id":"https:\/\/kuzeyinsesi.org\/index.php\/2026\/02\/28\/tc-cumhurbaskanligi-iletisim-baskanligi-iddialari-yalanladi\/#primaryimage"},"thumbnailUrl":"https:\/\/kuzeyinsesi.org\/wp-content\/uploads\/2026\/02\/177228504687007_08_15_AA-40687612.jpg","datePublished":"2026-02-28T15:28:25+00:00","author":{"@id":"https:\/\/kuzeyinsesi.org\/#\/schema\/person\/9f859689cdf01485597712386e37f5aa"},"breadcrumb":{"@id":"https:\/\/kuzeyinsesi.org\/index.php\/2026\/02\/28\/tc-cumhurbaskanligi-iletisim-baskanligi-iddialari-yalanladi\/#breadcrumb"},"inLanguage":"tr","potentialAction":[{"@type":"ReadAction","target":["https:\/\/kuzeyinsesi.org\/index.php\/2026\/02\/28\/tc-cumhurbaskanligi-iletisim-baskanligi-iddialari-yalanladi\/"]}]},{"@type":"ImageObject","inLanguage":"tr","@id":"https:\/\/kuzeyinsesi.org\/index.php\/2026\/02\/28\/tc-cumhurbaskanligi-iletisim-baskanligi-iddialari-yalanladi\/#primaryimage","url":"https:\/\/kuzeyinsesi.org\/wp-content\/uploads\/2026\/02\/177228504687007_08_15_AA-40687612.jpg","contentUrl":"https:\/\/kuzeyinsesi.org\/wp-content\/uploads\/2026\/02\/177228504687007_08_15_AA-40687612.jpg","width":750,"height":421},{"@type":"BreadcrumbList","@id":"https:\/\/kuzeyinsesi.org\/index.php\/2026\/02\/28\/tc-cumhurbaskanligi-iletisim-baskanligi-iddialari-yalanladi\/#breadcrumb","itemListElement":[{"@type":"ListItem","position":1,"name":"Anasayfa","item":"https:\/\/kuzeyinsesi.org\/"},{"@type":"ListItem","position":2,"name":"TC Cumhurba\u015fkanl\u0131\u011f\u0131 \u0130leti\u015fim Ba\u015fkanl\u0131\u011f\u0131, iddialar\u0131 yalanlad\u0131"}]},{"@type":"WebSite","@id":"https:\/\/kuzeyinsesi.org\/#website","url":"https:\/\/kuzeyinsesi.org\/","name":"Kuzeyin Sesi","description":"Do\u011fru Haberin Adresi","potentialAction":[{"@type":"SearchAction","target":{"@type":"EntryPoint","urlTemplate":"https:\/\/kuzeyinsesi.org\/?s={search_term_string}"},"query-input":{"@type":"PropertyValueSpecification","valueRequired":true,"valueName":"search_term_string"}}],"inLanguage":"tr"},{"@type":"Person","@id":"https:\/\/kuzeyinsesi.org\/#\/schema\/person\/9f859689cdf01485597712386e37f5aa","name":"Kuzeyin Sesi","image":{"@type":"ImageObject","inLanguage":"tr","@id":"https:\/\/secure.gravatar.com\/avatar\/bab33852abfd8b282518d6ed81826833d77c3c882d9ab608add591ccace47a44?s=96&d=mm&r=g","url":"https:\/\/secure.gravatar.com\/avatar\/bab33852abfd8b282518d6ed81826833d77c3c882d9ab608add591ccace47a44?s=96&d=mm&r=g","contentUrl":"https:\/\/secure.gravatar.com\/avatar\/bab33852abfd8b282518d6ed81826833d77c3c882d9ab608add591ccace47a44?s=96&d=mm&r=g","caption":"Kuzeyin Sesi"},"sameAs":["https:\/\/kuzeyinsesi.org"],"url":"https:\/\/kuzeyinsesi.org\/index.php\/author\/guven\/"}]}},"_links":{"self":[{"href":"https:\/\/kuzeyinsesi.org\/index.php\/wp-json\/wp\/v2\/posts\/36074","targetHints":{"allow":["GET"]}}],"collection":[{"href":"https:\/\/kuzeyinsesi.org\/index.php\/wp-json\/wp\/v2\/posts"}],"about":[{"href":"https:\/\/kuzeyinsesi.org\/index.php\/wp-json\/wp\/v2\/types\/post"}],"author":[{"embeddable":true,"href":"https:\/\/kuzeyinsesi.org\/index.php\/wp-json\/wp\/v2\/users\/1"}],"replies":[{"embeddable":true,"href":"https:\/\/kuzeyinsesi.org\/index.php\/wp-json\/wp\/v2\/comments?post=36074"}],"version-history":[{"count":0,"href":"https:\/\/kuzeyinsesi.org\/index.php\/wp-json\/wp\/v2\/posts\/36074\/revisions"}],"wp:featuredmedia":[{"embeddable":true,"href":"https:\/\/kuzeyinsesi.org\/index.php\/wp-json\/wp\/v2\/media\/36075"}],"wp:attachment":[{"href":"https:\/\/kuzeyinsesi.org\/index.php\/wp-json\/wp\/v2\/media?parent=36074"}],"wp:term":[{"taxonomy":"category","embeddable":true,"href":"https:\/\/kuzeyinsesi.org\/index.php\/wp-json\/wp\/v2\/categories?post=36074"},{"taxonomy":"post_tag","embeddable":true,"href":"https:\/\/kuzeyinsesi.org\/index.php\/wp-json\/wp\/v2\/tags?post=36074"}],"curies":[{"name":"wp","href":"https:\/\/api.w.org\/{rel}","templated":true}]}}