{"id":36072,"date":"2026-02-28T17:22:11","date_gmt":"2026-02-28T15:22:11","guid":{"rendered":"https:\/\/kuzeyinsesi.org\/index.php\/2026\/02\/28\/taraflari-saldirilara-bir-an-once-son-vermeye-davet-ediyoruz\/"},"modified":"2026-02-28T17:22:11","modified_gmt":"2026-02-28T15:22:11","slug":"taraflari-saldirilara-bir-an-once-son-vermeye-davet-ediyoruz","status":"publish","type":"post","link":"https:\/\/kuzeyinsesi.org\/index.php\/2026\/02\/28\/taraflari-saldirilara-bir-an-once-son-vermeye-davet-ediyoruz\/","title":{"rendered":"Taraflar\u0131 sald\u0131r\u0131lara bir an \u00f6nce son vermeye davet ediyoruz"},"content":{"rendered":"<p style=\"font-weight: 300\"><span style=\"font-weight: 300 !important\">Bakanl\u0131k, ABD ile \u0130srail&#8217;in \u0130ran&#8217;a y\u00f6nelik sald\u0131r\u0131lar\u0131 ile ba\u015flayan b\u00f6lgedeki geli\u015fmelere ili\u015fkin yapt\u0131\u011f\u0131 yaz\u0131l\u0131 a\u00e7\u0131klamada devam eden geli\u015fmelerin, b\u00f6lgenin gelece\u011fini ve k\u00fcresel istikrar\u0131 riske atacak nitelikte oldu\u011funu vurgulad\u0131.<\/span><\/p>\n<p style=\"font-weight: 300\"><span style=\"font-weight: 300 !important\">&#8220;Uluslararas\u0131 hukuka ayk\u0131r\u0131 ve masum sivillerin hayat\u0131n\u0131 tehdit eden her t\u00fcrl\u00fc eylemden derin kayg\u0131 duyuyor, \u015fiddetin t\u0131rmanmas\u0131na neden olabilecek k\u0131\u015fk\u0131rtmalar\u0131 k\u0131n\u0131yoruz. Taraflar\u0131 sald\u0131r\u0131lara bir an \u00f6nce son vermeye davet ediyoruz.&#8221; denilen a\u00e7\u0131klamada \u015funlar kaydedildi:<\/span><\/p>\n<p style=\"font-weight: 300\"><span style=\"font-weight: 300 !important\">&#8220;B\u00f6lgemizdeki meselelerin bar\u0131\u015f\u00e7\u0131l yollarla \u00e7\u00f6z\u00fclmesi gerekti\u011fini bir kez daha vurguluyoruz. T\u00fcrkiye, arabuluculuk konusunda gerekli deste\u011fi vermeye haz\u0131rd\u0131r. \u0130lgili \u00fclkelerde ya\u015fayan vatanda\u015flar\u0131m\u0131z\u0131n g\u00fcvenlikleri \u00f6nceli\u011fimiz olup bu hususta gerekli t\u00fcm tedbirler al\u0131nmaktad\u0131r.&#8221;<\/span><\/p>\n<p style=\"font-weight: 300\"><span style=\"font-weight: 300 !important\">&#8211; ABD ve \u0130srail&#8217;in \u0130ran&#8217;a sald\u0131r\u0131lar\u0131<\/span><\/p>\n<p style=\"font-weight: 300\"><span style=\"font-weight: 300 !important\">\u0130ran ile ABD aras\u0131ndaki m\u00fczakere s\u00fcreci devam ederken \u0130srail ve ABD sabah saatlerinde \u0130ran&#8217;a ortak sald\u0131r\u0131 ba\u015flatt\u0131.<\/span><\/p>\n<p style=\"font-weight: 300\"><span style=\"font-weight: 300 !important\">\u0130srail Savunma Bakanl\u0131\u011f\u0131, \u0130ran\u2019a \u201c\u00f6nleyici sald\u0131r\u0131\u201d ba\u015flatt\u0131\u011f\u0131n\u0131 duyurdu. ABD Ba\u015fkan\u0131 Donald Trump da \u0130ran&#8217;a y\u00f6nelik &#8220;b\u00fcy\u00fck bir operasyon&#8221; ba\u015flatt\u0131klar\u0131n\u0131 a\u00e7\u0131klad\u0131.<\/span><\/p>\n<p style=\"font-weight: 300\"><span style=\"font-weight: 300 !important\">Sald\u0131r\u0131lar kapsam\u0131nda ba\u015fkent Tahran, \u0130sfahan, Kerec, Kum, Tebriz, \u015eiraz, Bu\u015fehr, Kirman\u015fah ve \u0130lam kentleri hedef al\u0131nd\u0131.<\/span><\/p>\n<p style=\"font-weight: 300\"><span style=\"font-weight: 300 !important\">\u0130srail ve \u0130ran, hava sahas\u0131n\u0131 kapat\u0131rken \u0130srail genelinde ola\u011fan\u00fcst\u00fc hal ilan edildi, sirenler \u00e7ald\u0131. \u0130ran&#8217;\u0131n kar\u015f\u0131 sald\u0131r\u0131lar\u0131 \u00f6ncesinde \u0130srail halk\u0131n\u0131 s\u0131\u011f\u0131naklara y\u00f6nlendiren uyar\u0131lar yap\u0131ld\u0131.<\/span><\/p>\n<p style=\"font-weight: 300\"><span style=\"font-weight: 300 !important\">\u0130ran ordusu, ABD ile \u0130srail&#8217;in sald\u0131r\u0131lar\u0131na kar\u015f\u0131l\u0131k \u0130srail&#8217;e onlarca balistik f\u00fcze ve insans\u0131z hava ara\u00e7lar\u0131yla kar\u015f\u0131 sald\u0131r\u0131lar ba\u015flatt\u0131\u011f\u0131n\u0131 duyurdu.<\/span><\/p>\n<p style=\"font-weight: 300\"><span style=\"font-weight: 300 !important\">\u0130ran, f\u00fcze sald\u0131r\u0131lar\u0131yla Bahreyn, Birle\u015fik Arap Emirlikleri, Kuveyt, Katar ve \u00dcrd\u00fcn gibi \u00fclkelerde e\u015f zamanl\u0131 ABD \u00fcslerini hedef al\u0131rken Bahreyn&#8217;deki ABD donanma \u00fcss\u00fc vuruldu.<\/span><\/p>\n<p>Taraflar\u0131 sald\u0131r\u0131lara bir an \u00f6nce son vermeye davet ediyoruz yaz\u0131s\u0131 ilk \u00f6nce K\u0131br\u0131s Hakikat \u00fczerinde ortaya \u00e7\u0131kt\u0131.<\/p>\n","protected":false},"excerpt":{"rendered":"<p>Bakanl\u0131k, ABD ile \u0130srail&#8217;in \u0130ran&#8217;a y\u00f6nelik sald\u0131r\u0131lar\u0131 ile ba\u015flayan b\u00f6lgedeki geli\u015fmelere ili\u015fkin yapt\u0131\u011f\u0131 yaz\u0131l\u0131 a\u00e7\u0131klamada devam eden geli\u015fmelerin, b\u00f6lgenin gelece\u011fini ve k\u00fcresel istikrar\u0131 riske atacak nitelikte oldu\u011funu vurgulad\u0131. &#8220;Uluslararas\u0131 hukuka ayk\u0131r\u0131 ve masum sivillerin hayat\u0131n\u0131 tehdit eden her t\u00fcrl\u00fc eylemden derin kayg\u0131 duyuyor, \u015fiddetin t\u0131rmanmas\u0131na neden olabilecek k\u0131\u015fk\u0131rtmalar\u0131 k\u0131n\u0131yoruz. Taraflar\u0131 sald\u0131r\u0131lara bir an \u00f6nce son [&hellip;]<\/p>\n","protected":false},"author":1,"featured_media":36073,"comment_status":"open","ping_status":"open","sticky":false,"template":"","format":"standard","meta":{"jnews-multi-image_gallery":[],"jnews_single_post":[],"jnews_primary_category":[],"jnews_social_meta":[],"jnews_override_counter":[],"footnotes":""},"categories":[1],"tags":[],"class_list":["post-36072","post","type-post","status-publish","format-standard","has-post-thumbnail","hentry","category-kibris"],"yoast_head":"<!-- This site is optimized with the Yoast SEO plugin v27.5 - https:\/\/yoast.com\/product\/yoast-seo-wordpress\/ -->\n<title>Taraflar\u0131 sald\u0131r\u0131lara bir an \u00f6nce son vermeye davet ediyoruz - Kuzeyin Sesi<\/title>\n<meta name=\"robots\" content=\"index, follow, max-snippet:-1, max-image-preview:large, max-video-preview:-1\" \/>\n<link rel=\"canonical\" href=\"https:\/\/kuzeyinsesi.org\/index.php\/2026\/02\/28\/taraflari-saldirilara-bir-an-once-son-vermeye-davet-ediyoruz\/\" \/>\n<meta property=\"og:locale\" content=\"tr_TR\" \/>\n<meta property=\"og:type\" content=\"article\" \/>\n<meta property=\"og:title\" content=\"Taraflar\u0131 sald\u0131r\u0131lara bir an \u00f6nce son vermeye davet ediyoruz - Kuzeyin Sesi\" \/>\n<meta property=\"og:description\" content=\"Bakanl\u0131k, ABD ile \u0130srail&#8217;in \u0130ran&#8217;a y\u00f6nelik sald\u0131r\u0131lar\u0131 ile ba\u015flayan b\u00f6lgedeki geli\u015fmelere ili\u015fkin yapt\u0131\u011f\u0131 yaz\u0131l\u0131 a\u00e7\u0131klamada devam eden geli\u015fmelerin, b\u00f6lgenin gelece\u011fini ve k\u00fcresel istikrar\u0131 riske atacak nitelikte oldu\u011funu vurgulad\u0131. &#8220;Uluslararas\u0131 hukuka ayk\u0131r\u0131 ve masum sivillerin hayat\u0131n\u0131 tehdit eden her t\u00fcrl\u00fc eylemden derin kayg\u0131 duyuyor, \u015fiddetin t\u0131rmanmas\u0131na neden olabilecek k\u0131\u015fk\u0131rtmalar\u0131 k\u0131n\u0131yoruz. Taraflar\u0131 sald\u0131r\u0131lara bir an \u00f6nce son [&hellip;]\" \/>\n<meta property=\"og:url\" content=\"https:\/\/kuzeyinsesi.org\/index.php\/2026\/02\/28\/taraflari-saldirilara-bir-an-once-son-vermeye-davet-ediyoruz\/\" \/>\n<meta property=\"og:site_name\" content=\"Kuzeyin Sesi\" \/>\n<meta property=\"article:publisher\" content=\"https:\/\/www.facebook.com\/kuzeyinsesii\" \/>\n<meta property=\"article:published_time\" content=\"2026-02-28T15:22:11+00:00\" \/>\n<meta name=\"author\" content=\"Kuzeyin Sesi\" \/>\n<meta name=\"twitter:card\" content=\"summary_large_image\" \/>\n<meta name=\"twitter:creator\" content=\"@kuzeyinsesii\" \/>\n<meta name=\"twitter:site\" content=\"@kuzeyinsesii\" \/>\n<meta name=\"twitter:label1\" content=\"Yazan:\" \/>\n\t<meta name=\"twitter:data1\" content=\"Kuzeyin Sesi\" \/>\n\t<meta name=\"twitter:label2\" content=\"Tahmini okuma s\u00fcresi\" \/>\n\t<meta name=\"twitter:data2\" content=\"2 dakika\" \/>\n<script type=\"application\/ld+json\" class=\"yoast-schema-graph\">{\"@context\":\"https:\\\/\\\/schema.org\",\"@graph\":[{\"@type\":\"Article\",\"@id\":\"https:\\\/\\\/kuzeyinsesi.org\\\/index.php\\\/2026\\\/02\\\/28\\\/taraflari-saldirilara-bir-an-once-son-vermeye-davet-ediyoruz\\\/#article\",\"isPartOf\":{\"@id\":\"https:\\\/\\\/kuzeyinsesi.org\\\/index.php\\\/2026\\\/02\\\/28\\\/taraflari-saldirilara-bir-an-once-son-vermeye-davet-ediyoruz\\\/\"},\"author\":{\"name\":\"Kuzeyin Sesi\",\"@id\":\"https:\\\/\\\/kuzeyinsesi.org\\\/#\\\/schema\\\/person\\\/9f859689cdf01485597712386e37f5aa\"},\"headline\":\"Taraflar\u0131 sald\u0131r\u0131lara bir an \u00f6nce son vermeye davet ediyoruz\",\"datePublished\":\"2026-02-28T15:22:11+00:00\",\"mainEntityOfPage\":{\"@id\":\"https:\\\/\\\/kuzeyinsesi.org\\\/index.php\\\/2026\\\/02\\\/28\\\/taraflari-saldirilara-bir-an-once-son-vermeye-davet-ediyoruz\\\/\"},\"wordCount\":362,\"commentCount\":0,\"image\":{\"@id\":\"https:\\\/\\\/kuzeyinsesi.org\\\/index.php\\\/2026\\\/02\\\/28\\\/taraflari-saldirilara-bir-an-once-son-vermeye-davet-ediyoruz\\\/#primaryimage\"},\"thumbnailUrl\":\"https:\\\/\\\/kuzeyinsesi.org\\\/wp-content\\\/uploads\\\/2026\\\/02\\\/1772288733628thumbs_b_c_6d961ea3adbd51c20a3b720bb89782ff.jpg\",\"articleSection\":[\"K\u0131br\u0131s\"],\"inLanguage\":\"tr\",\"potentialAction\":[{\"@type\":\"CommentAction\",\"name\":\"Comment\",\"target\":[\"https:\\\/\\\/kuzeyinsesi.org\\\/index.php\\\/2026\\\/02\\\/28\\\/taraflari-saldirilara-bir-an-once-son-vermeye-davet-ediyoruz\\\/#respond\"]}]},{\"@type\":\"WebPage\",\"@id\":\"https:\\\/\\\/kuzeyinsesi.org\\\/index.php\\\/2026\\\/02\\\/28\\\/taraflari-saldirilara-bir-an-once-son-vermeye-davet-ediyoruz\\\/\",\"url\":\"https:\\\/\\\/kuzeyinsesi.org\\\/index.php\\\/2026\\\/02\\\/28\\\/taraflari-saldirilara-bir-an-once-son-vermeye-davet-ediyoruz\\\/\",\"name\":\"Taraflar\u0131 sald\u0131r\u0131lara bir an \u00f6nce son vermeye davet ediyoruz - Kuzeyin Sesi\",\"isPartOf\":{\"@id\":\"https:\\\/\\\/kuzeyinsesi.org\\\/#website\"},\"primaryImageOfPage\":{\"@id\":\"https:\\\/\\\/kuzeyinsesi.org\\\/index.php\\\/2026\\\/02\\\/28\\\/taraflari-saldirilara-bir-an-once-son-vermeye-davet-ediyoruz\\\/#primaryimage\"},\"image\":{\"@id\":\"https:\\\/\\\/kuzeyinsesi.org\\\/index.php\\\/2026\\\/02\\\/28\\\/taraflari-saldirilara-bir-an-once-son-vermeye-davet-ediyoruz\\\/#primaryimage\"},\"thumbnailUrl\":\"https:\\\/\\\/kuzeyinsesi.org\\\/wp-content\\\/uploads\\\/2026\\\/02\\\/1772288733628thumbs_b_c_6d961ea3adbd51c20a3b720bb89782ff.jpg\",\"datePublished\":\"2026-02-28T15:22:11+00:00\",\"author\":{\"@id\":\"https:\\\/\\\/kuzeyinsesi.org\\\/#\\\/schema\\\/person\\\/9f859689cdf01485597712386e37f5aa\"},\"breadcrumb\":{\"@id\":\"https:\\\/\\\/kuzeyinsesi.org\\\/index.php\\\/2026\\\/02\\\/28\\\/taraflari-saldirilara-bir-an-once-son-vermeye-davet-ediyoruz\\\/#breadcrumb\"},\"inLanguage\":\"tr\",\"potentialAction\":[{\"@type\":\"ReadAction\",\"target\":[\"https:\\\/\\\/kuzeyinsesi.org\\\/index.php\\\/2026\\\/02\\\/28\\\/taraflari-saldirilara-bir-an-once-son-vermeye-davet-ediyoruz\\\/\"]}]},{\"@type\":\"ImageObject\",\"inLanguage\":\"tr\",\"@id\":\"https:\\\/\\\/kuzeyinsesi.org\\\/index.php\\\/2026\\\/02\\\/28\\\/taraflari-saldirilara-bir-an-once-son-vermeye-davet-ediyoruz\\\/#primaryimage\",\"url\":\"https:\\\/\\\/kuzeyinsesi.org\\\/wp-content\\\/uploads\\\/2026\\\/02\\\/1772288733628thumbs_b_c_6d961ea3adbd51c20a3b720bb89782ff.jpg\",\"contentUrl\":\"https:\\\/\\\/kuzeyinsesi.org\\\/wp-content\\\/uploads\\\/2026\\\/02\\\/1772288733628thumbs_b_c_6d961ea3adbd51c20a3b720bb89782ff.jpg\",\"width\":864,\"height\":486},{\"@type\":\"BreadcrumbList\",\"@id\":\"https:\\\/\\\/kuzeyinsesi.org\\\/index.php\\\/2026\\\/02\\\/28\\\/taraflari-saldirilara-bir-an-once-son-vermeye-davet-ediyoruz\\\/#breadcrumb\",\"itemListElement\":[{\"@type\":\"ListItem\",\"position\":1,\"name\":\"Anasayfa\",\"item\":\"https:\\\/\\\/kuzeyinsesi.org\\\/\"},{\"@type\":\"ListItem\",\"position\":2,\"name\":\"Taraflar\u0131 sald\u0131r\u0131lara bir an \u00f6nce son vermeye davet ediyoruz\"}]},{\"@type\":\"WebSite\",\"@id\":\"https:\\\/\\\/kuzeyinsesi.org\\\/#website\",\"url\":\"https:\\\/\\\/kuzeyinsesi.org\\\/\",\"name\":\"Kuzeyin Sesi\",\"description\":\"Do\u011fru Haberin Adresi\",\"potentialAction\":[{\"@type\":\"SearchAction\",\"target\":{\"@type\":\"EntryPoint\",\"urlTemplate\":\"https:\\\/\\\/kuzeyinsesi.org\\\/?s={search_term_string}\"},\"query-input\":{\"@type\":\"PropertyValueSpecification\",\"valueRequired\":true,\"valueName\":\"search_term_string\"}}],\"inLanguage\":\"tr\"},{\"@type\":\"Person\",\"@id\":\"https:\\\/\\\/kuzeyinsesi.org\\\/#\\\/schema\\\/person\\\/9f859689cdf01485597712386e37f5aa\",\"name\":\"Kuzeyin Sesi\",\"image\":{\"@type\":\"ImageObject\",\"inLanguage\":\"tr\",\"@id\":\"https:\\\/\\\/secure.gravatar.com\\\/avatar\\\/bab33852abfd8b282518d6ed81826833d77c3c882d9ab608add591ccace47a44?s=96&d=mm&r=g\",\"url\":\"https:\\\/\\\/secure.gravatar.com\\\/avatar\\\/bab33852abfd8b282518d6ed81826833d77c3c882d9ab608add591ccace47a44?s=96&d=mm&r=g\",\"contentUrl\":\"https:\\\/\\\/secure.gravatar.com\\\/avatar\\\/bab33852abfd8b282518d6ed81826833d77c3c882d9ab608add591ccace47a44?s=96&d=mm&r=g\",\"caption\":\"Kuzeyin Sesi\"},\"sameAs\":[\"https:\\\/\\\/kuzeyinsesi.org\"],\"url\":\"https:\\\/\\\/kuzeyinsesi.org\\\/index.php\\\/author\\\/guven\\\/\"}]}<\/script>\n<!-- \/ Yoast SEO plugin. -->","yoast_head_json":{"title":"Taraflar\u0131 sald\u0131r\u0131lara bir an \u00f6nce son vermeye davet ediyoruz - Kuzeyin Sesi","robots":{"index":"index","follow":"follow","max-snippet":"max-snippet:-1","max-image-preview":"max-image-preview:large","max-video-preview":"max-video-preview:-1"},"canonical":"https:\/\/kuzeyinsesi.org\/index.php\/2026\/02\/28\/taraflari-saldirilara-bir-an-once-son-vermeye-davet-ediyoruz\/","og_locale":"tr_TR","og_type":"article","og_title":"Taraflar\u0131 sald\u0131r\u0131lara bir an \u00f6nce son vermeye davet ediyoruz - Kuzeyin Sesi","og_description":"Bakanl\u0131k, ABD ile \u0130srail&#8217;in \u0130ran&#8217;a y\u00f6nelik sald\u0131r\u0131lar\u0131 ile ba\u015flayan b\u00f6lgedeki geli\u015fmelere ili\u015fkin yapt\u0131\u011f\u0131 yaz\u0131l\u0131 a\u00e7\u0131klamada devam eden geli\u015fmelerin, b\u00f6lgenin gelece\u011fini ve k\u00fcresel istikrar\u0131 riske atacak nitelikte oldu\u011funu vurgulad\u0131. &#8220;Uluslararas\u0131 hukuka ayk\u0131r\u0131 ve masum sivillerin hayat\u0131n\u0131 tehdit eden her t\u00fcrl\u00fc eylemden derin kayg\u0131 duyuyor, \u015fiddetin t\u0131rmanmas\u0131na neden olabilecek k\u0131\u015fk\u0131rtmalar\u0131 k\u0131n\u0131yoruz. Taraflar\u0131 sald\u0131r\u0131lara bir an \u00f6nce son [&hellip;]","og_url":"https:\/\/kuzeyinsesi.org\/index.php\/2026\/02\/28\/taraflari-saldirilara-bir-an-once-son-vermeye-davet-ediyoruz\/","og_site_name":"Kuzeyin Sesi","article_publisher":"https:\/\/www.facebook.com\/kuzeyinsesii","article_published_time":"2026-02-28T15:22:11+00:00","author":"Kuzeyin Sesi","twitter_card":"summary_large_image","twitter_creator":"@kuzeyinsesii","twitter_site":"@kuzeyinsesii","twitter_misc":{"Yazan:":"Kuzeyin Sesi","Tahmini okuma s\u00fcresi":"2 dakika"},"schema":{"@context":"https:\/\/schema.org","@graph":[{"@type":"Article","@id":"https:\/\/kuzeyinsesi.org\/index.php\/2026\/02\/28\/taraflari-saldirilara-bir-an-once-son-vermeye-davet-ediyoruz\/#article","isPartOf":{"@id":"https:\/\/kuzeyinsesi.org\/index.php\/2026\/02\/28\/taraflari-saldirilara-bir-an-once-son-vermeye-davet-ediyoruz\/"},"author":{"name":"Kuzeyin Sesi","@id":"https:\/\/kuzeyinsesi.org\/#\/schema\/person\/9f859689cdf01485597712386e37f5aa"},"headline":"Taraflar\u0131 sald\u0131r\u0131lara bir an \u00f6nce son vermeye davet ediyoruz","datePublished":"2026-02-28T15:22:11+00:00","mainEntityOfPage":{"@id":"https:\/\/kuzeyinsesi.org\/index.php\/2026\/02\/28\/taraflari-saldirilara-bir-an-once-son-vermeye-davet-ediyoruz\/"},"wordCount":362,"commentCount":0,"image":{"@id":"https:\/\/kuzeyinsesi.org\/index.php\/2026\/02\/28\/taraflari-saldirilara-bir-an-once-son-vermeye-davet-ediyoruz\/#primaryimage"},"thumbnailUrl":"https:\/\/kuzeyinsesi.org\/wp-content\/uploads\/2026\/02\/1772288733628thumbs_b_c_6d961ea3adbd51c20a3b720bb89782ff.jpg","articleSection":["K\u0131br\u0131s"],"inLanguage":"tr","potentialAction":[{"@type":"CommentAction","name":"Comment","target":["https:\/\/kuzeyinsesi.org\/index.php\/2026\/02\/28\/taraflari-saldirilara-bir-an-once-son-vermeye-davet-ediyoruz\/#respond"]}]},{"@type":"WebPage","@id":"https:\/\/kuzeyinsesi.org\/index.php\/2026\/02\/28\/taraflari-saldirilara-bir-an-once-son-vermeye-davet-ediyoruz\/","url":"https:\/\/kuzeyinsesi.org\/index.php\/2026\/02\/28\/taraflari-saldirilara-bir-an-once-son-vermeye-davet-ediyoruz\/","name":"Taraflar\u0131 sald\u0131r\u0131lara bir an \u00f6nce son vermeye davet ediyoruz - Kuzeyin Sesi","isPartOf":{"@id":"https:\/\/kuzeyinsesi.org\/#website"},"primaryImageOfPage":{"@id":"https:\/\/kuzeyinsesi.org\/index.php\/2026\/02\/28\/taraflari-saldirilara-bir-an-once-son-vermeye-davet-ediyoruz\/#primaryimage"},"image":{"@id":"https:\/\/kuzeyinsesi.org\/index.php\/2026\/02\/28\/taraflari-saldirilara-bir-an-once-son-vermeye-davet-ediyoruz\/#primaryimage"},"thumbnailUrl":"https:\/\/kuzeyinsesi.org\/wp-content\/uploads\/2026\/02\/1772288733628thumbs_b_c_6d961ea3adbd51c20a3b720bb89782ff.jpg","datePublished":"2026-02-28T15:22:11+00:00","author":{"@id":"https:\/\/kuzeyinsesi.org\/#\/schema\/person\/9f859689cdf01485597712386e37f5aa"},"breadcrumb":{"@id":"https:\/\/kuzeyinsesi.org\/index.php\/2026\/02\/28\/taraflari-saldirilara-bir-an-once-son-vermeye-davet-ediyoruz\/#breadcrumb"},"inLanguage":"tr","potentialAction":[{"@type":"ReadAction","target":["https:\/\/kuzeyinsesi.org\/index.php\/2026\/02\/28\/taraflari-saldirilara-bir-an-once-son-vermeye-davet-ediyoruz\/"]}]},{"@type":"ImageObject","inLanguage":"tr","@id":"https:\/\/kuzeyinsesi.org\/index.php\/2026\/02\/28\/taraflari-saldirilara-bir-an-once-son-vermeye-davet-ediyoruz\/#primaryimage","url":"https:\/\/kuzeyinsesi.org\/wp-content\/uploads\/2026\/02\/1772288733628thumbs_b_c_6d961ea3adbd51c20a3b720bb89782ff.jpg","contentUrl":"https:\/\/kuzeyinsesi.org\/wp-content\/uploads\/2026\/02\/1772288733628thumbs_b_c_6d961ea3adbd51c20a3b720bb89782ff.jpg","width":864,"height":486},{"@type":"BreadcrumbList","@id":"https:\/\/kuzeyinsesi.org\/index.php\/2026\/02\/28\/taraflari-saldirilara-bir-an-once-son-vermeye-davet-ediyoruz\/#breadcrumb","itemListElement":[{"@type":"ListItem","position":1,"name":"Anasayfa","item":"https:\/\/kuzeyinsesi.org\/"},{"@type":"ListItem","position":2,"name":"Taraflar\u0131 sald\u0131r\u0131lara bir an \u00f6nce son vermeye davet ediyoruz"}]},{"@type":"WebSite","@id":"https:\/\/kuzeyinsesi.org\/#website","url":"https:\/\/kuzeyinsesi.org\/","name":"Kuzeyin Sesi","description":"Do\u011fru Haberin Adresi","potentialAction":[{"@type":"SearchAction","target":{"@type":"EntryPoint","urlTemplate":"https:\/\/kuzeyinsesi.org\/?s={search_term_string}"},"query-input":{"@type":"PropertyValueSpecification","valueRequired":true,"valueName":"search_term_string"}}],"inLanguage":"tr"},{"@type":"Person","@id":"https:\/\/kuzeyinsesi.org\/#\/schema\/person\/9f859689cdf01485597712386e37f5aa","name":"Kuzeyin Sesi","image":{"@type":"ImageObject","inLanguage":"tr","@id":"https:\/\/secure.gravatar.com\/avatar\/bab33852abfd8b282518d6ed81826833d77c3c882d9ab608add591ccace47a44?s=96&d=mm&r=g","url":"https:\/\/secure.gravatar.com\/avatar\/bab33852abfd8b282518d6ed81826833d77c3c882d9ab608add591ccace47a44?s=96&d=mm&r=g","contentUrl":"https:\/\/secure.gravatar.com\/avatar\/bab33852abfd8b282518d6ed81826833d77c3c882d9ab608add591ccace47a44?s=96&d=mm&r=g","caption":"Kuzeyin Sesi"},"sameAs":["https:\/\/kuzeyinsesi.org"],"url":"https:\/\/kuzeyinsesi.org\/index.php\/author\/guven\/"}]}},"_links":{"self":[{"href":"https:\/\/kuzeyinsesi.org\/index.php\/wp-json\/wp\/v2\/posts\/36072","targetHints":{"allow":["GET"]}}],"collection":[{"href":"https:\/\/kuzeyinsesi.org\/index.php\/wp-json\/wp\/v2\/posts"}],"about":[{"href":"https:\/\/kuzeyinsesi.org\/index.php\/wp-json\/wp\/v2\/types\/post"}],"author":[{"embeddable":true,"href":"https:\/\/kuzeyinsesi.org\/index.php\/wp-json\/wp\/v2\/users\/1"}],"replies":[{"embeddable":true,"href":"https:\/\/kuzeyinsesi.org\/index.php\/wp-json\/wp\/v2\/comments?post=36072"}],"version-history":[{"count":0,"href":"https:\/\/kuzeyinsesi.org\/index.php\/wp-json\/wp\/v2\/posts\/36072\/revisions"}],"wp:featuredmedia":[{"embeddable":true,"href":"https:\/\/kuzeyinsesi.org\/index.php\/wp-json\/wp\/v2\/media\/36073"}],"wp:attachment":[{"href":"https:\/\/kuzeyinsesi.org\/index.php\/wp-json\/wp\/v2\/media?parent=36072"}],"wp:term":[{"taxonomy":"category","embeddable":true,"href":"https:\/\/kuzeyinsesi.org\/index.php\/wp-json\/wp\/v2\/categories?post=36072"},{"taxonomy":"post_tag","embeddable":true,"href":"https:\/\/kuzeyinsesi.org\/index.php\/wp-json\/wp\/v2\/tags?post=36072"}],"curies":[{"name":"wp","href":"https:\/\/api.w.org\/{rel}","templated":true}]}}