{"id":36070,"date":"2026-02-28T17:15:26","date_gmt":"2026-02-28T15:15:26","guid":{"rendered":"https:\/\/kuzeyinsesi.org\/index.php\/2026\/02\/28\/iran-abd-israil-ilkokulu-vurdu-51-ogrenci-oldu\/"},"modified":"2026-02-28T17:15:26","modified_gmt":"2026-02-28T15:15:26","slug":"iran-abd-israil-ilkokulu-vurdu-51-ogrenci-oldu","status":"publish","type":"post","link":"https:\/\/kuzeyinsesi.org\/index.php\/2026\/02\/28\/iran-abd-israil-ilkokulu-vurdu-51-ogrenci-oldu\/","title":{"rendered":"\u0130ran: ABD-\u0130srail ilkokulu vurdu, 51 \u00f6\u011frenci \u00f6ld\u00fc"},"content":{"rendered":"<p style=\"font-weight: 300\"><span style=\"font-weight: 300 !important\">\u0130ran devlet televizyonunun haberine g\u00f6re, \u00fclkenin g\u00fcneyindeki H\u00fcrm\u00fczgan eyaletine ba\u011fl\u0131 Minab kentindeki &#8220;\u015eeceret\u00fc\u2019t-Tayyibe K\u0131z \u0130lkokulu&#8221;n\u0131 hedef alan ABD-\u0130srail sald\u0131r\u0131s\u0131nda \u015fu ana kadar 51 k\u0131z \u00f6\u011frenci ya\u015fam\u0131n\u0131 yitirdi.<\/span><\/p>\n<p style=\"font-weight: 300\"><span style=\"font-weight: 300 !important\">Minab Kaymakam\u0131 Muhammed Radmehr, okulun do\u011frudan hedef al\u0131nd\u0131\u011f\u0131n\u0131 ve \u00e7ok say\u0131da \u00f6\u011frencinin sald\u0131r\u0131da hayat\u0131n\u0131 kaybetti\u011fini belirtti.<\/span><\/p>\n<p style=\"font-weight: 300\"><span style=\"font-weight: 300 !important\">Radmehr, Minab kentinde ABD-\u0130srail sald\u0131r\u0131s\u0131nda bir ilkokulun hedef al\u0131nd\u0131\u011f\u0131n\u0131 ve sald\u0131r\u0131da son olarak 40 k\u0131z \u00f6\u011frencinin ya\u015fam\u0131n\u0131 yitirdi\u011fini a\u00e7\u0131klam\u0131\u015ft\u0131.<\/span><\/p>\n<p style=\"font-weight: 300\"><span style=\"font-weight: 300 !important\">&#8211; ABD-\u0130srail&#8217;in \u0130ran&#8217;a sald\u0131r\u0131lar\u0131<\/span><\/p>\n<p style=\"font-weight: 300\"><span style=\"font-weight: 300 !important\">\u0130ran ile ABD aras\u0131ndaki m\u00fczakere s\u00fcreci devam ederken \u0130srail ve ABD sabah saatlerinde \u0130ran&#8217;a ortak sald\u0131r\u0131lar d\u00fczenledi.<\/span><\/p>\n<p style=\"font-weight: 300\"><span style=\"font-weight: 300 !important\">\u0130srail Savunma Bakanl\u0131\u011f\u0131, \u0130srail\u2019in \u0130ran\u2019a \u201c\u00f6nleyici sald\u0131r\u0131\u201d ba\u015flatt\u0131\u011f\u0131n\u0131 duyurdu. ABD Ba\u015fkan\u0131 Donald Trump da \u0130ran&#8217;a y\u00f6nelik &#8220;b\u00fcy\u00fck bir operasyon&#8221; ba\u015flatt\u0131klar\u0131n\u0131 a\u00e7\u0131klad\u0131.<\/span><\/p>\n<p style=\"font-weight: 300\"><span style=\"font-weight: 300 !important\">Sald\u0131r\u0131lar kapsam\u0131nda ba\u015fkent Tahran, \u0130sfahan, Kerec, Kum, Tebriz, Bu\u015fehr, Kirman\u015fah ve \u0130lam kentleri hedef al\u0131nd\u0131.<\/span><\/p>\n<p style=\"font-weight: 300\"><span style=\"font-weight: 300 !important\">\u0130srail ve \u0130ran, hava sahas\u0131n\u0131 kapat\u0131rken \u0130srail genelinde ola\u011fan\u00fcst\u00fc hal ilan edildi, sirenler \u00e7ald\u0131. \u0130ran&#8217;\u0131n kar\u015f\u0131 sald\u0131r\u0131lar\u0131 \u00f6ncesinde \u0130srail halk\u0131n\u0131 s\u0131\u011f\u0131naklara y\u00f6nlendiren uyar\u0131lar yap\u0131ld\u0131.<\/span><\/p>\n<p style=\"font-weight: 300\"><span style=\"font-weight: 300 !important\">\u0130ran ordusu, ABD ile \u0130srail&#8217;in sald\u0131r\u0131lar\u0131na kar\u015f\u0131l\u0131k \u0130srail&#8217;e onlarca balistik f\u00fcze ve insans\u0131z hava ara\u00e7lar\u0131yla kar\u015f\u0131 sald\u0131r\u0131lar ba\u015flatt\u0131\u011f\u0131n\u0131 duyurdu.<\/span><\/p>\n<p style=\"font-weight: 300\"><span style=\"font-weight: 300 !important\">\u0130ran, f\u00fcze sald\u0131r\u0131lar\u0131yla Bahreyn, Birle\u015fik Arap Emirlikleri, Kuveyt, Katar ve \u00dcrd\u00fcn gibi \u00fclkelerde e\u015f zamanl\u0131 ABD \u00fcslerini hedef al\u0131rken Bahreyn&#8217;deki ABD donanma \u00fcss\u00fc vuruldu.<\/span><\/p>\n<p>\u0130ran: ABD-\u0130srail ilkokulu vurdu, 51 \u00f6\u011frenci \u00f6ld\u00fc yaz\u0131s\u0131 ilk \u00f6nce K\u0131br\u0131s Hakikat \u00fczerinde ortaya \u00e7\u0131kt\u0131.<\/p>\n","protected":false},"excerpt":{"rendered":"<p>\u0130ran devlet televizyonunun haberine g\u00f6re, \u00fclkenin g\u00fcneyindeki H\u00fcrm\u00fczgan eyaletine ba\u011fl\u0131 Minab kentindeki &#8220;\u015eeceret\u00fc\u2019t-Tayyibe K\u0131z \u0130lkokulu&#8221;n\u0131 hedef alan ABD-\u0130srail sald\u0131r\u0131s\u0131nda \u015fu ana kadar 51 k\u0131z \u00f6\u011frenci ya\u015fam\u0131n\u0131 yitirdi. Minab Kaymakam\u0131 Muhammed Radmehr, okulun do\u011frudan hedef al\u0131nd\u0131\u011f\u0131n\u0131 ve \u00e7ok say\u0131da \u00f6\u011frencinin sald\u0131r\u0131da hayat\u0131n\u0131 kaybetti\u011fini belirtti. Radmehr, Minab kentinde ABD-\u0130srail sald\u0131r\u0131s\u0131nda bir ilkokulun hedef al\u0131nd\u0131\u011f\u0131n\u0131 ve sald\u0131r\u0131da son [&hellip;]<\/p>\n","protected":false},"author":1,"featured_media":36071,"comment_status":"open","ping_status":"open","sticky":false,"template":"","format":"standard","meta":{"jnews-multi-image_gallery":[],"jnews_single_post":[],"jnews_primary_category":[],"jnews_social_meta":[],"jnews_override_counter":[],"footnotes":""},"categories":[1],"tags":[],"class_list":["post-36070","post","type-post","status-publish","format-standard","has-post-thumbnail","hentry","category-kibris"],"yoast_head":"<!-- This site is optimized with the Yoast SEO plugin v27.5 - https:\/\/yoast.com\/product\/yoast-seo-wordpress\/ -->\n<title>\u0130ran: ABD-\u0130srail ilkokulu vurdu, 51 \u00f6\u011frenci \u00f6ld\u00fc - Kuzeyin Sesi<\/title>\n<meta name=\"robots\" content=\"index, follow, max-snippet:-1, max-image-preview:large, max-video-preview:-1\" \/>\n<link rel=\"canonical\" href=\"https:\/\/kuzeyinsesi.org\/index.php\/2026\/02\/28\/iran-abd-israil-ilkokulu-vurdu-51-ogrenci-oldu\/\" \/>\n<meta property=\"og:locale\" content=\"tr_TR\" \/>\n<meta property=\"og:type\" content=\"article\" \/>\n<meta property=\"og:title\" content=\"\u0130ran: ABD-\u0130srail ilkokulu vurdu, 51 \u00f6\u011frenci \u00f6ld\u00fc - Kuzeyin Sesi\" \/>\n<meta property=\"og:description\" content=\"\u0130ran devlet televizyonunun haberine g\u00f6re, \u00fclkenin g\u00fcneyindeki H\u00fcrm\u00fczgan eyaletine ba\u011fl\u0131 Minab kentindeki &#8220;\u015eeceret\u00fc\u2019t-Tayyibe K\u0131z \u0130lkokulu&#8221;n\u0131 hedef alan ABD-\u0130srail sald\u0131r\u0131s\u0131nda \u015fu ana kadar 51 k\u0131z \u00f6\u011frenci ya\u015fam\u0131n\u0131 yitirdi. Minab Kaymakam\u0131 Muhammed Radmehr, okulun do\u011frudan hedef al\u0131nd\u0131\u011f\u0131n\u0131 ve \u00e7ok say\u0131da \u00f6\u011frencinin sald\u0131r\u0131da hayat\u0131n\u0131 kaybetti\u011fini belirtti. Radmehr, Minab kentinde ABD-\u0130srail sald\u0131r\u0131s\u0131nda bir ilkokulun hedef al\u0131nd\u0131\u011f\u0131n\u0131 ve sald\u0131r\u0131da son [&hellip;]\" \/>\n<meta property=\"og:url\" content=\"https:\/\/kuzeyinsesi.org\/index.php\/2026\/02\/28\/iran-abd-israil-ilkokulu-vurdu-51-ogrenci-oldu\/\" \/>\n<meta property=\"og:site_name\" content=\"Kuzeyin Sesi\" \/>\n<meta property=\"article:publisher\" content=\"https:\/\/www.facebook.com\/kuzeyinsesii\" \/>\n<meta property=\"article:published_time\" content=\"2026-02-28T15:15:26+00:00\" \/>\n<meta name=\"author\" content=\"Kuzeyin Sesi\" \/>\n<meta name=\"twitter:card\" content=\"summary_large_image\" \/>\n<meta name=\"twitter:creator\" content=\"@kuzeyinsesii\" \/>\n<meta name=\"twitter:site\" content=\"@kuzeyinsesii\" \/>\n<meta name=\"twitter:label1\" content=\"Yazan:\" \/>\n\t<meta name=\"twitter:data1\" content=\"Kuzeyin Sesi\" \/>\n\t<meta name=\"twitter:label2\" content=\"Tahmini okuma s\u00fcresi\" \/>\n\t<meta name=\"twitter:data2\" content=\"2 dakika\" \/>\n<script type=\"application\/ld+json\" class=\"yoast-schema-graph\">{\"@context\":\"https:\\\/\\\/schema.org\",\"@graph\":[{\"@type\":\"Article\",\"@id\":\"https:\\\/\\\/kuzeyinsesi.org\\\/index.php\\\/2026\\\/02\\\/28\\\/iran-abd-israil-ilkokulu-vurdu-51-ogrenci-oldu\\\/#article\",\"isPartOf\":{\"@id\":\"https:\\\/\\\/kuzeyinsesi.org\\\/index.php\\\/2026\\\/02\\\/28\\\/iran-abd-israil-ilkokulu-vurdu-51-ogrenci-oldu\\\/\"},\"author\":{\"name\":\"Kuzeyin Sesi\",\"@id\":\"https:\\\/\\\/kuzeyinsesi.org\\\/#\\\/schema\\\/person\\\/9f859689cdf01485597712386e37f5aa\"},\"headline\":\"\u0130ran: ABD-\u0130srail ilkokulu vurdu, 51 \u00f6\u011frenci \u00f6ld\u00fc\",\"datePublished\":\"2026-02-28T15:15:26+00:00\",\"mainEntityOfPage\":{\"@id\":\"https:\\\/\\\/kuzeyinsesi.org\\\/index.php\\\/2026\\\/02\\\/28\\\/iran-abd-israil-ilkokulu-vurdu-51-ogrenci-oldu\\\/\"},\"wordCount\":313,\"commentCount\":0,\"image\":{\"@id\":\"https:\\\/\\\/kuzeyinsesi.org\\\/index.php\\\/2026\\\/02\\\/28\\\/iran-abd-israil-ilkokulu-vurdu-51-ogrenci-oldu\\\/#primaryimage\"},\"thumbnailUrl\":\"https:\\\/\\\/kuzeyinsesi.org\\\/wp-content\\\/uploads\\\/2026\\\/02\\\/1772285484863iran-okul-saldiri-2442694_1.jpg\",\"articleSection\":[\"K\u0131br\u0131s\"],\"inLanguage\":\"tr\",\"potentialAction\":[{\"@type\":\"CommentAction\",\"name\":\"Comment\",\"target\":[\"https:\\\/\\\/kuzeyinsesi.org\\\/index.php\\\/2026\\\/02\\\/28\\\/iran-abd-israil-ilkokulu-vurdu-51-ogrenci-oldu\\\/#respond\"]}]},{\"@type\":\"WebPage\",\"@id\":\"https:\\\/\\\/kuzeyinsesi.org\\\/index.php\\\/2026\\\/02\\\/28\\\/iran-abd-israil-ilkokulu-vurdu-51-ogrenci-oldu\\\/\",\"url\":\"https:\\\/\\\/kuzeyinsesi.org\\\/index.php\\\/2026\\\/02\\\/28\\\/iran-abd-israil-ilkokulu-vurdu-51-ogrenci-oldu\\\/\",\"name\":\"\u0130ran: ABD-\u0130srail ilkokulu vurdu, 51 \u00f6\u011frenci \u00f6ld\u00fc - Kuzeyin Sesi\",\"isPartOf\":{\"@id\":\"https:\\\/\\\/kuzeyinsesi.org\\\/#website\"},\"primaryImageOfPage\":{\"@id\":\"https:\\\/\\\/kuzeyinsesi.org\\\/index.php\\\/2026\\\/02\\\/28\\\/iran-abd-israil-ilkokulu-vurdu-51-ogrenci-oldu\\\/#primaryimage\"},\"image\":{\"@id\":\"https:\\\/\\\/kuzeyinsesi.org\\\/index.php\\\/2026\\\/02\\\/28\\\/iran-abd-israil-ilkokulu-vurdu-51-ogrenci-oldu\\\/#primaryimage\"},\"thumbnailUrl\":\"https:\\\/\\\/kuzeyinsesi.org\\\/wp-content\\\/uploads\\\/2026\\\/02\\\/1772285484863iran-okul-saldiri-2442694_1.jpg\",\"datePublished\":\"2026-02-28T15:15:26+00:00\",\"author\":{\"@id\":\"https:\\\/\\\/kuzeyinsesi.org\\\/#\\\/schema\\\/person\\\/9f859689cdf01485597712386e37f5aa\"},\"breadcrumb\":{\"@id\":\"https:\\\/\\\/kuzeyinsesi.org\\\/index.php\\\/2026\\\/02\\\/28\\\/iran-abd-israil-ilkokulu-vurdu-51-ogrenci-oldu\\\/#breadcrumb\"},\"inLanguage\":\"tr\",\"potentialAction\":[{\"@type\":\"ReadAction\",\"target\":[\"https:\\\/\\\/kuzeyinsesi.org\\\/index.php\\\/2026\\\/02\\\/28\\\/iran-abd-israil-ilkokulu-vurdu-51-ogrenci-oldu\\\/\"]}]},{\"@type\":\"ImageObject\",\"inLanguage\":\"tr\",\"@id\":\"https:\\\/\\\/kuzeyinsesi.org\\\/index.php\\\/2026\\\/02\\\/28\\\/iran-abd-israil-ilkokulu-vurdu-51-ogrenci-oldu\\\/#primaryimage\",\"url\":\"https:\\\/\\\/kuzeyinsesi.org\\\/wp-content\\\/uploads\\\/2026\\\/02\\\/1772285484863iran-okul-saldiri-2442694_1.jpg\",\"contentUrl\":\"https:\\\/\\\/kuzeyinsesi.org\\\/wp-content\\\/uploads\\\/2026\\\/02\\\/1772285484863iran-okul-saldiri-2442694_1.jpg\",\"width\":800,\"height\":450},{\"@type\":\"BreadcrumbList\",\"@id\":\"https:\\\/\\\/kuzeyinsesi.org\\\/index.php\\\/2026\\\/02\\\/28\\\/iran-abd-israil-ilkokulu-vurdu-51-ogrenci-oldu\\\/#breadcrumb\",\"itemListElement\":[{\"@type\":\"ListItem\",\"position\":1,\"name\":\"Anasayfa\",\"item\":\"https:\\\/\\\/kuzeyinsesi.org\\\/\"},{\"@type\":\"ListItem\",\"position\":2,\"name\":\"\u0130ran: ABD-\u0130srail ilkokulu vurdu, 51 \u00f6\u011frenci \u00f6ld\u00fc\"}]},{\"@type\":\"WebSite\",\"@id\":\"https:\\\/\\\/kuzeyinsesi.org\\\/#website\",\"url\":\"https:\\\/\\\/kuzeyinsesi.org\\\/\",\"name\":\"Kuzeyin Sesi\",\"description\":\"Do\u011fru Haberin Adresi\",\"potentialAction\":[{\"@type\":\"SearchAction\",\"target\":{\"@type\":\"EntryPoint\",\"urlTemplate\":\"https:\\\/\\\/kuzeyinsesi.org\\\/?s={search_term_string}\"},\"query-input\":{\"@type\":\"PropertyValueSpecification\",\"valueRequired\":true,\"valueName\":\"search_term_string\"}}],\"inLanguage\":\"tr\"},{\"@type\":\"Person\",\"@id\":\"https:\\\/\\\/kuzeyinsesi.org\\\/#\\\/schema\\\/person\\\/9f859689cdf01485597712386e37f5aa\",\"name\":\"Kuzeyin Sesi\",\"image\":{\"@type\":\"ImageObject\",\"inLanguage\":\"tr\",\"@id\":\"https:\\\/\\\/secure.gravatar.com\\\/avatar\\\/bab33852abfd8b282518d6ed81826833d77c3c882d9ab608add591ccace47a44?s=96&d=mm&r=g\",\"url\":\"https:\\\/\\\/secure.gravatar.com\\\/avatar\\\/bab33852abfd8b282518d6ed81826833d77c3c882d9ab608add591ccace47a44?s=96&d=mm&r=g\",\"contentUrl\":\"https:\\\/\\\/secure.gravatar.com\\\/avatar\\\/bab33852abfd8b282518d6ed81826833d77c3c882d9ab608add591ccace47a44?s=96&d=mm&r=g\",\"caption\":\"Kuzeyin Sesi\"},\"sameAs\":[\"https:\\\/\\\/kuzeyinsesi.org\"],\"url\":\"https:\\\/\\\/kuzeyinsesi.org\\\/index.php\\\/author\\\/guven\\\/\"}]}<\/script>\n<!-- \/ Yoast SEO plugin. -->","yoast_head_json":{"title":"\u0130ran: ABD-\u0130srail ilkokulu vurdu, 51 \u00f6\u011frenci \u00f6ld\u00fc - Kuzeyin Sesi","robots":{"index":"index","follow":"follow","max-snippet":"max-snippet:-1","max-image-preview":"max-image-preview:large","max-video-preview":"max-video-preview:-1"},"canonical":"https:\/\/kuzeyinsesi.org\/index.php\/2026\/02\/28\/iran-abd-israil-ilkokulu-vurdu-51-ogrenci-oldu\/","og_locale":"tr_TR","og_type":"article","og_title":"\u0130ran: ABD-\u0130srail ilkokulu vurdu, 51 \u00f6\u011frenci \u00f6ld\u00fc - Kuzeyin Sesi","og_description":"\u0130ran devlet televizyonunun haberine g\u00f6re, \u00fclkenin g\u00fcneyindeki H\u00fcrm\u00fczgan eyaletine ba\u011fl\u0131 Minab kentindeki &#8220;\u015eeceret\u00fc\u2019t-Tayyibe K\u0131z \u0130lkokulu&#8221;n\u0131 hedef alan ABD-\u0130srail sald\u0131r\u0131s\u0131nda \u015fu ana kadar 51 k\u0131z \u00f6\u011frenci ya\u015fam\u0131n\u0131 yitirdi. Minab Kaymakam\u0131 Muhammed Radmehr, okulun do\u011frudan hedef al\u0131nd\u0131\u011f\u0131n\u0131 ve \u00e7ok say\u0131da \u00f6\u011frencinin sald\u0131r\u0131da hayat\u0131n\u0131 kaybetti\u011fini belirtti. Radmehr, Minab kentinde ABD-\u0130srail sald\u0131r\u0131s\u0131nda bir ilkokulun hedef al\u0131nd\u0131\u011f\u0131n\u0131 ve sald\u0131r\u0131da son [&hellip;]","og_url":"https:\/\/kuzeyinsesi.org\/index.php\/2026\/02\/28\/iran-abd-israil-ilkokulu-vurdu-51-ogrenci-oldu\/","og_site_name":"Kuzeyin Sesi","article_publisher":"https:\/\/www.facebook.com\/kuzeyinsesii","article_published_time":"2026-02-28T15:15:26+00:00","author":"Kuzeyin Sesi","twitter_card":"summary_large_image","twitter_creator":"@kuzeyinsesii","twitter_site":"@kuzeyinsesii","twitter_misc":{"Yazan:":"Kuzeyin Sesi","Tahmini okuma s\u00fcresi":"2 dakika"},"schema":{"@context":"https:\/\/schema.org","@graph":[{"@type":"Article","@id":"https:\/\/kuzeyinsesi.org\/index.php\/2026\/02\/28\/iran-abd-israil-ilkokulu-vurdu-51-ogrenci-oldu\/#article","isPartOf":{"@id":"https:\/\/kuzeyinsesi.org\/index.php\/2026\/02\/28\/iran-abd-israil-ilkokulu-vurdu-51-ogrenci-oldu\/"},"author":{"name":"Kuzeyin Sesi","@id":"https:\/\/kuzeyinsesi.org\/#\/schema\/person\/9f859689cdf01485597712386e37f5aa"},"headline":"\u0130ran: ABD-\u0130srail ilkokulu vurdu, 51 \u00f6\u011frenci \u00f6ld\u00fc","datePublished":"2026-02-28T15:15:26+00:00","mainEntityOfPage":{"@id":"https:\/\/kuzeyinsesi.org\/index.php\/2026\/02\/28\/iran-abd-israil-ilkokulu-vurdu-51-ogrenci-oldu\/"},"wordCount":313,"commentCount":0,"image":{"@id":"https:\/\/kuzeyinsesi.org\/index.php\/2026\/02\/28\/iran-abd-israil-ilkokulu-vurdu-51-ogrenci-oldu\/#primaryimage"},"thumbnailUrl":"https:\/\/kuzeyinsesi.org\/wp-content\/uploads\/2026\/02\/1772285484863iran-okul-saldiri-2442694_1.jpg","articleSection":["K\u0131br\u0131s"],"inLanguage":"tr","potentialAction":[{"@type":"CommentAction","name":"Comment","target":["https:\/\/kuzeyinsesi.org\/index.php\/2026\/02\/28\/iran-abd-israil-ilkokulu-vurdu-51-ogrenci-oldu\/#respond"]}]},{"@type":"WebPage","@id":"https:\/\/kuzeyinsesi.org\/index.php\/2026\/02\/28\/iran-abd-israil-ilkokulu-vurdu-51-ogrenci-oldu\/","url":"https:\/\/kuzeyinsesi.org\/index.php\/2026\/02\/28\/iran-abd-israil-ilkokulu-vurdu-51-ogrenci-oldu\/","name":"\u0130ran: ABD-\u0130srail ilkokulu vurdu, 51 \u00f6\u011frenci \u00f6ld\u00fc - Kuzeyin Sesi","isPartOf":{"@id":"https:\/\/kuzeyinsesi.org\/#website"},"primaryImageOfPage":{"@id":"https:\/\/kuzeyinsesi.org\/index.php\/2026\/02\/28\/iran-abd-israil-ilkokulu-vurdu-51-ogrenci-oldu\/#primaryimage"},"image":{"@id":"https:\/\/kuzeyinsesi.org\/index.php\/2026\/02\/28\/iran-abd-israil-ilkokulu-vurdu-51-ogrenci-oldu\/#primaryimage"},"thumbnailUrl":"https:\/\/kuzeyinsesi.org\/wp-content\/uploads\/2026\/02\/1772285484863iran-okul-saldiri-2442694_1.jpg","datePublished":"2026-02-28T15:15:26+00:00","author":{"@id":"https:\/\/kuzeyinsesi.org\/#\/schema\/person\/9f859689cdf01485597712386e37f5aa"},"breadcrumb":{"@id":"https:\/\/kuzeyinsesi.org\/index.php\/2026\/02\/28\/iran-abd-israil-ilkokulu-vurdu-51-ogrenci-oldu\/#breadcrumb"},"inLanguage":"tr","potentialAction":[{"@type":"ReadAction","target":["https:\/\/kuzeyinsesi.org\/index.php\/2026\/02\/28\/iran-abd-israil-ilkokulu-vurdu-51-ogrenci-oldu\/"]}]},{"@type":"ImageObject","inLanguage":"tr","@id":"https:\/\/kuzeyinsesi.org\/index.php\/2026\/02\/28\/iran-abd-israil-ilkokulu-vurdu-51-ogrenci-oldu\/#primaryimage","url":"https:\/\/kuzeyinsesi.org\/wp-content\/uploads\/2026\/02\/1772285484863iran-okul-saldiri-2442694_1.jpg","contentUrl":"https:\/\/kuzeyinsesi.org\/wp-content\/uploads\/2026\/02\/1772285484863iran-okul-saldiri-2442694_1.jpg","width":800,"height":450},{"@type":"BreadcrumbList","@id":"https:\/\/kuzeyinsesi.org\/index.php\/2026\/02\/28\/iran-abd-israil-ilkokulu-vurdu-51-ogrenci-oldu\/#breadcrumb","itemListElement":[{"@type":"ListItem","position":1,"name":"Anasayfa","item":"https:\/\/kuzeyinsesi.org\/"},{"@type":"ListItem","position":2,"name":"\u0130ran: ABD-\u0130srail ilkokulu vurdu, 51 \u00f6\u011frenci \u00f6ld\u00fc"}]},{"@type":"WebSite","@id":"https:\/\/kuzeyinsesi.org\/#website","url":"https:\/\/kuzeyinsesi.org\/","name":"Kuzeyin Sesi","description":"Do\u011fru Haberin Adresi","potentialAction":[{"@type":"SearchAction","target":{"@type":"EntryPoint","urlTemplate":"https:\/\/kuzeyinsesi.org\/?s={search_term_string}"},"query-input":{"@type":"PropertyValueSpecification","valueRequired":true,"valueName":"search_term_string"}}],"inLanguage":"tr"},{"@type":"Person","@id":"https:\/\/kuzeyinsesi.org\/#\/schema\/person\/9f859689cdf01485597712386e37f5aa","name":"Kuzeyin Sesi","image":{"@type":"ImageObject","inLanguage":"tr","@id":"https:\/\/secure.gravatar.com\/avatar\/bab33852abfd8b282518d6ed81826833d77c3c882d9ab608add591ccace47a44?s=96&d=mm&r=g","url":"https:\/\/secure.gravatar.com\/avatar\/bab33852abfd8b282518d6ed81826833d77c3c882d9ab608add591ccace47a44?s=96&d=mm&r=g","contentUrl":"https:\/\/secure.gravatar.com\/avatar\/bab33852abfd8b282518d6ed81826833d77c3c882d9ab608add591ccace47a44?s=96&d=mm&r=g","caption":"Kuzeyin Sesi"},"sameAs":["https:\/\/kuzeyinsesi.org"],"url":"https:\/\/kuzeyinsesi.org\/index.php\/author\/guven\/"}]}},"_links":{"self":[{"href":"https:\/\/kuzeyinsesi.org\/index.php\/wp-json\/wp\/v2\/posts\/36070","targetHints":{"allow":["GET"]}}],"collection":[{"href":"https:\/\/kuzeyinsesi.org\/index.php\/wp-json\/wp\/v2\/posts"}],"about":[{"href":"https:\/\/kuzeyinsesi.org\/index.php\/wp-json\/wp\/v2\/types\/post"}],"author":[{"embeddable":true,"href":"https:\/\/kuzeyinsesi.org\/index.php\/wp-json\/wp\/v2\/users\/1"}],"replies":[{"embeddable":true,"href":"https:\/\/kuzeyinsesi.org\/index.php\/wp-json\/wp\/v2\/comments?post=36070"}],"version-history":[{"count":0,"href":"https:\/\/kuzeyinsesi.org\/index.php\/wp-json\/wp\/v2\/posts\/36070\/revisions"}],"wp:featuredmedia":[{"embeddable":true,"href":"https:\/\/kuzeyinsesi.org\/index.php\/wp-json\/wp\/v2\/media\/36071"}],"wp:attachment":[{"href":"https:\/\/kuzeyinsesi.org\/index.php\/wp-json\/wp\/v2\/media?parent=36070"}],"wp:term":[{"taxonomy":"category","embeddable":true,"href":"https:\/\/kuzeyinsesi.org\/index.php\/wp-json\/wp\/v2\/categories?post=36070"},{"taxonomy":"post_tag","embeddable":true,"href":"https:\/\/kuzeyinsesi.org\/index.php\/wp-json\/wp\/v2\/tags?post=36070"}],"curies":[{"name":"wp","href":"https:\/\/api.w.org\/{rel}","templated":true}]}}