{"id":3607,"date":"2024-05-28T20:52:08","date_gmt":"2024-05-28T17:52:08","guid":{"rendered":"https:\/\/kuzeyinsesi.com\/index.php\/2024\/05\/28\/dau-25-turizm-haftasi-doganin-zenginligini-kesfet-temasi-ile-duzenlendi\/"},"modified":"2024-05-28T20:52:08","modified_gmt":"2024-05-28T17:52:08","slug":"dau-25-turizm-haftasi-doganin-zenginligini-kesfet-temasi-ile-duzenlendi","status":"publish","type":"post","link":"https:\/\/kuzeyinsesi.org\/index.php\/2024\/05\/28\/dau-25-turizm-haftasi-doganin-zenginligini-kesfet-temasi-ile-duzenlendi\/","title":{"rendered":"DA\u00dc 25. Turizm Haftas\u0131 \u201cDo\u011fan\u0131n Zenginli\u011fini Ke\u015ffet\u201d temas\u0131 ile d\u00fczenlendi"},"content":{"rendered":"<div>\n<div class=\"mariselle-image-container none\">\n                                            <\/div>\n<p>Do\u011fu Akdeniz \u00dcniversitesi (DA\u00dc) Turizm Fak\u00fcltesi 25. Turizm Haftas\u0131 \u201cDo\u011fan\u0131n Zenginli\u011fini Ke\u015ffet\u201d temas\u0131 ile d\u00fczenlendi.<\/p>\n<p>DA\u00dc\u2019den yap\u0131lan a\u00e7\u0131klamaya g\u00f6re,\u00a0 Yazar Foto\u011fraf\u00e7\u0131 ve Ara\u015ft\u0131rmac\u0131 Sami Tamson taraf\u0131ndan \u00e7i\u00e7ek temal\u0131 sergi ile ba\u015flayan Turizm Haftas\u0131 etkinlikleri kapsam\u0131nda, Tamson taraf\u0131ndan \u201cKuzey K\u0131br\u0131s\u2019taki Endemik Bitkiler\u201d ve Turizm Fak\u00fcltesi \u00d6\u011fretim G\u00f6revlisi Bu\u011f\u00e7e Cesur taraf\u0131ndan \u201cK\u0131br\u0131s\u2019ta Yeti\u015fen Yenilebilir Otlar ve Yabani Mantar T\u00fcrlerinin K\u0131br\u0131s Mutfaklar\u0131nda Kullan\u0131m\u0131\u201d konulu seminerler d\u00fczenlendi.<\/p>\n<p>\u00d6te yandan Turizm Haftas\u0131 kapsam\u0131nda \u201cSilver Plaj\u0131\u2019nda Do\u011fa ve Ku\u015f G\u00f6zlemi\u201d ile G\u00fc\u00e7ver Su Sporlar\u0131 katk\u0131lar\u0131yla \u2018Silver Plaj\u0131\u2019nda Su Sporlar\u0131\u201d etkinlikleri yap\u0131ld\u0131. Ayr\u0131ca Turizm Fak\u00fcltesi\u2019nde 2023-2024 Akademik Y\u0131l\u0131 G\u00fcz D\u00f6nemi\u2019nde ba\u015far\u0131l\u0131 olan \u00f6\u011frencilere d\u00fczenlenen t\u00f6ren ile y\u00fcksek \u015feref ve \u015feref sertifikalar\u0131 takdim edildi.<\/p>\n<p>Etkinlikler kapsam\u0131nda Turizm Fak\u00fcltesi bah\u00e7esinde Gazima\u011fusa Belediyesi ve Othello Inner Wheel i\u015f birli\u011finde \u00e7i\u00e7ek festivali d\u00fczenlendi. E\u011fitim Fak\u00fcltesi, G\u00fczel Sanatlar E\u011fitimi B\u00f6l\u00fcm\u00fc M\u00fczik \u00d6\u011fretmenli\u011fi program\u0131 \u00f6\u011frencileri taraf\u0131ndan ger\u00e7ekle\u015ftirilen m\u00fczik dinletisinin ard\u0131ndan ba\u015flayan festival a\u00e7\u0131l\u0131\u015f\u0131nda konu\u015fan DA\u00dc Turizm Fak\u00fcltesi Dekan\u0131 Do\u00e7. Dr. Mine Haktan\u0131r a\u00e7\u0131l\u0131\u015f\u0131 yap\u0131lacak organik bah\u00e7e hakk\u0131nda bilgiler vererek, gastronomi e\u011fitiminde kullan\u0131lan bir\u00e7ok baharat\u0131n bah\u00e7ede yer ald\u0131\u011f\u0131n\u0131 ve bah\u00e7eden mutfa\u011fa mant\u0131\u011f\u0131n\u0131 benimsediklerini vurgulad\u0131. Do\u00e7. Dr. Haktan\u0131r, organizasyonun ger\u00e7ekle\u015fmesinde eme\u011fi ge\u00e7enlere te\u015fekk\u00fcrlerini iletti.<\/p>\n<p>DA\u00dc Rekt\u00f6r Vekili, Akademik \u0130\u015flerden Sorumlu Rekt\u00f6r Yard\u0131mc\u0131s\u0131 Prof. Dr. Osman M. Karatepe de DA\u00dc Turizm Fak\u00fcltesi\u2019nde y\u0131llard\u0131r Turizm Haftas\u0131 etkinliklerinin ba\u015far\u0131yla d\u00fczenlendi\u011fini belirterek, bu seneki teman\u0131n Birle\u015fmi\u015f Milletler S\u00fcrd\u00fcr\u00fclebilir Kalk\u0131nma Hedefleri ile birebir uyu\u015ftu\u011funu vurgulad\u0131.<\/p>\n<p>A\u00e7\u0131l\u0131\u015f konu\u015fmalar\u0131n\u0131n ard\u0131ndan Prof. Dr. Karatepe taraf\u0131ndan katk\u0131 ve desteklerinden dolay\u0131 Gazima\u011fusa Belediye Ba\u015fkan\u0131 S\u00fcleyman Ulu\u00e7ay\u2019a hediye takdim edildi.<\/p>\n<p>Program, \u201cOrganik Bah\u00e7e A\u00e7\u0131l\u0131\u015f\u0131\u201d ile devam etti. Festival kapsam\u0131nda \u00e7i\u00e7ek temal\u0131 sergi, \u00e7i\u00e7ek stantlar\u0131, k\u00fclt\u00fcrel stantlar ve \u00fcr\u00fcn stantlar\u0131nda sat\u0131\u015flar yap\u0131ld\u0131. S\u00f6z konusu festivalde Dj performans\u0131n\u0131n yan\u0131 s\u0131ra \u00e7e\u015fitli dans g\u00f6sterileri, voleybol turnuvalar\u0131 ve rekreasyon oyunlar\u0131 da d\u00fczenlendi. Festival s\u00fcresince stantlardan toplanan gelir \u015eampiyon Melekleri Ya\u015fatma Derne\u011fi ve SOS \u00c7ocukk\u00f6y\u00fc Derne\u011fi\u2019ne ba\u011f\u0131\u015fland\u0131.<\/p>\n<p>\u2013 Teknik geziler d\u00fczenlendi<\/p>\n<p>DA\u00dc Turizm Haftas\u0131 etkinlikleri kapsam\u0131nda Lefke-Gemikona\u011f\u0131-Ye\u015fil\u0131rmak b\u00f6lgesine konaklamal\u0131 teknik geziler de d\u00fczenlendi. Gazima\u011fusa Belediyesi, Lefke Belediyesi ve Cittaslow katk\u0131lar\u0131 ile yap\u0131lan gezilerde tarihi Lefke ve Osmanl\u0131 konaklar\u0131, \u00e7ilek tarlalar\u0131, muz ve portakal bah\u00e7eleri; K\u0131rsal Kalk\u0131nma Kad\u0131n Kooperatifi 4K; Kuru Meyve \u00dcretim Tesisi; Angolem \u00dcz\u00fcm Ba\u011flar\u0131, Ba\u011fl\u0131k\u00f6y; Ye\u015fil\u0131rmak \u00e7ilek bah\u00e7eleri; Mariam Herbs Organik Ya\u011flar\/Sabunlar ve Bitkisel \u00dcretim Merkezleri ziyaret edildi.<\/p>\n<\/p><\/div>\n<p><script async\n                    defer\n                    crossorigin=\"anonymous\"\n                    src=\"https:\/\/connect.facebook.net\/tr_TR\/sdk.js#xfbml=1&#038;version=v3.3\"\n            ><\/script><\/p>\n","protected":false},"excerpt":{"rendered":"<p>Do\u011fu Akdeniz \u00dcniversitesi (DA\u00dc) Turizm Fak\u00fcltesi 25. Turizm Haftas\u0131 \u201cDo\u011fan\u0131n Zenginli\u011fini Ke\u015ffet\u201d temas\u0131 ile d\u00fczenlendi. DA\u00dc\u2019den yap\u0131lan a\u00e7\u0131klamaya g\u00f6re,\u00a0 Yazar Foto\u011fraf\u00e7\u0131 ve Ara\u015ft\u0131rmac\u0131 Sami Tamson taraf\u0131ndan \u00e7i\u00e7ek temal\u0131 sergi ile ba\u015flayan Turizm Haftas\u0131 etkinlikleri kapsam\u0131nda, Tamson taraf\u0131ndan \u201cKuzey K\u0131br\u0131s\u2019taki Endemik Bitkiler\u201d ve Turizm Fak\u00fcltesi \u00d6\u011fretim G\u00f6revlisi Bu\u011f\u00e7e Cesur taraf\u0131ndan \u201cK\u0131br\u0131s\u2019ta Yeti\u015fen Yenilebilir Otlar ve Yabani [&hellip;]<\/p>\n","protected":false},"author":1,"featured_media":3608,"comment_status":"open","ping_status":"open","sticky":false,"template":"","format":"standard","meta":{"jnews-multi-image_gallery":[],"jnews_single_post":[],"jnews_primary_category":[],"jnews_social_meta":[],"jnews_override_counter":[],"footnotes":""},"categories":[6],"tags":[],"class_list":["post-3607","post","type-post","status-publish","format-standard","has-post-thumbnail","hentry","category-yasam"],"yoast_head":"<!-- This site is optimized with the Yoast SEO plugin v27.5 - https:\/\/yoast.com\/product\/yoast-seo-wordpress\/ -->\n<title>DA\u00dc 25. Turizm Haftas\u0131 \u201cDo\u011fan\u0131n Zenginli\u011fini Ke\u015ffet\u201d temas\u0131 ile d\u00fczenlendi - Kuzeyin Sesi<\/title>\n<meta name=\"robots\" content=\"index, follow, max-snippet:-1, max-image-preview:large, max-video-preview:-1\" \/>\n<link rel=\"canonical\" href=\"https:\/\/kuzeyinsesi.org\/index.php\/2024\/05\/28\/dau-25-turizm-haftasi-doganin-zenginligini-kesfet-temasi-ile-duzenlendi\/\" \/>\n<meta property=\"og:locale\" content=\"tr_TR\" \/>\n<meta property=\"og:type\" content=\"article\" \/>\n<meta property=\"og:title\" content=\"DA\u00dc 25. Turizm Haftas\u0131 \u201cDo\u011fan\u0131n Zenginli\u011fini Ke\u015ffet\u201d temas\u0131 ile d\u00fczenlendi - Kuzeyin Sesi\" \/>\n<meta property=\"og:description\" content=\"Do\u011fu Akdeniz \u00dcniversitesi (DA\u00dc) Turizm Fak\u00fcltesi 25. Turizm Haftas\u0131 \u201cDo\u011fan\u0131n Zenginli\u011fini Ke\u015ffet\u201d temas\u0131 ile d\u00fczenlendi. DA\u00dc\u2019den yap\u0131lan a\u00e7\u0131klamaya g\u00f6re,\u00a0 Yazar Foto\u011fraf\u00e7\u0131 ve Ara\u015ft\u0131rmac\u0131 Sami Tamson taraf\u0131ndan \u00e7i\u00e7ek temal\u0131 sergi ile ba\u015flayan Turizm Haftas\u0131 etkinlikleri kapsam\u0131nda, Tamson taraf\u0131ndan \u201cKuzey K\u0131br\u0131s\u2019taki Endemik Bitkiler\u201d ve Turizm Fak\u00fcltesi \u00d6\u011fretim G\u00f6revlisi Bu\u011f\u00e7e Cesur taraf\u0131ndan \u201cK\u0131br\u0131s\u2019ta Yeti\u015fen Yenilebilir Otlar ve Yabani [&hellip;]\" \/>\n<meta property=\"og:url\" content=\"https:\/\/kuzeyinsesi.org\/index.php\/2024\/05\/28\/dau-25-turizm-haftasi-doganin-zenginligini-kesfet-temasi-ile-duzenlendi\/\" \/>\n<meta property=\"og:site_name\" content=\"Kuzeyin Sesi\" \/>\n<meta property=\"article:publisher\" content=\"https:\/\/www.facebook.com\/kuzeyinsesii\" \/>\n<meta property=\"article:published_time\" content=\"2024-05-28T17:52:08+00:00\" \/>\n<meta property=\"og:image\" content=\"https:\/\/kuzeyinsesi.org\/wp-content\/uploads\/2024\/05\/dau-25-turizm-haftasi10.jpg\" \/>\n\t<meta property=\"og:image:width\" content=\"929\" \/>\n\t<meta property=\"og:image:height\" content=\"534\" \/>\n\t<meta property=\"og:image:type\" content=\"image\/jpeg\" \/>\n<meta name=\"author\" content=\"Kuzeyin Sesi\" \/>\n<meta name=\"twitter:card\" content=\"summary_large_image\" \/>\n<meta name=\"twitter:creator\" content=\"@kuzeyinsesii\" \/>\n<meta name=\"twitter:site\" content=\"@kuzeyinsesii\" \/>\n<meta name=\"twitter:label1\" content=\"Yazan:\" \/>\n\t<meta name=\"twitter:data1\" content=\"Kuzeyin Sesi\" \/>\n\t<meta name=\"twitter:label2\" content=\"Tahmini okuma s\u00fcresi\" \/>\n\t<meta name=\"twitter:data2\" content=\"3 dakika\" \/>\n<script type=\"application\/ld+json\" class=\"yoast-schema-graph\">{\"@context\":\"https:\\\/\\\/schema.org\",\"@graph\":[{\"@type\":\"Article\",\"@id\":\"https:\\\/\\\/kuzeyinsesi.org\\\/index.php\\\/2024\\\/05\\\/28\\\/dau-25-turizm-haftasi-doganin-zenginligini-kesfet-temasi-ile-duzenlendi\\\/#article\",\"isPartOf\":{\"@id\":\"https:\\\/\\\/kuzeyinsesi.org\\\/index.php\\\/2024\\\/05\\\/28\\\/dau-25-turizm-haftasi-doganin-zenginligini-kesfet-temasi-ile-duzenlendi\\\/\"},\"author\":{\"name\":\"Kuzeyin Sesi\",\"@id\":\"https:\\\/\\\/kuzeyinsesi.org\\\/#\\\/schema\\\/person\\\/9f859689cdf01485597712386e37f5aa\"},\"headline\":\"DA\u00dc 25. Turizm Haftas\u0131 \u201cDo\u011fan\u0131n Zenginli\u011fini Ke\u015ffet\u201d temas\u0131 ile d\u00fczenlendi\",\"datePublished\":\"2024-05-28T17:52:08+00:00\",\"mainEntityOfPage\":{\"@id\":\"https:\\\/\\\/kuzeyinsesi.org\\\/index.php\\\/2024\\\/05\\\/28\\\/dau-25-turizm-haftasi-doganin-zenginligini-kesfet-temasi-ile-duzenlendi\\\/\"},\"wordCount\":544,\"commentCount\":0,\"image\":{\"@id\":\"https:\\\/\\\/kuzeyinsesi.org\\\/index.php\\\/2024\\\/05\\\/28\\\/dau-25-turizm-haftasi-doganin-zenginligini-kesfet-temasi-ile-duzenlendi\\\/#primaryimage\"},\"thumbnailUrl\":\"https:\\\/\\\/kuzeyinsesi.org\\\/wp-content\\\/uploads\\\/2024\\\/05\\\/dau-25-turizm-haftasi10.jpg\",\"articleSection\":[\"Ya\u015fam\"],\"inLanguage\":\"tr\",\"potentialAction\":[{\"@type\":\"CommentAction\",\"name\":\"Comment\",\"target\":[\"https:\\\/\\\/kuzeyinsesi.org\\\/index.php\\\/2024\\\/05\\\/28\\\/dau-25-turizm-haftasi-doganin-zenginligini-kesfet-temasi-ile-duzenlendi\\\/#respond\"]}]},{\"@type\":\"WebPage\",\"@id\":\"https:\\\/\\\/kuzeyinsesi.org\\\/index.php\\\/2024\\\/05\\\/28\\\/dau-25-turizm-haftasi-doganin-zenginligini-kesfet-temasi-ile-duzenlendi\\\/\",\"url\":\"https:\\\/\\\/kuzeyinsesi.org\\\/index.php\\\/2024\\\/05\\\/28\\\/dau-25-turizm-haftasi-doganin-zenginligini-kesfet-temasi-ile-duzenlendi\\\/\",\"name\":\"DA\u00dc 25. Turizm Haftas\u0131 \u201cDo\u011fan\u0131n Zenginli\u011fini Ke\u015ffet\u201d temas\u0131 ile d\u00fczenlendi - Kuzeyin Sesi\",\"isPartOf\":{\"@id\":\"https:\\\/\\\/kuzeyinsesi.org\\\/#website\"},\"primaryImageOfPage\":{\"@id\":\"https:\\\/\\\/kuzeyinsesi.org\\\/index.php\\\/2024\\\/05\\\/28\\\/dau-25-turizm-haftasi-doganin-zenginligini-kesfet-temasi-ile-duzenlendi\\\/#primaryimage\"},\"image\":{\"@id\":\"https:\\\/\\\/kuzeyinsesi.org\\\/index.php\\\/2024\\\/05\\\/28\\\/dau-25-turizm-haftasi-doganin-zenginligini-kesfet-temasi-ile-duzenlendi\\\/#primaryimage\"},\"thumbnailUrl\":\"https:\\\/\\\/kuzeyinsesi.org\\\/wp-content\\\/uploads\\\/2024\\\/05\\\/dau-25-turizm-haftasi10.jpg\",\"datePublished\":\"2024-05-28T17:52:08+00:00\",\"author\":{\"@id\":\"https:\\\/\\\/kuzeyinsesi.org\\\/#\\\/schema\\\/person\\\/9f859689cdf01485597712386e37f5aa\"},\"breadcrumb\":{\"@id\":\"https:\\\/\\\/kuzeyinsesi.org\\\/index.php\\\/2024\\\/05\\\/28\\\/dau-25-turizm-haftasi-doganin-zenginligini-kesfet-temasi-ile-duzenlendi\\\/#breadcrumb\"},\"inLanguage\":\"tr\",\"potentialAction\":[{\"@type\":\"ReadAction\",\"target\":[\"https:\\\/\\\/kuzeyinsesi.org\\\/index.php\\\/2024\\\/05\\\/28\\\/dau-25-turizm-haftasi-doganin-zenginligini-kesfet-temasi-ile-duzenlendi\\\/\"]}]},{\"@type\":\"ImageObject\",\"inLanguage\":\"tr\",\"@id\":\"https:\\\/\\\/kuzeyinsesi.org\\\/index.php\\\/2024\\\/05\\\/28\\\/dau-25-turizm-haftasi-doganin-zenginligini-kesfet-temasi-ile-duzenlendi\\\/#primaryimage\",\"url\":\"https:\\\/\\\/kuzeyinsesi.org\\\/wp-content\\\/uploads\\\/2024\\\/05\\\/dau-25-turizm-haftasi10.jpg\",\"contentUrl\":\"https:\\\/\\\/kuzeyinsesi.org\\\/wp-content\\\/uploads\\\/2024\\\/05\\\/dau-25-turizm-haftasi10.jpg\",\"width\":929,\"height\":534},{\"@type\":\"BreadcrumbList\",\"@id\":\"https:\\\/\\\/kuzeyinsesi.org\\\/index.php\\\/2024\\\/05\\\/28\\\/dau-25-turizm-haftasi-doganin-zenginligini-kesfet-temasi-ile-duzenlendi\\\/#breadcrumb\",\"itemListElement\":[{\"@type\":\"ListItem\",\"position\":1,\"name\":\"Anasayfa\",\"item\":\"https:\\\/\\\/kuzeyinsesi.org\\\/\"},{\"@type\":\"ListItem\",\"position\":2,\"name\":\"DA\u00dc 25. Turizm Haftas\u0131 \u201cDo\u011fan\u0131n Zenginli\u011fini Ke\u015ffet\u201d temas\u0131 ile d\u00fczenlendi\"}]},{\"@type\":\"WebSite\",\"@id\":\"https:\\\/\\\/kuzeyinsesi.org\\\/#website\",\"url\":\"https:\\\/\\\/kuzeyinsesi.org\\\/\",\"name\":\"Kuzeyin Sesi\",\"description\":\"Do\u011fru Haberin Adresi\",\"potentialAction\":[{\"@type\":\"SearchAction\",\"target\":{\"@type\":\"EntryPoint\",\"urlTemplate\":\"https:\\\/\\\/kuzeyinsesi.org\\\/?s={search_term_string}\"},\"query-input\":{\"@type\":\"PropertyValueSpecification\",\"valueRequired\":true,\"valueName\":\"search_term_string\"}}],\"inLanguage\":\"tr\"},{\"@type\":\"Person\",\"@id\":\"https:\\\/\\\/kuzeyinsesi.org\\\/#\\\/schema\\\/person\\\/9f859689cdf01485597712386e37f5aa\",\"name\":\"Kuzeyin Sesi\",\"image\":{\"@type\":\"ImageObject\",\"inLanguage\":\"tr\",\"@id\":\"https:\\\/\\\/secure.gravatar.com\\\/avatar\\\/bab33852abfd8b282518d6ed81826833d77c3c882d9ab608add591ccace47a44?s=96&d=mm&r=g\",\"url\":\"https:\\\/\\\/secure.gravatar.com\\\/avatar\\\/bab33852abfd8b282518d6ed81826833d77c3c882d9ab608add591ccace47a44?s=96&d=mm&r=g\",\"contentUrl\":\"https:\\\/\\\/secure.gravatar.com\\\/avatar\\\/bab33852abfd8b282518d6ed81826833d77c3c882d9ab608add591ccace47a44?s=96&d=mm&r=g\",\"caption\":\"Kuzeyin Sesi\"},\"sameAs\":[\"https:\\\/\\\/kuzeyinsesi.org\"],\"url\":\"https:\\\/\\\/kuzeyinsesi.org\\\/index.php\\\/author\\\/guven\\\/\"}]}<\/script>\n<!-- \/ Yoast SEO plugin. -->","yoast_head_json":{"title":"DA\u00dc 25. Turizm Haftas\u0131 \u201cDo\u011fan\u0131n Zenginli\u011fini Ke\u015ffet\u201d temas\u0131 ile d\u00fczenlendi - Kuzeyin Sesi","robots":{"index":"index","follow":"follow","max-snippet":"max-snippet:-1","max-image-preview":"max-image-preview:large","max-video-preview":"max-video-preview:-1"},"canonical":"https:\/\/kuzeyinsesi.org\/index.php\/2024\/05\/28\/dau-25-turizm-haftasi-doganin-zenginligini-kesfet-temasi-ile-duzenlendi\/","og_locale":"tr_TR","og_type":"article","og_title":"DA\u00dc 25. Turizm Haftas\u0131 \u201cDo\u011fan\u0131n Zenginli\u011fini Ke\u015ffet\u201d temas\u0131 ile d\u00fczenlendi - Kuzeyin Sesi","og_description":"Do\u011fu Akdeniz \u00dcniversitesi (DA\u00dc) Turizm Fak\u00fcltesi 25. Turizm Haftas\u0131 \u201cDo\u011fan\u0131n Zenginli\u011fini Ke\u015ffet\u201d temas\u0131 ile d\u00fczenlendi. DA\u00dc\u2019den yap\u0131lan a\u00e7\u0131klamaya g\u00f6re,\u00a0 Yazar Foto\u011fraf\u00e7\u0131 ve Ara\u015ft\u0131rmac\u0131 Sami Tamson taraf\u0131ndan \u00e7i\u00e7ek temal\u0131 sergi ile ba\u015flayan Turizm Haftas\u0131 etkinlikleri kapsam\u0131nda, Tamson taraf\u0131ndan \u201cKuzey K\u0131br\u0131s\u2019taki Endemik Bitkiler\u201d ve Turizm Fak\u00fcltesi \u00d6\u011fretim G\u00f6revlisi Bu\u011f\u00e7e Cesur taraf\u0131ndan \u201cK\u0131br\u0131s\u2019ta Yeti\u015fen Yenilebilir Otlar ve Yabani [&hellip;]","og_url":"https:\/\/kuzeyinsesi.org\/index.php\/2024\/05\/28\/dau-25-turizm-haftasi-doganin-zenginligini-kesfet-temasi-ile-duzenlendi\/","og_site_name":"Kuzeyin Sesi","article_publisher":"https:\/\/www.facebook.com\/kuzeyinsesii","article_published_time":"2024-05-28T17:52:08+00:00","og_image":[{"width":929,"height":534,"url":"https:\/\/kuzeyinsesi.org\/wp-content\/uploads\/2024\/05\/dau-25-turizm-haftasi10.jpg","type":"image\/jpeg"}],"author":"Kuzeyin Sesi","twitter_card":"summary_large_image","twitter_creator":"@kuzeyinsesii","twitter_site":"@kuzeyinsesii","twitter_misc":{"Yazan:":"Kuzeyin Sesi","Tahmini okuma s\u00fcresi":"3 dakika"},"schema":{"@context":"https:\/\/schema.org","@graph":[{"@type":"Article","@id":"https:\/\/kuzeyinsesi.org\/index.php\/2024\/05\/28\/dau-25-turizm-haftasi-doganin-zenginligini-kesfet-temasi-ile-duzenlendi\/#article","isPartOf":{"@id":"https:\/\/kuzeyinsesi.org\/index.php\/2024\/05\/28\/dau-25-turizm-haftasi-doganin-zenginligini-kesfet-temasi-ile-duzenlendi\/"},"author":{"name":"Kuzeyin Sesi","@id":"https:\/\/kuzeyinsesi.org\/#\/schema\/person\/9f859689cdf01485597712386e37f5aa"},"headline":"DA\u00dc 25. Turizm Haftas\u0131 \u201cDo\u011fan\u0131n Zenginli\u011fini Ke\u015ffet\u201d temas\u0131 ile d\u00fczenlendi","datePublished":"2024-05-28T17:52:08+00:00","mainEntityOfPage":{"@id":"https:\/\/kuzeyinsesi.org\/index.php\/2024\/05\/28\/dau-25-turizm-haftasi-doganin-zenginligini-kesfet-temasi-ile-duzenlendi\/"},"wordCount":544,"commentCount":0,"image":{"@id":"https:\/\/kuzeyinsesi.org\/index.php\/2024\/05\/28\/dau-25-turizm-haftasi-doganin-zenginligini-kesfet-temasi-ile-duzenlendi\/#primaryimage"},"thumbnailUrl":"https:\/\/kuzeyinsesi.org\/wp-content\/uploads\/2024\/05\/dau-25-turizm-haftasi10.jpg","articleSection":["Ya\u015fam"],"inLanguage":"tr","potentialAction":[{"@type":"CommentAction","name":"Comment","target":["https:\/\/kuzeyinsesi.org\/index.php\/2024\/05\/28\/dau-25-turizm-haftasi-doganin-zenginligini-kesfet-temasi-ile-duzenlendi\/#respond"]}]},{"@type":"WebPage","@id":"https:\/\/kuzeyinsesi.org\/index.php\/2024\/05\/28\/dau-25-turizm-haftasi-doganin-zenginligini-kesfet-temasi-ile-duzenlendi\/","url":"https:\/\/kuzeyinsesi.org\/index.php\/2024\/05\/28\/dau-25-turizm-haftasi-doganin-zenginligini-kesfet-temasi-ile-duzenlendi\/","name":"DA\u00dc 25. Turizm Haftas\u0131 \u201cDo\u011fan\u0131n Zenginli\u011fini Ke\u015ffet\u201d temas\u0131 ile d\u00fczenlendi - Kuzeyin Sesi","isPartOf":{"@id":"https:\/\/kuzeyinsesi.org\/#website"},"primaryImageOfPage":{"@id":"https:\/\/kuzeyinsesi.org\/index.php\/2024\/05\/28\/dau-25-turizm-haftasi-doganin-zenginligini-kesfet-temasi-ile-duzenlendi\/#primaryimage"},"image":{"@id":"https:\/\/kuzeyinsesi.org\/index.php\/2024\/05\/28\/dau-25-turizm-haftasi-doganin-zenginligini-kesfet-temasi-ile-duzenlendi\/#primaryimage"},"thumbnailUrl":"https:\/\/kuzeyinsesi.org\/wp-content\/uploads\/2024\/05\/dau-25-turizm-haftasi10.jpg","datePublished":"2024-05-28T17:52:08+00:00","author":{"@id":"https:\/\/kuzeyinsesi.org\/#\/schema\/person\/9f859689cdf01485597712386e37f5aa"},"breadcrumb":{"@id":"https:\/\/kuzeyinsesi.org\/index.php\/2024\/05\/28\/dau-25-turizm-haftasi-doganin-zenginligini-kesfet-temasi-ile-duzenlendi\/#breadcrumb"},"inLanguage":"tr","potentialAction":[{"@type":"ReadAction","target":["https:\/\/kuzeyinsesi.org\/index.php\/2024\/05\/28\/dau-25-turizm-haftasi-doganin-zenginligini-kesfet-temasi-ile-duzenlendi\/"]}]},{"@type":"ImageObject","inLanguage":"tr","@id":"https:\/\/kuzeyinsesi.org\/index.php\/2024\/05\/28\/dau-25-turizm-haftasi-doganin-zenginligini-kesfet-temasi-ile-duzenlendi\/#primaryimage","url":"https:\/\/kuzeyinsesi.org\/wp-content\/uploads\/2024\/05\/dau-25-turizm-haftasi10.jpg","contentUrl":"https:\/\/kuzeyinsesi.org\/wp-content\/uploads\/2024\/05\/dau-25-turizm-haftasi10.jpg","width":929,"height":534},{"@type":"BreadcrumbList","@id":"https:\/\/kuzeyinsesi.org\/index.php\/2024\/05\/28\/dau-25-turizm-haftasi-doganin-zenginligini-kesfet-temasi-ile-duzenlendi\/#breadcrumb","itemListElement":[{"@type":"ListItem","position":1,"name":"Anasayfa","item":"https:\/\/kuzeyinsesi.org\/"},{"@type":"ListItem","position":2,"name":"DA\u00dc 25. Turizm Haftas\u0131 \u201cDo\u011fan\u0131n Zenginli\u011fini Ke\u015ffet\u201d temas\u0131 ile d\u00fczenlendi"}]},{"@type":"WebSite","@id":"https:\/\/kuzeyinsesi.org\/#website","url":"https:\/\/kuzeyinsesi.org\/","name":"Kuzeyin Sesi","description":"Do\u011fru Haberin Adresi","potentialAction":[{"@type":"SearchAction","target":{"@type":"EntryPoint","urlTemplate":"https:\/\/kuzeyinsesi.org\/?s={search_term_string}"},"query-input":{"@type":"PropertyValueSpecification","valueRequired":true,"valueName":"search_term_string"}}],"inLanguage":"tr"},{"@type":"Person","@id":"https:\/\/kuzeyinsesi.org\/#\/schema\/person\/9f859689cdf01485597712386e37f5aa","name":"Kuzeyin Sesi","image":{"@type":"ImageObject","inLanguage":"tr","@id":"https:\/\/secure.gravatar.com\/avatar\/bab33852abfd8b282518d6ed81826833d77c3c882d9ab608add591ccace47a44?s=96&d=mm&r=g","url":"https:\/\/secure.gravatar.com\/avatar\/bab33852abfd8b282518d6ed81826833d77c3c882d9ab608add591ccace47a44?s=96&d=mm&r=g","contentUrl":"https:\/\/secure.gravatar.com\/avatar\/bab33852abfd8b282518d6ed81826833d77c3c882d9ab608add591ccace47a44?s=96&d=mm&r=g","caption":"Kuzeyin Sesi"},"sameAs":["https:\/\/kuzeyinsesi.org"],"url":"https:\/\/kuzeyinsesi.org\/index.php\/author\/guven\/"}]}},"_links":{"self":[{"href":"https:\/\/kuzeyinsesi.org\/index.php\/wp-json\/wp\/v2\/posts\/3607","targetHints":{"allow":["GET"]}}],"collection":[{"href":"https:\/\/kuzeyinsesi.org\/index.php\/wp-json\/wp\/v2\/posts"}],"about":[{"href":"https:\/\/kuzeyinsesi.org\/index.php\/wp-json\/wp\/v2\/types\/post"}],"author":[{"embeddable":true,"href":"https:\/\/kuzeyinsesi.org\/index.php\/wp-json\/wp\/v2\/users\/1"}],"replies":[{"embeddable":true,"href":"https:\/\/kuzeyinsesi.org\/index.php\/wp-json\/wp\/v2\/comments?post=3607"}],"version-history":[{"count":0,"href":"https:\/\/kuzeyinsesi.org\/index.php\/wp-json\/wp\/v2\/posts\/3607\/revisions"}],"wp:featuredmedia":[{"embeddable":true,"href":"https:\/\/kuzeyinsesi.org\/index.php\/wp-json\/wp\/v2\/media\/3608"}],"wp:attachment":[{"href":"https:\/\/kuzeyinsesi.org\/index.php\/wp-json\/wp\/v2\/media?parent=3607"}],"wp:term":[{"taxonomy":"category","embeddable":true,"href":"https:\/\/kuzeyinsesi.org\/index.php\/wp-json\/wp\/v2\/categories?post=3607"},{"taxonomy":"post_tag","embeddable":true,"href":"https:\/\/kuzeyinsesi.org\/index.php\/wp-json\/wp\/v2\/tags?post=3607"}],"curies":[{"name":"wp","href":"https:\/\/api.w.org\/{rel}","templated":true}]}}