{"id":36067,"date":"2026-02-28T17:07:03","date_gmt":"2026-02-28T15:07:03","guid":{"rendered":"https:\/\/kuzeyinsesi.org\/index.php\/2026\/02\/28\/israil-bes-ust-duzey-ismi-hedef-aldi\/"},"modified":"2026-02-28T17:07:03","modified_gmt":"2026-02-28T15:07:03","slug":"israil-bes-ust-duzey-ismi-hedef-aldi","status":"publish","type":"post","link":"https:\/\/kuzeyinsesi.org\/index.php\/2026\/02\/28\/israil-bes-ust-duzey-ismi-hedef-aldi\/","title":{"rendered":"\u0130srail, be\u015f \u00fcst d\u00fczey ismi hedef ald\u0131"},"content":{"rendered":"<p style=\"font-weight: 300\"><span style=\"font-weight: 300 !important\">Ordudan yap\u0131lan a\u00e7\u0131klamada, sabah saatlerinde Tahran&#8217;da birden fazla noktaya d\u00fczenlenen e\u015f zamanl\u0131 sald\u0131r\u0131larda siyasi ve g\u00fcvenlik kademesindeki \u00fcst d\u00fczey isimlerin hedef al\u0131nd\u0131\u011f\u0131 bildirildi.<\/span><\/p>\n<p style=\"font-weight: 300\"><span style=\"font-weight: 300 !important\">\u0130srail istihbarat birimlerinin \u0130ranl\u0131 \u00fcst d\u00fczey isimlerin ne zaman bir araya gelece\u011fine ili\u015fkin aylar s\u00fcren \u00e7al\u0131\u015fmalar y\u00fcr\u00fctt\u00fc\u011f\u00fcne dikkat \u00e7ekilen a\u00e7\u0131klamada, \u0130ranl\u0131 komutanlar\u0131n ve \u00fcst d\u00fczey y\u00f6neticilerin konumlar\u0131n\u0131n y\u00fcksek hassasiyetle tespit edildi\u011fi \u00f6ne s\u00fcr\u00fcld\u00fc.<\/span><\/p>\n<p style=\"font-weight: 300\"><span style=\"font-weight: 300 !important\">\u0130srail bas\u0131n\u0131, \u0130ran lideri Ayetullah Ali Hamaney, \u0130ran Cumhurba\u015fkan\u0131 Mesud Peze\u015fkiyan ve Hamaney&#8217;in dan\u0131\u015fman\u0131 ve \u0130ran&#8217;\u0131n n\u00fckleer program\u0131ndan sorumlu olan Ali \u015eemhani&#8217;ye suikast te\u015febb\u00fcs\u00fcnde bulunuldu\u011funu yazd\u0131.<\/span><\/p>\n<p style=\"font-weight: 300\"><span style=\"font-weight: 300 !important\">Yedioth Ahronot gazetesinin haberinde ise, \u0130srail\u2019in \u0130ran Devrim Muhaf\u0131zlar\u0131 Ordusu Komutan\u0131 T\u00fcmgeneral Muhammed Pakpur\u2019un sald\u0131r\u0131larda \u00f6ld\u00fcr\u00fcld\u00fc\u011f\u00fc de\u011ferlendirmesinde bulundu\u011fu belirtildi.<\/span><\/p>\n<p style=\"font-weight: 300\"><span style=\"font-weight: 300 !important\">\u0130ran lideri Hamaney&#8217;in hedef al\u0131nd\u0131\u011f\u0131na y\u00f6nelik iddialara ili\u015fkin bir a\u00e7\u0131klama yap\u0131lmazken \u0130ran Cumhurba\u015fkan\u0131 Yard\u0131mc\u0131s\u0131 Muhammed Cafer Kaimpenah, \u0130ran Cumhurba\u015fkan\u0131&#8217;na suikast te\u015febb\u00fcs\u00fcn\u00fcn ba\u015far\u0131s\u0131z oldu\u011funu ve Peze\u015fkiyan&#8217;\u0131n iyi oldu\u011funu kaydetti.<\/span><\/p>\n<p style=\"font-weight: 300\"><span style=\"font-weight: 300 !important\">&#8211; ABD ve \u0130srail&#8217;in \u0130ran&#8217;a sald\u0131r\u0131lar\u0131<\/span><\/p>\n<p style=\"font-weight: 300\"><span style=\"font-weight: 300 !important\">\u0130ran ile ABD aras\u0131ndaki m\u00fczakere s\u00fcreci devam ederken \u0130srail ve ABD sabah saatlerinde \u0130ran&#8217;a ortak sald\u0131r\u0131lar ba\u015flatt\u0131.<\/span><\/p>\n<p style=\"font-weight: 300\"><span style=\"font-weight: 300 !important\">\u0130srail Savunma Bakanl\u0131\u011f\u0131, \u0130ran\u2019a \u201c\u00f6nleyici sald\u0131r\u0131\u201d ba\u015flatt\u0131\u011f\u0131n\u0131 duyurdu. ABD Ba\u015fkan\u0131 Donald Trump da \u0130ran&#8217;a y\u00f6nelik &#8220;b\u00fcy\u00fck bir operasyon&#8221; ba\u015flatt\u0131klar\u0131n\u0131 a\u00e7\u0131klad\u0131.<\/span><\/p>\n<p style=\"font-weight: 300\"><span style=\"font-weight: 300 !important\">Sald\u0131r\u0131lar kapsam\u0131nda ba\u015fkent Tahran, \u0130sfahan, Kerec, Kum, Tebriz, \u015eiraz, Bu\u015fehr, Kirman\u015fah ve \u0130lam kentleri hedef al\u0131nd\u0131.<\/span><\/p>\n<p style=\"font-weight: 300\"><span style=\"font-weight: 300 !important\">\u0130srail ve \u0130ran, hava sahas\u0131n\u0131 kapat\u0131rken \u0130srail genelinde ola\u011fan\u00fcst\u00fc hal ilan edildi, sirenler \u00e7ald\u0131. \u0130ran&#8217;\u0131n kar\u015f\u0131 sald\u0131r\u0131lar\u0131 \u00f6ncesinde \u0130srail halk\u0131n\u0131 s\u0131\u011f\u0131naklara y\u00f6nlendiren uyar\u0131lar yap\u0131ld\u0131.<\/span><\/p>\n<p style=\"font-weight: 300\"><span style=\"font-weight: 300 !important\">\u0130ran ordusu, ABD ile \u0130srail&#8217;in sald\u0131r\u0131lar\u0131na kar\u015f\u0131l\u0131k \u0130srail&#8217;e onlarca balistik f\u00fcze ve insans\u0131z hava ara\u00e7lar\u0131yla kar\u015f\u0131 sald\u0131r\u0131lar ba\u015flatt\u0131\u011f\u0131n\u0131 duyurdu.<\/span><\/p>\n<p style=\"font-weight: 300\"><span style=\"font-weight: 300 !important\">\u0130ran, f\u00fcze sald\u0131r\u0131lar\u0131yla Bahreyn, Birle\u015fik Arap Emirlikleri, Kuveyt, Katar ve \u00dcrd\u00fcn gibi \u00fclkelerde e\u015f zamanl\u0131 ABD \u00fcslerini hedef al\u0131rken Bahreyn&#8217;deki ABD donanma \u00fcss\u00fc vuruldu.<\/span><\/p>\n<p>\u0130srail, be\u015f \u00fcst d\u00fczey ismi hedef ald\u0131 yaz\u0131s\u0131 ilk \u00f6nce K\u0131br\u0131s Hakikat \u00fczerinde ortaya \u00e7\u0131kt\u0131.<\/p>\n","protected":false},"excerpt":{"rendered":"<p>Ordudan yap\u0131lan a\u00e7\u0131klamada, sabah saatlerinde Tahran&#8217;da birden fazla noktaya d\u00fczenlenen e\u015f zamanl\u0131 sald\u0131r\u0131larda siyasi ve g\u00fcvenlik kademesindeki \u00fcst d\u00fczey isimlerin hedef al\u0131nd\u0131\u011f\u0131 bildirildi. \u0130srail istihbarat birimlerinin \u0130ranl\u0131 \u00fcst d\u00fczey isimlerin ne zaman bir araya gelece\u011fine ili\u015fkin aylar s\u00fcren \u00e7al\u0131\u015fmalar y\u00fcr\u00fctt\u00fc\u011f\u00fcne dikkat \u00e7ekilen a\u00e7\u0131klamada, \u0130ranl\u0131 komutanlar\u0131n ve \u00fcst d\u00fczey y\u00f6neticilerin konumlar\u0131n\u0131n y\u00fcksek hassasiyetle tespit edildi\u011fi \u00f6ne [&hellip;]<\/p>\n","protected":false},"author":1,"featured_media":36068,"comment_status":"open","ping_status":"open","sticky":false,"template":"","format":"standard","meta":{"jnews-multi-image_gallery":[],"jnews_single_post":[],"jnews_primary_category":[],"jnews_social_meta":[],"jnews_override_counter":[],"footnotes":""},"categories":[1],"tags":[],"class_list":["post-36067","post","type-post","status-publish","format-standard","has-post-thumbnail","hentry","category-kibris"],"yoast_head":"<!-- This site is optimized with the Yoast SEO plugin v27.5 - https:\/\/yoast.com\/product\/yoast-seo-wordpress\/ -->\n<title>\u0130srail, be\u015f \u00fcst d\u00fczey ismi hedef ald\u0131 - Kuzeyin Sesi<\/title>\n<meta name=\"robots\" content=\"index, follow, max-snippet:-1, max-image-preview:large, max-video-preview:-1\" \/>\n<link rel=\"canonical\" href=\"https:\/\/kuzeyinsesi.org\/index.php\/2026\/02\/28\/israil-bes-ust-duzey-ismi-hedef-aldi\/\" \/>\n<meta property=\"og:locale\" content=\"tr_TR\" \/>\n<meta property=\"og:type\" content=\"article\" \/>\n<meta property=\"og:title\" content=\"\u0130srail, be\u015f \u00fcst d\u00fczey ismi hedef ald\u0131 - Kuzeyin Sesi\" \/>\n<meta property=\"og:description\" content=\"Ordudan yap\u0131lan a\u00e7\u0131klamada, sabah saatlerinde Tahran&#8217;da birden fazla noktaya d\u00fczenlenen e\u015f zamanl\u0131 sald\u0131r\u0131larda siyasi ve g\u00fcvenlik kademesindeki \u00fcst d\u00fczey isimlerin hedef al\u0131nd\u0131\u011f\u0131 bildirildi. \u0130srail istihbarat birimlerinin \u0130ranl\u0131 \u00fcst d\u00fczey isimlerin ne zaman bir araya gelece\u011fine ili\u015fkin aylar s\u00fcren \u00e7al\u0131\u015fmalar y\u00fcr\u00fctt\u00fc\u011f\u00fcne dikkat \u00e7ekilen a\u00e7\u0131klamada, \u0130ranl\u0131 komutanlar\u0131n ve \u00fcst d\u00fczey y\u00f6neticilerin konumlar\u0131n\u0131n y\u00fcksek hassasiyetle tespit edildi\u011fi \u00f6ne [&hellip;]\" \/>\n<meta property=\"og:url\" content=\"https:\/\/kuzeyinsesi.org\/index.php\/2026\/02\/28\/israil-bes-ust-duzey-ismi-hedef-aldi\/\" \/>\n<meta property=\"og:site_name\" content=\"Kuzeyin Sesi\" \/>\n<meta property=\"article:publisher\" content=\"https:\/\/www.facebook.com\/kuzeyinsesii\" \/>\n<meta property=\"article:published_time\" content=\"2026-02-28T15:07:03+00:00\" \/>\n<meta name=\"author\" content=\"Kuzeyin Sesi\" \/>\n<meta name=\"twitter:card\" content=\"summary_large_image\" \/>\n<meta name=\"twitter:creator\" content=\"@kuzeyinsesii\" \/>\n<meta name=\"twitter:site\" content=\"@kuzeyinsesii\" \/>\n<meta name=\"twitter:label1\" content=\"Yazan:\" \/>\n\t<meta name=\"twitter:data1\" content=\"Kuzeyin Sesi\" \/>\n\t<meta name=\"twitter:label2\" content=\"Tahmini okuma s\u00fcresi\" \/>\n\t<meta name=\"twitter:data2\" content=\"2 dakika\" \/>\n<script type=\"application\/ld+json\" class=\"yoast-schema-graph\">{\"@context\":\"https:\\\/\\\/schema.org\",\"@graph\":[{\"@type\":\"Article\",\"@id\":\"https:\\\/\\\/kuzeyinsesi.org\\\/index.php\\\/2026\\\/02\\\/28\\\/israil-bes-ust-duzey-ismi-hedef-aldi\\\/#article\",\"isPartOf\":{\"@id\":\"https:\\\/\\\/kuzeyinsesi.org\\\/index.php\\\/2026\\\/02\\\/28\\\/israil-bes-ust-duzey-ismi-hedef-aldi\\\/\"},\"author\":{\"name\":\"Kuzeyin Sesi\",\"@id\":\"https:\\\/\\\/kuzeyinsesi.org\\\/#\\\/schema\\\/person\\\/9f859689cdf01485597712386e37f5aa\"},\"headline\":\"\u0130srail, be\u015f \u00fcst d\u00fczey ismi hedef ald\u0131\",\"datePublished\":\"2026-02-28T15:07:03+00:00\",\"mainEntityOfPage\":{\"@id\":\"https:\\\/\\\/kuzeyinsesi.org\\\/index.php\\\/2026\\\/02\\\/28\\\/israil-bes-ust-duzey-ismi-hedef-aldi\\\/\"},\"wordCount\":420,\"commentCount\":0,\"image\":{\"@id\":\"https:\\\/\\\/kuzeyinsesi.org\\\/index.php\\\/2026\\\/02\\\/28\\\/israil-bes-ust-duzey-ismi-hedef-aldi\\\/#primaryimage\"},\"thumbnailUrl\":\"https:\\\/\\\/kuzeyinsesi.org\\\/wp-content\\\/uploads\\\/2026\\\/02\\\/1772286995983thumbs_b_c_3bea905142092de7c9b016749cb922bb.jpg\",\"articleSection\":[\"K\u0131br\u0131s\"],\"inLanguage\":\"tr\",\"potentialAction\":[{\"@type\":\"CommentAction\",\"name\":\"Comment\",\"target\":[\"https:\\\/\\\/kuzeyinsesi.org\\\/index.php\\\/2026\\\/02\\\/28\\\/israil-bes-ust-duzey-ismi-hedef-aldi\\\/#respond\"]}]},{\"@type\":\"WebPage\",\"@id\":\"https:\\\/\\\/kuzeyinsesi.org\\\/index.php\\\/2026\\\/02\\\/28\\\/israil-bes-ust-duzey-ismi-hedef-aldi\\\/\",\"url\":\"https:\\\/\\\/kuzeyinsesi.org\\\/index.php\\\/2026\\\/02\\\/28\\\/israil-bes-ust-duzey-ismi-hedef-aldi\\\/\",\"name\":\"\u0130srail, be\u015f \u00fcst d\u00fczey ismi hedef ald\u0131 - Kuzeyin Sesi\",\"isPartOf\":{\"@id\":\"https:\\\/\\\/kuzeyinsesi.org\\\/#website\"},\"primaryImageOfPage\":{\"@id\":\"https:\\\/\\\/kuzeyinsesi.org\\\/index.php\\\/2026\\\/02\\\/28\\\/israil-bes-ust-duzey-ismi-hedef-aldi\\\/#primaryimage\"},\"image\":{\"@id\":\"https:\\\/\\\/kuzeyinsesi.org\\\/index.php\\\/2026\\\/02\\\/28\\\/israil-bes-ust-duzey-ismi-hedef-aldi\\\/#primaryimage\"},\"thumbnailUrl\":\"https:\\\/\\\/kuzeyinsesi.org\\\/wp-content\\\/uploads\\\/2026\\\/02\\\/1772286995983thumbs_b_c_3bea905142092de7c9b016749cb922bb.jpg\",\"datePublished\":\"2026-02-28T15:07:03+00:00\",\"author\":{\"@id\":\"https:\\\/\\\/kuzeyinsesi.org\\\/#\\\/schema\\\/person\\\/9f859689cdf01485597712386e37f5aa\"},\"breadcrumb\":{\"@id\":\"https:\\\/\\\/kuzeyinsesi.org\\\/index.php\\\/2026\\\/02\\\/28\\\/israil-bes-ust-duzey-ismi-hedef-aldi\\\/#breadcrumb\"},\"inLanguage\":\"tr\",\"potentialAction\":[{\"@type\":\"ReadAction\",\"target\":[\"https:\\\/\\\/kuzeyinsesi.org\\\/index.php\\\/2026\\\/02\\\/28\\\/israil-bes-ust-duzey-ismi-hedef-aldi\\\/\"]}]},{\"@type\":\"ImageObject\",\"inLanguage\":\"tr\",\"@id\":\"https:\\\/\\\/kuzeyinsesi.org\\\/index.php\\\/2026\\\/02\\\/28\\\/israil-bes-ust-duzey-ismi-hedef-aldi\\\/#primaryimage\",\"url\":\"https:\\\/\\\/kuzeyinsesi.org\\\/wp-content\\\/uploads\\\/2026\\\/02\\\/1772286995983thumbs_b_c_3bea905142092de7c9b016749cb922bb.jpg\",\"contentUrl\":\"https:\\\/\\\/kuzeyinsesi.org\\\/wp-content\\\/uploads\\\/2026\\\/02\\\/1772286995983thumbs_b_c_3bea905142092de7c9b016749cb922bb.jpg\",\"width\":864,\"height\":486},{\"@type\":\"BreadcrumbList\",\"@id\":\"https:\\\/\\\/kuzeyinsesi.org\\\/index.php\\\/2026\\\/02\\\/28\\\/israil-bes-ust-duzey-ismi-hedef-aldi\\\/#breadcrumb\",\"itemListElement\":[{\"@type\":\"ListItem\",\"position\":1,\"name\":\"Anasayfa\",\"item\":\"https:\\\/\\\/kuzeyinsesi.org\\\/\"},{\"@type\":\"ListItem\",\"position\":2,\"name\":\"\u0130srail, be\u015f \u00fcst d\u00fczey ismi hedef ald\u0131\"}]},{\"@type\":\"WebSite\",\"@id\":\"https:\\\/\\\/kuzeyinsesi.org\\\/#website\",\"url\":\"https:\\\/\\\/kuzeyinsesi.org\\\/\",\"name\":\"Kuzeyin Sesi\",\"description\":\"Do\u011fru Haberin Adresi\",\"potentialAction\":[{\"@type\":\"SearchAction\",\"target\":{\"@type\":\"EntryPoint\",\"urlTemplate\":\"https:\\\/\\\/kuzeyinsesi.org\\\/?s={search_term_string}\"},\"query-input\":{\"@type\":\"PropertyValueSpecification\",\"valueRequired\":true,\"valueName\":\"search_term_string\"}}],\"inLanguage\":\"tr\"},{\"@type\":\"Person\",\"@id\":\"https:\\\/\\\/kuzeyinsesi.org\\\/#\\\/schema\\\/person\\\/9f859689cdf01485597712386e37f5aa\",\"name\":\"Kuzeyin Sesi\",\"image\":{\"@type\":\"ImageObject\",\"inLanguage\":\"tr\",\"@id\":\"https:\\\/\\\/secure.gravatar.com\\\/avatar\\\/bab33852abfd8b282518d6ed81826833d77c3c882d9ab608add591ccace47a44?s=96&d=mm&r=g\",\"url\":\"https:\\\/\\\/secure.gravatar.com\\\/avatar\\\/bab33852abfd8b282518d6ed81826833d77c3c882d9ab608add591ccace47a44?s=96&d=mm&r=g\",\"contentUrl\":\"https:\\\/\\\/secure.gravatar.com\\\/avatar\\\/bab33852abfd8b282518d6ed81826833d77c3c882d9ab608add591ccace47a44?s=96&d=mm&r=g\",\"caption\":\"Kuzeyin Sesi\"},\"sameAs\":[\"https:\\\/\\\/kuzeyinsesi.org\"],\"url\":\"https:\\\/\\\/kuzeyinsesi.org\\\/index.php\\\/author\\\/guven\\\/\"}]}<\/script>\n<!-- \/ Yoast SEO plugin. -->","yoast_head_json":{"title":"\u0130srail, be\u015f \u00fcst d\u00fczey ismi hedef ald\u0131 - Kuzeyin Sesi","robots":{"index":"index","follow":"follow","max-snippet":"max-snippet:-1","max-image-preview":"max-image-preview:large","max-video-preview":"max-video-preview:-1"},"canonical":"https:\/\/kuzeyinsesi.org\/index.php\/2026\/02\/28\/israil-bes-ust-duzey-ismi-hedef-aldi\/","og_locale":"tr_TR","og_type":"article","og_title":"\u0130srail, be\u015f \u00fcst d\u00fczey ismi hedef ald\u0131 - Kuzeyin Sesi","og_description":"Ordudan yap\u0131lan a\u00e7\u0131klamada, sabah saatlerinde Tahran&#8217;da birden fazla noktaya d\u00fczenlenen e\u015f zamanl\u0131 sald\u0131r\u0131larda siyasi ve g\u00fcvenlik kademesindeki \u00fcst d\u00fczey isimlerin hedef al\u0131nd\u0131\u011f\u0131 bildirildi. \u0130srail istihbarat birimlerinin \u0130ranl\u0131 \u00fcst d\u00fczey isimlerin ne zaman bir araya gelece\u011fine ili\u015fkin aylar s\u00fcren \u00e7al\u0131\u015fmalar y\u00fcr\u00fctt\u00fc\u011f\u00fcne dikkat \u00e7ekilen a\u00e7\u0131klamada, \u0130ranl\u0131 komutanlar\u0131n ve \u00fcst d\u00fczey y\u00f6neticilerin konumlar\u0131n\u0131n y\u00fcksek hassasiyetle tespit edildi\u011fi \u00f6ne [&hellip;]","og_url":"https:\/\/kuzeyinsesi.org\/index.php\/2026\/02\/28\/israil-bes-ust-duzey-ismi-hedef-aldi\/","og_site_name":"Kuzeyin Sesi","article_publisher":"https:\/\/www.facebook.com\/kuzeyinsesii","article_published_time":"2026-02-28T15:07:03+00:00","author":"Kuzeyin Sesi","twitter_card":"summary_large_image","twitter_creator":"@kuzeyinsesii","twitter_site":"@kuzeyinsesii","twitter_misc":{"Yazan:":"Kuzeyin Sesi","Tahmini okuma s\u00fcresi":"2 dakika"},"schema":{"@context":"https:\/\/schema.org","@graph":[{"@type":"Article","@id":"https:\/\/kuzeyinsesi.org\/index.php\/2026\/02\/28\/israil-bes-ust-duzey-ismi-hedef-aldi\/#article","isPartOf":{"@id":"https:\/\/kuzeyinsesi.org\/index.php\/2026\/02\/28\/israil-bes-ust-duzey-ismi-hedef-aldi\/"},"author":{"name":"Kuzeyin Sesi","@id":"https:\/\/kuzeyinsesi.org\/#\/schema\/person\/9f859689cdf01485597712386e37f5aa"},"headline":"\u0130srail, be\u015f \u00fcst d\u00fczey ismi hedef ald\u0131","datePublished":"2026-02-28T15:07:03+00:00","mainEntityOfPage":{"@id":"https:\/\/kuzeyinsesi.org\/index.php\/2026\/02\/28\/israil-bes-ust-duzey-ismi-hedef-aldi\/"},"wordCount":420,"commentCount":0,"image":{"@id":"https:\/\/kuzeyinsesi.org\/index.php\/2026\/02\/28\/israil-bes-ust-duzey-ismi-hedef-aldi\/#primaryimage"},"thumbnailUrl":"https:\/\/kuzeyinsesi.org\/wp-content\/uploads\/2026\/02\/1772286995983thumbs_b_c_3bea905142092de7c9b016749cb922bb.jpg","articleSection":["K\u0131br\u0131s"],"inLanguage":"tr","potentialAction":[{"@type":"CommentAction","name":"Comment","target":["https:\/\/kuzeyinsesi.org\/index.php\/2026\/02\/28\/israil-bes-ust-duzey-ismi-hedef-aldi\/#respond"]}]},{"@type":"WebPage","@id":"https:\/\/kuzeyinsesi.org\/index.php\/2026\/02\/28\/israil-bes-ust-duzey-ismi-hedef-aldi\/","url":"https:\/\/kuzeyinsesi.org\/index.php\/2026\/02\/28\/israil-bes-ust-duzey-ismi-hedef-aldi\/","name":"\u0130srail, be\u015f \u00fcst d\u00fczey ismi hedef ald\u0131 - Kuzeyin Sesi","isPartOf":{"@id":"https:\/\/kuzeyinsesi.org\/#website"},"primaryImageOfPage":{"@id":"https:\/\/kuzeyinsesi.org\/index.php\/2026\/02\/28\/israil-bes-ust-duzey-ismi-hedef-aldi\/#primaryimage"},"image":{"@id":"https:\/\/kuzeyinsesi.org\/index.php\/2026\/02\/28\/israil-bes-ust-duzey-ismi-hedef-aldi\/#primaryimage"},"thumbnailUrl":"https:\/\/kuzeyinsesi.org\/wp-content\/uploads\/2026\/02\/1772286995983thumbs_b_c_3bea905142092de7c9b016749cb922bb.jpg","datePublished":"2026-02-28T15:07:03+00:00","author":{"@id":"https:\/\/kuzeyinsesi.org\/#\/schema\/person\/9f859689cdf01485597712386e37f5aa"},"breadcrumb":{"@id":"https:\/\/kuzeyinsesi.org\/index.php\/2026\/02\/28\/israil-bes-ust-duzey-ismi-hedef-aldi\/#breadcrumb"},"inLanguage":"tr","potentialAction":[{"@type":"ReadAction","target":["https:\/\/kuzeyinsesi.org\/index.php\/2026\/02\/28\/israil-bes-ust-duzey-ismi-hedef-aldi\/"]}]},{"@type":"ImageObject","inLanguage":"tr","@id":"https:\/\/kuzeyinsesi.org\/index.php\/2026\/02\/28\/israil-bes-ust-duzey-ismi-hedef-aldi\/#primaryimage","url":"https:\/\/kuzeyinsesi.org\/wp-content\/uploads\/2026\/02\/1772286995983thumbs_b_c_3bea905142092de7c9b016749cb922bb.jpg","contentUrl":"https:\/\/kuzeyinsesi.org\/wp-content\/uploads\/2026\/02\/1772286995983thumbs_b_c_3bea905142092de7c9b016749cb922bb.jpg","width":864,"height":486},{"@type":"BreadcrumbList","@id":"https:\/\/kuzeyinsesi.org\/index.php\/2026\/02\/28\/israil-bes-ust-duzey-ismi-hedef-aldi\/#breadcrumb","itemListElement":[{"@type":"ListItem","position":1,"name":"Anasayfa","item":"https:\/\/kuzeyinsesi.org\/"},{"@type":"ListItem","position":2,"name":"\u0130srail, be\u015f \u00fcst d\u00fczey ismi hedef ald\u0131"}]},{"@type":"WebSite","@id":"https:\/\/kuzeyinsesi.org\/#website","url":"https:\/\/kuzeyinsesi.org\/","name":"Kuzeyin Sesi","description":"Do\u011fru Haberin Adresi","potentialAction":[{"@type":"SearchAction","target":{"@type":"EntryPoint","urlTemplate":"https:\/\/kuzeyinsesi.org\/?s={search_term_string}"},"query-input":{"@type":"PropertyValueSpecification","valueRequired":true,"valueName":"search_term_string"}}],"inLanguage":"tr"},{"@type":"Person","@id":"https:\/\/kuzeyinsesi.org\/#\/schema\/person\/9f859689cdf01485597712386e37f5aa","name":"Kuzeyin Sesi","image":{"@type":"ImageObject","inLanguage":"tr","@id":"https:\/\/secure.gravatar.com\/avatar\/bab33852abfd8b282518d6ed81826833d77c3c882d9ab608add591ccace47a44?s=96&d=mm&r=g","url":"https:\/\/secure.gravatar.com\/avatar\/bab33852abfd8b282518d6ed81826833d77c3c882d9ab608add591ccace47a44?s=96&d=mm&r=g","contentUrl":"https:\/\/secure.gravatar.com\/avatar\/bab33852abfd8b282518d6ed81826833d77c3c882d9ab608add591ccace47a44?s=96&d=mm&r=g","caption":"Kuzeyin Sesi"},"sameAs":["https:\/\/kuzeyinsesi.org"],"url":"https:\/\/kuzeyinsesi.org\/index.php\/author\/guven\/"}]}},"_links":{"self":[{"href":"https:\/\/kuzeyinsesi.org\/index.php\/wp-json\/wp\/v2\/posts\/36067","targetHints":{"allow":["GET"]}}],"collection":[{"href":"https:\/\/kuzeyinsesi.org\/index.php\/wp-json\/wp\/v2\/posts"}],"about":[{"href":"https:\/\/kuzeyinsesi.org\/index.php\/wp-json\/wp\/v2\/types\/post"}],"author":[{"embeddable":true,"href":"https:\/\/kuzeyinsesi.org\/index.php\/wp-json\/wp\/v2\/users\/1"}],"replies":[{"embeddable":true,"href":"https:\/\/kuzeyinsesi.org\/index.php\/wp-json\/wp\/v2\/comments?post=36067"}],"version-history":[{"count":0,"href":"https:\/\/kuzeyinsesi.org\/index.php\/wp-json\/wp\/v2\/posts\/36067\/revisions"}],"wp:featuredmedia":[{"embeddable":true,"href":"https:\/\/kuzeyinsesi.org\/index.php\/wp-json\/wp\/v2\/media\/36068"}],"wp:attachment":[{"href":"https:\/\/kuzeyinsesi.org\/index.php\/wp-json\/wp\/v2\/media?parent=36067"}],"wp:term":[{"taxonomy":"category","embeddable":true,"href":"https:\/\/kuzeyinsesi.org\/index.php\/wp-json\/wp\/v2\/categories?post=36067"},{"taxonomy":"post_tag","embeddable":true,"href":"https:\/\/kuzeyinsesi.org\/index.php\/wp-json\/wp\/v2\/tags?post=36067"}],"curies":[{"name":"wp","href":"https:\/\/api.w.org\/{rel}","templated":true}]}}