{"id":36065,"date":"2026-02-28T17:00:23","date_gmt":"2026-02-28T15:00:23","guid":{"rendered":"https:\/\/kuzeyinsesi.org\/index.php\/2026\/02\/28\/bakanlar-kurulu-iran-savasi-nedeniyle-olaganustu-toplaniyor\/"},"modified":"2026-02-28T17:00:23","modified_gmt":"2026-02-28T15:00:23","slug":"bakanlar-kurulu-iran-savasi-nedeniyle-olaganustu-toplaniyor","status":"publish","type":"post","link":"https:\/\/kuzeyinsesi.org\/index.php\/2026\/02\/28\/bakanlar-kurulu-iran-savasi-nedeniyle-olaganustu-toplaniyor\/","title":{"rendered":"Bakanlar Kurulu, \u0130ran sava\u015f\u0131 nedeniyle ola\u011fan\u00fcst\u00fc toplan\u0131yor"},"content":{"rendered":"<div>Ba\u015fbakan \u00dcnal \u00dcstel, \u0130ran\u2019a kar\u015f\u0131 ba\u015flat\u0131lan sava\u015f ve m\u00fcdahalelerin \u00fclkesel ve b\u00f6lgesel g\u00fcvenlik dengelerine etkilerini, do\u011fabilecek ekonomik ve enerji kaynakl\u0131 riskleri kapsaml\u0131 bi\u00e7imde de\u011ferlendirmek amac\u0131yla, Bakanlar Kurulu\u2019nu ola\u011fan\u00fcst\u00fc toplant\u0131ya \u00e7a\u011f\u0131rd\u0131\u011f\u0131n\u0131 a\u00e7\u0131klad\u0131.<\/div>\n<div><\/div>\n<div>A\u00e7\u0131klamaya g\u00f6re, toplant\u0131da, b\u00f6lgedeki son geli\u015fmeler, ortaya \u00e7\u0131kabilecek g\u00fcvenlik riskleri ve olas\u0131 senaryolara kar\u015f\u0131 al\u0131nacak tedbirler ele al\u0131nacak.<\/div>\n<p>Bakanlar Kurulu, \u0130ran sava\u015f\u0131 nedeniyle ola\u011fan\u00fcst\u00fc toplan\u0131yor yaz\u0131s\u0131 ilk \u00f6nce K\u0131br\u0131s Hakikat \u00fczerinde ortaya \u00e7\u0131kt\u0131.<\/p>\n","protected":false},"excerpt":{"rendered":"<p>Ba\u015fbakan \u00dcnal \u00dcstel, \u0130ran\u2019a kar\u015f\u0131 ba\u015flat\u0131lan sava\u015f ve m\u00fcdahalelerin \u00fclkesel ve b\u00f6lgesel g\u00fcvenlik dengelerine etkilerini, do\u011fabilecek ekonomik ve enerji kaynakl\u0131 riskleri kapsaml\u0131 bi\u00e7imde de\u011ferlendirmek amac\u0131yla, Bakanlar Kurulu\u2019nu ola\u011fan\u00fcst\u00fc toplant\u0131ya \u00e7a\u011f\u0131rd\u0131\u011f\u0131n\u0131 a\u00e7\u0131klad\u0131. A\u00e7\u0131klamaya g\u00f6re, toplant\u0131da, b\u00f6lgedeki son geli\u015fmeler, ortaya \u00e7\u0131kabilecek g\u00fcvenlik riskleri ve olas\u0131 senaryolara kar\u015f\u0131 al\u0131nacak tedbirler ele al\u0131nacak. Bakanlar Kurulu, \u0130ran sava\u015f\u0131 nedeniyle ola\u011fan\u00fcst\u00fc [&hellip;]<\/p>\n","protected":false},"author":1,"featured_media":36066,"comment_status":"open","ping_status":"open","sticky":false,"template":"","format":"standard","meta":{"jnews-multi-image_gallery":[],"jnews_single_post":[],"jnews_primary_category":[],"jnews_social_meta":[],"jnews_override_counter":[],"footnotes":""},"categories":[1],"tags":[],"class_list":["post-36065","post","type-post","status-publish","format-standard","has-post-thumbnail","hentry","category-kibris"],"yoast_head":"<!-- This site is optimized with the Yoast SEO plugin v27.5 - https:\/\/yoast.com\/product\/yoast-seo-wordpress\/ -->\n<title>Bakanlar Kurulu, \u0130ran sava\u015f\u0131 nedeniyle ola\u011fan\u00fcst\u00fc toplan\u0131yor - Kuzeyin Sesi<\/title>\n<meta name=\"robots\" content=\"index, follow, max-snippet:-1, max-image-preview:large, max-video-preview:-1\" \/>\n<link rel=\"canonical\" href=\"https:\/\/kuzeyinsesi.org\/index.php\/2026\/02\/28\/bakanlar-kurulu-iran-savasi-nedeniyle-olaganustu-toplaniyor\/\" \/>\n<meta property=\"og:locale\" content=\"tr_TR\" \/>\n<meta property=\"og:type\" content=\"article\" \/>\n<meta property=\"og:title\" content=\"Bakanlar Kurulu, \u0130ran sava\u015f\u0131 nedeniyle ola\u011fan\u00fcst\u00fc toplan\u0131yor - Kuzeyin Sesi\" \/>\n<meta property=\"og:description\" content=\"Ba\u015fbakan \u00dcnal \u00dcstel, \u0130ran\u2019a kar\u015f\u0131 ba\u015flat\u0131lan sava\u015f ve m\u00fcdahalelerin \u00fclkesel ve b\u00f6lgesel g\u00fcvenlik dengelerine etkilerini, do\u011fabilecek ekonomik ve enerji kaynakl\u0131 riskleri kapsaml\u0131 bi\u00e7imde de\u011ferlendirmek amac\u0131yla, Bakanlar Kurulu\u2019nu ola\u011fan\u00fcst\u00fc toplant\u0131ya \u00e7a\u011f\u0131rd\u0131\u011f\u0131n\u0131 a\u00e7\u0131klad\u0131. A\u00e7\u0131klamaya g\u00f6re, toplant\u0131da, b\u00f6lgedeki son geli\u015fmeler, ortaya \u00e7\u0131kabilecek g\u00fcvenlik riskleri ve olas\u0131 senaryolara kar\u015f\u0131 al\u0131nacak tedbirler ele al\u0131nacak. Bakanlar Kurulu, \u0130ran sava\u015f\u0131 nedeniyle ola\u011fan\u00fcst\u00fc [&hellip;]\" \/>\n<meta property=\"og:url\" content=\"https:\/\/kuzeyinsesi.org\/index.php\/2026\/02\/28\/bakanlar-kurulu-iran-savasi-nedeniyle-olaganustu-toplaniyor\/\" \/>\n<meta property=\"og:site_name\" content=\"Kuzeyin Sesi\" \/>\n<meta property=\"article:publisher\" content=\"https:\/\/www.facebook.com\/kuzeyinsesii\" \/>\n<meta property=\"article:published_time\" content=\"2026-02-28T15:00:23+00:00\" \/>\n<meta name=\"author\" content=\"Kuzeyin Sesi\" \/>\n<meta name=\"twitter:card\" content=\"summary_large_image\" \/>\n<meta name=\"twitter:creator\" content=\"@kuzeyinsesii\" \/>\n<meta name=\"twitter:site\" content=\"@kuzeyinsesii\" \/>\n<meta name=\"twitter:label1\" content=\"Yazan:\" \/>\n\t<meta name=\"twitter:data1\" content=\"Kuzeyin Sesi\" \/>\n<script type=\"application\/ld+json\" class=\"yoast-schema-graph\">{\"@context\":\"https:\\\/\\\/schema.org\",\"@graph\":[{\"@type\":\"Article\",\"@id\":\"https:\\\/\\\/kuzeyinsesi.org\\\/index.php\\\/2026\\\/02\\\/28\\\/bakanlar-kurulu-iran-savasi-nedeniyle-olaganustu-toplaniyor\\\/#article\",\"isPartOf\":{\"@id\":\"https:\\\/\\\/kuzeyinsesi.org\\\/index.php\\\/2026\\\/02\\\/28\\\/bakanlar-kurulu-iran-savasi-nedeniyle-olaganustu-toplaniyor\\\/\"},\"author\":{\"name\":\"Kuzeyin Sesi\",\"@id\":\"https:\\\/\\\/kuzeyinsesi.org\\\/#\\\/schema\\\/person\\\/9f859689cdf01485597712386e37f5aa\"},\"headline\":\"Bakanlar Kurulu, \u0130ran sava\u015f\u0131 nedeniyle ola\u011fan\u00fcst\u00fc toplan\u0131yor\",\"datePublished\":\"2026-02-28T15:00:23+00:00\",\"mainEntityOfPage\":{\"@id\":\"https:\\\/\\\/kuzeyinsesi.org\\\/index.php\\\/2026\\\/02\\\/28\\\/bakanlar-kurulu-iran-savasi-nedeniyle-olaganustu-toplaniyor\\\/\"},\"wordCount\":106,\"commentCount\":0,\"image\":{\"@id\":\"https:\\\/\\\/kuzeyinsesi.org\\\/index.php\\\/2026\\\/02\\\/28\\\/bakanlar-kurulu-iran-savasi-nedeniyle-olaganustu-toplaniyor\\\/#primaryimage\"},\"thumbnailUrl\":\"https:\\\/\\\/kuzeyinsesi.org\\\/wp-content\\\/uploads\\\/2026\\\/02\\\/1772287302029merkez_kaymakami_degisti_h51911.jpg\",\"articleSection\":[\"K\u0131br\u0131s\"],\"inLanguage\":\"tr\",\"potentialAction\":[{\"@type\":\"CommentAction\",\"name\":\"Comment\",\"target\":[\"https:\\\/\\\/kuzeyinsesi.org\\\/index.php\\\/2026\\\/02\\\/28\\\/bakanlar-kurulu-iran-savasi-nedeniyle-olaganustu-toplaniyor\\\/#respond\"]}]},{\"@type\":\"WebPage\",\"@id\":\"https:\\\/\\\/kuzeyinsesi.org\\\/index.php\\\/2026\\\/02\\\/28\\\/bakanlar-kurulu-iran-savasi-nedeniyle-olaganustu-toplaniyor\\\/\",\"url\":\"https:\\\/\\\/kuzeyinsesi.org\\\/index.php\\\/2026\\\/02\\\/28\\\/bakanlar-kurulu-iran-savasi-nedeniyle-olaganustu-toplaniyor\\\/\",\"name\":\"Bakanlar Kurulu, \u0130ran sava\u015f\u0131 nedeniyle ola\u011fan\u00fcst\u00fc toplan\u0131yor - Kuzeyin Sesi\",\"isPartOf\":{\"@id\":\"https:\\\/\\\/kuzeyinsesi.org\\\/#website\"},\"primaryImageOfPage\":{\"@id\":\"https:\\\/\\\/kuzeyinsesi.org\\\/index.php\\\/2026\\\/02\\\/28\\\/bakanlar-kurulu-iran-savasi-nedeniyle-olaganustu-toplaniyor\\\/#primaryimage\"},\"image\":{\"@id\":\"https:\\\/\\\/kuzeyinsesi.org\\\/index.php\\\/2026\\\/02\\\/28\\\/bakanlar-kurulu-iran-savasi-nedeniyle-olaganustu-toplaniyor\\\/#primaryimage\"},\"thumbnailUrl\":\"https:\\\/\\\/kuzeyinsesi.org\\\/wp-content\\\/uploads\\\/2026\\\/02\\\/1772287302029merkez_kaymakami_degisti_h51911.jpg\",\"datePublished\":\"2026-02-28T15:00:23+00:00\",\"author\":{\"@id\":\"https:\\\/\\\/kuzeyinsesi.org\\\/#\\\/schema\\\/person\\\/9f859689cdf01485597712386e37f5aa\"},\"breadcrumb\":{\"@id\":\"https:\\\/\\\/kuzeyinsesi.org\\\/index.php\\\/2026\\\/02\\\/28\\\/bakanlar-kurulu-iran-savasi-nedeniyle-olaganustu-toplaniyor\\\/#breadcrumb\"},\"inLanguage\":\"tr\",\"potentialAction\":[{\"@type\":\"ReadAction\",\"target\":[\"https:\\\/\\\/kuzeyinsesi.org\\\/index.php\\\/2026\\\/02\\\/28\\\/bakanlar-kurulu-iran-savasi-nedeniyle-olaganustu-toplaniyor\\\/\"]}]},{\"@type\":\"ImageObject\",\"inLanguage\":\"tr\",\"@id\":\"https:\\\/\\\/kuzeyinsesi.org\\\/index.php\\\/2026\\\/02\\\/28\\\/bakanlar-kurulu-iran-savasi-nedeniyle-olaganustu-toplaniyor\\\/#primaryimage\",\"url\":\"https:\\\/\\\/kuzeyinsesi.org\\\/wp-content\\\/uploads\\\/2026\\\/02\\\/1772287302029merkez_kaymakami_degisti_h51911.jpg\",\"contentUrl\":\"https:\\\/\\\/kuzeyinsesi.org\\\/wp-content\\\/uploads\\\/2026\\\/02\\\/1772287302029merkez_kaymakami_degisti_h51911.jpg\",\"width\":1280,\"height\":720},{\"@type\":\"BreadcrumbList\",\"@id\":\"https:\\\/\\\/kuzeyinsesi.org\\\/index.php\\\/2026\\\/02\\\/28\\\/bakanlar-kurulu-iran-savasi-nedeniyle-olaganustu-toplaniyor\\\/#breadcrumb\",\"itemListElement\":[{\"@type\":\"ListItem\",\"position\":1,\"name\":\"Anasayfa\",\"item\":\"https:\\\/\\\/kuzeyinsesi.org\\\/\"},{\"@type\":\"ListItem\",\"position\":2,\"name\":\"Bakanlar Kurulu, \u0130ran sava\u015f\u0131 nedeniyle ola\u011fan\u00fcst\u00fc toplan\u0131yor\"}]},{\"@type\":\"WebSite\",\"@id\":\"https:\\\/\\\/kuzeyinsesi.org\\\/#website\",\"url\":\"https:\\\/\\\/kuzeyinsesi.org\\\/\",\"name\":\"Kuzeyin Sesi\",\"description\":\"Do\u011fru Haberin Adresi\",\"potentialAction\":[{\"@type\":\"SearchAction\",\"target\":{\"@type\":\"EntryPoint\",\"urlTemplate\":\"https:\\\/\\\/kuzeyinsesi.org\\\/?s={search_term_string}\"},\"query-input\":{\"@type\":\"PropertyValueSpecification\",\"valueRequired\":true,\"valueName\":\"search_term_string\"}}],\"inLanguage\":\"tr\"},{\"@type\":\"Person\",\"@id\":\"https:\\\/\\\/kuzeyinsesi.org\\\/#\\\/schema\\\/person\\\/9f859689cdf01485597712386e37f5aa\",\"name\":\"Kuzeyin Sesi\",\"image\":{\"@type\":\"ImageObject\",\"inLanguage\":\"tr\",\"@id\":\"https:\\\/\\\/secure.gravatar.com\\\/avatar\\\/bab33852abfd8b282518d6ed81826833d77c3c882d9ab608add591ccace47a44?s=96&d=mm&r=g\",\"url\":\"https:\\\/\\\/secure.gravatar.com\\\/avatar\\\/bab33852abfd8b282518d6ed81826833d77c3c882d9ab608add591ccace47a44?s=96&d=mm&r=g\",\"contentUrl\":\"https:\\\/\\\/secure.gravatar.com\\\/avatar\\\/bab33852abfd8b282518d6ed81826833d77c3c882d9ab608add591ccace47a44?s=96&d=mm&r=g\",\"caption\":\"Kuzeyin Sesi\"},\"sameAs\":[\"https:\\\/\\\/kuzeyinsesi.org\"],\"url\":\"https:\\\/\\\/kuzeyinsesi.org\\\/index.php\\\/author\\\/guven\\\/\"}]}<\/script>\n<!-- \/ Yoast SEO plugin. -->","yoast_head_json":{"title":"Bakanlar Kurulu, \u0130ran sava\u015f\u0131 nedeniyle ola\u011fan\u00fcst\u00fc toplan\u0131yor - Kuzeyin Sesi","robots":{"index":"index","follow":"follow","max-snippet":"max-snippet:-1","max-image-preview":"max-image-preview:large","max-video-preview":"max-video-preview:-1"},"canonical":"https:\/\/kuzeyinsesi.org\/index.php\/2026\/02\/28\/bakanlar-kurulu-iran-savasi-nedeniyle-olaganustu-toplaniyor\/","og_locale":"tr_TR","og_type":"article","og_title":"Bakanlar Kurulu, \u0130ran sava\u015f\u0131 nedeniyle ola\u011fan\u00fcst\u00fc toplan\u0131yor - Kuzeyin Sesi","og_description":"Ba\u015fbakan \u00dcnal \u00dcstel, \u0130ran\u2019a kar\u015f\u0131 ba\u015flat\u0131lan sava\u015f ve m\u00fcdahalelerin \u00fclkesel ve b\u00f6lgesel g\u00fcvenlik dengelerine etkilerini, do\u011fabilecek ekonomik ve enerji kaynakl\u0131 riskleri kapsaml\u0131 bi\u00e7imde de\u011ferlendirmek amac\u0131yla, Bakanlar Kurulu\u2019nu ola\u011fan\u00fcst\u00fc toplant\u0131ya \u00e7a\u011f\u0131rd\u0131\u011f\u0131n\u0131 a\u00e7\u0131klad\u0131. A\u00e7\u0131klamaya g\u00f6re, toplant\u0131da, b\u00f6lgedeki son geli\u015fmeler, ortaya \u00e7\u0131kabilecek g\u00fcvenlik riskleri ve olas\u0131 senaryolara kar\u015f\u0131 al\u0131nacak tedbirler ele al\u0131nacak. Bakanlar Kurulu, \u0130ran sava\u015f\u0131 nedeniyle ola\u011fan\u00fcst\u00fc [&hellip;]","og_url":"https:\/\/kuzeyinsesi.org\/index.php\/2026\/02\/28\/bakanlar-kurulu-iran-savasi-nedeniyle-olaganustu-toplaniyor\/","og_site_name":"Kuzeyin Sesi","article_publisher":"https:\/\/www.facebook.com\/kuzeyinsesii","article_published_time":"2026-02-28T15:00:23+00:00","author":"Kuzeyin Sesi","twitter_card":"summary_large_image","twitter_creator":"@kuzeyinsesii","twitter_site":"@kuzeyinsesii","twitter_misc":{"Yazan:":"Kuzeyin Sesi"},"schema":{"@context":"https:\/\/schema.org","@graph":[{"@type":"Article","@id":"https:\/\/kuzeyinsesi.org\/index.php\/2026\/02\/28\/bakanlar-kurulu-iran-savasi-nedeniyle-olaganustu-toplaniyor\/#article","isPartOf":{"@id":"https:\/\/kuzeyinsesi.org\/index.php\/2026\/02\/28\/bakanlar-kurulu-iran-savasi-nedeniyle-olaganustu-toplaniyor\/"},"author":{"name":"Kuzeyin Sesi","@id":"https:\/\/kuzeyinsesi.org\/#\/schema\/person\/9f859689cdf01485597712386e37f5aa"},"headline":"Bakanlar Kurulu, \u0130ran sava\u015f\u0131 nedeniyle ola\u011fan\u00fcst\u00fc toplan\u0131yor","datePublished":"2026-02-28T15:00:23+00:00","mainEntityOfPage":{"@id":"https:\/\/kuzeyinsesi.org\/index.php\/2026\/02\/28\/bakanlar-kurulu-iran-savasi-nedeniyle-olaganustu-toplaniyor\/"},"wordCount":106,"commentCount":0,"image":{"@id":"https:\/\/kuzeyinsesi.org\/index.php\/2026\/02\/28\/bakanlar-kurulu-iran-savasi-nedeniyle-olaganustu-toplaniyor\/#primaryimage"},"thumbnailUrl":"https:\/\/kuzeyinsesi.org\/wp-content\/uploads\/2026\/02\/1772287302029merkez_kaymakami_degisti_h51911.jpg","articleSection":["K\u0131br\u0131s"],"inLanguage":"tr","potentialAction":[{"@type":"CommentAction","name":"Comment","target":["https:\/\/kuzeyinsesi.org\/index.php\/2026\/02\/28\/bakanlar-kurulu-iran-savasi-nedeniyle-olaganustu-toplaniyor\/#respond"]}]},{"@type":"WebPage","@id":"https:\/\/kuzeyinsesi.org\/index.php\/2026\/02\/28\/bakanlar-kurulu-iran-savasi-nedeniyle-olaganustu-toplaniyor\/","url":"https:\/\/kuzeyinsesi.org\/index.php\/2026\/02\/28\/bakanlar-kurulu-iran-savasi-nedeniyle-olaganustu-toplaniyor\/","name":"Bakanlar Kurulu, \u0130ran sava\u015f\u0131 nedeniyle ola\u011fan\u00fcst\u00fc toplan\u0131yor - Kuzeyin Sesi","isPartOf":{"@id":"https:\/\/kuzeyinsesi.org\/#website"},"primaryImageOfPage":{"@id":"https:\/\/kuzeyinsesi.org\/index.php\/2026\/02\/28\/bakanlar-kurulu-iran-savasi-nedeniyle-olaganustu-toplaniyor\/#primaryimage"},"image":{"@id":"https:\/\/kuzeyinsesi.org\/index.php\/2026\/02\/28\/bakanlar-kurulu-iran-savasi-nedeniyle-olaganustu-toplaniyor\/#primaryimage"},"thumbnailUrl":"https:\/\/kuzeyinsesi.org\/wp-content\/uploads\/2026\/02\/1772287302029merkez_kaymakami_degisti_h51911.jpg","datePublished":"2026-02-28T15:00:23+00:00","author":{"@id":"https:\/\/kuzeyinsesi.org\/#\/schema\/person\/9f859689cdf01485597712386e37f5aa"},"breadcrumb":{"@id":"https:\/\/kuzeyinsesi.org\/index.php\/2026\/02\/28\/bakanlar-kurulu-iran-savasi-nedeniyle-olaganustu-toplaniyor\/#breadcrumb"},"inLanguage":"tr","potentialAction":[{"@type":"ReadAction","target":["https:\/\/kuzeyinsesi.org\/index.php\/2026\/02\/28\/bakanlar-kurulu-iran-savasi-nedeniyle-olaganustu-toplaniyor\/"]}]},{"@type":"ImageObject","inLanguage":"tr","@id":"https:\/\/kuzeyinsesi.org\/index.php\/2026\/02\/28\/bakanlar-kurulu-iran-savasi-nedeniyle-olaganustu-toplaniyor\/#primaryimage","url":"https:\/\/kuzeyinsesi.org\/wp-content\/uploads\/2026\/02\/1772287302029merkez_kaymakami_degisti_h51911.jpg","contentUrl":"https:\/\/kuzeyinsesi.org\/wp-content\/uploads\/2026\/02\/1772287302029merkez_kaymakami_degisti_h51911.jpg","width":1280,"height":720},{"@type":"BreadcrumbList","@id":"https:\/\/kuzeyinsesi.org\/index.php\/2026\/02\/28\/bakanlar-kurulu-iran-savasi-nedeniyle-olaganustu-toplaniyor\/#breadcrumb","itemListElement":[{"@type":"ListItem","position":1,"name":"Anasayfa","item":"https:\/\/kuzeyinsesi.org\/"},{"@type":"ListItem","position":2,"name":"Bakanlar Kurulu, \u0130ran sava\u015f\u0131 nedeniyle ola\u011fan\u00fcst\u00fc toplan\u0131yor"}]},{"@type":"WebSite","@id":"https:\/\/kuzeyinsesi.org\/#website","url":"https:\/\/kuzeyinsesi.org\/","name":"Kuzeyin Sesi","description":"Do\u011fru Haberin Adresi","potentialAction":[{"@type":"SearchAction","target":{"@type":"EntryPoint","urlTemplate":"https:\/\/kuzeyinsesi.org\/?s={search_term_string}"},"query-input":{"@type":"PropertyValueSpecification","valueRequired":true,"valueName":"search_term_string"}}],"inLanguage":"tr"},{"@type":"Person","@id":"https:\/\/kuzeyinsesi.org\/#\/schema\/person\/9f859689cdf01485597712386e37f5aa","name":"Kuzeyin Sesi","image":{"@type":"ImageObject","inLanguage":"tr","@id":"https:\/\/secure.gravatar.com\/avatar\/bab33852abfd8b282518d6ed81826833d77c3c882d9ab608add591ccace47a44?s=96&d=mm&r=g","url":"https:\/\/secure.gravatar.com\/avatar\/bab33852abfd8b282518d6ed81826833d77c3c882d9ab608add591ccace47a44?s=96&d=mm&r=g","contentUrl":"https:\/\/secure.gravatar.com\/avatar\/bab33852abfd8b282518d6ed81826833d77c3c882d9ab608add591ccace47a44?s=96&d=mm&r=g","caption":"Kuzeyin Sesi"},"sameAs":["https:\/\/kuzeyinsesi.org"],"url":"https:\/\/kuzeyinsesi.org\/index.php\/author\/guven\/"}]}},"_links":{"self":[{"href":"https:\/\/kuzeyinsesi.org\/index.php\/wp-json\/wp\/v2\/posts\/36065","targetHints":{"allow":["GET"]}}],"collection":[{"href":"https:\/\/kuzeyinsesi.org\/index.php\/wp-json\/wp\/v2\/posts"}],"about":[{"href":"https:\/\/kuzeyinsesi.org\/index.php\/wp-json\/wp\/v2\/types\/post"}],"author":[{"embeddable":true,"href":"https:\/\/kuzeyinsesi.org\/index.php\/wp-json\/wp\/v2\/users\/1"}],"replies":[{"embeddable":true,"href":"https:\/\/kuzeyinsesi.org\/index.php\/wp-json\/wp\/v2\/comments?post=36065"}],"version-history":[{"count":0,"href":"https:\/\/kuzeyinsesi.org\/index.php\/wp-json\/wp\/v2\/posts\/36065\/revisions"}],"wp:featuredmedia":[{"embeddable":true,"href":"https:\/\/kuzeyinsesi.org\/index.php\/wp-json\/wp\/v2\/media\/36066"}],"wp:attachment":[{"href":"https:\/\/kuzeyinsesi.org\/index.php\/wp-json\/wp\/v2\/media?parent=36065"}],"wp:term":[{"taxonomy":"category","embeddable":true,"href":"https:\/\/kuzeyinsesi.org\/index.php\/wp-json\/wp\/v2\/categories?post=36065"},{"taxonomy":"post_tag","embeddable":true,"href":"https:\/\/kuzeyinsesi.org\/index.php\/wp-json\/wp\/v2\/tags?post=36065"}],"curies":[{"name":"wp","href":"https:\/\/api.w.org\/{rel}","templated":true}]}}