{"id":36063,"date":"2026-02-28T16:54:28","date_gmt":"2026-02-28T14:54:28","guid":{"rendered":"https:\/\/kuzeyinsesi.org\/index.php\/2026\/02\/28\/guney-kibris-orta-dogudaki-gerginligin-artmasinin-ardindan-estia-planini-devreye-koydu\/"},"modified":"2026-02-28T16:54:28","modified_gmt":"2026-02-28T14:54:28","slug":"guney-kibris-orta-dogudaki-gerginligin-artmasinin-ardindan-estia-planini-devreye-koydu","status":"publish","type":"post","link":"https:\/\/kuzeyinsesi.org\/index.php\/2026\/02\/28\/guney-kibris-orta-dogudaki-gerginligin-artmasinin-ardindan-estia-planini-devreye-koydu\/","title":{"rendered":"G\u00fcney K\u0131br\u0131s Orta Do\u011fu\u2019daki gerginli\u011fin artmas\u0131n\u0131n ard\u0131ndan \u201cEstia\u201d plan\u0131n\u0131 devreye koydu"},"content":{"rendered":"<p style=\"font-weight: 300\">Karar\u0131n \u201cK\u0131br\u0131s Cumhuriyeti\u201d topraklar\u0131 \u00fczerinden, kriz b\u00f6lgelerinden \u00fc\u00e7\u00fcnc\u00fc \u00fclke vatanda\u015flar\u0131n\u0131n kabul\u00fc ve \u00fclkelerine geri g\u00f6nderilmesi ihtiyac\u0131yla ilgili konular\u0131 i\u00e7erdi\u011fi belirtilirken, Rum Y\u00f6netimi\u2019nin diplomatik misyonlar\u0131n\u0131n b\u00f6lgede bulunan K\u0131br\u0131s vatanda\u015flar\u0131yla alakal\u0131 olarak, sahadaki durumu yak\u0131ndan takip etti\u011fi kaydedildi.<\/p>\n<p style=\"font-weight: 300\">\u201cEstia\u201d isimli \u00f6zel ulusal plan\u0131n, Rum D\u0131\u015fi\u015fleri Bakanl\u0131\u011f\u0131&#8217;n\u0131n acil durum veya kriz halinde, vatanda\u015flar\u0131n kriz b\u00f6lgelerinden (geni\u015f Orta Do\u011fu b\u00f6lgesinden) G\u00fcney K\u0131br\u0131s \u00fczerinden g\u00fcvenli bir \u015fekilde tahliyesini sa\u011flamak amac\u0131yla devreye konulan plan\u0131 oldu\u011fu da kaydedildi.<\/p>\n<p style=\"font-weight: 300\">&#8211;<span style=\"font-weight: 300 !important\">\u00a0\u00a0\u00a0\u00a0\u00a0\u00a0\u00a0\u00a0<\/span>Kombos<\/p>\n<p style=\"font-weight: 300\">Rum D\u0131\u015fi\u015fleri Bakan\u0131 Konstantinos Kombos ise konuyla ilgili olarak \u201cX\u201d platformundan yapt\u0131\u011f\u0131 payla\u015f\u0131mda, b\u00f6lgedeki durumun t\u0131rmanmas\u0131n\u0131 yak\u0131ndan takip ettiklerini ve sahadaki b\u00fcy\u00fckel\u00e7ilikleriyle s\u00fcrekli temas i\u00e7erisinde olduklar\u0131n\u0131 ifade etti.<\/p>\n<p style=\"font-weight: 300\">B\u00f6lgedeki durum y\u00fcz\u00fcnden \u201cEstia\u201d plan\u0131n\u0131 devreye koyduklar\u0131n\u0131 belirten Kombos, buna paralel olarak Rum D\u0131\u015fi\u015fleri Bakanl\u0131\u011f\u0131na ba\u011fl\u0131 kriz y\u00f6netimi dairesinin aktif durumda oldu\u011funu ve geli\u015fmelere ba\u011fl\u0131 olarak durumu y\u00f6netmeye haz\u0131r oldu\u011funu da s\u00f6yledi.<\/p>\n<p style=\"font-weight: 300\">&#8211;<span style=\"font-weight: 300 !important\">\u00a0\u00a0\u00a0\u00a0\u00a0\u00a0\u00a0\u00a0<\/span>Palmas<\/p>\n<p style=\"font-weight: 300\">Rum Savunma Bakan\u0131 Vasilis Palmas ise K\u0131br\u0131s (Rum) Haber Ajans\u0131 K\u0130PE\u2019ye a\u00e7\u0131klamas\u0131nda Savunma Bakanl\u0131\u011f\u0131&#8217;n\u0131n haz\u0131r oldu\u011funu ve b\u00f6lgede ya\u015fanan son olaylar \u0131\u015f\u0131\u011f\u0131nda t\u00fcm gerekli \u00f6nlemleri ald\u0131\u011f\u0131n\u0131 a\u00e7\u0131klad\u0131.<\/p>\n<p style=\"font-weight: 300\">Palmas bir soruya kar\u015f\u0131l\u0131k, bu gibi durumlarda \u00f6ng\u00f6r\u00fclen t\u00fcm gerekli \u00f6nlemleri ald\u0131klar\u0131n\u0131 yineledi.<\/p>\n<p style=\"font-weight: 300\">&#8211;<span style=\"font-weight: 300 !important\">\u00a0\u00a0\u00a0\u00a0\u00a0\u00a0\u00a0\u00a0<\/span>Durumdan u\u00e7u\u015flar da etkilendi<\/p>\n<p style=\"font-weight: 300\">ABD ve \u0130srail\u2019in, \u0130ran&#8217;a operasyona ba\u015flatmas\u0131ndan u\u00e7u\u015flar\u0131n etkilendi\u011fi kaydedilirken, Larnaka ile \u0130srail aras\u0131ndaki t\u00fcm u\u00e7u\u015flar\u0131n iptal edildi\u011fi, Baf\u2019ta ise Air Haifa ile Ryan Air\u2019in Amman u\u00e7u\u015flar\u0131n\u0131n iptal edildi\u011fi belirtildi.<\/p>\n<p>G\u00fcney K\u0131br\u0131s Orta Do\u011fu\u2019daki gerginli\u011fin artmas\u0131n\u0131n ard\u0131ndan \u201cEstia\u201d plan\u0131n\u0131 devreye koydu yaz\u0131s\u0131 ilk \u00f6nce K\u0131br\u0131s Hakikat \u00fczerinde ortaya \u00e7\u0131kt\u0131.<\/p>\n","protected":false},"excerpt":{"rendered":"<p>Karar\u0131n \u201cK\u0131br\u0131s Cumhuriyeti\u201d topraklar\u0131 \u00fczerinden, kriz b\u00f6lgelerinden \u00fc\u00e7\u00fcnc\u00fc \u00fclke vatanda\u015flar\u0131n\u0131n kabul\u00fc ve \u00fclkelerine geri g\u00f6nderilmesi ihtiyac\u0131yla ilgili konular\u0131 i\u00e7erdi\u011fi belirtilirken, Rum Y\u00f6netimi\u2019nin diplomatik misyonlar\u0131n\u0131n b\u00f6lgede bulunan K\u0131br\u0131s vatanda\u015flar\u0131yla alakal\u0131 olarak, sahadaki durumu yak\u0131ndan takip etti\u011fi kaydedildi. \u201cEstia\u201d isimli \u00f6zel ulusal plan\u0131n, Rum D\u0131\u015fi\u015fleri Bakanl\u0131\u011f\u0131&#8217;n\u0131n acil durum veya kriz halinde, vatanda\u015flar\u0131n kriz b\u00f6lgelerinden (geni\u015f Orta Do\u011fu [&hellip;]<\/p>\n","protected":false},"author":1,"featured_media":36064,"comment_status":"open","ping_status":"open","sticky":false,"template":"","format":"standard","meta":{"jnews-multi-image_gallery":[],"jnews_single_post":[],"jnews_primary_category":[],"jnews_social_meta":[],"jnews_override_counter":[],"footnotes":""},"categories":[1],"tags":[],"class_list":["post-36063","post","type-post","status-publish","format-standard","has-post-thumbnail","hentry","category-kibris"],"yoast_head":"<!-- This site is optimized with the Yoast SEO plugin v27.5 - https:\/\/yoast.com\/product\/yoast-seo-wordpress\/ -->\n<title>G\u00fcney K\u0131br\u0131s Orta Do\u011fu\u2019daki gerginli\u011fin artmas\u0131n\u0131n ard\u0131ndan \u201cEstia\u201d plan\u0131n\u0131 devreye koydu - Kuzeyin Sesi<\/title>\n<meta name=\"robots\" content=\"index, follow, max-snippet:-1, max-image-preview:large, max-video-preview:-1\" \/>\n<link rel=\"canonical\" href=\"https:\/\/kuzeyinsesi.org\/index.php\/2026\/02\/28\/guney-kibris-orta-dogudaki-gerginligin-artmasinin-ardindan-estia-planini-devreye-koydu\/\" \/>\n<meta property=\"og:locale\" content=\"tr_TR\" \/>\n<meta property=\"og:type\" content=\"article\" \/>\n<meta property=\"og:title\" content=\"G\u00fcney K\u0131br\u0131s Orta Do\u011fu\u2019daki gerginli\u011fin artmas\u0131n\u0131n ard\u0131ndan \u201cEstia\u201d plan\u0131n\u0131 devreye koydu - Kuzeyin Sesi\" \/>\n<meta property=\"og:description\" content=\"Karar\u0131n \u201cK\u0131br\u0131s Cumhuriyeti\u201d topraklar\u0131 \u00fczerinden, kriz b\u00f6lgelerinden \u00fc\u00e7\u00fcnc\u00fc \u00fclke vatanda\u015flar\u0131n\u0131n kabul\u00fc ve \u00fclkelerine geri g\u00f6nderilmesi ihtiyac\u0131yla ilgili konular\u0131 i\u00e7erdi\u011fi belirtilirken, Rum Y\u00f6netimi\u2019nin diplomatik misyonlar\u0131n\u0131n b\u00f6lgede bulunan K\u0131br\u0131s vatanda\u015flar\u0131yla alakal\u0131 olarak, sahadaki durumu yak\u0131ndan takip etti\u011fi kaydedildi. \u201cEstia\u201d isimli \u00f6zel ulusal plan\u0131n, Rum D\u0131\u015fi\u015fleri Bakanl\u0131\u011f\u0131&#8217;n\u0131n acil durum veya kriz halinde, vatanda\u015flar\u0131n kriz b\u00f6lgelerinden (geni\u015f Orta Do\u011fu [&hellip;]\" \/>\n<meta property=\"og:url\" content=\"https:\/\/kuzeyinsesi.org\/index.php\/2026\/02\/28\/guney-kibris-orta-dogudaki-gerginligin-artmasinin-ardindan-estia-planini-devreye-koydu\/\" \/>\n<meta property=\"og:site_name\" content=\"Kuzeyin Sesi\" \/>\n<meta property=\"article:publisher\" content=\"https:\/\/www.facebook.com\/kuzeyinsesii\" \/>\n<meta property=\"article:published_time\" content=\"2026-02-28T14:54:28+00:00\" \/>\n<meta name=\"author\" content=\"Kuzeyin Sesi\" \/>\n<meta name=\"twitter:card\" content=\"summary_large_image\" \/>\n<meta name=\"twitter:creator\" content=\"@kuzeyinsesii\" \/>\n<meta name=\"twitter:site\" content=\"@kuzeyinsesii\" \/>\n<meta name=\"twitter:label1\" content=\"Yazan:\" \/>\n\t<meta name=\"twitter:data1\" content=\"Kuzeyin Sesi\" \/>\n\t<meta name=\"twitter:label2\" content=\"Tahmini okuma s\u00fcresi\" \/>\n\t<meta name=\"twitter:data2\" content=\"2 dakika\" \/>\n<script type=\"application\/ld+json\" class=\"yoast-schema-graph\">{\"@context\":\"https:\\\/\\\/schema.org\",\"@graph\":[{\"@type\":\"Article\",\"@id\":\"https:\\\/\\\/kuzeyinsesi.org\\\/index.php\\\/2026\\\/02\\\/28\\\/guney-kibris-orta-dogudaki-gerginligin-artmasinin-ardindan-estia-planini-devreye-koydu\\\/#article\",\"isPartOf\":{\"@id\":\"https:\\\/\\\/kuzeyinsesi.org\\\/index.php\\\/2026\\\/02\\\/28\\\/guney-kibris-orta-dogudaki-gerginligin-artmasinin-ardindan-estia-planini-devreye-koydu\\\/\"},\"author\":{\"name\":\"Kuzeyin Sesi\",\"@id\":\"https:\\\/\\\/kuzeyinsesi.org\\\/#\\\/schema\\\/person\\\/9f859689cdf01485597712386e37f5aa\"},\"headline\":\"G\u00fcney K\u0131br\u0131s Orta Do\u011fu\u2019daki gerginli\u011fin artmas\u0131n\u0131n ard\u0131ndan \u201cEstia\u201d plan\u0131n\u0131 devreye koydu\",\"datePublished\":\"2026-02-28T14:54:28+00:00\",\"mainEntityOfPage\":{\"@id\":\"https:\\\/\\\/kuzeyinsesi.org\\\/index.php\\\/2026\\\/02\\\/28\\\/guney-kibris-orta-dogudaki-gerginligin-artmasinin-ardindan-estia-planini-devreye-koydu\\\/\"},\"wordCount\":373,\"commentCount\":0,\"image\":{\"@id\":\"https:\\\/\\\/kuzeyinsesi.org\\\/index.php\\\/2026\\\/02\\\/28\\\/guney-kibris-orta-dogudaki-gerginligin-artmasinin-ardindan-estia-planini-devreye-koydu\\\/#primaryimage\"},\"thumbnailUrl\":\"https:\\\/\\\/kuzeyinsesi.org\\\/wp-content\\\/uploads\\\/2026\\\/02\\\/1772277052944GUNEY-KIBRIS.jpg\",\"articleSection\":[\"K\u0131br\u0131s\"],\"inLanguage\":\"tr\",\"potentialAction\":[{\"@type\":\"CommentAction\",\"name\":\"Comment\",\"target\":[\"https:\\\/\\\/kuzeyinsesi.org\\\/index.php\\\/2026\\\/02\\\/28\\\/guney-kibris-orta-dogudaki-gerginligin-artmasinin-ardindan-estia-planini-devreye-koydu\\\/#respond\"]}]},{\"@type\":\"WebPage\",\"@id\":\"https:\\\/\\\/kuzeyinsesi.org\\\/index.php\\\/2026\\\/02\\\/28\\\/guney-kibris-orta-dogudaki-gerginligin-artmasinin-ardindan-estia-planini-devreye-koydu\\\/\",\"url\":\"https:\\\/\\\/kuzeyinsesi.org\\\/index.php\\\/2026\\\/02\\\/28\\\/guney-kibris-orta-dogudaki-gerginligin-artmasinin-ardindan-estia-planini-devreye-koydu\\\/\",\"name\":\"G\u00fcney K\u0131br\u0131s Orta Do\u011fu\u2019daki gerginli\u011fin artmas\u0131n\u0131n ard\u0131ndan \u201cEstia\u201d plan\u0131n\u0131 devreye koydu - Kuzeyin Sesi\",\"isPartOf\":{\"@id\":\"https:\\\/\\\/kuzeyinsesi.org\\\/#website\"},\"primaryImageOfPage\":{\"@id\":\"https:\\\/\\\/kuzeyinsesi.org\\\/index.php\\\/2026\\\/02\\\/28\\\/guney-kibris-orta-dogudaki-gerginligin-artmasinin-ardindan-estia-planini-devreye-koydu\\\/#primaryimage\"},\"image\":{\"@id\":\"https:\\\/\\\/kuzeyinsesi.org\\\/index.php\\\/2026\\\/02\\\/28\\\/guney-kibris-orta-dogudaki-gerginligin-artmasinin-ardindan-estia-planini-devreye-koydu\\\/#primaryimage\"},\"thumbnailUrl\":\"https:\\\/\\\/kuzeyinsesi.org\\\/wp-content\\\/uploads\\\/2026\\\/02\\\/1772277052944GUNEY-KIBRIS.jpg\",\"datePublished\":\"2026-02-28T14:54:28+00:00\",\"author\":{\"@id\":\"https:\\\/\\\/kuzeyinsesi.org\\\/#\\\/schema\\\/person\\\/9f859689cdf01485597712386e37f5aa\"},\"breadcrumb\":{\"@id\":\"https:\\\/\\\/kuzeyinsesi.org\\\/index.php\\\/2026\\\/02\\\/28\\\/guney-kibris-orta-dogudaki-gerginligin-artmasinin-ardindan-estia-planini-devreye-koydu\\\/#breadcrumb\"},\"inLanguage\":\"tr\",\"potentialAction\":[{\"@type\":\"ReadAction\",\"target\":[\"https:\\\/\\\/kuzeyinsesi.org\\\/index.php\\\/2026\\\/02\\\/28\\\/guney-kibris-orta-dogudaki-gerginligin-artmasinin-ardindan-estia-planini-devreye-koydu\\\/\"]}]},{\"@type\":\"ImageObject\",\"inLanguage\":\"tr\",\"@id\":\"https:\\\/\\\/kuzeyinsesi.org\\\/index.php\\\/2026\\\/02\\\/28\\\/guney-kibris-orta-dogudaki-gerginligin-artmasinin-ardindan-estia-planini-devreye-koydu\\\/#primaryimage\",\"url\":\"https:\\\/\\\/kuzeyinsesi.org\\\/wp-content\\\/uploads\\\/2026\\\/02\\\/1772277052944GUNEY-KIBRIS.jpg\",\"contentUrl\":\"https:\\\/\\\/kuzeyinsesi.org\\\/wp-content\\\/uploads\\\/2026\\\/02\\\/1772277052944GUNEY-KIBRIS.jpg\",\"width\":1357,\"height\":633},{\"@type\":\"BreadcrumbList\",\"@id\":\"https:\\\/\\\/kuzeyinsesi.org\\\/index.php\\\/2026\\\/02\\\/28\\\/guney-kibris-orta-dogudaki-gerginligin-artmasinin-ardindan-estia-planini-devreye-koydu\\\/#breadcrumb\",\"itemListElement\":[{\"@type\":\"ListItem\",\"position\":1,\"name\":\"Anasayfa\",\"item\":\"https:\\\/\\\/kuzeyinsesi.org\\\/\"},{\"@type\":\"ListItem\",\"position\":2,\"name\":\"G\u00fcney K\u0131br\u0131s Orta Do\u011fu\u2019daki gerginli\u011fin artmas\u0131n\u0131n ard\u0131ndan \u201cEstia\u201d plan\u0131n\u0131 devreye koydu\"}]},{\"@type\":\"WebSite\",\"@id\":\"https:\\\/\\\/kuzeyinsesi.org\\\/#website\",\"url\":\"https:\\\/\\\/kuzeyinsesi.org\\\/\",\"name\":\"Kuzeyin Sesi\",\"description\":\"Do\u011fru Haberin Adresi\",\"potentialAction\":[{\"@type\":\"SearchAction\",\"target\":{\"@type\":\"EntryPoint\",\"urlTemplate\":\"https:\\\/\\\/kuzeyinsesi.org\\\/?s={search_term_string}\"},\"query-input\":{\"@type\":\"PropertyValueSpecification\",\"valueRequired\":true,\"valueName\":\"search_term_string\"}}],\"inLanguage\":\"tr\"},{\"@type\":\"Person\",\"@id\":\"https:\\\/\\\/kuzeyinsesi.org\\\/#\\\/schema\\\/person\\\/9f859689cdf01485597712386e37f5aa\",\"name\":\"Kuzeyin Sesi\",\"image\":{\"@type\":\"ImageObject\",\"inLanguage\":\"tr\",\"@id\":\"https:\\\/\\\/secure.gravatar.com\\\/avatar\\\/bab33852abfd8b282518d6ed81826833d77c3c882d9ab608add591ccace47a44?s=96&d=mm&r=g\",\"url\":\"https:\\\/\\\/secure.gravatar.com\\\/avatar\\\/bab33852abfd8b282518d6ed81826833d77c3c882d9ab608add591ccace47a44?s=96&d=mm&r=g\",\"contentUrl\":\"https:\\\/\\\/secure.gravatar.com\\\/avatar\\\/bab33852abfd8b282518d6ed81826833d77c3c882d9ab608add591ccace47a44?s=96&d=mm&r=g\",\"caption\":\"Kuzeyin Sesi\"},\"sameAs\":[\"https:\\\/\\\/kuzeyinsesi.org\"],\"url\":\"https:\\\/\\\/kuzeyinsesi.org\\\/index.php\\\/author\\\/guven\\\/\"}]}<\/script>\n<!-- \/ Yoast SEO plugin. -->","yoast_head_json":{"title":"G\u00fcney K\u0131br\u0131s Orta Do\u011fu\u2019daki gerginli\u011fin artmas\u0131n\u0131n ard\u0131ndan \u201cEstia\u201d plan\u0131n\u0131 devreye koydu - Kuzeyin Sesi","robots":{"index":"index","follow":"follow","max-snippet":"max-snippet:-1","max-image-preview":"max-image-preview:large","max-video-preview":"max-video-preview:-1"},"canonical":"https:\/\/kuzeyinsesi.org\/index.php\/2026\/02\/28\/guney-kibris-orta-dogudaki-gerginligin-artmasinin-ardindan-estia-planini-devreye-koydu\/","og_locale":"tr_TR","og_type":"article","og_title":"G\u00fcney K\u0131br\u0131s Orta Do\u011fu\u2019daki gerginli\u011fin artmas\u0131n\u0131n ard\u0131ndan \u201cEstia\u201d plan\u0131n\u0131 devreye koydu - Kuzeyin Sesi","og_description":"Karar\u0131n \u201cK\u0131br\u0131s Cumhuriyeti\u201d topraklar\u0131 \u00fczerinden, kriz b\u00f6lgelerinden \u00fc\u00e7\u00fcnc\u00fc \u00fclke vatanda\u015flar\u0131n\u0131n kabul\u00fc ve \u00fclkelerine geri g\u00f6nderilmesi ihtiyac\u0131yla ilgili konular\u0131 i\u00e7erdi\u011fi belirtilirken, Rum Y\u00f6netimi\u2019nin diplomatik misyonlar\u0131n\u0131n b\u00f6lgede bulunan K\u0131br\u0131s vatanda\u015flar\u0131yla alakal\u0131 olarak, sahadaki durumu yak\u0131ndan takip etti\u011fi kaydedildi. \u201cEstia\u201d isimli \u00f6zel ulusal plan\u0131n, Rum D\u0131\u015fi\u015fleri Bakanl\u0131\u011f\u0131&#8217;n\u0131n acil durum veya kriz halinde, vatanda\u015flar\u0131n kriz b\u00f6lgelerinden (geni\u015f Orta Do\u011fu [&hellip;]","og_url":"https:\/\/kuzeyinsesi.org\/index.php\/2026\/02\/28\/guney-kibris-orta-dogudaki-gerginligin-artmasinin-ardindan-estia-planini-devreye-koydu\/","og_site_name":"Kuzeyin Sesi","article_publisher":"https:\/\/www.facebook.com\/kuzeyinsesii","article_published_time":"2026-02-28T14:54:28+00:00","author":"Kuzeyin Sesi","twitter_card":"summary_large_image","twitter_creator":"@kuzeyinsesii","twitter_site":"@kuzeyinsesii","twitter_misc":{"Yazan:":"Kuzeyin Sesi","Tahmini okuma s\u00fcresi":"2 dakika"},"schema":{"@context":"https:\/\/schema.org","@graph":[{"@type":"Article","@id":"https:\/\/kuzeyinsesi.org\/index.php\/2026\/02\/28\/guney-kibris-orta-dogudaki-gerginligin-artmasinin-ardindan-estia-planini-devreye-koydu\/#article","isPartOf":{"@id":"https:\/\/kuzeyinsesi.org\/index.php\/2026\/02\/28\/guney-kibris-orta-dogudaki-gerginligin-artmasinin-ardindan-estia-planini-devreye-koydu\/"},"author":{"name":"Kuzeyin Sesi","@id":"https:\/\/kuzeyinsesi.org\/#\/schema\/person\/9f859689cdf01485597712386e37f5aa"},"headline":"G\u00fcney K\u0131br\u0131s Orta Do\u011fu\u2019daki gerginli\u011fin artmas\u0131n\u0131n ard\u0131ndan \u201cEstia\u201d plan\u0131n\u0131 devreye koydu","datePublished":"2026-02-28T14:54:28+00:00","mainEntityOfPage":{"@id":"https:\/\/kuzeyinsesi.org\/index.php\/2026\/02\/28\/guney-kibris-orta-dogudaki-gerginligin-artmasinin-ardindan-estia-planini-devreye-koydu\/"},"wordCount":373,"commentCount":0,"image":{"@id":"https:\/\/kuzeyinsesi.org\/index.php\/2026\/02\/28\/guney-kibris-orta-dogudaki-gerginligin-artmasinin-ardindan-estia-planini-devreye-koydu\/#primaryimage"},"thumbnailUrl":"https:\/\/kuzeyinsesi.org\/wp-content\/uploads\/2026\/02\/1772277052944GUNEY-KIBRIS.jpg","articleSection":["K\u0131br\u0131s"],"inLanguage":"tr","potentialAction":[{"@type":"CommentAction","name":"Comment","target":["https:\/\/kuzeyinsesi.org\/index.php\/2026\/02\/28\/guney-kibris-orta-dogudaki-gerginligin-artmasinin-ardindan-estia-planini-devreye-koydu\/#respond"]}]},{"@type":"WebPage","@id":"https:\/\/kuzeyinsesi.org\/index.php\/2026\/02\/28\/guney-kibris-orta-dogudaki-gerginligin-artmasinin-ardindan-estia-planini-devreye-koydu\/","url":"https:\/\/kuzeyinsesi.org\/index.php\/2026\/02\/28\/guney-kibris-orta-dogudaki-gerginligin-artmasinin-ardindan-estia-planini-devreye-koydu\/","name":"G\u00fcney K\u0131br\u0131s Orta Do\u011fu\u2019daki gerginli\u011fin artmas\u0131n\u0131n ard\u0131ndan \u201cEstia\u201d plan\u0131n\u0131 devreye koydu - Kuzeyin Sesi","isPartOf":{"@id":"https:\/\/kuzeyinsesi.org\/#website"},"primaryImageOfPage":{"@id":"https:\/\/kuzeyinsesi.org\/index.php\/2026\/02\/28\/guney-kibris-orta-dogudaki-gerginligin-artmasinin-ardindan-estia-planini-devreye-koydu\/#primaryimage"},"image":{"@id":"https:\/\/kuzeyinsesi.org\/index.php\/2026\/02\/28\/guney-kibris-orta-dogudaki-gerginligin-artmasinin-ardindan-estia-planini-devreye-koydu\/#primaryimage"},"thumbnailUrl":"https:\/\/kuzeyinsesi.org\/wp-content\/uploads\/2026\/02\/1772277052944GUNEY-KIBRIS.jpg","datePublished":"2026-02-28T14:54:28+00:00","author":{"@id":"https:\/\/kuzeyinsesi.org\/#\/schema\/person\/9f859689cdf01485597712386e37f5aa"},"breadcrumb":{"@id":"https:\/\/kuzeyinsesi.org\/index.php\/2026\/02\/28\/guney-kibris-orta-dogudaki-gerginligin-artmasinin-ardindan-estia-planini-devreye-koydu\/#breadcrumb"},"inLanguage":"tr","potentialAction":[{"@type":"ReadAction","target":["https:\/\/kuzeyinsesi.org\/index.php\/2026\/02\/28\/guney-kibris-orta-dogudaki-gerginligin-artmasinin-ardindan-estia-planini-devreye-koydu\/"]}]},{"@type":"ImageObject","inLanguage":"tr","@id":"https:\/\/kuzeyinsesi.org\/index.php\/2026\/02\/28\/guney-kibris-orta-dogudaki-gerginligin-artmasinin-ardindan-estia-planini-devreye-koydu\/#primaryimage","url":"https:\/\/kuzeyinsesi.org\/wp-content\/uploads\/2026\/02\/1772277052944GUNEY-KIBRIS.jpg","contentUrl":"https:\/\/kuzeyinsesi.org\/wp-content\/uploads\/2026\/02\/1772277052944GUNEY-KIBRIS.jpg","width":1357,"height":633},{"@type":"BreadcrumbList","@id":"https:\/\/kuzeyinsesi.org\/index.php\/2026\/02\/28\/guney-kibris-orta-dogudaki-gerginligin-artmasinin-ardindan-estia-planini-devreye-koydu\/#breadcrumb","itemListElement":[{"@type":"ListItem","position":1,"name":"Anasayfa","item":"https:\/\/kuzeyinsesi.org\/"},{"@type":"ListItem","position":2,"name":"G\u00fcney K\u0131br\u0131s Orta Do\u011fu\u2019daki gerginli\u011fin artmas\u0131n\u0131n ard\u0131ndan \u201cEstia\u201d plan\u0131n\u0131 devreye koydu"}]},{"@type":"WebSite","@id":"https:\/\/kuzeyinsesi.org\/#website","url":"https:\/\/kuzeyinsesi.org\/","name":"Kuzeyin Sesi","description":"Do\u011fru Haberin Adresi","potentialAction":[{"@type":"SearchAction","target":{"@type":"EntryPoint","urlTemplate":"https:\/\/kuzeyinsesi.org\/?s={search_term_string}"},"query-input":{"@type":"PropertyValueSpecification","valueRequired":true,"valueName":"search_term_string"}}],"inLanguage":"tr"},{"@type":"Person","@id":"https:\/\/kuzeyinsesi.org\/#\/schema\/person\/9f859689cdf01485597712386e37f5aa","name":"Kuzeyin Sesi","image":{"@type":"ImageObject","inLanguage":"tr","@id":"https:\/\/secure.gravatar.com\/avatar\/bab33852abfd8b282518d6ed81826833d77c3c882d9ab608add591ccace47a44?s=96&d=mm&r=g","url":"https:\/\/secure.gravatar.com\/avatar\/bab33852abfd8b282518d6ed81826833d77c3c882d9ab608add591ccace47a44?s=96&d=mm&r=g","contentUrl":"https:\/\/secure.gravatar.com\/avatar\/bab33852abfd8b282518d6ed81826833d77c3c882d9ab608add591ccace47a44?s=96&d=mm&r=g","caption":"Kuzeyin Sesi"},"sameAs":["https:\/\/kuzeyinsesi.org"],"url":"https:\/\/kuzeyinsesi.org\/index.php\/author\/guven\/"}]}},"_links":{"self":[{"href":"https:\/\/kuzeyinsesi.org\/index.php\/wp-json\/wp\/v2\/posts\/36063","targetHints":{"allow":["GET"]}}],"collection":[{"href":"https:\/\/kuzeyinsesi.org\/index.php\/wp-json\/wp\/v2\/posts"}],"about":[{"href":"https:\/\/kuzeyinsesi.org\/index.php\/wp-json\/wp\/v2\/types\/post"}],"author":[{"embeddable":true,"href":"https:\/\/kuzeyinsesi.org\/index.php\/wp-json\/wp\/v2\/users\/1"}],"replies":[{"embeddable":true,"href":"https:\/\/kuzeyinsesi.org\/index.php\/wp-json\/wp\/v2\/comments?post=36063"}],"version-history":[{"count":0,"href":"https:\/\/kuzeyinsesi.org\/index.php\/wp-json\/wp\/v2\/posts\/36063\/revisions"}],"wp:featuredmedia":[{"embeddable":true,"href":"https:\/\/kuzeyinsesi.org\/index.php\/wp-json\/wp\/v2\/media\/36064"}],"wp:attachment":[{"href":"https:\/\/kuzeyinsesi.org\/index.php\/wp-json\/wp\/v2\/media?parent=36063"}],"wp:term":[{"taxonomy":"category","embeddable":true,"href":"https:\/\/kuzeyinsesi.org\/index.php\/wp-json\/wp\/v2\/categories?post=36063"},{"taxonomy":"post_tag","embeddable":true,"href":"https:\/\/kuzeyinsesi.org\/index.php\/wp-json\/wp\/v2\/tags?post=36063"}],"curies":[{"name":"wp","href":"https:\/\/api.w.org\/{rel}","templated":true}]}}