{"id":36061,"date":"2026-02-28T16:48:57","date_gmt":"2026-02-28T14:48:57","guid":{"rendered":"https:\/\/kuzeyinsesi.org\/index.php\/2026\/02\/28\/birligimiz-tarafindan-ilan-edilmis-herhangi-bir-olaganustu-genel-kurul-tarihi-bulunmamaktadir\/"},"modified":"2026-02-28T16:48:57","modified_gmt":"2026-02-28T14:48:57","slug":"birligimiz-tarafindan-ilan-edilmis-herhangi-bir-olaganustu-genel-kurul-tarihi-bulunmamaktadir","status":"publish","type":"post","link":"https:\/\/kuzeyinsesi.org\/index.php\/2026\/02\/28\/birligimiz-tarafindan-ilan-edilmis-herhangi-bir-olaganustu-genel-kurul-tarihi-bulunmamaktadir\/","title":{"rendered":"Birli\u011fimiz taraf\u0131ndan ilan edilmi\u015f herhangi bir Ola\u011fan\u00fcst\u00fc Genel Kurul tarihi bulunmamaktad\u0131r"},"content":{"rendered":"<p style=\"font-weight: 300\">KITSAB, yaz\u0131l\u0131 a\u00e7\u0131klama yaparak, son g\u00fcnlerde baz\u0131 bas\u0131n yay\u0131n organlar\u0131nda, KITSAB y\u00f6netimi ve ba\u015fkan\u0131na y\u00f6nelik baz\u0131 yaz\u0131l\u0131 ve s\u00f6zl\u00fc i\u00e7eriklere yer verildi\u011fini belirterek, bunlar\u0131n \u201cger\u00e7e\u011fi yans\u0131tmayan, kamuoyunu yan\u0131lt\u0131c\u0131 ve kurum itibar\u0131n\u0131 zedelemeye d\u00f6n\u00fck\u201d iddialar oldu\u011funu kaydetti.<\/p>\n<p style=\"font-weight: 300\">\u201cKITSAB\u2019\u0131n \u015feffafl\u0131k, hukuka ba\u011fl\u0131l\u0131k ve kurumsal sorumluluk ilkeleri do\u011frultusunda faaliyet g\u00f6sterdi\u011fi\u201d belirtilen a\u00e7\u0131klamada, \u201cas\u0131ls\u0131z ve mesnetsiz iddialar\u0131n hem kurumun sayg\u0131nl\u0131\u011f\u0131na hem de sekt\u00f6r\u00fcn b\u00fct\u00fcnl\u00fc\u011f\u00fcne zarar verme amac\u0131 ta\u015f\u0131d\u0131\u011f\u0131\u201d savunuldu.<\/p>\n<p style=\"font-weight: 300\">A\u00e7\u0131klamada, \u201cYetkisiz \u015fekilde birlik ad\u0131 kullan\u0131lmas\u0131 hakk\u0131nda gerekli yasal ve cezai i\u015flemler ba\u015flat\u0131lm\u0131\u015ft\u0131r\u201d ifadesine de yer verildi.<\/p>\n<p style=\"font-weight: 300\">A\u00e7\u0131klamada, \u201cY\u00f6netim Kurulumuz g\u00f6reve geldi\u011fi g\u00fcnden beri \u015feffaf, hesap verebilir ve hukuka ba\u011fl\u0131 bir y\u00f6netim anlay\u0131\u015f\u0131 s\u00fcrd\u00fcrmektedir. \u00dcyelerimizin hi\u00e7bir talebinden ka\u00e7\u0131nmam\u0131z s\u00f6z konusu de\u011fildir; ancak hukuki usul ve team\u00fcllerin ihlal edilmesine de izin verilmeyecektir. Bu a\u015famada Birli\u011fimiz taraf\u0131ndan ilan edilmi\u015f herhangi bir Ola\u011fan\u00fcst\u00fc Genel Kurul tarihi bulunmamaktad\u0131r.\u201d denildi.<\/p>\n<p>Birli\u011fimiz taraf\u0131ndan ilan edilmi\u015f herhangi bir Ola\u011fan\u00fcst\u00fc Genel Kurul tarihi bulunmamaktad\u0131r yaz\u0131s\u0131 ilk \u00f6nce K\u0131br\u0131s Hakikat \u00fczerinde ortaya \u00e7\u0131kt\u0131.<\/p>\n","protected":false},"excerpt":{"rendered":"<p>KITSAB, yaz\u0131l\u0131 a\u00e7\u0131klama yaparak, son g\u00fcnlerde baz\u0131 bas\u0131n yay\u0131n organlar\u0131nda, KITSAB y\u00f6netimi ve ba\u015fkan\u0131na y\u00f6nelik baz\u0131 yaz\u0131l\u0131 ve s\u00f6zl\u00fc i\u00e7eriklere yer verildi\u011fini belirterek, bunlar\u0131n \u201cger\u00e7e\u011fi yans\u0131tmayan, kamuoyunu yan\u0131lt\u0131c\u0131 ve kurum itibar\u0131n\u0131 zedelemeye d\u00f6n\u00fck\u201d iddialar oldu\u011funu kaydetti. \u201cKITSAB\u2019\u0131n \u015feffafl\u0131k, hukuka ba\u011fl\u0131l\u0131k ve kurumsal sorumluluk ilkeleri do\u011frultusunda faaliyet g\u00f6sterdi\u011fi\u201d belirtilen a\u00e7\u0131klamada, \u201cas\u0131ls\u0131z ve mesnetsiz iddialar\u0131n hem kurumun [&hellip;]<\/p>\n","protected":false},"author":1,"featured_media":36062,"comment_status":"open","ping_status":"open","sticky":false,"template":"","format":"standard","meta":{"jnews-multi-image_gallery":[],"jnews_single_post":[],"jnews_primary_category":[],"jnews_social_meta":[],"jnews_override_counter":[],"footnotes":""},"categories":[1],"tags":[],"class_list":["post-36061","post","type-post","status-publish","format-standard","has-post-thumbnail","hentry","category-kibris"],"yoast_head":"<!-- This site is optimized with the Yoast SEO plugin v27.5 - https:\/\/yoast.com\/product\/yoast-seo-wordpress\/ -->\n<title>Birli\u011fimiz taraf\u0131ndan ilan edilmi\u015f herhangi bir Ola\u011fan\u00fcst\u00fc Genel Kurul tarihi bulunmamaktad\u0131r - Kuzeyin Sesi<\/title>\n<meta name=\"robots\" content=\"index, follow, max-snippet:-1, max-image-preview:large, max-video-preview:-1\" \/>\n<link rel=\"canonical\" href=\"https:\/\/kuzeyinsesi.org\/index.php\/2026\/02\/28\/birligimiz-tarafindan-ilan-edilmis-herhangi-bir-olaganustu-genel-kurul-tarihi-bulunmamaktadir\/\" \/>\n<meta property=\"og:locale\" content=\"tr_TR\" \/>\n<meta property=\"og:type\" content=\"article\" \/>\n<meta property=\"og:title\" content=\"Birli\u011fimiz taraf\u0131ndan ilan edilmi\u015f herhangi bir Ola\u011fan\u00fcst\u00fc Genel Kurul tarihi bulunmamaktad\u0131r - Kuzeyin Sesi\" \/>\n<meta property=\"og:description\" content=\"KITSAB, yaz\u0131l\u0131 a\u00e7\u0131klama yaparak, son g\u00fcnlerde baz\u0131 bas\u0131n yay\u0131n organlar\u0131nda, KITSAB y\u00f6netimi ve ba\u015fkan\u0131na y\u00f6nelik baz\u0131 yaz\u0131l\u0131 ve s\u00f6zl\u00fc i\u00e7eriklere yer verildi\u011fini belirterek, bunlar\u0131n \u201cger\u00e7e\u011fi yans\u0131tmayan, kamuoyunu yan\u0131lt\u0131c\u0131 ve kurum itibar\u0131n\u0131 zedelemeye d\u00f6n\u00fck\u201d iddialar oldu\u011funu kaydetti. \u201cKITSAB\u2019\u0131n \u015feffafl\u0131k, hukuka ba\u011fl\u0131l\u0131k ve kurumsal sorumluluk ilkeleri do\u011frultusunda faaliyet g\u00f6sterdi\u011fi\u201d belirtilen a\u00e7\u0131klamada, \u201cas\u0131ls\u0131z ve mesnetsiz iddialar\u0131n hem kurumun [&hellip;]\" \/>\n<meta property=\"og:url\" content=\"https:\/\/kuzeyinsesi.org\/index.php\/2026\/02\/28\/birligimiz-tarafindan-ilan-edilmis-herhangi-bir-olaganustu-genel-kurul-tarihi-bulunmamaktadir\/\" \/>\n<meta property=\"og:site_name\" content=\"Kuzeyin Sesi\" \/>\n<meta property=\"article:publisher\" content=\"https:\/\/www.facebook.com\/kuzeyinsesii\" \/>\n<meta property=\"article:published_time\" content=\"2026-02-28T14:48:57+00:00\" \/>\n<meta name=\"author\" content=\"Kuzeyin Sesi\" \/>\n<meta name=\"twitter:card\" content=\"summary_large_image\" \/>\n<meta name=\"twitter:creator\" content=\"@kuzeyinsesii\" \/>\n<meta name=\"twitter:site\" content=\"@kuzeyinsesii\" \/>\n<meta name=\"twitter:label1\" content=\"Yazan:\" \/>\n\t<meta name=\"twitter:data1\" content=\"Kuzeyin Sesi\" \/>\n\t<meta name=\"twitter:label2\" content=\"Tahmini okuma s\u00fcresi\" \/>\n\t<meta name=\"twitter:data2\" content=\"1 dakika\" \/>\n<script type=\"application\/ld+json\" class=\"yoast-schema-graph\">{\"@context\":\"https:\\\/\\\/schema.org\",\"@graph\":[{\"@type\":\"Article\",\"@id\":\"https:\\\/\\\/kuzeyinsesi.org\\\/index.php\\\/2026\\\/02\\\/28\\\/birligimiz-tarafindan-ilan-edilmis-herhangi-bir-olaganustu-genel-kurul-tarihi-bulunmamaktadir\\\/#article\",\"isPartOf\":{\"@id\":\"https:\\\/\\\/kuzeyinsesi.org\\\/index.php\\\/2026\\\/02\\\/28\\\/birligimiz-tarafindan-ilan-edilmis-herhangi-bir-olaganustu-genel-kurul-tarihi-bulunmamaktadir\\\/\"},\"author\":{\"name\":\"Kuzeyin Sesi\",\"@id\":\"https:\\\/\\\/kuzeyinsesi.org\\\/#\\\/schema\\\/person\\\/9f859689cdf01485597712386e37f5aa\"},\"headline\":\"Birli\u011fimiz taraf\u0131ndan ilan edilmi\u015f herhangi bir Ola\u011fan\u00fcst\u00fc Genel Kurul tarihi bulunmamaktad\u0131r\",\"datePublished\":\"2026-02-28T14:48:57+00:00\",\"mainEntityOfPage\":{\"@id\":\"https:\\\/\\\/kuzeyinsesi.org\\\/index.php\\\/2026\\\/02\\\/28\\\/birligimiz-tarafindan-ilan-edilmis-herhangi-bir-olaganustu-genel-kurul-tarihi-bulunmamaktadir\\\/\"},\"wordCount\":246,\"commentCount\":0,\"image\":{\"@id\":\"https:\\\/\\\/kuzeyinsesi.org\\\/index.php\\\/2026\\\/02\\\/28\\\/birligimiz-tarafindan-ilan-edilmis-herhangi-bir-olaganustu-genel-kurul-tarihi-bulunmamaktadir\\\/#primaryimage\"},\"thumbnailUrl\":\"https:\\\/\\\/kuzeyinsesi.org\\\/wp-content\\\/uploads\\\/2026\\\/02\\\/17722884110141756115782699305312606_475832341220626_8377535549523537325_n.jpg\",\"articleSection\":[\"K\u0131br\u0131s\"],\"inLanguage\":\"tr\",\"potentialAction\":[{\"@type\":\"CommentAction\",\"name\":\"Comment\",\"target\":[\"https:\\\/\\\/kuzeyinsesi.org\\\/index.php\\\/2026\\\/02\\\/28\\\/birligimiz-tarafindan-ilan-edilmis-herhangi-bir-olaganustu-genel-kurul-tarihi-bulunmamaktadir\\\/#respond\"]}]},{\"@type\":\"WebPage\",\"@id\":\"https:\\\/\\\/kuzeyinsesi.org\\\/index.php\\\/2026\\\/02\\\/28\\\/birligimiz-tarafindan-ilan-edilmis-herhangi-bir-olaganustu-genel-kurul-tarihi-bulunmamaktadir\\\/\",\"url\":\"https:\\\/\\\/kuzeyinsesi.org\\\/index.php\\\/2026\\\/02\\\/28\\\/birligimiz-tarafindan-ilan-edilmis-herhangi-bir-olaganustu-genel-kurul-tarihi-bulunmamaktadir\\\/\",\"name\":\"Birli\u011fimiz taraf\u0131ndan ilan edilmi\u015f herhangi bir Ola\u011fan\u00fcst\u00fc Genel Kurul tarihi bulunmamaktad\u0131r - Kuzeyin Sesi\",\"isPartOf\":{\"@id\":\"https:\\\/\\\/kuzeyinsesi.org\\\/#website\"},\"primaryImageOfPage\":{\"@id\":\"https:\\\/\\\/kuzeyinsesi.org\\\/index.php\\\/2026\\\/02\\\/28\\\/birligimiz-tarafindan-ilan-edilmis-herhangi-bir-olaganustu-genel-kurul-tarihi-bulunmamaktadir\\\/#primaryimage\"},\"image\":{\"@id\":\"https:\\\/\\\/kuzeyinsesi.org\\\/index.php\\\/2026\\\/02\\\/28\\\/birligimiz-tarafindan-ilan-edilmis-herhangi-bir-olaganustu-genel-kurul-tarihi-bulunmamaktadir\\\/#primaryimage\"},\"thumbnailUrl\":\"https:\\\/\\\/kuzeyinsesi.org\\\/wp-content\\\/uploads\\\/2026\\\/02\\\/17722884110141756115782699305312606_475832341220626_8377535549523537325_n.jpg\",\"datePublished\":\"2026-02-28T14:48:57+00:00\",\"author\":{\"@id\":\"https:\\\/\\\/kuzeyinsesi.org\\\/#\\\/schema\\\/person\\\/9f859689cdf01485597712386e37f5aa\"},\"breadcrumb\":{\"@id\":\"https:\\\/\\\/kuzeyinsesi.org\\\/index.php\\\/2026\\\/02\\\/28\\\/birligimiz-tarafindan-ilan-edilmis-herhangi-bir-olaganustu-genel-kurul-tarihi-bulunmamaktadir\\\/#breadcrumb\"},\"inLanguage\":\"tr\",\"potentialAction\":[{\"@type\":\"ReadAction\",\"target\":[\"https:\\\/\\\/kuzeyinsesi.org\\\/index.php\\\/2026\\\/02\\\/28\\\/birligimiz-tarafindan-ilan-edilmis-herhangi-bir-olaganustu-genel-kurul-tarihi-bulunmamaktadir\\\/\"]}]},{\"@type\":\"ImageObject\",\"inLanguage\":\"tr\",\"@id\":\"https:\\\/\\\/kuzeyinsesi.org\\\/index.php\\\/2026\\\/02\\\/28\\\/birligimiz-tarafindan-ilan-edilmis-herhangi-bir-olaganustu-genel-kurul-tarihi-bulunmamaktadir\\\/#primaryimage\",\"url\":\"https:\\\/\\\/kuzeyinsesi.org\\\/wp-content\\\/uploads\\\/2026\\\/02\\\/17722884110141756115782699305312606_475832341220626_8377535549523537325_n.jpg\",\"contentUrl\":\"https:\\\/\\\/kuzeyinsesi.org\\\/wp-content\\\/uploads\\\/2026\\\/02\\\/17722884110141756115782699305312606_475832341220626_8377535549523537325_n.jpg\",\"width\":1328,\"height\":1341},{\"@type\":\"BreadcrumbList\",\"@id\":\"https:\\\/\\\/kuzeyinsesi.org\\\/index.php\\\/2026\\\/02\\\/28\\\/birligimiz-tarafindan-ilan-edilmis-herhangi-bir-olaganustu-genel-kurul-tarihi-bulunmamaktadir\\\/#breadcrumb\",\"itemListElement\":[{\"@type\":\"ListItem\",\"position\":1,\"name\":\"Anasayfa\",\"item\":\"https:\\\/\\\/kuzeyinsesi.org\\\/\"},{\"@type\":\"ListItem\",\"position\":2,\"name\":\"Birli\u011fimiz taraf\u0131ndan ilan edilmi\u015f herhangi bir Ola\u011fan\u00fcst\u00fc Genel Kurul tarihi bulunmamaktad\u0131r\"}]},{\"@type\":\"WebSite\",\"@id\":\"https:\\\/\\\/kuzeyinsesi.org\\\/#website\",\"url\":\"https:\\\/\\\/kuzeyinsesi.org\\\/\",\"name\":\"Kuzeyin Sesi\",\"description\":\"Do\u011fru Haberin Adresi\",\"potentialAction\":[{\"@type\":\"SearchAction\",\"target\":{\"@type\":\"EntryPoint\",\"urlTemplate\":\"https:\\\/\\\/kuzeyinsesi.org\\\/?s={search_term_string}\"},\"query-input\":{\"@type\":\"PropertyValueSpecification\",\"valueRequired\":true,\"valueName\":\"search_term_string\"}}],\"inLanguage\":\"tr\"},{\"@type\":\"Person\",\"@id\":\"https:\\\/\\\/kuzeyinsesi.org\\\/#\\\/schema\\\/person\\\/9f859689cdf01485597712386e37f5aa\",\"name\":\"Kuzeyin Sesi\",\"image\":{\"@type\":\"ImageObject\",\"inLanguage\":\"tr\",\"@id\":\"https:\\\/\\\/secure.gravatar.com\\\/avatar\\\/bab33852abfd8b282518d6ed81826833d77c3c882d9ab608add591ccace47a44?s=96&d=mm&r=g\",\"url\":\"https:\\\/\\\/secure.gravatar.com\\\/avatar\\\/bab33852abfd8b282518d6ed81826833d77c3c882d9ab608add591ccace47a44?s=96&d=mm&r=g\",\"contentUrl\":\"https:\\\/\\\/secure.gravatar.com\\\/avatar\\\/bab33852abfd8b282518d6ed81826833d77c3c882d9ab608add591ccace47a44?s=96&d=mm&r=g\",\"caption\":\"Kuzeyin Sesi\"},\"sameAs\":[\"https:\\\/\\\/kuzeyinsesi.org\"],\"url\":\"https:\\\/\\\/kuzeyinsesi.org\\\/index.php\\\/author\\\/guven\\\/\"}]}<\/script>\n<!-- \/ Yoast SEO plugin. -->","yoast_head_json":{"title":"Birli\u011fimiz taraf\u0131ndan ilan edilmi\u015f herhangi bir Ola\u011fan\u00fcst\u00fc Genel Kurul tarihi bulunmamaktad\u0131r - Kuzeyin Sesi","robots":{"index":"index","follow":"follow","max-snippet":"max-snippet:-1","max-image-preview":"max-image-preview:large","max-video-preview":"max-video-preview:-1"},"canonical":"https:\/\/kuzeyinsesi.org\/index.php\/2026\/02\/28\/birligimiz-tarafindan-ilan-edilmis-herhangi-bir-olaganustu-genel-kurul-tarihi-bulunmamaktadir\/","og_locale":"tr_TR","og_type":"article","og_title":"Birli\u011fimiz taraf\u0131ndan ilan edilmi\u015f herhangi bir Ola\u011fan\u00fcst\u00fc Genel Kurul tarihi bulunmamaktad\u0131r - Kuzeyin Sesi","og_description":"KITSAB, yaz\u0131l\u0131 a\u00e7\u0131klama yaparak, son g\u00fcnlerde baz\u0131 bas\u0131n yay\u0131n organlar\u0131nda, KITSAB y\u00f6netimi ve ba\u015fkan\u0131na y\u00f6nelik baz\u0131 yaz\u0131l\u0131 ve s\u00f6zl\u00fc i\u00e7eriklere yer verildi\u011fini belirterek, bunlar\u0131n \u201cger\u00e7e\u011fi yans\u0131tmayan, kamuoyunu yan\u0131lt\u0131c\u0131 ve kurum itibar\u0131n\u0131 zedelemeye d\u00f6n\u00fck\u201d iddialar oldu\u011funu kaydetti. \u201cKITSAB\u2019\u0131n \u015feffafl\u0131k, hukuka ba\u011fl\u0131l\u0131k ve kurumsal sorumluluk ilkeleri do\u011frultusunda faaliyet g\u00f6sterdi\u011fi\u201d belirtilen a\u00e7\u0131klamada, \u201cas\u0131ls\u0131z ve mesnetsiz iddialar\u0131n hem kurumun [&hellip;]","og_url":"https:\/\/kuzeyinsesi.org\/index.php\/2026\/02\/28\/birligimiz-tarafindan-ilan-edilmis-herhangi-bir-olaganustu-genel-kurul-tarihi-bulunmamaktadir\/","og_site_name":"Kuzeyin Sesi","article_publisher":"https:\/\/www.facebook.com\/kuzeyinsesii","article_published_time":"2026-02-28T14:48:57+00:00","author":"Kuzeyin Sesi","twitter_card":"summary_large_image","twitter_creator":"@kuzeyinsesii","twitter_site":"@kuzeyinsesii","twitter_misc":{"Yazan:":"Kuzeyin Sesi","Tahmini okuma s\u00fcresi":"1 dakika"},"schema":{"@context":"https:\/\/schema.org","@graph":[{"@type":"Article","@id":"https:\/\/kuzeyinsesi.org\/index.php\/2026\/02\/28\/birligimiz-tarafindan-ilan-edilmis-herhangi-bir-olaganustu-genel-kurul-tarihi-bulunmamaktadir\/#article","isPartOf":{"@id":"https:\/\/kuzeyinsesi.org\/index.php\/2026\/02\/28\/birligimiz-tarafindan-ilan-edilmis-herhangi-bir-olaganustu-genel-kurul-tarihi-bulunmamaktadir\/"},"author":{"name":"Kuzeyin Sesi","@id":"https:\/\/kuzeyinsesi.org\/#\/schema\/person\/9f859689cdf01485597712386e37f5aa"},"headline":"Birli\u011fimiz taraf\u0131ndan ilan edilmi\u015f herhangi bir Ola\u011fan\u00fcst\u00fc Genel Kurul tarihi bulunmamaktad\u0131r","datePublished":"2026-02-28T14:48:57+00:00","mainEntityOfPage":{"@id":"https:\/\/kuzeyinsesi.org\/index.php\/2026\/02\/28\/birligimiz-tarafindan-ilan-edilmis-herhangi-bir-olaganustu-genel-kurul-tarihi-bulunmamaktadir\/"},"wordCount":246,"commentCount":0,"image":{"@id":"https:\/\/kuzeyinsesi.org\/index.php\/2026\/02\/28\/birligimiz-tarafindan-ilan-edilmis-herhangi-bir-olaganustu-genel-kurul-tarihi-bulunmamaktadir\/#primaryimage"},"thumbnailUrl":"https:\/\/kuzeyinsesi.org\/wp-content\/uploads\/2026\/02\/17722884110141756115782699305312606_475832341220626_8377535549523537325_n.jpg","articleSection":["K\u0131br\u0131s"],"inLanguage":"tr","potentialAction":[{"@type":"CommentAction","name":"Comment","target":["https:\/\/kuzeyinsesi.org\/index.php\/2026\/02\/28\/birligimiz-tarafindan-ilan-edilmis-herhangi-bir-olaganustu-genel-kurul-tarihi-bulunmamaktadir\/#respond"]}]},{"@type":"WebPage","@id":"https:\/\/kuzeyinsesi.org\/index.php\/2026\/02\/28\/birligimiz-tarafindan-ilan-edilmis-herhangi-bir-olaganustu-genel-kurul-tarihi-bulunmamaktadir\/","url":"https:\/\/kuzeyinsesi.org\/index.php\/2026\/02\/28\/birligimiz-tarafindan-ilan-edilmis-herhangi-bir-olaganustu-genel-kurul-tarihi-bulunmamaktadir\/","name":"Birli\u011fimiz taraf\u0131ndan ilan edilmi\u015f herhangi bir Ola\u011fan\u00fcst\u00fc Genel Kurul tarihi bulunmamaktad\u0131r - Kuzeyin Sesi","isPartOf":{"@id":"https:\/\/kuzeyinsesi.org\/#website"},"primaryImageOfPage":{"@id":"https:\/\/kuzeyinsesi.org\/index.php\/2026\/02\/28\/birligimiz-tarafindan-ilan-edilmis-herhangi-bir-olaganustu-genel-kurul-tarihi-bulunmamaktadir\/#primaryimage"},"image":{"@id":"https:\/\/kuzeyinsesi.org\/index.php\/2026\/02\/28\/birligimiz-tarafindan-ilan-edilmis-herhangi-bir-olaganustu-genel-kurul-tarihi-bulunmamaktadir\/#primaryimage"},"thumbnailUrl":"https:\/\/kuzeyinsesi.org\/wp-content\/uploads\/2026\/02\/17722884110141756115782699305312606_475832341220626_8377535549523537325_n.jpg","datePublished":"2026-02-28T14:48:57+00:00","author":{"@id":"https:\/\/kuzeyinsesi.org\/#\/schema\/person\/9f859689cdf01485597712386e37f5aa"},"breadcrumb":{"@id":"https:\/\/kuzeyinsesi.org\/index.php\/2026\/02\/28\/birligimiz-tarafindan-ilan-edilmis-herhangi-bir-olaganustu-genel-kurul-tarihi-bulunmamaktadir\/#breadcrumb"},"inLanguage":"tr","potentialAction":[{"@type":"ReadAction","target":["https:\/\/kuzeyinsesi.org\/index.php\/2026\/02\/28\/birligimiz-tarafindan-ilan-edilmis-herhangi-bir-olaganustu-genel-kurul-tarihi-bulunmamaktadir\/"]}]},{"@type":"ImageObject","inLanguage":"tr","@id":"https:\/\/kuzeyinsesi.org\/index.php\/2026\/02\/28\/birligimiz-tarafindan-ilan-edilmis-herhangi-bir-olaganustu-genel-kurul-tarihi-bulunmamaktadir\/#primaryimage","url":"https:\/\/kuzeyinsesi.org\/wp-content\/uploads\/2026\/02\/17722884110141756115782699305312606_475832341220626_8377535549523537325_n.jpg","contentUrl":"https:\/\/kuzeyinsesi.org\/wp-content\/uploads\/2026\/02\/17722884110141756115782699305312606_475832341220626_8377535549523537325_n.jpg","width":1328,"height":1341},{"@type":"BreadcrumbList","@id":"https:\/\/kuzeyinsesi.org\/index.php\/2026\/02\/28\/birligimiz-tarafindan-ilan-edilmis-herhangi-bir-olaganustu-genel-kurul-tarihi-bulunmamaktadir\/#breadcrumb","itemListElement":[{"@type":"ListItem","position":1,"name":"Anasayfa","item":"https:\/\/kuzeyinsesi.org\/"},{"@type":"ListItem","position":2,"name":"Birli\u011fimiz taraf\u0131ndan ilan edilmi\u015f herhangi bir Ola\u011fan\u00fcst\u00fc Genel Kurul tarihi bulunmamaktad\u0131r"}]},{"@type":"WebSite","@id":"https:\/\/kuzeyinsesi.org\/#website","url":"https:\/\/kuzeyinsesi.org\/","name":"Kuzeyin Sesi","description":"Do\u011fru Haberin Adresi","potentialAction":[{"@type":"SearchAction","target":{"@type":"EntryPoint","urlTemplate":"https:\/\/kuzeyinsesi.org\/?s={search_term_string}"},"query-input":{"@type":"PropertyValueSpecification","valueRequired":true,"valueName":"search_term_string"}}],"inLanguage":"tr"},{"@type":"Person","@id":"https:\/\/kuzeyinsesi.org\/#\/schema\/person\/9f859689cdf01485597712386e37f5aa","name":"Kuzeyin Sesi","image":{"@type":"ImageObject","inLanguage":"tr","@id":"https:\/\/secure.gravatar.com\/avatar\/bab33852abfd8b282518d6ed81826833d77c3c882d9ab608add591ccace47a44?s=96&d=mm&r=g","url":"https:\/\/secure.gravatar.com\/avatar\/bab33852abfd8b282518d6ed81826833d77c3c882d9ab608add591ccace47a44?s=96&d=mm&r=g","contentUrl":"https:\/\/secure.gravatar.com\/avatar\/bab33852abfd8b282518d6ed81826833d77c3c882d9ab608add591ccace47a44?s=96&d=mm&r=g","caption":"Kuzeyin Sesi"},"sameAs":["https:\/\/kuzeyinsesi.org"],"url":"https:\/\/kuzeyinsesi.org\/index.php\/author\/guven\/"}]}},"_links":{"self":[{"href":"https:\/\/kuzeyinsesi.org\/index.php\/wp-json\/wp\/v2\/posts\/36061","targetHints":{"allow":["GET"]}}],"collection":[{"href":"https:\/\/kuzeyinsesi.org\/index.php\/wp-json\/wp\/v2\/posts"}],"about":[{"href":"https:\/\/kuzeyinsesi.org\/index.php\/wp-json\/wp\/v2\/types\/post"}],"author":[{"embeddable":true,"href":"https:\/\/kuzeyinsesi.org\/index.php\/wp-json\/wp\/v2\/users\/1"}],"replies":[{"embeddable":true,"href":"https:\/\/kuzeyinsesi.org\/index.php\/wp-json\/wp\/v2\/comments?post=36061"}],"version-history":[{"count":0,"href":"https:\/\/kuzeyinsesi.org\/index.php\/wp-json\/wp\/v2\/posts\/36061\/revisions"}],"wp:featuredmedia":[{"embeddable":true,"href":"https:\/\/kuzeyinsesi.org\/index.php\/wp-json\/wp\/v2\/media\/36062"}],"wp:attachment":[{"href":"https:\/\/kuzeyinsesi.org\/index.php\/wp-json\/wp\/v2\/media?parent=36061"}],"wp:term":[{"taxonomy":"category","embeddable":true,"href":"https:\/\/kuzeyinsesi.org\/index.php\/wp-json\/wp\/v2\/categories?post=36061"},{"taxonomy":"post_tag","embeddable":true,"href":"https:\/\/kuzeyinsesi.org\/index.php\/wp-json\/wp\/v2\/tags?post=36061"}],"curies":[{"name":"wp","href":"https:\/\/api.w.org\/{rel}","templated":true}]}}