{"id":36059,"date":"2026-02-28T16:37:35","date_gmt":"2026-02-28T14:37:35","guid":{"rendered":"https:\/\/kuzeyinsesi.org\/index.php\/2026\/02\/28\/hollanda-ile-turkiye-birlikte-avrupa-guvenligine-cok-onemli-katkilar-saglayabilir\/"},"modified":"2026-02-28T16:37:35","modified_gmt":"2026-02-28T14:37:35","slug":"hollanda-ile-turkiye-birlikte-avrupa-guvenligine-cok-onemli-katkilar-saglayabilir","status":"publish","type":"post","link":"https:\/\/kuzeyinsesi.org\/index.php\/2026\/02\/28\/hollanda-ile-turkiye-birlikte-avrupa-guvenligine-cok-onemli-katkilar-saglayabilir\/","title":{"rendered":"Hollanda ile T\u00fcrkiye birlikte Avrupa g\u00fcvenli\u011fine \u00e7ok \u00f6nemli katk\u0131lar sa\u011flayabilir"},"content":{"rendered":"<p class=\"selectionShareable\">T\u00fcrk sava\u015f gemilerini b\u00fcy\u00fck bir gurur ve onurla kar\u015f\u0131lad\u0131klar\u0131n\u0131 belirten Yazgan, \u201cHollanda, denizci bir \u00fclke ve deniz savunmas\u0131nda \u00f6nemli teknolojileri var. Hollanda ile T\u00fcrkiye\u2019nin birlikte Avrupa g\u00fcvenli\u011fine \u00e7ok \u00f6nemli katk\u0131lar sa\u011flayabilece\u011fini d\u00fc\u015f\u00fcn\u00fcyorum.\u201d g\u00f6r\u00fc\u015f\u00fcn\u00fc payla\u015ft\u0131.<\/p>\n<p class=\"selectionShareable\">Yazgan, TCG gemilerinin Hollanda\u2019ya ziyaretinin yeni bir ba\u015flang\u0131\u00e7 olmas\u0131n\u0131 dileyerek, \u201cNeredeyse 30 y\u0131la yak\u0131n bir s\u00fcredir Hollanda&#8217;ya T\u00fcrk sava\u015f gemilerinin bir liman ziyareti olmam\u0131\u015f. Bu, tabii iki m\u00fcttefik \u00fclke aras\u0131nda olmas\u0131 gereken seviyenin alt\u0131nda kalm\u0131\u015f bir ili\u015fki.\u201d diye konu\u015ftu.<\/p>\n<h3>&#8220;Asl\u0131nda geminin kendisi bizzat bir \u00fcr\u00fcn&#8221;<\/h3>\n<p class=\"selectionShareable\">TCG Anadolu\u2019da 27 \u015eubat\u2019ta d\u00fczenlenen fuara ve resepsiyona Hollanda Deniz Kuvvetleri Komutan\u0131 Koramiral Harold Liebregs\u2019in de kat\u0131ld\u0131\u011f\u0131n\u0131 ifade eden Yazgan, \u201cBug\u00fcn bunun \u00f6zellikle bir NATO tatbikat\u0131n\u0131n sonras\u0131nda ger\u00e7ekle\u015fen bir liman ziyareti olmas\u0131, bence \u00f6zellikle g\u00fcn\u00fcm\u00fcz ko\u015fullar\u0131nda de\u011fi\u015fen jeopolitik ve siyasi, uluslararas\u0131 siyasi d\u00fczen \u00e7er\u00e7evesinde \u00f6nemli bir g\u00f6stergedir.\u201d de\u011ferlendirmesinde bulundu.<\/p>\n<p class=\"selectionShareable\">Yazgan, TCG Anadolu gemisinde d\u00fczenlenen fuarla ilgili, \u201cT\u00fcrkiye&#8217;nin NATO&#8217;daki ve Avrupa savunmas\u0131ndaki, Avrupa g\u00fcvenli\u011findeki yeri a\u00e7\u0131s\u0131ndan g\u00f6rmek isteyene bence \u00e7ok \u00f6nemli, a\u00e7\u0131k, \u015feffaf bir sergi oldu. Asl\u0131nda geminin kendisi bizzat bir \u00fcr\u00fcn. Bunu (gemiyi) denizde limana girerken dahi izledi\u011finizde denizdeki g\u00fcc\u00fc alg\u0131l\u0131yorsunuz. Ger\u00e7ekten inan\u0131n, gemiden ayr\u0131lmak istemiyorum.\u201d dedi.<\/p>\n<h3>&#8220;T\u00fcrkiye i\u00e7in b\u00fcy\u00fck bir gurur&#8221;<\/h3>\n<p class=\"selectionShareable\">TCG Anadolu sava\u015f gemisinin \u0130spanya tasar\u0131m\u0131 oldu\u011funu ancak tamam\u0131n\u0131n T\u00fcrkiye&#8217;de \u00fcretildi\u011fini vurgulayan Yazgan, &#8220;T\u00fcrk teknolojisiyle ASELSAN&#8217;\u0131n, ROKETSAN&#8217;\u0131n ve bir s\u00fcr\u00fc T\u00fcrk teknolojisi \u00fcreten \u015firketlerin katk\u0131lar\u0131yla in\u015fa edilmi\u015f bir gemideyiz \u015fu an. Bu gemi pek \u00e7ok a\u00e7\u0131dan bir ilk. T\u00fcrkiye i\u00e7in b\u00fcy\u00fck bir gurur.&#8221; ifadelerini kulland\u0131.<\/p>\n<p class=\"selectionShareable\">Yazgan, Rotterdam&#8217;daki Wilhelminakade\u2019de, Kop van Zuid b\u00f6lgesine 26 \u015eubat&#8217;ta TCG Anadolu gemisinin yan\u0131 s\u0131ra TCG Derya, TCG \u0130stanbul ve TCG Oru\u00e7reis gemilerinin de konu\u015fland\u0131\u011f\u0131n\u0131 belirterek, &#8220;Di\u011fer iki gemimiz de f\u0131rkateyn. Birincisi, ger\u00e7ekten T\u00fcrk teknolojisiyle s\u0131f\u0131rdan in\u015fa edilmi\u015f bir gemi. \u0130kincisi de T\u00fcrk savunma sanayisi ve T\u00fcrk teknolojisi taraf\u0131ndan yenilenmi\u015f bir gemi. TCG Derya lojistik istihkam gemimiz keza \u00f6yle.&#8221; dedi.<\/p>\n<p class=\"selectionShareable\">NATO&#8217;nun &#8220;Steadfast Dart 2026&#8221; tatbikat\u0131 kapsam\u0131nda Hollanda&#8217;n\u0131n Rotterdam Liman\u0131&#8217;nda demirleyen T\u00fcrk Deniz Kuvvetlerine ait TCG Anadolu gemisinde d\u00fcn T\u00fcrk Savunma Sanayisi Fuar\u0131 d\u00fczenlenmi\u015fti.<\/p>\n<p>Hollanda ile T\u00fcrkiye birlikte Avrupa g\u00fcvenli\u011fine \u00e7ok \u00f6nemli katk\u0131lar sa\u011flayabilir yaz\u0131s\u0131 ilk \u00f6nce K\u0131br\u0131s Hakikat \u00fczerinde ortaya \u00e7\u0131kt\u0131.<\/p>\n","protected":false},"excerpt":{"rendered":"<p>T\u00fcrk sava\u015f gemilerini b\u00fcy\u00fck bir gurur ve onurla kar\u015f\u0131lad\u0131klar\u0131n\u0131 belirten Yazgan, \u201cHollanda, denizci bir \u00fclke ve deniz savunmas\u0131nda \u00f6nemli teknolojileri var. Hollanda ile T\u00fcrkiye\u2019nin birlikte Avrupa g\u00fcvenli\u011fine \u00e7ok \u00f6nemli katk\u0131lar sa\u011flayabilece\u011fini d\u00fc\u015f\u00fcn\u00fcyorum.\u201d g\u00f6r\u00fc\u015f\u00fcn\u00fc payla\u015ft\u0131. Yazgan, TCG gemilerinin Hollanda\u2019ya ziyaretinin yeni bir ba\u015flang\u0131\u00e7 olmas\u0131n\u0131 dileyerek, \u201cNeredeyse 30 y\u0131la yak\u0131n bir s\u00fcredir Hollanda&#8217;ya T\u00fcrk sava\u015f gemilerinin bir [&hellip;]<\/p>\n","protected":false},"author":1,"featured_media":36060,"comment_status":"open","ping_status":"open","sticky":false,"template":"","format":"standard","meta":{"jnews-multi-image_gallery":[],"jnews_single_post":[],"jnews_primary_category":[],"jnews_social_meta":[],"jnews_override_counter":[],"footnotes":""},"categories":[1],"tags":[],"class_list":["post-36059","post","type-post","status-publish","format-standard","has-post-thumbnail","hentry","category-kibris"],"yoast_head":"<!-- This site is optimized with the Yoast SEO plugin v27.5 - https:\/\/yoast.com\/product\/yoast-seo-wordpress\/ -->\n<title>Hollanda ile T\u00fcrkiye birlikte Avrupa g\u00fcvenli\u011fine \u00e7ok \u00f6nemli katk\u0131lar sa\u011flayabilir - Kuzeyin Sesi<\/title>\n<meta name=\"robots\" content=\"index, follow, max-snippet:-1, max-image-preview:large, max-video-preview:-1\" \/>\n<link rel=\"canonical\" href=\"https:\/\/kuzeyinsesi.org\/index.php\/2026\/02\/28\/hollanda-ile-turkiye-birlikte-avrupa-guvenligine-cok-onemli-katkilar-saglayabilir\/\" \/>\n<meta property=\"og:locale\" content=\"tr_TR\" \/>\n<meta property=\"og:type\" content=\"article\" \/>\n<meta property=\"og:title\" content=\"Hollanda ile T\u00fcrkiye birlikte Avrupa g\u00fcvenli\u011fine \u00e7ok \u00f6nemli katk\u0131lar sa\u011flayabilir - Kuzeyin Sesi\" \/>\n<meta property=\"og:description\" content=\"T\u00fcrk sava\u015f gemilerini b\u00fcy\u00fck bir gurur ve onurla kar\u015f\u0131lad\u0131klar\u0131n\u0131 belirten Yazgan, \u201cHollanda, denizci bir \u00fclke ve deniz savunmas\u0131nda \u00f6nemli teknolojileri var. Hollanda ile T\u00fcrkiye\u2019nin birlikte Avrupa g\u00fcvenli\u011fine \u00e7ok \u00f6nemli katk\u0131lar sa\u011flayabilece\u011fini d\u00fc\u015f\u00fcn\u00fcyorum.\u201d g\u00f6r\u00fc\u015f\u00fcn\u00fc payla\u015ft\u0131. Yazgan, TCG gemilerinin Hollanda\u2019ya ziyaretinin yeni bir ba\u015flang\u0131\u00e7 olmas\u0131n\u0131 dileyerek, \u201cNeredeyse 30 y\u0131la yak\u0131n bir s\u00fcredir Hollanda&#8217;ya T\u00fcrk sava\u015f gemilerinin bir [&hellip;]\" \/>\n<meta property=\"og:url\" content=\"https:\/\/kuzeyinsesi.org\/index.php\/2026\/02\/28\/hollanda-ile-turkiye-birlikte-avrupa-guvenligine-cok-onemli-katkilar-saglayabilir\/\" \/>\n<meta property=\"og:site_name\" content=\"Kuzeyin Sesi\" \/>\n<meta property=\"article:publisher\" content=\"https:\/\/www.facebook.com\/kuzeyinsesii\" \/>\n<meta property=\"article:published_time\" content=\"2026-02-28T14:37:35+00:00\" \/>\n<meta name=\"author\" content=\"Kuzeyin Sesi\" \/>\n<meta name=\"twitter:card\" content=\"summary_large_image\" \/>\n<meta name=\"twitter:creator\" content=\"@kuzeyinsesii\" \/>\n<meta name=\"twitter:site\" content=\"@kuzeyinsesii\" \/>\n<meta name=\"twitter:label1\" content=\"Yazan:\" \/>\n\t<meta name=\"twitter:data1\" content=\"Kuzeyin Sesi\" \/>\n\t<meta name=\"twitter:label2\" content=\"Tahmini okuma s\u00fcresi\" \/>\n\t<meta name=\"twitter:data2\" content=\"2 dakika\" \/>\n<script type=\"application\/ld+json\" class=\"yoast-schema-graph\">{\"@context\":\"https:\\\/\\\/schema.org\",\"@graph\":[{\"@type\":\"Article\",\"@id\":\"https:\\\/\\\/kuzeyinsesi.org\\\/index.php\\\/2026\\\/02\\\/28\\\/hollanda-ile-turkiye-birlikte-avrupa-guvenligine-cok-onemli-katkilar-saglayabilir\\\/#article\",\"isPartOf\":{\"@id\":\"https:\\\/\\\/kuzeyinsesi.org\\\/index.php\\\/2026\\\/02\\\/28\\\/hollanda-ile-turkiye-birlikte-avrupa-guvenligine-cok-onemli-katkilar-saglayabilir\\\/\"},\"author\":{\"name\":\"Kuzeyin Sesi\",\"@id\":\"https:\\\/\\\/kuzeyinsesi.org\\\/#\\\/schema\\\/person\\\/9f859689cdf01485597712386e37f5aa\"},\"headline\":\"Hollanda ile T\u00fcrkiye birlikte Avrupa g\u00fcvenli\u011fine \u00e7ok \u00f6nemli katk\u0131lar sa\u011flayabilir\",\"datePublished\":\"2026-02-28T14:37:35+00:00\",\"mainEntityOfPage\":{\"@id\":\"https:\\\/\\\/kuzeyinsesi.org\\\/index.php\\\/2026\\\/02\\\/28\\\/hollanda-ile-turkiye-birlikte-avrupa-guvenligine-cok-onemli-katkilar-saglayabilir\\\/\"},\"wordCount\":474,\"commentCount\":0,\"image\":{\"@id\":\"https:\\\/\\\/kuzeyinsesi.org\\\/index.php\\\/2026\\\/02\\\/28\\\/hollanda-ile-turkiye-birlikte-avrupa-guvenligine-cok-onemli-katkilar-saglayabilir\\\/#primaryimage\"},\"thumbnailUrl\":\"https:\\\/\\\/kuzeyinsesi.org\\\/wp-content\\\/uploads\\\/2026\\\/02\\\/thumbs_b_c_0ed1a90f049888d66ae1b709c4cb4eae.jpg\",\"articleSection\":[\"K\u0131br\u0131s\"],\"inLanguage\":\"tr\",\"potentialAction\":[{\"@type\":\"CommentAction\",\"name\":\"Comment\",\"target\":[\"https:\\\/\\\/kuzeyinsesi.org\\\/index.php\\\/2026\\\/02\\\/28\\\/hollanda-ile-turkiye-birlikte-avrupa-guvenligine-cok-onemli-katkilar-saglayabilir\\\/#respond\"]}]},{\"@type\":\"WebPage\",\"@id\":\"https:\\\/\\\/kuzeyinsesi.org\\\/index.php\\\/2026\\\/02\\\/28\\\/hollanda-ile-turkiye-birlikte-avrupa-guvenligine-cok-onemli-katkilar-saglayabilir\\\/\",\"url\":\"https:\\\/\\\/kuzeyinsesi.org\\\/index.php\\\/2026\\\/02\\\/28\\\/hollanda-ile-turkiye-birlikte-avrupa-guvenligine-cok-onemli-katkilar-saglayabilir\\\/\",\"name\":\"Hollanda ile T\u00fcrkiye birlikte Avrupa g\u00fcvenli\u011fine \u00e7ok \u00f6nemli katk\u0131lar sa\u011flayabilir - Kuzeyin Sesi\",\"isPartOf\":{\"@id\":\"https:\\\/\\\/kuzeyinsesi.org\\\/#website\"},\"primaryImageOfPage\":{\"@id\":\"https:\\\/\\\/kuzeyinsesi.org\\\/index.php\\\/2026\\\/02\\\/28\\\/hollanda-ile-turkiye-birlikte-avrupa-guvenligine-cok-onemli-katkilar-saglayabilir\\\/#primaryimage\"},\"image\":{\"@id\":\"https:\\\/\\\/kuzeyinsesi.org\\\/index.php\\\/2026\\\/02\\\/28\\\/hollanda-ile-turkiye-birlikte-avrupa-guvenligine-cok-onemli-katkilar-saglayabilir\\\/#primaryimage\"},\"thumbnailUrl\":\"https:\\\/\\\/kuzeyinsesi.org\\\/wp-content\\\/uploads\\\/2026\\\/02\\\/thumbs_b_c_0ed1a90f049888d66ae1b709c4cb4eae.jpg\",\"datePublished\":\"2026-02-28T14:37:35+00:00\",\"author\":{\"@id\":\"https:\\\/\\\/kuzeyinsesi.org\\\/#\\\/schema\\\/person\\\/9f859689cdf01485597712386e37f5aa\"},\"breadcrumb\":{\"@id\":\"https:\\\/\\\/kuzeyinsesi.org\\\/index.php\\\/2026\\\/02\\\/28\\\/hollanda-ile-turkiye-birlikte-avrupa-guvenligine-cok-onemli-katkilar-saglayabilir\\\/#breadcrumb\"},\"inLanguage\":\"tr\",\"potentialAction\":[{\"@type\":\"ReadAction\",\"target\":[\"https:\\\/\\\/kuzeyinsesi.org\\\/index.php\\\/2026\\\/02\\\/28\\\/hollanda-ile-turkiye-birlikte-avrupa-guvenligine-cok-onemli-katkilar-saglayabilir\\\/\"]}]},{\"@type\":\"ImageObject\",\"inLanguage\":\"tr\",\"@id\":\"https:\\\/\\\/kuzeyinsesi.org\\\/index.php\\\/2026\\\/02\\\/28\\\/hollanda-ile-turkiye-birlikte-avrupa-guvenligine-cok-onemli-katkilar-saglayabilir\\\/#primaryimage\",\"url\":\"https:\\\/\\\/kuzeyinsesi.org\\\/wp-content\\\/uploads\\\/2026\\\/02\\\/thumbs_b_c_0ed1a90f049888d66ae1b709c4cb4eae.jpg\",\"contentUrl\":\"https:\\\/\\\/kuzeyinsesi.org\\\/wp-content\\\/uploads\\\/2026\\\/02\\\/thumbs_b_c_0ed1a90f049888d66ae1b709c4cb4eae.jpg\",\"width\":864,\"height\":486},{\"@type\":\"BreadcrumbList\",\"@id\":\"https:\\\/\\\/kuzeyinsesi.org\\\/index.php\\\/2026\\\/02\\\/28\\\/hollanda-ile-turkiye-birlikte-avrupa-guvenligine-cok-onemli-katkilar-saglayabilir\\\/#breadcrumb\",\"itemListElement\":[{\"@type\":\"ListItem\",\"position\":1,\"name\":\"Anasayfa\",\"item\":\"https:\\\/\\\/kuzeyinsesi.org\\\/\"},{\"@type\":\"ListItem\",\"position\":2,\"name\":\"Hollanda ile T\u00fcrkiye birlikte Avrupa g\u00fcvenli\u011fine \u00e7ok \u00f6nemli katk\u0131lar sa\u011flayabilir\"}]},{\"@type\":\"WebSite\",\"@id\":\"https:\\\/\\\/kuzeyinsesi.org\\\/#website\",\"url\":\"https:\\\/\\\/kuzeyinsesi.org\\\/\",\"name\":\"Kuzeyin Sesi\",\"description\":\"Do\u011fru Haberin Adresi\",\"potentialAction\":[{\"@type\":\"SearchAction\",\"target\":{\"@type\":\"EntryPoint\",\"urlTemplate\":\"https:\\\/\\\/kuzeyinsesi.org\\\/?s={search_term_string}\"},\"query-input\":{\"@type\":\"PropertyValueSpecification\",\"valueRequired\":true,\"valueName\":\"search_term_string\"}}],\"inLanguage\":\"tr\"},{\"@type\":\"Person\",\"@id\":\"https:\\\/\\\/kuzeyinsesi.org\\\/#\\\/schema\\\/person\\\/9f859689cdf01485597712386e37f5aa\",\"name\":\"Kuzeyin Sesi\",\"image\":{\"@type\":\"ImageObject\",\"inLanguage\":\"tr\",\"@id\":\"https:\\\/\\\/secure.gravatar.com\\\/avatar\\\/bab33852abfd8b282518d6ed81826833d77c3c882d9ab608add591ccace47a44?s=96&d=mm&r=g\",\"url\":\"https:\\\/\\\/secure.gravatar.com\\\/avatar\\\/bab33852abfd8b282518d6ed81826833d77c3c882d9ab608add591ccace47a44?s=96&d=mm&r=g\",\"contentUrl\":\"https:\\\/\\\/secure.gravatar.com\\\/avatar\\\/bab33852abfd8b282518d6ed81826833d77c3c882d9ab608add591ccace47a44?s=96&d=mm&r=g\",\"caption\":\"Kuzeyin Sesi\"},\"sameAs\":[\"https:\\\/\\\/kuzeyinsesi.org\"],\"url\":\"https:\\\/\\\/kuzeyinsesi.org\\\/index.php\\\/author\\\/guven\\\/\"}]}<\/script>\n<!-- \/ Yoast SEO plugin. -->","yoast_head_json":{"title":"Hollanda ile T\u00fcrkiye birlikte Avrupa g\u00fcvenli\u011fine \u00e7ok \u00f6nemli katk\u0131lar sa\u011flayabilir - Kuzeyin Sesi","robots":{"index":"index","follow":"follow","max-snippet":"max-snippet:-1","max-image-preview":"max-image-preview:large","max-video-preview":"max-video-preview:-1"},"canonical":"https:\/\/kuzeyinsesi.org\/index.php\/2026\/02\/28\/hollanda-ile-turkiye-birlikte-avrupa-guvenligine-cok-onemli-katkilar-saglayabilir\/","og_locale":"tr_TR","og_type":"article","og_title":"Hollanda ile T\u00fcrkiye birlikte Avrupa g\u00fcvenli\u011fine \u00e7ok \u00f6nemli katk\u0131lar sa\u011flayabilir - Kuzeyin Sesi","og_description":"T\u00fcrk sava\u015f gemilerini b\u00fcy\u00fck bir gurur ve onurla kar\u015f\u0131lad\u0131klar\u0131n\u0131 belirten Yazgan, \u201cHollanda, denizci bir \u00fclke ve deniz savunmas\u0131nda \u00f6nemli teknolojileri var. Hollanda ile T\u00fcrkiye\u2019nin birlikte Avrupa g\u00fcvenli\u011fine \u00e7ok \u00f6nemli katk\u0131lar sa\u011flayabilece\u011fini d\u00fc\u015f\u00fcn\u00fcyorum.\u201d g\u00f6r\u00fc\u015f\u00fcn\u00fc payla\u015ft\u0131. Yazgan, TCG gemilerinin Hollanda\u2019ya ziyaretinin yeni bir ba\u015flang\u0131\u00e7 olmas\u0131n\u0131 dileyerek, \u201cNeredeyse 30 y\u0131la yak\u0131n bir s\u00fcredir Hollanda&#8217;ya T\u00fcrk sava\u015f gemilerinin bir [&hellip;]","og_url":"https:\/\/kuzeyinsesi.org\/index.php\/2026\/02\/28\/hollanda-ile-turkiye-birlikte-avrupa-guvenligine-cok-onemli-katkilar-saglayabilir\/","og_site_name":"Kuzeyin Sesi","article_publisher":"https:\/\/www.facebook.com\/kuzeyinsesii","article_published_time":"2026-02-28T14:37:35+00:00","author":"Kuzeyin Sesi","twitter_card":"summary_large_image","twitter_creator":"@kuzeyinsesii","twitter_site":"@kuzeyinsesii","twitter_misc":{"Yazan:":"Kuzeyin Sesi","Tahmini okuma s\u00fcresi":"2 dakika"},"schema":{"@context":"https:\/\/schema.org","@graph":[{"@type":"Article","@id":"https:\/\/kuzeyinsesi.org\/index.php\/2026\/02\/28\/hollanda-ile-turkiye-birlikte-avrupa-guvenligine-cok-onemli-katkilar-saglayabilir\/#article","isPartOf":{"@id":"https:\/\/kuzeyinsesi.org\/index.php\/2026\/02\/28\/hollanda-ile-turkiye-birlikte-avrupa-guvenligine-cok-onemli-katkilar-saglayabilir\/"},"author":{"name":"Kuzeyin Sesi","@id":"https:\/\/kuzeyinsesi.org\/#\/schema\/person\/9f859689cdf01485597712386e37f5aa"},"headline":"Hollanda ile T\u00fcrkiye birlikte Avrupa g\u00fcvenli\u011fine \u00e7ok \u00f6nemli katk\u0131lar sa\u011flayabilir","datePublished":"2026-02-28T14:37:35+00:00","mainEntityOfPage":{"@id":"https:\/\/kuzeyinsesi.org\/index.php\/2026\/02\/28\/hollanda-ile-turkiye-birlikte-avrupa-guvenligine-cok-onemli-katkilar-saglayabilir\/"},"wordCount":474,"commentCount":0,"image":{"@id":"https:\/\/kuzeyinsesi.org\/index.php\/2026\/02\/28\/hollanda-ile-turkiye-birlikte-avrupa-guvenligine-cok-onemli-katkilar-saglayabilir\/#primaryimage"},"thumbnailUrl":"https:\/\/kuzeyinsesi.org\/wp-content\/uploads\/2026\/02\/thumbs_b_c_0ed1a90f049888d66ae1b709c4cb4eae.jpg","articleSection":["K\u0131br\u0131s"],"inLanguage":"tr","potentialAction":[{"@type":"CommentAction","name":"Comment","target":["https:\/\/kuzeyinsesi.org\/index.php\/2026\/02\/28\/hollanda-ile-turkiye-birlikte-avrupa-guvenligine-cok-onemli-katkilar-saglayabilir\/#respond"]}]},{"@type":"WebPage","@id":"https:\/\/kuzeyinsesi.org\/index.php\/2026\/02\/28\/hollanda-ile-turkiye-birlikte-avrupa-guvenligine-cok-onemli-katkilar-saglayabilir\/","url":"https:\/\/kuzeyinsesi.org\/index.php\/2026\/02\/28\/hollanda-ile-turkiye-birlikte-avrupa-guvenligine-cok-onemli-katkilar-saglayabilir\/","name":"Hollanda ile T\u00fcrkiye birlikte Avrupa g\u00fcvenli\u011fine \u00e7ok \u00f6nemli katk\u0131lar sa\u011flayabilir - Kuzeyin Sesi","isPartOf":{"@id":"https:\/\/kuzeyinsesi.org\/#website"},"primaryImageOfPage":{"@id":"https:\/\/kuzeyinsesi.org\/index.php\/2026\/02\/28\/hollanda-ile-turkiye-birlikte-avrupa-guvenligine-cok-onemli-katkilar-saglayabilir\/#primaryimage"},"image":{"@id":"https:\/\/kuzeyinsesi.org\/index.php\/2026\/02\/28\/hollanda-ile-turkiye-birlikte-avrupa-guvenligine-cok-onemli-katkilar-saglayabilir\/#primaryimage"},"thumbnailUrl":"https:\/\/kuzeyinsesi.org\/wp-content\/uploads\/2026\/02\/thumbs_b_c_0ed1a90f049888d66ae1b709c4cb4eae.jpg","datePublished":"2026-02-28T14:37:35+00:00","author":{"@id":"https:\/\/kuzeyinsesi.org\/#\/schema\/person\/9f859689cdf01485597712386e37f5aa"},"breadcrumb":{"@id":"https:\/\/kuzeyinsesi.org\/index.php\/2026\/02\/28\/hollanda-ile-turkiye-birlikte-avrupa-guvenligine-cok-onemli-katkilar-saglayabilir\/#breadcrumb"},"inLanguage":"tr","potentialAction":[{"@type":"ReadAction","target":["https:\/\/kuzeyinsesi.org\/index.php\/2026\/02\/28\/hollanda-ile-turkiye-birlikte-avrupa-guvenligine-cok-onemli-katkilar-saglayabilir\/"]}]},{"@type":"ImageObject","inLanguage":"tr","@id":"https:\/\/kuzeyinsesi.org\/index.php\/2026\/02\/28\/hollanda-ile-turkiye-birlikte-avrupa-guvenligine-cok-onemli-katkilar-saglayabilir\/#primaryimage","url":"https:\/\/kuzeyinsesi.org\/wp-content\/uploads\/2026\/02\/thumbs_b_c_0ed1a90f049888d66ae1b709c4cb4eae.jpg","contentUrl":"https:\/\/kuzeyinsesi.org\/wp-content\/uploads\/2026\/02\/thumbs_b_c_0ed1a90f049888d66ae1b709c4cb4eae.jpg","width":864,"height":486},{"@type":"BreadcrumbList","@id":"https:\/\/kuzeyinsesi.org\/index.php\/2026\/02\/28\/hollanda-ile-turkiye-birlikte-avrupa-guvenligine-cok-onemli-katkilar-saglayabilir\/#breadcrumb","itemListElement":[{"@type":"ListItem","position":1,"name":"Anasayfa","item":"https:\/\/kuzeyinsesi.org\/"},{"@type":"ListItem","position":2,"name":"Hollanda ile T\u00fcrkiye birlikte Avrupa g\u00fcvenli\u011fine \u00e7ok \u00f6nemli katk\u0131lar sa\u011flayabilir"}]},{"@type":"WebSite","@id":"https:\/\/kuzeyinsesi.org\/#website","url":"https:\/\/kuzeyinsesi.org\/","name":"Kuzeyin Sesi","description":"Do\u011fru Haberin Adresi","potentialAction":[{"@type":"SearchAction","target":{"@type":"EntryPoint","urlTemplate":"https:\/\/kuzeyinsesi.org\/?s={search_term_string}"},"query-input":{"@type":"PropertyValueSpecification","valueRequired":true,"valueName":"search_term_string"}}],"inLanguage":"tr"},{"@type":"Person","@id":"https:\/\/kuzeyinsesi.org\/#\/schema\/person\/9f859689cdf01485597712386e37f5aa","name":"Kuzeyin Sesi","image":{"@type":"ImageObject","inLanguage":"tr","@id":"https:\/\/secure.gravatar.com\/avatar\/bab33852abfd8b282518d6ed81826833d77c3c882d9ab608add591ccace47a44?s=96&d=mm&r=g","url":"https:\/\/secure.gravatar.com\/avatar\/bab33852abfd8b282518d6ed81826833d77c3c882d9ab608add591ccace47a44?s=96&d=mm&r=g","contentUrl":"https:\/\/secure.gravatar.com\/avatar\/bab33852abfd8b282518d6ed81826833d77c3c882d9ab608add591ccace47a44?s=96&d=mm&r=g","caption":"Kuzeyin Sesi"},"sameAs":["https:\/\/kuzeyinsesi.org"],"url":"https:\/\/kuzeyinsesi.org\/index.php\/author\/guven\/"}]}},"_links":{"self":[{"href":"https:\/\/kuzeyinsesi.org\/index.php\/wp-json\/wp\/v2\/posts\/36059","targetHints":{"allow":["GET"]}}],"collection":[{"href":"https:\/\/kuzeyinsesi.org\/index.php\/wp-json\/wp\/v2\/posts"}],"about":[{"href":"https:\/\/kuzeyinsesi.org\/index.php\/wp-json\/wp\/v2\/types\/post"}],"author":[{"embeddable":true,"href":"https:\/\/kuzeyinsesi.org\/index.php\/wp-json\/wp\/v2\/users\/1"}],"replies":[{"embeddable":true,"href":"https:\/\/kuzeyinsesi.org\/index.php\/wp-json\/wp\/v2\/comments?post=36059"}],"version-history":[{"count":0,"href":"https:\/\/kuzeyinsesi.org\/index.php\/wp-json\/wp\/v2\/posts\/36059\/revisions"}],"wp:featuredmedia":[{"embeddable":true,"href":"https:\/\/kuzeyinsesi.org\/index.php\/wp-json\/wp\/v2\/media\/36060"}],"wp:attachment":[{"href":"https:\/\/kuzeyinsesi.org\/index.php\/wp-json\/wp\/v2\/media?parent=36059"}],"wp:term":[{"taxonomy":"category","embeddable":true,"href":"https:\/\/kuzeyinsesi.org\/index.php\/wp-json\/wp\/v2\/categories?post=36059"},{"taxonomy":"post_tag","embeddable":true,"href":"https:\/\/kuzeyinsesi.org\/index.php\/wp-json\/wp\/v2\/tags?post=36059"}],"curies":[{"name":"wp","href":"https:\/\/api.w.org\/{rel}","templated":true}]}}