{"id":36057,"date":"2026-02-28T16:13:45","date_gmt":"2026-02-28T14:13:45","guid":{"rendered":"https:\/\/kuzeyinsesi.org\/index.php\/2026\/02\/28\/kktc-baku-turkoloji-kurultayi-anma-toplantisinda-temsil-edildi\/"},"modified":"2026-02-28T16:13:45","modified_gmt":"2026-02-28T14:13:45","slug":"kktc-baku-turkoloji-kurultayi-anma-toplantisinda-temsil-edildi","status":"publish","type":"post","link":"https:\/\/kuzeyinsesi.org\/index.php\/2026\/02\/28\/kktc-baku-turkoloji-kurultayi-anma-toplantisinda-temsil-edildi\/","title":{"rendered":"KKTC Bak\u00fc T\u00fcrkoloji Kurultay\u0131 anma toplant\u0131s\u0131nda temsil edildi"},"content":{"rendered":"<p style=\"font-weight: 300\"><span style=\"font-weight: 300 !important\">Atat\u00fcrk \u00d6\u011fretmen Akademisi\u2019nden yap\u0131lan a\u00e7\u0131klamaya g\u00f6re, T\u00fcrk Dil Kurumu, Yunus Emre Enstit\u00fcs\u00fc, Marmara \u00dcniversitesi T\u00fcrkiyat Ara\u015ft\u0131rmalar\u0131 Enstit\u00fcs\u00fc, Hazar \u00dcniversitesi ve Azerbaycan Mill\u00ee \u0130limler Akademisinin i\u015f birli\u011fiyle d\u00fczenlenen \u201c100. Y\u0131l\u0131nda Bak\u00fc T\u00fcrkoloji Kurultay\u0131 Anma Toplant\u0131s\u0131\u201d, 27-28 \u015eubat 2026 tarihlerinde Bak\u00fc\u2019de d\u00fczenlendi.<\/span><\/p>\n<p style=\"font-weight: 300\"><span style=\"font-weight: 300 !important\">Toplant\u0131ya T\u00fcrk d\u00fcnyas\u0131n\u0131n d\u00f6rt bir yan\u0131ndan 60\u2019tan fazla T\u00fcrkolog kat\u0131ld\u0131.<\/span><\/p>\n<p>KKTC Bak\u00fc T\u00fcrkoloji Kurultay\u0131 anma toplant\u0131s\u0131nda temsil edildi yaz\u0131s\u0131 ilk \u00f6nce K\u0131br\u0131s Hakikat \u00fczerinde ortaya \u00e7\u0131kt\u0131.<\/p>\n","protected":false},"excerpt":{"rendered":"<p>Atat\u00fcrk \u00d6\u011fretmen Akademisi\u2019nden yap\u0131lan a\u00e7\u0131klamaya g\u00f6re, T\u00fcrk Dil Kurumu, Yunus Emre Enstit\u00fcs\u00fc, Marmara \u00dcniversitesi T\u00fcrkiyat Ara\u015ft\u0131rmalar\u0131 Enstit\u00fcs\u00fc, Hazar \u00dcniversitesi ve Azerbaycan Mill\u00ee \u0130limler Akademisinin i\u015f birli\u011fiyle d\u00fczenlenen \u201c100. Y\u0131l\u0131nda Bak\u00fc T\u00fcrkoloji Kurultay\u0131 Anma Toplant\u0131s\u0131\u201d, 27-28 \u015eubat 2026 tarihlerinde Bak\u00fc\u2019de d\u00fczenlendi. Toplant\u0131ya T\u00fcrk d\u00fcnyas\u0131n\u0131n d\u00f6rt bir yan\u0131ndan 60\u2019tan fazla T\u00fcrkolog kat\u0131ld\u0131. KKTC Bak\u00fc T\u00fcrkoloji Kurultay\u0131 anma [&hellip;]<\/p>\n","protected":false},"author":1,"featured_media":36058,"comment_status":"open","ping_status":"open","sticky":false,"template":"","format":"standard","meta":{"jnews-multi-image_gallery":[],"jnews_single_post":[],"jnews_primary_category":[],"jnews_social_meta":[],"jnews_override_counter":[],"footnotes":""},"categories":[1],"tags":[],"class_list":["post-36057","post","type-post","status-publish","format-standard","has-post-thumbnail","hentry","category-kibris"],"yoast_head":"<!-- This site is optimized with the Yoast SEO plugin v27.5 - https:\/\/yoast.com\/product\/yoast-seo-wordpress\/ -->\n<title>KKTC Bak\u00fc T\u00fcrkoloji Kurultay\u0131 anma toplant\u0131s\u0131nda temsil edildi - Kuzeyin Sesi<\/title>\n<meta name=\"robots\" content=\"index, follow, max-snippet:-1, max-image-preview:large, max-video-preview:-1\" \/>\n<link rel=\"canonical\" href=\"https:\/\/kuzeyinsesi.org\/index.php\/2026\/02\/28\/kktc-baku-turkoloji-kurultayi-anma-toplantisinda-temsil-edildi\/\" \/>\n<meta property=\"og:locale\" content=\"tr_TR\" \/>\n<meta property=\"og:type\" content=\"article\" \/>\n<meta property=\"og:title\" content=\"KKTC Bak\u00fc T\u00fcrkoloji Kurultay\u0131 anma toplant\u0131s\u0131nda temsil edildi - Kuzeyin Sesi\" \/>\n<meta property=\"og:description\" content=\"Atat\u00fcrk \u00d6\u011fretmen Akademisi\u2019nden yap\u0131lan a\u00e7\u0131klamaya g\u00f6re, T\u00fcrk Dil Kurumu, Yunus Emre Enstit\u00fcs\u00fc, Marmara \u00dcniversitesi T\u00fcrkiyat Ara\u015ft\u0131rmalar\u0131 Enstit\u00fcs\u00fc, Hazar \u00dcniversitesi ve Azerbaycan Mill\u00ee \u0130limler Akademisinin i\u015f birli\u011fiyle d\u00fczenlenen \u201c100. Y\u0131l\u0131nda Bak\u00fc T\u00fcrkoloji Kurultay\u0131 Anma Toplant\u0131s\u0131\u201d, 27-28 \u015eubat 2026 tarihlerinde Bak\u00fc\u2019de d\u00fczenlendi. Toplant\u0131ya T\u00fcrk d\u00fcnyas\u0131n\u0131n d\u00f6rt bir yan\u0131ndan 60\u2019tan fazla T\u00fcrkolog kat\u0131ld\u0131. KKTC Bak\u00fc T\u00fcrkoloji Kurultay\u0131 anma [&hellip;]\" \/>\n<meta property=\"og:url\" content=\"https:\/\/kuzeyinsesi.org\/index.php\/2026\/02\/28\/kktc-baku-turkoloji-kurultayi-anma-toplantisinda-temsil-edildi\/\" \/>\n<meta property=\"og:site_name\" content=\"Kuzeyin Sesi\" \/>\n<meta property=\"article:publisher\" content=\"https:\/\/www.facebook.com\/kuzeyinsesii\" \/>\n<meta property=\"article:published_time\" content=\"2026-02-28T14:13:45+00:00\" \/>\n<meta name=\"author\" content=\"Kuzeyin Sesi\" \/>\n<meta name=\"twitter:card\" content=\"summary_large_image\" \/>\n<meta name=\"twitter:creator\" content=\"@kuzeyinsesii\" \/>\n<meta name=\"twitter:site\" content=\"@kuzeyinsesii\" \/>\n<meta name=\"twitter:label1\" content=\"Yazan:\" \/>\n\t<meta name=\"twitter:data1\" content=\"Kuzeyin Sesi\" \/>\n<script type=\"application\/ld+json\" class=\"yoast-schema-graph\">{\"@context\":\"https:\\\/\\\/schema.org\",\"@graph\":[{\"@type\":\"Article\",\"@id\":\"https:\\\/\\\/kuzeyinsesi.org\\\/index.php\\\/2026\\\/02\\\/28\\\/kktc-baku-turkoloji-kurultayi-anma-toplantisinda-temsil-edildi\\\/#article\",\"isPartOf\":{\"@id\":\"https:\\\/\\\/kuzeyinsesi.org\\\/index.php\\\/2026\\\/02\\\/28\\\/kktc-baku-turkoloji-kurultayi-anma-toplantisinda-temsil-edildi\\\/\"},\"author\":{\"name\":\"Kuzeyin Sesi\",\"@id\":\"https:\\\/\\\/kuzeyinsesi.org\\\/#\\\/schema\\\/person\\\/9f859689cdf01485597712386e37f5aa\"},\"headline\":\"KKTC Bak\u00fc T\u00fcrkoloji Kurultay\u0131 anma toplant\u0131s\u0131nda temsil edildi\",\"datePublished\":\"2026-02-28T14:13:45+00:00\",\"mainEntityOfPage\":{\"@id\":\"https:\\\/\\\/kuzeyinsesi.org\\\/index.php\\\/2026\\\/02\\\/28\\\/kktc-baku-turkoloji-kurultayi-anma-toplantisinda-temsil-edildi\\\/\"},\"wordCount\":109,\"commentCount\":0,\"image\":{\"@id\":\"https:\\\/\\\/kuzeyinsesi.org\\\/index.php\\\/2026\\\/02\\\/28\\\/kktc-baku-turkoloji-kurultayi-anma-toplantisinda-temsil-edildi\\\/#primaryimage\"},\"thumbnailUrl\":\"https:\\\/\\\/kuzeyinsesi.org\\\/wp-content\\\/uploads\\\/2026\\\/02\\\/1772286645294ab589222-e8e1-4e5f-9732-6a71b6c52010.jpeg\",\"articleSection\":[\"K\u0131br\u0131s\"],\"inLanguage\":\"tr\",\"potentialAction\":[{\"@type\":\"CommentAction\",\"name\":\"Comment\",\"target\":[\"https:\\\/\\\/kuzeyinsesi.org\\\/index.php\\\/2026\\\/02\\\/28\\\/kktc-baku-turkoloji-kurultayi-anma-toplantisinda-temsil-edildi\\\/#respond\"]}]},{\"@type\":\"WebPage\",\"@id\":\"https:\\\/\\\/kuzeyinsesi.org\\\/index.php\\\/2026\\\/02\\\/28\\\/kktc-baku-turkoloji-kurultayi-anma-toplantisinda-temsil-edildi\\\/\",\"url\":\"https:\\\/\\\/kuzeyinsesi.org\\\/index.php\\\/2026\\\/02\\\/28\\\/kktc-baku-turkoloji-kurultayi-anma-toplantisinda-temsil-edildi\\\/\",\"name\":\"KKTC Bak\u00fc T\u00fcrkoloji Kurultay\u0131 anma toplant\u0131s\u0131nda temsil edildi - Kuzeyin Sesi\",\"isPartOf\":{\"@id\":\"https:\\\/\\\/kuzeyinsesi.org\\\/#website\"},\"primaryImageOfPage\":{\"@id\":\"https:\\\/\\\/kuzeyinsesi.org\\\/index.php\\\/2026\\\/02\\\/28\\\/kktc-baku-turkoloji-kurultayi-anma-toplantisinda-temsil-edildi\\\/#primaryimage\"},\"image\":{\"@id\":\"https:\\\/\\\/kuzeyinsesi.org\\\/index.php\\\/2026\\\/02\\\/28\\\/kktc-baku-turkoloji-kurultayi-anma-toplantisinda-temsil-edildi\\\/#primaryimage\"},\"thumbnailUrl\":\"https:\\\/\\\/kuzeyinsesi.org\\\/wp-content\\\/uploads\\\/2026\\\/02\\\/1772286645294ab589222-e8e1-4e5f-9732-6a71b6c52010.jpeg\",\"datePublished\":\"2026-02-28T14:13:45+00:00\",\"author\":{\"@id\":\"https:\\\/\\\/kuzeyinsesi.org\\\/#\\\/schema\\\/person\\\/9f859689cdf01485597712386e37f5aa\"},\"breadcrumb\":{\"@id\":\"https:\\\/\\\/kuzeyinsesi.org\\\/index.php\\\/2026\\\/02\\\/28\\\/kktc-baku-turkoloji-kurultayi-anma-toplantisinda-temsil-edildi\\\/#breadcrumb\"},\"inLanguage\":\"tr\",\"potentialAction\":[{\"@type\":\"ReadAction\",\"target\":[\"https:\\\/\\\/kuzeyinsesi.org\\\/index.php\\\/2026\\\/02\\\/28\\\/kktc-baku-turkoloji-kurultayi-anma-toplantisinda-temsil-edildi\\\/\"]}]},{\"@type\":\"ImageObject\",\"inLanguage\":\"tr\",\"@id\":\"https:\\\/\\\/kuzeyinsesi.org\\\/index.php\\\/2026\\\/02\\\/28\\\/kktc-baku-turkoloji-kurultayi-anma-toplantisinda-temsil-edildi\\\/#primaryimage\",\"url\":\"https:\\\/\\\/kuzeyinsesi.org\\\/wp-content\\\/uploads\\\/2026\\\/02\\\/1772286645294ab589222-e8e1-4e5f-9732-6a71b6c52010.jpeg\",\"contentUrl\":\"https:\\\/\\\/kuzeyinsesi.org\\\/wp-content\\\/uploads\\\/2026\\\/02\\\/1772286645294ab589222-e8e1-4e5f-9732-6a71b6c52010.jpeg\",\"width\":1600,\"height\":1138},{\"@type\":\"BreadcrumbList\",\"@id\":\"https:\\\/\\\/kuzeyinsesi.org\\\/index.php\\\/2026\\\/02\\\/28\\\/kktc-baku-turkoloji-kurultayi-anma-toplantisinda-temsil-edildi\\\/#breadcrumb\",\"itemListElement\":[{\"@type\":\"ListItem\",\"position\":1,\"name\":\"Anasayfa\",\"item\":\"https:\\\/\\\/kuzeyinsesi.org\\\/\"},{\"@type\":\"ListItem\",\"position\":2,\"name\":\"KKTC Bak\u00fc T\u00fcrkoloji Kurultay\u0131 anma toplant\u0131s\u0131nda temsil edildi\"}]},{\"@type\":\"WebSite\",\"@id\":\"https:\\\/\\\/kuzeyinsesi.org\\\/#website\",\"url\":\"https:\\\/\\\/kuzeyinsesi.org\\\/\",\"name\":\"Kuzeyin Sesi\",\"description\":\"Do\u011fru Haberin Adresi\",\"potentialAction\":[{\"@type\":\"SearchAction\",\"target\":{\"@type\":\"EntryPoint\",\"urlTemplate\":\"https:\\\/\\\/kuzeyinsesi.org\\\/?s={search_term_string}\"},\"query-input\":{\"@type\":\"PropertyValueSpecification\",\"valueRequired\":true,\"valueName\":\"search_term_string\"}}],\"inLanguage\":\"tr\"},{\"@type\":\"Person\",\"@id\":\"https:\\\/\\\/kuzeyinsesi.org\\\/#\\\/schema\\\/person\\\/9f859689cdf01485597712386e37f5aa\",\"name\":\"Kuzeyin Sesi\",\"image\":{\"@type\":\"ImageObject\",\"inLanguage\":\"tr\",\"@id\":\"https:\\\/\\\/secure.gravatar.com\\\/avatar\\\/bab33852abfd8b282518d6ed81826833d77c3c882d9ab608add591ccace47a44?s=96&d=mm&r=g\",\"url\":\"https:\\\/\\\/secure.gravatar.com\\\/avatar\\\/bab33852abfd8b282518d6ed81826833d77c3c882d9ab608add591ccace47a44?s=96&d=mm&r=g\",\"contentUrl\":\"https:\\\/\\\/secure.gravatar.com\\\/avatar\\\/bab33852abfd8b282518d6ed81826833d77c3c882d9ab608add591ccace47a44?s=96&d=mm&r=g\",\"caption\":\"Kuzeyin Sesi\"},\"sameAs\":[\"https:\\\/\\\/kuzeyinsesi.org\"],\"url\":\"https:\\\/\\\/kuzeyinsesi.org\\\/index.php\\\/author\\\/guven\\\/\"}]}<\/script>\n<!-- \/ Yoast SEO plugin. -->","yoast_head_json":{"title":"KKTC Bak\u00fc T\u00fcrkoloji Kurultay\u0131 anma toplant\u0131s\u0131nda temsil edildi - Kuzeyin Sesi","robots":{"index":"index","follow":"follow","max-snippet":"max-snippet:-1","max-image-preview":"max-image-preview:large","max-video-preview":"max-video-preview:-1"},"canonical":"https:\/\/kuzeyinsesi.org\/index.php\/2026\/02\/28\/kktc-baku-turkoloji-kurultayi-anma-toplantisinda-temsil-edildi\/","og_locale":"tr_TR","og_type":"article","og_title":"KKTC Bak\u00fc T\u00fcrkoloji Kurultay\u0131 anma toplant\u0131s\u0131nda temsil edildi - Kuzeyin Sesi","og_description":"Atat\u00fcrk \u00d6\u011fretmen Akademisi\u2019nden yap\u0131lan a\u00e7\u0131klamaya g\u00f6re, T\u00fcrk Dil Kurumu, Yunus Emre Enstit\u00fcs\u00fc, Marmara \u00dcniversitesi T\u00fcrkiyat Ara\u015ft\u0131rmalar\u0131 Enstit\u00fcs\u00fc, Hazar \u00dcniversitesi ve Azerbaycan Mill\u00ee \u0130limler Akademisinin i\u015f birli\u011fiyle d\u00fczenlenen \u201c100. Y\u0131l\u0131nda Bak\u00fc T\u00fcrkoloji Kurultay\u0131 Anma Toplant\u0131s\u0131\u201d, 27-28 \u015eubat 2026 tarihlerinde Bak\u00fc\u2019de d\u00fczenlendi. Toplant\u0131ya T\u00fcrk d\u00fcnyas\u0131n\u0131n d\u00f6rt bir yan\u0131ndan 60\u2019tan fazla T\u00fcrkolog kat\u0131ld\u0131. KKTC Bak\u00fc T\u00fcrkoloji Kurultay\u0131 anma [&hellip;]","og_url":"https:\/\/kuzeyinsesi.org\/index.php\/2026\/02\/28\/kktc-baku-turkoloji-kurultayi-anma-toplantisinda-temsil-edildi\/","og_site_name":"Kuzeyin Sesi","article_publisher":"https:\/\/www.facebook.com\/kuzeyinsesii","article_published_time":"2026-02-28T14:13:45+00:00","author":"Kuzeyin Sesi","twitter_card":"summary_large_image","twitter_creator":"@kuzeyinsesii","twitter_site":"@kuzeyinsesii","twitter_misc":{"Yazan:":"Kuzeyin Sesi"},"schema":{"@context":"https:\/\/schema.org","@graph":[{"@type":"Article","@id":"https:\/\/kuzeyinsesi.org\/index.php\/2026\/02\/28\/kktc-baku-turkoloji-kurultayi-anma-toplantisinda-temsil-edildi\/#article","isPartOf":{"@id":"https:\/\/kuzeyinsesi.org\/index.php\/2026\/02\/28\/kktc-baku-turkoloji-kurultayi-anma-toplantisinda-temsil-edildi\/"},"author":{"name":"Kuzeyin Sesi","@id":"https:\/\/kuzeyinsesi.org\/#\/schema\/person\/9f859689cdf01485597712386e37f5aa"},"headline":"KKTC Bak\u00fc T\u00fcrkoloji Kurultay\u0131 anma toplant\u0131s\u0131nda temsil edildi","datePublished":"2026-02-28T14:13:45+00:00","mainEntityOfPage":{"@id":"https:\/\/kuzeyinsesi.org\/index.php\/2026\/02\/28\/kktc-baku-turkoloji-kurultayi-anma-toplantisinda-temsil-edildi\/"},"wordCount":109,"commentCount":0,"image":{"@id":"https:\/\/kuzeyinsesi.org\/index.php\/2026\/02\/28\/kktc-baku-turkoloji-kurultayi-anma-toplantisinda-temsil-edildi\/#primaryimage"},"thumbnailUrl":"https:\/\/kuzeyinsesi.org\/wp-content\/uploads\/2026\/02\/1772286645294ab589222-e8e1-4e5f-9732-6a71b6c52010.jpeg","articleSection":["K\u0131br\u0131s"],"inLanguage":"tr","potentialAction":[{"@type":"CommentAction","name":"Comment","target":["https:\/\/kuzeyinsesi.org\/index.php\/2026\/02\/28\/kktc-baku-turkoloji-kurultayi-anma-toplantisinda-temsil-edildi\/#respond"]}]},{"@type":"WebPage","@id":"https:\/\/kuzeyinsesi.org\/index.php\/2026\/02\/28\/kktc-baku-turkoloji-kurultayi-anma-toplantisinda-temsil-edildi\/","url":"https:\/\/kuzeyinsesi.org\/index.php\/2026\/02\/28\/kktc-baku-turkoloji-kurultayi-anma-toplantisinda-temsil-edildi\/","name":"KKTC Bak\u00fc T\u00fcrkoloji Kurultay\u0131 anma toplant\u0131s\u0131nda temsil edildi - Kuzeyin Sesi","isPartOf":{"@id":"https:\/\/kuzeyinsesi.org\/#website"},"primaryImageOfPage":{"@id":"https:\/\/kuzeyinsesi.org\/index.php\/2026\/02\/28\/kktc-baku-turkoloji-kurultayi-anma-toplantisinda-temsil-edildi\/#primaryimage"},"image":{"@id":"https:\/\/kuzeyinsesi.org\/index.php\/2026\/02\/28\/kktc-baku-turkoloji-kurultayi-anma-toplantisinda-temsil-edildi\/#primaryimage"},"thumbnailUrl":"https:\/\/kuzeyinsesi.org\/wp-content\/uploads\/2026\/02\/1772286645294ab589222-e8e1-4e5f-9732-6a71b6c52010.jpeg","datePublished":"2026-02-28T14:13:45+00:00","author":{"@id":"https:\/\/kuzeyinsesi.org\/#\/schema\/person\/9f859689cdf01485597712386e37f5aa"},"breadcrumb":{"@id":"https:\/\/kuzeyinsesi.org\/index.php\/2026\/02\/28\/kktc-baku-turkoloji-kurultayi-anma-toplantisinda-temsil-edildi\/#breadcrumb"},"inLanguage":"tr","potentialAction":[{"@type":"ReadAction","target":["https:\/\/kuzeyinsesi.org\/index.php\/2026\/02\/28\/kktc-baku-turkoloji-kurultayi-anma-toplantisinda-temsil-edildi\/"]}]},{"@type":"ImageObject","inLanguage":"tr","@id":"https:\/\/kuzeyinsesi.org\/index.php\/2026\/02\/28\/kktc-baku-turkoloji-kurultayi-anma-toplantisinda-temsil-edildi\/#primaryimage","url":"https:\/\/kuzeyinsesi.org\/wp-content\/uploads\/2026\/02\/1772286645294ab589222-e8e1-4e5f-9732-6a71b6c52010.jpeg","contentUrl":"https:\/\/kuzeyinsesi.org\/wp-content\/uploads\/2026\/02\/1772286645294ab589222-e8e1-4e5f-9732-6a71b6c52010.jpeg","width":1600,"height":1138},{"@type":"BreadcrumbList","@id":"https:\/\/kuzeyinsesi.org\/index.php\/2026\/02\/28\/kktc-baku-turkoloji-kurultayi-anma-toplantisinda-temsil-edildi\/#breadcrumb","itemListElement":[{"@type":"ListItem","position":1,"name":"Anasayfa","item":"https:\/\/kuzeyinsesi.org\/"},{"@type":"ListItem","position":2,"name":"KKTC Bak\u00fc T\u00fcrkoloji Kurultay\u0131 anma toplant\u0131s\u0131nda temsil edildi"}]},{"@type":"WebSite","@id":"https:\/\/kuzeyinsesi.org\/#website","url":"https:\/\/kuzeyinsesi.org\/","name":"Kuzeyin Sesi","description":"Do\u011fru Haberin Adresi","potentialAction":[{"@type":"SearchAction","target":{"@type":"EntryPoint","urlTemplate":"https:\/\/kuzeyinsesi.org\/?s={search_term_string}"},"query-input":{"@type":"PropertyValueSpecification","valueRequired":true,"valueName":"search_term_string"}}],"inLanguage":"tr"},{"@type":"Person","@id":"https:\/\/kuzeyinsesi.org\/#\/schema\/person\/9f859689cdf01485597712386e37f5aa","name":"Kuzeyin Sesi","image":{"@type":"ImageObject","inLanguage":"tr","@id":"https:\/\/secure.gravatar.com\/avatar\/bab33852abfd8b282518d6ed81826833d77c3c882d9ab608add591ccace47a44?s=96&d=mm&r=g","url":"https:\/\/secure.gravatar.com\/avatar\/bab33852abfd8b282518d6ed81826833d77c3c882d9ab608add591ccace47a44?s=96&d=mm&r=g","contentUrl":"https:\/\/secure.gravatar.com\/avatar\/bab33852abfd8b282518d6ed81826833d77c3c882d9ab608add591ccace47a44?s=96&d=mm&r=g","caption":"Kuzeyin Sesi"},"sameAs":["https:\/\/kuzeyinsesi.org"],"url":"https:\/\/kuzeyinsesi.org\/index.php\/author\/guven\/"}]}},"_links":{"self":[{"href":"https:\/\/kuzeyinsesi.org\/index.php\/wp-json\/wp\/v2\/posts\/36057","targetHints":{"allow":["GET"]}}],"collection":[{"href":"https:\/\/kuzeyinsesi.org\/index.php\/wp-json\/wp\/v2\/posts"}],"about":[{"href":"https:\/\/kuzeyinsesi.org\/index.php\/wp-json\/wp\/v2\/types\/post"}],"author":[{"embeddable":true,"href":"https:\/\/kuzeyinsesi.org\/index.php\/wp-json\/wp\/v2\/users\/1"}],"replies":[{"embeddable":true,"href":"https:\/\/kuzeyinsesi.org\/index.php\/wp-json\/wp\/v2\/comments?post=36057"}],"version-history":[{"count":0,"href":"https:\/\/kuzeyinsesi.org\/index.php\/wp-json\/wp\/v2\/posts\/36057\/revisions"}],"wp:featuredmedia":[{"embeddable":true,"href":"https:\/\/kuzeyinsesi.org\/index.php\/wp-json\/wp\/v2\/media\/36058"}],"wp:attachment":[{"href":"https:\/\/kuzeyinsesi.org\/index.php\/wp-json\/wp\/v2\/media?parent=36057"}],"wp:term":[{"taxonomy":"category","embeddable":true,"href":"https:\/\/kuzeyinsesi.org\/index.php\/wp-json\/wp\/v2\/categories?post=36057"},{"taxonomy":"post_tag","embeddable":true,"href":"https:\/\/kuzeyinsesi.org\/index.php\/wp-json\/wp\/v2\/tags?post=36057"}],"curies":[{"name":"wp","href":"https:\/\/api.w.org\/{rel}","templated":true}]}}