{"id":36055,"date":"2026-02-28T15:55:30","date_gmt":"2026-02-28T13:55:30","guid":{"rendered":"https:\/\/kuzeyinsesi.org\/index.php\/2026\/02\/28\/fidan-iran-irak-suudi-arabistan-katar-suriye-misir-ve-endonezyali-mevkidaslariyla-telefonda-gorustu\/"},"modified":"2026-02-28T15:55:30","modified_gmt":"2026-02-28T13:55:30","slug":"fidan-iran-irak-suudi-arabistan-katar-suriye-misir-ve-endonezyali-mevkidaslariyla-telefonda-gorustu","status":"publish","type":"post","link":"https:\/\/kuzeyinsesi.org\/index.php\/2026\/02\/28\/fidan-iran-irak-suudi-arabistan-katar-suriye-misir-ve-endonezyali-mevkidaslariyla-telefonda-gorustu\/","title":{"rendered":"Fidan, \u0130ran, Irak, Suudi Arabistan, Katar, Suriye, M\u0131s\u0131r ve Endonezyal\u0131 mevkida\u015flar\u0131yla telefonda g\u00f6r\u00fc\u015ft\u00fc"},"content":{"rendered":"<p style=\"font-weight: 300\"><span style=\"font-weight: 300 !important\">TC D\u0131\u015fi\u015fleri Bakanl\u0131\u011f\u0131 kaynaklar\u0131ndan edinilen bilgiye g\u00f6re,\u00a0Fidan, bir\u00e7ok mevkida\u015f\u0131yla telefonda g\u00f6r\u00fc\u015ft\u00fc.<\/span><\/p>\n<p style=\"font-weight: 300\"><span style=\"font-weight: 300 !important\">Fidan, \u0130ran, Irak, Suudi Arabistan, Katar, Suriye, M\u0131s\u0131r ve Endonezya d\u0131\u015fi\u015fleri bakanlar\u0131 ile telefon g\u00f6r\u00fc\u015fmeleri ger\u00e7ekle\u015ftirdi.<\/span><\/p>\n<p style=\"font-weight: 300\"><span style=\"font-weight: 300 !important\">G\u00f6r\u00fc\u015fmelerde, b\u00f6lgede bug\u00fcn ya\u015fanan geli\u015fmeler ele al\u0131nd\u0131 ve sald\u0131r\u0131lar\u0131n sona ermesi amac\u0131yla at\u0131labilecek ad\u0131mlar de\u011ferlendirildi.<\/span><\/p>\n<p>Fidan, \u0130ran, Irak, Suudi Arabistan, Katar, Suriye, M\u0131s\u0131r ve Endonezyal\u0131 mevkida\u015flar\u0131yla telefonda g\u00f6r\u00fc\u015ft\u00fc yaz\u0131s\u0131 ilk \u00f6nce K\u0131br\u0131s Hakikat \u00fczerinde ortaya \u00e7\u0131kt\u0131.<\/p>\n","protected":false},"excerpt":{"rendered":"<p>TC D\u0131\u015fi\u015fleri Bakanl\u0131\u011f\u0131 kaynaklar\u0131ndan edinilen bilgiye g\u00f6re,\u00a0Fidan, bir\u00e7ok mevkida\u015f\u0131yla telefonda g\u00f6r\u00fc\u015ft\u00fc. Fidan, \u0130ran, Irak, Suudi Arabistan, Katar, Suriye, M\u0131s\u0131r ve Endonezya d\u0131\u015fi\u015fleri bakanlar\u0131 ile telefon g\u00f6r\u00fc\u015fmeleri ger\u00e7ekle\u015ftirdi. G\u00f6r\u00fc\u015fmelerde, b\u00f6lgede bug\u00fcn ya\u015fanan geli\u015fmeler ele al\u0131nd\u0131 ve sald\u0131r\u0131lar\u0131n sona ermesi amac\u0131yla at\u0131labilecek ad\u0131mlar de\u011ferlendirildi. Fidan, \u0130ran, Irak, Suudi Arabistan, Katar, Suriye, M\u0131s\u0131r ve Endonezyal\u0131 mevkida\u015flar\u0131yla telefonda g\u00f6r\u00fc\u015ft\u00fc [&hellip;]<\/p>\n","protected":false},"author":1,"featured_media":36056,"comment_status":"open","ping_status":"open","sticky":false,"template":"","format":"standard","meta":{"jnews-multi-image_gallery":[],"jnews_single_post":[],"jnews_primary_category":[],"jnews_social_meta":[],"jnews_override_counter":[],"footnotes":""},"categories":[1],"tags":[],"class_list":["post-36055","post","type-post","status-publish","format-standard","has-post-thumbnail","hentry","category-kibris"],"yoast_head":"<!-- This site is optimized with the Yoast SEO plugin v27.5 - https:\/\/yoast.com\/product\/yoast-seo-wordpress\/ -->\n<title>Fidan, \u0130ran, Irak, Suudi Arabistan, Katar, Suriye, M\u0131s\u0131r ve Endonezyal\u0131 mevkida\u015flar\u0131yla telefonda g\u00f6r\u00fc\u015ft\u00fc - Kuzeyin Sesi<\/title>\n<meta name=\"robots\" content=\"index, follow, max-snippet:-1, max-image-preview:large, max-video-preview:-1\" \/>\n<link rel=\"canonical\" href=\"https:\/\/kuzeyinsesi.org\/index.php\/2026\/02\/28\/fidan-iran-irak-suudi-arabistan-katar-suriye-misir-ve-endonezyali-mevkidaslariyla-telefonda-gorustu\/\" \/>\n<meta property=\"og:locale\" content=\"tr_TR\" \/>\n<meta property=\"og:type\" content=\"article\" \/>\n<meta property=\"og:title\" content=\"Fidan, \u0130ran, Irak, Suudi Arabistan, Katar, Suriye, M\u0131s\u0131r ve Endonezyal\u0131 mevkida\u015flar\u0131yla telefonda g\u00f6r\u00fc\u015ft\u00fc - Kuzeyin Sesi\" \/>\n<meta property=\"og:description\" content=\"TC D\u0131\u015fi\u015fleri Bakanl\u0131\u011f\u0131 kaynaklar\u0131ndan edinilen bilgiye g\u00f6re,\u00a0Fidan, bir\u00e7ok mevkida\u015f\u0131yla telefonda g\u00f6r\u00fc\u015ft\u00fc. Fidan, \u0130ran, Irak, Suudi Arabistan, Katar, Suriye, M\u0131s\u0131r ve Endonezya d\u0131\u015fi\u015fleri bakanlar\u0131 ile telefon g\u00f6r\u00fc\u015fmeleri ger\u00e7ekle\u015ftirdi. G\u00f6r\u00fc\u015fmelerde, b\u00f6lgede bug\u00fcn ya\u015fanan geli\u015fmeler ele al\u0131nd\u0131 ve sald\u0131r\u0131lar\u0131n sona ermesi amac\u0131yla at\u0131labilecek ad\u0131mlar de\u011ferlendirildi. Fidan, \u0130ran, Irak, Suudi Arabistan, Katar, Suriye, M\u0131s\u0131r ve Endonezyal\u0131 mevkida\u015flar\u0131yla telefonda g\u00f6r\u00fc\u015ft\u00fc [&hellip;]\" \/>\n<meta property=\"og:url\" content=\"https:\/\/kuzeyinsesi.org\/index.php\/2026\/02\/28\/fidan-iran-irak-suudi-arabistan-katar-suriye-misir-ve-endonezyali-mevkidaslariyla-telefonda-gorustu\/\" \/>\n<meta property=\"og:site_name\" content=\"Kuzeyin Sesi\" \/>\n<meta property=\"article:publisher\" content=\"https:\/\/www.facebook.com\/kuzeyinsesii\" \/>\n<meta property=\"article:published_time\" content=\"2026-02-28T13:55:30+00:00\" \/>\n<meta name=\"author\" content=\"Kuzeyin Sesi\" \/>\n<meta name=\"twitter:card\" content=\"summary_large_image\" \/>\n<meta name=\"twitter:creator\" content=\"@kuzeyinsesii\" \/>\n<meta name=\"twitter:site\" content=\"@kuzeyinsesii\" \/>\n<meta name=\"twitter:label1\" content=\"Yazan:\" \/>\n\t<meta name=\"twitter:data1\" content=\"Kuzeyin Sesi\" \/>\n\t<meta name=\"twitter:label2\" content=\"Tahmini okuma s\u00fcresi\" \/>\n\t<meta name=\"twitter:data2\" content=\"1 dakika\" \/>\n<script type=\"application\/ld+json\" class=\"yoast-schema-graph\">{\"@context\":\"https:\\\/\\\/schema.org\",\"@graph\":[{\"@type\":\"Article\",\"@id\":\"https:\\\/\\\/kuzeyinsesi.org\\\/index.php\\\/2026\\\/02\\\/28\\\/fidan-iran-irak-suudi-arabistan-katar-suriye-misir-ve-endonezyali-mevkidaslariyla-telefonda-gorustu\\\/#article\",\"isPartOf\":{\"@id\":\"https:\\\/\\\/kuzeyinsesi.org\\\/index.php\\\/2026\\\/02\\\/28\\\/fidan-iran-irak-suudi-arabistan-katar-suriye-misir-ve-endonezyali-mevkidaslariyla-telefonda-gorustu\\\/\"},\"author\":{\"name\":\"Kuzeyin Sesi\",\"@id\":\"https:\\\/\\\/kuzeyinsesi.org\\\/#\\\/schema\\\/person\\\/9f859689cdf01485597712386e37f5aa\"},\"headline\":\"Fidan, \u0130ran, Irak, Suudi Arabistan, Katar, Suriye, M\u0131s\u0131r ve Endonezyal\u0131 mevkida\u015flar\u0131yla telefonda g\u00f6r\u00fc\u015ft\u00fc\",\"datePublished\":\"2026-02-28T13:55:30+00:00\",\"mainEntityOfPage\":{\"@id\":\"https:\\\/\\\/kuzeyinsesi.org\\\/index.php\\\/2026\\\/02\\\/28\\\/fidan-iran-irak-suudi-arabistan-katar-suriye-misir-ve-endonezyali-mevkidaslariyla-telefonda-gorustu\\\/\"},\"wordCount\":122,\"commentCount\":0,\"image\":{\"@id\":\"https:\\\/\\\/kuzeyinsesi.org\\\/index.php\\\/2026\\\/02\\\/28\\\/fidan-iran-irak-suudi-arabistan-katar-suriye-misir-ve-endonezyali-mevkidaslariyla-telefonda-gorustu\\\/#primaryimage\"},\"thumbnailUrl\":\"https:\\\/\\\/kuzeyinsesi.org\\\/wp-content\\\/uploads\\\/2026\\\/02\\\/1772285734439thumbs_b_c_46a69d243d5a7dc2ccdc340dc4a45a90.jpg\",\"articleSection\":[\"K\u0131br\u0131s\"],\"inLanguage\":\"tr\",\"potentialAction\":[{\"@type\":\"CommentAction\",\"name\":\"Comment\",\"target\":[\"https:\\\/\\\/kuzeyinsesi.org\\\/index.php\\\/2026\\\/02\\\/28\\\/fidan-iran-irak-suudi-arabistan-katar-suriye-misir-ve-endonezyali-mevkidaslariyla-telefonda-gorustu\\\/#respond\"]}]},{\"@type\":\"WebPage\",\"@id\":\"https:\\\/\\\/kuzeyinsesi.org\\\/index.php\\\/2026\\\/02\\\/28\\\/fidan-iran-irak-suudi-arabistan-katar-suriye-misir-ve-endonezyali-mevkidaslariyla-telefonda-gorustu\\\/\",\"url\":\"https:\\\/\\\/kuzeyinsesi.org\\\/index.php\\\/2026\\\/02\\\/28\\\/fidan-iran-irak-suudi-arabistan-katar-suriye-misir-ve-endonezyali-mevkidaslariyla-telefonda-gorustu\\\/\",\"name\":\"Fidan, \u0130ran, Irak, Suudi Arabistan, Katar, Suriye, M\u0131s\u0131r ve Endonezyal\u0131 mevkida\u015flar\u0131yla telefonda g\u00f6r\u00fc\u015ft\u00fc - Kuzeyin Sesi\",\"isPartOf\":{\"@id\":\"https:\\\/\\\/kuzeyinsesi.org\\\/#website\"},\"primaryImageOfPage\":{\"@id\":\"https:\\\/\\\/kuzeyinsesi.org\\\/index.php\\\/2026\\\/02\\\/28\\\/fidan-iran-irak-suudi-arabistan-katar-suriye-misir-ve-endonezyali-mevkidaslariyla-telefonda-gorustu\\\/#primaryimage\"},\"image\":{\"@id\":\"https:\\\/\\\/kuzeyinsesi.org\\\/index.php\\\/2026\\\/02\\\/28\\\/fidan-iran-irak-suudi-arabistan-katar-suriye-misir-ve-endonezyali-mevkidaslariyla-telefonda-gorustu\\\/#primaryimage\"},\"thumbnailUrl\":\"https:\\\/\\\/kuzeyinsesi.org\\\/wp-content\\\/uploads\\\/2026\\\/02\\\/1772285734439thumbs_b_c_46a69d243d5a7dc2ccdc340dc4a45a90.jpg\",\"datePublished\":\"2026-02-28T13:55:30+00:00\",\"author\":{\"@id\":\"https:\\\/\\\/kuzeyinsesi.org\\\/#\\\/schema\\\/person\\\/9f859689cdf01485597712386e37f5aa\"},\"breadcrumb\":{\"@id\":\"https:\\\/\\\/kuzeyinsesi.org\\\/index.php\\\/2026\\\/02\\\/28\\\/fidan-iran-irak-suudi-arabistan-katar-suriye-misir-ve-endonezyali-mevkidaslariyla-telefonda-gorustu\\\/#breadcrumb\"},\"inLanguage\":\"tr\",\"potentialAction\":[{\"@type\":\"ReadAction\",\"target\":[\"https:\\\/\\\/kuzeyinsesi.org\\\/index.php\\\/2026\\\/02\\\/28\\\/fidan-iran-irak-suudi-arabistan-katar-suriye-misir-ve-endonezyali-mevkidaslariyla-telefonda-gorustu\\\/\"]}]},{\"@type\":\"ImageObject\",\"inLanguage\":\"tr\",\"@id\":\"https:\\\/\\\/kuzeyinsesi.org\\\/index.php\\\/2026\\\/02\\\/28\\\/fidan-iran-irak-suudi-arabistan-katar-suriye-misir-ve-endonezyali-mevkidaslariyla-telefonda-gorustu\\\/#primaryimage\",\"url\":\"https:\\\/\\\/kuzeyinsesi.org\\\/wp-content\\\/uploads\\\/2026\\\/02\\\/1772285734439thumbs_b_c_46a69d243d5a7dc2ccdc340dc4a45a90.jpg\",\"contentUrl\":\"https:\\\/\\\/kuzeyinsesi.org\\\/wp-content\\\/uploads\\\/2026\\\/02\\\/1772285734439thumbs_b_c_46a69d243d5a7dc2ccdc340dc4a45a90.jpg\",\"width\":864,\"height\":486},{\"@type\":\"BreadcrumbList\",\"@id\":\"https:\\\/\\\/kuzeyinsesi.org\\\/index.php\\\/2026\\\/02\\\/28\\\/fidan-iran-irak-suudi-arabistan-katar-suriye-misir-ve-endonezyali-mevkidaslariyla-telefonda-gorustu\\\/#breadcrumb\",\"itemListElement\":[{\"@type\":\"ListItem\",\"position\":1,\"name\":\"Anasayfa\",\"item\":\"https:\\\/\\\/kuzeyinsesi.org\\\/\"},{\"@type\":\"ListItem\",\"position\":2,\"name\":\"Fidan, \u0130ran, Irak, Suudi Arabistan, Katar, Suriye, M\u0131s\u0131r ve Endonezyal\u0131 mevkida\u015flar\u0131yla telefonda g\u00f6r\u00fc\u015ft\u00fc\"}]},{\"@type\":\"WebSite\",\"@id\":\"https:\\\/\\\/kuzeyinsesi.org\\\/#website\",\"url\":\"https:\\\/\\\/kuzeyinsesi.org\\\/\",\"name\":\"Kuzeyin Sesi\",\"description\":\"Do\u011fru Haberin Adresi\",\"potentialAction\":[{\"@type\":\"SearchAction\",\"target\":{\"@type\":\"EntryPoint\",\"urlTemplate\":\"https:\\\/\\\/kuzeyinsesi.org\\\/?s={search_term_string}\"},\"query-input\":{\"@type\":\"PropertyValueSpecification\",\"valueRequired\":true,\"valueName\":\"search_term_string\"}}],\"inLanguage\":\"tr\"},{\"@type\":\"Person\",\"@id\":\"https:\\\/\\\/kuzeyinsesi.org\\\/#\\\/schema\\\/person\\\/9f859689cdf01485597712386e37f5aa\",\"name\":\"Kuzeyin Sesi\",\"image\":{\"@type\":\"ImageObject\",\"inLanguage\":\"tr\",\"@id\":\"https:\\\/\\\/secure.gravatar.com\\\/avatar\\\/bab33852abfd8b282518d6ed81826833d77c3c882d9ab608add591ccace47a44?s=96&d=mm&r=g\",\"url\":\"https:\\\/\\\/secure.gravatar.com\\\/avatar\\\/bab33852abfd8b282518d6ed81826833d77c3c882d9ab608add591ccace47a44?s=96&d=mm&r=g\",\"contentUrl\":\"https:\\\/\\\/secure.gravatar.com\\\/avatar\\\/bab33852abfd8b282518d6ed81826833d77c3c882d9ab608add591ccace47a44?s=96&d=mm&r=g\",\"caption\":\"Kuzeyin Sesi\"},\"sameAs\":[\"https:\\\/\\\/kuzeyinsesi.org\"],\"url\":\"https:\\\/\\\/kuzeyinsesi.org\\\/index.php\\\/author\\\/guven\\\/\"}]}<\/script>\n<!-- \/ Yoast SEO plugin. -->","yoast_head_json":{"title":"Fidan, \u0130ran, Irak, Suudi Arabistan, Katar, Suriye, M\u0131s\u0131r ve Endonezyal\u0131 mevkida\u015flar\u0131yla telefonda g\u00f6r\u00fc\u015ft\u00fc - Kuzeyin Sesi","robots":{"index":"index","follow":"follow","max-snippet":"max-snippet:-1","max-image-preview":"max-image-preview:large","max-video-preview":"max-video-preview:-1"},"canonical":"https:\/\/kuzeyinsesi.org\/index.php\/2026\/02\/28\/fidan-iran-irak-suudi-arabistan-katar-suriye-misir-ve-endonezyali-mevkidaslariyla-telefonda-gorustu\/","og_locale":"tr_TR","og_type":"article","og_title":"Fidan, \u0130ran, Irak, Suudi Arabistan, Katar, Suriye, M\u0131s\u0131r ve Endonezyal\u0131 mevkida\u015flar\u0131yla telefonda g\u00f6r\u00fc\u015ft\u00fc - Kuzeyin Sesi","og_description":"TC D\u0131\u015fi\u015fleri Bakanl\u0131\u011f\u0131 kaynaklar\u0131ndan edinilen bilgiye g\u00f6re,\u00a0Fidan, bir\u00e7ok mevkida\u015f\u0131yla telefonda g\u00f6r\u00fc\u015ft\u00fc. Fidan, \u0130ran, Irak, Suudi Arabistan, Katar, Suriye, M\u0131s\u0131r ve Endonezya d\u0131\u015fi\u015fleri bakanlar\u0131 ile telefon g\u00f6r\u00fc\u015fmeleri ger\u00e7ekle\u015ftirdi. G\u00f6r\u00fc\u015fmelerde, b\u00f6lgede bug\u00fcn ya\u015fanan geli\u015fmeler ele al\u0131nd\u0131 ve sald\u0131r\u0131lar\u0131n sona ermesi amac\u0131yla at\u0131labilecek ad\u0131mlar de\u011ferlendirildi. Fidan, \u0130ran, Irak, Suudi Arabistan, Katar, Suriye, M\u0131s\u0131r ve Endonezyal\u0131 mevkida\u015flar\u0131yla telefonda g\u00f6r\u00fc\u015ft\u00fc [&hellip;]","og_url":"https:\/\/kuzeyinsesi.org\/index.php\/2026\/02\/28\/fidan-iran-irak-suudi-arabistan-katar-suriye-misir-ve-endonezyali-mevkidaslariyla-telefonda-gorustu\/","og_site_name":"Kuzeyin Sesi","article_publisher":"https:\/\/www.facebook.com\/kuzeyinsesii","article_published_time":"2026-02-28T13:55:30+00:00","author":"Kuzeyin Sesi","twitter_card":"summary_large_image","twitter_creator":"@kuzeyinsesii","twitter_site":"@kuzeyinsesii","twitter_misc":{"Yazan:":"Kuzeyin Sesi","Tahmini okuma s\u00fcresi":"1 dakika"},"schema":{"@context":"https:\/\/schema.org","@graph":[{"@type":"Article","@id":"https:\/\/kuzeyinsesi.org\/index.php\/2026\/02\/28\/fidan-iran-irak-suudi-arabistan-katar-suriye-misir-ve-endonezyali-mevkidaslariyla-telefonda-gorustu\/#article","isPartOf":{"@id":"https:\/\/kuzeyinsesi.org\/index.php\/2026\/02\/28\/fidan-iran-irak-suudi-arabistan-katar-suriye-misir-ve-endonezyali-mevkidaslariyla-telefonda-gorustu\/"},"author":{"name":"Kuzeyin Sesi","@id":"https:\/\/kuzeyinsesi.org\/#\/schema\/person\/9f859689cdf01485597712386e37f5aa"},"headline":"Fidan, \u0130ran, Irak, Suudi Arabistan, Katar, Suriye, M\u0131s\u0131r ve Endonezyal\u0131 mevkida\u015flar\u0131yla telefonda g\u00f6r\u00fc\u015ft\u00fc","datePublished":"2026-02-28T13:55:30+00:00","mainEntityOfPage":{"@id":"https:\/\/kuzeyinsesi.org\/index.php\/2026\/02\/28\/fidan-iran-irak-suudi-arabistan-katar-suriye-misir-ve-endonezyali-mevkidaslariyla-telefonda-gorustu\/"},"wordCount":122,"commentCount":0,"image":{"@id":"https:\/\/kuzeyinsesi.org\/index.php\/2026\/02\/28\/fidan-iran-irak-suudi-arabistan-katar-suriye-misir-ve-endonezyali-mevkidaslariyla-telefonda-gorustu\/#primaryimage"},"thumbnailUrl":"https:\/\/kuzeyinsesi.org\/wp-content\/uploads\/2026\/02\/1772285734439thumbs_b_c_46a69d243d5a7dc2ccdc340dc4a45a90.jpg","articleSection":["K\u0131br\u0131s"],"inLanguage":"tr","potentialAction":[{"@type":"CommentAction","name":"Comment","target":["https:\/\/kuzeyinsesi.org\/index.php\/2026\/02\/28\/fidan-iran-irak-suudi-arabistan-katar-suriye-misir-ve-endonezyali-mevkidaslariyla-telefonda-gorustu\/#respond"]}]},{"@type":"WebPage","@id":"https:\/\/kuzeyinsesi.org\/index.php\/2026\/02\/28\/fidan-iran-irak-suudi-arabistan-katar-suriye-misir-ve-endonezyali-mevkidaslariyla-telefonda-gorustu\/","url":"https:\/\/kuzeyinsesi.org\/index.php\/2026\/02\/28\/fidan-iran-irak-suudi-arabistan-katar-suriye-misir-ve-endonezyali-mevkidaslariyla-telefonda-gorustu\/","name":"Fidan, \u0130ran, Irak, Suudi Arabistan, Katar, Suriye, M\u0131s\u0131r ve Endonezyal\u0131 mevkida\u015flar\u0131yla telefonda g\u00f6r\u00fc\u015ft\u00fc - Kuzeyin Sesi","isPartOf":{"@id":"https:\/\/kuzeyinsesi.org\/#website"},"primaryImageOfPage":{"@id":"https:\/\/kuzeyinsesi.org\/index.php\/2026\/02\/28\/fidan-iran-irak-suudi-arabistan-katar-suriye-misir-ve-endonezyali-mevkidaslariyla-telefonda-gorustu\/#primaryimage"},"image":{"@id":"https:\/\/kuzeyinsesi.org\/index.php\/2026\/02\/28\/fidan-iran-irak-suudi-arabistan-katar-suriye-misir-ve-endonezyali-mevkidaslariyla-telefonda-gorustu\/#primaryimage"},"thumbnailUrl":"https:\/\/kuzeyinsesi.org\/wp-content\/uploads\/2026\/02\/1772285734439thumbs_b_c_46a69d243d5a7dc2ccdc340dc4a45a90.jpg","datePublished":"2026-02-28T13:55:30+00:00","author":{"@id":"https:\/\/kuzeyinsesi.org\/#\/schema\/person\/9f859689cdf01485597712386e37f5aa"},"breadcrumb":{"@id":"https:\/\/kuzeyinsesi.org\/index.php\/2026\/02\/28\/fidan-iran-irak-suudi-arabistan-katar-suriye-misir-ve-endonezyali-mevkidaslariyla-telefonda-gorustu\/#breadcrumb"},"inLanguage":"tr","potentialAction":[{"@type":"ReadAction","target":["https:\/\/kuzeyinsesi.org\/index.php\/2026\/02\/28\/fidan-iran-irak-suudi-arabistan-katar-suriye-misir-ve-endonezyali-mevkidaslariyla-telefonda-gorustu\/"]}]},{"@type":"ImageObject","inLanguage":"tr","@id":"https:\/\/kuzeyinsesi.org\/index.php\/2026\/02\/28\/fidan-iran-irak-suudi-arabistan-katar-suriye-misir-ve-endonezyali-mevkidaslariyla-telefonda-gorustu\/#primaryimage","url":"https:\/\/kuzeyinsesi.org\/wp-content\/uploads\/2026\/02\/1772285734439thumbs_b_c_46a69d243d5a7dc2ccdc340dc4a45a90.jpg","contentUrl":"https:\/\/kuzeyinsesi.org\/wp-content\/uploads\/2026\/02\/1772285734439thumbs_b_c_46a69d243d5a7dc2ccdc340dc4a45a90.jpg","width":864,"height":486},{"@type":"BreadcrumbList","@id":"https:\/\/kuzeyinsesi.org\/index.php\/2026\/02\/28\/fidan-iran-irak-suudi-arabistan-katar-suriye-misir-ve-endonezyali-mevkidaslariyla-telefonda-gorustu\/#breadcrumb","itemListElement":[{"@type":"ListItem","position":1,"name":"Anasayfa","item":"https:\/\/kuzeyinsesi.org\/"},{"@type":"ListItem","position":2,"name":"Fidan, \u0130ran, Irak, Suudi Arabistan, Katar, Suriye, M\u0131s\u0131r ve Endonezyal\u0131 mevkida\u015flar\u0131yla telefonda g\u00f6r\u00fc\u015ft\u00fc"}]},{"@type":"WebSite","@id":"https:\/\/kuzeyinsesi.org\/#website","url":"https:\/\/kuzeyinsesi.org\/","name":"Kuzeyin Sesi","description":"Do\u011fru Haberin Adresi","potentialAction":[{"@type":"SearchAction","target":{"@type":"EntryPoint","urlTemplate":"https:\/\/kuzeyinsesi.org\/?s={search_term_string}"},"query-input":{"@type":"PropertyValueSpecification","valueRequired":true,"valueName":"search_term_string"}}],"inLanguage":"tr"},{"@type":"Person","@id":"https:\/\/kuzeyinsesi.org\/#\/schema\/person\/9f859689cdf01485597712386e37f5aa","name":"Kuzeyin Sesi","image":{"@type":"ImageObject","inLanguage":"tr","@id":"https:\/\/secure.gravatar.com\/avatar\/bab33852abfd8b282518d6ed81826833d77c3c882d9ab608add591ccace47a44?s=96&d=mm&r=g","url":"https:\/\/secure.gravatar.com\/avatar\/bab33852abfd8b282518d6ed81826833d77c3c882d9ab608add591ccace47a44?s=96&d=mm&r=g","contentUrl":"https:\/\/secure.gravatar.com\/avatar\/bab33852abfd8b282518d6ed81826833d77c3c882d9ab608add591ccace47a44?s=96&d=mm&r=g","caption":"Kuzeyin Sesi"},"sameAs":["https:\/\/kuzeyinsesi.org"],"url":"https:\/\/kuzeyinsesi.org\/index.php\/author\/guven\/"}]}},"_links":{"self":[{"href":"https:\/\/kuzeyinsesi.org\/index.php\/wp-json\/wp\/v2\/posts\/36055","targetHints":{"allow":["GET"]}}],"collection":[{"href":"https:\/\/kuzeyinsesi.org\/index.php\/wp-json\/wp\/v2\/posts"}],"about":[{"href":"https:\/\/kuzeyinsesi.org\/index.php\/wp-json\/wp\/v2\/types\/post"}],"author":[{"embeddable":true,"href":"https:\/\/kuzeyinsesi.org\/index.php\/wp-json\/wp\/v2\/users\/1"}],"replies":[{"embeddable":true,"href":"https:\/\/kuzeyinsesi.org\/index.php\/wp-json\/wp\/v2\/comments?post=36055"}],"version-history":[{"count":0,"href":"https:\/\/kuzeyinsesi.org\/index.php\/wp-json\/wp\/v2\/posts\/36055\/revisions"}],"wp:featuredmedia":[{"embeddable":true,"href":"https:\/\/kuzeyinsesi.org\/index.php\/wp-json\/wp\/v2\/media\/36056"}],"wp:attachment":[{"href":"https:\/\/kuzeyinsesi.org\/index.php\/wp-json\/wp\/v2\/media?parent=36055"}],"wp:term":[{"taxonomy":"category","embeddable":true,"href":"https:\/\/kuzeyinsesi.org\/index.php\/wp-json\/wp\/v2\/categories?post=36055"},{"taxonomy":"post_tag","embeddable":true,"href":"https:\/\/kuzeyinsesi.org\/index.php\/wp-json\/wp\/v2\/tags?post=36055"}],"curies":[{"name":"wp","href":"https:\/\/api.w.org\/{rel}","templated":true}]}}