{"id":36053,"date":"2026-02-28T15:23:53","date_gmt":"2026-02-28T13:23:53","guid":{"rendered":"https:\/\/kuzeyinsesi.org\/index.php\/2026\/02\/28\/iran-lubnan-suriye-irak-ve-urdune-yonelik-seferler-pazartesi-gunune-kadar-iptal\/"},"modified":"2026-02-28T15:23:53","modified_gmt":"2026-02-28T13:23:53","slug":"iran-lubnan-suriye-irak-ve-urdune-yonelik-seferler-pazartesi-gunune-kadar-iptal","status":"publish","type":"post","link":"https:\/\/kuzeyinsesi.org\/index.php\/2026\/02\/28\/iran-lubnan-suriye-irak-ve-urdune-yonelik-seferler-pazartesi-gunune-kadar-iptal\/","title":{"rendered":"\u0130ran, L\u00fcbnan, Suriye, Irak ve \u00dcrd\u00fcn\u2019e y\u00f6nelik seferler Pazartesi g\u00fcn\u00fcne kadar iptal"},"content":{"rendered":"<p style=\"font-weight: 300\"><span style=\"font-weight: 300 !important\">THY\u00a0\u0130leti\u015fim Ba\u015fkan\u0131 Yahya \u00dcst\u00fcn, NSosyal&#8217;deki hesab\u0131ndan yapt\u0131\u011f\u0131 a\u00e7\u0131klamada, &#8220;Orta Do\u011fu&#8217;da baz\u0131 \u00fclke hava sahalar\u0131n\u0131n kapat\u0131lmas\u0131 nedeniyle L\u00fcbnan, Suriye, Irak, \u0130ran ve \u00dcrd\u00fcn&#8217;e y\u00f6nelik seferlerimiz 2 Mart 2026&#8217;ya kadar; Katar, Kuveyt, Bahreyn, Birle\u015fik Arap Emirlikleri ve Umman&#8217;a y\u00f6nelik seferlerimiz ise 28 \u015eubat 2026 i\u00e7in iptal edilmi\u015ftir.&#8221; ifadesini kulland\u0131.<\/span><\/p>\n<p style=\"font-weight: 300\"><span style=\"font-weight: 300 !important\">\u00dcst\u00fcn, hava sahas\u0131ndaki geli\u015fmelerin anl\u0131k takip edildi\u011fini, ilave sefer iptallerinin s\u00f6z konusu olabilece\u011fini kaydetti.<\/span><\/p>\n<p style=\"font-weight: 300\"><span style=\"font-weight: 300 !important\">\u00d6te yandan yolcular\u00a0THY\u00a0u\u00e7u\u015flar\u0131na ili\u015fkin g\u00fcncel bilgilere &#8220;https:\/\/www.turkishairlines.com\/tr-int\/ucak-bileti\/ucus-durumu\/&#8221; internet adresi ba\u011flant\u0131s\u0131ndan ula\u015fabiliyor.<\/span><\/p>\n<p>\u0130ran, L\u00fcbnan, Suriye, Irak ve \u00dcrd\u00fcn&#8217;e y\u00f6nelik seferler Pazartesi g\u00fcn\u00fcne kadar iptal yaz\u0131s\u0131 ilk \u00f6nce K\u0131br\u0131s Hakikat \u00fczerinde ortaya \u00e7\u0131kt\u0131.<\/p>\n","protected":false},"excerpt":{"rendered":"<p>THY\u00a0\u0130leti\u015fim Ba\u015fkan\u0131 Yahya \u00dcst\u00fcn, NSosyal&#8217;deki hesab\u0131ndan yapt\u0131\u011f\u0131 a\u00e7\u0131klamada, &#8220;Orta Do\u011fu&#8217;da baz\u0131 \u00fclke hava sahalar\u0131n\u0131n kapat\u0131lmas\u0131 nedeniyle L\u00fcbnan, Suriye, Irak, \u0130ran ve \u00dcrd\u00fcn&#8217;e y\u00f6nelik seferlerimiz 2 Mart 2026&#8217;ya kadar; Katar, Kuveyt, Bahreyn, Birle\u015fik Arap Emirlikleri ve Umman&#8217;a y\u00f6nelik seferlerimiz ise 28 \u015eubat 2026 i\u00e7in iptal edilmi\u015ftir.&#8221; ifadesini kulland\u0131. \u00dcst\u00fcn, hava sahas\u0131ndaki geli\u015fmelerin anl\u0131k takip edildi\u011fini, ilave [&hellip;]<\/p>\n","protected":false},"author":1,"featured_media":36054,"comment_status":"open","ping_status":"open","sticky":false,"template":"","format":"standard","meta":{"jnews-multi-image_gallery":[],"jnews_single_post":[],"jnews_primary_category":[],"jnews_social_meta":[],"jnews_override_counter":[],"footnotes":""},"categories":[1],"tags":[],"class_list":["post-36053","post","type-post","status-publish","format-standard","has-post-thumbnail","hentry","category-kibris"],"yoast_head":"<!-- This site is optimized with the Yoast SEO plugin v27.5 - https:\/\/yoast.com\/product\/yoast-seo-wordpress\/ -->\n<title>\u0130ran, L\u00fcbnan, Suriye, Irak ve \u00dcrd\u00fcn\u2019e y\u00f6nelik seferler Pazartesi g\u00fcn\u00fcne kadar iptal - Kuzeyin Sesi<\/title>\n<meta name=\"robots\" content=\"index, follow, max-snippet:-1, max-image-preview:large, max-video-preview:-1\" \/>\n<link rel=\"canonical\" href=\"https:\/\/kuzeyinsesi.org\/index.php\/2026\/02\/28\/iran-lubnan-suriye-irak-ve-urdune-yonelik-seferler-pazartesi-gunune-kadar-iptal\/\" \/>\n<meta property=\"og:locale\" content=\"tr_TR\" \/>\n<meta property=\"og:type\" content=\"article\" \/>\n<meta property=\"og:title\" content=\"\u0130ran, L\u00fcbnan, Suriye, Irak ve \u00dcrd\u00fcn\u2019e y\u00f6nelik seferler Pazartesi g\u00fcn\u00fcne kadar iptal - Kuzeyin Sesi\" \/>\n<meta property=\"og:description\" content=\"THY\u00a0\u0130leti\u015fim Ba\u015fkan\u0131 Yahya \u00dcst\u00fcn, NSosyal&#8217;deki hesab\u0131ndan yapt\u0131\u011f\u0131 a\u00e7\u0131klamada, &#8220;Orta Do\u011fu&#8217;da baz\u0131 \u00fclke hava sahalar\u0131n\u0131n kapat\u0131lmas\u0131 nedeniyle L\u00fcbnan, Suriye, Irak, \u0130ran ve \u00dcrd\u00fcn&#8217;e y\u00f6nelik seferlerimiz 2 Mart 2026&#8217;ya kadar; Katar, Kuveyt, Bahreyn, Birle\u015fik Arap Emirlikleri ve Umman&#8217;a y\u00f6nelik seferlerimiz ise 28 \u015eubat 2026 i\u00e7in iptal edilmi\u015ftir.&#8221; ifadesini kulland\u0131. \u00dcst\u00fcn, hava sahas\u0131ndaki geli\u015fmelerin anl\u0131k takip edildi\u011fini, ilave [&hellip;]\" \/>\n<meta property=\"og:url\" content=\"https:\/\/kuzeyinsesi.org\/index.php\/2026\/02\/28\/iran-lubnan-suriye-irak-ve-urdune-yonelik-seferler-pazartesi-gunune-kadar-iptal\/\" \/>\n<meta property=\"og:site_name\" content=\"Kuzeyin Sesi\" \/>\n<meta property=\"article:publisher\" content=\"https:\/\/www.facebook.com\/kuzeyinsesii\" \/>\n<meta property=\"article:published_time\" content=\"2026-02-28T13:23:53+00:00\" \/>\n<meta name=\"author\" content=\"Kuzeyin Sesi\" \/>\n<meta name=\"twitter:card\" content=\"summary_large_image\" \/>\n<meta name=\"twitter:creator\" content=\"@kuzeyinsesii\" \/>\n<meta name=\"twitter:site\" content=\"@kuzeyinsesii\" \/>\n<meta name=\"twitter:label1\" content=\"Yazan:\" \/>\n\t<meta name=\"twitter:data1\" content=\"Kuzeyin Sesi\" \/>\n\t<meta name=\"twitter:label2\" content=\"Tahmini okuma s\u00fcresi\" \/>\n\t<meta name=\"twitter:data2\" content=\"1 dakika\" \/>\n<script type=\"application\/ld+json\" class=\"yoast-schema-graph\">{\"@context\":\"https:\\\/\\\/schema.org\",\"@graph\":[{\"@type\":\"Article\",\"@id\":\"https:\\\/\\\/kuzeyinsesi.org\\\/index.php\\\/2026\\\/02\\\/28\\\/iran-lubnan-suriye-irak-ve-urdune-yonelik-seferler-pazartesi-gunune-kadar-iptal\\\/#article\",\"isPartOf\":{\"@id\":\"https:\\\/\\\/kuzeyinsesi.org\\\/index.php\\\/2026\\\/02\\\/28\\\/iran-lubnan-suriye-irak-ve-urdune-yonelik-seferler-pazartesi-gunune-kadar-iptal\\\/\"},\"author\":{\"name\":\"Kuzeyin Sesi\",\"@id\":\"https:\\\/\\\/kuzeyinsesi.org\\\/#\\\/schema\\\/person\\\/9f859689cdf01485597712386e37f5aa\"},\"headline\":\"\u0130ran, L\u00fcbnan, Suriye, Irak ve \u00dcrd\u00fcn\u2019e y\u00f6nelik seferler Pazartesi g\u00fcn\u00fcne kadar iptal\",\"datePublished\":\"2026-02-28T13:23:53+00:00\",\"mainEntityOfPage\":{\"@id\":\"https:\\\/\\\/kuzeyinsesi.org\\\/index.php\\\/2026\\\/02\\\/28\\\/iran-lubnan-suriye-irak-ve-urdune-yonelik-seferler-pazartesi-gunune-kadar-iptal\\\/\"},\"wordCount\":161,\"commentCount\":0,\"image\":{\"@id\":\"https:\\\/\\\/kuzeyinsesi.org\\\/index.php\\\/2026\\\/02\\\/28\\\/iran-lubnan-suriye-irak-ve-urdune-yonelik-seferler-pazartesi-gunune-kadar-iptal\\\/#primaryimage\"},\"thumbnailUrl\":\"https:\\\/\\\/kuzeyinsesi.org\\\/wp-content\\\/uploads\\\/2026\\\/02\\\/1772278943174thumbs_b_c_a91bfcbd6a5df73bb09d288fe2b599a8.jpg\",\"articleSection\":[\"K\u0131br\u0131s\"],\"inLanguage\":\"tr\",\"potentialAction\":[{\"@type\":\"CommentAction\",\"name\":\"Comment\",\"target\":[\"https:\\\/\\\/kuzeyinsesi.org\\\/index.php\\\/2026\\\/02\\\/28\\\/iran-lubnan-suriye-irak-ve-urdune-yonelik-seferler-pazartesi-gunune-kadar-iptal\\\/#respond\"]}]},{\"@type\":\"WebPage\",\"@id\":\"https:\\\/\\\/kuzeyinsesi.org\\\/index.php\\\/2026\\\/02\\\/28\\\/iran-lubnan-suriye-irak-ve-urdune-yonelik-seferler-pazartesi-gunune-kadar-iptal\\\/\",\"url\":\"https:\\\/\\\/kuzeyinsesi.org\\\/index.php\\\/2026\\\/02\\\/28\\\/iran-lubnan-suriye-irak-ve-urdune-yonelik-seferler-pazartesi-gunune-kadar-iptal\\\/\",\"name\":\"\u0130ran, L\u00fcbnan, Suriye, Irak ve \u00dcrd\u00fcn\u2019e y\u00f6nelik seferler Pazartesi g\u00fcn\u00fcne kadar iptal - Kuzeyin Sesi\",\"isPartOf\":{\"@id\":\"https:\\\/\\\/kuzeyinsesi.org\\\/#website\"},\"primaryImageOfPage\":{\"@id\":\"https:\\\/\\\/kuzeyinsesi.org\\\/index.php\\\/2026\\\/02\\\/28\\\/iran-lubnan-suriye-irak-ve-urdune-yonelik-seferler-pazartesi-gunune-kadar-iptal\\\/#primaryimage\"},\"image\":{\"@id\":\"https:\\\/\\\/kuzeyinsesi.org\\\/index.php\\\/2026\\\/02\\\/28\\\/iran-lubnan-suriye-irak-ve-urdune-yonelik-seferler-pazartesi-gunune-kadar-iptal\\\/#primaryimage\"},\"thumbnailUrl\":\"https:\\\/\\\/kuzeyinsesi.org\\\/wp-content\\\/uploads\\\/2026\\\/02\\\/1772278943174thumbs_b_c_a91bfcbd6a5df73bb09d288fe2b599a8.jpg\",\"datePublished\":\"2026-02-28T13:23:53+00:00\",\"author\":{\"@id\":\"https:\\\/\\\/kuzeyinsesi.org\\\/#\\\/schema\\\/person\\\/9f859689cdf01485597712386e37f5aa\"},\"breadcrumb\":{\"@id\":\"https:\\\/\\\/kuzeyinsesi.org\\\/index.php\\\/2026\\\/02\\\/28\\\/iran-lubnan-suriye-irak-ve-urdune-yonelik-seferler-pazartesi-gunune-kadar-iptal\\\/#breadcrumb\"},\"inLanguage\":\"tr\",\"potentialAction\":[{\"@type\":\"ReadAction\",\"target\":[\"https:\\\/\\\/kuzeyinsesi.org\\\/index.php\\\/2026\\\/02\\\/28\\\/iran-lubnan-suriye-irak-ve-urdune-yonelik-seferler-pazartesi-gunune-kadar-iptal\\\/\"]}]},{\"@type\":\"ImageObject\",\"inLanguage\":\"tr\",\"@id\":\"https:\\\/\\\/kuzeyinsesi.org\\\/index.php\\\/2026\\\/02\\\/28\\\/iran-lubnan-suriye-irak-ve-urdune-yonelik-seferler-pazartesi-gunune-kadar-iptal\\\/#primaryimage\",\"url\":\"https:\\\/\\\/kuzeyinsesi.org\\\/wp-content\\\/uploads\\\/2026\\\/02\\\/1772278943174thumbs_b_c_a91bfcbd6a5df73bb09d288fe2b599a8.jpg\",\"contentUrl\":\"https:\\\/\\\/kuzeyinsesi.org\\\/wp-content\\\/uploads\\\/2026\\\/02\\\/1772278943174thumbs_b_c_a91bfcbd6a5df73bb09d288fe2b599a8.jpg\",\"width\":864,\"height\":486},{\"@type\":\"BreadcrumbList\",\"@id\":\"https:\\\/\\\/kuzeyinsesi.org\\\/index.php\\\/2026\\\/02\\\/28\\\/iran-lubnan-suriye-irak-ve-urdune-yonelik-seferler-pazartesi-gunune-kadar-iptal\\\/#breadcrumb\",\"itemListElement\":[{\"@type\":\"ListItem\",\"position\":1,\"name\":\"Anasayfa\",\"item\":\"https:\\\/\\\/kuzeyinsesi.org\\\/\"},{\"@type\":\"ListItem\",\"position\":2,\"name\":\"\u0130ran, L\u00fcbnan, Suriye, Irak ve \u00dcrd\u00fcn\u2019e y\u00f6nelik seferler Pazartesi g\u00fcn\u00fcne kadar iptal\"}]},{\"@type\":\"WebSite\",\"@id\":\"https:\\\/\\\/kuzeyinsesi.org\\\/#website\",\"url\":\"https:\\\/\\\/kuzeyinsesi.org\\\/\",\"name\":\"Kuzeyin Sesi\",\"description\":\"Do\u011fru Haberin Adresi\",\"potentialAction\":[{\"@type\":\"SearchAction\",\"target\":{\"@type\":\"EntryPoint\",\"urlTemplate\":\"https:\\\/\\\/kuzeyinsesi.org\\\/?s={search_term_string}\"},\"query-input\":{\"@type\":\"PropertyValueSpecification\",\"valueRequired\":true,\"valueName\":\"search_term_string\"}}],\"inLanguage\":\"tr\"},{\"@type\":\"Person\",\"@id\":\"https:\\\/\\\/kuzeyinsesi.org\\\/#\\\/schema\\\/person\\\/9f859689cdf01485597712386e37f5aa\",\"name\":\"Kuzeyin Sesi\",\"image\":{\"@type\":\"ImageObject\",\"inLanguage\":\"tr\",\"@id\":\"https:\\\/\\\/secure.gravatar.com\\\/avatar\\\/bab33852abfd8b282518d6ed81826833d77c3c882d9ab608add591ccace47a44?s=96&d=mm&r=g\",\"url\":\"https:\\\/\\\/secure.gravatar.com\\\/avatar\\\/bab33852abfd8b282518d6ed81826833d77c3c882d9ab608add591ccace47a44?s=96&d=mm&r=g\",\"contentUrl\":\"https:\\\/\\\/secure.gravatar.com\\\/avatar\\\/bab33852abfd8b282518d6ed81826833d77c3c882d9ab608add591ccace47a44?s=96&d=mm&r=g\",\"caption\":\"Kuzeyin Sesi\"},\"sameAs\":[\"https:\\\/\\\/kuzeyinsesi.org\"],\"url\":\"https:\\\/\\\/kuzeyinsesi.org\\\/index.php\\\/author\\\/guven\\\/\"}]}<\/script>\n<!-- \/ Yoast SEO plugin. -->","yoast_head_json":{"title":"\u0130ran, L\u00fcbnan, Suriye, Irak ve \u00dcrd\u00fcn\u2019e y\u00f6nelik seferler Pazartesi g\u00fcn\u00fcne kadar iptal - Kuzeyin Sesi","robots":{"index":"index","follow":"follow","max-snippet":"max-snippet:-1","max-image-preview":"max-image-preview:large","max-video-preview":"max-video-preview:-1"},"canonical":"https:\/\/kuzeyinsesi.org\/index.php\/2026\/02\/28\/iran-lubnan-suriye-irak-ve-urdune-yonelik-seferler-pazartesi-gunune-kadar-iptal\/","og_locale":"tr_TR","og_type":"article","og_title":"\u0130ran, L\u00fcbnan, Suriye, Irak ve \u00dcrd\u00fcn\u2019e y\u00f6nelik seferler Pazartesi g\u00fcn\u00fcne kadar iptal - Kuzeyin Sesi","og_description":"THY\u00a0\u0130leti\u015fim Ba\u015fkan\u0131 Yahya \u00dcst\u00fcn, NSosyal&#8217;deki hesab\u0131ndan yapt\u0131\u011f\u0131 a\u00e7\u0131klamada, &#8220;Orta Do\u011fu&#8217;da baz\u0131 \u00fclke hava sahalar\u0131n\u0131n kapat\u0131lmas\u0131 nedeniyle L\u00fcbnan, Suriye, Irak, \u0130ran ve \u00dcrd\u00fcn&#8217;e y\u00f6nelik seferlerimiz 2 Mart 2026&#8217;ya kadar; Katar, Kuveyt, Bahreyn, Birle\u015fik Arap Emirlikleri ve Umman&#8217;a y\u00f6nelik seferlerimiz ise 28 \u015eubat 2026 i\u00e7in iptal edilmi\u015ftir.&#8221; ifadesini kulland\u0131. \u00dcst\u00fcn, hava sahas\u0131ndaki geli\u015fmelerin anl\u0131k takip edildi\u011fini, ilave [&hellip;]","og_url":"https:\/\/kuzeyinsesi.org\/index.php\/2026\/02\/28\/iran-lubnan-suriye-irak-ve-urdune-yonelik-seferler-pazartesi-gunune-kadar-iptal\/","og_site_name":"Kuzeyin Sesi","article_publisher":"https:\/\/www.facebook.com\/kuzeyinsesii","article_published_time":"2026-02-28T13:23:53+00:00","author":"Kuzeyin Sesi","twitter_card":"summary_large_image","twitter_creator":"@kuzeyinsesii","twitter_site":"@kuzeyinsesii","twitter_misc":{"Yazan:":"Kuzeyin Sesi","Tahmini okuma s\u00fcresi":"1 dakika"},"schema":{"@context":"https:\/\/schema.org","@graph":[{"@type":"Article","@id":"https:\/\/kuzeyinsesi.org\/index.php\/2026\/02\/28\/iran-lubnan-suriye-irak-ve-urdune-yonelik-seferler-pazartesi-gunune-kadar-iptal\/#article","isPartOf":{"@id":"https:\/\/kuzeyinsesi.org\/index.php\/2026\/02\/28\/iran-lubnan-suriye-irak-ve-urdune-yonelik-seferler-pazartesi-gunune-kadar-iptal\/"},"author":{"name":"Kuzeyin Sesi","@id":"https:\/\/kuzeyinsesi.org\/#\/schema\/person\/9f859689cdf01485597712386e37f5aa"},"headline":"\u0130ran, L\u00fcbnan, Suriye, Irak ve \u00dcrd\u00fcn\u2019e y\u00f6nelik seferler Pazartesi g\u00fcn\u00fcne kadar iptal","datePublished":"2026-02-28T13:23:53+00:00","mainEntityOfPage":{"@id":"https:\/\/kuzeyinsesi.org\/index.php\/2026\/02\/28\/iran-lubnan-suriye-irak-ve-urdune-yonelik-seferler-pazartesi-gunune-kadar-iptal\/"},"wordCount":161,"commentCount":0,"image":{"@id":"https:\/\/kuzeyinsesi.org\/index.php\/2026\/02\/28\/iran-lubnan-suriye-irak-ve-urdune-yonelik-seferler-pazartesi-gunune-kadar-iptal\/#primaryimage"},"thumbnailUrl":"https:\/\/kuzeyinsesi.org\/wp-content\/uploads\/2026\/02\/1772278943174thumbs_b_c_a91bfcbd6a5df73bb09d288fe2b599a8.jpg","articleSection":["K\u0131br\u0131s"],"inLanguage":"tr","potentialAction":[{"@type":"CommentAction","name":"Comment","target":["https:\/\/kuzeyinsesi.org\/index.php\/2026\/02\/28\/iran-lubnan-suriye-irak-ve-urdune-yonelik-seferler-pazartesi-gunune-kadar-iptal\/#respond"]}]},{"@type":"WebPage","@id":"https:\/\/kuzeyinsesi.org\/index.php\/2026\/02\/28\/iran-lubnan-suriye-irak-ve-urdune-yonelik-seferler-pazartesi-gunune-kadar-iptal\/","url":"https:\/\/kuzeyinsesi.org\/index.php\/2026\/02\/28\/iran-lubnan-suriye-irak-ve-urdune-yonelik-seferler-pazartesi-gunune-kadar-iptal\/","name":"\u0130ran, L\u00fcbnan, Suriye, Irak ve \u00dcrd\u00fcn\u2019e y\u00f6nelik seferler Pazartesi g\u00fcn\u00fcne kadar iptal - Kuzeyin Sesi","isPartOf":{"@id":"https:\/\/kuzeyinsesi.org\/#website"},"primaryImageOfPage":{"@id":"https:\/\/kuzeyinsesi.org\/index.php\/2026\/02\/28\/iran-lubnan-suriye-irak-ve-urdune-yonelik-seferler-pazartesi-gunune-kadar-iptal\/#primaryimage"},"image":{"@id":"https:\/\/kuzeyinsesi.org\/index.php\/2026\/02\/28\/iran-lubnan-suriye-irak-ve-urdune-yonelik-seferler-pazartesi-gunune-kadar-iptal\/#primaryimage"},"thumbnailUrl":"https:\/\/kuzeyinsesi.org\/wp-content\/uploads\/2026\/02\/1772278943174thumbs_b_c_a91bfcbd6a5df73bb09d288fe2b599a8.jpg","datePublished":"2026-02-28T13:23:53+00:00","author":{"@id":"https:\/\/kuzeyinsesi.org\/#\/schema\/person\/9f859689cdf01485597712386e37f5aa"},"breadcrumb":{"@id":"https:\/\/kuzeyinsesi.org\/index.php\/2026\/02\/28\/iran-lubnan-suriye-irak-ve-urdune-yonelik-seferler-pazartesi-gunune-kadar-iptal\/#breadcrumb"},"inLanguage":"tr","potentialAction":[{"@type":"ReadAction","target":["https:\/\/kuzeyinsesi.org\/index.php\/2026\/02\/28\/iran-lubnan-suriye-irak-ve-urdune-yonelik-seferler-pazartesi-gunune-kadar-iptal\/"]}]},{"@type":"ImageObject","inLanguage":"tr","@id":"https:\/\/kuzeyinsesi.org\/index.php\/2026\/02\/28\/iran-lubnan-suriye-irak-ve-urdune-yonelik-seferler-pazartesi-gunune-kadar-iptal\/#primaryimage","url":"https:\/\/kuzeyinsesi.org\/wp-content\/uploads\/2026\/02\/1772278943174thumbs_b_c_a91bfcbd6a5df73bb09d288fe2b599a8.jpg","contentUrl":"https:\/\/kuzeyinsesi.org\/wp-content\/uploads\/2026\/02\/1772278943174thumbs_b_c_a91bfcbd6a5df73bb09d288fe2b599a8.jpg","width":864,"height":486},{"@type":"BreadcrumbList","@id":"https:\/\/kuzeyinsesi.org\/index.php\/2026\/02\/28\/iran-lubnan-suriye-irak-ve-urdune-yonelik-seferler-pazartesi-gunune-kadar-iptal\/#breadcrumb","itemListElement":[{"@type":"ListItem","position":1,"name":"Anasayfa","item":"https:\/\/kuzeyinsesi.org\/"},{"@type":"ListItem","position":2,"name":"\u0130ran, L\u00fcbnan, Suriye, Irak ve \u00dcrd\u00fcn\u2019e y\u00f6nelik seferler Pazartesi g\u00fcn\u00fcne kadar iptal"}]},{"@type":"WebSite","@id":"https:\/\/kuzeyinsesi.org\/#website","url":"https:\/\/kuzeyinsesi.org\/","name":"Kuzeyin Sesi","description":"Do\u011fru Haberin Adresi","potentialAction":[{"@type":"SearchAction","target":{"@type":"EntryPoint","urlTemplate":"https:\/\/kuzeyinsesi.org\/?s={search_term_string}"},"query-input":{"@type":"PropertyValueSpecification","valueRequired":true,"valueName":"search_term_string"}}],"inLanguage":"tr"},{"@type":"Person","@id":"https:\/\/kuzeyinsesi.org\/#\/schema\/person\/9f859689cdf01485597712386e37f5aa","name":"Kuzeyin Sesi","image":{"@type":"ImageObject","inLanguage":"tr","@id":"https:\/\/secure.gravatar.com\/avatar\/bab33852abfd8b282518d6ed81826833d77c3c882d9ab608add591ccace47a44?s=96&d=mm&r=g","url":"https:\/\/secure.gravatar.com\/avatar\/bab33852abfd8b282518d6ed81826833d77c3c882d9ab608add591ccace47a44?s=96&d=mm&r=g","contentUrl":"https:\/\/secure.gravatar.com\/avatar\/bab33852abfd8b282518d6ed81826833d77c3c882d9ab608add591ccace47a44?s=96&d=mm&r=g","caption":"Kuzeyin Sesi"},"sameAs":["https:\/\/kuzeyinsesi.org"],"url":"https:\/\/kuzeyinsesi.org\/index.php\/author\/guven\/"}]}},"_links":{"self":[{"href":"https:\/\/kuzeyinsesi.org\/index.php\/wp-json\/wp\/v2\/posts\/36053","targetHints":{"allow":["GET"]}}],"collection":[{"href":"https:\/\/kuzeyinsesi.org\/index.php\/wp-json\/wp\/v2\/posts"}],"about":[{"href":"https:\/\/kuzeyinsesi.org\/index.php\/wp-json\/wp\/v2\/types\/post"}],"author":[{"embeddable":true,"href":"https:\/\/kuzeyinsesi.org\/index.php\/wp-json\/wp\/v2\/users\/1"}],"replies":[{"embeddable":true,"href":"https:\/\/kuzeyinsesi.org\/index.php\/wp-json\/wp\/v2\/comments?post=36053"}],"version-history":[{"count":0,"href":"https:\/\/kuzeyinsesi.org\/index.php\/wp-json\/wp\/v2\/posts\/36053\/revisions"}],"wp:featuredmedia":[{"embeddable":true,"href":"https:\/\/kuzeyinsesi.org\/index.php\/wp-json\/wp\/v2\/media\/36054"}],"wp:attachment":[{"href":"https:\/\/kuzeyinsesi.org\/index.php\/wp-json\/wp\/v2\/media?parent=36053"}],"wp:term":[{"taxonomy":"category","embeddable":true,"href":"https:\/\/kuzeyinsesi.org\/index.php\/wp-json\/wp\/v2\/categories?post=36053"},{"taxonomy":"post_tag","embeddable":true,"href":"https:\/\/kuzeyinsesi.org\/index.php\/wp-json\/wp\/v2\/tags?post=36053"}],"curies":[{"name":"wp","href":"https:\/\/api.w.org\/{rel}","templated":true}]}}