{"id":36051,"date":"2026-02-28T15:18:07","date_gmt":"2026-02-28T13:18:07","guid":{"rendered":"https:\/\/kuzeyinsesi.org\/index.php\/2026\/02\/28\/basbakan-ustel-iskele-bogaz-yolu-proje-alaninda-incelemelerde-bulundu\/"},"modified":"2026-02-28T15:18:07","modified_gmt":"2026-02-28T13:18:07","slug":"basbakan-ustel-iskele-bogaz-yolu-proje-alaninda-incelemelerde-bulundu","status":"publish","type":"post","link":"https:\/\/kuzeyinsesi.org\/index.php\/2026\/02\/28\/basbakan-ustel-iskele-bogaz-yolu-proje-alaninda-incelemelerde-bulundu\/","title":{"rendered":"Ba\u015fbakan \u00dcstel, \u0130skele-Bo\u011faz Yolu proje alan\u0131nda incelemelerde bulundu"},"content":{"rendered":"<p style=\"font-weight: 300\"><span style=\"font-weight: 300 !important\">Lokum \u00e7emberi ile Harup Fabrikas\u0131 aras\u0131ndaki yol 2012 y\u0131l\u0131nda projelendirilmi\u015f b\u00f6l\u00fcnm\u00fc\u015f yol yap\u0131m\u0131na 2025 y\u0131l\u0131nda ba\u015flanarak bir k\u0131sm\u0131 tamamlanm\u0131\u015ft\u0131.<\/span><\/p>\n<p style=\"font-weight: 300\"><span style=\"font-weight: 300 !important\">Yolun yakla\u015f\u0131k 5 kilometrelik k\u0131sm\u0131\u00a0 istimlak konusunda al\u0131nan 6 ara emri karar\u0131 nedeniyle \u00a0tamamlanamad\u0131. Ara emri konusu \u00e7\u00f6z\u00fclemedi\u011finden dolay\u0131 yolun 8-10 metreye kadar geni\u015fletilerek baz\u0131 yerlerde \u00fc\u00e7 \u015feride \u00e7\u0131kar\u0131lmas\u0131 kararla\u015ft\u0131r\u0131ld\u0131.<\/span><\/p>\n<p style=\"font-weight: 300\"><span style=\"font-weight: 300 !important\">\u00a0Doruk<\/span><\/p>\n<p style=\"font-weight: 300\"><span style=\"font-weight: 300 !important\">Y\u00fcklenici firma Proje M\u00fcd\u00fcr\u00fc B\u00fclent Doruk Ba\u015fbakan \u00dcnal \u00dcstel\u2019e yol hakk\u0131nda bilgi verdi.<\/span><\/p>\n<p style=\"font-weight: 300\"><span style=\"font-weight: 300 !important\">Doruk, \u0130skele kav\u015fa\u011f\u0131 ile Lokum \u00e7emberi aras\u0131ndaki yolu\u00a0 2025 y\u0131l\u0131nda yapt\u0131klar\u0131n\u0131 geri kalan 5- 5,5 kilometre yolda baz\u0131 s\u0131k\u0131nt\u0131lar oldu\u011funu s\u00f6yledi.<\/span><\/p>\n<p style=\"font-weight: 300\"><span style=\"font-weight: 300 !important\">S\u00f6z konusu yolun istimlak sorunu nedeniyle b\u00f6l\u00fcnm\u00fc\u015f yol olarak yap\u0131lamayaca\u011f\u0131n\u0131 s\u00f6yleyen Durak, Ba\u015fbakan\u2019\u0131n sorusu \u00fczerine istimlaklara girmeden mevcut yolun 8-10 metreye kadar geni\u015fletilebilece\u011fini s\u00f6yledi.<\/span><\/p>\n<p style=\"font-weight: 300\"><span style=\"font-weight: 300 !important\">Doruk, yolun \u00e7ift \u015ferit olarak yap\u0131labilmesi i\u00e7in 6 ara emri sorununun \u00e7\u00f6z\u00fclmesi gerekti\u011fini kaydetti.<\/span><\/p>\n<p style=\"font-weight: 300\"><span style=\"font-weight: 300 !important\">\u00a0<\/span><\/p>\n<p style=\"font-weight: 300\"><span style=\"font-weight: 300 !important\">-Sad\u0131ko\u011flu<\/span><\/p>\n<p style=\"font-weight: 300\"><span style=\"font-weight: 300 !important\">\u0130skele Belediye Ba\u015fkan\u0131 Hasan Sad\u0131ko\u011flu yolun geni\u015fletme \u00e7al\u0131\u015fmalar\u0131 \u00e7er\u00e7evesinde Bo\u011faz ge\u00e7i\u015findeki kald\u0131r\u0131m ve altyap\u0131 \u00e7al\u0131\u015fmalar\u0131na belediye olarak katk\u0131 vereceklerini s\u00f6yledi.<\/span><\/p>\n<p style=\"font-weight: 300\"><span style=\"font-weight: 300 !important\">\u00a0Sad\u0131ko\u011flu, \u00e7ok uzun s\u00fcredir &#8220;kangren&#8221; olan\u00a0 \u0130skele Bo\u011faz Yolu\u2019nun bozuldu\u011funu, ekonomik \u00f6mr\u00fcn\u00fc tamamlad\u0131\u011f\u0131n\u0131 \u00a0ve\u00a0 ara emirleri y\u00fcz\u00fcnden yap\u0131m\u0131n\u0131n\u00a0 uzun s\u00fcredir bekletildi\u011fini s\u00f6yledi.<\/span><\/p>\n<p style=\"font-weight: 300\"><span style=\"font-weight: 300 !important\">Sad\u0131ko\u011flu, mevcut yolun\u00a0 ileriki haftalarda yenilenmesine ba\u015flanaca\u011f\u0131n\u0131n m\u00fcjdesini vermek istediklerini s\u00f6yledi.<\/span><\/p>\n<p style=\"font-weight: 300\"><span style=\"font-weight: 300 !important\">Sad\u0131ko\u011flu, \u201cAra emirleri kalkm\u0131\u015f olsayd\u0131 planland\u0131\u011f\u0131 gibi \u00e7ift \u015ferit\u00a0 olarak yap\u0131lacakt\u0131.\u00a0 \u0130leriki zamanda ara emri de \u00e7\u00f6z\u00fcld\u00fc\u011f\u00fc\u00a0 takdirde \u00e7ift \u015ferit b\u00f6l\u00fcnm\u00fc\u015f olarak devam edecek.\u201d dedi.<\/span><\/p>\n<p style=\"font-weight: 300\"><span style=\"font-weight: 300 !important\">-Ar\u0131kl\u0131<\/span><\/p>\n<p style=\"font-weight: 300\"><span style=\"font-weight: 300 !important\">Bay\u0131nd\u0131rl\u0131k ve Ula\u015ft\u0131rma Bakan\u0131Erhan Ar\u0131kl\u0131, 2012\u2019de ba\u015flayan ancak bug\u00fcne kadar bitirilemeyen yolu\u00a0 h\u00fck\u00fcmetleri d\u00f6neminde bitirmek i\u00e7in azami gayret sarfettiklerini kaydetti.<\/span><\/p>\n<p style=\"font-weight: 300\"><span style=\"font-weight: 300 !important\">Ar\u0131kl\u0131,\u201d 4,5 kilometrelik kritik bir yol var burada. 6 ara emri var; bunlar\u0131 kald\u0131rmaya muvaffak olamad\u0131k. Dolay\u0131s\u0131yla\u00a0 yol yap\u0131m\u0131 aksad\u0131. Say\u0131n Ba\u015fbakan\u2019\u0131m da talimat verdi, mevcut yol 8 metreye \u00e7\u0131kacak 3 \u015ferit \u015feklinde ara emrine konu olan yola dokunmadan. Bu yolu \u00e7ift \u015ferit olarak d\u00fc\u015f\u00fcnm\u00fc\u015ft\u00fck ama maalesef onu yapamayaca\u011f\u0131z.\u201d dedi.<\/span><\/p>\n<p style=\"font-weight: 300\"><span style=\"font-weight: 300 !important\">Yolun yap\u0131m\u0131na yakla\u015f\u0131k iki hafta sonra ba\u015flanaca\u011f\u0131n\u0131 ve 1-1,5 ay i\u00e7erisinde tamamlanmas\u0131n\u0131 hedeflediklerini s\u00f6yledi.<\/span><\/p>\n<p style=\"font-weight: 300\"><span style=\"font-weight: 300 !important\">-\u00dcstel<\/span><\/p>\n<p style=\"font-weight: 300\"><span style=\"font-weight: 300 !important\">Ba\u015fbakan \u00dcnal \u00dcstel de\u00a0 h\u00fck\u00fcmet ortaklar\u0131yla birlikte h\u00fck\u00fcmet \u00a0program\u0131nda verdikleri\u00a0 s\u00f6zleri bir bir yerine getirmekten b\u00fcy\u00fck onur duyduklar\u0131n\u0131 kaydetti.<\/span><\/p>\n<p style=\"font-weight: 300\"><span style=\"font-weight: 300 !important\">Yol g\u00fcvenli\u011fini sa\u011flaman\u0131n \u00f6ncelikleri\u00a0 oldu\u011funu s\u00f6yleyen \u00dcstel yap\u0131m\u0131n\u0131 tamamlad\u0131klar\u0131 kendilerinden \u00f6nceki yar\u0131m kalan yollar hakk\u0131nda bilgi verdi.<\/span><\/p>\n<p style=\"font-weight: 300\"><span style=\"font-weight: 300 !important\">Siyasi istikrar sayesinde yar\u0131m kalan projeleri tamamlad\u0131klar\u0131n\u0131 vurgulayan \u00dcstel, \u201cHalk\u0131m\u0131za ne s\u00f6z verdiysek yerine getirdik.\u201ddedi.<\/span><\/p>\n<p style=\"font-weight: 300\"><span style=\"font-weight: 300 !important\">\u00a050 y\u0131l\u0131 a\u015fk\u0131n asfalt de\u011fmemi\u015f\u00a0 noktalara de\u011fdiklerini s\u00f6yleyen \u00dcstel, Zaferburnu\u2019ndaki yol yap\u0131m\u0131n\u0131n yak\u0131n zamanda tamamlanaca\u011f\u0131n\u0131 belirtti.<\/span><\/p>\n<p style=\"font-weight: 300\"><span style=\"font-weight: 300 !important\">\u0130skele\u00a0 Bo\u011faz Yolu\u2019nun da ihalesine 2012 y\u0131l\u0131nda \u00e7\u0131k\u0131ld\u0131\u011f\u0131n\u0131 6 vatanda\u015f\u0131n ald\u0131\u011f\u0131 ara emri karar\u0131yla bug\u00fcnlere kadar gelindi\u011fini s\u00f6yleyen \u00dcstel, ara emri nedeniyle yolun \u00e7ift \u015ferit olarak yap\u0131lamad\u0131\u011f\u0131n\u0131 ifade e tti.<\/span><\/p>\n<p style=\"font-weight: 300\"><span style=\"font-weight: 300 !important\">\u00dcstel,\u00a0 yolun bozuklu\u011funa ve yol g\u00fcvenli\u011fine olu\u015fturdu\u011fu tehdide de\u011finerek, s\u00fcratli bir \u015fekilde yolun asl\u0131na\u00a0 uygun olarak olabildi\u011fince geni\u015fletilerek\u00a0 yenilenece\u011fini s\u00f6yledi.<\/span><\/p>\n<p style=\"font-weight: 300\"><span style=\"font-weight: 300 !important\">\u00dcstel, yolda\u00a0 bayramdan sonra kazmay\u0131 vurarak \u00e7al\u0131\u015fmay\u0131 ba\u015flatacaklar\u0131n\u0131 s\u00f6zlerine ekledi.<\/span><\/p>\n<p>Ba\u015fbakan \u00dcstel, \u0130skele-Bo\u011faz Yolu proje alan\u0131nda incelemelerde bulundu yaz\u0131s\u0131 ilk \u00f6nce K\u0131br\u0131s Hakikat \u00fczerinde ortaya \u00e7\u0131kt\u0131.<\/p>\n","protected":false},"excerpt":{"rendered":"<p>Lokum \u00e7emberi ile Harup Fabrikas\u0131 aras\u0131ndaki yol 2012 y\u0131l\u0131nda projelendirilmi\u015f b\u00f6l\u00fcnm\u00fc\u015f yol yap\u0131m\u0131na 2025 y\u0131l\u0131nda ba\u015flanarak bir k\u0131sm\u0131 tamamlanm\u0131\u015ft\u0131. Yolun yakla\u015f\u0131k 5 kilometrelik k\u0131sm\u0131\u00a0 istimlak konusunda al\u0131nan 6 ara emri karar\u0131 nedeniyle \u00a0tamamlanamad\u0131. Ara emri konusu \u00e7\u00f6z\u00fclemedi\u011finden dolay\u0131 yolun 8-10 metreye kadar geni\u015fletilerek baz\u0131 yerlerde \u00fc\u00e7 \u015feride \u00e7\u0131kar\u0131lmas\u0131 kararla\u015ft\u0131r\u0131ld\u0131. \u00a0Doruk Y\u00fcklenici firma Proje M\u00fcd\u00fcr\u00fc B\u00fclent [&hellip;]<\/p>\n","protected":false},"author":1,"featured_media":36052,"comment_status":"open","ping_status":"open","sticky":false,"template":"","format":"standard","meta":{"jnews-multi-image_gallery":[],"jnews_single_post":[],"jnews_primary_category":[],"jnews_social_meta":[],"jnews_override_counter":[],"footnotes":""},"categories":[1],"tags":[],"class_list":["post-36051","post","type-post","status-publish","format-standard","has-post-thumbnail","hentry","category-kibris"],"yoast_head":"<!-- This site is optimized with the Yoast SEO plugin v27.5 - https:\/\/yoast.com\/product\/yoast-seo-wordpress\/ -->\n<title>Ba\u015fbakan \u00dcstel, \u0130skele-Bo\u011faz Yolu proje alan\u0131nda incelemelerde bulundu - Kuzeyin Sesi<\/title>\n<meta name=\"robots\" content=\"index, follow, max-snippet:-1, max-image-preview:large, max-video-preview:-1\" \/>\n<link rel=\"canonical\" href=\"https:\/\/kuzeyinsesi.org\/index.php\/2026\/02\/28\/basbakan-ustel-iskele-bogaz-yolu-proje-alaninda-incelemelerde-bulundu\/\" \/>\n<meta property=\"og:locale\" content=\"tr_TR\" \/>\n<meta property=\"og:type\" content=\"article\" \/>\n<meta property=\"og:title\" content=\"Ba\u015fbakan \u00dcstel, \u0130skele-Bo\u011faz Yolu proje alan\u0131nda incelemelerde bulundu - Kuzeyin Sesi\" \/>\n<meta property=\"og:description\" content=\"Lokum \u00e7emberi ile Harup Fabrikas\u0131 aras\u0131ndaki yol 2012 y\u0131l\u0131nda projelendirilmi\u015f b\u00f6l\u00fcnm\u00fc\u015f yol yap\u0131m\u0131na 2025 y\u0131l\u0131nda ba\u015flanarak bir k\u0131sm\u0131 tamamlanm\u0131\u015ft\u0131. Yolun yakla\u015f\u0131k 5 kilometrelik k\u0131sm\u0131\u00a0 istimlak konusunda al\u0131nan 6 ara emri karar\u0131 nedeniyle \u00a0tamamlanamad\u0131. Ara emri konusu \u00e7\u00f6z\u00fclemedi\u011finden dolay\u0131 yolun 8-10 metreye kadar geni\u015fletilerek baz\u0131 yerlerde \u00fc\u00e7 \u015feride \u00e7\u0131kar\u0131lmas\u0131 kararla\u015ft\u0131r\u0131ld\u0131. \u00a0Doruk Y\u00fcklenici firma Proje M\u00fcd\u00fcr\u00fc B\u00fclent [&hellip;]\" \/>\n<meta property=\"og:url\" content=\"https:\/\/kuzeyinsesi.org\/index.php\/2026\/02\/28\/basbakan-ustel-iskele-bogaz-yolu-proje-alaninda-incelemelerde-bulundu\/\" \/>\n<meta property=\"og:site_name\" content=\"Kuzeyin Sesi\" \/>\n<meta property=\"article:publisher\" content=\"https:\/\/www.facebook.com\/kuzeyinsesii\" \/>\n<meta property=\"article:published_time\" content=\"2026-02-28T13:18:07+00:00\" \/>\n<meta name=\"author\" content=\"Kuzeyin Sesi\" \/>\n<meta name=\"twitter:card\" content=\"summary_large_image\" \/>\n<meta name=\"twitter:creator\" content=\"@kuzeyinsesii\" \/>\n<meta name=\"twitter:site\" content=\"@kuzeyinsesii\" \/>\n<meta name=\"twitter:label1\" content=\"Yazan:\" \/>\n\t<meta name=\"twitter:data1\" content=\"Kuzeyin Sesi\" \/>\n\t<meta name=\"twitter:label2\" content=\"Tahmini okuma s\u00fcresi\" \/>\n\t<meta name=\"twitter:data2\" content=\"3 dakika\" \/>\n<script type=\"application\/ld+json\" class=\"yoast-schema-graph\">{\"@context\":\"https:\\\/\\\/schema.org\",\"@graph\":[{\"@type\":\"Article\",\"@id\":\"https:\\\/\\\/kuzeyinsesi.org\\\/index.php\\\/2026\\\/02\\\/28\\\/basbakan-ustel-iskele-bogaz-yolu-proje-alaninda-incelemelerde-bulundu\\\/#article\",\"isPartOf\":{\"@id\":\"https:\\\/\\\/kuzeyinsesi.org\\\/index.php\\\/2026\\\/02\\\/28\\\/basbakan-ustel-iskele-bogaz-yolu-proje-alaninda-incelemelerde-bulundu\\\/\"},\"author\":{\"name\":\"Kuzeyin Sesi\",\"@id\":\"https:\\\/\\\/kuzeyinsesi.org\\\/#\\\/schema\\\/person\\\/9f859689cdf01485597712386e37f5aa\"},\"headline\":\"Ba\u015fbakan \u00dcstel, \u0130skele-Bo\u011faz Yolu proje alan\u0131nda incelemelerde bulundu\",\"datePublished\":\"2026-02-28T13:18:07+00:00\",\"mainEntityOfPage\":{\"@id\":\"https:\\\/\\\/kuzeyinsesi.org\\\/index.php\\\/2026\\\/02\\\/28\\\/basbakan-ustel-iskele-bogaz-yolu-proje-alaninda-incelemelerde-bulundu\\\/\"},\"wordCount\":638,\"commentCount\":0,\"image\":{\"@id\":\"https:\\\/\\\/kuzeyinsesi.org\\\/index.php\\\/2026\\\/02\\\/28\\\/basbakan-ustel-iskele-bogaz-yolu-proje-alaninda-incelemelerde-bulundu\\\/#primaryimage\"},\"thumbnailUrl\":\"https:\\\/\\\/kuzeyinsesi.org\\\/wp-content\\\/uploads\\\/2026\\\/02\\\/images-3.jpg\",\"articleSection\":[\"K\u0131br\u0131s\"],\"inLanguage\":\"tr\",\"potentialAction\":[{\"@type\":\"CommentAction\",\"name\":\"Comment\",\"target\":[\"https:\\\/\\\/kuzeyinsesi.org\\\/index.php\\\/2026\\\/02\\\/28\\\/basbakan-ustel-iskele-bogaz-yolu-proje-alaninda-incelemelerde-bulundu\\\/#respond\"]}]},{\"@type\":\"WebPage\",\"@id\":\"https:\\\/\\\/kuzeyinsesi.org\\\/index.php\\\/2026\\\/02\\\/28\\\/basbakan-ustel-iskele-bogaz-yolu-proje-alaninda-incelemelerde-bulundu\\\/\",\"url\":\"https:\\\/\\\/kuzeyinsesi.org\\\/index.php\\\/2026\\\/02\\\/28\\\/basbakan-ustel-iskele-bogaz-yolu-proje-alaninda-incelemelerde-bulundu\\\/\",\"name\":\"Ba\u015fbakan \u00dcstel, \u0130skele-Bo\u011faz Yolu proje alan\u0131nda incelemelerde bulundu - Kuzeyin Sesi\",\"isPartOf\":{\"@id\":\"https:\\\/\\\/kuzeyinsesi.org\\\/#website\"},\"primaryImageOfPage\":{\"@id\":\"https:\\\/\\\/kuzeyinsesi.org\\\/index.php\\\/2026\\\/02\\\/28\\\/basbakan-ustel-iskele-bogaz-yolu-proje-alaninda-incelemelerde-bulundu\\\/#primaryimage\"},\"image\":{\"@id\":\"https:\\\/\\\/kuzeyinsesi.org\\\/index.php\\\/2026\\\/02\\\/28\\\/basbakan-ustel-iskele-bogaz-yolu-proje-alaninda-incelemelerde-bulundu\\\/#primaryimage\"},\"thumbnailUrl\":\"https:\\\/\\\/kuzeyinsesi.org\\\/wp-content\\\/uploads\\\/2026\\\/02\\\/images-3.jpg\",\"datePublished\":\"2026-02-28T13:18:07+00:00\",\"author\":{\"@id\":\"https:\\\/\\\/kuzeyinsesi.org\\\/#\\\/schema\\\/person\\\/9f859689cdf01485597712386e37f5aa\"},\"breadcrumb\":{\"@id\":\"https:\\\/\\\/kuzeyinsesi.org\\\/index.php\\\/2026\\\/02\\\/28\\\/basbakan-ustel-iskele-bogaz-yolu-proje-alaninda-incelemelerde-bulundu\\\/#breadcrumb\"},\"inLanguage\":\"tr\",\"potentialAction\":[{\"@type\":\"ReadAction\",\"target\":[\"https:\\\/\\\/kuzeyinsesi.org\\\/index.php\\\/2026\\\/02\\\/28\\\/basbakan-ustel-iskele-bogaz-yolu-proje-alaninda-incelemelerde-bulundu\\\/\"]}]},{\"@type\":\"ImageObject\",\"inLanguage\":\"tr\",\"@id\":\"https:\\\/\\\/kuzeyinsesi.org\\\/index.php\\\/2026\\\/02\\\/28\\\/basbakan-ustel-iskele-bogaz-yolu-proje-alaninda-incelemelerde-bulundu\\\/#primaryimage\",\"url\":\"https:\\\/\\\/kuzeyinsesi.org\\\/wp-content\\\/uploads\\\/2026\\\/02\\\/images-3.jpg\",\"contentUrl\":\"https:\\\/\\\/kuzeyinsesi.org\\\/wp-content\\\/uploads\\\/2026\\\/02\\\/images-3.jpg\",\"width\":298,\"height\":169},{\"@type\":\"BreadcrumbList\",\"@id\":\"https:\\\/\\\/kuzeyinsesi.org\\\/index.php\\\/2026\\\/02\\\/28\\\/basbakan-ustel-iskele-bogaz-yolu-proje-alaninda-incelemelerde-bulundu\\\/#breadcrumb\",\"itemListElement\":[{\"@type\":\"ListItem\",\"position\":1,\"name\":\"Anasayfa\",\"item\":\"https:\\\/\\\/kuzeyinsesi.org\\\/\"},{\"@type\":\"ListItem\",\"position\":2,\"name\":\"Ba\u015fbakan \u00dcstel, \u0130skele-Bo\u011faz Yolu proje alan\u0131nda incelemelerde bulundu\"}]},{\"@type\":\"WebSite\",\"@id\":\"https:\\\/\\\/kuzeyinsesi.org\\\/#website\",\"url\":\"https:\\\/\\\/kuzeyinsesi.org\\\/\",\"name\":\"Kuzeyin Sesi\",\"description\":\"Do\u011fru Haberin Adresi\",\"potentialAction\":[{\"@type\":\"SearchAction\",\"target\":{\"@type\":\"EntryPoint\",\"urlTemplate\":\"https:\\\/\\\/kuzeyinsesi.org\\\/?s={search_term_string}\"},\"query-input\":{\"@type\":\"PropertyValueSpecification\",\"valueRequired\":true,\"valueName\":\"search_term_string\"}}],\"inLanguage\":\"tr\"},{\"@type\":\"Person\",\"@id\":\"https:\\\/\\\/kuzeyinsesi.org\\\/#\\\/schema\\\/person\\\/9f859689cdf01485597712386e37f5aa\",\"name\":\"Kuzeyin Sesi\",\"image\":{\"@type\":\"ImageObject\",\"inLanguage\":\"tr\",\"@id\":\"https:\\\/\\\/secure.gravatar.com\\\/avatar\\\/bab33852abfd8b282518d6ed81826833d77c3c882d9ab608add591ccace47a44?s=96&d=mm&r=g\",\"url\":\"https:\\\/\\\/secure.gravatar.com\\\/avatar\\\/bab33852abfd8b282518d6ed81826833d77c3c882d9ab608add591ccace47a44?s=96&d=mm&r=g\",\"contentUrl\":\"https:\\\/\\\/secure.gravatar.com\\\/avatar\\\/bab33852abfd8b282518d6ed81826833d77c3c882d9ab608add591ccace47a44?s=96&d=mm&r=g\",\"caption\":\"Kuzeyin Sesi\"},\"sameAs\":[\"https:\\\/\\\/kuzeyinsesi.org\"],\"url\":\"https:\\\/\\\/kuzeyinsesi.org\\\/index.php\\\/author\\\/guven\\\/\"}]}<\/script>\n<!-- \/ Yoast SEO plugin. -->","yoast_head_json":{"title":"Ba\u015fbakan \u00dcstel, \u0130skele-Bo\u011faz Yolu proje alan\u0131nda incelemelerde bulundu - Kuzeyin Sesi","robots":{"index":"index","follow":"follow","max-snippet":"max-snippet:-1","max-image-preview":"max-image-preview:large","max-video-preview":"max-video-preview:-1"},"canonical":"https:\/\/kuzeyinsesi.org\/index.php\/2026\/02\/28\/basbakan-ustel-iskele-bogaz-yolu-proje-alaninda-incelemelerde-bulundu\/","og_locale":"tr_TR","og_type":"article","og_title":"Ba\u015fbakan \u00dcstel, \u0130skele-Bo\u011faz Yolu proje alan\u0131nda incelemelerde bulundu - Kuzeyin Sesi","og_description":"Lokum \u00e7emberi ile Harup Fabrikas\u0131 aras\u0131ndaki yol 2012 y\u0131l\u0131nda projelendirilmi\u015f b\u00f6l\u00fcnm\u00fc\u015f yol yap\u0131m\u0131na 2025 y\u0131l\u0131nda ba\u015flanarak bir k\u0131sm\u0131 tamamlanm\u0131\u015ft\u0131. Yolun yakla\u015f\u0131k 5 kilometrelik k\u0131sm\u0131\u00a0 istimlak konusunda al\u0131nan 6 ara emri karar\u0131 nedeniyle \u00a0tamamlanamad\u0131. Ara emri konusu \u00e7\u00f6z\u00fclemedi\u011finden dolay\u0131 yolun 8-10 metreye kadar geni\u015fletilerek baz\u0131 yerlerde \u00fc\u00e7 \u015feride \u00e7\u0131kar\u0131lmas\u0131 kararla\u015ft\u0131r\u0131ld\u0131. \u00a0Doruk Y\u00fcklenici firma Proje M\u00fcd\u00fcr\u00fc B\u00fclent [&hellip;]","og_url":"https:\/\/kuzeyinsesi.org\/index.php\/2026\/02\/28\/basbakan-ustel-iskele-bogaz-yolu-proje-alaninda-incelemelerde-bulundu\/","og_site_name":"Kuzeyin Sesi","article_publisher":"https:\/\/www.facebook.com\/kuzeyinsesii","article_published_time":"2026-02-28T13:18:07+00:00","author":"Kuzeyin Sesi","twitter_card":"summary_large_image","twitter_creator":"@kuzeyinsesii","twitter_site":"@kuzeyinsesii","twitter_misc":{"Yazan:":"Kuzeyin Sesi","Tahmini okuma s\u00fcresi":"3 dakika"},"schema":{"@context":"https:\/\/schema.org","@graph":[{"@type":"Article","@id":"https:\/\/kuzeyinsesi.org\/index.php\/2026\/02\/28\/basbakan-ustel-iskele-bogaz-yolu-proje-alaninda-incelemelerde-bulundu\/#article","isPartOf":{"@id":"https:\/\/kuzeyinsesi.org\/index.php\/2026\/02\/28\/basbakan-ustel-iskele-bogaz-yolu-proje-alaninda-incelemelerde-bulundu\/"},"author":{"name":"Kuzeyin Sesi","@id":"https:\/\/kuzeyinsesi.org\/#\/schema\/person\/9f859689cdf01485597712386e37f5aa"},"headline":"Ba\u015fbakan \u00dcstel, \u0130skele-Bo\u011faz Yolu proje alan\u0131nda incelemelerde bulundu","datePublished":"2026-02-28T13:18:07+00:00","mainEntityOfPage":{"@id":"https:\/\/kuzeyinsesi.org\/index.php\/2026\/02\/28\/basbakan-ustel-iskele-bogaz-yolu-proje-alaninda-incelemelerde-bulundu\/"},"wordCount":638,"commentCount":0,"image":{"@id":"https:\/\/kuzeyinsesi.org\/index.php\/2026\/02\/28\/basbakan-ustel-iskele-bogaz-yolu-proje-alaninda-incelemelerde-bulundu\/#primaryimage"},"thumbnailUrl":"https:\/\/kuzeyinsesi.org\/wp-content\/uploads\/2026\/02\/images-3.jpg","articleSection":["K\u0131br\u0131s"],"inLanguage":"tr","potentialAction":[{"@type":"CommentAction","name":"Comment","target":["https:\/\/kuzeyinsesi.org\/index.php\/2026\/02\/28\/basbakan-ustel-iskele-bogaz-yolu-proje-alaninda-incelemelerde-bulundu\/#respond"]}]},{"@type":"WebPage","@id":"https:\/\/kuzeyinsesi.org\/index.php\/2026\/02\/28\/basbakan-ustel-iskele-bogaz-yolu-proje-alaninda-incelemelerde-bulundu\/","url":"https:\/\/kuzeyinsesi.org\/index.php\/2026\/02\/28\/basbakan-ustel-iskele-bogaz-yolu-proje-alaninda-incelemelerde-bulundu\/","name":"Ba\u015fbakan \u00dcstel, \u0130skele-Bo\u011faz Yolu proje alan\u0131nda incelemelerde bulundu - Kuzeyin Sesi","isPartOf":{"@id":"https:\/\/kuzeyinsesi.org\/#website"},"primaryImageOfPage":{"@id":"https:\/\/kuzeyinsesi.org\/index.php\/2026\/02\/28\/basbakan-ustel-iskele-bogaz-yolu-proje-alaninda-incelemelerde-bulundu\/#primaryimage"},"image":{"@id":"https:\/\/kuzeyinsesi.org\/index.php\/2026\/02\/28\/basbakan-ustel-iskele-bogaz-yolu-proje-alaninda-incelemelerde-bulundu\/#primaryimage"},"thumbnailUrl":"https:\/\/kuzeyinsesi.org\/wp-content\/uploads\/2026\/02\/images-3.jpg","datePublished":"2026-02-28T13:18:07+00:00","author":{"@id":"https:\/\/kuzeyinsesi.org\/#\/schema\/person\/9f859689cdf01485597712386e37f5aa"},"breadcrumb":{"@id":"https:\/\/kuzeyinsesi.org\/index.php\/2026\/02\/28\/basbakan-ustel-iskele-bogaz-yolu-proje-alaninda-incelemelerde-bulundu\/#breadcrumb"},"inLanguage":"tr","potentialAction":[{"@type":"ReadAction","target":["https:\/\/kuzeyinsesi.org\/index.php\/2026\/02\/28\/basbakan-ustel-iskele-bogaz-yolu-proje-alaninda-incelemelerde-bulundu\/"]}]},{"@type":"ImageObject","inLanguage":"tr","@id":"https:\/\/kuzeyinsesi.org\/index.php\/2026\/02\/28\/basbakan-ustel-iskele-bogaz-yolu-proje-alaninda-incelemelerde-bulundu\/#primaryimage","url":"https:\/\/kuzeyinsesi.org\/wp-content\/uploads\/2026\/02\/images-3.jpg","contentUrl":"https:\/\/kuzeyinsesi.org\/wp-content\/uploads\/2026\/02\/images-3.jpg","width":298,"height":169},{"@type":"BreadcrumbList","@id":"https:\/\/kuzeyinsesi.org\/index.php\/2026\/02\/28\/basbakan-ustel-iskele-bogaz-yolu-proje-alaninda-incelemelerde-bulundu\/#breadcrumb","itemListElement":[{"@type":"ListItem","position":1,"name":"Anasayfa","item":"https:\/\/kuzeyinsesi.org\/"},{"@type":"ListItem","position":2,"name":"Ba\u015fbakan \u00dcstel, \u0130skele-Bo\u011faz Yolu proje alan\u0131nda incelemelerde bulundu"}]},{"@type":"WebSite","@id":"https:\/\/kuzeyinsesi.org\/#website","url":"https:\/\/kuzeyinsesi.org\/","name":"Kuzeyin Sesi","description":"Do\u011fru Haberin Adresi","potentialAction":[{"@type":"SearchAction","target":{"@type":"EntryPoint","urlTemplate":"https:\/\/kuzeyinsesi.org\/?s={search_term_string}"},"query-input":{"@type":"PropertyValueSpecification","valueRequired":true,"valueName":"search_term_string"}}],"inLanguage":"tr"},{"@type":"Person","@id":"https:\/\/kuzeyinsesi.org\/#\/schema\/person\/9f859689cdf01485597712386e37f5aa","name":"Kuzeyin Sesi","image":{"@type":"ImageObject","inLanguage":"tr","@id":"https:\/\/secure.gravatar.com\/avatar\/bab33852abfd8b282518d6ed81826833d77c3c882d9ab608add591ccace47a44?s=96&d=mm&r=g","url":"https:\/\/secure.gravatar.com\/avatar\/bab33852abfd8b282518d6ed81826833d77c3c882d9ab608add591ccace47a44?s=96&d=mm&r=g","contentUrl":"https:\/\/secure.gravatar.com\/avatar\/bab33852abfd8b282518d6ed81826833d77c3c882d9ab608add591ccace47a44?s=96&d=mm&r=g","caption":"Kuzeyin Sesi"},"sameAs":["https:\/\/kuzeyinsesi.org"],"url":"https:\/\/kuzeyinsesi.org\/index.php\/author\/guven\/"}]}},"_links":{"self":[{"href":"https:\/\/kuzeyinsesi.org\/index.php\/wp-json\/wp\/v2\/posts\/36051","targetHints":{"allow":["GET"]}}],"collection":[{"href":"https:\/\/kuzeyinsesi.org\/index.php\/wp-json\/wp\/v2\/posts"}],"about":[{"href":"https:\/\/kuzeyinsesi.org\/index.php\/wp-json\/wp\/v2\/types\/post"}],"author":[{"embeddable":true,"href":"https:\/\/kuzeyinsesi.org\/index.php\/wp-json\/wp\/v2\/users\/1"}],"replies":[{"embeddable":true,"href":"https:\/\/kuzeyinsesi.org\/index.php\/wp-json\/wp\/v2\/comments?post=36051"}],"version-history":[{"count":0,"href":"https:\/\/kuzeyinsesi.org\/index.php\/wp-json\/wp\/v2\/posts\/36051\/revisions"}],"wp:featuredmedia":[{"embeddable":true,"href":"https:\/\/kuzeyinsesi.org\/index.php\/wp-json\/wp\/v2\/media\/36052"}],"wp:attachment":[{"href":"https:\/\/kuzeyinsesi.org\/index.php\/wp-json\/wp\/v2\/media?parent=36051"}],"wp:term":[{"taxonomy":"category","embeddable":true,"href":"https:\/\/kuzeyinsesi.org\/index.php\/wp-json\/wp\/v2\/categories?post=36051"},{"taxonomy":"post_tag","embeddable":true,"href":"https:\/\/kuzeyinsesi.org\/index.php\/wp-json\/wp\/v2\/tags?post=36051"}],"curies":[{"name":"wp","href":"https:\/\/api.w.org\/{rel}","templated":true}]}}