{"id":36049,"date":"2026-02-28T15:11:19","date_gmt":"2026-02-28T13:11:19","guid":{"rendered":"https:\/\/kuzeyinsesi.org\/index.php\/2026\/02\/28\/ayvalikta-rauf-denktas-kultur-merkezi-acildi\/"},"modified":"2026-02-28T15:11:19","modified_gmt":"2026-02-28T13:11:19","slug":"ayvalikta-rauf-denktas-kultur-merkezi-acildi","status":"publish","type":"post","link":"https:\/\/kuzeyinsesi.org\/index.php\/2026\/02\/28\/ayvalikta-rauf-denktas-kultur-merkezi-acildi\/","title":{"rendered":"Ayval\u0131k\u2019ta \u201cRauf Denkta\u015f K\u00fclt\u00fcr Merkezi\u201d a\u00e7\u0131ld\u0131"},"content":{"rendered":"<p style=\"font-weight: 300\">Girne Belediyesi&#8217;nden yap\u0131lan a\u00e7\u0131klamaya g\u00f6re, Girne Belediye Ba\u015fkan\u0131 Murat \u015eenkul ve beraberindeki heyet, Ayval\u0131k Belediyesi Rauf Denkta\u015f K\u00fclt\u00fcr Merkezi a\u00e7\u0131l\u0131\u015f\u0131na kat\u0131ld\u0131.<\/p>\n<p style=\"font-weight: 300\">Girne Belediyesi ile karde\u015f \u015fehir olan T\u00fcrkiye Cumhuriyeti Ayval\u0131k Belediyesi\u2019nin daveti \u00fczerine ger\u00e7ekle\u015fen ziyarette, Girne Belediye Ba\u015fkan\u0131 Murat \u015eenkul&#8217;un yan\u0131 s\u0131ra Meclis \u00dcyeleri Mete \u00dcnal Girgen, Kani Medo \u00c7a\u011fla ile D\u0131\u015f \u0130li\u015fkiler Koordinat\u00f6r\u00fc Fatih Akyol yer ald\u0131.<\/p>\n<p style=\"font-weight: 300\">Kurucu Cumhurba\u015fkan\u0131 Rauf Raif Denkta\u015f\u2019\u0131n o\u011flu Serdar Denkta\u015f\u2019\u0131n da konu\u015fmac\u0131 olarak davet edildi\u011fi etkinlikte; CHP Ankara Milletvekili Mahmut Tanal, Ayval\u0131k Kaymakam\u0131 Hasan Yaman, Ayval\u0131k Belediye Ba\u015fkan\u0131 Mesut Ergin gibi isimler yer ald\u0131.<\/p>\n<p style=\"font-weight: 300\">K\u0131rlang\u0131\u00e7 Ya\u015fam Merkezi b\u00fcnyesinde in\u015fa edilen Rauf Denkta\u015f K\u00fclt\u00fcr Merkezi 300 ki\u015filik kapasiteye sahip.<\/p>\n<p style=\"font-weight: 300\">-Gazilere ziyaret<\/p>\n<p style=\"font-weight: 300\">A\u00e7\u0131l\u0131\u015f\u0131n yan\u0131 s\u0131ra Girne Belediye Ba\u015fkan\u0131 Murat \u015eenkul ve heyeti, 1974 K\u0131br\u0131s Bar\u0131\u015f Harekat\u0131\u2019na kat\u0131lan Ayval\u0131k Gazileri\u2019ne ziyarette bulundu. Ziyarette \u015eenkul, dernek ba\u015fkan\u0131na t\u00fcm gaziler ad\u0131na plaket takdim etti.<\/p>\n<p style=\"font-weight: 300\">Ge\u00e7mi\u015fte, Ayval\u0131k Gazileri Girne\u2019ye davet \u00fczerine bir gezi d\u00fczenlemi\u015f ve ayn\u0131 g\u00f6r\u00fc\u015fme burada da ger\u00e7ekle\u015fmi\u015fti.<\/p>\n<p>Ayval\u0131k\u2019ta \u201cRauf Denkta\u015f K\u00fclt\u00fcr Merkezi\u201d a\u00e7\u0131ld\u0131 yaz\u0131s\u0131 ilk \u00f6nce K\u0131br\u0131s Hakikat \u00fczerinde ortaya \u00e7\u0131kt\u0131.<\/p>\n","protected":false},"excerpt":{"rendered":"<p>Girne Belediyesi&#8217;nden yap\u0131lan a\u00e7\u0131klamaya g\u00f6re, Girne Belediye Ba\u015fkan\u0131 Murat \u015eenkul ve beraberindeki heyet, Ayval\u0131k Belediyesi Rauf Denkta\u015f K\u00fclt\u00fcr Merkezi a\u00e7\u0131l\u0131\u015f\u0131na kat\u0131ld\u0131. Girne Belediyesi ile karde\u015f \u015fehir olan T\u00fcrkiye Cumhuriyeti Ayval\u0131k Belediyesi\u2019nin daveti \u00fczerine ger\u00e7ekle\u015fen ziyarette, Girne Belediye Ba\u015fkan\u0131 Murat \u015eenkul&#8217;un yan\u0131 s\u0131ra Meclis \u00dcyeleri Mete \u00dcnal Girgen, Kani Medo \u00c7a\u011fla ile D\u0131\u015f \u0130li\u015fkiler Koordinat\u00f6r\u00fc Fatih [&hellip;]<\/p>\n","protected":false},"author":1,"featured_media":36050,"comment_status":"open","ping_status":"open","sticky":false,"template":"","format":"standard","meta":{"jnews-multi-image_gallery":[],"jnews_single_post":[],"jnews_primary_category":[],"jnews_social_meta":[],"jnews_override_counter":[],"footnotes":""},"categories":[1],"tags":[],"class_list":["post-36049","post","type-post","status-publish","format-standard","has-post-thumbnail","hentry","category-kibris"],"yoast_head":"<!-- This site is optimized with the Yoast SEO plugin v27.5 - https:\/\/yoast.com\/product\/yoast-seo-wordpress\/ -->\n<title>Ayval\u0131k\u2019ta \u201cRauf Denkta\u015f K\u00fclt\u00fcr Merkezi\u201d a\u00e7\u0131ld\u0131 - Kuzeyin Sesi<\/title>\n<meta name=\"robots\" content=\"index, follow, max-snippet:-1, max-image-preview:large, max-video-preview:-1\" \/>\n<link rel=\"canonical\" href=\"https:\/\/kuzeyinsesi.org\/index.php\/2026\/02\/28\/ayvalikta-rauf-denktas-kultur-merkezi-acildi\/\" \/>\n<meta property=\"og:locale\" content=\"tr_TR\" \/>\n<meta property=\"og:type\" content=\"article\" \/>\n<meta property=\"og:title\" content=\"Ayval\u0131k\u2019ta \u201cRauf Denkta\u015f K\u00fclt\u00fcr Merkezi\u201d a\u00e7\u0131ld\u0131 - Kuzeyin Sesi\" \/>\n<meta property=\"og:description\" content=\"Girne Belediyesi&#8217;nden yap\u0131lan a\u00e7\u0131klamaya g\u00f6re, Girne Belediye Ba\u015fkan\u0131 Murat \u015eenkul ve beraberindeki heyet, Ayval\u0131k Belediyesi Rauf Denkta\u015f K\u00fclt\u00fcr Merkezi a\u00e7\u0131l\u0131\u015f\u0131na kat\u0131ld\u0131. Girne Belediyesi ile karde\u015f \u015fehir olan T\u00fcrkiye Cumhuriyeti Ayval\u0131k Belediyesi\u2019nin daveti \u00fczerine ger\u00e7ekle\u015fen ziyarette, Girne Belediye Ba\u015fkan\u0131 Murat \u015eenkul&#8217;un yan\u0131 s\u0131ra Meclis \u00dcyeleri Mete \u00dcnal Girgen, Kani Medo \u00c7a\u011fla ile D\u0131\u015f \u0130li\u015fkiler Koordinat\u00f6r\u00fc Fatih [&hellip;]\" \/>\n<meta property=\"og:url\" content=\"https:\/\/kuzeyinsesi.org\/index.php\/2026\/02\/28\/ayvalikta-rauf-denktas-kultur-merkezi-acildi\/\" \/>\n<meta property=\"og:site_name\" content=\"Kuzeyin Sesi\" \/>\n<meta property=\"article:publisher\" content=\"https:\/\/www.facebook.com\/kuzeyinsesii\" \/>\n<meta property=\"article:published_time\" content=\"2026-02-28T13:11:19+00:00\" \/>\n<meta name=\"author\" content=\"Kuzeyin Sesi\" \/>\n<meta name=\"twitter:card\" content=\"summary_large_image\" \/>\n<meta name=\"twitter:creator\" content=\"@kuzeyinsesii\" \/>\n<meta name=\"twitter:site\" content=\"@kuzeyinsesii\" \/>\n<meta name=\"twitter:label1\" content=\"Yazan:\" \/>\n\t<meta name=\"twitter:data1\" content=\"Kuzeyin Sesi\" \/>\n\t<meta name=\"twitter:label2\" content=\"Tahmini okuma s\u00fcresi\" \/>\n\t<meta name=\"twitter:data2\" content=\"1 dakika\" \/>\n<script type=\"application\/ld+json\" class=\"yoast-schema-graph\">{\"@context\":\"https:\\\/\\\/schema.org\",\"@graph\":[{\"@type\":\"Article\",\"@id\":\"https:\\\/\\\/kuzeyinsesi.org\\\/index.php\\\/2026\\\/02\\\/28\\\/ayvalikta-rauf-denktas-kultur-merkezi-acildi\\\/#article\",\"isPartOf\":{\"@id\":\"https:\\\/\\\/kuzeyinsesi.org\\\/index.php\\\/2026\\\/02\\\/28\\\/ayvalikta-rauf-denktas-kultur-merkezi-acildi\\\/\"},\"author\":{\"name\":\"Kuzeyin Sesi\",\"@id\":\"https:\\\/\\\/kuzeyinsesi.org\\\/#\\\/schema\\\/person\\\/9f859689cdf01485597712386e37f5aa\"},\"headline\":\"Ayval\u0131k\u2019ta \u201cRauf Denkta\u015f K\u00fclt\u00fcr Merkezi\u201d a\u00e7\u0131ld\u0131\",\"datePublished\":\"2026-02-28T13:11:19+00:00\",\"mainEntityOfPage\":{\"@id\":\"https:\\\/\\\/kuzeyinsesi.org\\\/index.php\\\/2026\\\/02\\\/28\\\/ayvalikta-rauf-denktas-kultur-merkezi-acildi\\\/\"},\"wordCount\":243,\"commentCount\":0,\"image\":{\"@id\":\"https:\\\/\\\/kuzeyinsesi.org\\\/index.php\\\/2026\\\/02\\\/28\\\/ayvalikta-rauf-denktas-kultur-merkezi-acildi\\\/#primaryimage\"},\"thumbnailUrl\":\"https:\\\/\\\/kuzeyinsesi.org\\\/wp-content\\\/uploads\\\/2026\\\/02\\\/1772277363397GIRNE-BELEDIYESI-AYVALIK-RAUF-DENKTAS-3.jpg\",\"articleSection\":[\"K\u0131br\u0131s\"],\"inLanguage\":\"tr\",\"potentialAction\":[{\"@type\":\"CommentAction\",\"name\":\"Comment\",\"target\":[\"https:\\\/\\\/kuzeyinsesi.org\\\/index.php\\\/2026\\\/02\\\/28\\\/ayvalikta-rauf-denktas-kultur-merkezi-acildi\\\/#respond\"]}]},{\"@type\":\"WebPage\",\"@id\":\"https:\\\/\\\/kuzeyinsesi.org\\\/index.php\\\/2026\\\/02\\\/28\\\/ayvalikta-rauf-denktas-kultur-merkezi-acildi\\\/\",\"url\":\"https:\\\/\\\/kuzeyinsesi.org\\\/index.php\\\/2026\\\/02\\\/28\\\/ayvalikta-rauf-denktas-kultur-merkezi-acildi\\\/\",\"name\":\"Ayval\u0131k\u2019ta \u201cRauf Denkta\u015f K\u00fclt\u00fcr Merkezi\u201d a\u00e7\u0131ld\u0131 - Kuzeyin Sesi\",\"isPartOf\":{\"@id\":\"https:\\\/\\\/kuzeyinsesi.org\\\/#website\"},\"primaryImageOfPage\":{\"@id\":\"https:\\\/\\\/kuzeyinsesi.org\\\/index.php\\\/2026\\\/02\\\/28\\\/ayvalikta-rauf-denktas-kultur-merkezi-acildi\\\/#primaryimage\"},\"image\":{\"@id\":\"https:\\\/\\\/kuzeyinsesi.org\\\/index.php\\\/2026\\\/02\\\/28\\\/ayvalikta-rauf-denktas-kultur-merkezi-acildi\\\/#primaryimage\"},\"thumbnailUrl\":\"https:\\\/\\\/kuzeyinsesi.org\\\/wp-content\\\/uploads\\\/2026\\\/02\\\/1772277363397GIRNE-BELEDIYESI-AYVALIK-RAUF-DENKTAS-3.jpg\",\"datePublished\":\"2026-02-28T13:11:19+00:00\",\"author\":{\"@id\":\"https:\\\/\\\/kuzeyinsesi.org\\\/#\\\/schema\\\/person\\\/9f859689cdf01485597712386e37f5aa\"},\"breadcrumb\":{\"@id\":\"https:\\\/\\\/kuzeyinsesi.org\\\/index.php\\\/2026\\\/02\\\/28\\\/ayvalikta-rauf-denktas-kultur-merkezi-acildi\\\/#breadcrumb\"},\"inLanguage\":\"tr\",\"potentialAction\":[{\"@type\":\"ReadAction\",\"target\":[\"https:\\\/\\\/kuzeyinsesi.org\\\/index.php\\\/2026\\\/02\\\/28\\\/ayvalikta-rauf-denktas-kultur-merkezi-acildi\\\/\"]}]},{\"@type\":\"ImageObject\",\"inLanguage\":\"tr\",\"@id\":\"https:\\\/\\\/kuzeyinsesi.org\\\/index.php\\\/2026\\\/02\\\/28\\\/ayvalikta-rauf-denktas-kultur-merkezi-acildi\\\/#primaryimage\",\"url\":\"https:\\\/\\\/kuzeyinsesi.org\\\/wp-content\\\/uploads\\\/2026\\\/02\\\/1772277363397GIRNE-BELEDIYESI-AYVALIK-RAUF-DENKTAS-3.jpg\",\"contentUrl\":\"https:\\\/\\\/kuzeyinsesi.org\\\/wp-content\\\/uploads\\\/2026\\\/02\\\/1772277363397GIRNE-BELEDIYESI-AYVALIK-RAUF-DENKTAS-3.jpg\",\"width\":1600,\"height\":1066},{\"@type\":\"BreadcrumbList\",\"@id\":\"https:\\\/\\\/kuzeyinsesi.org\\\/index.php\\\/2026\\\/02\\\/28\\\/ayvalikta-rauf-denktas-kultur-merkezi-acildi\\\/#breadcrumb\",\"itemListElement\":[{\"@type\":\"ListItem\",\"position\":1,\"name\":\"Anasayfa\",\"item\":\"https:\\\/\\\/kuzeyinsesi.org\\\/\"},{\"@type\":\"ListItem\",\"position\":2,\"name\":\"Ayval\u0131k\u2019ta \u201cRauf Denkta\u015f K\u00fclt\u00fcr Merkezi\u201d a\u00e7\u0131ld\u0131\"}]},{\"@type\":\"WebSite\",\"@id\":\"https:\\\/\\\/kuzeyinsesi.org\\\/#website\",\"url\":\"https:\\\/\\\/kuzeyinsesi.org\\\/\",\"name\":\"Kuzeyin Sesi\",\"description\":\"Do\u011fru Haberin Adresi\",\"potentialAction\":[{\"@type\":\"SearchAction\",\"target\":{\"@type\":\"EntryPoint\",\"urlTemplate\":\"https:\\\/\\\/kuzeyinsesi.org\\\/?s={search_term_string}\"},\"query-input\":{\"@type\":\"PropertyValueSpecification\",\"valueRequired\":true,\"valueName\":\"search_term_string\"}}],\"inLanguage\":\"tr\"},{\"@type\":\"Person\",\"@id\":\"https:\\\/\\\/kuzeyinsesi.org\\\/#\\\/schema\\\/person\\\/9f859689cdf01485597712386e37f5aa\",\"name\":\"Kuzeyin Sesi\",\"image\":{\"@type\":\"ImageObject\",\"inLanguage\":\"tr\",\"@id\":\"https:\\\/\\\/secure.gravatar.com\\\/avatar\\\/bab33852abfd8b282518d6ed81826833d77c3c882d9ab608add591ccace47a44?s=96&d=mm&r=g\",\"url\":\"https:\\\/\\\/secure.gravatar.com\\\/avatar\\\/bab33852abfd8b282518d6ed81826833d77c3c882d9ab608add591ccace47a44?s=96&d=mm&r=g\",\"contentUrl\":\"https:\\\/\\\/secure.gravatar.com\\\/avatar\\\/bab33852abfd8b282518d6ed81826833d77c3c882d9ab608add591ccace47a44?s=96&d=mm&r=g\",\"caption\":\"Kuzeyin Sesi\"},\"sameAs\":[\"https:\\\/\\\/kuzeyinsesi.org\"],\"url\":\"https:\\\/\\\/kuzeyinsesi.org\\\/index.php\\\/author\\\/guven\\\/\"}]}<\/script>\n<!-- \/ Yoast SEO plugin. -->","yoast_head_json":{"title":"Ayval\u0131k\u2019ta \u201cRauf Denkta\u015f K\u00fclt\u00fcr Merkezi\u201d a\u00e7\u0131ld\u0131 - Kuzeyin Sesi","robots":{"index":"index","follow":"follow","max-snippet":"max-snippet:-1","max-image-preview":"max-image-preview:large","max-video-preview":"max-video-preview:-1"},"canonical":"https:\/\/kuzeyinsesi.org\/index.php\/2026\/02\/28\/ayvalikta-rauf-denktas-kultur-merkezi-acildi\/","og_locale":"tr_TR","og_type":"article","og_title":"Ayval\u0131k\u2019ta \u201cRauf Denkta\u015f K\u00fclt\u00fcr Merkezi\u201d a\u00e7\u0131ld\u0131 - Kuzeyin Sesi","og_description":"Girne Belediyesi&#8217;nden yap\u0131lan a\u00e7\u0131klamaya g\u00f6re, Girne Belediye Ba\u015fkan\u0131 Murat \u015eenkul ve beraberindeki heyet, Ayval\u0131k Belediyesi Rauf Denkta\u015f K\u00fclt\u00fcr Merkezi a\u00e7\u0131l\u0131\u015f\u0131na kat\u0131ld\u0131. Girne Belediyesi ile karde\u015f \u015fehir olan T\u00fcrkiye Cumhuriyeti Ayval\u0131k Belediyesi\u2019nin daveti \u00fczerine ger\u00e7ekle\u015fen ziyarette, Girne Belediye Ba\u015fkan\u0131 Murat \u015eenkul&#8217;un yan\u0131 s\u0131ra Meclis \u00dcyeleri Mete \u00dcnal Girgen, Kani Medo \u00c7a\u011fla ile D\u0131\u015f \u0130li\u015fkiler Koordinat\u00f6r\u00fc Fatih [&hellip;]","og_url":"https:\/\/kuzeyinsesi.org\/index.php\/2026\/02\/28\/ayvalikta-rauf-denktas-kultur-merkezi-acildi\/","og_site_name":"Kuzeyin Sesi","article_publisher":"https:\/\/www.facebook.com\/kuzeyinsesii","article_published_time":"2026-02-28T13:11:19+00:00","author":"Kuzeyin Sesi","twitter_card":"summary_large_image","twitter_creator":"@kuzeyinsesii","twitter_site":"@kuzeyinsesii","twitter_misc":{"Yazan:":"Kuzeyin Sesi","Tahmini okuma s\u00fcresi":"1 dakika"},"schema":{"@context":"https:\/\/schema.org","@graph":[{"@type":"Article","@id":"https:\/\/kuzeyinsesi.org\/index.php\/2026\/02\/28\/ayvalikta-rauf-denktas-kultur-merkezi-acildi\/#article","isPartOf":{"@id":"https:\/\/kuzeyinsesi.org\/index.php\/2026\/02\/28\/ayvalikta-rauf-denktas-kultur-merkezi-acildi\/"},"author":{"name":"Kuzeyin Sesi","@id":"https:\/\/kuzeyinsesi.org\/#\/schema\/person\/9f859689cdf01485597712386e37f5aa"},"headline":"Ayval\u0131k\u2019ta \u201cRauf Denkta\u015f K\u00fclt\u00fcr Merkezi\u201d a\u00e7\u0131ld\u0131","datePublished":"2026-02-28T13:11:19+00:00","mainEntityOfPage":{"@id":"https:\/\/kuzeyinsesi.org\/index.php\/2026\/02\/28\/ayvalikta-rauf-denktas-kultur-merkezi-acildi\/"},"wordCount":243,"commentCount":0,"image":{"@id":"https:\/\/kuzeyinsesi.org\/index.php\/2026\/02\/28\/ayvalikta-rauf-denktas-kultur-merkezi-acildi\/#primaryimage"},"thumbnailUrl":"https:\/\/kuzeyinsesi.org\/wp-content\/uploads\/2026\/02\/1772277363397GIRNE-BELEDIYESI-AYVALIK-RAUF-DENKTAS-3.jpg","articleSection":["K\u0131br\u0131s"],"inLanguage":"tr","potentialAction":[{"@type":"CommentAction","name":"Comment","target":["https:\/\/kuzeyinsesi.org\/index.php\/2026\/02\/28\/ayvalikta-rauf-denktas-kultur-merkezi-acildi\/#respond"]}]},{"@type":"WebPage","@id":"https:\/\/kuzeyinsesi.org\/index.php\/2026\/02\/28\/ayvalikta-rauf-denktas-kultur-merkezi-acildi\/","url":"https:\/\/kuzeyinsesi.org\/index.php\/2026\/02\/28\/ayvalikta-rauf-denktas-kultur-merkezi-acildi\/","name":"Ayval\u0131k\u2019ta \u201cRauf Denkta\u015f K\u00fclt\u00fcr Merkezi\u201d a\u00e7\u0131ld\u0131 - Kuzeyin Sesi","isPartOf":{"@id":"https:\/\/kuzeyinsesi.org\/#website"},"primaryImageOfPage":{"@id":"https:\/\/kuzeyinsesi.org\/index.php\/2026\/02\/28\/ayvalikta-rauf-denktas-kultur-merkezi-acildi\/#primaryimage"},"image":{"@id":"https:\/\/kuzeyinsesi.org\/index.php\/2026\/02\/28\/ayvalikta-rauf-denktas-kultur-merkezi-acildi\/#primaryimage"},"thumbnailUrl":"https:\/\/kuzeyinsesi.org\/wp-content\/uploads\/2026\/02\/1772277363397GIRNE-BELEDIYESI-AYVALIK-RAUF-DENKTAS-3.jpg","datePublished":"2026-02-28T13:11:19+00:00","author":{"@id":"https:\/\/kuzeyinsesi.org\/#\/schema\/person\/9f859689cdf01485597712386e37f5aa"},"breadcrumb":{"@id":"https:\/\/kuzeyinsesi.org\/index.php\/2026\/02\/28\/ayvalikta-rauf-denktas-kultur-merkezi-acildi\/#breadcrumb"},"inLanguage":"tr","potentialAction":[{"@type":"ReadAction","target":["https:\/\/kuzeyinsesi.org\/index.php\/2026\/02\/28\/ayvalikta-rauf-denktas-kultur-merkezi-acildi\/"]}]},{"@type":"ImageObject","inLanguage":"tr","@id":"https:\/\/kuzeyinsesi.org\/index.php\/2026\/02\/28\/ayvalikta-rauf-denktas-kultur-merkezi-acildi\/#primaryimage","url":"https:\/\/kuzeyinsesi.org\/wp-content\/uploads\/2026\/02\/1772277363397GIRNE-BELEDIYESI-AYVALIK-RAUF-DENKTAS-3.jpg","contentUrl":"https:\/\/kuzeyinsesi.org\/wp-content\/uploads\/2026\/02\/1772277363397GIRNE-BELEDIYESI-AYVALIK-RAUF-DENKTAS-3.jpg","width":1600,"height":1066},{"@type":"BreadcrumbList","@id":"https:\/\/kuzeyinsesi.org\/index.php\/2026\/02\/28\/ayvalikta-rauf-denktas-kultur-merkezi-acildi\/#breadcrumb","itemListElement":[{"@type":"ListItem","position":1,"name":"Anasayfa","item":"https:\/\/kuzeyinsesi.org\/"},{"@type":"ListItem","position":2,"name":"Ayval\u0131k\u2019ta \u201cRauf Denkta\u015f K\u00fclt\u00fcr Merkezi\u201d a\u00e7\u0131ld\u0131"}]},{"@type":"WebSite","@id":"https:\/\/kuzeyinsesi.org\/#website","url":"https:\/\/kuzeyinsesi.org\/","name":"Kuzeyin Sesi","description":"Do\u011fru Haberin Adresi","potentialAction":[{"@type":"SearchAction","target":{"@type":"EntryPoint","urlTemplate":"https:\/\/kuzeyinsesi.org\/?s={search_term_string}"},"query-input":{"@type":"PropertyValueSpecification","valueRequired":true,"valueName":"search_term_string"}}],"inLanguage":"tr"},{"@type":"Person","@id":"https:\/\/kuzeyinsesi.org\/#\/schema\/person\/9f859689cdf01485597712386e37f5aa","name":"Kuzeyin Sesi","image":{"@type":"ImageObject","inLanguage":"tr","@id":"https:\/\/secure.gravatar.com\/avatar\/bab33852abfd8b282518d6ed81826833d77c3c882d9ab608add591ccace47a44?s=96&d=mm&r=g","url":"https:\/\/secure.gravatar.com\/avatar\/bab33852abfd8b282518d6ed81826833d77c3c882d9ab608add591ccace47a44?s=96&d=mm&r=g","contentUrl":"https:\/\/secure.gravatar.com\/avatar\/bab33852abfd8b282518d6ed81826833d77c3c882d9ab608add591ccace47a44?s=96&d=mm&r=g","caption":"Kuzeyin Sesi"},"sameAs":["https:\/\/kuzeyinsesi.org"],"url":"https:\/\/kuzeyinsesi.org\/index.php\/author\/guven\/"}]}},"_links":{"self":[{"href":"https:\/\/kuzeyinsesi.org\/index.php\/wp-json\/wp\/v2\/posts\/36049","targetHints":{"allow":["GET"]}}],"collection":[{"href":"https:\/\/kuzeyinsesi.org\/index.php\/wp-json\/wp\/v2\/posts"}],"about":[{"href":"https:\/\/kuzeyinsesi.org\/index.php\/wp-json\/wp\/v2\/types\/post"}],"author":[{"embeddable":true,"href":"https:\/\/kuzeyinsesi.org\/index.php\/wp-json\/wp\/v2\/users\/1"}],"replies":[{"embeddable":true,"href":"https:\/\/kuzeyinsesi.org\/index.php\/wp-json\/wp\/v2\/comments?post=36049"}],"version-history":[{"count":0,"href":"https:\/\/kuzeyinsesi.org\/index.php\/wp-json\/wp\/v2\/posts\/36049\/revisions"}],"wp:featuredmedia":[{"embeddable":true,"href":"https:\/\/kuzeyinsesi.org\/index.php\/wp-json\/wp\/v2\/media\/36050"}],"wp:attachment":[{"href":"https:\/\/kuzeyinsesi.org\/index.php\/wp-json\/wp\/v2\/media?parent=36049"}],"wp:term":[{"taxonomy":"category","embeddable":true,"href":"https:\/\/kuzeyinsesi.org\/index.php\/wp-json\/wp\/v2\/categories?post=36049"},{"taxonomy":"post_tag","embeddable":true,"href":"https:\/\/kuzeyinsesi.org\/index.php\/wp-json\/wp\/v2\/tags?post=36049"}],"curies":[{"name":"wp","href":"https:\/\/api.w.org\/{rel}","templated":true}]}}