{"id":36047,"date":"2026-02-28T15:05:46","date_gmt":"2026-02-28T13:05:46","guid":{"rendered":"https:\/\/kuzeyinsesi.org\/index.php\/2026\/02\/28\/polisiye-olaylar-2\/"},"modified":"2026-02-28T15:05:46","modified_gmt":"2026-02-28T13:05:46","slug":"polisiye-olaylar-2","status":"publish","type":"post","link":"https:\/\/kuzeyinsesi.org\/index.php\/2026\/02\/28\/polisiye-olaylar-2\/","title":{"rendered":"Polisiye olaylar\u2026"},"content":{"rendered":"<p style=\"font-weight: 300\"><span style=\"font-weight: 300 !important\">Polisten verilen bilgiye g\u00f6re, Eyl\u00fcl 2025\u2019te, Girne\u2019de faaliyet g\u00f6steren bir i\u015fletmede kasiyer olarak \u00e7al\u0131\u015fan M.S.H.\u2019nin (E-27), i\u015fletmede kullan\u0131lmak \u00fczere al\u0131nan 250 kilogram tavu\u011fu, 486 kilogram mozerella peynirini, 317 kilogram k\u0131rm\u0131z\u0131 eti, 125 kilogram dondurmay\u0131, 318 kilogram patates k\u0131zartmas\u0131n\u0131, 12 kilogram biber ile i\u015fletmeye internet uygulamas\u0131 \u00fczerinden gelen ve m\u00fc\u015fterilerin vermi\u015f oldu\u011fu sipari\u015flerden temin edilen hen\u00fcz tespit edilemeyen miktardaki paray\u0131, kasa sistemine girmeyip \u00e7ald\u0131\u011f\u0131 tespit edildi. \u00a0Olay polisin bilgisine gelmesi \u00fczerine y\u00fcr\u00fct\u00fclen ileri soru\u015fturmada, M.S.H. tespit edilerek tutukland\u0131.<\/span><\/p>\n<p style=\"font-weight: 300\"><span style=\"font-weight: 300 !important\">Ayr\u0131ca 15 \u015eubat tarihinde, saat 18.00 s\u0131ralar\u0131nda, bahse konu i\u015fletmenin yan k\u0131s\u0131mdaki alanda, konu i\u015fyerinin i\u015fletmeci M.O.(E-55), i\u015fletmeye ait paray\u0131 \u00e7ald\u0131\u011f\u0131n\u0131 d\u00fc\u015f\u00fcnd\u00fc\u011f\u00fc gerek\u00e7esiyle kasiyer M.S.H.\u2019ye (E-27) hitaben \u015fiddet kullanma tehdidinde bulundu ve v\u00fccudunun muhtelif yerlerine vurup ciddi \u015fekilde darp etti. Ard\u0131ndan, M.S.H.\u2019nin elinde tuttu\u011fu Iphone 16 pro max cep telefonunu da izni d\u0131\u015f\u0131nda zorla al\u0131p \u00e7ald\u0131. Olay polisin bilgisine gelmesi \u00fczerine y\u00fcr\u00fct\u00fclen ileri soru\u015fturmada, M.O. da tespit edilerek tutukland\u0131.<\/span><\/p>\n<p style=\"font-weight: 300\"><span style=\"font-weight: 300 !important\">&#8211; P\u0131narba\u015f\u0131\u2019nda makinist garaj\u0131n\u0131n bah\u00e7esinde h\u0131rs\u0131zl\u0131k<\/span><\/p>\n<p style=\"font-weight: 300\"><span style=\"font-weight: 300 !important\">P\u0131narba\u015f\u0131\u2019nda faaliyet g\u00f6steren bir makinist garaj\u0131n\u0131n bah\u00e7esi i\u00e7erisinde, ar\u0131zal\u0131 \u015fekilde bulunan toplam alt\u0131 adet arac\u0131n ak\u00fcleri ile bir arac\u0131n radyo teybi kimli\u011fi me\u00e7hul \u015fah\u0131s veya \u015fah\u0131slar taraf\u0131ndan olduklar\u0131 yerden s\u00f6k\u00fcl\u00fcp \u00e7al\u0131nd\u0131.<\/span><\/p>\n<p style=\"font-weight: 300\"><span style=\"font-weight: 300 !important\">20-21 \u015eubat tarihinde meydana gelen olay\u0131n polisin bilgisine gelmesi \u00fczerine y\u00fcr\u00fct\u00fclen ileri soru\u015fturmada, meselede zanl\u0131 olarak g\u00f6r\u00fclen E.Z.(E-37) tespit edilerek tutukland\u0131.<\/span><\/p>\n<p style=\"font-weight: 300\"><span style=\"font-weight: 300 !important\">-\u00c7atalk\u00f6y\u2019de hotel lobisinde \u201ckavga, sarho\u015fluk ve rahats\u0131zl\u0131k\u201d: \u0130ki ki\u015fi tutukland\u0131<\/span><\/p>\n<p style=\"font-weight: 300\"><span style=\"font-weight: 300 !important\">\u00c7atalk\u00f6y\u2019de hotel lobisinde \u201ckavga, sarho\u015fluk ve rahats\u0131zl\u0131k\u201d gerek\u00e7esiyle iki ki\u015fi tutukland\u0131.<\/span><\/p>\n<p style=\"font-weight: 300\"><span style=\"font-weight: 300 !important\">Polisten verilen bilgiye g\u00f6re bu sabah, saat 02.00 s\u0131ralar\u0131nda \u00c7atalk\u00f6y\u2019de faaliyet g\u00f6steren bir hotelin lobi k\u0131sm\u0131nda, aralar\u0131nda ya\u015fanan tart\u0131\u015fmaya sonucu, otelde m\u00fc\u015fteri olarak bulunan E.L.(E-36) 106 miligram alkoll\u00fc i\u00e7ki tesiri alt\u0131nda sarho\u015f oldu\u011fu s\u0131rada bir taraf olup, di\u011fer taraf olan N.M.(E-39) ile birbirlerinin v\u00fccutlar\u0131n\u0131n muhtelif yerlerine vurmak suretiyle kavga edip, y\u00fcksek sesle ba\u011f\u0131r\u0131p \u00e7a\u011f\u0131rmak suretiyle de rahats\u0131zl\u0131k yapt\u0131.<\/span><\/p>\n<p style=\"font-weight: 300\"><span style=\"font-weight: 300 !important\">Bahse konu \u015fah\u0131slar tutukland\u0131, soru\u015fturma devam ediyor.<\/span><\/p>\n<p style=\"font-weight: 300\"><span style=\"font-weight: 300 !important\">&#8211; \u0130zinsiz ikametten alt\u0131 ki\u015fiye yasal i\u015flem<\/span><\/p>\n<p style=\"font-weight: 300\"><span style=\"font-weight: 300 !important\">D\u00fcn, polis ekipleri taraf\u0131ndan \u00fclke genelinde yap\u0131lan denetim ve kontrollerde, \u00fclkede yasal stat\u00fcs\u00fc olmad\u0131\u011f\u0131 halde, ikamet izinsiz olarak ikamet etti\u011fi tespit edilen alt\u0131 ki\u015fi tutuklanarak aleyhlerinde yasal i\u015flem ba\u015flat\u0131ld\u0131.<\/span><\/p>\n<p style=\"font-weight: 300\"><span style=\"font-weight: 300 !important\">&#8211; Alayk\u00f6y\u2019de oto kaporta garaj\u0131nda yang\u0131n<\/span><\/p>\n<p style=\"font-weight: 300\">D\u00fcn, saat 23.30 s\u0131ralar\u0131nda, Alayk\u00f6y\u2019de faaliyet g\u00f6steren bir oto kaporta garaj\u0131nda, hen\u00fcz tespit edilemeyen sebepten dolay\u0131 yang\u0131n medyana geldi.<\/p>\n<p style=\"font-weight: 300\"><span style=\"font-weight: 300 !important\">Yang\u0131n sonucu; sandvi\u00e7 panelden imal edilmi\u015f dolap, kaynak makinesi, boya f\u0131r\u0131n motoru, 2 adet \u015farjl\u0131 spiral makinesi, pasta cila makinesi ve muhtelif kaporta boya e\u015fyalar\u0131 yanarak zarar g\u00f6r\u00fcrken, \u00e7\u0131kan \u0131s\u0131dan dolay\u0131 ise i\u015fyeri i\u00e7erisinde bulunan bir arac\u0131n sa\u011f ve \u00f6n k\u0131s\u0131mlar\u0131 da zarar g\u00f6rd\u00fc.<\/span><\/p>\n<p style=\"font-weight: 300\"><span style=\"font-weight: 300 !important\">Ayr\u0131ca yang\u0131n\u0131n konu i\u015fyerinin yan taraf\u0131nda bulunan mobilya ma\u011fazas\u0131na da sirayet etmesi sonucunda, i\u015fyeri i\u00e7erisinde palet \u00fczerinde y\u0131\u011f\u0131n halde bulunan ah\u015fap sandalye arkal\u0131klar\u0131 ile d\u00f6rt adet sandalye kal\u0131b\u0131 yanarak zarar g\u00f6rd\u00fc.<\/span><\/p>\n<p style=\"font-weight: 300\"><span style=\"font-weight: 300 !important\">Yang\u0131n itfaiye ekipleri taraf\u0131ndan s\u00f6nd\u00fcr\u00fcld\u00fc, soru\u015fturma devam ediyor.<\/span><\/p>\n<p>Polisiye olaylar&#8230; yaz\u0131s\u0131 ilk \u00f6nce K\u0131br\u0131s Hakikat \u00fczerinde ortaya \u00e7\u0131kt\u0131.<\/p>\n","protected":false},"excerpt":{"rendered":"<p>Polisten verilen bilgiye g\u00f6re, Eyl\u00fcl 2025\u2019te, Girne\u2019de faaliyet g\u00f6steren bir i\u015fletmede kasiyer olarak \u00e7al\u0131\u015fan M.S.H.\u2019nin (E-27), i\u015fletmede kullan\u0131lmak \u00fczere al\u0131nan 250 kilogram tavu\u011fu, 486 kilogram mozerella peynirini, 317 kilogram k\u0131rm\u0131z\u0131 eti, 125 kilogram dondurmay\u0131, 318 kilogram patates k\u0131zartmas\u0131n\u0131, 12 kilogram biber ile i\u015fletmeye internet uygulamas\u0131 \u00fczerinden gelen ve m\u00fc\u015fterilerin vermi\u015f oldu\u011fu sipari\u015flerden temin edilen hen\u00fcz [&hellip;]<\/p>\n","protected":false},"author":1,"featured_media":36048,"comment_status":"open","ping_status":"open","sticky":false,"template":"","format":"standard","meta":{"jnews-multi-image_gallery":[],"jnews_single_post":[],"jnews_primary_category":[],"jnews_social_meta":[],"jnews_override_counter":[],"footnotes":""},"categories":[1],"tags":[],"class_list":["post-36047","post","type-post","status-publish","format-standard","has-post-thumbnail","hentry","category-kibris"],"yoast_head":"<!-- This site is optimized with the Yoast SEO plugin v27.5 - https:\/\/yoast.com\/product\/yoast-seo-wordpress\/ -->\n<title>Polisiye olaylar\u2026 - Kuzeyin Sesi<\/title>\n<meta name=\"robots\" content=\"index, follow, max-snippet:-1, max-image-preview:large, max-video-preview:-1\" \/>\n<link rel=\"canonical\" href=\"https:\/\/kuzeyinsesi.org\/index.php\/2026\/02\/28\/polisiye-olaylar-2\/\" \/>\n<meta property=\"og:locale\" content=\"tr_TR\" \/>\n<meta property=\"og:type\" content=\"article\" \/>\n<meta property=\"og:title\" content=\"Polisiye olaylar\u2026 - Kuzeyin Sesi\" \/>\n<meta property=\"og:description\" content=\"Polisten verilen bilgiye g\u00f6re, Eyl\u00fcl 2025\u2019te, Girne\u2019de faaliyet g\u00f6steren bir i\u015fletmede kasiyer olarak \u00e7al\u0131\u015fan M.S.H.\u2019nin (E-27), i\u015fletmede kullan\u0131lmak \u00fczere al\u0131nan 250 kilogram tavu\u011fu, 486 kilogram mozerella peynirini, 317 kilogram k\u0131rm\u0131z\u0131 eti, 125 kilogram dondurmay\u0131, 318 kilogram patates k\u0131zartmas\u0131n\u0131, 12 kilogram biber ile i\u015fletmeye internet uygulamas\u0131 \u00fczerinden gelen ve m\u00fc\u015fterilerin vermi\u015f oldu\u011fu sipari\u015flerden temin edilen hen\u00fcz [&hellip;]\" \/>\n<meta property=\"og:url\" content=\"https:\/\/kuzeyinsesi.org\/index.php\/2026\/02\/28\/polisiye-olaylar-2\/\" \/>\n<meta property=\"og:site_name\" content=\"Kuzeyin Sesi\" \/>\n<meta property=\"article:publisher\" content=\"https:\/\/www.facebook.com\/kuzeyinsesii\" \/>\n<meta property=\"article:published_time\" content=\"2026-02-28T13:05:46+00:00\" \/>\n<meta name=\"author\" content=\"Kuzeyin Sesi\" \/>\n<meta name=\"twitter:card\" content=\"summary_large_image\" \/>\n<meta name=\"twitter:creator\" content=\"@kuzeyinsesii\" \/>\n<meta name=\"twitter:site\" content=\"@kuzeyinsesii\" \/>\n<meta name=\"twitter:label1\" content=\"Yazan:\" \/>\n\t<meta name=\"twitter:data1\" content=\"Kuzeyin Sesi\" \/>\n\t<meta name=\"twitter:label2\" content=\"Tahmini okuma s\u00fcresi\" \/>\n\t<meta name=\"twitter:data2\" content=\"3 dakika\" \/>\n<script type=\"application\/ld+json\" class=\"yoast-schema-graph\">{\"@context\":\"https:\\\/\\\/schema.org\",\"@graph\":[{\"@type\":\"Article\",\"@id\":\"https:\\\/\\\/kuzeyinsesi.org\\\/index.php\\\/2026\\\/02\\\/28\\\/polisiye-olaylar-2\\\/#article\",\"isPartOf\":{\"@id\":\"https:\\\/\\\/kuzeyinsesi.org\\\/index.php\\\/2026\\\/02\\\/28\\\/polisiye-olaylar-2\\\/\"},\"author\":{\"name\":\"Kuzeyin Sesi\",\"@id\":\"https:\\\/\\\/kuzeyinsesi.org\\\/#\\\/schema\\\/person\\\/9f859689cdf01485597712386e37f5aa\"},\"headline\":\"Polisiye olaylar\u2026\",\"datePublished\":\"2026-02-28T13:05:46+00:00\",\"mainEntityOfPage\":{\"@id\":\"https:\\\/\\\/kuzeyinsesi.org\\\/index.php\\\/2026\\\/02\\\/28\\\/polisiye-olaylar-2\\\/\"},\"wordCount\":632,\"commentCount\":0,\"image\":{\"@id\":\"https:\\\/\\\/kuzeyinsesi.org\\\/index.php\\\/2026\\\/02\\\/28\\\/polisiye-olaylar-2\\\/#primaryimage\"},\"thumbnailUrl\":\"https:\\\/\\\/kuzeyinsesi.org\\\/wp-content\\\/uploads\\\/2026\\\/02\\\/1772276603970polis-kktc401.jpg\",\"articleSection\":[\"K\u0131br\u0131s\"],\"inLanguage\":\"tr\",\"potentialAction\":[{\"@type\":\"CommentAction\",\"name\":\"Comment\",\"target\":[\"https:\\\/\\\/kuzeyinsesi.org\\\/index.php\\\/2026\\\/02\\\/28\\\/polisiye-olaylar-2\\\/#respond\"]}]},{\"@type\":\"WebPage\",\"@id\":\"https:\\\/\\\/kuzeyinsesi.org\\\/index.php\\\/2026\\\/02\\\/28\\\/polisiye-olaylar-2\\\/\",\"url\":\"https:\\\/\\\/kuzeyinsesi.org\\\/index.php\\\/2026\\\/02\\\/28\\\/polisiye-olaylar-2\\\/\",\"name\":\"Polisiye olaylar\u2026 - Kuzeyin Sesi\",\"isPartOf\":{\"@id\":\"https:\\\/\\\/kuzeyinsesi.org\\\/#website\"},\"primaryImageOfPage\":{\"@id\":\"https:\\\/\\\/kuzeyinsesi.org\\\/index.php\\\/2026\\\/02\\\/28\\\/polisiye-olaylar-2\\\/#primaryimage\"},\"image\":{\"@id\":\"https:\\\/\\\/kuzeyinsesi.org\\\/index.php\\\/2026\\\/02\\\/28\\\/polisiye-olaylar-2\\\/#primaryimage\"},\"thumbnailUrl\":\"https:\\\/\\\/kuzeyinsesi.org\\\/wp-content\\\/uploads\\\/2026\\\/02\\\/1772276603970polis-kktc401.jpg\",\"datePublished\":\"2026-02-28T13:05:46+00:00\",\"author\":{\"@id\":\"https:\\\/\\\/kuzeyinsesi.org\\\/#\\\/schema\\\/person\\\/9f859689cdf01485597712386e37f5aa\"},\"breadcrumb\":{\"@id\":\"https:\\\/\\\/kuzeyinsesi.org\\\/index.php\\\/2026\\\/02\\\/28\\\/polisiye-olaylar-2\\\/#breadcrumb\"},\"inLanguage\":\"tr\",\"potentialAction\":[{\"@type\":\"ReadAction\",\"target\":[\"https:\\\/\\\/kuzeyinsesi.org\\\/index.php\\\/2026\\\/02\\\/28\\\/polisiye-olaylar-2\\\/\"]}]},{\"@type\":\"ImageObject\",\"inLanguage\":\"tr\",\"@id\":\"https:\\\/\\\/kuzeyinsesi.org\\\/index.php\\\/2026\\\/02\\\/28\\\/polisiye-olaylar-2\\\/#primaryimage\",\"url\":\"https:\\\/\\\/kuzeyinsesi.org\\\/wp-content\\\/uploads\\\/2026\\\/02\\\/1772276603970polis-kktc401.jpg\",\"contentUrl\":\"https:\\\/\\\/kuzeyinsesi.org\\\/wp-content\\\/uploads\\\/2026\\\/02\\\/1772276603970polis-kktc401.jpg\",\"width\":880,\"height\":440},{\"@type\":\"BreadcrumbList\",\"@id\":\"https:\\\/\\\/kuzeyinsesi.org\\\/index.php\\\/2026\\\/02\\\/28\\\/polisiye-olaylar-2\\\/#breadcrumb\",\"itemListElement\":[{\"@type\":\"ListItem\",\"position\":1,\"name\":\"Anasayfa\",\"item\":\"https:\\\/\\\/kuzeyinsesi.org\\\/\"},{\"@type\":\"ListItem\",\"position\":2,\"name\":\"Polisiye olaylar\u2026\"}]},{\"@type\":\"WebSite\",\"@id\":\"https:\\\/\\\/kuzeyinsesi.org\\\/#website\",\"url\":\"https:\\\/\\\/kuzeyinsesi.org\\\/\",\"name\":\"Kuzeyin Sesi\",\"description\":\"Do\u011fru Haberin Adresi\",\"potentialAction\":[{\"@type\":\"SearchAction\",\"target\":{\"@type\":\"EntryPoint\",\"urlTemplate\":\"https:\\\/\\\/kuzeyinsesi.org\\\/?s={search_term_string}\"},\"query-input\":{\"@type\":\"PropertyValueSpecification\",\"valueRequired\":true,\"valueName\":\"search_term_string\"}}],\"inLanguage\":\"tr\"},{\"@type\":\"Person\",\"@id\":\"https:\\\/\\\/kuzeyinsesi.org\\\/#\\\/schema\\\/person\\\/9f859689cdf01485597712386e37f5aa\",\"name\":\"Kuzeyin Sesi\",\"image\":{\"@type\":\"ImageObject\",\"inLanguage\":\"tr\",\"@id\":\"https:\\\/\\\/secure.gravatar.com\\\/avatar\\\/bab33852abfd8b282518d6ed81826833d77c3c882d9ab608add591ccace47a44?s=96&d=mm&r=g\",\"url\":\"https:\\\/\\\/secure.gravatar.com\\\/avatar\\\/bab33852abfd8b282518d6ed81826833d77c3c882d9ab608add591ccace47a44?s=96&d=mm&r=g\",\"contentUrl\":\"https:\\\/\\\/secure.gravatar.com\\\/avatar\\\/bab33852abfd8b282518d6ed81826833d77c3c882d9ab608add591ccace47a44?s=96&d=mm&r=g\",\"caption\":\"Kuzeyin Sesi\"},\"sameAs\":[\"https:\\\/\\\/kuzeyinsesi.org\"],\"url\":\"https:\\\/\\\/kuzeyinsesi.org\\\/index.php\\\/author\\\/guven\\\/\"}]}<\/script>\n<!-- \/ Yoast SEO plugin. -->","yoast_head_json":{"title":"Polisiye olaylar\u2026 - Kuzeyin Sesi","robots":{"index":"index","follow":"follow","max-snippet":"max-snippet:-1","max-image-preview":"max-image-preview:large","max-video-preview":"max-video-preview:-1"},"canonical":"https:\/\/kuzeyinsesi.org\/index.php\/2026\/02\/28\/polisiye-olaylar-2\/","og_locale":"tr_TR","og_type":"article","og_title":"Polisiye olaylar\u2026 - Kuzeyin Sesi","og_description":"Polisten verilen bilgiye g\u00f6re, Eyl\u00fcl 2025\u2019te, Girne\u2019de faaliyet g\u00f6steren bir i\u015fletmede kasiyer olarak \u00e7al\u0131\u015fan M.S.H.\u2019nin (E-27), i\u015fletmede kullan\u0131lmak \u00fczere al\u0131nan 250 kilogram tavu\u011fu, 486 kilogram mozerella peynirini, 317 kilogram k\u0131rm\u0131z\u0131 eti, 125 kilogram dondurmay\u0131, 318 kilogram patates k\u0131zartmas\u0131n\u0131, 12 kilogram biber ile i\u015fletmeye internet uygulamas\u0131 \u00fczerinden gelen ve m\u00fc\u015fterilerin vermi\u015f oldu\u011fu sipari\u015flerden temin edilen hen\u00fcz [&hellip;]","og_url":"https:\/\/kuzeyinsesi.org\/index.php\/2026\/02\/28\/polisiye-olaylar-2\/","og_site_name":"Kuzeyin Sesi","article_publisher":"https:\/\/www.facebook.com\/kuzeyinsesii","article_published_time":"2026-02-28T13:05:46+00:00","author":"Kuzeyin Sesi","twitter_card":"summary_large_image","twitter_creator":"@kuzeyinsesii","twitter_site":"@kuzeyinsesii","twitter_misc":{"Yazan:":"Kuzeyin Sesi","Tahmini okuma s\u00fcresi":"3 dakika"},"schema":{"@context":"https:\/\/schema.org","@graph":[{"@type":"Article","@id":"https:\/\/kuzeyinsesi.org\/index.php\/2026\/02\/28\/polisiye-olaylar-2\/#article","isPartOf":{"@id":"https:\/\/kuzeyinsesi.org\/index.php\/2026\/02\/28\/polisiye-olaylar-2\/"},"author":{"name":"Kuzeyin Sesi","@id":"https:\/\/kuzeyinsesi.org\/#\/schema\/person\/9f859689cdf01485597712386e37f5aa"},"headline":"Polisiye olaylar\u2026","datePublished":"2026-02-28T13:05:46+00:00","mainEntityOfPage":{"@id":"https:\/\/kuzeyinsesi.org\/index.php\/2026\/02\/28\/polisiye-olaylar-2\/"},"wordCount":632,"commentCount":0,"image":{"@id":"https:\/\/kuzeyinsesi.org\/index.php\/2026\/02\/28\/polisiye-olaylar-2\/#primaryimage"},"thumbnailUrl":"https:\/\/kuzeyinsesi.org\/wp-content\/uploads\/2026\/02\/1772276603970polis-kktc401.jpg","articleSection":["K\u0131br\u0131s"],"inLanguage":"tr","potentialAction":[{"@type":"CommentAction","name":"Comment","target":["https:\/\/kuzeyinsesi.org\/index.php\/2026\/02\/28\/polisiye-olaylar-2\/#respond"]}]},{"@type":"WebPage","@id":"https:\/\/kuzeyinsesi.org\/index.php\/2026\/02\/28\/polisiye-olaylar-2\/","url":"https:\/\/kuzeyinsesi.org\/index.php\/2026\/02\/28\/polisiye-olaylar-2\/","name":"Polisiye olaylar\u2026 - Kuzeyin Sesi","isPartOf":{"@id":"https:\/\/kuzeyinsesi.org\/#website"},"primaryImageOfPage":{"@id":"https:\/\/kuzeyinsesi.org\/index.php\/2026\/02\/28\/polisiye-olaylar-2\/#primaryimage"},"image":{"@id":"https:\/\/kuzeyinsesi.org\/index.php\/2026\/02\/28\/polisiye-olaylar-2\/#primaryimage"},"thumbnailUrl":"https:\/\/kuzeyinsesi.org\/wp-content\/uploads\/2026\/02\/1772276603970polis-kktc401.jpg","datePublished":"2026-02-28T13:05:46+00:00","author":{"@id":"https:\/\/kuzeyinsesi.org\/#\/schema\/person\/9f859689cdf01485597712386e37f5aa"},"breadcrumb":{"@id":"https:\/\/kuzeyinsesi.org\/index.php\/2026\/02\/28\/polisiye-olaylar-2\/#breadcrumb"},"inLanguage":"tr","potentialAction":[{"@type":"ReadAction","target":["https:\/\/kuzeyinsesi.org\/index.php\/2026\/02\/28\/polisiye-olaylar-2\/"]}]},{"@type":"ImageObject","inLanguage":"tr","@id":"https:\/\/kuzeyinsesi.org\/index.php\/2026\/02\/28\/polisiye-olaylar-2\/#primaryimage","url":"https:\/\/kuzeyinsesi.org\/wp-content\/uploads\/2026\/02\/1772276603970polis-kktc401.jpg","contentUrl":"https:\/\/kuzeyinsesi.org\/wp-content\/uploads\/2026\/02\/1772276603970polis-kktc401.jpg","width":880,"height":440},{"@type":"BreadcrumbList","@id":"https:\/\/kuzeyinsesi.org\/index.php\/2026\/02\/28\/polisiye-olaylar-2\/#breadcrumb","itemListElement":[{"@type":"ListItem","position":1,"name":"Anasayfa","item":"https:\/\/kuzeyinsesi.org\/"},{"@type":"ListItem","position":2,"name":"Polisiye olaylar\u2026"}]},{"@type":"WebSite","@id":"https:\/\/kuzeyinsesi.org\/#website","url":"https:\/\/kuzeyinsesi.org\/","name":"Kuzeyin Sesi","description":"Do\u011fru Haberin Adresi","potentialAction":[{"@type":"SearchAction","target":{"@type":"EntryPoint","urlTemplate":"https:\/\/kuzeyinsesi.org\/?s={search_term_string}"},"query-input":{"@type":"PropertyValueSpecification","valueRequired":true,"valueName":"search_term_string"}}],"inLanguage":"tr"},{"@type":"Person","@id":"https:\/\/kuzeyinsesi.org\/#\/schema\/person\/9f859689cdf01485597712386e37f5aa","name":"Kuzeyin Sesi","image":{"@type":"ImageObject","inLanguage":"tr","@id":"https:\/\/secure.gravatar.com\/avatar\/bab33852abfd8b282518d6ed81826833d77c3c882d9ab608add591ccace47a44?s=96&d=mm&r=g","url":"https:\/\/secure.gravatar.com\/avatar\/bab33852abfd8b282518d6ed81826833d77c3c882d9ab608add591ccace47a44?s=96&d=mm&r=g","contentUrl":"https:\/\/secure.gravatar.com\/avatar\/bab33852abfd8b282518d6ed81826833d77c3c882d9ab608add591ccace47a44?s=96&d=mm&r=g","caption":"Kuzeyin Sesi"},"sameAs":["https:\/\/kuzeyinsesi.org"],"url":"https:\/\/kuzeyinsesi.org\/index.php\/author\/guven\/"}]}},"_links":{"self":[{"href":"https:\/\/kuzeyinsesi.org\/index.php\/wp-json\/wp\/v2\/posts\/36047","targetHints":{"allow":["GET"]}}],"collection":[{"href":"https:\/\/kuzeyinsesi.org\/index.php\/wp-json\/wp\/v2\/posts"}],"about":[{"href":"https:\/\/kuzeyinsesi.org\/index.php\/wp-json\/wp\/v2\/types\/post"}],"author":[{"embeddable":true,"href":"https:\/\/kuzeyinsesi.org\/index.php\/wp-json\/wp\/v2\/users\/1"}],"replies":[{"embeddable":true,"href":"https:\/\/kuzeyinsesi.org\/index.php\/wp-json\/wp\/v2\/comments?post=36047"}],"version-history":[{"count":0,"href":"https:\/\/kuzeyinsesi.org\/index.php\/wp-json\/wp\/v2\/posts\/36047\/revisions"}],"wp:featuredmedia":[{"embeddable":true,"href":"https:\/\/kuzeyinsesi.org\/index.php\/wp-json\/wp\/v2\/media\/36048"}],"wp:attachment":[{"href":"https:\/\/kuzeyinsesi.org\/index.php\/wp-json\/wp\/v2\/media?parent=36047"}],"wp:term":[{"taxonomy":"category","embeddable":true,"href":"https:\/\/kuzeyinsesi.org\/index.php\/wp-json\/wp\/v2\/categories?post=36047"},{"taxonomy":"post_tag","embeddable":true,"href":"https:\/\/kuzeyinsesi.org\/index.php\/wp-json\/wp\/v2\/tags?post=36047"}],"curies":[{"name":"wp","href":"https:\/\/api.w.org\/{rel}","templated":true}]}}