{"id":36045,"date":"2026-02-28T14:59:11","date_gmt":"2026-02-28T12:59:11","guid":{"rendered":"https:\/\/kuzeyinsesi.org\/index.php\/2026\/02\/28\/basbakan-ustel-pamuklu-devlet-hastanesi-insaatinda-incelemelerde-bulundu\/"},"modified":"2026-02-28T14:59:11","modified_gmt":"2026-02-28T12:59:11","slug":"basbakan-ustel-pamuklu-devlet-hastanesi-insaatinda-incelemelerde-bulundu","status":"publish","type":"post","link":"https:\/\/kuzeyinsesi.org\/index.php\/2026\/02\/28\/basbakan-ustel-pamuklu-devlet-hastanesi-insaatinda-incelemelerde-bulundu\/","title":{"rendered":"Ba\u015fbakan \u00dcstel Pamuklu Devlet Hastanesi in\u015faat\u0131nda incelemelerde bulundu"},"content":{"rendered":"<p style=\"font-weight: 300\"><span style=\"font-weight: 300 !important\">-Din\u00e7y\u00fcrek<\/span><\/p>\n<p style=\"font-weight: 300\"><span style=\"font-weight: 300 !important\">Hastanenin yap\u0131m a\u015famas\u0131 ile ilgili bilgi veren Sa\u011fl\u0131k Bakan\u0131 Hakan Din\u00e7y\u00fcrek, Ba\u015fbakan \u00dcnal \u00dcstel\u2019in b\u00f6lge halk\u0131na verdi\u011fi \u00e7ok \u00f6nemli s\u00f6zlerden bir tanesinin daha h\u0131zla hayat buldu\u011funu s\u00f6yledi.<\/span><\/p>\n<p style=\"font-weight: 300\"><span style=\"font-weight: 300 !important\">Din\u00e7y\u00fcrek,\u00a0 hastanenin s\u00f6zle\u015fmede tesliminin\u00a0 y\u0131l sonu olarak belirlendi\u011fini ancak insan\u00fcst\u00fc\u00a0 gayret sayesinde y\u0131l sonundan\u00a0 \u00f6nce tamamlanarak b\u00f6lge\u00a0 halk\u0131n\u0131n hizmetine girece\u011fini kaydetti.<\/span><\/p>\n<p style=\"font-weight: 300\"><span style=\"font-weight: 300 !important\">Din\u00e7y\u00fcrek, hastanenin, co\u011frafi handikap\u0131 olan\u00a0 Karpaz b\u00f6lgesine Gazima\u011fusa\u2019ya kadar dayanamayacak acil hastalar\u0131 hayatta tutacak \u00f6nemli bir hastane olaca\u011f\u0131n\u0131 vurgulad\u0131.<\/span><\/p>\n<p style=\"font-weight: 300\"><span style=\"font-weight: 300 !important\">-\u00dcstel<\/span><\/p>\n<p style=\"font-weight: 300\"><span style=\"font-weight: 300 !important\">Ba\u015fbakan \u00dcnal \u00dcstel de 40 y\u0131ld\u0131r Pamuklu Karpaz Hastanesi\u2019nin konu\u015fuldu\u011funu belirterek, \u201c \u0130ktidara her gelen siyasi parti bunun s\u00f6z\u00fcn\u00fc verdi. \u00d6zellikle ana muhalefet partisi\u00a0 bu hastanenin olabilmesi i\u00e7in hep s\u00f6zler verdi. \u00c7ok kez iktidara geldiler\u00a0 niye yapamad\u0131lar? Ama konu\u015fmaya gelince konu\u015fuyorlar. Biz konu\u015fmuyoruz, icraat yap\u0131yoruz.\u201d dedi.<\/span><\/p>\n<p style=\"font-weight: 300\"><span style=\"font-weight: 300 !important\">\u00dcstel, halka verdikleri s\u00f6zleri yerine getirmek i\u00e7in h\u00fck\u00fcmet ortaklar\u0131yla\u00a0 birlikte gayret ve u\u011fra\u015f verdiklerini s\u00f6yleyerek, hi\u00e7bir zaman pop\u00fclizm yapmad\u0131klar\u0131n\u0131 belirtti.<\/span><\/p>\n<p style=\"font-weight: 300\"><span style=\"font-weight: 300 !important\">\u00a0\u0130craat h\u00fck\u00fcmet olduklar\u0131n\u0131 vurgulayan \u00dcstel, T\u00fcrkiye\u00a0 ile her zaman iyi ili\u015fkiler ve karde\u015flik ba\u011flar\u0131 i\u00e7erisinde ve imzalanan iktisadi\u00a0 mali i\u015f birli\u011fi protokolleriyle \u00fclkenin ihtiya\u00e7 duydu\u011fu alanlarda yat\u0131r\u0131mlar\u0131 ger\u00e7ekle\u015ftirdiklerini kaydetti. \u00dcstel,\u201d Bug\u00fcn burada g\u00f6zlerimizin \u00f6n\u00fcnde y\u00fckselen Karpaz Pamuklu Hastanesi imzalad\u0131\u011f\u0131m\u0131z protokoller sayesinde ger\u00e7ekle\u015ftirdi\u011fimiz bir projedir.\u201d dedi.<\/span><\/p>\n<p style=\"font-weight: 300\"><span style=\"font-weight: 300 !important\">\u201cBu proje 40 sene konu\u015fuldu \u015fimdi baz\u0131 kesimler sahiplenmeye \u00e7al\u0131\u015f\u0131yor.\u201d diyen \u00dcstel, hi\u00e7bir s\u00f6zlerinin havada kalmad\u0131\u011f\u0131n\u0131, se\u00e7im tarihine kadar halk\u0131n ihtiya\u00e7 duydu\u011fu hizmetlere devam edeceklerini kaydetti.<\/span><\/p>\n<p style=\"font-weight: 300\"><span style=\"font-weight: 300 !important\">Ba\u015fbakan \u00dcnal \u00dcstel buradaki ziyaretinin ard\u0131ndan Zaferburnu\u2019ndaki yol yap\u0131m\u0131nda da incelemelerde bulundu.<\/span><\/p>\n<p>Ba\u015fbakan \u00dcstel Pamuklu Devlet Hastanesi in\u015faat\u0131nda incelemelerde bulundu yaz\u0131s\u0131 ilk \u00f6nce K\u0131br\u0131s Hakikat \u00fczerinde ortaya \u00e7\u0131kt\u0131.<\/p>\n","protected":false},"excerpt":{"rendered":"<p>-Din\u00e7y\u00fcrek Hastanenin yap\u0131m a\u015famas\u0131 ile ilgili bilgi veren Sa\u011fl\u0131k Bakan\u0131 Hakan Din\u00e7y\u00fcrek, Ba\u015fbakan \u00dcnal \u00dcstel\u2019in b\u00f6lge halk\u0131na verdi\u011fi \u00e7ok \u00f6nemli s\u00f6zlerden bir tanesinin daha h\u0131zla hayat buldu\u011funu s\u00f6yledi. Din\u00e7y\u00fcrek,\u00a0 hastanenin s\u00f6zle\u015fmede tesliminin\u00a0 y\u0131l sonu olarak belirlendi\u011fini ancak insan\u00fcst\u00fc\u00a0 gayret sayesinde y\u0131l sonundan\u00a0 \u00f6nce tamamlanarak b\u00f6lge\u00a0 halk\u0131n\u0131n hizmetine girece\u011fini kaydetti. Din\u00e7y\u00fcrek, hastanenin, co\u011frafi handikap\u0131 olan\u00a0 Karpaz [&hellip;]<\/p>\n","protected":false},"author":1,"featured_media":36046,"comment_status":"open","ping_status":"open","sticky":false,"template":"","format":"standard","meta":{"jnews-multi-image_gallery":[],"jnews_single_post":[],"jnews_primary_category":[],"jnews_social_meta":[],"jnews_override_counter":[],"footnotes":""},"categories":[1],"tags":[],"class_list":["post-36045","post","type-post","status-publish","format-standard","has-post-thumbnail","hentry","category-kibris"],"yoast_head":"<!-- This site is optimized with the Yoast SEO plugin v27.5 - https:\/\/yoast.com\/product\/yoast-seo-wordpress\/ -->\n<title>Ba\u015fbakan \u00dcstel Pamuklu Devlet Hastanesi in\u015faat\u0131nda incelemelerde bulundu - Kuzeyin Sesi<\/title>\n<meta name=\"robots\" content=\"index, follow, max-snippet:-1, max-image-preview:large, max-video-preview:-1\" \/>\n<link rel=\"canonical\" href=\"https:\/\/kuzeyinsesi.org\/index.php\/2026\/02\/28\/basbakan-ustel-pamuklu-devlet-hastanesi-insaatinda-incelemelerde-bulundu\/\" \/>\n<meta property=\"og:locale\" content=\"tr_TR\" \/>\n<meta property=\"og:type\" content=\"article\" \/>\n<meta property=\"og:title\" content=\"Ba\u015fbakan \u00dcstel Pamuklu Devlet Hastanesi in\u015faat\u0131nda incelemelerde bulundu - Kuzeyin Sesi\" \/>\n<meta property=\"og:description\" content=\"-Din\u00e7y\u00fcrek Hastanenin yap\u0131m a\u015famas\u0131 ile ilgili bilgi veren Sa\u011fl\u0131k Bakan\u0131 Hakan Din\u00e7y\u00fcrek, Ba\u015fbakan \u00dcnal \u00dcstel\u2019in b\u00f6lge halk\u0131na verdi\u011fi \u00e7ok \u00f6nemli s\u00f6zlerden bir tanesinin daha h\u0131zla hayat buldu\u011funu s\u00f6yledi. Din\u00e7y\u00fcrek,\u00a0 hastanenin s\u00f6zle\u015fmede tesliminin\u00a0 y\u0131l sonu olarak belirlendi\u011fini ancak insan\u00fcst\u00fc\u00a0 gayret sayesinde y\u0131l sonundan\u00a0 \u00f6nce tamamlanarak b\u00f6lge\u00a0 halk\u0131n\u0131n hizmetine girece\u011fini kaydetti. Din\u00e7y\u00fcrek, hastanenin, co\u011frafi handikap\u0131 olan\u00a0 Karpaz [&hellip;]\" \/>\n<meta property=\"og:url\" content=\"https:\/\/kuzeyinsesi.org\/index.php\/2026\/02\/28\/basbakan-ustel-pamuklu-devlet-hastanesi-insaatinda-incelemelerde-bulundu\/\" \/>\n<meta property=\"og:site_name\" content=\"Kuzeyin Sesi\" \/>\n<meta property=\"article:publisher\" content=\"https:\/\/www.facebook.com\/kuzeyinsesii\" \/>\n<meta property=\"article:published_time\" content=\"2026-02-28T12:59:11+00:00\" \/>\n<meta name=\"author\" content=\"Kuzeyin Sesi\" \/>\n<meta name=\"twitter:card\" content=\"summary_large_image\" \/>\n<meta name=\"twitter:creator\" content=\"@kuzeyinsesii\" \/>\n<meta name=\"twitter:site\" content=\"@kuzeyinsesii\" \/>\n<meta name=\"twitter:label1\" content=\"Yazan:\" \/>\n\t<meta name=\"twitter:data1\" content=\"Kuzeyin Sesi\" \/>\n\t<meta name=\"twitter:label2\" content=\"Tahmini okuma s\u00fcresi\" \/>\n\t<meta name=\"twitter:data2\" content=\"2 dakika\" \/>\n<script type=\"application\/ld+json\" class=\"yoast-schema-graph\">{\"@context\":\"https:\\\/\\\/schema.org\",\"@graph\":[{\"@type\":\"Article\",\"@id\":\"https:\\\/\\\/kuzeyinsesi.org\\\/index.php\\\/2026\\\/02\\\/28\\\/basbakan-ustel-pamuklu-devlet-hastanesi-insaatinda-incelemelerde-bulundu\\\/#article\",\"isPartOf\":{\"@id\":\"https:\\\/\\\/kuzeyinsesi.org\\\/index.php\\\/2026\\\/02\\\/28\\\/basbakan-ustel-pamuklu-devlet-hastanesi-insaatinda-incelemelerde-bulundu\\\/\"},\"author\":{\"name\":\"Kuzeyin Sesi\",\"@id\":\"https:\\\/\\\/kuzeyinsesi.org\\\/#\\\/schema\\\/person\\\/9f859689cdf01485597712386e37f5aa\"},\"headline\":\"Ba\u015fbakan \u00dcstel Pamuklu Devlet Hastanesi in\u015faat\u0131nda incelemelerde bulundu\",\"datePublished\":\"2026-02-28T12:59:11+00:00\",\"mainEntityOfPage\":{\"@id\":\"https:\\\/\\\/kuzeyinsesi.org\\\/index.php\\\/2026\\\/02\\\/28\\\/basbakan-ustel-pamuklu-devlet-hastanesi-insaatinda-incelemelerde-bulundu\\\/\"},\"wordCount\":347,\"commentCount\":0,\"image\":{\"@id\":\"https:\\\/\\\/kuzeyinsesi.org\\\/index.php\\\/2026\\\/02\\\/28\\\/basbakan-ustel-pamuklu-devlet-hastanesi-insaatinda-incelemelerde-bulundu\\\/#primaryimage\"},\"thumbnailUrl\":\"https:\\\/\\\/kuzeyinsesi.org\\\/wp-content\\\/uploads\\\/2026\\\/02\\\/v2yeniproje84_1730050476.jpg\",\"articleSection\":[\"K\u0131br\u0131s\"],\"inLanguage\":\"tr\",\"potentialAction\":[{\"@type\":\"CommentAction\",\"name\":\"Comment\",\"target\":[\"https:\\\/\\\/kuzeyinsesi.org\\\/index.php\\\/2026\\\/02\\\/28\\\/basbakan-ustel-pamuklu-devlet-hastanesi-insaatinda-incelemelerde-bulundu\\\/#respond\"]}]},{\"@type\":\"WebPage\",\"@id\":\"https:\\\/\\\/kuzeyinsesi.org\\\/index.php\\\/2026\\\/02\\\/28\\\/basbakan-ustel-pamuklu-devlet-hastanesi-insaatinda-incelemelerde-bulundu\\\/\",\"url\":\"https:\\\/\\\/kuzeyinsesi.org\\\/index.php\\\/2026\\\/02\\\/28\\\/basbakan-ustel-pamuklu-devlet-hastanesi-insaatinda-incelemelerde-bulundu\\\/\",\"name\":\"Ba\u015fbakan \u00dcstel Pamuklu Devlet Hastanesi in\u015faat\u0131nda incelemelerde bulundu - Kuzeyin Sesi\",\"isPartOf\":{\"@id\":\"https:\\\/\\\/kuzeyinsesi.org\\\/#website\"},\"primaryImageOfPage\":{\"@id\":\"https:\\\/\\\/kuzeyinsesi.org\\\/index.php\\\/2026\\\/02\\\/28\\\/basbakan-ustel-pamuklu-devlet-hastanesi-insaatinda-incelemelerde-bulundu\\\/#primaryimage\"},\"image\":{\"@id\":\"https:\\\/\\\/kuzeyinsesi.org\\\/index.php\\\/2026\\\/02\\\/28\\\/basbakan-ustel-pamuklu-devlet-hastanesi-insaatinda-incelemelerde-bulundu\\\/#primaryimage\"},\"thumbnailUrl\":\"https:\\\/\\\/kuzeyinsesi.org\\\/wp-content\\\/uploads\\\/2026\\\/02\\\/v2yeniproje84_1730050476.jpg\",\"datePublished\":\"2026-02-28T12:59:11+00:00\",\"author\":{\"@id\":\"https:\\\/\\\/kuzeyinsesi.org\\\/#\\\/schema\\\/person\\\/9f859689cdf01485597712386e37f5aa\"},\"breadcrumb\":{\"@id\":\"https:\\\/\\\/kuzeyinsesi.org\\\/index.php\\\/2026\\\/02\\\/28\\\/basbakan-ustel-pamuklu-devlet-hastanesi-insaatinda-incelemelerde-bulundu\\\/#breadcrumb\"},\"inLanguage\":\"tr\",\"potentialAction\":[{\"@type\":\"ReadAction\",\"target\":[\"https:\\\/\\\/kuzeyinsesi.org\\\/index.php\\\/2026\\\/02\\\/28\\\/basbakan-ustel-pamuklu-devlet-hastanesi-insaatinda-incelemelerde-bulundu\\\/\"]}]},{\"@type\":\"ImageObject\",\"inLanguage\":\"tr\",\"@id\":\"https:\\\/\\\/kuzeyinsesi.org\\\/index.php\\\/2026\\\/02\\\/28\\\/basbakan-ustel-pamuklu-devlet-hastanesi-insaatinda-incelemelerde-bulundu\\\/#primaryimage\",\"url\":\"https:\\\/\\\/kuzeyinsesi.org\\\/wp-content\\\/uploads\\\/2026\\\/02\\\/v2yeniproje84_1730050476.jpg\",\"contentUrl\":\"https:\\\/\\\/kuzeyinsesi.org\\\/wp-content\\\/uploads\\\/2026\\\/02\\\/v2yeniproje84_1730050476.jpg\",\"width\":971,\"height\":551},{\"@type\":\"BreadcrumbList\",\"@id\":\"https:\\\/\\\/kuzeyinsesi.org\\\/index.php\\\/2026\\\/02\\\/28\\\/basbakan-ustel-pamuklu-devlet-hastanesi-insaatinda-incelemelerde-bulundu\\\/#breadcrumb\",\"itemListElement\":[{\"@type\":\"ListItem\",\"position\":1,\"name\":\"Anasayfa\",\"item\":\"https:\\\/\\\/kuzeyinsesi.org\\\/\"},{\"@type\":\"ListItem\",\"position\":2,\"name\":\"Ba\u015fbakan \u00dcstel Pamuklu Devlet Hastanesi in\u015faat\u0131nda incelemelerde bulundu\"}]},{\"@type\":\"WebSite\",\"@id\":\"https:\\\/\\\/kuzeyinsesi.org\\\/#website\",\"url\":\"https:\\\/\\\/kuzeyinsesi.org\\\/\",\"name\":\"Kuzeyin Sesi\",\"description\":\"Do\u011fru Haberin Adresi\",\"potentialAction\":[{\"@type\":\"SearchAction\",\"target\":{\"@type\":\"EntryPoint\",\"urlTemplate\":\"https:\\\/\\\/kuzeyinsesi.org\\\/?s={search_term_string}\"},\"query-input\":{\"@type\":\"PropertyValueSpecification\",\"valueRequired\":true,\"valueName\":\"search_term_string\"}}],\"inLanguage\":\"tr\"},{\"@type\":\"Person\",\"@id\":\"https:\\\/\\\/kuzeyinsesi.org\\\/#\\\/schema\\\/person\\\/9f859689cdf01485597712386e37f5aa\",\"name\":\"Kuzeyin Sesi\",\"image\":{\"@type\":\"ImageObject\",\"inLanguage\":\"tr\",\"@id\":\"https:\\\/\\\/secure.gravatar.com\\\/avatar\\\/bab33852abfd8b282518d6ed81826833d77c3c882d9ab608add591ccace47a44?s=96&d=mm&r=g\",\"url\":\"https:\\\/\\\/secure.gravatar.com\\\/avatar\\\/bab33852abfd8b282518d6ed81826833d77c3c882d9ab608add591ccace47a44?s=96&d=mm&r=g\",\"contentUrl\":\"https:\\\/\\\/secure.gravatar.com\\\/avatar\\\/bab33852abfd8b282518d6ed81826833d77c3c882d9ab608add591ccace47a44?s=96&d=mm&r=g\",\"caption\":\"Kuzeyin Sesi\"},\"sameAs\":[\"https:\\\/\\\/kuzeyinsesi.org\"],\"url\":\"https:\\\/\\\/kuzeyinsesi.org\\\/index.php\\\/author\\\/guven\\\/\"}]}<\/script>\n<!-- \/ Yoast SEO plugin. -->","yoast_head_json":{"title":"Ba\u015fbakan \u00dcstel Pamuklu Devlet Hastanesi in\u015faat\u0131nda incelemelerde bulundu - Kuzeyin Sesi","robots":{"index":"index","follow":"follow","max-snippet":"max-snippet:-1","max-image-preview":"max-image-preview:large","max-video-preview":"max-video-preview:-1"},"canonical":"https:\/\/kuzeyinsesi.org\/index.php\/2026\/02\/28\/basbakan-ustel-pamuklu-devlet-hastanesi-insaatinda-incelemelerde-bulundu\/","og_locale":"tr_TR","og_type":"article","og_title":"Ba\u015fbakan \u00dcstel Pamuklu Devlet Hastanesi in\u015faat\u0131nda incelemelerde bulundu - Kuzeyin Sesi","og_description":"-Din\u00e7y\u00fcrek Hastanenin yap\u0131m a\u015famas\u0131 ile ilgili bilgi veren Sa\u011fl\u0131k Bakan\u0131 Hakan Din\u00e7y\u00fcrek, Ba\u015fbakan \u00dcnal \u00dcstel\u2019in b\u00f6lge halk\u0131na verdi\u011fi \u00e7ok \u00f6nemli s\u00f6zlerden bir tanesinin daha h\u0131zla hayat buldu\u011funu s\u00f6yledi. Din\u00e7y\u00fcrek,\u00a0 hastanenin s\u00f6zle\u015fmede tesliminin\u00a0 y\u0131l sonu olarak belirlendi\u011fini ancak insan\u00fcst\u00fc\u00a0 gayret sayesinde y\u0131l sonundan\u00a0 \u00f6nce tamamlanarak b\u00f6lge\u00a0 halk\u0131n\u0131n hizmetine girece\u011fini kaydetti. Din\u00e7y\u00fcrek, hastanenin, co\u011frafi handikap\u0131 olan\u00a0 Karpaz [&hellip;]","og_url":"https:\/\/kuzeyinsesi.org\/index.php\/2026\/02\/28\/basbakan-ustel-pamuklu-devlet-hastanesi-insaatinda-incelemelerde-bulundu\/","og_site_name":"Kuzeyin Sesi","article_publisher":"https:\/\/www.facebook.com\/kuzeyinsesii","article_published_time":"2026-02-28T12:59:11+00:00","author":"Kuzeyin Sesi","twitter_card":"summary_large_image","twitter_creator":"@kuzeyinsesii","twitter_site":"@kuzeyinsesii","twitter_misc":{"Yazan:":"Kuzeyin Sesi","Tahmini okuma s\u00fcresi":"2 dakika"},"schema":{"@context":"https:\/\/schema.org","@graph":[{"@type":"Article","@id":"https:\/\/kuzeyinsesi.org\/index.php\/2026\/02\/28\/basbakan-ustel-pamuklu-devlet-hastanesi-insaatinda-incelemelerde-bulundu\/#article","isPartOf":{"@id":"https:\/\/kuzeyinsesi.org\/index.php\/2026\/02\/28\/basbakan-ustel-pamuklu-devlet-hastanesi-insaatinda-incelemelerde-bulundu\/"},"author":{"name":"Kuzeyin Sesi","@id":"https:\/\/kuzeyinsesi.org\/#\/schema\/person\/9f859689cdf01485597712386e37f5aa"},"headline":"Ba\u015fbakan \u00dcstel Pamuklu Devlet Hastanesi in\u015faat\u0131nda incelemelerde bulundu","datePublished":"2026-02-28T12:59:11+00:00","mainEntityOfPage":{"@id":"https:\/\/kuzeyinsesi.org\/index.php\/2026\/02\/28\/basbakan-ustel-pamuklu-devlet-hastanesi-insaatinda-incelemelerde-bulundu\/"},"wordCount":347,"commentCount":0,"image":{"@id":"https:\/\/kuzeyinsesi.org\/index.php\/2026\/02\/28\/basbakan-ustel-pamuklu-devlet-hastanesi-insaatinda-incelemelerde-bulundu\/#primaryimage"},"thumbnailUrl":"https:\/\/kuzeyinsesi.org\/wp-content\/uploads\/2026\/02\/v2yeniproje84_1730050476.jpg","articleSection":["K\u0131br\u0131s"],"inLanguage":"tr","potentialAction":[{"@type":"CommentAction","name":"Comment","target":["https:\/\/kuzeyinsesi.org\/index.php\/2026\/02\/28\/basbakan-ustel-pamuklu-devlet-hastanesi-insaatinda-incelemelerde-bulundu\/#respond"]}]},{"@type":"WebPage","@id":"https:\/\/kuzeyinsesi.org\/index.php\/2026\/02\/28\/basbakan-ustel-pamuklu-devlet-hastanesi-insaatinda-incelemelerde-bulundu\/","url":"https:\/\/kuzeyinsesi.org\/index.php\/2026\/02\/28\/basbakan-ustel-pamuklu-devlet-hastanesi-insaatinda-incelemelerde-bulundu\/","name":"Ba\u015fbakan \u00dcstel Pamuklu Devlet Hastanesi in\u015faat\u0131nda incelemelerde bulundu - Kuzeyin Sesi","isPartOf":{"@id":"https:\/\/kuzeyinsesi.org\/#website"},"primaryImageOfPage":{"@id":"https:\/\/kuzeyinsesi.org\/index.php\/2026\/02\/28\/basbakan-ustel-pamuklu-devlet-hastanesi-insaatinda-incelemelerde-bulundu\/#primaryimage"},"image":{"@id":"https:\/\/kuzeyinsesi.org\/index.php\/2026\/02\/28\/basbakan-ustel-pamuklu-devlet-hastanesi-insaatinda-incelemelerde-bulundu\/#primaryimage"},"thumbnailUrl":"https:\/\/kuzeyinsesi.org\/wp-content\/uploads\/2026\/02\/v2yeniproje84_1730050476.jpg","datePublished":"2026-02-28T12:59:11+00:00","author":{"@id":"https:\/\/kuzeyinsesi.org\/#\/schema\/person\/9f859689cdf01485597712386e37f5aa"},"breadcrumb":{"@id":"https:\/\/kuzeyinsesi.org\/index.php\/2026\/02\/28\/basbakan-ustel-pamuklu-devlet-hastanesi-insaatinda-incelemelerde-bulundu\/#breadcrumb"},"inLanguage":"tr","potentialAction":[{"@type":"ReadAction","target":["https:\/\/kuzeyinsesi.org\/index.php\/2026\/02\/28\/basbakan-ustel-pamuklu-devlet-hastanesi-insaatinda-incelemelerde-bulundu\/"]}]},{"@type":"ImageObject","inLanguage":"tr","@id":"https:\/\/kuzeyinsesi.org\/index.php\/2026\/02\/28\/basbakan-ustel-pamuklu-devlet-hastanesi-insaatinda-incelemelerde-bulundu\/#primaryimage","url":"https:\/\/kuzeyinsesi.org\/wp-content\/uploads\/2026\/02\/v2yeniproje84_1730050476.jpg","contentUrl":"https:\/\/kuzeyinsesi.org\/wp-content\/uploads\/2026\/02\/v2yeniproje84_1730050476.jpg","width":971,"height":551},{"@type":"BreadcrumbList","@id":"https:\/\/kuzeyinsesi.org\/index.php\/2026\/02\/28\/basbakan-ustel-pamuklu-devlet-hastanesi-insaatinda-incelemelerde-bulundu\/#breadcrumb","itemListElement":[{"@type":"ListItem","position":1,"name":"Anasayfa","item":"https:\/\/kuzeyinsesi.org\/"},{"@type":"ListItem","position":2,"name":"Ba\u015fbakan \u00dcstel Pamuklu Devlet Hastanesi in\u015faat\u0131nda incelemelerde bulundu"}]},{"@type":"WebSite","@id":"https:\/\/kuzeyinsesi.org\/#website","url":"https:\/\/kuzeyinsesi.org\/","name":"Kuzeyin Sesi","description":"Do\u011fru Haberin Adresi","potentialAction":[{"@type":"SearchAction","target":{"@type":"EntryPoint","urlTemplate":"https:\/\/kuzeyinsesi.org\/?s={search_term_string}"},"query-input":{"@type":"PropertyValueSpecification","valueRequired":true,"valueName":"search_term_string"}}],"inLanguage":"tr"},{"@type":"Person","@id":"https:\/\/kuzeyinsesi.org\/#\/schema\/person\/9f859689cdf01485597712386e37f5aa","name":"Kuzeyin Sesi","image":{"@type":"ImageObject","inLanguage":"tr","@id":"https:\/\/secure.gravatar.com\/avatar\/bab33852abfd8b282518d6ed81826833d77c3c882d9ab608add591ccace47a44?s=96&d=mm&r=g","url":"https:\/\/secure.gravatar.com\/avatar\/bab33852abfd8b282518d6ed81826833d77c3c882d9ab608add591ccace47a44?s=96&d=mm&r=g","contentUrl":"https:\/\/secure.gravatar.com\/avatar\/bab33852abfd8b282518d6ed81826833d77c3c882d9ab608add591ccace47a44?s=96&d=mm&r=g","caption":"Kuzeyin Sesi"},"sameAs":["https:\/\/kuzeyinsesi.org"],"url":"https:\/\/kuzeyinsesi.org\/index.php\/author\/guven\/"}]}},"_links":{"self":[{"href":"https:\/\/kuzeyinsesi.org\/index.php\/wp-json\/wp\/v2\/posts\/36045","targetHints":{"allow":["GET"]}}],"collection":[{"href":"https:\/\/kuzeyinsesi.org\/index.php\/wp-json\/wp\/v2\/posts"}],"about":[{"href":"https:\/\/kuzeyinsesi.org\/index.php\/wp-json\/wp\/v2\/types\/post"}],"author":[{"embeddable":true,"href":"https:\/\/kuzeyinsesi.org\/index.php\/wp-json\/wp\/v2\/users\/1"}],"replies":[{"embeddable":true,"href":"https:\/\/kuzeyinsesi.org\/index.php\/wp-json\/wp\/v2\/comments?post=36045"}],"version-history":[{"count":0,"href":"https:\/\/kuzeyinsesi.org\/index.php\/wp-json\/wp\/v2\/posts\/36045\/revisions"}],"wp:featuredmedia":[{"embeddable":true,"href":"https:\/\/kuzeyinsesi.org\/index.php\/wp-json\/wp\/v2\/media\/36046"}],"wp:attachment":[{"href":"https:\/\/kuzeyinsesi.org\/index.php\/wp-json\/wp\/v2\/media?parent=36045"}],"wp:term":[{"taxonomy":"category","embeddable":true,"href":"https:\/\/kuzeyinsesi.org\/index.php\/wp-json\/wp\/v2\/categories?post=36045"},{"taxonomy":"post_tag","embeddable":true,"href":"https:\/\/kuzeyinsesi.org\/index.php\/wp-json\/wp\/v2\/tags?post=36045"}],"curies":[{"name":"wp","href":"https:\/\/api.w.org\/{rel}","templated":true}]}}