{"id":36033,"date":"2026-02-28T12:58:29","date_gmt":"2026-02-28T10:58:29","guid":{"rendered":"https:\/\/kuzeyinsesi.org\/index.php\/2026\/02\/28\/daude-kktc-liselerine-yonelik-atolye-calismalari-basliyor\/"},"modified":"2026-02-28T12:58:29","modified_gmt":"2026-02-28T10:58:29","slug":"daude-kktc-liselerine-yonelik-atolye-calismalari-basliyor","status":"publish","type":"post","link":"https:\/\/kuzeyinsesi.org\/index.php\/2026\/02\/28\/daude-kktc-liselerine-yonelik-atolye-calismalari-basliyor\/","title":{"rendered":"DA\u00dc\u2019de KKTC liselerine y\u00f6nelik at\u00f6lye \u00e7al\u0131\u015fmalar\u0131 ba\u015fl\u0131yor"},"content":{"rendered":"<p style=\"font-weight: 300\">\u00dclke genelindeki liselerden 3 bine yak\u0131n lise son s\u0131n\u0131f \u00f6\u011frencisinin kat\u0131laca\u011f\u0131 At\u00f6lye \u00c7al\u0131\u015fmalar\u0131 pazartesi g\u00fcn\u00fc, 09.30\u201312.00 saatleri aras\u0131nda, DA\u00dc kamp\u00fcs\u00fcndeki \u00e7e\u015fitli akademik birimlerde yap\u0131lmaya ba\u015flanacak. S\u00f6z konusu At\u00f6lye \u00c7al\u0131\u015fmalar\u0131 b\u00f6lgelere g\u00f6re 16 Mart\u2019a kadar devam edecek.<\/p>\n<p style=\"font-weight: 300\">\u00d6\u011frenciler tercih etmeyi planlad\u0131klar\u0131 meslek ve uzmanl\u0131k alanlar\u0131na g\u00f6re gruplara ayr\u0131larak ilgili fak\u00fcltelerde akademik uzmanlar e\u015fli\u011finde at\u00f6lye \u00e7al\u0131\u015fmas\u0131 yapacaklar. 70\u2019i a\u015fk\u0131n farkl\u0131 konuda ger\u00e7ekle\u015ftirilecek olan At\u00f6lye \u00c7al\u0131\u015fmalar\u0131 ile lise son s\u0131n\u0131f \u00f6\u011frencilerinin var olan kabiliyetlerini ortaya \u00e7\u0131karmak ve geli\u015fimlerine katk\u0131da bulunmak ama\u00e7lan\u0131yor. D\u00fczenlenecek olan At\u00f6lye \u00c7al\u0131\u015fmalar\u0131 kapsam\u0131nda \u00f6\u011frencilerin ilgi alanlar\u0131na y\u00f6nelik \u00e7e\u015fitli \u00e7al\u0131\u015fmalar d\u00fczenlenecek.<\/p>\n<p style=\"font-weight: 300\">S\u00f6z konusu at\u00f6lye \u00e7al\u0131\u015fmalar\u0131 kapsam\u0131nda 2 Mart 2026 tarihinde Cengiz Topel End\u00fcstri Meslek Lisesi, Girne Turizm Meslek Lisesi, Kurtulu\u015f Lisesi, Lapta Yavuzlar Lisesi, Lefke Gazi Lisesi, Karpaz Meslek Lisesi, Gazima\u011fusa Ticaret Lisesi ve Dr. Faz\u0131l K\u00fcc\u00fck End\u00fcstri Meslek Lisesi \u00f6\u011frencileri etkinliklere kat\u0131lacak.<\/p>\n<p style=\"font-weight: 300\">4 Mart 2026 tarihinde ise Bekirpa\u015fa Lisesi, Erenk\u00f6y Lisesi, \u0130skele Ticaret Lisesi, Cumhuriyet Lisesi, Gazima\u011fusa Meslek Lisesi, Nam\u0131k Kemal Lisesi ve Polatpa\u015fa Lisesi \u00f6\u011frencileri etkinli\u011fe kat\u0131lacaklar. \u00d6te yandan 5 Mart 2026 tarihinde, 19 May\u0131s T\u00fcrk Maarif Koleji ve G\u00fczelyurt T\u00fcrk Maarif Koleji \u00f6\u011frencileri At\u00f6lye \u00c7al\u0131\u015fmalar\u0131 i\u00e7in DA\u00dc\u2019de olacaklar.<\/p>\n<p style=\"font-weight: 300\">6 Mart 2026 tarihinde de devam edecek olan At\u00f6lye \u00c7al\u0131\u015fmalar\u0131\u2019nda s\u00f6z konusu tarihte Do\u011fu Akdeniz Do\u011fa Koleji, Gazima\u011fusa T\u00fcrk Maarif Koleji, \u0130skele Evkaf T\u00fcrk Maarif Koleji, Levent Koleji, TED Koleji, Hala Sultan \u0130lahiyat Koleji \u00f6\u011frencileri yer alacak.<\/p>\n<p style=\"font-weight: 300\">9 Mart 2026 tarihinde de B\u00fclent Ecevit Anadolu Lisesi, De\u011firmenlik Lisesi, Esin Leman Lisesi, Lefko\u015fa T\u00fcrk Lisesi, Meral-Vedat Ert\u00fcng\u00fc Lisesi, 20 Temmuz Fen Lisesi ve Anafartalar Lisesi\u2019nden \u00f6\u011frencilerin At\u00f6lye \u00c7al\u0131\u015fmalar\u0131\u2019na kat\u0131lmas\u0131 planlan\u0131yor.<\/p>\n<p style=\"font-weight: 300\">At\u00f6lye \u00c7al\u0131\u015fmalar\u0131 16 Mart 2026 tarihinde Anadolu G\u00fczel Sanatlar Lisesi, Atat\u00fcrk Meslek Lisesi, Osman \u00d6rek Meslek Lisesi, Sedat Semavi End\u00fcstri Meslek Lisesi ve Rauf Raif Denkta\u015f Meslek Lisesi \u00f6\u011frencilerinin kat\u0131l\u0131m\u0131 ile sona erecek.<\/p>\n<p style=\"font-weight: 300\">\u201cKariyer Yolculuklar\u0131na I\u015f\u0131k Tutmak Bizim \u0130\u00e7in Son Derece K\u0131ymetli\u201d<\/p>\n<p style=\"font-weight: 300\">DA\u00dc Rekt\u00f6r\u00fc Prof. Dr. Hasan K\u0131l\u0131\u00e7 s\u00f6z konusu At\u00f6lye \u00c7al\u0131\u015fmalar\u0131 ile ilgili yapt\u0131\u011f\u0131 a\u00e7\u0131klamada, KKTC genelindeki lise son s\u0131n\u0131f \u00f6\u011frencilerini DA\u00dc kamp\u00fcs\u00fcnde a\u011f\u0131rlamaktan b\u00fcy\u00fck mutluluk ve gurur duyduklar\u0131n\u0131 belirtti. Prof. Dr. K\u0131l\u0131\u00e7, gen\u00e7lerin \u00fcniversite tercih s\u00fcrecinin hayatlar\u0131n\u0131n en \u00f6nemli d\u00f6n\u00fcm noktalar\u0131ndan biri oldu\u011funa dikkat \u00e7ekerek, \u201cGen\u00e7lerimizin ufuklar\u0131n\u0131 geni\u015fletmek, ilgi duyduklar\u0131 alanlar\u0131 yak\u0131ndan tan\u0131malar\u0131n\u0131 sa\u011flamak ve gelecekte se\u00e7meyi d\u00fc\u015f\u00fcnd\u00fckleri meslekler hakk\u0131nda bilin\u00e7li karar verebilmelerine katk\u0131da bulunmak amac\u0131yla bu at\u00f6lye \u00e7al\u0131\u015fmalar\u0131n\u0131 d\u00fczenliyoruz. Onlar\u0131n potansiyellerini ke\u015ffetmelerine yard\u0131mc\u0131 olmak ve do\u011fru y\u00f6nlendirmelerle kariyer yolculuklar\u0131na \u0131\u015f\u0131k tutmak bizim i\u00e7in son derece k\u0131ymetlidir.\u201d ifadelerini kulland\u0131.<\/p>\n<p>DA\u00dc\u2019de KKTC liselerine y\u00f6nelik at\u00f6lye \u00e7al\u0131\u015fmalar\u0131 ba\u015fl\u0131yor yaz\u0131s\u0131 ilk \u00f6nce K\u0131br\u0131s Hakikat \u00fczerinde ortaya \u00e7\u0131kt\u0131.<\/p>\n","protected":false},"excerpt":{"rendered":"<p>\u00dclke genelindeki liselerden 3 bine yak\u0131n lise son s\u0131n\u0131f \u00f6\u011frencisinin kat\u0131laca\u011f\u0131 At\u00f6lye \u00c7al\u0131\u015fmalar\u0131 pazartesi g\u00fcn\u00fc, 09.30\u201312.00 saatleri aras\u0131nda, DA\u00dc kamp\u00fcs\u00fcndeki \u00e7e\u015fitli akademik birimlerde yap\u0131lmaya ba\u015flanacak. S\u00f6z konusu At\u00f6lye \u00c7al\u0131\u015fmalar\u0131 b\u00f6lgelere g\u00f6re 16 Mart\u2019a kadar devam edecek. \u00d6\u011frenciler tercih etmeyi planlad\u0131klar\u0131 meslek ve uzmanl\u0131k alanlar\u0131na g\u00f6re gruplara ayr\u0131larak ilgili fak\u00fcltelerde akademik uzmanlar e\u015fli\u011finde at\u00f6lye \u00e7al\u0131\u015fmas\u0131 yapacaklar. [&hellip;]<\/p>\n","protected":false},"author":1,"featured_media":36034,"comment_status":"open","ping_status":"open","sticky":false,"template":"","format":"standard","meta":{"jnews-multi-image_gallery":[],"jnews_single_post":[],"jnews_primary_category":[],"jnews_social_meta":[],"jnews_override_counter":[],"footnotes":""},"categories":[1],"tags":[],"class_list":["post-36033","post","type-post","status-publish","format-standard","has-post-thumbnail","hentry","category-kibris"],"yoast_head":"<!-- This site is optimized with the Yoast SEO plugin v27.5 - https:\/\/yoast.com\/product\/yoast-seo-wordpress\/ -->\n<title>DA\u00dc\u2019de KKTC liselerine y\u00f6nelik at\u00f6lye \u00e7al\u0131\u015fmalar\u0131 ba\u015fl\u0131yor - Kuzeyin Sesi<\/title>\n<meta name=\"robots\" content=\"index, follow, max-snippet:-1, max-image-preview:large, max-video-preview:-1\" \/>\n<link rel=\"canonical\" href=\"https:\/\/kuzeyinsesi.org\/index.php\/2026\/02\/28\/daude-kktc-liselerine-yonelik-atolye-calismalari-basliyor\/\" \/>\n<meta property=\"og:locale\" content=\"tr_TR\" \/>\n<meta property=\"og:type\" content=\"article\" \/>\n<meta property=\"og:title\" content=\"DA\u00dc\u2019de KKTC liselerine y\u00f6nelik at\u00f6lye \u00e7al\u0131\u015fmalar\u0131 ba\u015fl\u0131yor - Kuzeyin Sesi\" \/>\n<meta property=\"og:description\" content=\"\u00dclke genelindeki liselerden 3 bine yak\u0131n lise son s\u0131n\u0131f \u00f6\u011frencisinin kat\u0131laca\u011f\u0131 At\u00f6lye \u00c7al\u0131\u015fmalar\u0131 pazartesi g\u00fcn\u00fc, 09.30\u201312.00 saatleri aras\u0131nda, DA\u00dc kamp\u00fcs\u00fcndeki \u00e7e\u015fitli akademik birimlerde yap\u0131lmaya ba\u015flanacak. S\u00f6z konusu At\u00f6lye \u00c7al\u0131\u015fmalar\u0131 b\u00f6lgelere g\u00f6re 16 Mart\u2019a kadar devam edecek. \u00d6\u011frenciler tercih etmeyi planlad\u0131klar\u0131 meslek ve uzmanl\u0131k alanlar\u0131na g\u00f6re gruplara ayr\u0131larak ilgili fak\u00fcltelerde akademik uzmanlar e\u015fli\u011finde at\u00f6lye \u00e7al\u0131\u015fmas\u0131 yapacaklar. [&hellip;]\" \/>\n<meta property=\"og:url\" content=\"https:\/\/kuzeyinsesi.org\/index.php\/2026\/02\/28\/daude-kktc-liselerine-yonelik-atolye-calismalari-basliyor\/\" \/>\n<meta property=\"og:site_name\" content=\"Kuzeyin Sesi\" \/>\n<meta property=\"article:publisher\" content=\"https:\/\/www.facebook.com\/kuzeyinsesii\" \/>\n<meta property=\"article:published_time\" content=\"2026-02-28T10:58:29+00:00\" \/>\n<meta name=\"author\" content=\"Kuzeyin Sesi\" \/>\n<meta name=\"twitter:card\" content=\"summary_large_image\" \/>\n<meta name=\"twitter:creator\" content=\"@kuzeyinsesii\" \/>\n<meta name=\"twitter:site\" content=\"@kuzeyinsesii\" \/>\n<meta name=\"twitter:label1\" content=\"Yazan:\" \/>\n\t<meta name=\"twitter:data1\" content=\"Kuzeyin Sesi\" \/>\n\t<meta name=\"twitter:label2\" content=\"Tahmini okuma s\u00fcresi\" \/>\n\t<meta name=\"twitter:data2\" content=\"3 dakika\" \/>\n<script type=\"application\/ld+json\" class=\"yoast-schema-graph\">{\"@context\":\"https:\\\/\\\/schema.org\",\"@graph\":[{\"@type\":\"Article\",\"@id\":\"https:\\\/\\\/kuzeyinsesi.org\\\/index.php\\\/2026\\\/02\\\/28\\\/daude-kktc-liselerine-yonelik-atolye-calismalari-basliyor\\\/#article\",\"isPartOf\":{\"@id\":\"https:\\\/\\\/kuzeyinsesi.org\\\/index.php\\\/2026\\\/02\\\/28\\\/daude-kktc-liselerine-yonelik-atolye-calismalari-basliyor\\\/\"},\"author\":{\"name\":\"Kuzeyin Sesi\",\"@id\":\"https:\\\/\\\/kuzeyinsesi.org\\\/#\\\/schema\\\/person\\\/9f859689cdf01485597712386e37f5aa\"},\"headline\":\"DA\u00dc\u2019de KKTC liselerine y\u00f6nelik at\u00f6lye \u00e7al\u0131\u015fmalar\u0131 ba\u015fl\u0131yor\",\"datePublished\":\"2026-02-28T10:58:29+00:00\",\"mainEntityOfPage\":{\"@id\":\"https:\\\/\\\/kuzeyinsesi.org\\\/index.php\\\/2026\\\/02\\\/28\\\/daude-kktc-liselerine-yonelik-atolye-calismalari-basliyor\\\/\"},\"wordCount\":555,\"commentCount\":0,\"image\":{\"@id\":\"https:\\\/\\\/kuzeyinsesi.org\\\/index.php\\\/2026\\\/02\\\/28\\\/daude-kktc-liselerine-yonelik-atolye-calismalari-basliyor\\\/#primaryimage\"},\"thumbnailUrl\":\"https:\\\/\\\/kuzeyinsesi.org\\\/wp-content\\\/uploads\\\/2026\\\/02\\\/1772271382430POSTER-1.jpg\",\"articleSection\":[\"K\u0131br\u0131s\"],\"inLanguage\":\"tr\",\"potentialAction\":[{\"@type\":\"CommentAction\",\"name\":\"Comment\",\"target\":[\"https:\\\/\\\/kuzeyinsesi.org\\\/index.php\\\/2026\\\/02\\\/28\\\/daude-kktc-liselerine-yonelik-atolye-calismalari-basliyor\\\/#respond\"]}]},{\"@type\":\"WebPage\",\"@id\":\"https:\\\/\\\/kuzeyinsesi.org\\\/index.php\\\/2026\\\/02\\\/28\\\/daude-kktc-liselerine-yonelik-atolye-calismalari-basliyor\\\/\",\"url\":\"https:\\\/\\\/kuzeyinsesi.org\\\/index.php\\\/2026\\\/02\\\/28\\\/daude-kktc-liselerine-yonelik-atolye-calismalari-basliyor\\\/\",\"name\":\"DA\u00dc\u2019de KKTC liselerine y\u00f6nelik at\u00f6lye \u00e7al\u0131\u015fmalar\u0131 ba\u015fl\u0131yor - Kuzeyin Sesi\",\"isPartOf\":{\"@id\":\"https:\\\/\\\/kuzeyinsesi.org\\\/#website\"},\"primaryImageOfPage\":{\"@id\":\"https:\\\/\\\/kuzeyinsesi.org\\\/index.php\\\/2026\\\/02\\\/28\\\/daude-kktc-liselerine-yonelik-atolye-calismalari-basliyor\\\/#primaryimage\"},\"image\":{\"@id\":\"https:\\\/\\\/kuzeyinsesi.org\\\/index.php\\\/2026\\\/02\\\/28\\\/daude-kktc-liselerine-yonelik-atolye-calismalari-basliyor\\\/#primaryimage\"},\"thumbnailUrl\":\"https:\\\/\\\/kuzeyinsesi.org\\\/wp-content\\\/uploads\\\/2026\\\/02\\\/1772271382430POSTER-1.jpg\",\"datePublished\":\"2026-02-28T10:58:29+00:00\",\"author\":{\"@id\":\"https:\\\/\\\/kuzeyinsesi.org\\\/#\\\/schema\\\/person\\\/9f859689cdf01485597712386e37f5aa\"},\"breadcrumb\":{\"@id\":\"https:\\\/\\\/kuzeyinsesi.org\\\/index.php\\\/2026\\\/02\\\/28\\\/daude-kktc-liselerine-yonelik-atolye-calismalari-basliyor\\\/#breadcrumb\"},\"inLanguage\":\"tr\",\"potentialAction\":[{\"@type\":\"ReadAction\",\"target\":[\"https:\\\/\\\/kuzeyinsesi.org\\\/index.php\\\/2026\\\/02\\\/28\\\/daude-kktc-liselerine-yonelik-atolye-calismalari-basliyor\\\/\"]}]},{\"@type\":\"ImageObject\",\"inLanguage\":\"tr\",\"@id\":\"https:\\\/\\\/kuzeyinsesi.org\\\/index.php\\\/2026\\\/02\\\/28\\\/daude-kktc-liselerine-yonelik-atolye-calismalari-basliyor\\\/#primaryimage\",\"url\":\"https:\\\/\\\/kuzeyinsesi.org\\\/wp-content\\\/uploads\\\/2026\\\/02\\\/1772271382430POSTER-1.jpg\",\"contentUrl\":\"https:\\\/\\\/kuzeyinsesi.org\\\/wp-content\\\/uploads\\\/2026\\\/02\\\/1772271382430POSTER-1.jpg\",\"width\":1080,\"height\":1350},{\"@type\":\"BreadcrumbList\",\"@id\":\"https:\\\/\\\/kuzeyinsesi.org\\\/index.php\\\/2026\\\/02\\\/28\\\/daude-kktc-liselerine-yonelik-atolye-calismalari-basliyor\\\/#breadcrumb\",\"itemListElement\":[{\"@type\":\"ListItem\",\"position\":1,\"name\":\"Anasayfa\",\"item\":\"https:\\\/\\\/kuzeyinsesi.org\\\/\"},{\"@type\":\"ListItem\",\"position\":2,\"name\":\"DA\u00dc\u2019de KKTC liselerine y\u00f6nelik at\u00f6lye \u00e7al\u0131\u015fmalar\u0131 ba\u015fl\u0131yor\"}]},{\"@type\":\"WebSite\",\"@id\":\"https:\\\/\\\/kuzeyinsesi.org\\\/#website\",\"url\":\"https:\\\/\\\/kuzeyinsesi.org\\\/\",\"name\":\"Kuzeyin Sesi\",\"description\":\"Do\u011fru Haberin Adresi\",\"potentialAction\":[{\"@type\":\"SearchAction\",\"target\":{\"@type\":\"EntryPoint\",\"urlTemplate\":\"https:\\\/\\\/kuzeyinsesi.org\\\/?s={search_term_string}\"},\"query-input\":{\"@type\":\"PropertyValueSpecification\",\"valueRequired\":true,\"valueName\":\"search_term_string\"}}],\"inLanguage\":\"tr\"},{\"@type\":\"Person\",\"@id\":\"https:\\\/\\\/kuzeyinsesi.org\\\/#\\\/schema\\\/person\\\/9f859689cdf01485597712386e37f5aa\",\"name\":\"Kuzeyin Sesi\",\"image\":{\"@type\":\"ImageObject\",\"inLanguage\":\"tr\",\"@id\":\"https:\\\/\\\/secure.gravatar.com\\\/avatar\\\/bab33852abfd8b282518d6ed81826833d77c3c882d9ab608add591ccace47a44?s=96&d=mm&r=g\",\"url\":\"https:\\\/\\\/secure.gravatar.com\\\/avatar\\\/bab33852abfd8b282518d6ed81826833d77c3c882d9ab608add591ccace47a44?s=96&d=mm&r=g\",\"contentUrl\":\"https:\\\/\\\/secure.gravatar.com\\\/avatar\\\/bab33852abfd8b282518d6ed81826833d77c3c882d9ab608add591ccace47a44?s=96&d=mm&r=g\",\"caption\":\"Kuzeyin Sesi\"},\"sameAs\":[\"https:\\\/\\\/kuzeyinsesi.org\"],\"url\":\"https:\\\/\\\/kuzeyinsesi.org\\\/index.php\\\/author\\\/guven\\\/\"}]}<\/script>\n<!-- \/ Yoast SEO plugin. -->","yoast_head_json":{"title":"DA\u00dc\u2019de KKTC liselerine y\u00f6nelik at\u00f6lye \u00e7al\u0131\u015fmalar\u0131 ba\u015fl\u0131yor - Kuzeyin Sesi","robots":{"index":"index","follow":"follow","max-snippet":"max-snippet:-1","max-image-preview":"max-image-preview:large","max-video-preview":"max-video-preview:-1"},"canonical":"https:\/\/kuzeyinsesi.org\/index.php\/2026\/02\/28\/daude-kktc-liselerine-yonelik-atolye-calismalari-basliyor\/","og_locale":"tr_TR","og_type":"article","og_title":"DA\u00dc\u2019de KKTC liselerine y\u00f6nelik at\u00f6lye \u00e7al\u0131\u015fmalar\u0131 ba\u015fl\u0131yor - Kuzeyin Sesi","og_description":"\u00dclke genelindeki liselerden 3 bine yak\u0131n lise son s\u0131n\u0131f \u00f6\u011frencisinin kat\u0131laca\u011f\u0131 At\u00f6lye \u00c7al\u0131\u015fmalar\u0131 pazartesi g\u00fcn\u00fc, 09.30\u201312.00 saatleri aras\u0131nda, DA\u00dc kamp\u00fcs\u00fcndeki \u00e7e\u015fitli akademik birimlerde yap\u0131lmaya ba\u015flanacak. S\u00f6z konusu At\u00f6lye \u00c7al\u0131\u015fmalar\u0131 b\u00f6lgelere g\u00f6re 16 Mart\u2019a kadar devam edecek. \u00d6\u011frenciler tercih etmeyi planlad\u0131klar\u0131 meslek ve uzmanl\u0131k alanlar\u0131na g\u00f6re gruplara ayr\u0131larak ilgili fak\u00fcltelerde akademik uzmanlar e\u015fli\u011finde at\u00f6lye \u00e7al\u0131\u015fmas\u0131 yapacaklar. [&hellip;]","og_url":"https:\/\/kuzeyinsesi.org\/index.php\/2026\/02\/28\/daude-kktc-liselerine-yonelik-atolye-calismalari-basliyor\/","og_site_name":"Kuzeyin Sesi","article_publisher":"https:\/\/www.facebook.com\/kuzeyinsesii","article_published_time":"2026-02-28T10:58:29+00:00","author":"Kuzeyin Sesi","twitter_card":"summary_large_image","twitter_creator":"@kuzeyinsesii","twitter_site":"@kuzeyinsesii","twitter_misc":{"Yazan:":"Kuzeyin Sesi","Tahmini okuma s\u00fcresi":"3 dakika"},"schema":{"@context":"https:\/\/schema.org","@graph":[{"@type":"Article","@id":"https:\/\/kuzeyinsesi.org\/index.php\/2026\/02\/28\/daude-kktc-liselerine-yonelik-atolye-calismalari-basliyor\/#article","isPartOf":{"@id":"https:\/\/kuzeyinsesi.org\/index.php\/2026\/02\/28\/daude-kktc-liselerine-yonelik-atolye-calismalari-basliyor\/"},"author":{"name":"Kuzeyin Sesi","@id":"https:\/\/kuzeyinsesi.org\/#\/schema\/person\/9f859689cdf01485597712386e37f5aa"},"headline":"DA\u00dc\u2019de KKTC liselerine y\u00f6nelik at\u00f6lye \u00e7al\u0131\u015fmalar\u0131 ba\u015fl\u0131yor","datePublished":"2026-02-28T10:58:29+00:00","mainEntityOfPage":{"@id":"https:\/\/kuzeyinsesi.org\/index.php\/2026\/02\/28\/daude-kktc-liselerine-yonelik-atolye-calismalari-basliyor\/"},"wordCount":555,"commentCount":0,"image":{"@id":"https:\/\/kuzeyinsesi.org\/index.php\/2026\/02\/28\/daude-kktc-liselerine-yonelik-atolye-calismalari-basliyor\/#primaryimage"},"thumbnailUrl":"https:\/\/kuzeyinsesi.org\/wp-content\/uploads\/2026\/02\/1772271382430POSTER-1.jpg","articleSection":["K\u0131br\u0131s"],"inLanguage":"tr","potentialAction":[{"@type":"CommentAction","name":"Comment","target":["https:\/\/kuzeyinsesi.org\/index.php\/2026\/02\/28\/daude-kktc-liselerine-yonelik-atolye-calismalari-basliyor\/#respond"]}]},{"@type":"WebPage","@id":"https:\/\/kuzeyinsesi.org\/index.php\/2026\/02\/28\/daude-kktc-liselerine-yonelik-atolye-calismalari-basliyor\/","url":"https:\/\/kuzeyinsesi.org\/index.php\/2026\/02\/28\/daude-kktc-liselerine-yonelik-atolye-calismalari-basliyor\/","name":"DA\u00dc\u2019de KKTC liselerine y\u00f6nelik at\u00f6lye \u00e7al\u0131\u015fmalar\u0131 ba\u015fl\u0131yor - Kuzeyin Sesi","isPartOf":{"@id":"https:\/\/kuzeyinsesi.org\/#website"},"primaryImageOfPage":{"@id":"https:\/\/kuzeyinsesi.org\/index.php\/2026\/02\/28\/daude-kktc-liselerine-yonelik-atolye-calismalari-basliyor\/#primaryimage"},"image":{"@id":"https:\/\/kuzeyinsesi.org\/index.php\/2026\/02\/28\/daude-kktc-liselerine-yonelik-atolye-calismalari-basliyor\/#primaryimage"},"thumbnailUrl":"https:\/\/kuzeyinsesi.org\/wp-content\/uploads\/2026\/02\/1772271382430POSTER-1.jpg","datePublished":"2026-02-28T10:58:29+00:00","author":{"@id":"https:\/\/kuzeyinsesi.org\/#\/schema\/person\/9f859689cdf01485597712386e37f5aa"},"breadcrumb":{"@id":"https:\/\/kuzeyinsesi.org\/index.php\/2026\/02\/28\/daude-kktc-liselerine-yonelik-atolye-calismalari-basliyor\/#breadcrumb"},"inLanguage":"tr","potentialAction":[{"@type":"ReadAction","target":["https:\/\/kuzeyinsesi.org\/index.php\/2026\/02\/28\/daude-kktc-liselerine-yonelik-atolye-calismalari-basliyor\/"]}]},{"@type":"ImageObject","inLanguage":"tr","@id":"https:\/\/kuzeyinsesi.org\/index.php\/2026\/02\/28\/daude-kktc-liselerine-yonelik-atolye-calismalari-basliyor\/#primaryimage","url":"https:\/\/kuzeyinsesi.org\/wp-content\/uploads\/2026\/02\/1772271382430POSTER-1.jpg","contentUrl":"https:\/\/kuzeyinsesi.org\/wp-content\/uploads\/2026\/02\/1772271382430POSTER-1.jpg","width":1080,"height":1350},{"@type":"BreadcrumbList","@id":"https:\/\/kuzeyinsesi.org\/index.php\/2026\/02\/28\/daude-kktc-liselerine-yonelik-atolye-calismalari-basliyor\/#breadcrumb","itemListElement":[{"@type":"ListItem","position":1,"name":"Anasayfa","item":"https:\/\/kuzeyinsesi.org\/"},{"@type":"ListItem","position":2,"name":"DA\u00dc\u2019de KKTC liselerine y\u00f6nelik at\u00f6lye \u00e7al\u0131\u015fmalar\u0131 ba\u015fl\u0131yor"}]},{"@type":"WebSite","@id":"https:\/\/kuzeyinsesi.org\/#website","url":"https:\/\/kuzeyinsesi.org\/","name":"Kuzeyin Sesi","description":"Do\u011fru Haberin Adresi","potentialAction":[{"@type":"SearchAction","target":{"@type":"EntryPoint","urlTemplate":"https:\/\/kuzeyinsesi.org\/?s={search_term_string}"},"query-input":{"@type":"PropertyValueSpecification","valueRequired":true,"valueName":"search_term_string"}}],"inLanguage":"tr"},{"@type":"Person","@id":"https:\/\/kuzeyinsesi.org\/#\/schema\/person\/9f859689cdf01485597712386e37f5aa","name":"Kuzeyin Sesi","image":{"@type":"ImageObject","inLanguage":"tr","@id":"https:\/\/secure.gravatar.com\/avatar\/bab33852abfd8b282518d6ed81826833d77c3c882d9ab608add591ccace47a44?s=96&d=mm&r=g","url":"https:\/\/secure.gravatar.com\/avatar\/bab33852abfd8b282518d6ed81826833d77c3c882d9ab608add591ccace47a44?s=96&d=mm&r=g","contentUrl":"https:\/\/secure.gravatar.com\/avatar\/bab33852abfd8b282518d6ed81826833d77c3c882d9ab608add591ccace47a44?s=96&d=mm&r=g","caption":"Kuzeyin Sesi"},"sameAs":["https:\/\/kuzeyinsesi.org"],"url":"https:\/\/kuzeyinsesi.org\/index.php\/author\/guven\/"}]}},"_links":{"self":[{"href":"https:\/\/kuzeyinsesi.org\/index.php\/wp-json\/wp\/v2\/posts\/36033","targetHints":{"allow":["GET"]}}],"collection":[{"href":"https:\/\/kuzeyinsesi.org\/index.php\/wp-json\/wp\/v2\/posts"}],"about":[{"href":"https:\/\/kuzeyinsesi.org\/index.php\/wp-json\/wp\/v2\/types\/post"}],"author":[{"embeddable":true,"href":"https:\/\/kuzeyinsesi.org\/index.php\/wp-json\/wp\/v2\/users\/1"}],"replies":[{"embeddable":true,"href":"https:\/\/kuzeyinsesi.org\/index.php\/wp-json\/wp\/v2\/comments?post=36033"}],"version-history":[{"count":0,"href":"https:\/\/kuzeyinsesi.org\/index.php\/wp-json\/wp\/v2\/posts\/36033\/revisions"}],"wp:featuredmedia":[{"embeddable":true,"href":"https:\/\/kuzeyinsesi.org\/index.php\/wp-json\/wp\/v2\/media\/36034"}],"wp:attachment":[{"href":"https:\/\/kuzeyinsesi.org\/index.php\/wp-json\/wp\/v2\/media?parent=36033"}],"wp:term":[{"taxonomy":"category","embeddable":true,"href":"https:\/\/kuzeyinsesi.org\/index.php\/wp-json\/wp\/v2\/categories?post=36033"},{"taxonomy":"post_tag","embeddable":true,"href":"https:\/\/kuzeyinsesi.org\/index.php\/wp-json\/wp\/v2\/tags?post=36033"}],"curies":[{"name":"wp","href":"https:\/\/api.w.org\/{rel}","templated":true}]}}