{"id":36031,"date":"2026-02-28T12:52:35","date_gmt":"2026-02-28T10:52:35","guid":{"rendered":"https:\/\/kuzeyinsesi.org\/index.php\/2026\/02\/28\/sadikoglu-milli-atlet-tazegul-ile-gorustu\/"},"modified":"2026-02-28T12:52:35","modified_gmt":"2026-02-28T10:52:35","slug":"sadikoglu-milli-atlet-tazegul-ile-gorustu","status":"publish","type":"post","link":"https:\/\/kuzeyinsesi.org\/index.php\/2026\/02\/28\/sadikoglu-milli-atlet-tazegul-ile-gorustu\/","title":{"rendered":"Sad\u0131ko\u011flu, milli atlet Tazeg\u00fcl ile g\u00f6r\u00fc\u015ft\u00fc"},"content":{"rendered":"<p style=\"font-weight: 300\"><span style=\"font-weight: 300 !important\">\u0130skele Belediyesi\u2019nden yap\u0131lan a\u00e7\u0131klamaya g\u00f6re, \u0130skele Belediyesi\u2019ni ziyaret eden Tazeg\u00fcl, Sad\u0131ko\u011flu ile g\u00f6r\u00fc\u015ferek, verdi\u011fi deste\u011fe te\u015fekk\u00fcr etti.<\/span><\/p>\n<p style=\"font-weight: 300\"><span style=\"font-weight: 300 !important\">Sad\u0131ko\u011flu da gen\u00e7lerin sporla i\u00e7 i\u00e7e b\u00fcy\u00fcmesinin \u00f6nemine dikkat \u00e7ekerek, her zaman\u00a0<\/span><span style=\"font-weight: 300 !important\">ba\u015far\u0131l\u0131 sporcular\u0131n<\/span><span style=\"font-weight: 300 !important\">\u00a0<\/span><span style=\"font-weight: 300 !important\">yan\u0131nda olduklar\u0131n\u0131 vurgulad\u0131. Sad\u0131ko\u011flu, Hakan Tazeg\u00fcl\u2019\u00fcn elde etti\u011fi derecelerle hem \u0130skele\u2019nin hem de \u00fclkenin gururu oldu\u011funu s\u00f6yledi.\u00a0<\/span><\/p>\n<p style=\"font-weight: 300\"><span style=\"font-weight: 300 !important\">Gen\u00e7lere rol model olan sporculara destek vermeye devam edeceklerini belirten Sad\u0131ko\u011flu, spora yap\u0131lan yat\u0131r\u0131m\u0131n gelece\u011fe yap\u0131lan yat\u0131r\u0131m oldu\u011funa inand\u0131klar\u0131n\u0131 dile getirdi.<\/span><\/p>\n<p>Sad\u0131ko\u011flu, milli atlet Tazeg\u00fcl ile g\u00f6r\u00fc\u015ft\u00fc yaz\u0131s\u0131 ilk \u00f6nce K\u0131br\u0131s Hakikat \u00fczerinde ortaya \u00e7\u0131kt\u0131.<\/p>\n","protected":false},"excerpt":{"rendered":"<p>\u0130skele Belediyesi\u2019nden yap\u0131lan a\u00e7\u0131klamaya g\u00f6re, \u0130skele Belediyesi\u2019ni ziyaret eden Tazeg\u00fcl, Sad\u0131ko\u011flu ile g\u00f6r\u00fc\u015ferek, verdi\u011fi deste\u011fe te\u015fekk\u00fcr etti. Sad\u0131ko\u011flu da gen\u00e7lerin sporla i\u00e7 i\u00e7e b\u00fcy\u00fcmesinin \u00f6nemine dikkat \u00e7ekerek, her zaman\u00a0ba\u015far\u0131l\u0131 sporcular\u0131n\u00a0yan\u0131nda olduklar\u0131n\u0131 vurgulad\u0131. Sad\u0131ko\u011flu, Hakan Tazeg\u00fcl\u2019\u00fcn elde etti\u011fi derecelerle hem \u0130skele\u2019nin hem de \u00fclkenin gururu oldu\u011funu s\u00f6yledi.\u00a0 Gen\u00e7lere rol model olan sporculara destek vermeye devam edeceklerini [&hellip;]<\/p>\n","protected":false},"author":1,"featured_media":36032,"comment_status":"open","ping_status":"open","sticky":false,"template":"","format":"standard","meta":{"jnews-multi-image_gallery":[],"jnews_single_post":[],"jnews_primary_category":[],"jnews_social_meta":[],"jnews_override_counter":[],"footnotes":""},"categories":[1],"tags":[],"class_list":["post-36031","post","type-post","status-publish","format-standard","has-post-thumbnail","hentry","category-kibris"],"yoast_head":"<!-- This site is optimized with the Yoast SEO plugin v27.5 - https:\/\/yoast.com\/product\/yoast-seo-wordpress\/ -->\n<title>Sad\u0131ko\u011flu, milli atlet Tazeg\u00fcl ile g\u00f6r\u00fc\u015ft\u00fc - Kuzeyin Sesi<\/title>\n<meta name=\"robots\" content=\"index, follow, max-snippet:-1, max-image-preview:large, max-video-preview:-1\" \/>\n<link rel=\"canonical\" href=\"https:\/\/kuzeyinsesi.org\/index.php\/2026\/02\/28\/sadikoglu-milli-atlet-tazegul-ile-gorustu\/\" \/>\n<meta property=\"og:locale\" content=\"tr_TR\" \/>\n<meta property=\"og:type\" content=\"article\" \/>\n<meta property=\"og:title\" content=\"Sad\u0131ko\u011flu, milli atlet Tazeg\u00fcl ile g\u00f6r\u00fc\u015ft\u00fc - Kuzeyin Sesi\" \/>\n<meta property=\"og:description\" content=\"\u0130skele Belediyesi\u2019nden yap\u0131lan a\u00e7\u0131klamaya g\u00f6re, \u0130skele Belediyesi\u2019ni ziyaret eden Tazeg\u00fcl, Sad\u0131ko\u011flu ile g\u00f6r\u00fc\u015ferek, verdi\u011fi deste\u011fe te\u015fekk\u00fcr etti. Sad\u0131ko\u011flu da gen\u00e7lerin sporla i\u00e7 i\u00e7e b\u00fcy\u00fcmesinin \u00f6nemine dikkat \u00e7ekerek, her zaman\u00a0ba\u015far\u0131l\u0131 sporcular\u0131n\u00a0yan\u0131nda olduklar\u0131n\u0131 vurgulad\u0131. Sad\u0131ko\u011flu, Hakan Tazeg\u00fcl\u2019\u00fcn elde etti\u011fi derecelerle hem \u0130skele\u2019nin hem de \u00fclkenin gururu oldu\u011funu s\u00f6yledi.\u00a0 Gen\u00e7lere rol model olan sporculara destek vermeye devam edeceklerini [&hellip;]\" \/>\n<meta property=\"og:url\" content=\"https:\/\/kuzeyinsesi.org\/index.php\/2026\/02\/28\/sadikoglu-milli-atlet-tazegul-ile-gorustu\/\" \/>\n<meta property=\"og:site_name\" content=\"Kuzeyin Sesi\" \/>\n<meta property=\"article:publisher\" content=\"https:\/\/www.facebook.com\/kuzeyinsesii\" \/>\n<meta property=\"article:published_time\" content=\"2026-02-28T10:52:35+00:00\" \/>\n<meta name=\"author\" content=\"Kuzeyin Sesi\" \/>\n<meta name=\"twitter:card\" content=\"summary_large_image\" \/>\n<meta name=\"twitter:creator\" content=\"@kuzeyinsesii\" \/>\n<meta name=\"twitter:site\" content=\"@kuzeyinsesii\" \/>\n<meta name=\"twitter:label1\" content=\"Yazan:\" \/>\n\t<meta name=\"twitter:data1\" content=\"Kuzeyin Sesi\" \/>\n\t<meta name=\"twitter:label2\" content=\"Tahmini okuma s\u00fcresi\" \/>\n\t<meta name=\"twitter:data2\" content=\"1 dakika\" \/>\n<script type=\"application\/ld+json\" class=\"yoast-schema-graph\">{\"@context\":\"https:\\\/\\\/schema.org\",\"@graph\":[{\"@type\":\"Article\",\"@id\":\"https:\\\/\\\/kuzeyinsesi.org\\\/index.php\\\/2026\\\/02\\\/28\\\/sadikoglu-milli-atlet-tazegul-ile-gorustu\\\/#article\",\"isPartOf\":{\"@id\":\"https:\\\/\\\/kuzeyinsesi.org\\\/index.php\\\/2026\\\/02\\\/28\\\/sadikoglu-milli-atlet-tazegul-ile-gorustu\\\/\"},\"author\":{\"name\":\"Kuzeyin Sesi\",\"@id\":\"https:\\\/\\\/kuzeyinsesi.org\\\/#\\\/schema\\\/person\\\/9f859689cdf01485597712386e37f5aa\"},\"headline\":\"Sad\u0131ko\u011flu, milli atlet Tazeg\u00fcl ile g\u00f6r\u00fc\u015ft\u00fc\",\"datePublished\":\"2026-02-28T10:52:35+00:00\",\"mainEntityOfPage\":{\"@id\":\"https:\\\/\\\/kuzeyinsesi.org\\\/index.php\\\/2026\\\/02\\\/28\\\/sadikoglu-milli-atlet-tazegul-ile-gorustu\\\/\"},\"wordCount\":149,\"commentCount\":0,\"image\":{\"@id\":\"https:\\\/\\\/kuzeyinsesi.org\\\/index.php\\\/2026\\\/02\\\/28\\\/sadikoglu-milli-atlet-tazegul-ile-gorustu\\\/#primaryimage\"},\"thumbnailUrl\":\"https:\\\/\\\/kuzeyinsesi.org\\\/wp-content\\\/uploads\\\/2026\\\/02\\\/1772270933739HAKAN-TAZEGUL-SADIKOGLUNU-ZIYARET-ETTI.jpg\",\"articleSection\":[\"K\u0131br\u0131s\"],\"inLanguage\":\"tr\",\"potentialAction\":[{\"@type\":\"CommentAction\",\"name\":\"Comment\",\"target\":[\"https:\\\/\\\/kuzeyinsesi.org\\\/index.php\\\/2026\\\/02\\\/28\\\/sadikoglu-milli-atlet-tazegul-ile-gorustu\\\/#respond\"]}]},{\"@type\":\"WebPage\",\"@id\":\"https:\\\/\\\/kuzeyinsesi.org\\\/index.php\\\/2026\\\/02\\\/28\\\/sadikoglu-milli-atlet-tazegul-ile-gorustu\\\/\",\"url\":\"https:\\\/\\\/kuzeyinsesi.org\\\/index.php\\\/2026\\\/02\\\/28\\\/sadikoglu-milli-atlet-tazegul-ile-gorustu\\\/\",\"name\":\"Sad\u0131ko\u011flu, milli atlet Tazeg\u00fcl ile g\u00f6r\u00fc\u015ft\u00fc - Kuzeyin Sesi\",\"isPartOf\":{\"@id\":\"https:\\\/\\\/kuzeyinsesi.org\\\/#website\"},\"primaryImageOfPage\":{\"@id\":\"https:\\\/\\\/kuzeyinsesi.org\\\/index.php\\\/2026\\\/02\\\/28\\\/sadikoglu-milli-atlet-tazegul-ile-gorustu\\\/#primaryimage\"},\"image\":{\"@id\":\"https:\\\/\\\/kuzeyinsesi.org\\\/index.php\\\/2026\\\/02\\\/28\\\/sadikoglu-milli-atlet-tazegul-ile-gorustu\\\/#primaryimage\"},\"thumbnailUrl\":\"https:\\\/\\\/kuzeyinsesi.org\\\/wp-content\\\/uploads\\\/2026\\\/02\\\/1772270933739HAKAN-TAZEGUL-SADIKOGLUNU-ZIYARET-ETTI.jpg\",\"datePublished\":\"2026-02-28T10:52:35+00:00\",\"author\":{\"@id\":\"https:\\\/\\\/kuzeyinsesi.org\\\/#\\\/schema\\\/person\\\/9f859689cdf01485597712386e37f5aa\"},\"breadcrumb\":{\"@id\":\"https:\\\/\\\/kuzeyinsesi.org\\\/index.php\\\/2026\\\/02\\\/28\\\/sadikoglu-milli-atlet-tazegul-ile-gorustu\\\/#breadcrumb\"},\"inLanguage\":\"tr\",\"potentialAction\":[{\"@type\":\"ReadAction\",\"target\":[\"https:\\\/\\\/kuzeyinsesi.org\\\/index.php\\\/2026\\\/02\\\/28\\\/sadikoglu-milli-atlet-tazegul-ile-gorustu\\\/\"]}]},{\"@type\":\"ImageObject\",\"inLanguage\":\"tr\",\"@id\":\"https:\\\/\\\/kuzeyinsesi.org\\\/index.php\\\/2026\\\/02\\\/28\\\/sadikoglu-milli-atlet-tazegul-ile-gorustu\\\/#primaryimage\",\"url\":\"https:\\\/\\\/kuzeyinsesi.org\\\/wp-content\\\/uploads\\\/2026\\\/02\\\/1772270933739HAKAN-TAZEGUL-SADIKOGLUNU-ZIYARET-ETTI.jpg\",\"contentUrl\":\"https:\\\/\\\/kuzeyinsesi.org\\\/wp-content\\\/uploads\\\/2026\\\/02\\\/1772270933739HAKAN-TAZEGUL-SADIKOGLUNU-ZIYARET-ETTI.jpg\",\"width\":1620,\"height\":1080},{\"@type\":\"BreadcrumbList\",\"@id\":\"https:\\\/\\\/kuzeyinsesi.org\\\/index.php\\\/2026\\\/02\\\/28\\\/sadikoglu-milli-atlet-tazegul-ile-gorustu\\\/#breadcrumb\",\"itemListElement\":[{\"@type\":\"ListItem\",\"position\":1,\"name\":\"Anasayfa\",\"item\":\"https:\\\/\\\/kuzeyinsesi.org\\\/\"},{\"@type\":\"ListItem\",\"position\":2,\"name\":\"Sad\u0131ko\u011flu, milli atlet Tazeg\u00fcl ile g\u00f6r\u00fc\u015ft\u00fc\"}]},{\"@type\":\"WebSite\",\"@id\":\"https:\\\/\\\/kuzeyinsesi.org\\\/#website\",\"url\":\"https:\\\/\\\/kuzeyinsesi.org\\\/\",\"name\":\"Kuzeyin Sesi\",\"description\":\"Do\u011fru Haberin Adresi\",\"potentialAction\":[{\"@type\":\"SearchAction\",\"target\":{\"@type\":\"EntryPoint\",\"urlTemplate\":\"https:\\\/\\\/kuzeyinsesi.org\\\/?s={search_term_string}\"},\"query-input\":{\"@type\":\"PropertyValueSpecification\",\"valueRequired\":true,\"valueName\":\"search_term_string\"}}],\"inLanguage\":\"tr\"},{\"@type\":\"Person\",\"@id\":\"https:\\\/\\\/kuzeyinsesi.org\\\/#\\\/schema\\\/person\\\/9f859689cdf01485597712386e37f5aa\",\"name\":\"Kuzeyin Sesi\",\"image\":{\"@type\":\"ImageObject\",\"inLanguage\":\"tr\",\"@id\":\"https:\\\/\\\/secure.gravatar.com\\\/avatar\\\/bab33852abfd8b282518d6ed81826833d77c3c882d9ab608add591ccace47a44?s=96&d=mm&r=g\",\"url\":\"https:\\\/\\\/secure.gravatar.com\\\/avatar\\\/bab33852abfd8b282518d6ed81826833d77c3c882d9ab608add591ccace47a44?s=96&d=mm&r=g\",\"contentUrl\":\"https:\\\/\\\/secure.gravatar.com\\\/avatar\\\/bab33852abfd8b282518d6ed81826833d77c3c882d9ab608add591ccace47a44?s=96&d=mm&r=g\",\"caption\":\"Kuzeyin Sesi\"},\"sameAs\":[\"https:\\\/\\\/kuzeyinsesi.org\"],\"url\":\"https:\\\/\\\/kuzeyinsesi.org\\\/index.php\\\/author\\\/guven\\\/\"}]}<\/script>\n<!-- \/ Yoast SEO plugin. -->","yoast_head_json":{"title":"Sad\u0131ko\u011flu, milli atlet Tazeg\u00fcl ile g\u00f6r\u00fc\u015ft\u00fc - Kuzeyin Sesi","robots":{"index":"index","follow":"follow","max-snippet":"max-snippet:-1","max-image-preview":"max-image-preview:large","max-video-preview":"max-video-preview:-1"},"canonical":"https:\/\/kuzeyinsesi.org\/index.php\/2026\/02\/28\/sadikoglu-milli-atlet-tazegul-ile-gorustu\/","og_locale":"tr_TR","og_type":"article","og_title":"Sad\u0131ko\u011flu, milli atlet Tazeg\u00fcl ile g\u00f6r\u00fc\u015ft\u00fc - Kuzeyin Sesi","og_description":"\u0130skele Belediyesi\u2019nden yap\u0131lan a\u00e7\u0131klamaya g\u00f6re, \u0130skele Belediyesi\u2019ni ziyaret eden Tazeg\u00fcl, Sad\u0131ko\u011flu ile g\u00f6r\u00fc\u015ferek, verdi\u011fi deste\u011fe te\u015fekk\u00fcr etti. Sad\u0131ko\u011flu da gen\u00e7lerin sporla i\u00e7 i\u00e7e b\u00fcy\u00fcmesinin \u00f6nemine dikkat \u00e7ekerek, her zaman\u00a0ba\u015far\u0131l\u0131 sporcular\u0131n\u00a0yan\u0131nda olduklar\u0131n\u0131 vurgulad\u0131. Sad\u0131ko\u011flu, Hakan Tazeg\u00fcl\u2019\u00fcn elde etti\u011fi derecelerle hem \u0130skele\u2019nin hem de \u00fclkenin gururu oldu\u011funu s\u00f6yledi.\u00a0 Gen\u00e7lere rol model olan sporculara destek vermeye devam edeceklerini [&hellip;]","og_url":"https:\/\/kuzeyinsesi.org\/index.php\/2026\/02\/28\/sadikoglu-milli-atlet-tazegul-ile-gorustu\/","og_site_name":"Kuzeyin Sesi","article_publisher":"https:\/\/www.facebook.com\/kuzeyinsesii","article_published_time":"2026-02-28T10:52:35+00:00","author":"Kuzeyin Sesi","twitter_card":"summary_large_image","twitter_creator":"@kuzeyinsesii","twitter_site":"@kuzeyinsesii","twitter_misc":{"Yazan:":"Kuzeyin Sesi","Tahmini okuma s\u00fcresi":"1 dakika"},"schema":{"@context":"https:\/\/schema.org","@graph":[{"@type":"Article","@id":"https:\/\/kuzeyinsesi.org\/index.php\/2026\/02\/28\/sadikoglu-milli-atlet-tazegul-ile-gorustu\/#article","isPartOf":{"@id":"https:\/\/kuzeyinsesi.org\/index.php\/2026\/02\/28\/sadikoglu-milli-atlet-tazegul-ile-gorustu\/"},"author":{"name":"Kuzeyin Sesi","@id":"https:\/\/kuzeyinsesi.org\/#\/schema\/person\/9f859689cdf01485597712386e37f5aa"},"headline":"Sad\u0131ko\u011flu, milli atlet Tazeg\u00fcl ile g\u00f6r\u00fc\u015ft\u00fc","datePublished":"2026-02-28T10:52:35+00:00","mainEntityOfPage":{"@id":"https:\/\/kuzeyinsesi.org\/index.php\/2026\/02\/28\/sadikoglu-milli-atlet-tazegul-ile-gorustu\/"},"wordCount":149,"commentCount":0,"image":{"@id":"https:\/\/kuzeyinsesi.org\/index.php\/2026\/02\/28\/sadikoglu-milli-atlet-tazegul-ile-gorustu\/#primaryimage"},"thumbnailUrl":"https:\/\/kuzeyinsesi.org\/wp-content\/uploads\/2026\/02\/1772270933739HAKAN-TAZEGUL-SADIKOGLUNU-ZIYARET-ETTI.jpg","articleSection":["K\u0131br\u0131s"],"inLanguage":"tr","potentialAction":[{"@type":"CommentAction","name":"Comment","target":["https:\/\/kuzeyinsesi.org\/index.php\/2026\/02\/28\/sadikoglu-milli-atlet-tazegul-ile-gorustu\/#respond"]}]},{"@type":"WebPage","@id":"https:\/\/kuzeyinsesi.org\/index.php\/2026\/02\/28\/sadikoglu-milli-atlet-tazegul-ile-gorustu\/","url":"https:\/\/kuzeyinsesi.org\/index.php\/2026\/02\/28\/sadikoglu-milli-atlet-tazegul-ile-gorustu\/","name":"Sad\u0131ko\u011flu, milli atlet Tazeg\u00fcl ile g\u00f6r\u00fc\u015ft\u00fc - Kuzeyin Sesi","isPartOf":{"@id":"https:\/\/kuzeyinsesi.org\/#website"},"primaryImageOfPage":{"@id":"https:\/\/kuzeyinsesi.org\/index.php\/2026\/02\/28\/sadikoglu-milli-atlet-tazegul-ile-gorustu\/#primaryimage"},"image":{"@id":"https:\/\/kuzeyinsesi.org\/index.php\/2026\/02\/28\/sadikoglu-milli-atlet-tazegul-ile-gorustu\/#primaryimage"},"thumbnailUrl":"https:\/\/kuzeyinsesi.org\/wp-content\/uploads\/2026\/02\/1772270933739HAKAN-TAZEGUL-SADIKOGLUNU-ZIYARET-ETTI.jpg","datePublished":"2026-02-28T10:52:35+00:00","author":{"@id":"https:\/\/kuzeyinsesi.org\/#\/schema\/person\/9f859689cdf01485597712386e37f5aa"},"breadcrumb":{"@id":"https:\/\/kuzeyinsesi.org\/index.php\/2026\/02\/28\/sadikoglu-milli-atlet-tazegul-ile-gorustu\/#breadcrumb"},"inLanguage":"tr","potentialAction":[{"@type":"ReadAction","target":["https:\/\/kuzeyinsesi.org\/index.php\/2026\/02\/28\/sadikoglu-milli-atlet-tazegul-ile-gorustu\/"]}]},{"@type":"ImageObject","inLanguage":"tr","@id":"https:\/\/kuzeyinsesi.org\/index.php\/2026\/02\/28\/sadikoglu-milli-atlet-tazegul-ile-gorustu\/#primaryimage","url":"https:\/\/kuzeyinsesi.org\/wp-content\/uploads\/2026\/02\/1772270933739HAKAN-TAZEGUL-SADIKOGLUNU-ZIYARET-ETTI.jpg","contentUrl":"https:\/\/kuzeyinsesi.org\/wp-content\/uploads\/2026\/02\/1772270933739HAKAN-TAZEGUL-SADIKOGLUNU-ZIYARET-ETTI.jpg","width":1620,"height":1080},{"@type":"BreadcrumbList","@id":"https:\/\/kuzeyinsesi.org\/index.php\/2026\/02\/28\/sadikoglu-milli-atlet-tazegul-ile-gorustu\/#breadcrumb","itemListElement":[{"@type":"ListItem","position":1,"name":"Anasayfa","item":"https:\/\/kuzeyinsesi.org\/"},{"@type":"ListItem","position":2,"name":"Sad\u0131ko\u011flu, milli atlet Tazeg\u00fcl ile g\u00f6r\u00fc\u015ft\u00fc"}]},{"@type":"WebSite","@id":"https:\/\/kuzeyinsesi.org\/#website","url":"https:\/\/kuzeyinsesi.org\/","name":"Kuzeyin Sesi","description":"Do\u011fru Haberin Adresi","potentialAction":[{"@type":"SearchAction","target":{"@type":"EntryPoint","urlTemplate":"https:\/\/kuzeyinsesi.org\/?s={search_term_string}"},"query-input":{"@type":"PropertyValueSpecification","valueRequired":true,"valueName":"search_term_string"}}],"inLanguage":"tr"},{"@type":"Person","@id":"https:\/\/kuzeyinsesi.org\/#\/schema\/person\/9f859689cdf01485597712386e37f5aa","name":"Kuzeyin Sesi","image":{"@type":"ImageObject","inLanguage":"tr","@id":"https:\/\/secure.gravatar.com\/avatar\/bab33852abfd8b282518d6ed81826833d77c3c882d9ab608add591ccace47a44?s=96&d=mm&r=g","url":"https:\/\/secure.gravatar.com\/avatar\/bab33852abfd8b282518d6ed81826833d77c3c882d9ab608add591ccace47a44?s=96&d=mm&r=g","contentUrl":"https:\/\/secure.gravatar.com\/avatar\/bab33852abfd8b282518d6ed81826833d77c3c882d9ab608add591ccace47a44?s=96&d=mm&r=g","caption":"Kuzeyin Sesi"},"sameAs":["https:\/\/kuzeyinsesi.org"],"url":"https:\/\/kuzeyinsesi.org\/index.php\/author\/guven\/"}]}},"_links":{"self":[{"href":"https:\/\/kuzeyinsesi.org\/index.php\/wp-json\/wp\/v2\/posts\/36031","targetHints":{"allow":["GET"]}}],"collection":[{"href":"https:\/\/kuzeyinsesi.org\/index.php\/wp-json\/wp\/v2\/posts"}],"about":[{"href":"https:\/\/kuzeyinsesi.org\/index.php\/wp-json\/wp\/v2\/types\/post"}],"author":[{"embeddable":true,"href":"https:\/\/kuzeyinsesi.org\/index.php\/wp-json\/wp\/v2\/users\/1"}],"replies":[{"embeddable":true,"href":"https:\/\/kuzeyinsesi.org\/index.php\/wp-json\/wp\/v2\/comments?post=36031"}],"version-history":[{"count":0,"href":"https:\/\/kuzeyinsesi.org\/index.php\/wp-json\/wp\/v2\/posts\/36031\/revisions"}],"wp:featuredmedia":[{"embeddable":true,"href":"https:\/\/kuzeyinsesi.org\/index.php\/wp-json\/wp\/v2\/media\/36032"}],"wp:attachment":[{"href":"https:\/\/kuzeyinsesi.org\/index.php\/wp-json\/wp\/v2\/media?parent=36031"}],"wp:term":[{"taxonomy":"category","embeddable":true,"href":"https:\/\/kuzeyinsesi.org\/index.php\/wp-json\/wp\/v2\/categories?post=36031"},{"taxonomy":"post_tag","embeddable":true,"href":"https:\/\/kuzeyinsesi.org\/index.php\/wp-json\/wp\/v2\/tags?post=36031"}],"curies":[{"name":"wp","href":"https:\/\/api.w.org\/{rel}","templated":true}]}}