{"id":3603,"date":"2024-05-28T19:51:15","date_gmt":"2024-05-28T16:51:15","guid":{"rendered":"https:\/\/kuzeyinsesi.com\/index.php\/2024\/05\/28\/gazimagusa-belediyesi-turk-muzigi-korosu-nagmelerle-bahar-konseriyle-sanatseverlerle-bulusacak\/"},"modified":"2024-05-28T19:51:15","modified_gmt":"2024-05-28T16:51:15","slug":"gazimagusa-belediyesi-turk-muzigi-korosu-nagmelerle-bahar-konseriyle-sanatseverlerle-bulusacak","status":"publish","type":"post","link":"https:\/\/kuzeyinsesi.org\/index.php\/2024\/05\/28\/gazimagusa-belediyesi-turk-muzigi-korosu-nagmelerle-bahar-konseriyle-sanatseverlerle-bulusacak\/","title":{"rendered":"Gazima\u011fusa Belediyesi T\u00fcrk M\u00fczi\u011fi Korosu, \u201cNa\u011fmelerle Bahar\u201d konseriyle sanatseverlerle bulu\u015facak"},"content":{"rendered":"<div>\n<div class=\"mariselle-image-container none\">\n                                            <\/div>\n<p>Gazima\u011fusa Belediyesi T\u00fcrk M\u00fczi\u011fi Korosu, \u201cNa\u011fmelerle Bahar\u201d Konseri ile per\u015fembe g\u00fcn\u00fc sanatseverlerle bulu\u015facak.<\/p>\n<p>Gazima\u011fusa Belediyesi Halkla \u0130li\u015fkiler Birimi Bas\u0131n Ofisi\u2019nden yap\u0131lan a\u00e7\u0131klamaya g\u00f6re, Rauf Raif Denkta\u015f K\u00fclt\u00fcr ve Kongre Merkezi\u2019nde yer alacak konser 20.30\u2019da ba\u015flayacak.<\/p>\n<p>Konser \u00fccretsiz olacak.<\/p>\n<\/p><\/div>\n<p><script async\n                    defer\n                    crossorigin=\"anonymous\"\n                    src=\"https:\/\/connect.facebook.net\/tr_TR\/sdk.js#xfbml=1&#038;version=v3.3\"\n            ><\/script><\/p>\n","protected":false},"excerpt":{"rendered":"<p>Gazima\u011fusa Belediyesi T\u00fcrk M\u00fczi\u011fi Korosu, \u201cNa\u011fmelerle Bahar\u201d Konseri ile per\u015fembe g\u00fcn\u00fc sanatseverlerle bulu\u015facak. Gazima\u011fusa Belediyesi Halkla \u0130li\u015fkiler Birimi Bas\u0131n Ofisi\u2019nden yap\u0131lan a\u00e7\u0131klamaya g\u00f6re, Rauf Raif Denkta\u015f K\u00fclt\u00fcr ve Kongre Merkezi\u2019nde yer alacak konser 20.30\u2019da ba\u015flayacak. Konser \u00fccretsiz olacak.<\/p>\n","protected":false},"author":1,"featured_media":3604,"comment_status":"open","ping_status":"open","sticky":false,"template":"","format":"standard","meta":{"jnews-multi-image_gallery":[],"jnews_single_post":[],"jnews_primary_category":[],"jnews_social_meta":[],"jnews_override_counter":[],"footnotes":""},"categories":[6],"tags":[],"class_list":["post-3603","post","type-post","status-publish","format-standard","has-post-thumbnail","hentry","category-yasam"],"yoast_head":"<!-- This site is optimized with the Yoast SEO plugin v27.5 - https:\/\/yoast.com\/product\/yoast-seo-wordpress\/ -->\n<title>Gazima\u011fusa Belediyesi T\u00fcrk M\u00fczi\u011fi Korosu, \u201cNa\u011fmelerle Bahar\u201d konseriyle sanatseverlerle bulu\u015facak - Kuzeyin Sesi<\/title>\n<meta name=\"robots\" content=\"index, follow, max-snippet:-1, max-image-preview:large, max-video-preview:-1\" \/>\n<link rel=\"canonical\" href=\"https:\/\/kuzeyinsesi.org\/index.php\/2024\/05\/28\/gazimagusa-belediyesi-turk-muzigi-korosu-nagmelerle-bahar-konseriyle-sanatseverlerle-bulusacak\/\" \/>\n<meta property=\"og:locale\" content=\"tr_TR\" \/>\n<meta property=\"og:type\" content=\"article\" \/>\n<meta property=\"og:title\" content=\"Gazima\u011fusa Belediyesi T\u00fcrk M\u00fczi\u011fi Korosu, \u201cNa\u011fmelerle Bahar\u201d konseriyle sanatseverlerle bulu\u015facak - Kuzeyin Sesi\" \/>\n<meta property=\"og:description\" content=\"Gazima\u011fusa Belediyesi T\u00fcrk M\u00fczi\u011fi Korosu, \u201cNa\u011fmelerle Bahar\u201d Konseri ile per\u015fembe g\u00fcn\u00fc sanatseverlerle bulu\u015facak. Gazima\u011fusa Belediyesi Halkla \u0130li\u015fkiler Birimi Bas\u0131n Ofisi\u2019nden yap\u0131lan a\u00e7\u0131klamaya g\u00f6re, Rauf Raif Denkta\u015f K\u00fclt\u00fcr ve Kongre Merkezi\u2019nde yer alacak konser 20.30\u2019da ba\u015flayacak. Konser \u00fccretsiz olacak.\" \/>\n<meta property=\"og:url\" content=\"https:\/\/kuzeyinsesi.org\/index.php\/2024\/05\/28\/gazimagusa-belediyesi-turk-muzigi-korosu-nagmelerle-bahar-konseriyle-sanatseverlerle-bulusacak\/\" \/>\n<meta property=\"og:site_name\" content=\"Kuzeyin Sesi\" \/>\n<meta property=\"article:publisher\" content=\"https:\/\/www.facebook.com\/kuzeyinsesii\" \/>\n<meta property=\"article:published_time\" content=\"2024-05-28T16:51:15+00:00\" \/>\n<meta property=\"og:image\" content=\"https:\/\/kuzeyinsesi.org\/wp-content\/uploads\/2024\/05\/nagmelerle-bahar-konseri.jpeg\" \/>\n\t<meta property=\"og:image:width\" content=\"930\" \/>\n\t<meta property=\"og:image:height\" content=\"930\" \/>\n\t<meta property=\"og:image:type\" content=\"image\/jpeg\" \/>\n<meta name=\"author\" content=\"Kuzeyin Sesi\" \/>\n<meta name=\"twitter:card\" content=\"summary_large_image\" \/>\n<meta name=\"twitter:creator\" content=\"@kuzeyinsesii\" \/>\n<meta name=\"twitter:site\" content=\"@kuzeyinsesii\" \/>\n<meta name=\"twitter:label1\" content=\"Yazan:\" \/>\n\t<meta name=\"twitter:data1\" content=\"Kuzeyin Sesi\" \/>\n<script type=\"application\/ld+json\" class=\"yoast-schema-graph\">{\"@context\":\"https:\\\/\\\/schema.org\",\"@graph\":[{\"@type\":\"Article\",\"@id\":\"https:\\\/\\\/kuzeyinsesi.org\\\/index.php\\\/2024\\\/05\\\/28\\\/gazimagusa-belediyesi-turk-muzigi-korosu-nagmelerle-bahar-konseriyle-sanatseverlerle-bulusacak\\\/#article\",\"isPartOf\":{\"@id\":\"https:\\\/\\\/kuzeyinsesi.org\\\/index.php\\\/2024\\\/05\\\/28\\\/gazimagusa-belediyesi-turk-muzigi-korosu-nagmelerle-bahar-konseriyle-sanatseverlerle-bulusacak\\\/\"},\"author\":{\"name\":\"Kuzeyin Sesi\",\"@id\":\"https:\\\/\\\/kuzeyinsesi.org\\\/#\\\/schema\\\/person\\\/9f859689cdf01485597712386e37f5aa\"},\"headline\":\"Gazima\u011fusa Belediyesi T\u00fcrk M\u00fczi\u011fi Korosu, \u201cNa\u011fmelerle Bahar\u201d konseriyle sanatseverlerle bulu\u015facak\",\"datePublished\":\"2024-05-28T16:51:15+00:00\",\"mainEntityOfPage\":{\"@id\":\"https:\\\/\\\/kuzeyinsesi.org\\\/index.php\\\/2024\\\/05\\\/28\\\/gazimagusa-belediyesi-turk-muzigi-korosu-nagmelerle-bahar-konseriyle-sanatseverlerle-bulusacak\\\/\"},\"wordCount\":73,\"commentCount\":0,\"image\":{\"@id\":\"https:\\\/\\\/kuzeyinsesi.org\\\/index.php\\\/2024\\\/05\\\/28\\\/gazimagusa-belediyesi-turk-muzigi-korosu-nagmelerle-bahar-konseriyle-sanatseverlerle-bulusacak\\\/#primaryimage\"},\"thumbnailUrl\":\"https:\\\/\\\/kuzeyinsesi.org\\\/wp-content\\\/uploads\\\/2024\\\/05\\\/nagmelerle-bahar-konseri.jpeg\",\"articleSection\":[\"Ya\u015fam\"],\"inLanguage\":\"tr\",\"potentialAction\":[{\"@type\":\"CommentAction\",\"name\":\"Comment\",\"target\":[\"https:\\\/\\\/kuzeyinsesi.org\\\/index.php\\\/2024\\\/05\\\/28\\\/gazimagusa-belediyesi-turk-muzigi-korosu-nagmelerle-bahar-konseriyle-sanatseverlerle-bulusacak\\\/#respond\"]}]},{\"@type\":\"WebPage\",\"@id\":\"https:\\\/\\\/kuzeyinsesi.org\\\/index.php\\\/2024\\\/05\\\/28\\\/gazimagusa-belediyesi-turk-muzigi-korosu-nagmelerle-bahar-konseriyle-sanatseverlerle-bulusacak\\\/\",\"url\":\"https:\\\/\\\/kuzeyinsesi.org\\\/index.php\\\/2024\\\/05\\\/28\\\/gazimagusa-belediyesi-turk-muzigi-korosu-nagmelerle-bahar-konseriyle-sanatseverlerle-bulusacak\\\/\",\"name\":\"Gazima\u011fusa Belediyesi T\u00fcrk M\u00fczi\u011fi Korosu, \u201cNa\u011fmelerle Bahar\u201d konseriyle sanatseverlerle bulu\u015facak - Kuzeyin Sesi\",\"isPartOf\":{\"@id\":\"https:\\\/\\\/kuzeyinsesi.org\\\/#website\"},\"primaryImageOfPage\":{\"@id\":\"https:\\\/\\\/kuzeyinsesi.org\\\/index.php\\\/2024\\\/05\\\/28\\\/gazimagusa-belediyesi-turk-muzigi-korosu-nagmelerle-bahar-konseriyle-sanatseverlerle-bulusacak\\\/#primaryimage\"},\"image\":{\"@id\":\"https:\\\/\\\/kuzeyinsesi.org\\\/index.php\\\/2024\\\/05\\\/28\\\/gazimagusa-belediyesi-turk-muzigi-korosu-nagmelerle-bahar-konseriyle-sanatseverlerle-bulusacak\\\/#primaryimage\"},\"thumbnailUrl\":\"https:\\\/\\\/kuzeyinsesi.org\\\/wp-content\\\/uploads\\\/2024\\\/05\\\/nagmelerle-bahar-konseri.jpeg\",\"datePublished\":\"2024-05-28T16:51:15+00:00\",\"author\":{\"@id\":\"https:\\\/\\\/kuzeyinsesi.org\\\/#\\\/schema\\\/person\\\/9f859689cdf01485597712386e37f5aa\"},\"breadcrumb\":{\"@id\":\"https:\\\/\\\/kuzeyinsesi.org\\\/index.php\\\/2024\\\/05\\\/28\\\/gazimagusa-belediyesi-turk-muzigi-korosu-nagmelerle-bahar-konseriyle-sanatseverlerle-bulusacak\\\/#breadcrumb\"},\"inLanguage\":\"tr\",\"potentialAction\":[{\"@type\":\"ReadAction\",\"target\":[\"https:\\\/\\\/kuzeyinsesi.org\\\/index.php\\\/2024\\\/05\\\/28\\\/gazimagusa-belediyesi-turk-muzigi-korosu-nagmelerle-bahar-konseriyle-sanatseverlerle-bulusacak\\\/\"]}]},{\"@type\":\"ImageObject\",\"inLanguage\":\"tr\",\"@id\":\"https:\\\/\\\/kuzeyinsesi.org\\\/index.php\\\/2024\\\/05\\\/28\\\/gazimagusa-belediyesi-turk-muzigi-korosu-nagmelerle-bahar-konseriyle-sanatseverlerle-bulusacak\\\/#primaryimage\",\"url\":\"https:\\\/\\\/kuzeyinsesi.org\\\/wp-content\\\/uploads\\\/2024\\\/05\\\/nagmelerle-bahar-konseri.jpeg\",\"contentUrl\":\"https:\\\/\\\/kuzeyinsesi.org\\\/wp-content\\\/uploads\\\/2024\\\/05\\\/nagmelerle-bahar-konseri.jpeg\",\"width\":930,\"height\":930},{\"@type\":\"BreadcrumbList\",\"@id\":\"https:\\\/\\\/kuzeyinsesi.org\\\/index.php\\\/2024\\\/05\\\/28\\\/gazimagusa-belediyesi-turk-muzigi-korosu-nagmelerle-bahar-konseriyle-sanatseverlerle-bulusacak\\\/#breadcrumb\",\"itemListElement\":[{\"@type\":\"ListItem\",\"position\":1,\"name\":\"Anasayfa\",\"item\":\"https:\\\/\\\/kuzeyinsesi.org\\\/\"},{\"@type\":\"ListItem\",\"position\":2,\"name\":\"Gazima\u011fusa Belediyesi T\u00fcrk M\u00fczi\u011fi Korosu, \u201cNa\u011fmelerle Bahar\u201d konseriyle sanatseverlerle bulu\u015facak\"}]},{\"@type\":\"WebSite\",\"@id\":\"https:\\\/\\\/kuzeyinsesi.org\\\/#website\",\"url\":\"https:\\\/\\\/kuzeyinsesi.org\\\/\",\"name\":\"Kuzeyin Sesi\",\"description\":\"Do\u011fru Haberin Adresi\",\"potentialAction\":[{\"@type\":\"SearchAction\",\"target\":{\"@type\":\"EntryPoint\",\"urlTemplate\":\"https:\\\/\\\/kuzeyinsesi.org\\\/?s={search_term_string}\"},\"query-input\":{\"@type\":\"PropertyValueSpecification\",\"valueRequired\":true,\"valueName\":\"search_term_string\"}}],\"inLanguage\":\"tr\"},{\"@type\":\"Person\",\"@id\":\"https:\\\/\\\/kuzeyinsesi.org\\\/#\\\/schema\\\/person\\\/9f859689cdf01485597712386e37f5aa\",\"name\":\"Kuzeyin Sesi\",\"image\":{\"@type\":\"ImageObject\",\"inLanguage\":\"tr\",\"@id\":\"https:\\\/\\\/secure.gravatar.com\\\/avatar\\\/bab33852abfd8b282518d6ed81826833d77c3c882d9ab608add591ccace47a44?s=96&d=mm&r=g\",\"url\":\"https:\\\/\\\/secure.gravatar.com\\\/avatar\\\/bab33852abfd8b282518d6ed81826833d77c3c882d9ab608add591ccace47a44?s=96&d=mm&r=g\",\"contentUrl\":\"https:\\\/\\\/secure.gravatar.com\\\/avatar\\\/bab33852abfd8b282518d6ed81826833d77c3c882d9ab608add591ccace47a44?s=96&d=mm&r=g\",\"caption\":\"Kuzeyin Sesi\"},\"sameAs\":[\"https:\\\/\\\/kuzeyinsesi.org\"],\"url\":\"https:\\\/\\\/kuzeyinsesi.org\\\/index.php\\\/author\\\/guven\\\/\"}]}<\/script>\n<!-- \/ Yoast SEO plugin. -->","yoast_head_json":{"title":"Gazima\u011fusa Belediyesi T\u00fcrk M\u00fczi\u011fi Korosu, \u201cNa\u011fmelerle Bahar\u201d konseriyle sanatseverlerle bulu\u015facak - Kuzeyin Sesi","robots":{"index":"index","follow":"follow","max-snippet":"max-snippet:-1","max-image-preview":"max-image-preview:large","max-video-preview":"max-video-preview:-1"},"canonical":"https:\/\/kuzeyinsesi.org\/index.php\/2024\/05\/28\/gazimagusa-belediyesi-turk-muzigi-korosu-nagmelerle-bahar-konseriyle-sanatseverlerle-bulusacak\/","og_locale":"tr_TR","og_type":"article","og_title":"Gazima\u011fusa Belediyesi T\u00fcrk M\u00fczi\u011fi Korosu, \u201cNa\u011fmelerle Bahar\u201d konseriyle sanatseverlerle bulu\u015facak - Kuzeyin Sesi","og_description":"Gazima\u011fusa Belediyesi T\u00fcrk M\u00fczi\u011fi Korosu, \u201cNa\u011fmelerle Bahar\u201d Konseri ile per\u015fembe g\u00fcn\u00fc sanatseverlerle bulu\u015facak. Gazima\u011fusa Belediyesi Halkla \u0130li\u015fkiler Birimi Bas\u0131n Ofisi\u2019nden yap\u0131lan a\u00e7\u0131klamaya g\u00f6re, Rauf Raif Denkta\u015f K\u00fclt\u00fcr ve Kongre Merkezi\u2019nde yer alacak konser 20.30\u2019da ba\u015flayacak. Konser \u00fccretsiz olacak.","og_url":"https:\/\/kuzeyinsesi.org\/index.php\/2024\/05\/28\/gazimagusa-belediyesi-turk-muzigi-korosu-nagmelerle-bahar-konseriyle-sanatseverlerle-bulusacak\/","og_site_name":"Kuzeyin Sesi","article_publisher":"https:\/\/www.facebook.com\/kuzeyinsesii","article_published_time":"2024-05-28T16:51:15+00:00","og_image":[{"width":930,"height":930,"url":"https:\/\/kuzeyinsesi.org\/wp-content\/uploads\/2024\/05\/nagmelerle-bahar-konseri.jpeg","type":"image\/jpeg"}],"author":"Kuzeyin Sesi","twitter_card":"summary_large_image","twitter_creator":"@kuzeyinsesii","twitter_site":"@kuzeyinsesii","twitter_misc":{"Yazan:":"Kuzeyin Sesi"},"schema":{"@context":"https:\/\/schema.org","@graph":[{"@type":"Article","@id":"https:\/\/kuzeyinsesi.org\/index.php\/2024\/05\/28\/gazimagusa-belediyesi-turk-muzigi-korosu-nagmelerle-bahar-konseriyle-sanatseverlerle-bulusacak\/#article","isPartOf":{"@id":"https:\/\/kuzeyinsesi.org\/index.php\/2024\/05\/28\/gazimagusa-belediyesi-turk-muzigi-korosu-nagmelerle-bahar-konseriyle-sanatseverlerle-bulusacak\/"},"author":{"name":"Kuzeyin Sesi","@id":"https:\/\/kuzeyinsesi.org\/#\/schema\/person\/9f859689cdf01485597712386e37f5aa"},"headline":"Gazima\u011fusa Belediyesi T\u00fcrk M\u00fczi\u011fi Korosu, \u201cNa\u011fmelerle Bahar\u201d konseriyle sanatseverlerle bulu\u015facak","datePublished":"2024-05-28T16:51:15+00:00","mainEntityOfPage":{"@id":"https:\/\/kuzeyinsesi.org\/index.php\/2024\/05\/28\/gazimagusa-belediyesi-turk-muzigi-korosu-nagmelerle-bahar-konseriyle-sanatseverlerle-bulusacak\/"},"wordCount":73,"commentCount":0,"image":{"@id":"https:\/\/kuzeyinsesi.org\/index.php\/2024\/05\/28\/gazimagusa-belediyesi-turk-muzigi-korosu-nagmelerle-bahar-konseriyle-sanatseverlerle-bulusacak\/#primaryimage"},"thumbnailUrl":"https:\/\/kuzeyinsesi.org\/wp-content\/uploads\/2024\/05\/nagmelerle-bahar-konseri.jpeg","articleSection":["Ya\u015fam"],"inLanguage":"tr","potentialAction":[{"@type":"CommentAction","name":"Comment","target":["https:\/\/kuzeyinsesi.org\/index.php\/2024\/05\/28\/gazimagusa-belediyesi-turk-muzigi-korosu-nagmelerle-bahar-konseriyle-sanatseverlerle-bulusacak\/#respond"]}]},{"@type":"WebPage","@id":"https:\/\/kuzeyinsesi.org\/index.php\/2024\/05\/28\/gazimagusa-belediyesi-turk-muzigi-korosu-nagmelerle-bahar-konseriyle-sanatseverlerle-bulusacak\/","url":"https:\/\/kuzeyinsesi.org\/index.php\/2024\/05\/28\/gazimagusa-belediyesi-turk-muzigi-korosu-nagmelerle-bahar-konseriyle-sanatseverlerle-bulusacak\/","name":"Gazima\u011fusa Belediyesi T\u00fcrk M\u00fczi\u011fi Korosu, \u201cNa\u011fmelerle Bahar\u201d konseriyle sanatseverlerle bulu\u015facak - Kuzeyin Sesi","isPartOf":{"@id":"https:\/\/kuzeyinsesi.org\/#website"},"primaryImageOfPage":{"@id":"https:\/\/kuzeyinsesi.org\/index.php\/2024\/05\/28\/gazimagusa-belediyesi-turk-muzigi-korosu-nagmelerle-bahar-konseriyle-sanatseverlerle-bulusacak\/#primaryimage"},"image":{"@id":"https:\/\/kuzeyinsesi.org\/index.php\/2024\/05\/28\/gazimagusa-belediyesi-turk-muzigi-korosu-nagmelerle-bahar-konseriyle-sanatseverlerle-bulusacak\/#primaryimage"},"thumbnailUrl":"https:\/\/kuzeyinsesi.org\/wp-content\/uploads\/2024\/05\/nagmelerle-bahar-konseri.jpeg","datePublished":"2024-05-28T16:51:15+00:00","author":{"@id":"https:\/\/kuzeyinsesi.org\/#\/schema\/person\/9f859689cdf01485597712386e37f5aa"},"breadcrumb":{"@id":"https:\/\/kuzeyinsesi.org\/index.php\/2024\/05\/28\/gazimagusa-belediyesi-turk-muzigi-korosu-nagmelerle-bahar-konseriyle-sanatseverlerle-bulusacak\/#breadcrumb"},"inLanguage":"tr","potentialAction":[{"@type":"ReadAction","target":["https:\/\/kuzeyinsesi.org\/index.php\/2024\/05\/28\/gazimagusa-belediyesi-turk-muzigi-korosu-nagmelerle-bahar-konseriyle-sanatseverlerle-bulusacak\/"]}]},{"@type":"ImageObject","inLanguage":"tr","@id":"https:\/\/kuzeyinsesi.org\/index.php\/2024\/05\/28\/gazimagusa-belediyesi-turk-muzigi-korosu-nagmelerle-bahar-konseriyle-sanatseverlerle-bulusacak\/#primaryimage","url":"https:\/\/kuzeyinsesi.org\/wp-content\/uploads\/2024\/05\/nagmelerle-bahar-konseri.jpeg","contentUrl":"https:\/\/kuzeyinsesi.org\/wp-content\/uploads\/2024\/05\/nagmelerle-bahar-konseri.jpeg","width":930,"height":930},{"@type":"BreadcrumbList","@id":"https:\/\/kuzeyinsesi.org\/index.php\/2024\/05\/28\/gazimagusa-belediyesi-turk-muzigi-korosu-nagmelerle-bahar-konseriyle-sanatseverlerle-bulusacak\/#breadcrumb","itemListElement":[{"@type":"ListItem","position":1,"name":"Anasayfa","item":"https:\/\/kuzeyinsesi.org\/"},{"@type":"ListItem","position":2,"name":"Gazima\u011fusa Belediyesi T\u00fcrk M\u00fczi\u011fi Korosu, \u201cNa\u011fmelerle Bahar\u201d konseriyle sanatseverlerle bulu\u015facak"}]},{"@type":"WebSite","@id":"https:\/\/kuzeyinsesi.org\/#website","url":"https:\/\/kuzeyinsesi.org\/","name":"Kuzeyin Sesi","description":"Do\u011fru Haberin Adresi","potentialAction":[{"@type":"SearchAction","target":{"@type":"EntryPoint","urlTemplate":"https:\/\/kuzeyinsesi.org\/?s={search_term_string}"},"query-input":{"@type":"PropertyValueSpecification","valueRequired":true,"valueName":"search_term_string"}}],"inLanguage":"tr"},{"@type":"Person","@id":"https:\/\/kuzeyinsesi.org\/#\/schema\/person\/9f859689cdf01485597712386e37f5aa","name":"Kuzeyin Sesi","image":{"@type":"ImageObject","inLanguage":"tr","@id":"https:\/\/secure.gravatar.com\/avatar\/bab33852abfd8b282518d6ed81826833d77c3c882d9ab608add591ccace47a44?s=96&d=mm&r=g","url":"https:\/\/secure.gravatar.com\/avatar\/bab33852abfd8b282518d6ed81826833d77c3c882d9ab608add591ccace47a44?s=96&d=mm&r=g","contentUrl":"https:\/\/secure.gravatar.com\/avatar\/bab33852abfd8b282518d6ed81826833d77c3c882d9ab608add591ccace47a44?s=96&d=mm&r=g","caption":"Kuzeyin Sesi"},"sameAs":["https:\/\/kuzeyinsesi.org"],"url":"https:\/\/kuzeyinsesi.org\/index.php\/author\/guven\/"}]}},"_links":{"self":[{"href":"https:\/\/kuzeyinsesi.org\/index.php\/wp-json\/wp\/v2\/posts\/3603","targetHints":{"allow":["GET"]}}],"collection":[{"href":"https:\/\/kuzeyinsesi.org\/index.php\/wp-json\/wp\/v2\/posts"}],"about":[{"href":"https:\/\/kuzeyinsesi.org\/index.php\/wp-json\/wp\/v2\/types\/post"}],"author":[{"embeddable":true,"href":"https:\/\/kuzeyinsesi.org\/index.php\/wp-json\/wp\/v2\/users\/1"}],"replies":[{"embeddable":true,"href":"https:\/\/kuzeyinsesi.org\/index.php\/wp-json\/wp\/v2\/comments?post=3603"}],"version-history":[{"count":0,"href":"https:\/\/kuzeyinsesi.org\/index.php\/wp-json\/wp\/v2\/posts\/3603\/revisions"}],"wp:featuredmedia":[{"embeddable":true,"href":"https:\/\/kuzeyinsesi.org\/index.php\/wp-json\/wp\/v2\/media\/3604"}],"wp:attachment":[{"href":"https:\/\/kuzeyinsesi.org\/index.php\/wp-json\/wp\/v2\/media?parent=3603"}],"wp:term":[{"taxonomy":"category","embeddable":true,"href":"https:\/\/kuzeyinsesi.org\/index.php\/wp-json\/wp\/v2\/categories?post=3603"},{"taxonomy":"post_tag","embeddable":true,"href":"https:\/\/kuzeyinsesi.org\/index.php\/wp-json\/wp\/v2\/tags?post=3603"}],"curies":[{"name":"wp","href":"https:\/\/api.w.org\/{rel}","templated":true}]}}