{"id":36029,"date":"2026-02-28T12:46:23","date_gmt":"2026-02-28T10:46:23","guid":{"rendered":"https:\/\/kuzeyinsesi.org\/index.php\/2026\/02\/28\/bolgedeki-tum-amerikan-ve-israil-varliklari-ve-cikarlari-mesru-hedef-haline-geldi\/"},"modified":"2026-02-28T12:46:23","modified_gmt":"2026-02-28T10:46:23","slug":"bolgedeki-tum-amerikan-ve-israil-varliklari-ve-cikarlari-mesru-hedef-haline-geldi","status":"publish","type":"post","link":"https:\/\/kuzeyinsesi.org\/index.php\/2026\/02\/28\/bolgedeki-tum-amerikan-ve-israil-varliklari-ve-cikarlari-mesru-hedef-haline-geldi\/","title":{"rendered":"B\u00f6lgedeki t\u00fcm Amerikan ve \u0130srail varl\u0131klar\u0131 ve \u00e7\u0131karlar\u0131 me\u015fru hedef haline geldi"},"content":{"rendered":"<p style=\"font-weight: 300\"><span style=\"font-weight: 300 !important\">Al Jazeera&#8217;ya konu\u015fan ismi a\u00e7\u0131klanmayan \u0130ranl\u0131 \u00fcst d\u00fczey bir yetkili, &#8220;B\u00f6lgedeki t\u00fcm Amerikan ve \u0130srail varl\u0131klar\u0131 ve \u00e7\u0131karlar\u0131 me\u015fru hedef haline geldi. Bu sald\u0131r\u0131dan sonra k\u0131rm\u0131z\u0131 \u00e7izgi yok ve daha \u00f6nce d\u00fc\u015f\u00fcn\u00fclmemi\u015f senaryolar dahil olmak \u00fczere her \u015fey m\u00fcmk\u00fcn.&#8221; ifadelerini kulland\u0131.<\/span><\/p>\n<p style=\"font-weight: 300\"><span style=\"font-weight: 300 !important\">\u0130ranl\u0131 yetkili, &#8220;Amerika-\u0130srail ortak sald\u0131r\u0131s\u0131na \u015fa\u015f\u0131rmad\u0131k ve zaman s\u0131n\u0131rlamas\u0131 olmayan kapsaml\u0131 bir yan\u0131t veriyoruz.&#8221; dedi.<\/span><\/p>\n<p style=\"font-weight: 300\"><span style=\"font-weight: 300 !important\">&#8211; ABD ve \u0130srail&#8217;in \u0130ran&#8217;a sald\u0131r\u0131lar\u0131 ve \u0130ran&#8217;\u0131n misillemeleri<\/span><\/p>\n<p style=\"font-weight: 300\"><span style=\"font-weight: 300 !important\">\u0130ran ile ABD aras\u0131ndaki m\u00fczakere s\u00fcreci devam ederken \u0130srail ve ABD sabah saatlerinde \u0130ran&#8217;a ortak sald\u0131r\u0131lar d\u00fczenledi.<\/span><\/p>\n<p style=\"font-weight: 300\"><span style=\"font-weight: 300 !important\">\u0130srail Savunma Bakanl\u0131\u011f\u0131, \u0130srail\u2019in \u0130ran\u2019a \u201c\u00f6nleyici sald\u0131r\u0131\u201d ba\u015flatt\u0131\u011f\u0131n\u0131 duyurdu. ABD Ba\u015fkan\u0131 Donald Trump da \u0130ran&#8217;a y\u00f6nelik &#8220;b\u00fcy\u00fck bir operasyon&#8221; ba\u015flatt\u0131klar\u0131n\u0131 a\u00e7\u0131klad\u0131.<\/span><\/p>\n<p style=\"font-weight: 300\"><span style=\"font-weight: 300 !important\">Sald\u0131r\u0131lar kapsam\u0131nda ba\u015fkent Tahran, \u0130sfahan, Kerec, Kum, Tebriz, Bu\u015fehr, Kirman\u015fah ve \u0130lam kentleri hedef al\u0131nd\u0131.<\/span><\/p>\n<p style=\"font-weight: 300\"><span style=\"font-weight: 300 !important\">\u0130srail ve \u0130ran, hava sahas\u0131n\u0131 kapat\u0131rken \u0130srail genelinde ola\u011fan\u00fcst\u00fc hal ilan edildi, sirenler \u00e7ald\u0131. \u0130ran&#8217;\u0131n kar\u015f\u0131 sald\u0131r\u0131lar\u0131 \u00f6ncesinde \u0130srail halk\u0131n\u0131 s\u0131\u011f\u0131naklara y\u00f6nlendiren uyar\u0131lar yap\u0131ld\u0131.<\/span><\/p>\n<p style=\"font-weight: 300\"><span style=\"font-weight: 300 !important\">\u0130ran ordusu, ABD ile \u0130srail&#8217;in sald\u0131r\u0131lar\u0131na kar\u015f\u0131l\u0131k \u0130srail&#8217;e onlarca balistik f\u00fcze ve insans\u0131z hava ara\u00e7lar\u0131yla kar\u015f\u0131 sald\u0131r\u0131lar ba\u015flatt\u0131\u011f\u0131n\u0131 duyurdu.<\/span><\/p>\n<p style=\"font-weight: 300\"><span style=\"font-weight: 300 !important\">\u0130ran, f\u00fcze sald\u0131r\u0131lar\u0131yla Bahreyn, Birle\u015fik Arap Emirlikleri, Kuveyt, Katar ve \u00dcrd\u00fcn gibi \u00fclkelerde e\u015f zamanl\u0131 ABD \u00fcslerini hedef al\u0131rken Bahreyn&#8217;deki ABD donanma \u00fcss\u00fc vuruldu.<\/span><\/p>\n<p>B\u00f6lgedeki t\u00fcm Amerikan ve \u0130srail varl\u0131klar\u0131 ve \u00e7\u0131karlar\u0131 me\u015fru hedef haline geldi yaz\u0131s\u0131 ilk \u00f6nce K\u0131br\u0131s Hakikat \u00fczerinde ortaya \u00e7\u0131kt\u0131.<\/p>\n","protected":false},"excerpt":{"rendered":"<p>Al Jazeera&#8217;ya konu\u015fan ismi a\u00e7\u0131klanmayan \u0130ranl\u0131 \u00fcst d\u00fczey bir yetkili, &#8220;B\u00f6lgedeki t\u00fcm Amerikan ve \u0130srail varl\u0131klar\u0131 ve \u00e7\u0131karlar\u0131 me\u015fru hedef haline geldi. Bu sald\u0131r\u0131dan sonra k\u0131rm\u0131z\u0131 \u00e7izgi yok ve daha \u00f6nce d\u00fc\u015f\u00fcn\u00fclmemi\u015f senaryolar dahil olmak \u00fczere her \u015fey m\u00fcmk\u00fcn.&#8221; ifadelerini kulland\u0131. \u0130ranl\u0131 yetkili, &#8220;Amerika-\u0130srail ortak sald\u0131r\u0131s\u0131na \u015fa\u015f\u0131rmad\u0131k ve zaman s\u0131n\u0131rlamas\u0131 olmayan kapsaml\u0131 bir yan\u0131t veriyoruz.&#8221; [&hellip;]<\/p>\n","protected":false},"author":1,"featured_media":36030,"comment_status":"open","ping_status":"open","sticky":false,"template":"","format":"standard","meta":{"jnews-multi-image_gallery":[],"jnews_single_post":[],"jnews_primary_category":[],"jnews_social_meta":[],"jnews_override_counter":[],"footnotes":""},"categories":[1],"tags":[],"class_list":["post-36029","post","type-post","status-publish","format-standard","has-post-thumbnail","hentry","category-kibris"],"yoast_head":"<!-- This site is optimized with the Yoast SEO plugin v27.5 - https:\/\/yoast.com\/product\/yoast-seo-wordpress\/ -->\n<title>B\u00f6lgedeki t\u00fcm Amerikan ve \u0130srail varl\u0131klar\u0131 ve \u00e7\u0131karlar\u0131 me\u015fru hedef haline geldi - Kuzeyin Sesi<\/title>\n<meta name=\"robots\" content=\"index, follow, max-snippet:-1, max-image-preview:large, max-video-preview:-1\" \/>\n<link rel=\"canonical\" href=\"https:\/\/kuzeyinsesi.org\/index.php\/2026\/02\/28\/bolgedeki-tum-amerikan-ve-israil-varliklari-ve-cikarlari-mesru-hedef-haline-geldi\/\" \/>\n<meta property=\"og:locale\" content=\"tr_TR\" \/>\n<meta property=\"og:type\" content=\"article\" \/>\n<meta property=\"og:title\" content=\"B\u00f6lgedeki t\u00fcm Amerikan ve \u0130srail varl\u0131klar\u0131 ve \u00e7\u0131karlar\u0131 me\u015fru hedef haline geldi - Kuzeyin Sesi\" \/>\n<meta property=\"og:description\" content=\"Al Jazeera&#8217;ya konu\u015fan ismi a\u00e7\u0131klanmayan \u0130ranl\u0131 \u00fcst d\u00fczey bir yetkili, &#8220;B\u00f6lgedeki t\u00fcm Amerikan ve \u0130srail varl\u0131klar\u0131 ve \u00e7\u0131karlar\u0131 me\u015fru hedef haline geldi. Bu sald\u0131r\u0131dan sonra k\u0131rm\u0131z\u0131 \u00e7izgi yok ve daha \u00f6nce d\u00fc\u015f\u00fcn\u00fclmemi\u015f senaryolar dahil olmak \u00fczere her \u015fey m\u00fcmk\u00fcn.&#8221; ifadelerini kulland\u0131. \u0130ranl\u0131 yetkili, &#8220;Amerika-\u0130srail ortak sald\u0131r\u0131s\u0131na \u015fa\u015f\u0131rmad\u0131k ve zaman s\u0131n\u0131rlamas\u0131 olmayan kapsaml\u0131 bir yan\u0131t veriyoruz.&#8221; [&hellip;]\" \/>\n<meta property=\"og:url\" content=\"https:\/\/kuzeyinsesi.org\/index.php\/2026\/02\/28\/bolgedeki-tum-amerikan-ve-israil-varliklari-ve-cikarlari-mesru-hedef-haline-geldi\/\" \/>\n<meta property=\"og:site_name\" content=\"Kuzeyin Sesi\" \/>\n<meta property=\"article:publisher\" content=\"https:\/\/www.facebook.com\/kuzeyinsesii\" \/>\n<meta property=\"article:published_time\" content=\"2026-02-28T10:46:23+00:00\" \/>\n<meta name=\"author\" content=\"Kuzeyin Sesi\" \/>\n<meta name=\"twitter:card\" content=\"summary_large_image\" \/>\n<meta name=\"twitter:creator\" content=\"@kuzeyinsesii\" \/>\n<meta name=\"twitter:site\" content=\"@kuzeyinsesii\" \/>\n<meta name=\"twitter:label1\" content=\"Yazan:\" \/>\n\t<meta name=\"twitter:data1\" content=\"Kuzeyin Sesi\" \/>\n\t<meta name=\"twitter:label2\" content=\"Tahmini okuma s\u00fcresi\" \/>\n\t<meta name=\"twitter:data2\" content=\"2 dakika\" \/>\n<script type=\"application\/ld+json\" class=\"yoast-schema-graph\">{\"@context\":\"https:\\\/\\\/schema.org\",\"@graph\":[{\"@type\":\"Article\",\"@id\":\"https:\\\/\\\/kuzeyinsesi.org\\\/index.php\\\/2026\\\/02\\\/28\\\/bolgedeki-tum-amerikan-ve-israil-varliklari-ve-cikarlari-mesru-hedef-haline-geldi\\\/#article\",\"isPartOf\":{\"@id\":\"https:\\\/\\\/kuzeyinsesi.org\\\/index.php\\\/2026\\\/02\\\/28\\\/bolgedeki-tum-amerikan-ve-israil-varliklari-ve-cikarlari-mesru-hedef-haline-geldi\\\/\"},\"author\":{\"name\":\"Kuzeyin Sesi\",\"@id\":\"https:\\\/\\\/kuzeyinsesi.org\\\/#\\\/schema\\\/person\\\/9f859689cdf01485597712386e37f5aa\"},\"headline\":\"B\u00f6lgedeki t\u00fcm Amerikan ve \u0130srail varl\u0131klar\u0131 ve \u00e7\u0131karlar\u0131 me\u015fru hedef haline geldi\",\"datePublished\":\"2026-02-28T10:46:23+00:00\",\"mainEntityOfPage\":{\"@id\":\"https:\\\/\\\/kuzeyinsesi.org\\\/index.php\\\/2026\\\/02\\\/28\\\/bolgedeki-tum-amerikan-ve-israil-varliklari-ve-cikarlari-mesru-hedef-haline-geldi\\\/\"},\"wordCount\":320,\"commentCount\":0,\"image\":{\"@id\":\"https:\\\/\\\/kuzeyinsesi.org\\\/index.php\\\/2026\\\/02\\\/28\\\/bolgedeki-tum-amerikan-ve-israil-varliklari-ve-cikarlari-mesru-hedef-haline-geldi\\\/#primaryimage\"},\"thumbnailUrl\":\"https:\\\/\\\/kuzeyinsesi.org\\\/wp-content\\\/uploads\\\/2026\\\/02\\\/1772271893101AA-20260228-40689303-40689301-IRAN_ABD_VE_ISRAILIN_SALDIRILARINA_KARSILIK_BALISTIK_FUZE.jpeg\",\"articleSection\":[\"K\u0131br\u0131s\"],\"inLanguage\":\"tr\",\"potentialAction\":[{\"@type\":\"CommentAction\",\"name\":\"Comment\",\"target\":[\"https:\\\/\\\/kuzeyinsesi.org\\\/index.php\\\/2026\\\/02\\\/28\\\/bolgedeki-tum-amerikan-ve-israil-varliklari-ve-cikarlari-mesru-hedef-haline-geldi\\\/#respond\"]}]},{\"@type\":\"WebPage\",\"@id\":\"https:\\\/\\\/kuzeyinsesi.org\\\/index.php\\\/2026\\\/02\\\/28\\\/bolgedeki-tum-amerikan-ve-israil-varliklari-ve-cikarlari-mesru-hedef-haline-geldi\\\/\",\"url\":\"https:\\\/\\\/kuzeyinsesi.org\\\/index.php\\\/2026\\\/02\\\/28\\\/bolgedeki-tum-amerikan-ve-israil-varliklari-ve-cikarlari-mesru-hedef-haline-geldi\\\/\",\"name\":\"B\u00f6lgedeki t\u00fcm Amerikan ve \u0130srail varl\u0131klar\u0131 ve \u00e7\u0131karlar\u0131 me\u015fru hedef haline geldi - Kuzeyin Sesi\",\"isPartOf\":{\"@id\":\"https:\\\/\\\/kuzeyinsesi.org\\\/#website\"},\"primaryImageOfPage\":{\"@id\":\"https:\\\/\\\/kuzeyinsesi.org\\\/index.php\\\/2026\\\/02\\\/28\\\/bolgedeki-tum-amerikan-ve-israil-varliklari-ve-cikarlari-mesru-hedef-haline-geldi\\\/#primaryimage\"},\"image\":{\"@id\":\"https:\\\/\\\/kuzeyinsesi.org\\\/index.php\\\/2026\\\/02\\\/28\\\/bolgedeki-tum-amerikan-ve-israil-varliklari-ve-cikarlari-mesru-hedef-haline-geldi\\\/#primaryimage\"},\"thumbnailUrl\":\"https:\\\/\\\/kuzeyinsesi.org\\\/wp-content\\\/uploads\\\/2026\\\/02\\\/1772271893101AA-20260228-40689303-40689301-IRAN_ABD_VE_ISRAILIN_SALDIRILARINA_KARSILIK_BALISTIK_FUZE.jpeg\",\"datePublished\":\"2026-02-28T10:46:23+00:00\",\"author\":{\"@id\":\"https:\\\/\\\/kuzeyinsesi.org\\\/#\\\/schema\\\/person\\\/9f859689cdf01485597712386e37f5aa\"},\"breadcrumb\":{\"@id\":\"https:\\\/\\\/kuzeyinsesi.org\\\/index.php\\\/2026\\\/02\\\/28\\\/bolgedeki-tum-amerikan-ve-israil-varliklari-ve-cikarlari-mesru-hedef-haline-geldi\\\/#breadcrumb\"},\"inLanguage\":\"tr\",\"potentialAction\":[{\"@type\":\"ReadAction\",\"target\":[\"https:\\\/\\\/kuzeyinsesi.org\\\/index.php\\\/2026\\\/02\\\/28\\\/bolgedeki-tum-amerikan-ve-israil-varliklari-ve-cikarlari-mesru-hedef-haline-geldi\\\/\"]}]},{\"@type\":\"ImageObject\",\"inLanguage\":\"tr\",\"@id\":\"https:\\\/\\\/kuzeyinsesi.org\\\/index.php\\\/2026\\\/02\\\/28\\\/bolgedeki-tum-amerikan-ve-israil-varliklari-ve-cikarlari-mesru-hedef-haline-geldi\\\/#primaryimage\",\"url\":\"https:\\\/\\\/kuzeyinsesi.org\\\/wp-content\\\/uploads\\\/2026\\\/02\\\/1772271893101AA-20260228-40689303-40689301-IRAN_ABD_VE_ISRAILIN_SALDIRILARINA_KARSILIK_BALISTIK_FUZE.jpeg\",\"contentUrl\":\"https:\\\/\\\/kuzeyinsesi.org\\\/wp-content\\\/uploads\\\/2026\\\/02\\\/1772271893101AA-20260228-40689303-40689301-IRAN_ABD_VE_ISRAILIN_SALDIRILARINA_KARSILIK_BALISTIK_FUZE.jpeg\",\"width\":2560,\"height\":1744},{\"@type\":\"BreadcrumbList\",\"@id\":\"https:\\\/\\\/kuzeyinsesi.org\\\/index.php\\\/2026\\\/02\\\/28\\\/bolgedeki-tum-amerikan-ve-israil-varliklari-ve-cikarlari-mesru-hedef-haline-geldi\\\/#breadcrumb\",\"itemListElement\":[{\"@type\":\"ListItem\",\"position\":1,\"name\":\"Anasayfa\",\"item\":\"https:\\\/\\\/kuzeyinsesi.org\\\/\"},{\"@type\":\"ListItem\",\"position\":2,\"name\":\"B\u00f6lgedeki t\u00fcm Amerikan ve \u0130srail varl\u0131klar\u0131 ve \u00e7\u0131karlar\u0131 me\u015fru hedef haline geldi\"}]},{\"@type\":\"WebSite\",\"@id\":\"https:\\\/\\\/kuzeyinsesi.org\\\/#website\",\"url\":\"https:\\\/\\\/kuzeyinsesi.org\\\/\",\"name\":\"Kuzeyin Sesi\",\"description\":\"Do\u011fru Haberin Adresi\",\"potentialAction\":[{\"@type\":\"SearchAction\",\"target\":{\"@type\":\"EntryPoint\",\"urlTemplate\":\"https:\\\/\\\/kuzeyinsesi.org\\\/?s={search_term_string}\"},\"query-input\":{\"@type\":\"PropertyValueSpecification\",\"valueRequired\":true,\"valueName\":\"search_term_string\"}}],\"inLanguage\":\"tr\"},{\"@type\":\"Person\",\"@id\":\"https:\\\/\\\/kuzeyinsesi.org\\\/#\\\/schema\\\/person\\\/9f859689cdf01485597712386e37f5aa\",\"name\":\"Kuzeyin Sesi\",\"image\":{\"@type\":\"ImageObject\",\"inLanguage\":\"tr\",\"@id\":\"https:\\\/\\\/secure.gravatar.com\\\/avatar\\\/bab33852abfd8b282518d6ed81826833d77c3c882d9ab608add591ccace47a44?s=96&d=mm&r=g\",\"url\":\"https:\\\/\\\/secure.gravatar.com\\\/avatar\\\/bab33852abfd8b282518d6ed81826833d77c3c882d9ab608add591ccace47a44?s=96&d=mm&r=g\",\"contentUrl\":\"https:\\\/\\\/secure.gravatar.com\\\/avatar\\\/bab33852abfd8b282518d6ed81826833d77c3c882d9ab608add591ccace47a44?s=96&d=mm&r=g\",\"caption\":\"Kuzeyin Sesi\"},\"sameAs\":[\"https:\\\/\\\/kuzeyinsesi.org\"],\"url\":\"https:\\\/\\\/kuzeyinsesi.org\\\/index.php\\\/author\\\/guven\\\/\"}]}<\/script>\n<!-- \/ Yoast SEO plugin. -->","yoast_head_json":{"title":"B\u00f6lgedeki t\u00fcm Amerikan ve \u0130srail varl\u0131klar\u0131 ve \u00e7\u0131karlar\u0131 me\u015fru hedef haline geldi - Kuzeyin Sesi","robots":{"index":"index","follow":"follow","max-snippet":"max-snippet:-1","max-image-preview":"max-image-preview:large","max-video-preview":"max-video-preview:-1"},"canonical":"https:\/\/kuzeyinsesi.org\/index.php\/2026\/02\/28\/bolgedeki-tum-amerikan-ve-israil-varliklari-ve-cikarlari-mesru-hedef-haline-geldi\/","og_locale":"tr_TR","og_type":"article","og_title":"B\u00f6lgedeki t\u00fcm Amerikan ve \u0130srail varl\u0131klar\u0131 ve \u00e7\u0131karlar\u0131 me\u015fru hedef haline geldi - Kuzeyin Sesi","og_description":"Al Jazeera&#8217;ya konu\u015fan ismi a\u00e7\u0131klanmayan \u0130ranl\u0131 \u00fcst d\u00fczey bir yetkili, &#8220;B\u00f6lgedeki t\u00fcm Amerikan ve \u0130srail varl\u0131klar\u0131 ve \u00e7\u0131karlar\u0131 me\u015fru hedef haline geldi. Bu sald\u0131r\u0131dan sonra k\u0131rm\u0131z\u0131 \u00e7izgi yok ve daha \u00f6nce d\u00fc\u015f\u00fcn\u00fclmemi\u015f senaryolar dahil olmak \u00fczere her \u015fey m\u00fcmk\u00fcn.&#8221; ifadelerini kulland\u0131. \u0130ranl\u0131 yetkili, &#8220;Amerika-\u0130srail ortak sald\u0131r\u0131s\u0131na \u015fa\u015f\u0131rmad\u0131k ve zaman s\u0131n\u0131rlamas\u0131 olmayan kapsaml\u0131 bir yan\u0131t veriyoruz.&#8221; [&hellip;]","og_url":"https:\/\/kuzeyinsesi.org\/index.php\/2026\/02\/28\/bolgedeki-tum-amerikan-ve-israil-varliklari-ve-cikarlari-mesru-hedef-haline-geldi\/","og_site_name":"Kuzeyin Sesi","article_publisher":"https:\/\/www.facebook.com\/kuzeyinsesii","article_published_time":"2026-02-28T10:46:23+00:00","author":"Kuzeyin Sesi","twitter_card":"summary_large_image","twitter_creator":"@kuzeyinsesii","twitter_site":"@kuzeyinsesii","twitter_misc":{"Yazan:":"Kuzeyin Sesi","Tahmini okuma s\u00fcresi":"2 dakika"},"schema":{"@context":"https:\/\/schema.org","@graph":[{"@type":"Article","@id":"https:\/\/kuzeyinsesi.org\/index.php\/2026\/02\/28\/bolgedeki-tum-amerikan-ve-israil-varliklari-ve-cikarlari-mesru-hedef-haline-geldi\/#article","isPartOf":{"@id":"https:\/\/kuzeyinsesi.org\/index.php\/2026\/02\/28\/bolgedeki-tum-amerikan-ve-israil-varliklari-ve-cikarlari-mesru-hedef-haline-geldi\/"},"author":{"name":"Kuzeyin Sesi","@id":"https:\/\/kuzeyinsesi.org\/#\/schema\/person\/9f859689cdf01485597712386e37f5aa"},"headline":"B\u00f6lgedeki t\u00fcm Amerikan ve \u0130srail varl\u0131klar\u0131 ve \u00e7\u0131karlar\u0131 me\u015fru hedef haline geldi","datePublished":"2026-02-28T10:46:23+00:00","mainEntityOfPage":{"@id":"https:\/\/kuzeyinsesi.org\/index.php\/2026\/02\/28\/bolgedeki-tum-amerikan-ve-israil-varliklari-ve-cikarlari-mesru-hedef-haline-geldi\/"},"wordCount":320,"commentCount":0,"image":{"@id":"https:\/\/kuzeyinsesi.org\/index.php\/2026\/02\/28\/bolgedeki-tum-amerikan-ve-israil-varliklari-ve-cikarlari-mesru-hedef-haline-geldi\/#primaryimage"},"thumbnailUrl":"https:\/\/kuzeyinsesi.org\/wp-content\/uploads\/2026\/02\/1772271893101AA-20260228-40689303-40689301-IRAN_ABD_VE_ISRAILIN_SALDIRILARINA_KARSILIK_BALISTIK_FUZE.jpeg","articleSection":["K\u0131br\u0131s"],"inLanguage":"tr","potentialAction":[{"@type":"CommentAction","name":"Comment","target":["https:\/\/kuzeyinsesi.org\/index.php\/2026\/02\/28\/bolgedeki-tum-amerikan-ve-israil-varliklari-ve-cikarlari-mesru-hedef-haline-geldi\/#respond"]}]},{"@type":"WebPage","@id":"https:\/\/kuzeyinsesi.org\/index.php\/2026\/02\/28\/bolgedeki-tum-amerikan-ve-israil-varliklari-ve-cikarlari-mesru-hedef-haline-geldi\/","url":"https:\/\/kuzeyinsesi.org\/index.php\/2026\/02\/28\/bolgedeki-tum-amerikan-ve-israil-varliklari-ve-cikarlari-mesru-hedef-haline-geldi\/","name":"B\u00f6lgedeki t\u00fcm Amerikan ve \u0130srail varl\u0131klar\u0131 ve \u00e7\u0131karlar\u0131 me\u015fru hedef haline geldi - Kuzeyin Sesi","isPartOf":{"@id":"https:\/\/kuzeyinsesi.org\/#website"},"primaryImageOfPage":{"@id":"https:\/\/kuzeyinsesi.org\/index.php\/2026\/02\/28\/bolgedeki-tum-amerikan-ve-israil-varliklari-ve-cikarlari-mesru-hedef-haline-geldi\/#primaryimage"},"image":{"@id":"https:\/\/kuzeyinsesi.org\/index.php\/2026\/02\/28\/bolgedeki-tum-amerikan-ve-israil-varliklari-ve-cikarlari-mesru-hedef-haline-geldi\/#primaryimage"},"thumbnailUrl":"https:\/\/kuzeyinsesi.org\/wp-content\/uploads\/2026\/02\/1772271893101AA-20260228-40689303-40689301-IRAN_ABD_VE_ISRAILIN_SALDIRILARINA_KARSILIK_BALISTIK_FUZE.jpeg","datePublished":"2026-02-28T10:46:23+00:00","author":{"@id":"https:\/\/kuzeyinsesi.org\/#\/schema\/person\/9f859689cdf01485597712386e37f5aa"},"breadcrumb":{"@id":"https:\/\/kuzeyinsesi.org\/index.php\/2026\/02\/28\/bolgedeki-tum-amerikan-ve-israil-varliklari-ve-cikarlari-mesru-hedef-haline-geldi\/#breadcrumb"},"inLanguage":"tr","potentialAction":[{"@type":"ReadAction","target":["https:\/\/kuzeyinsesi.org\/index.php\/2026\/02\/28\/bolgedeki-tum-amerikan-ve-israil-varliklari-ve-cikarlari-mesru-hedef-haline-geldi\/"]}]},{"@type":"ImageObject","inLanguage":"tr","@id":"https:\/\/kuzeyinsesi.org\/index.php\/2026\/02\/28\/bolgedeki-tum-amerikan-ve-israil-varliklari-ve-cikarlari-mesru-hedef-haline-geldi\/#primaryimage","url":"https:\/\/kuzeyinsesi.org\/wp-content\/uploads\/2026\/02\/1772271893101AA-20260228-40689303-40689301-IRAN_ABD_VE_ISRAILIN_SALDIRILARINA_KARSILIK_BALISTIK_FUZE.jpeg","contentUrl":"https:\/\/kuzeyinsesi.org\/wp-content\/uploads\/2026\/02\/1772271893101AA-20260228-40689303-40689301-IRAN_ABD_VE_ISRAILIN_SALDIRILARINA_KARSILIK_BALISTIK_FUZE.jpeg","width":2560,"height":1744},{"@type":"BreadcrumbList","@id":"https:\/\/kuzeyinsesi.org\/index.php\/2026\/02\/28\/bolgedeki-tum-amerikan-ve-israil-varliklari-ve-cikarlari-mesru-hedef-haline-geldi\/#breadcrumb","itemListElement":[{"@type":"ListItem","position":1,"name":"Anasayfa","item":"https:\/\/kuzeyinsesi.org\/"},{"@type":"ListItem","position":2,"name":"B\u00f6lgedeki t\u00fcm Amerikan ve \u0130srail varl\u0131klar\u0131 ve \u00e7\u0131karlar\u0131 me\u015fru hedef haline geldi"}]},{"@type":"WebSite","@id":"https:\/\/kuzeyinsesi.org\/#website","url":"https:\/\/kuzeyinsesi.org\/","name":"Kuzeyin Sesi","description":"Do\u011fru Haberin Adresi","potentialAction":[{"@type":"SearchAction","target":{"@type":"EntryPoint","urlTemplate":"https:\/\/kuzeyinsesi.org\/?s={search_term_string}"},"query-input":{"@type":"PropertyValueSpecification","valueRequired":true,"valueName":"search_term_string"}}],"inLanguage":"tr"},{"@type":"Person","@id":"https:\/\/kuzeyinsesi.org\/#\/schema\/person\/9f859689cdf01485597712386e37f5aa","name":"Kuzeyin Sesi","image":{"@type":"ImageObject","inLanguage":"tr","@id":"https:\/\/secure.gravatar.com\/avatar\/bab33852abfd8b282518d6ed81826833d77c3c882d9ab608add591ccace47a44?s=96&d=mm&r=g","url":"https:\/\/secure.gravatar.com\/avatar\/bab33852abfd8b282518d6ed81826833d77c3c882d9ab608add591ccace47a44?s=96&d=mm&r=g","contentUrl":"https:\/\/secure.gravatar.com\/avatar\/bab33852abfd8b282518d6ed81826833d77c3c882d9ab608add591ccace47a44?s=96&d=mm&r=g","caption":"Kuzeyin Sesi"},"sameAs":["https:\/\/kuzeyinsesi.org"],"url":"https:\/\/kuzeyinsesi.org\/index.php\/author\/guven\/"}]}},"_links":{"self":[{"href":"https:\/\/kuzeyinsesi.org\/index.php\/wp-json\/wp\/v2\/posts\/36029","targetHints":{"allow":["GET"]}}],"collection":[{"href":"https:\/\/kuzeyinsesi.org\/index.php\/wp-json\/wp\/v2\/posts"}],"about":[{"href":"https:\/\/kuzeyinsesi.org\/index.php\/wp-json\/wp\/v2\/types\/post"}],"author":[{"embeddable":true,"href":"https:\/\/kuzeyinsesi.org\/index.php\/wp-json\/wp\/v2\/users\/1"}],"replies":[{"embeddable":true,"href":"https:\/\/kuzeyinsesi.org\/index.php\/wp-json\/wp\/v2\/comments?post=36029"}],"version-history":[{"count":0,"href":"https:\/\/kuzeyinsesi.org\/index.php\/wp-json\/wp\/v2\/posts\/36029\/revisions"}],"wp:featuredmedia":[{"embeddable":true,"href":"https:\/\/kuzeyinsesi.org\/index.php\/wp-json\/wp\/v2\/media\/36030"}],"wp:attachment":[{"href":"https:\/\/kuzeyinsesi.org\/index.php\/wp-json\/wp\/v2\/media?parent=36029"}],"wp:term":[{"taxonomy":"category","embeddable":true,"href":"https:\/\/kuzeyinsesi.org\/index.php\/wp-json\/wp\/v2\/categories?post=36029"},{"taxonomy":"post_tag","embeddable":true,"href":"https:\/\/kuzeyinsesi.org\/index.php\/wp-json\/wp\/v2\/tags?post=36029"}],"curies":[{"name":"wp","href":"https:\/\/api.w.org\/{rel}","templated":true}]}}