{"id":36027,"date":"2026-02-28T12:40:48","date_gmt":"2026-02-28T10:40:48","guid":{"rendered":"https:\/\/kuzeyinsesi.org\/index.php\/2026\/02\/28\/trafik-denetimlerinden-kacis-yok\/"},"modified":"2026-02-28T12:40:48","modified_gmt":"2026-02-28T10:40:48","slug":"trafik-denetimlerinden-kacis-yok","status":"publish","type":"post","link":"https:\/\/kuzeyinsesi.org\/index.php\/2026\/02\/28\/trafik-denetimlerinden-kacis-yok\/","title":{"rendered":"Trafik denetimlerinden ka\u00e7\u0131\u015f yok"},"content":{"rendered":"<p style=\"font-weight: 300\"><span style=\"font-weight: 300 !important\">Polisten verilen bilgiye g\u00f6re Polis Genel M\u00fcd\u00fcrl\u00fc\u011f\u00fcne ba\u011fl\u0131 trafik ekipleri taraf\u0131ndan, \u00fclke genelinde d\u00fcn yap\u0131lan trafik denetimlerinde; \u00a0bin 639 ara\u00e7 s\u00fcr\u00fcc\u00fcs\u00fc kontrol edildi. \u00a0\u00c7e\u015fitli trafik su\u00e7lar\u0131ndan 303 s\u00fcr\u00fcc\u00fc rapor edilerek aleyhlerinde yasal i\u015flem ba\u015flat\u0131l\u0131rken, 28 ara\u00e7 trafikten men edildi ve \u00fc\u00e7 s\u00fcr\u00fcc\u00fc de tutukland\u0131.<\/span><\/p>\n<p style=\"font-weight: 300\"><span style=\"font-weight: 300 !important\">Rapor edilen trafik su\u00e7lar\u0131 \u015f\u00f6yle:<\/span><\/p>\n<p style=\"font-weight: 300\"><span style=\"font-weight: 300 !important\">&#8220;139\u2019u yasal h\u0131z s\u0131n\u0131r\u0131 \u00fczerinde s\u00fcratli ara\u00e7 kullanmak,\u00a0 9\u2019u alkoll\u00fc i\u00e7ki tesiri alt\u0131nda ara\u00e7 kullanmak, 5\u2019i sigortas\u0131z ara\u00e7 kullanmak, 4\u2019\u00fc s\u00fcr\u00fc\u015f esnas\u0131nda cep telefonu kullanmak, 1\u2019i emniyet kemeri takmadan ara\u00e7 kullanmak, 10\u2019u muayenesiz ara\u00e7 kullanmak, 15\u2019i seyr\u00fcsefer ruhsats\u0131z ara\u00e7 kullanmak, 2\u2019si elektrikli scooterlerin kullan\u0131m kurallar\u0131na uymamak, 2\u2019si trafik \u0131\u015f\u0131klar\u0131na uymamak, 14\u2019\u00fc trafik levha ve i\u015faretlerine uymamak, 2\u2019si koruyucu ba\u015fl\u0131k takmadan motosiklet kullanmak, 5\u2019i susturucusuz egzozlu ara\u00e7 kullanmak, 4\u2019\u00fc kamyonlar\u0131n trafi\u011fe \u00e7\u0131k\u0131\u015f saatine uymamak, 2\u2019si arac\u0131n \u0131\u015f\u0131k kurallar\u0131na uymamak ve 89\u2019u di\u011fer trafik su\u00e7lar\u0131.\u201d<\/span><\/p>\n<p>Trafik denetimlerinden ka\u00e7\u0131\u015f yok yaz\u0131s\u0131 ilk \u00f6nce K\u0131br\u0131s Hakikat \u00fczerinde ortaya \u00e7\u0131kt\u0131.<\/p>\n","protected":false},"excerpt":{"rendered":"<p>Polisten verilen bilgiye g\u00f6re Polis Genel M\u00fcd\u00fcrl\u00fc\u011f\u00fcne ba\u011fl\u0131 trafik ekipleri taraf\u0131ndan, \u00fclke genelinde d\u00fcn yap\u0131lan trafik denetimlerinde; \u00a0bin 639 ara\u00e7 s\u00fcr\u00fcc\u00fcs\u00fc kontrol edildi. \u00a0\u00c7e\u015fitli trafik su\u00e7lar\u0131ndan 303 s\u00fcr\u00fcc\u00fc rapor edilerek aleyhlerinde yasal i\u015flem ba\u015flat\u0131l\u0131rken, 28 ara\u00e7 trafikten men edildi ve \u00fc\u00e7 s\u00fcr\u00fcc\u00fc de tutukland\u0131. Rapor edilen trafik su\u00e7lar\u0131 \u015f\u00f6yle: &#8220;139\u2019u yasal h\u0131z s\u0131n\u0131r\u0131 \u00fczerinde s\u00fcratli [&hellip;]<\/p>\n","protected":false},"author":1,"featured_media":36028,"comment_status":"open","ping_status":"open","sticky":false,"template":"","format":"standard","meta":{"jnews-multi-image_gallery":[],"jnews_single_post":[],"jnews_primary_category":[],"jnews_social_meta":[],"jnews_override_counter":[],"footnotes":""},"categories":[1],"tags":[],"class_list":["post-36027","post","type-post","status-publish","format-standard","has-post-thumbnail","hentry","category-kibris"],"yoast_head":"<!-- This site is optimized with the Yoast SEO plugin v27.5 - https:\/\/yoast.com\/product\/yoast-seo-wordpress\/ -->\n<title>Trafik denetimlerinden ka\u00e7\u0131\u015f yok - Kuzeyin Sesi<\/title>\n<meta name=\"robots\" content=\"index, follow, max-snippet:-1, max-image-preview:large, max-video-preview:-1\" \/>\n<link rel=\"canonical\" href=\"https:\/\/kuzeyinsesi.org\/index.php\/2026\/02\/28\/trafik-denetimlerinden-kacis-yok\/\" \/>\n<meta property=\"og:locale\" content=\"tr_TR\" \/>\n<meta property=\"og:type\" content=\"article\" \/>\n<meta property=\"og:title\" content=\"Trafik denetimlerinden ka\u00e7\u0131\u015f yok - Kuzeyin Sesi\" \/>\n<meta property=\"og:description\" content=\"Polisten verilen bilgiye g\u00f6re Polis Genel M\u00fcd\u00fcrl\u00fc\u011f\u00fcne ba\u011fl\u0131 trafik ekipleri taraf\u0131ndan, \u00fclke genelinde d\u00fcn yap\u0131lan trafik denetimlerinde; \u00a0bin 639 ara\u00e7 s\u00fcr\u00fcc\u00fcs\u00fc kontrol edildi. \u00a0\u00c7e\u015fitli trafik su\u00e7lar\u0131ndan 303 s\u00fcr\u00fcc\u00fc rapor edilerek aleyhlerinde yasal i\u015flem ba\u015flat\u0131l\u0131rken, 28 ara\u00e7 trafikten men edildi ve \u00fc\u00e7 s\u00fcr\u00fcc\u00fc de tutukland\u0131. Rapor edilen trafik su\u00e7lar\u0131 \u015f\u00f6yle: &#8220;139\u2019u yasal h\u0131z s\u0131n\u0131r\u0131 \u00fczerinde s\u00fcratli [&hellip;]\" \/>\n<meta property=\"og:url\" content=\"https:\/\/kuzeyinsesi.org\/index.php\/2026\/02\/28\/trafik-denetimlerinden-kacis-yok\/\" \/>\n<meta property=\"og:site_name\" content=\"Kuzeyin Sesi\" \/>\n<meta property=\"article:publisher\" content=\"https:\/\/www.facebook.com\/kuzeyinsesii\" \/>\n<meta property=\"article:published_time\" content=\"2026-02-28T10:40:48+00:00\" \/>\n<meta name=\"author\" content=\"Kuzeyin Sesi\" \/>\n<meta name=\"twitter:card\" content=\"summary_large_image\" \/>\n<meta name=\"twitter:creator\" content=\"@kuzeyinsesii\" \/>\n<meta name=\"twitter:site\" content=\"@kuzeyinsesii\" \/>\n<meta name=\"twitter:label1\" content=\"Yazan:\" \/>\n\t<meta name=\"twitter:data1\" content=\"Kuzeyin Sesi\" \/>\n\t<meta name=\"twitter:label2\" content=\"Tahmini okuma s\u00fcresi\" \/>\n\t<meta name=\"twitter:data2\" content=\"1 dakika\" \/>\n<script type=\"application\/ld+json\" class=\"yoast-schema-graph\">{\"@context\":\"https:\\\/\\\/schema.org\",\"@graph\":[{\"@type\":\"Article\",\"@id\":\"https:\\\/\\\/kuzeyinsesi.org\\\/index.php\\\/2026\\\/02\\\/28\\\/trafik-denetimlerinden-kacis-yok\\\/#article\",\"isPartOf\":{\"@id\":\"https:\\\/\\\/kuzeyinsesi.org\\\/index.php\\\/2026\\\/02\\\/28\\\/trafik-denetimlerinden-kacis-yok\\\/\"},\"author\":{\"name\":\"Kuzeyin Sesi\",\"@id\":\"https:\\\/\\\/kuzeyinsesi.org\\\/#\\\/schema\\\/person\\\/9f859689cdf01485597712386e37f5aa\"},\"headline\":\"Trafik denetimlerinden ka\u00e7\u0131\u015f yok\",\"datePublished\":\"2026-02-28T10:40:48+00:00\",\"mainEntityOfPage\":{\"@id\":\"https:\\\/\\\/kuzeyinsesi.org\\\/index.php\\\/2026\\\/02\\\/28\\\/trafik-denetimlerinden-kacis-yok\\\/\"},\"wordCount\":190,\"commentCount\":0,\"image\":{\"@id\":\"https:\\\/\\\/kuzeyinsesi.org\\\/index.php\\\/2026\\\/02\\\/28\\\/trafik-denetimlerinden-kacis-yok\\\/#primaryimage\"},\"thumbnailUrl\":\"https:\\\/\\\/kuzeyinsesi.org\\\/wp-content\\\/uploads\\\/2026\\\/02\\\/177227277104617719239674561768474396059TRAFIL.jpg\",\"articleSection\":[\"K\u0131br\u0131s\"],\"inLanguage\":\"tr\",\"potentialAction\":[{\"@type\":\"CommentAction\",\"name\":\"Comment\",\"target\":[\"https:\\\/\\\/kuzeyinsesi.org\\\/index.php\\\/2026\\\/02\\\/28\\\/trafik-denetimlerinden-kacis-yok\\\/#respond\"]}]},{\"@type\":\"WebPage\",\"@id\":\"https:\\\/\\\/kuzeyinsesi.org\\\/index.php\\\/2026\\\/02\\\/28\\\/trafik-denetimlerinden-kacis-yok\\\/\",\"url\":\"https:\\\/\\\/kuzeyinsesi.org\\\/index.php\\\/2026\\\/02\\\/28\\\/trafik-denetimlerinden-kacis-yok\\\/\",\"name\":\"Trafik denetimlerinden ka\u00e7\u0131\u015f yok - Kuzeyin Sesi\",\"isPartOf\":{\"@id\":\"https:\\\/\\\/kuzeyinsesi.org\\\/#website\"},\"primaryImageOfPage\":{\"@id\":\"https:\\\/\\\/kuzeyinsesi.org\\\/index.php\\\/2026\\\/02\\\/28\\\/trafik-denetimlerinden-kacis-yok\\\/#primaryimage\"},\"image\":{\"@id\":\"https:\\\/\\\/kuzeyinsesi.org\\\/index.php\\\/2026\\\/02\\\/28\\\/trafik-denetimlerinden-kacis-yok\\\/#primaryimage\"},\"thumbnailUrl\":\"https:\\\/\\\/kuzeyinsesi.org\\\/wp-content\\\/uploads\\\/2026\\\/02\\\/177227277104617719239674561768474396059TRAFIL.jpg\",\"datePublished\":\"2026-02-28T10:40:48+00:00\",\"author\":{\"@id\":\"https:\\\/\\\/kuzeyinsesi.org\\\/#\\\/schema\\\/person\\\/9f859689cdf01485597712386e37f5aa\"},\"breadcrumb\":{\"@id\":\"https:\\\/\\\/kuzeyinsesi.org\\\/index.php\\\/2026\\\/02\\\/28\\\/trafik-denetimlerinden-kacis-yok\\\/#breadcrumb\"},\"inLanguage\":\"tr\",\"potentialAction\":[{\"@type\":\"ReadAction\",\"target\":[\"https:\\\/\\\/kuzeyinsesi.org\\\/index.php\\\/2026\\\/02\\\/28\\\/trafik-denetimlerinden-kacis-yok\\\/\"]}]},{\"@type\":\"ImageObject\",\"inLanguage\":\"tr\",\"@id\":\"https:\\\/\\\/kuzeyinsesi.org\\\/index.php\\\/2026\\\/02\\\/28\\\/trafik-denetimlerinden-kacis-yok\\\/#primaryimage\",\"url\":\"https:\\\/\\\/kuzeyinsesi.org\\\/wp-content\\\/uploads\\\/2026\\\/02\\\/177227277104617719239674561768474396059TRAFIL.jpg\",\"contentUrl\":\"https:\\\/\\\/kuzeyinsesi.org\\\/wp-content\\\/uploads\\\/2026\\\/02\\\/177227277104617719239674561768474396059TRAFIL.jpg\",\"width\":2048,\"height\":1536},{\"@type\":\"BreadcrumbList\",\"@id\":\"https:\\\/\\\/kuzeyinsesi.org\\\/index.php\\\/2026\\\/02\\\/28\\\/trafik-denetimlerinden-kacis-yok\\\/#breadcrumb\",\"itemListElement\":[{\"@type\":\"ListItem\",\"position\":1,\"name\":\"Anasayfa\",\"item\":\"https:\\\/\\\/kuzeyinsesi.org\\\/\"},{\"@type\":\"ListItem\",\"position\":2,\"name\":\"Trafik denetimlerinden ka\u00e7\u0131\u015f yok\"}]},{\"@type\":\"WebSite\",\"@id\":\"https:\\\/\\\/kuzeyinsesi.org\\\/#website\",\"url\":\"https:\\\/\\\/kuzeyinsesi.org\\\/\",\"name\":\"Kuzeyin Sesi\",\"description\":\"Do\u011fru Haberin Adresi\",\"potentialAction\":[{\"@type\":\"SearchAction\",\"target\":{\"@type\":\"EntryPoint\",\"urlTemplate\":\"https:\\\/\\\/kuzeyinsesi.org\\\/?s={search_term_string}\"},\"query-input\":{\"@type\":\"PropertyValueSpecification\",\"valueRequired\":true,\"valueName\":\"search_term_string\"}}],\"inLanguage\":\"tr\"},{\"@type\":\"Person\",\"@id\":\"https:\\\/\\\/kuzeyinsesi.org\\\/#\\\/schema\\\/person\\\/9f859689cdf01485597712386e37f5aa\",\"name\":\"Kuzeyin Sesi\",\"image\":{\"@type\":\"ImageObject\",\"inLanguage\":\"tr\",\"@id\":\"https:\\\/\\\/secure.gravatar.com\\\/avatar\\\/bab33852abfd8b282518d6ed81826833d77c3c882d9ab608add591ccace47a44?s=96&d=mm&r=g\",\"url\":\"https:\\\/\\\/secure.gravatar.com\\\/avatar\\\/bab33852abfd8b282518d6ed81826833d77c3c882d9ab608add591ccace47a44?s=96&d=mm&r=g\",\"contentUrl\":\"https:\\\/\\\/secure.gravatar.com\\\/avatar\\\/bab33852abfd8b282518d6ed81826833d77c3c882d9ab608add591ccace47a44?s=96&d=mm&r=g\",\"caption\":\"Kuzeyin Sesi\"},\"sameAs\":[\"https:\\\/\\\/kuzeyinsesi.org\"],\"url\":\"https:\\\/\\\/kuzeyinsesi.org\\\/index.php\\\/author\\\/guven\\\/\"}]}<\/script>\n<!-- \/ Yoast SEO plugin. -->","yoast_head_json":{"title":"Trafik denetimlerinden ka\u00e7\u0131\u015f yok - Kuzeyin Sesi","robots":{"index":"index","follow":"follow","max-snippet":"max-snippet:-1","max-image-preview":"max-image-preview:large","max-video-preview":"max-video-preview:-1"},"canonical":"https:\/\/kuzeyinsesi.org\/index.php\/2026\/02\/28\/trafik-denetimlerinden-kacis-yok\/","og_locale":"tr_TR","og_type":"article","og_title":"Trafik denetimlerinden ka\u00e7\u0131\u015f yok - Kuzeyin Sesi","og_description":"Polisten verilen bilgiye g\u00f6re Polis Genel M\u00fcd\u00fcrl\u00fc\u011f\u00fcne ba\u011fl\u0131 trafik ekipleri taraf\u0131ndan, \u00fclke genelinde d\u00fcn yap\u0131lan trafik denetimlerinde; \u00a0bin 639 ara\u00e7 s\u00fcr\u00fcc\u00fcs\u00fc kontrol edildi. \u00a0\u00c7e\u015fitli trafik su\u00e7lar\u0131ndan 303 s\u00fcr\u00fcc\u00fc rapor edilerek aleyhlerinde yasal i\u015flem ba\u015flat\u0131l\u0131rken, 28 ara\u00e7 trafikten men edildi ve \u00fc\u00e7 s\u00fcr\u00fcc\u00fc de tutukland\u0131. Rapor edilen trafik su\u00e7lar\u0131 \u015f\u00f6yle: &#8220;139\u2019u yasal h\u0131z s\u0131n\u0131r\u0131 \u00fczerinde s\u00fcratli [&hellip;]","og_url":"https:\/\/kuzeyinsesi.org\/index.php\/2026\/02\/28\/trafik-denetimlerinden-kacis-yok\/","og_site_name":"Kuzeyin Sesi","article_publisher":"https:\/\/www.facebook.com\/kuzeyinsesii","article_published_time":"2026-02-28T10:40:48+00:00","author":"Kuzeyin Sesi","twitter_card":"summary_large_image","twitter_creator":"@kuzeyinsesii","twitter_site":"@kuzeyinsesii","twitter_misc":{"Yazan:":"Kuzeyin Sesi","Tahmini okuma s\u00fcresi":"1 dakika"},"schema":{"@context":"https:\/\/schema.org","@graph":[{"@type":"Article","@id":"https:\/\/kuzeyinsesi.org\/index.php\/2026\/02\/28\/trafik-denetimlerinden-kacis-yok\/#article","isPartOf":{"@id":"https:\/\/kuzeyinsesi.org\/index.php\/2026\/02\/28\/trafik-denetimlerinden-kacis-yok\/"},"author":{"name":"Kuzeyin Sesi","@id":"https:\/\/kuzeyinsesi.org\/#\/schema\/person\/9f859689cdf01485597712386e37f5aa"},"headline":"Trafik denetimlerinden ka\u00e7\u0131\u015f yok","datePublished":"2026-02-28T10:40:48+00:00","mainEntityOfPage":{"@id":"https:\/\/kuzeyinsesi.org\/index.php\/2026\/02\/28\/trafik-denetimlerinden-kacis-yok\/"},"wordCount":190,"commentCount":0,"image":{"@id":"https:\/\/kuzeyinsesi.org\/index.php\/2026\/02\/28\/trafik-denetimlerinden-kacis-yok\/#primaryimage"},"thumbnailUrl":"https:\/\/kuzeyinsesi.org\/wp-content\/uploads\/2026\/02\/177227277104617719239674561768474396059TRAFIL.jpg","articleSection":["K\u0131br\u0131s"],"inLanguage":"tr","potentialAction":[{"@type":"CommentAction","name":"Comment","target":["https:\/\/kuzeyinsesi.org\/index.php\/2026\/02\/28\/trafik-denetimlerinden-kacis-yok\/#respond"]}]},{"@type":"WebPage","@id":"https:\/\/kuzeyinsesi.org\/index.php\/2026\/02\/28\/trafik-denetimlerinden-kacis-yok\/","url":"https:\/\/kuzeyinsesi.org\/index.php\/2026\/02\/28\/trafik-denetimlerinden-kacis-yok\/","name":"Trafik denetimlerinden ka\u00e7\u0131\u015f yok - Kuzeyin Sesi","isPartOf":{"@id":"https:\/\/kuzeyinsesi.org\/#website"},"primaryImageOfPage":{"@id":"https:\/\/kuzeyinsesi.org\/index.php\/2026\/02\/28\/trafik-denetimlerinden-kacis-yok\/#primaryimage"},"image":{"@id":"https:\/\/kuzeyinsesi.org\/index.php\/2026\/02\/28\/trafik-denetimlerinden-kacis-yok\/#primaryimage"},"thumbnailUrl":"https:\/\/kuzeyinsesi.org\/wp-content\/uploads\/2026\/02\/177227277104617719239674561768474396059TRAFIL.jpg","datePublished":"2026-02-28T10:40:48+00:00","author":{"@id":"https:\/\/kuzeyinsesi.org\/#\/schema\/person\/9f859689cdf01485597712386e37f5aa"},"breadcrumb":{"@id":"https:\/\/kuzeyinsesi.org\/index.php\/2026\/02\/28\/trafik-denetimlerinden-kacis-yok\/#breadcrumb"},"inLanguage":"tr","potentialAction":[{"@type":"ReadAction","target":["https:\/\/kuzeyinsesi.org\/index.php\/2026\/02\/28\/trafik-denetimlerinden-kacis-yok\/"]}]},{"@type":"ImageObject","inLanguage":"tr","@id":"https:\/\/kuzeyinsesi.org\/index.php\/2026\/02\/28\/trafik-denetimlerinden-kacis-yok\/#primaryimage","url":"https:\/\/kuzeyinsesi.org\/wp-content\/uploads\/2026\/02\/177227277104617719239674561768474396059TRAFIL.jpg","contentUrl":"https:\/\/kuzeyinsesi.org\/wp-content\/uploads\/2026\/02\/177227277104617719239674561768474396059TRAFIL.jpg","width":2048,"height":1536},{"@type":"BreadcrumbList","@id":"https:\/\/kuzeyinsesi.org\/index.php\/2026\/02\/28\/trafik-denetimlerinden-kacis-yok\/#breadcrumb","itemListElement":[{"@type":"ListItem","position":1,"name":"Anasayfa","item":"https:\/\/kuzeyinsesi.org\/"},{"@type":"ListItem","position":2,"name":"Trafik denetimlerinden ka\u00e7\u0131\u015f yok"}]},{"@type":"WebSite","@id":"https:\/\/kuzeyinsesi.org\/#website","url":"https:\/\/kuzeyinsesi.org\/","name":"Kuzeyin Sesi","description":"Do\u011fru Haberin Adresi","potentialAction":[{"@type":"SearchAction","target":{"@type":"EntryPoint","urlTemplate":"https:\/\/kuzeyinsesi.org\/?s={search_term_string}"},"query-input":{"@type":"PropertyValueSpecification","valueRequired":true,"valueName":"search_term_string"}}],"inLanguage":"tr"},{"@type":"Person","@id":"https:\/\/kuzeyinsesi.org\/#\/schema\/person\/9f859689cdf01485597712386e37f5aa","name":"Kuzeyin Sesi","image":{"@type":"ImageObject","inLanguage":"tr","@id":"https:\/\/secure.gravatar.com\/avatar\/bab33852abfd8b282518d6ed81826833d77c3c882d9ab608add591ccace47a44?s=96&d=mm&r=g","url":"https:\/\/secure.gravatar.com\/avatar\/bab33852abfd8b282518d6ed81826833d77c3c882d9ab608add591ccace47a44?s=96&d=mm&r=g","contentUrl":"https:\/\/secure.gravatar.com\/avatar\/bab33852abfd8b282518d6ed81826833d77c3c882d9ab608add591ccace47a44?s=96&d=mm&r=g","caption":"Kuzeyin Sesi"},"sameAs":["https:\/\/kuzeyinsesi.org"],"url":"https:\/\/kuzeyinsesi.org\/index.php\/author\/guven\/"}]}},"_links":{"self":[{"href":"https:\/\/kuzeyinsesi.org\/index.php\/wp-json\/wp\/v2\/posts\/36027","targetHints":{"allow":["GET"]}}],"collection":[{"href":"https:\/\/kuzeyinsesi.org\/index.php\/wp-json\/wp\/v2\/posts"}],"about":[{"href":"https:\/\/kuzeyinsesi.org\/index.php\/wp-json\/wp\/v2\/types\/post"}],"author":[{"embeddable":true,"href":"https:\/\/kuzeyinsesi.org\/index.php\/wp-json\/wp\/v2\/users\/1"}],"replies":[{"embeddable":true,"href":"https:\/\/kuzeyinsesi.org\/index.php\/wp-json\/wp\/v2\/comments?post=36027"}],"version-history":[{"count":0,"href":"https:\/\/kuzeyinsesi.org\/index.php\/wp-json\/wp\/v2\/posts\/36027\/revisions"}],"wp:featuredmedia":[{"embeddable":true,"href":"https:\/\/kuzeyinsesi.org\/index.php\/wp-json\/wp\/v2\/media\/36028"}],"wp:attachment":[{"href":"https:\/\/kuzeyinsesi.org\/index.php\/wp-json\/wp\/v2\/media?parent=36027"}],"wp:term":[{"taxonomy":"category","embeddable":true,"href":"https:\/\/kuzeyinsesi.org\/index.php\/wp-json\/wp\/v2\/categories?post=36027"},{"taxonomy":"post_tag","embeddable":true,"href":"https:\/\/kuzeyinsesi.org\/index.php\/wp-json\/wp\/v2\/tags?post=36027"}],"curies":[{"name":"wp","href":"https:\/\/api.w.org\/{rel}","templated":true}]}}