{"id":36021,"date":"2026-02-28T12:22:44","date_gmt":"2026-02-28T10:22:44","guid":{"rendered":"https:\/\/kuzeyinsesi.org\/index.php\/2026\/02\/28\/erhurmandan-abd-destekli-israil-iran-savasina-iliskin-diplomasi-ve-hukuk-cagrisi\/"},"modified":"2026-02-28T12:22:44","modified_gmt":"2026-02-28T10:22:44","slug":"erhurmandan-abd-destekli-israil-iran-savasina-iliskin-diplomasi-ve-hukuk-cagrisi","status":"publish","type":"post","link":"https:\/\/kuzeyinsesi.org\/index.php\/2026\/02\/28\/erhurmandan-abd-destekli-israil-iran-savasina-iliskin-diplomasi-ve-hukuk-cagrisi\/","title":{"rendered":"Erh\u00fcrman\u2019dan ABD destekli \u0130srail-\u0130ran sava\u015f\u0131na ili\u015fkin diplomasi ve hukuk \u00e7a\u011fr\u0131s\u0131"},"content":{"rendered":"<p>Cumhurba\u015fkan\u0131m\u0131z Tufan ERH\u00dcRMAN, ABD ve \u0130srail&#8217;in \u0130ran&#8217;a ba\u015flatt\u0131\u011f\u0131 sald\u0131r\u0131lara y\u00f6nelik sosyal medya hesab\u0131 \u00fczerinden yapt\u0131\u011f\u0131 a\u00e7\u0131klamada, diplomasi \u00e7a\u011fr\u0131s\u0131 yapt\u0131.<\/p>\n<p>&#8220;B\u00f6lgenin, d\u00fcnyan\u0131n ve uygarl\u0131\u011f\u0131n, bir an \u00f6nce, kurallar\u0131n ve uluslararas\u0131 hukukun hakim oldu\u011fu, istikrar\u0131n ve kal\u0131c\u0131 bar\u0131\u015f\u0131n diplomasi yoluyla ve hukuk zemininde tesis edildi\u011fi bir d\u00fczene gereksinimi var&#8221; ifadelerini kullanan Cumhurba\u015fkan\u0131 Erh\u00fcrman, a\u00e7\u0131klamas\u0131n\u0131n devam\u0131nda \u015funlar\u0131 kaydetti:<\/p>\n<p>&#8220;ABD ve \u0130srail&#8217;in \u0130ran&#8217;a y\u00f6nelik operasyonlar\u0131, yaratma potansiyeli ta\u015f\u0131d\u0131klar\u0131 di\u011fer etkilerle birlikte, kal\u0131c\u0131 bar\u0131\u015f ve istikrar a\u00e7\u0131s\u0131ndan riskleri daha da art\u0131rd\u0131. Bar\u0131\u015f\u00e7\u0131 bir halk olan K\u0131br\u0131s T\u00fcrk halk\u0131 ad\u0131na dile\u011fim ve \u00e7a\u011fr\u0131m, \u00e7ocuklar, insanlar \u00f6lmeden, sorunlara, bir an \u00f6nce, diplomasi yoluyla, hukuk zemininde \u00e7\u00f6z\u00fcmler \u00fcretilmesi yolunun se\u00e7ilmesidir.&#8221;<\/p>\n<p>Erh\u00fcrman&#8217;dan ABD destekli \u0130srail-\u0130ran sava\u015f\u0131na ili\u015fkin diplomasi ve hukuk \u00e7a\u011fr\u0131s\u0131 yaz\u0131s\u0131 ilk \u00f6nce K\u0131br\u0131s Hakikat \u00fczerinde ortaya \u00e7\u0131kt\u0131.<\/p>\n","protected":false},"excerpt":{"rendered":"<p>Cumhurba\u015fkan\u0131m\u0131z Tufan ERH\u00dcRMAN, ABD ve \u0130srail&#8217;in \u0130ran&#8217;a ba\u015flatt\u0131\u011f\u0131 sald\u0131r\u0131lara y\u00f6nelik sosyal medya hesab\u0131 \u00fczerinden yapt\u0131\u011f\u0131 a\u00e7\u0131klamada, diplomasi \u00e7a\u011fr\u0131s\u0131 yapt\u0131. &#8220;B\u00f6lgenin, d\u00fcnyan\u0131n ve uygarl\u0131\u011f\u0131n, bir an \u00f6nce, kurallar\u0131n ve uluslararas\u0131 hukukun hakim oldu\u011fu, istikrar\u0131n ve kal\u0131c\u0131 bar\u0131\u015f\u0131n diplomasi yoluyla ve hukuk zemininde tesis edildi\u011fi bir d\u00fczene gereksinimi var&#8221; ifadelerini kullanan Cumhurba\u015fkan\u0131 Erh\u00fcrman, a\u00e7\u0131klamas\u0131n\u0131n devam\u0131nda \u015funlar\u0131 kaydetti: [&hellip;]<\/p>\n","protected":false},"author":1,"featured_media":36022,"comment_status":"open","ping_status":"open","sticky":false,"template":"","format":"standard","meta":{"jnews-multi-image_gallery":[],"jnews_single_post":[],"jnews_primary_category":[],"jnews_social_meta":[],"jnews_override_counter":[],"footnotes":""},"categories":[1],"tags":[],"class_list":["post-36021","post","type-post","status-publish","format-standard","has-post-thumbnail","hentry","category-kibris"],"yoast_head":"<!-- This site is optimized with the Yoast SEO plugin v27.5 - https:\/\/yoast.com\/product\/yoast-seo-wordpress\/ -->\n<title>Erh\u00fcrman\u2019dan ABD destekli \u0130srail-\u0130ran sava\u015f\u0131na ili\u015fkin diplomasi ve hukuk \u00e7a\u011fr\u0131s\u0131 - Kuzeyin Sesi<\/title>\n<meta name=\"robots\" content=\"index, follow, max-snippet:-1, max-image-preview:large, max-video-preview:-1\" \/>\n<link rel=\"canonical\" href=\"https:\/\/kuzeyinsesi.org\/index.php\/2026\/02\/28\/erhurmandan-abd-destekli-israil-iran-savasina-iliskin-diplomasi-ve-hukuk-cagrisi\/\" \/>\n<meta property=\"og:locale\" content=\"tr_TR\" \/>\n<meta property=\"og:type\" content=\"article\" \/>\n<meta property=\"og:title\" content=\"Erh\u00fcrman\u2019dan ABD destekli \u0130srail-\u0130ran sava\u015f\u0131na ili\u015fkin diplomasi ve hukuk \u00e7a\u011fr\u0131s\u0131 - Kuzeyin Sesi\" \/>\n<meta property=\"og:description\" content=\"Cumhurba\u015fkan\u0131m\u0131z Tufan ERH\u00dcRMAN, ABD ve \u0130srail&#8217;in \u0130ran&#8217;a ba\u015flatt\u0131\u011f\u0131 sald\u0131r\u0131lara y\u00f6nelik sosyal medya hesab\u0131 \u00fczerinden yapt\u0131\u011f\u0131 a\u00e7\u0131klamada, diplomasi \u00e7a\u011fr\u0131s\u0131 yapt\u0131. &#8220;B\u00f6lgenin, d\u00fcnyan\u0131n ve uygarl\u0131\u011f\u0131n, bir an \u00f6nce, kurallar\u0131n ve uluslararas\u0131 hukukun hakim oldu\u011fu, istikrar\u0131n ve kal\u0131c\u0131 bar\u0131\u015f\u0131n diplomasi yoluyla ve hukuk zemininde tesis edildi\u011fi bir d\u00fczene gereksinimi var&#8221; ifadelerini kullanan Cumhurba\u015fkan\u0131 Erh\u00fcrman, a\u00e7\u0131klamas\u0131n\u0131n devam\u0131nda \u015funlar\u0131 kaydetti: [&hellip;]\" \/>\n<meta property=\"og:url\" content=\"https:\/\/kuzeyinsesi.org\/index.php\/2026\/02\/28\/erhurmandan-abd-destekli-israil-iran-savasina-iliskin-diplomasi-ve-hukuk-cagrisi\/\" \/>\n<meta property=\"og:site_name\" content=\"Kuzeyin Sesi\" \/>\n<meta property=\"article:publisher\" content=\"https:\/\/www.facebook.com\/kuzeyinsesii\" \/>\n<meta property=\"article:published_time\" content=\"2026-02-28T10:22:44+00:00\" \/>\n<meta name=\"author\" content=\"Kuzeyin Sesi\" \/>\n<meta name=\"twitter:card\" content=\"summary_large_image\" \/>\n<meta name=\"twitter:creator\" content=\"@kuzeyinsesii\" \/>\n<meta name=\"twitter:site\" content=\"@kuzeyinsesii\" \/>\n<meta name=\"twitter:label1\" content=\"Yazan:\" \/>\n\t<meta name=\"twitter:data1\" content=\"Kuzeyin Sesi\" \/>\n\t<meta name=\"twitter:label2\" content=\"Tahmini okuma s\u00fcresi\" \/>\n\t<meta name=\"twitter:data2\" content=\"1 dakika\" \/>\n<script type=\"application\/ld+json\" class=\"yoast-schema-graph\">{\"@context\":\"https:\\\/\\\/schema.org\",\"@graph\":[{\"@type\":\"Article\",\"@id\":\"https:\\\/\\\/kuzeyinsesi.org\\\/index.php\\\/2026\\\/02\\\/28\\\/erhurmandan-abd-destekli-israil-iran-savasina-iliskin-diplomasi-ve-hukuk-cagrisi\\\/#article\",\"isPartOf\":{\"@id\":\"https:\\\/\\\/kuzeyinsesi.org\\\/index.php\\\/2026\\\/02\\\/28\\\/erhurmandan-abd-destekli-israil-iran-savasina-iliskin-diplomasi-ve-hukuk-cagrisi\\\/\"},\"author\":{\"name\":\"Kuzeyin Sesi\",\"@id\":\"https:\\\/\\\/kuzeyinsesi.org\\\/#\\\/schema\\\/person\\\/9f859689cdf01485597712386e37f5aa\"},\"headline\":\"Erh\u00fcrman\u2019dan ABD destekli \u0130srail-\u0130ran sava\u015f\u0131na ili\u015fkin diplomasi ve hukuk \u00e7a\u011fr\u0131s\u0131\",\"datePublished\":\"2026-02-28T10:22:44+00:00\",\"mainEntityOfPage\":{\"@id\":\"https:\\\/\\\/kuzeyinsesi.org\\\/index.php\\\/2026\\\/02\\\/28\\\/erhurmandan-abd-destekli-israil-iran-savasina-iliskin-diplomasi-ve-hukuk-cagrisi\\\/\"},\"wordCount\":196,\"commentCount\":0,\"image\":{\"@id\":\"https:\\\/\\\/kuzeyinsesi.org\\\/index.php\\\/2026\\\/02\\\/28\\\/erhurmandan-abd-destekli-israil-iran-savasina-iliskin-diplomasi-ve-hukuk-cagrisi\\\/#primaryimage\"},\"thumbnailUrl\":\"https:\\\/\\\/kuzeyinsesi.org\\\/wp-content\\\/uploads\\\/2026\\\/02\\\/v2yeniproje3_1763050402.webp.webp\",\"articleSection\":[\"K\u0131br\u0131s\"],\"inLanguage\":\"tr\",\"potentialAction\":[{\"@type\":\"CommentAction\",\"name\":\"Comment\",\"target\":[\"https:\\\/\\\/kuzeyinsesi.org\\\/index.php\\\/2026\\\/02\\\/28\\\/erhurmandan-abd-destekli-israil-iran-savasina-iliskin-diplomasi-ve-hukuk-cagrisi\\\/#respond\"]}]},{\"@type\":\"WebPage\",\"@id\":\"https:\\\/\\\/kuzeyinsesi.org\\\/index.php\\\/2026\\\/02\\\/28\\\/erhurmandan-abd-destekli-israil-iran-savasina-iliskin-diplomasi-ve-hukuk-cagrisi\\\/\",\"url\":\"https:\\\/\\\/kuzeyinsesi.org\\\/index.php\\\/2026\\\/02\\\/28\\\/erhurmandan-abd-destekli-israil-iran-savasina-iliskin-diplomasi-ve-hukuk-cagrisi\\\/\",\"name\":\"Erh\u00fcrman\u2019dan ABD destekli \u0130srail-\u0130ran sava\u015f\u0131na ili\u015fkin diplomasi ve hukuk \u00e7a\u011fr\u0131s\u0131 - Kuzeyin Sesi\",\"isPartOf\":{\"@id\":\"https:\\\/\\\/kuzeyinsesi.org\\\/#website\"},\"primaryImageOfPage\":{\"@id\":\"https:\\\/\\\/kuzeyinsesi.org\\\/index.php\\\/2026\\\/02\\\/28\\\/erhurmandan-abd-destekli-israil-iran-savasina-iliskin-diplomasi-ve-hukuk-cagrisi\\\/#primaryimage\"},\"image\":{\"@id\":\"https:\\\/\\\/kuzeyinsesi.org\\\/index.php\\\/2026\\\/02\\\/28\\\/erhurmandan-abd-destekli-israil-iran-savasina-iliskin-diplomasi-ve-hukuk-cagrisi\\\/#primaryimage\"},\"thumbnailUrl\":\"https:\\\/\\\/kuzeyinsesi.org\\\/wp-content\\\/uploads\\\/2026\\\/02\\\/v2yeniproje3_1763050402.webp.webp\",\"datePublished\":\"2026-02-28T10:22:44+00:00\",\"author\":{\"@id\":\"https:\\\/\\\/kuzeyinsesi.org\\\/#\\\/schema\\\/person\\\/9f859689cdf01485597712386e37f5aa\"},\"breadcrumb\":{\"@id\":\"https:\\\/\\\/kuzeyinsesi.org\\\/index.php\\\/2026\\\/02\\\/28\\\/erhurmandan-abd-destekli-israil-iran-savasina-iliskin-diplomasi-ve-hukuk-cagrisi\\\/#breadcrumb\"},\"inLanguage\":\"tr\",\"potentialAction\":[{\"@type\":\"ReadAction\",\"target\":[\"https:\\\/\\\/kuzeyinsesi.org\\\/index.php\\\/2026\\\/02\\\/28\\\/erhurmandan-abd-destekli-israil-iran-savasina-iliskin-diplomasi-ve-hukuk-cagrisi\\\/\"]}]},{\"@type\":\"ImageObject\",\"inLanguage\":\"tr\",\"@id\":\"https:\\\/\\\/kuzeyinsesi.org\\\/index.php\\\/2026\\\/02\\\/28\\\/erhurmandan-abd-destekli-israil-iran-savasina-iliskin-diplomasi-ve-hukuk-cagrisi\\\/#primaryimage\",\"url\":\"https:\\\/\\\/kuzeyinsesi.org\\\/wp-content\\\/uploads\\\/2026\\\/02\\\/v2yeniproje3_1763050402.webp.webp\",\"contentUrl\":\"https:\\\/\\\/kuzeyinsesi.org\\\/wp-content\\\/uploads\\\/2026\\\/02\\\/v2yeniproje3_1763050402.webp.webp\",\"width\":971,\"height\":551},{\"@type\":\"BreadcrumbList\",\"@id\":\"https:\\\/\\\/kuzeyinsesi.org\\\/index.php\\\/2026\\\/02\\\/28\\\/erhurmandan-abd-destekli-israil-iran-savasina-iliskin-diplomasi-ve-hukuk-cagrisi\\\/#breadcrumb\",\"itemListElement\":[{\"@type\":\"ListItem\",\"position\":1,\"name\":\"Anasayfa\",\"item\":\"https:\\\/\\\/kuzeyinsesi.org\\\/\"},{\"@type\":\"ListItem\",\"position\":2,\"name\":\"Erh\u00fcrman\u2019dan ABD destekli \u0130srail-\u0130ran sava\u015f\u0131na ili\u015fkin diplomasi ve hukuk \u00e7a\u011fr\u0131s\u0131\"}]},{\"@type\":\"WebSite\",\"@id\":\"https:\\\/\\\/kuzeyinsesi.org\\\/#website\",\"url\":\"https:\\\/\\\/kuzeyinsesi.org\\\/\",\"name\":\"Kuzeyin Sesi\",\"description\":\"Do\u011fru Haberin Adresi\",\"potentialAction\":[{\"@type\":\"SearchAction\",\"target\":{\"@type\":\"EntryPoint\",\"urlTemplate\":\"https:\\\/\\\/kuzeyinsesi.org\\\/?s={search_term_string}\"},\"query-input\":{\"@type\":\"PropertyValueSpecification\",\"valueRequired\":true,\"valueName\":\"search_term_string\"}}],\"inLanguage\":\"tr\"},{\"@type\":\"Person\",\"@id\":\"https:\\\/\\\/kuzeyinsesi.org\\\/#\\\/schema\\\/person\\\/9f859689cdf01485597712386e37f5aa\",\"name\":\"Kuzeyin Sesi\",\"image\":{\"@type\":\"ImageObject\",\"inLanguage\":\"tr\",\"@id\":\"https:\\\/\\\/secure.gravatar.com\\\/avatar\\\/bab33852abfd8b282518d6ed81826833d77c3c882d9ab608add591ccace47a44?s=96&d=mm&r=g\",\"url\":\"https:\\\/\\\/secure.gravatar.com\\\/avatar\\\/bab33852abfd8b282518d6ed81826833d77c3c882d9ab608add591ccace47a44?s=96&d=mm&r=g\",\"contentUrl\":\"https:\\\/\\\/secure.gravatar.com\\\/avatar\\\/bab33852abfd8b282518d6ed81826833d77c3c882d9ab608add591ccace47a44?s=96&d=mm&r=g\",\"caption\":\"Kuzeyin Sesi\"},\"sameAs\":[\"https:\\\/\\\/kuzeyinsesi.org\"],\"url\":\"https:\\\/\\\/kuzeyinsesi.org\\\/index.php\\\/author\\\/guven\\\/\"}]}<\/script>\n<!-- \/ Yoast SEO plugin. -->","yoast_head_json":{"title":"Erh\u00fcrman\u2019dan ABD destekli \u0130srail-\u0130ran sava\u015f\u0131na ili\u015fkin diplomasi ve hukuk \u00e7a\u011fr\u0131s\u0131 - Kuzeyin Sesi","robots":{"index":"index","follow":"follow","max-snippet":"max-snippet:-1","max-image-preview":"max-image-preview:large","max-video-preview":"max-video-preview:-1"},"canonical":"https:\/\/kuzeyinsesi.org\/index.php\/2026\/02\/28\/erhurmandan-abd-destekli-israil-iran-savasina-iliskin-diplomasi-ve-hukuk-cagrisi\/","og_locale":"tr_TR","og_type":"article","og_title":"Erh\u00fcrman\u2019dan ABD destekli \u0130srail-\u0130ran sava\u015f\u0131na ili\u015fkin diplomasi ve hukuk \u00e7a\u011fr\u0131s\u0131 - Kuzeyin Sesi","og_description":"Cumhurba\u015fkan\u0131m\u0131z Tufan ERH\u00dcRMAN, ABD ve \u0130srail&#8217;in \u0130ran&#8217;a ba\u015flatt\u0131\u011f\u0131 sald\u0131r\u0131lara y\u00f6nelik sosyal medya hesab\u0131 \u00fczerinden yapt\u0131\u011f\u0131 a\u00e7\u0131klamada, diplomasi \u00e7a\u011fr\u0131s\u0131 yapt\u0131. &#8220;B\u00f6lgenin, d\u00fcnyan\u0131n ve uygarl\u0131\u011f\u0131n, bir an \u00f6nce, kurallar\u0131n ve uluslararas\u0131 hukukun hakim oldu\u011fu, istikrar\u0131n ve kal\u0131c\u0131 bar\u0131\u015f\u0131n diplomasi yoluyla ve hukuk zemininde tesis edildi\u011fi bir d\u00fczene gereksinimi var&#8221; ifadelerini kullanan Cumhurba\u015fkan\u0131 Erh\u00fcrman, a\u00e7\u0131klamas\u0131n\u0131n devam\u0131nda \u015funlar\u0131 kaydetti: [&hellip;]","og_url":"https:\/\/kuzeyinsesi.org\/index.php\/2026\/02\/28\/erhurmandan-abd-destekli-israil-iran-savasina-iliskin-diplomasi-ve-hukuk-cagrisi\/","og_site_name":"Kuzeyin Sesi","article_publisher":"https:\/\/www.facebook.com\/kuzeyinsesii","article_published_time":"2026-02-28T10:22:44+00:00","author":"Kuzeyin Sesi","twitter_card":"summary_large_image","twitter_creator":"@kuzeyinsesii","twitter_site":"@kuzeyinsesii","twitter_misc":{"Yazan:":"Kuzeyin Sesi","Tahmini okuma s\u00fcresi":"1 dakika"},"schema":{"@context":"https:\/\/schema.org","@graph":[{"@type":"Article","@id":"https:\/\/kuzeyinsesi.org\/index.php\/2026\/02\/28\/erhurmandan-abd-destekli-israil-iran-savasina-iliskin-diplomasi-ve-hukuk-cagrisi\/#article","isPartOf":{"@id":"https:\/\/kuzeyinsesi.org\/index.php\/2026\/02\/28\/erhurmandan-abd-destekli-israil-iran-savasina-iliskin-diplomasi-ve-hukuk-cagrisi\/"},"author":{"name":"Kuzeyin Sesi","@id":"https:\/\/kuzeyinsesi.org\/#\/schema\/person\/9f859689cdf01485597712386e37f5aa"},"headline":"Erh\u00fcrman\u2019dan ABD destekli \u0130srail-\u0130ran sava\u015f\u0131na ili\u015fkin diplomasi ve hukuk \u00e7a\u011fr\u0131s\u0131","datePublished":"2026-02-28T10:22:44+00:00","mainEntityOfPage":{"@id":"https:\/\/kuzeyinsesi.org\/index.php\/2026\/02\/28\/erhurmandan-abd-destekli-israil-iran-savasina-iliskin-diplomasi-ve-hukuk-cagrisi\/"},"wordCount":196,"commentCount":0,"image":{"@id":"https:\/\/kuzeyinsesi.org\/index.php\/2026\/02\/28\/erhurmandan-abd-destekli-israil-iran-savasina-iliskin-diplomasi-ve-hukuk-cagrisi\/#primaryimage"},"thumbnailUrl":"https:\/\/kuzeyinsesi.org\/wp-content\/uploads\/2026\/02\/v2yeniproje3_1763050402.webp.webp","articleSection":["K\u0131br\u0131s"],"inLanguage":"tr","potentialAction":[{"@type":"CommentAction","name":"Comment","target":["https:\/\/kuzeyinsesi.org\/index.php\/2026\/02\/28\/erhurmandan-abd-destekli-israil-iran-savasina-iliskin-diplomasi-ve-hukuk-cagrisi\/#respond"]}]},{"@type":"WebPage","@id":"https:\/\/kuzeyinsesi.org\/index.php\/2026\/02\/28\/erhurmandan-abd-destekli-israil-iran-savasina-iliskin-diplomasi-ve-hukuk-cagrisi\/","url":"https:\/\/kuzeyinsesi.org\/index.php\/2026\/02\/28\/erhurmandan-abd-destekli-israil-iran-savasina-iliskin-diplomasi-ve-hukuk-cagrisi\/","name":"Erh\u00fcrman\u2019dan ABD destekli \u0130srail-\u0130ran sava\u015f\u0131na ili\u015fkin diplomasi ve hukuk \u00e7a\u011fr\u0131s\u0131 - Kuzeyin Sesi","isPartOf":{"@id":"https:\/\/kuzeyinsesi.org\/#website"},"primaryImageOfPage":{"@id":"https:\/\/kuzeyinsesi.org\/index.php\/2026\/02\/28\/erhurmandan-abd-destekli-israil-iran-savasina-iliskin-diplomasi-ve-hukuk-cagrisi\/#primaryimage"},"image":{"@id":"https:\/\/kuzeyinsesi.org\/index.php\/2026\/02\/28\/erhurmandan-abd-destekli-israil-iran-savasina-iliskin-diplomasi-ve-hukuk-cagrisi\/#primaryimage"},"thumbnailUrl":"https:\/\/kuzeyinsesi.org\/wp-content\/uploads\/2026\/02\/v2yeniproje3_1763050402.webp.webp","datePublished":"2026-02-28T10:22:44+00:00","author":{"@id":"https:\/\/kuzeyinsesi.org\/#\/schema\/person\/9f859689cdf01485597712386e37f5aa"},"breadcrumb":{"@id":"https:\/\/kuzeyinsesi.org\/index.php\/2026\/02\/28\/erhurmandan-abd-destekli-israil-iran-savasina-iliskin-diplomasi-ve-hukuk-cagrisi\/#breadcrumb"},"inLanguage":"tr","potentialAction":[{"@type":"ReadAction","target":["https:\/\/kuzeyinsesi.org\/index.php\/2026\/02\/28\/erhurmandan-abd-destekli-israil-iran-savasina-iliskin-diplomasi-ve-hukuk-cagrisi\/"]}]},{"@type":"ImageObject","inLanguage":"tr","@id":"https:\/\/kuzeyinsesi.org\/index.php\/2026\/02\/28\/erhurmandan-abd-destekli-israil-iran-savasina-iliskin-diplomasi-ve-hukuk-cagrisi\/#primaryimage","url":"https:\/\/kuzeyinsesi.org\/wp-content\/uploads\/2026\/02\/v2yeniproje3_1763050402.webp.webp","contentUrl":"https:\/\/kuzeyinsesi.org\/wp-content\/uploads\/2026\/02\/v2yeniproje3_1763050402.webp.webp","width":971,"height":551},{"@type":"BreadcrumbList","@id":"https:\/\/kuzeyinsesi.org\/index.php\/2026\/02\/28\/erhurmandan-abd-destekli-israil-iran-savasina-iliskin-diplomasi-ve-hukuk-cagrisi\/#breadcrumb","itemListElement":[{"@type":"ListItem","position":1,"name":"Anasayfa","item":"https:\/\/kuzeyinsesi.org\/"},{"@type":"ListItem","position":2,"name":"Erh\u00fcrman\u2019dan ABD destekli \u0130srail-\u0130ran sava\u015f\u0131na ili\u015fkin diplomasi ve hukuk \u00e7a\u011fr\u0131s\u0131"}]},{"@type":"WebSite","@id":"https:\/\/kuzeyinsesi.org\/#website","url":"https:\/\/kuzeyinsesi.org\/","name":"Kuzeyin Sesi","description":"Do\u011fru Haberin Adresi","potentialAction":[{"@type":"SearchAction","target":{"@type":"EntryPoint","urlTemplate":"https:\/\/kuzeyinsesi.org\/?s={search_term_string}"},"query-input":{"@type":"PropertyValueSpecification","valueRequired":true,"valueName":"search_term_string"}}],"inLanguage":"tr"},{"@type":"Person","@id":"https:\/\/kuzeyinsesi.org\/#\/schema\/person\/9f859689cdf01485597712386e37f5aa","name":"Kuzeyin Sesi","image":{"@type":"ImageObject","inLanguage":"tr","@id":"https:\/\/secure.gravatar.com\/avatar\/bab33852abfd8b282518d6ed81826833d77c3c882d9ab608add591ccace47a44?s=96&d=mm&r=g","url":"https:\/\/secure.gravatar.com\/avatar\/bab33852abfd8b282518d6ed81826833d77c3c882d9ab608add591ccace47a44?s=96&d=mm&r=g","contentUrl":"https:\/\/secure.gravatar.com\/avatar\/bab33852abfd8b282518d6ed81826833d77c3c882d9ab608add591ccace47a44?s=96&d=mm&r=g","caption":"Kuzeyin Sesi"},"sameAs":["https:\/\/kuzeyinsesi.org"],"url":"https:\/\/kuzeyinsesi.org\/index.php\/author\/guven\/"}]}},"_links":{"self":[{"href":"https:\/\/kuzeyinsesi.org\/index.php\/wp-json\/wp\/v2\/posts\/36021","targetHints":{"allow":["GET"]}}],"collection":[{"href":"https:\/\/kuzeyinsesi.org\/index.php\/wp-json\/wp\/v2\/posts"}],"about":[{"href":"https:\/\/kuzeyinsesi.org\/index.php\/wp-json\/wp\/v2\/types\/post"}],"author":[{"embeddable":true,"href":"https:\/\/kuzeyinsesi.org\/index.php\/wp-json\/wp\/v2\/users\/1"}],"replies":[{"embeddable":true,"href":"https:\/\/kuzeyinsesi.org\/index.php\/wp-json\/wp\/v2\/comments?post=36021"}],"version-history":[{"count":0,"href":"https:\/\/kuzeyinsesi.org\/index.php\/wp-json\/wp\/v2\/posts\/36021\/revisions"}],"wp:featuredmedia":[{"embeddable":true,"href":"https:\/\/kuzeyinsesi.org\/index.php\/wp-json\/wp\/v2\/media\/36022"}],"wp:attachment":[{"href":"https:\/\/kuzeyinsesi.org\/index.php\/wp-json\/wp\/v2\/media?parent=36021"}],"wp:term":[{"taxonomy":"category","embeddable":true,"href":"https:\/\/kuzeyinsesi.org\/index.php\/wp-json\/wp\/v2\/categories?post=36021"},{"taxonomy":"post_tag","embeddable":true,"href":"https:\/\/kuzeyinsesi.org\/index.php\/wp-json\/wp\/v2\/tags?post=36021"}],"curies":[{"name":"wp","href":"https:\/\/api.w.org\/{rel}","templated":true}]}}