{"id":36019,"date":"2026-02-28T11:06:55","date_gmt":"2026-02-28T09:06:55","guid":{"rendered":"https:\/\/kuzeyinsesi.org\/index.php\/2026\/02\/28\/ektamda-yasananlar-bir-kapatma-degil-iscilerin-sendikal-orgutlenmesini-engelleme-girisimidir\/"},"modified":"2026-02-28T11:06:55","modified_gmt":"2026-02-28T09:06:55","slug":"ektamda-yasananlar-bir-kapatma-degil-iscilerin-sendikal-orgutlenmesini-engelleme-girisimidir","status":"publish","type":"post","link":"https:\/\/kuzeyinsesi.org\/index.php\/2026\/02\/28\/ektamda-yasananlar-bir-kapatma-degil-iscilerin-sendikal-orgutlenmesini-engelleme-girisimidir\/","title":{"rendered":"EKTAM\u2019da ya\u015fananlar bir kapatma de\u011fil, i\u015f\u00e7ilerin sendikal \u00f6rg\u00fctlenmesini engelleme giri\u015fimidir"},"content":{"rendered":"<p style=\"font-weight: 300\">Ba\u011f\u0131ms\u0131zl\u0131k Yolu Mali Sekreteri M\u00fcn\u00fcr Rahvanc\u0131o\u011flu, EKTAM\u2019da ya\u015fanan s\u00fcrece ili\u015fkin a\u00e7\u0131klamas\u0131nda,\u00a0<span style=\"font-weight: 300 !important\">\u201cEKTAM\u2019da ya\u015fananlar\u0131n bir kapatma de\u011fil, i\u015f\u00e7ilerin sendikal \u00f6rg\u00fctlenmesini engelleme giri\u015fimidir\u201d dedi.<\/span><\/p>\n<p style=\"font-weight: 300\">Rahvanc\u0131o\u011flu, yaz\u0131l\u0131 a\u00e7\u0131klamas\u0131nda, \u201cEKTAM\u2019da irade sava\u015f\u0131\u201d ya\u015fand\u0131\u011f\u0131n\u0131 belirterek, \u201cPatronun \u2018i\u015fler k\u00f6t\u00fc, kapat\u0131yorum\u2019 y\u00f6n\u00fcndeki s\u00f6ylemi ger\u00e7e\u011fi yans\u0131tmad\u0131\u011f\u0131n\u0131, esas mesele i\u015f\u00e7ilerin sendikala\u015fma iradesi\u201d oldu\u011funu savundu. Rahvanc\u0131o\u011flu, s\u00f6z konusu gerek\u00e7enin \u201cinand\u0131r\u0131c\u0131\u201d olmad\u0131\u011f\u0131n\u0131 savunarak, \u201cEKTAM\u2019da ya\u015fananlar\u0131n bir kapatma de\u011fil, i\u015f\u00e7ilerin sendikal \u00f6rg\u00fctlenmesini engelleme giri\u015fimidir\u201d dedi.<\/p>\n<p style=\"font-weight: 300\">Rahvanc\u0131o\u011flu, \u201cPatronun i\u015f\u00e7ilere \u2018sendikas\u0131z olarak i\u015fe d\u00f6n\u00fcn, bireysel s\u00f6zle\u015fme yapal\u0131m, ne istiyorsan\u0131z verelim\u2019 teklifini iletti\u011fini savunarak, bunun i\u015fyerinin kapat\u0131lmayaca\u011f\u0131n\u0131n a\u00e7\u0131k g\u00f6stergesi oldu\u011funu iddia etti.<\/p>\n<p style=\"font-weight: 300\">Rahvanc\u0131o\u011flu, \u00c7al\u0131\u015fma ve Sosyal G\u00fcvenlik Bakan\u0131\u2019n\u0131n tutumuna da de\u011finerek, yapt\u0131\u011f\u0131 a\u00e7\u0131klaman\u0131n s\u00fcrecin bir irade m\u00fccadelesine d\u00f6n\u00fc\u015ft\u00fc\u011f\u00fcn\u00fc g\u00f6sterdi\u011fini ileri s\u00fcrd\u00fc.<\/p>\n<p style=\"font-weight: 300\">&#8220;Ekme\u011finden vazge\u00e7meyi g\u00f6ze alarak grev \u00e7ad\u0131r\u0131na giren i\u015f\u00e7ilerin b\u00fcy\u00fck bir kararl\u0131l\u0131k g\u00f6sterdi\u011fini&#8221; belirten Rahvanc\u0131o\u011flu, \u201cKimse o \u00e7ad\u0131ra girdi\u011fi gibi \u00e7\u0131kamaz. Kimisi y\u00fccelerek \u00e7\u0131kar, kimisi al\u00e7alarak \u00e7\u0131kar. Bakan\u0131n nas\u0131l \u00e7\u0131kaca\u011f\u0131n\u0131 zaman g\u00f6sterecek. Ama i\u015f\u00e7iler sars\u0131lm\u0131yor, aksine iradeleri bileniyor\u201d dedi.<\/p>\n<p style=\"font-weight: 300\">Rahvanc\u0131o\u011flu, EKTAM i\u015f\u00e7ileriyle dayan\u0131\u015fma \u00e7emberinin her ge\u00e7en g\u00fcn geni\u015fledi\u011fini de kaydetti.<\/p>\n<p>EKTAM\u2019da ya\u015fananlar bir kapatma de\u011fil, i\u015f\u00e7ilerin sendikal \u00f6rg\u00fctlenmesini engelleme giri\u015fimidir yaz\u0131s\u0131 ilk \u00f6nce K\u0131br\u0131s Hakikat \u00fczerinde ortaya \u00e7\u0131kt\u0131.<\/p>\n","protected":false},"excerpt":{"rendered":"<p>Ba\u011f\u0131ms\u0131zl\u0131k Yolu Mali Sekreteri M\u00fcn\u00fcr Rahvanc\u0131o\u011flu, EKTAM\u2019da ya\u015fanan s\u00fcrece ili\u015fkin a\u00e7\u0131klamas\u0131nda,\u00a0\u201cEKTAM\u2019da ya\u015fananlar\u0131n bir kapatma de\u011fil, i\u015f\u00e7ilerin sendikal \u00f6rg\u00fctlenmesini engelleme giri\u015fimidir\u201d dedi. Rahvanc\u0131o\u011flu, yaz\u0131l\u0131 a\u00e7\u0131klamas\u0131nda, \u201cEKTAM\u2019da irade sava\u015f\u0131\u201d ya\u015fand\u0131\u011f\u0131n\u0131 belirterek, \u201cPatronun \u2018i\u015fler k\u00f6t\u00fc, kapat\u0131yorum\u2019 y\u00f6n\u00fcndeki s\u00f6ylemi ger\u00e7e\u011fi yans\u0131tmad\u0131\u011f\u0131n\u0131, esas mesele i\u015f\u00e7ilerin sendikala\u015fma iradesi\u201d oldu\u011funu savundu. Rahvanc\u0131o\u011flu, s\u00f6z konusu gerek\u00e7enin \u201cinand\u0131r\u0131c\u0131\u201d olmad\u0131\u011f\u0131n\u0131 savunarak, \u201cEKTAM\u2019da ya\u015fananlar\u0131n bir kapatma [&hellip;]<\/p>\n","protected":false},"author":1,"featured_media":36020,"comment_status":"open","ping_status":"open","sticky":false,"template":"","format":"standard","meta":{"jnews-multi-image_gallery":[],"jnews_single_post":[],"jnews_primary_category":[],"jnews_social_meta":[],"jnews_override_counter":[],"footnotes":""},"categories":[1],"tags":[],"class_list":["post-36019","post","type-post","status-publish","format-standard","has-post-thumbnail","hentry","category-kibris"],"yoast_head":"<!-- This site is optimized with the Yoast SEO plugin v27.5 - https:\/\/yoast.com\/product\/yoast-seo-wordpress\/ -->\n<title>EKTAM\u2019da ya\u015fananlar bir kapatma de\u011fil, i\u015f\u00e7ilerin sendikal \u00f6rg\u00fctlenmesini engelleme giri\u015fimidir - Kuzeyin Sesi<\/title>\n<meta name=\"robots\" content=\"index, follow, max-snippet:-1, max-image-preview:large, max-video-preview:-1\" \/>\n<link rel=\"canonical\" href=\"https:\/\/kuzeyinsesi.org\/index.php\/2026\/02\/28\/ektamda-yasananlar-bir-kapatma-degil-iscilerin-sendikal-orgutlenmesini-engelleme-girisimidir\/\" \/>\n<meta property=\"og:locale\" content=\"tr_TR\" \/>\n<meta property=\"og:type\" content=\"article\" \/>\n<meta property=\"og:title\" content=\"EKTAM\u2019da ya\u015fananlar bir kapatma de\u011fil, i\u015f\u00e7ilerin sendikal \u00f6rg\u00fctlenmesini engelleme giri\u015fimidir - Kuzeyin Sesi\" \/>\n<meta property=\"og:description\" content=\"Ba\u011f\u0131ms\u0131zl\u0131k Yolu Mali Sekreteri M\u00fcn\u00fcr Rahvanc\u0131o\u011flu, EKTAM\u2019da ya\u015fanan s\u00fcrece ili\u015fkin a\u00e7\u0131klamas\u0131nda,\u00a0\u201cEKTAM\u2019da ya\u015fananlar\u0131n bir kapatma de\u011fil, i\u015f\u00e7ilerin sendikal \u00f6rg\u00fctlenmesini engelleme giri\u015fimidir\u201d dedi. Rahvanc\u0131o\u011flu, yaz\u0131l\u0131 a\u00e7\u0131klamas\u0131nda, \u201cEKTAM\u2019da irade sava\u015f\u0131\u201d ya\u015fand\u0131\u011f\u0131n\u0131 belirterek, \u201cPatronun \u2018i\u015fler k\u00f6t\u00fc, kapat\u0131yorum\u2019 y\u00f6n\u00fcndeki s\u00f6ylemi ger\u00e7e\u011fi yans\u0131tmad\u0131\u011f\u0131n\u0131, esas mesele i\u015f\u00e7ilerin sendikala\u015fma iradesi\u201d oldu\u011funu savundu. Rahvanc\u0131o\u011flu, s\u00f6z konusu gerek\u00e7enin \u201cinand\u0131r\u0131c\u0131\u201d olmad\u0131\u011f\u0131n\u0131 savunarak, \u201cEKTAM\u2019da ya\u015fananlar\u0131n bir kapatma [&hellip;]\" \/>\n<meta property=\"og:url\" content=\"https:\/\/kuzeyinsesi.org\/index.php\/2026\/02\/28\/ektamda-yasananlar-bir-kapatma-degil-iscilerin-sendikal-orgutlenmesini-engelleme-girisimidir\/\" \/>\n<meta property=\"og:site_name\" content=\"Kuzeyin Sesi\" \/>\n<meta property=\"article:publisher\" content=\"https:\/\/www.facebook.com\/kuzeyinsesii\" \/>\n<meta property=\"article:published_time\" content=\"2026-02-28T09:06:55+00:00\" \/>\n<meta name=\"author\" content=\"Kuzeyin Sesi\" \/>\n<meta name=\"twitter:card\" content=\"summary_large_image\" \/>\n<meta name=\"twitter:creator\" content=\"@kuzeyinsesii\" \/>\n<meta name=\"twitter:site\" content=\"@kuzeyinsesii\" \/>\n<meta name=\"twitter:label1\" content=\"Yazan:\" \/>\n\t<meta name=\"twitter:data1\" content=\"Kuzeyin Sesi\" \/>\n\t<meta name=\"twitter:label2\" content=\"Tahmini okuma s\u00fcresi\" \/>\n\t<meta name=\"twitter:data2\" content=\"2 dakika\" \/>\n<script type=\"application\/ld+json\" class=\"yoast-schema-graph\">{\"@context\":\"https:\\\/\\\/schema.org\",\"@graph\":[{\"@type\":\"Article\",\"@id\":\"https:\\\/\\\/kuzeyinsesi.org\\\/index.php\\\/2026\\\/02\\\/28\\\/ektamda-yasananlar-bir-kapatma-degil-iscilerin-sendikal-orgutlenmesini-engelleme-girisimidir\\\/#article\",\"isPartOf\":{\"@id\":\"https:\\\/\\\/kuzeyinsesi.org\\\/index.php\\\/2026\\\/02\\\/28\\\/ektamda-yasananlar-bir-kapatma-degil-iscilerin-sendikal-orgutlenmesini-engelleme-girisimidir\\\/\"},\"author\":{\"name\":\"Kuzeyin Sesi\",\"@id\":\"https:\\\/\\\/kuzeyinsesi.org\\\/#\\\/schema\\\/person\\\/9f859689cdf01485597712386e37f5aa\"},\"headline\":\"EKTAM\u2019da ya\u015fananlar bir kapatma de\u011fil, i\u015f\u00e7ilerin sendikal \u00f6rg\u00fctlenmesini engelleme giri\u015fimidir\",\"datePublished\":\"2026-02-28T09:06:55+00:00\",\"mainEntityOfPage\":{\"@id\":\"https:\\\/\\\/kuzeyinsesi.org\\\/index.php\\\/2026\\\/02\\\/28\\\/ektamda-yasananlar-bir-kapatma-degil-iscilerin-sendikal-orgutlenmesini-engelleme-girisimidir\\\/\"},\"wordCount\":322,\"commentCount\":0,\"image\":{\"@id\":\"https:\\\/\\\/kuzeyinsesi.org\\\/index.php\\\/2026\\\/02\\\/28\\\/ektamda-yasananlar-bir-kapatma-degil-iscilerin-sendikal-orgutlenmesini-engelleme-girisimidir\\\/#primaryimage\"},\"thumbnailUrl\":\"https:\\\/\\\/kuzeyinsesi.org\\\/wp-content\\\/uploads\\\/2026\\\/02\\\/177226830405417713172386341771228802842munur-rahvancioglu2.jpg\",\"articleSection\":[\"K\u0131br\u0131s\"],\"inLanguage\":\"tr\",\"potentialAction\":[{\"@type\":\"CommentAction\",\"name\":\"Comment\",\"target\":[\"https:\\\/\\\/kuzeyinsesi.org\\\/index.php\\\/2026\\\/02\\\/28\\\/ektamda-yasananlar-bir-kapatma-degil-iscilerin-sendikal-orgutlenmesini-engelleme-girisimidir\\\/#respond\"]}]},{\"@type\":\"WebPage\",\"@id\":\"https:\\\/\\\/kuzeyinsesi.org\\\/index.php\\\/2026\\\/02\\\/28\\\/ektamda-yasananlar-bir-kapatma-degil-iscilerin-sendikal-orgutlenmesini-engelleme-girisimidir\\\/\",\"url\":\"https:\\\/\\\/kuzeyinsesi.org\\\/index.php\\\/2026\\\/02\\\/28\\\/ektamda-yasananlar-bir-kapatma-degil-iscilerin-sendikal-orgutlenmesini-engelleme-girisimidir\\\/\",\"name\":\"EKTAM\u2019da ya\u015fananlar bir kapatma de\u011fil, i\u015f\u00e7ilerin sendikal \u00f6rg\u00fctlenmesini engelleme giri\u015fimidir - Kuzeyin Sesi\",\"isPartOf\":{\"@id\":\"https:\\\/\\\/kuzeyinsesi.org\\\/#website\"},\"primaryImageOfPage\":{\"@id\":\"https:\\\/\\\/kuzeyinsesi.org\\\/index.php\\\/2026\\\/02\\\/28\\\/ektamda-yasananlar-bir-kapatma-degil-iscilerin-sendikal-orgutlenmesini-engelleme-girisimidir\\\/#primaryimage\"},\"image\":{\"@id\":\"https:\\\/\\\/kuzeyinsesi.org\\\/index.php\\\/2026\\\/02\\\/28\\\/ektamda-yasananlar-bir-kapatma-degil-iscilerin-sendikal-orgutlenmesini-engelleme-girisimidir\\\/#primaryimage\"},\"thumbnailUrl\":\"https:\\\/\\\/kuzeyinsesi.org\\\/wp-content\\\/uploads\\\/2026\\\/02\\\/177226830405417713172386341771228802842munur-rahvancioglu2.jpg\",\"datePublished\":\"2026-02-28T09:06:55+00:00\",\"author\":{\"@id\":\"https:\\\/\\\/kuzeyinsesi.org\\\/#\\\/schema\\\/person\\\/9f859689cdf01485597712386e37f5aa\"},\"breadcrumb\":{\"@id\":\"https:\\\/\\\/kuzeyinsesi.org\\\/index.php\\\/2026\\\/02\\\/28\\\/ektamda-yasananlar-bir-kapatma-degil-iscilerin-sendikal-orgutlenmesini-engelleme-girisimidir\\\/#breadcrumb\"},\"inLanguage\":\"tr\",\"potentialAction\":[{\"@type\":\"ReadAction\",\"target\":[\"https:\\\/\\\/kuzeyinsesi.org\\\/index.php\\\/2026\\\/02\\\/28\\\/ektamda-yasananlar-bir-kapatma-degil-iscilerin-sendikal-orgutlenmesini-engelleme-girisimidir\\\/\"]}]},{\"@type\":\"ImageObject\",\"inLanguage\":\"tr\",\"@id\":\"https:\\\/\\\/kuzeyinsesi.org\\\/index.php\\\/2026\\\/02\\\/28\\\/ektamda-yasananlar-bir-kapatma-degil-iscilerin-sendikal-orgutlenmesini-engelleme-girisimidir\\\/#primaryimage\",\"url\":\"https:\\\/\\\/kuzeyinsesi.org\\\/wp-content\\\/uploads\\\/2026\\\/02\\\/177226830405417713172386341771228802842munur-rahvancioglu2.jpg\",\"contentUrl\":\"https:\\\/\\\/kuzeyinsesi.org\\\/wp-content\\\/uploads\\\/2026\\\/02\\\/177226830405417713172386341771228802842munur-rahvancioglu2.jpg\",\"width\":1920,\"height\":1080},{\"@type\":\"BreadcrumbList\",\"@id\":\"https:\\\/\\\/kuzeyinsesi.org\\\/index.php\\\/2026\\\/02\\\/28\\\/ektamda-yasananlar-bir-kapatma-degil-iscilerin-sendikal-orgutlenmesini-engelleme-girisimidir\\\/#breadcrumb\",\"itemListElement\":[{\"@type\":\"ListItem\",\"position\":1,\"name\":\"Anasayfa\",\"item\":\"https:\\\/\\\/kuzeyinsesi.org\\\/\"},{\"@type\":\"ListItem\",\"position\":2,\"name\":\"EKTAM\u2019da ya\u015fananlar bir kapatma de\u011fil, i\u015f\u00e7ilerin sendikal \u00f6rg\u00fctlenmesini engelleme giri\u015fimidir\"}]},{\"@type\":\"WebSite\",\"@id\":\"https:\\\/\\\/kuzeyinsesi.org\\\/#website\",\"url\":\"https:\\\/\\\/kuzeyinsesi.org\\\/\",\"name\":\"Kuzeyin Sesi\",\"description\":\"Do\u011fru Haberin Adresi\",\"potentialAction\":[{\"@type\":\"SearchAction\",\"target\":{\"@type\":\"EntryPoint\",\"urlTemplate\":\"https:\\\/\\\/kuzeyinsesi.org\\\/?s={search_term_string}\"},\"query-input\":{\"@type\":\"PropertyValueSpecification\",\"valueRequired\":true,\"valueName\":\"search_term_string\"}}],\"inLanguage\":\"tr\"},{\"@type\":\"Person\",\"@id\":\"https:\\\/\\\/kuzeyinsesi.org\\\/#\\\/schema\\\/person\\\/9f859689cdf01485597712386e37f5aa\",\"name\":\"Kuzeyin Sesi\",\"image\":{\"@type\":\"ImageObject\",\"inLanguage\":\"tr\",\"@id\":\"https:\\\/\\\/secure.gravatar.com\\\/avatar\\\/bab33852abfd8b282518d6ed81826833d77c3c882d9ab608add591ccace47a44?s=96&d=mm&r=g\",\"url\":\"https:\\\/\\\/secure.gravatar.com\\\/avatar\\\/bab33852abfd8b282518d6ed81826833d77c3c882d9ab608add591ccace47a44?s=96&d=mm&r=g\",\"contentUrl\":\"https:\\\/\\\/secure.gravatar.com\\\/avatar\\\/bab33852abfd8b282518d6ed81826833d77c3c882d9ab608add591ccace47a44?s=96&d=mm&r=g\",\"caption\":\"Kuzeyin Sesi\"},\"sameAs\":[\"https:\\\/\\\/kuzeyinsesi.org\"],\"url\":\"https:\\\/\\\/kuzeyinsesi.org\\\/index.php\\\/author\\\/guven\\\/\"}]}<\/script>\n<!-- \/ Yoast SEO plugin. -->","yoast_head_json":{"title":"EKTAM\u2019da ya\u015fananlar bir kapatma de\u011fil, i\u015f\u00e7ilerin sendikal \u00f6rg\u00fctlenmesini engelleme giri\u015fimidir - Kuzeyin Sesi","robots":{"index":"index","follow":"follow","max-snippet":"max-snippet:-1","max-image-preview":"max-image-preview:large","max-video-preview":"max-video-preview:-1"},"canonical":"https:\/\/kuzeyinsesi.org\/index.php\/2026\/02\/28\/ektamda-yasananlar-bir-kapatma-degil-iscilerin-sendikal-orgutlenmesini-engelleme-girisimidir\/","og_locale":"tr_TR","og_type":"article","og_title":"EKTAM\u2019da ya\u015fananlar bir kapatma de\u011fil, i\u015f\u00e7ilerin sendikal \u00f6rg\u00fctlenmesini engelleme giri\u015fimidir - Kuzeyin Sesi","og_description":"Ba\u011f\u0131ms\u0131zl\u0131k Yolu Mali Sekreteri M\u00fcn\u00fcr Rahvanc\u0131o\u011flu, EKTAM\u2019da ya\u015fanan s\u00fcrece ili\u015fkin a\u00e7\u0131klamas\u0131nda,\u00a0\u201cEKTAM\u2019da ya\u015fananlar\u0131n bir kapatma de\u011fil, i\u015f\u00e7ilerin sendikal \u00f6rg\u00fctlenmesini engelleme giri\u015fimidir\u201d dedi. Rahvanc\u0131o\u011flu, yaz\u0131l\u0131 a\u00e7\u0131klamas\u0131nda, \u201cEKTAM\u2019da irade sava\u015f\u0131\u201d ya\u015fand\u0131\u011f\u0131n\u0131 belirterek, \u201cPatronun \u2018i\u015fler k\u00f6t\u00fc, kapat\u0131yorum\u2019 y\u00f6n\u00fcndeki s\u00f6ylemi ger\u00e7e\u011fi yans\u0131tmad\u0131\u011f\u0131n\u0131, esas mesele i\u015f\u00e7ilerin sendikala\u015fma iradesi\u201d oldu\u011funu savundu. Rahvanc\u0131o\u011flu, s\u00f6z konusu gerek\u00e7enin \u201cinand\u0131r\u0131c\u0131\u201d olmad\u0131\u011f\u0131n\u0131 savunarak, \u201cEKTAM\u2019da ya\u015fananlar\u0131n bir kapatma [&hellip;]","og_url":"https:\/\/kuzeyinsesi.org\/index.php\/2026\/02\/28\/ektamda-yasananlar-bir-kapatma-degil-iscilerin-sendikal-orgutlenmesini-engelleme-girisimidir\/","og_site_name":"Kuzeyin Sesi","article_publisher":"https:\/\/www.facebook.com\/kuzeyinsesii","article_published_time":"2026-02-28T09:06:55+00:00","author":"Kuzeyin Sesi","twitter_card":"summary_large_image","twitter_creator":"@kuzeyinsesii","twitter_site":"@kuzeyinsesii","twitter_misc":{"Yazan:":"Kuzeyin Sesi","Tahmini okuma s\u00fcresi":"2 dakika"},"schema":{"@context":"https:\/\/schema.org","@graph":[{"@type":"Article","@id":"https:\/\/kuzeyinsesi.org\/index.php\/2026\/02\/28\/ektamda-yasananlar-bir-kapatma-degil-iscilerin-sendikal-orgutlenmesini-engelleme-girisimidir\/#article","isPartOf":{"@id":"https:\/\/kuzeyinsesi.org\/index.php\/2026\/02\/28\/ektamda-yasananlar-bir-kapatma-degil-iscilerin-sendikal-orgutlenmesini-engelleme-girisimidir\/"},"author":{"name":"Kuzeyin Sesi","@id":"https:\/\/kuzeyinsesi.org\/#\/schema\/person\/9f859689cdf01485597712386e37f5aa"},"headline":"EKTAM\u2019da ya\u015fananlar bir kapatma de\u011fil, i\u015f\u00e7ilerin sendikal \u00f6rg\u00fctlenmesini engelleme giri\u015fimidir","datePublished":"2026-02-28T09:06:55+00:00","mainEntityOfPage":{"@id":"https:\/\/kuzeyinsesi.org\/index.php\/2026\/02\/28\/ektamda-yasananlar-bir-kapatma-degil-iscilerin-sendikal-orgutlenmesini-engelleme-girisimidir\/"},"wordCount":322,"commentCount":0,"image":{"@id":"https:\/\/kuzeyinsesi.org\/index.php\/2026\/02\/28\/ektamda-yasananlar-bir-kapatma-degil-iscilerin-sendikal-orgutlenmesini-engelleme-girisimidir\/#primaryimage"},"thumbnailUrl":"https:\/\/kuzeyinsesi.org\/wp-content\/uploads\/2026\/02\/177226830405417713172386341771228802842munur-rahvancioglu2.jpg","articleSection":["K\u0131br\u0131s"],"inLanguage":"tr","potentialAction":[{"@type":"CommentAction","name":"Comment","target":["https:\/\/kuzeyinsesi.org\/index.php\/2026\/02\/28\/ektamda-yasananlar-bir-kapatma-degil-iscilerin-sendikal-orgutlenmesini-engelleme-girisimidir\/#respond"]}]},{"@type":"WebPage","@id":"https:\/\/kuzeyinsesi.org\/index.php\/2026\/02\/28\/ektamda-yasananlar-bir-kapatma-degil-iscilerin-sendikal-orgutlenmesini-engelleme-girisimidir\/","url":"https:\/\/kuzeyinsesi.org\/index.php\/2026\/02\/28\/ektamda-yasananlar-bir-kapatma-degil-iscilerin-sendikal-orgutlenmesini-engelleme-girisimidir\/","name":"EKTAM\u2019da ya\u015fananlar bir kapatma de\u011fil, i\u015f\u00e7ilerin sendikal \u00f6rg\u00fctlenmesini engelleme giri\u015fimidir - Kuzeyin Sesi","isPartOf":{"@id":"https:\/\/kuzeyinsesi.org\/#website"},"primaryImageOfPage":{"@id":"https:\/\/kuzeyinsesi.org\/index.php\/2026\/02\/28\/ektamda-yasananlar-bir-kapatma-degil-iscilerin-sendikal-orgutlenmesini-engelleme-girisimidir\/#primaryimage"},"image":{"@id":"https:\/\/kuzeyinsesi.org\/index.php\/2026\/02\/28\/ektamda-yasananlar-bir-kapatma-degil-iscilerin-sendikal-orgutlenmesini-engelleme-girisimidir\/#primaryimage"},"thumbnailUrl":"https:\/\/kuzeyinsesi.org\/wp-content\/uploads\/2026\/02\/177226830405417713172386341771228802842munur-rahvancioglu2.jpg","datePublished":"2026-02-28T09:06:55+00:00","author":{"@id":"https:\/\/kuzeyinsesi.org\/#\/schema\/person\/9f859689cdf01485597712386e37f5aa"},"breadcrumb":{"@id":"https:\/\/kuzeyinsesi.org\/index.php\/2026\/02\/28\/ektamda-yasananlar-bir-kapatma-degil-iscilerin-sendikal-orgutlenmesini-engelleme-girisimidir\/#breadcrumb"},"inLanguage":"tr","potentialAction":[{"@type":"ReadAction","target":["https:\/\/kuzeyinsesi.org\/index.php\/2026\/02\/28\/ektamda-yasananlar-bir-kapatma-degil-iscilerin-sendikal-orgutlenmesini-engelleme-girisimidir\/"]}]},{"@type":"ImageObject","inLanguage":"tr","@id":"https:\/\/kuzeyinsesi.org\/index.php\/2026\/02\/28\/ektamda-yasananlar-bir-kapatma-degil-iscilerin-sendikal-orgutlenmesini-engelleme-girisimidir\/#primaryimage","url":"https:\/\/kuzeyinsesi.org\/wp-content\/uploads\/2026\/02\/177226830405417713172386341771228802842munur-rahvancioglu2.jpg","contentUrl":"https:\/\/kuzeyinsesi.org\/wp-content\/uploads\/2026\/02\/177226830405417713172386341771228802842munur-rahvancioglu2.jpg","width":1920,"height":1080},{"@type":"BreadcrumbList","@id":"https:\/\/kuzeyinsesi.org\/index.php\/2026\/02\/28\/ektamda-yasananlar-bir-kapatma-degil-iscilerin-sendikal-orgutlenmesini-engelleme-girisimidir\/#breadcrumb","itemListElement":[{"@type":"ListItem","position":1,"name":"Anasayfa","item":"https:\/\/kuzeyinsesi.org\/"},{"@type":"ListItem","position":2,"name":"EKTAM\u2019da ya\u015fananlar bir kapatma de\u011fil, i\u015f\u00e7ilerin sendikal \u00f6rg\u00fctlenmesini engelleme giri\u015fimidir"}]},{"@type":"WebSite","@id":"https:\/\/kuzeyinsesi.org\/#website","url":"https:\/\/kuzeyinsesi.org\/","name":"Kuzeyin Sesi","description":"Do\u011fru Haberin Adresi","potentialAction":[{"@type":"SearchAction","target":{"@type":"EntryPoint","urlTemplate":"https:\/\/kuzeyinsesi.org\/?s={search_term_string}"},"query-input":{"@type":"PropertyValueSpecification","valueRequired":true,"valueName":"search_term_string"}}],"inLanguage":"tr"},{"@type":"Person","@id":"https:\/\/kuzeyinsesi.org\/#\/schema\/person\/9f859689cdf01485597712386e37f5aa","name":"Kuzeyin Sesi","image":{"@type":"ImageObject","inLanguage":"tr","@id":"https:\/\/secure.gravatar.com\/avatar\/bab33852abfd8b282518d6ed81826833d77c3c882d9ab608add591ccace47a44?s=96&d=mm&r=g","url":"https:\/\/secure.gravatar.com\/avatar\/bab33852abfd8b282518d6ed81826833d77c3c882d9ab608add591ccace47a44?s=96&d=mm&r=g","contentUrl":"https:\/\/secure.gravatar.com\/avatar\/bab33852abfd8b282518d6ed81826833d77c3c882d9ab608add591ccace47a44?s=96&d=mm&r=g","caption":"Kuzeyin Sesi"},"sameAs":["https:\/\/kuzeyinsesi.org"],"url":"https:\/\/kuzeyinsesi.org\/index.php\/author\/guven\/"}]}},"_links":{"self":[{"href":"https:\/\/kuzeyinsesi.org\/index.php\/wp-json\/wp\/v2\/posts\/36019","targetHints":{"allow":["GET"]}}],"collection":[{"href":"https:\/\/kuzeyinsesi.org\/index.php\/wp-json\/wp\/v2\/posts"}],"about":[{"href":"https:\/\/kuzeyinsesi.org\/index.php\/wp-json\/wp\/v2\/types\/post"}],"author":[{"embeddable":true,"href":"https:\/\/kuzeyinsesi.org\/index.php\/wp-json\/wp\/v2\/users\/1"}],"replies":[{"embeddable":true,"href":"https:\/\/kuzeyinsesi.org\/index.php\/wp-json\/wp\/v2\/comments?post=36019"}],"version-history":[{"count":0,"href":"https:\/\/kuzeyinsesi.org\/index.php\/wp-json\/wp\/v2\/posts\/36019\/revisions"}],"wp:featuredmedia":[{"embeddable":true,"href":"https:\/\/kuzeyinsesi.org\/index.php\/wp-json\/wp\/v2\/media\/36020"}],"wp:attachment":[{"href":"https:\/\/kuzeyinsesi.org\/index.php\/wp-json\/wp\/v2\/media?parent=36019"}],"wp:term":[{"taxonomy":"category","embeddable":true,"href":"https:\/\/kuzeyinsesi.org\/index.php\/wp-json\/wp\/v2\/categories?post=36019"},{"taxonomy":"post_tag","embeddable":true,"href":"https:\/\/kuzeyinsesi.org\/index.php\/wp-json\/wp\/v2\/tags?post=36019"}],"curies":[{"name":"wp","href":"https:\/\/api.w.org\/{rel}","templated":true}]}}