{"id":36017,"date":"2026-02-28T10:09:51","date_gmt":"2026-02-28T08:09:51","guid":{"rendered":"https:\/\/kuzeyinsesi.org\/index.php\/2026\/02\/28\/lefkosa-surlaricinde-asfaltlama-calismalari-suruyor\/"},"modified":"2026-02-28T10:09:51","modified_gmt":"2026-02-28T08:09:51","slug":"lefkosa-surlaricinde-asfaltlama-calismalari-suruyor","status":"publish","type":"post","link":"https:\/\/kuzeyinsesi.org\/index.php\/2026\/02\/28\/lefkosa-surlaricinde-asfaltlama-calismalari-suruyor\/","title":{"rendered":"Lefko\u015fa Surlari\u00e7i\u2019nde asfaltlama \u00e7al\u0131\u015fmalar\u0131 s\u00fcr\u00fcyor"},"content":{"rendered":"<p>Lefko\u015fa T\u00fcrk Belediyesi&#8217;nden yap\u0131lan a\u00e7\u0131klamaya g\u00f6re, bug\u00fcnden itibaren Z\u00fcht\u00fczade Sokak, Karababa A Sokak ve Karababa B Sokak\u2019ta ilk \u00f6nce asfalt kemirme ard\u0131ndan da asfalt kaplama \u00e7al\u0131\u015fmalar\u0131 yap\u0131lacak. \u00c7al\u0131\u015fmalar s\u00fcresince s\u00f6z konusu sokaklar, ara\u00e7 trafi\u011fine kapal\u0131 olacak.<\/p>\n<p>Ayr\u0131ca yar\u0131n ise Yzb. Tekin Yurdabak Caddesi\u2019nde yol bak\u0131m ve onar\u0131m \u00e7al\u0131\u015fmas\u0131 ger\u00e7ekle\u015ftirilecek.<\/p>\n<p>LTB, \u00e7al\u0131\u015fmalar tamamlanana kadar bu g\u00fczerg\u00e2hlar\u0131 kullanacak s\u00fcr\u00fcc\u00fclerin trafik i\u015faret ve y\u00f6nlendirmelerine dikkat etmelerini istedi.<\/p>\n<p>Lefko\u015fa Surlari\u00e7i\u2019nde asfaltlama \u00e7al\u0131\u015fmalar\u0131 s\u00fcr\u00fcyor yaz\u0131s\u0131 ilk \u00f6nce K\u0131br\u0131s Hakikat \u00fczerinde ortaya \u00e7\u0131kt\u0131.<\/p>\n","protected":false},"excerpt":{"rendered":"<p>Lefko\u015fa T\u00fcrk Belediyesi&#8217;nden yap\u0131lan a\u00e7\u0131klamaya g\u00f6re, bug\u00fcnden itibaren Z\u00fcht\u00fczade Sokak, Karababa A Sokak ve Karababa B Sokak\u2019ta ilk \u00f6nce asfalt kemirme ard\u0131ndan da asfalt kaplama \u00e7al\u0131\u015fmalar\u0131 yap\u0131lacak. \u00c7al\u0131\u015fmalar s\u00fcresince s\u00f6z konusu sokaklar, ara\u00e7 trafi\u011fine kapal\u0131 olacak. Ayr\u0131ca yar\u0131n ise Yzb. Tekin Yurdabak Caddesi\u2019nde yol bak\u0131m ve onar\u0131m \u00e7al\u0131\u015fmas\u0131 ger\u00e7ekle\u015ftirilecek. LTB, \u00e7al\u0131\u015fmalar tamamlanana kadar bu g\u00fczerg\u00e2hlar\u0131 [&hellip;]<\/p>\n","protected":false},"author":1,"featured_media":36018,"comment_status":"open","ping_status":"open","sticky":false,"template":"","format":"standard","meta":{"jnews-multi-image_gallery":[],"jnews_single_post":[],"jnews_primary_category":[],"jnews_social_meta":[],"jnews_override_counter":[],"footnotes":""},"categories":[1],"tags":[],"class_list":["post-36017","post","type-post","status-publish","format-standard","has-post-thumbnail","hentry","category-kibris"],"yoast_head":"<!-- This site is optimized with the Yoast SEO plugin v27.5 - https:\/\/yoast.com\/product\/yoast-seo-wordpress\/ -->\n<title>Lefko\u015fa Surlari\u00e7i\u2019nde asfaltlama \u00e7al\u0131\u015fmalar\u0131 s\u00fcr\u00fcyor - Kuzeyin Sesi<\/title>\n<meta name=\"robots\" content=\"index, follow, max-snippet:-1, max-image-preview:large, max-video-preview:-1\" \/>\n<link rel=\"canonical\" href=\"https:\/\/kuzeyinsesi.org\/index.php\/2026\/02\/28\/lefkosa-surlaricinde-asfaltlama-calismalari-suruyor\/\" \/>\n<meta property=\"og:locale\" content=\"tr_TR\" \/>\n<meta property=\"og:type\" content=\"article\" \/>\n<meta property=\"og:title\" content=\"Lefko\u015fa Surlari\u00e7i\u2019nde asfaltlama \u00e7al\u0131\u015fmalar\u0131 s\u00fcr\u00fcyor - Kuzeyin Sesi\" \/>\n<meta property=\"og:description\" content=\"Lefko\u015fa T\u00fcrk Belediyesi&#8217;nden yap\u0131lan a\u00e7\u0131klamaya g\u00f6re, bug\u00fcnden itibaren Z\u00fcht\u00fczade Sokak, Karababa A Sokak ve Karababa B Sokak\u2019ta ilk \u00f6nce asfalt kemirme ard\u0131ndan da asfalt kaplama \u00e7al\u0131\u015fmalar\u0131 yap\u0131lacak. \u00c7al\u0131\u015fmalar s\u00fcresince s\u00f6z konusu sokaklar, ara\u00e7 trafi\u011fine kapal\u0131 olacak. Ayr\u0131ca yar\u0131n ise Yzb. Tekin Yurdabak Caddesi\u2019nde yol bak\u0131m ve onar\u0131m \u00e7al\u0131\u015fmas\u0131 ger\u00e7ekle\u015ftirilecek. LTB, \u00e7al\u0131\u015fmalar tamamlanana kadar bu g\u00fczerg\u00e2hlar\u0131 [&hellip;]\" \/>\n<meta property=\"og:url\" content=\"https:\/\/kuzeyinsesi.org\/index.php\/2026\/02\/28\/lefkosa-surlaricinde-asfaltlama-calismalari-suruyor\/\" \/>\n<meta property=\"og:site_name\" content=\"Kuzeyin Sesi\" \/>\n<meta property=\"article:publisher\" content=\"https:\/\/www.facebook.com\/kuzeyinsesii\" \/>\n<meta property=\"article:published_time\" content=\"2026-02-28T08:09:51+00:00\" \/>\n<meta name=\"author\" content=\"Kuzeyin Sesi\" \/>\n<meta name=\"twitter:card\" content=\"summary_large_image\" \/>\n<meta name=\"twitter:creator\" content=\"@kuzeyinsesii\" \/>\n<meta name=\"twitter:site\" content=\"@kuzeyinsesii\" \/>\n<meta name=\"twitter:label1\" content=\"Yazan:\" \/>\n\t<meta name=\"twitter:data1\" content=\"Kuzeyin Sesi\" \/>\n\t<meta name=\"twitter:label2\" content=\"Tahmini okuma s\u00fcresi\" \/>\n\t<meta name=\"twitter:data2\" content=\"1 dakika\" \/>\n<script type=\"application\/ld+json\" class=\"yoast-schema-graph\">{\"@context\":\"https:\\\/\\\/schema.org\",\"@graph\":[{\"@type\":\"Article\",\"@id\":\"https:\\\/\\\/kuzeyinsesi.org\\\/index.php\\\/2026\\\/02\\\/28\\\/lefkosa-surlaricinde-asfaltlama-calismalari-suruyor\\\/#article\",\"isPartOf\":{\"@id\":\"https:\\\/\\\/kuzeyinsesi.org\\\/index.php\\\/2026\\\/02\\\/28\\\/lefkosa-surlaricinde-asfaltlama-calismalari-suruyor\\\/\"},\"author\":{\"name\":\"Kuzeyin Sesi\",\"@id\":\"https:\\\/\\\/kuzeyinsesi.org\\\/#\\\/schema\\\/person\\\/9f859689cdf01485597712386e37f5aa\"},\"headline\":\"Lefko\u015fa Surlari\u00e7i\u2019nde asfaltlama \u00e7al\u0131\u015fmalar\u0131 s\u00fcr\u00fcyor\",\"datePublished\":\"2026-02-28T08:09:51+00:00\",\"mainEntityOfPage\":{\"@id\":\"https:\\\/\\\/kuzeyinsesi.org\\\/index.php\\\/2026\\\/02\\\/28\\\/lefkosa-surlaricinde-asfaltlama-calismalari-suruyor\\\/\"},\"wordCount\":130,\"commentCount\":0,\"image\":{\"@id\":\"https:\\\/\\\/kuzeyinsesi.org\\\/index.php\\\/2026\\\/02\\\/28\\\/lefkosa-surlaricinde-asfaltlama-calismalari-suruyor\\\/#primaryimage\"},\"thumbnailUrl\":\"https:\\\/\\\/kuzeyinsesi.org\\\/wp-content\\\/uploads\\\/2026\\\/02\\\/v2yeniproje22_1772264668.webp.webp\",\"articleSection\":[\"K\u0131br\u0131s\"],\"inLanguage\":\"tr\",\"potentialAction\":[{\"@type\":\"CommentAction\",\"name\":\"Comment\",\"target\":[\"https:\\\/\\\/kuzeyinsesi.org\\\/index.php\\\/2026\\\/02\\\/28\\\/lefkosa-surlaricinde-asfaltlama-calismalari-suruyor\\\/#respond\"]}]},{\"@type\":\"WebPage\",\"@id\":\"https:\\\/\\\/kuzeyinsesi.org\\\/index.php\\\/2026\\\/02\\\/28\\\/lefkosa-surlaricinde-asfaltlama-calismalari-suruyor\\\/\",\"url\":\"https:\\\/\\\/kuzeyinsesi.org\\\/index.php\\\/2026\\\/02\\\/28\\\/lefkosa-surlaricinde-asfaltlama-calismalari-suruyor\\\/\",\"name\":\"Lefko\u015fa Surlari\u00e7i\u2019nde asfaltlama \u00e7al\u0131\u015fmalar\u0131 s\u00fcr\u00fcyor - Kuzeyin Sesi\",\"isPartOf\":{\"@id\":\"https:\\\/\\\/kuzeyinsesi.org\\\/#website\"},\"primaryImageOfPage\":{\"@id\":\"https:\\\/\\\/kuzeyinsesi.org\\\/index.php\\\/2026\\\/02\\\/28\\\/lefkosa-surlaricinde-asfaltlama-calismalari-suruyor\\\/#primaryimage\"},\"image\":{\"@id\":\"https:\\\/\\\/kuzeyinsesi.org\\\/index.php\\\/2026\\\/02\\\/28\\\/lefkosa-surlaricinde-asfaltlama-calismalari-suruyor\\\/#primaryimage\"},\"thumbnailUrl\":\"https:\\\/\\\/kuzeyinsesi.org\\\/wp-content\\\/uploads\\\/2026\\\/02\\\/v2yeniproje22_1772264668.webp.webp\",\"datePublished\":\"2026-02-28T08:09:51+00:00\",\"author\":{\"@id\":\"https:\\\/\\\/kuzeyinsesi.org\\\/#\\\/schema\\\/person\\\/9f859689cdf01485597712386e37f5aa\"},\"breadcrumb\":{\"@id\":\"https:\\\/\\\/kuzeyinsesi.org\\\/index.php\\\/2026\\\/02\\\/28\\\/lefkosa-surlaricinde-asfaltlama-calismalari-suruyor\\\/#breadcrumb\"},\"inLanguage\":\"tr\",\"potentialAction\":[{\"@type\":\"ReadAction\",\"target\":[\"https:\\\/\\\/kuzeyinsesi.org\\\/index.php\\\/2026\\\/02\\\/28\\\/lefkosa-surlaricinde-asfaltlama-calismalari-suruyor\\\/\"]}]},{\"@type\":\"ImageObject\",\"inLanguage\":\"tr\",\"@id\":\"https:\\\/\\\/kuzeyinsesi.org\\\/index.php\\\/2026\\\/02\\\/28\\\/lefkosa-surlaricinde-asfaltlama-calismalari-suruyor\\\/#primaryimage\",\"url\":\"https:\\\/\\\/kuzeyinsesi.org\\\/wp-content\\\/uploads\\\/2026\\\/02\\\/v2yeniproje22_1772264668.webp.webp\",\"contentUrl\":\"https:\\\/\\\/kuzeyinsesi.org\\\/wp-content\\\/uploads\\\/2026\\\/02\\\/v2yeniproje22_1772264668.webp.webp\",\"width\":971,\"height\":551},{\"@type\":\"BreadcrumbList\",\"@id\":\"https:\\\/\\\/kuzeyinsesi.org\\\/index.php\\\/2026\\\/02\\\/28\\\/lefkosa-surlaricinde-asfaltlama-calismalari-suruyor\\\/#breadcrumb\",\"itemListElement\":[{\"@type\":\"ListItem\",\"position\":1,\"name\":\"Anasayfa\",\"item\":\"https:\\\/\\\/kuzeyinsesi.org\\\/\"},{\"@type\":\"ListItem\",\"position\":2,\"name\":\"Lefko\u015fa Surlari\u00e7i\u2019nde asfaltlama \u00e7al\u0131\u015fmalar\u0131 s\u00fcr\u00fcyor\"}]},{\"@type\":\"WebSite\",\"@id\":\"https:\\\/\\\/kuzeyinsesi.org\\\/#website\",\"url\":\"https:\\\/\\\/kuzeyinsesi.org\\\/\",\"name\":\"Kuzeyin Sesi\",\"description\":\"Do\u011fru Haberin Adresi\",\"potentialAction\":[{\"@type\":\"SearchAction\",\"target\":{\"@type\":\"EntryPoint\",\"urlTemplate\":\"https:\\\/\\\/kuzeyinsesi.org\\\/?s={search_term_string}\"},\"query-input\":{\"@type\":\"PropertyValueSpecification\",\"valueRequired\":true,\"valueName\":\"search_term_string\"}}],\"inLanguage\":\"tr\"},{\"@type\":\"Person\",\"@id\":\"https:\\\/\\\/kuzeyinsesi.org\\\/#\\\/schema\\\/person\\\/9f859689cdf01485597712386e37f5aa\",\"name\":\"Kuzeyin Sesi\",\"image\":{\"@type\":\"ImageObject\",\"inLanguage\":\"tr\",\"@id\":\"https:\\\/\\\/secure.gravatar.com\\\/avatar\\\/bab33852abfd8b282518d6ed81826833d77c3c882d9ab608add591ccace47a44?s=96&d=mm&r=g\",\"url\":\"https:\\\/\\\/secure.gravatar.com\\\/avatar\\\/bab33852abfd8b282518d6ed81826833d77c3c882d9ab608add591ccace47a44?s=96&d=mm&r=g\",\"contentUrl\":\"https:\\\/\\\/secure.gravatar.com\\\/avatar\\\/bab33852abfd8b282518d6ed81826833d77c3c882d9ab608add591ccace47a44?s=96&d=mm&r=g\",\"caption\":\"Kuzeyin Sesi\"},\"sameAs\":[\"https:\\\/\\\/kuzeyinsesi.org\"],\"url\":\"https:\\\/\\\/kuzeyinsesi.org\\\/index.php\\\/author\\\/guven\\\/\"}]}<\/script>\n<!-- \/ Yoast SEO plugin. -->","yoast_head_json":{"title":"Lefko\u015fa Surlari\u00e7i\u2019nde asfaltlama \u00e7al\u0131\u015fmalar\u0131 s\u00fcr\u00fcyor - Kuzeyin Sesi","robots":{"index":"index","follow":"follow","max-snippet":"max-snippet:-1","max-image-preview":"max-image-preview:large","max-video-preview":"max-video-preview:-1"},"canonical":"https:\/\/kuzeyinsesi.org\/index.php\/2026\/02\/28\/lefkosa-surlaricinde-asfaltlama-calismalari-suruyor\/","og_locale":"tr_TR","og_type":"article","og_title":"Lefko\u015fa Surlari\u00e7i\u2019nde asfaltlama \u00e7al\u0131\u015fmalar\u0131 s\u00fcr\u00fcyor - Kuzeyin Sesi","og_description":"Lefko\u015fa T\u00fcrk Belediyesi&#8217;nden yap\u0131lan a\u00e7\u0131klamaya g\u00f6re, bug\u00fcnden itibaren Z\u00fcht\u00fczade Sokak, Karababa A Sokak ve Karababa B Sokak\u2019ta ilk \u00f6nce asfalt kemirme ard\u0131ndan da asfalt kaplama \u00e7al\u0131\u015fmalar\u0131 yap\u0131lacak. \u00c7al\u0131\u015fmalar s\u00fcresince s\u00f6z konusu sokaklar, ara\u00e7 trafi\u011fine kapal\u0131 olacak. Ayr\u0131ca yar\u0131n ise Yzb. Tekin Yurdabak Caddesi\u2019nde yol bak\u0131m ve onar\u0131m \u00e7al\u0131\u015fmas\u0131 ger\u00e7ekle\u015ftirilecek. LTB, \u00e7al\u0131\u015fmalar tamamlanana kadar bu g\u00fczerg\u00e2hlar\u0131 [&hellip;]","og_url":"https:\/\/kuzeyinsesi.org\/index.php\/2026\/02\/28\/lefkosa-surlaricinde-asfaltlama-calismalari-suruyor\/","og_site_name":"Kuzeyin Sesi","article_publisher":"https:\/\/www.facebook.com\/kuzeyinsesii","article_published_time":"2026-02-28T08:09:51+00:00","author":"Kuzeyin Sesi","twitter_card":"summary_large_image","twitter_creator":"@kuzeyinsesii","twitter_site":"@kuzeyinsesii","twitter_misc":{"Yazan:":"Kuzeyin Sesi","Tahmini okuma s\u00fcresi":"1 dakika"},"schema":{"@context":"https:\/\/schema.org","@graph":[{"@type":"Article","@id":"https:\/\/kuzeyinsesi.org\/index.php\/2026\/02\/28\/lefkosa-surlaricinde-asfaltlama-calismalari-suruyor\/#article","isPartOf":{"@id":"https:\/\/kuzeyinsesi.org\/index.php\/2026\/02\/28\/lefkosa-surlaricinde-asfaltlama-calismalari-suruyor\/"},"author":{"name":"Kuzeyin Sesi","@id":"https:\/\/kuzeyinsesi.org\/#\/schema\/person\/9f859689cdf01485597712386e37f5aa"},"headline":"Lefko\u015fa Surlari\u00e7i\u2019nde asfaltlama \u00e7al\u0131\u015fmalar\u0131 s\u00fcr\u00fcyor","datePublished":"2026-02-28T08:09:51+00:00","mainEntityOfPage":{"@id":"https:\/\/kuzeyinsesi.org\/index.php\/2026\/02\/28\/lefkosa-surlaricinde-asfaltlama-calismalari-suruyor\/"},"wordCount":130,"commentCount":0,"image":{"@id":"https:\/\/kuzeyinsesi.org\/index.php\/2026\/02\/28\/lefkosa-surlaricinde-asfaltlama-calismalari-suruyor\/#primaryimage"},"thumbnailUrl":"https:\/\/kuzeyinsesi.org\/wp-content\/uploads\/2026\/02\/v2yeniproje22_1772264668.webp.webp","articleSection":["K\u0131br\u0131s"],"inLanguage":"tr","potentialAction":[{"@type":"CommentAction","name":"Comment","target":["https:\/\/kuzeyinsesi.org\/index.php\/2026\/02\/28\/lefkosa-surlaricinde-asfaltlama-calismalari-suruyor\/#respond"]}]},{"@type":"WebPage","@id":"https:\/\/kuzeyinsesi.org\/index.php\/2026\/02\/28\/lefkosa-surlaricinde-asfaltlama-calismalari-suruyor\/","url":"https:\/\/kuzeyinsesi.org\/index.php\/2026\/02\/28\/lefkosa-surlaricinde-asfaltlama-calismalari-suruyor\/","name":"Lefko\u015fa Surlari\u00e7i\u2019nde asfaltlama \u00e7al\u0131\u015fmalar\u0131 s\u00fcr\u00fcyor - Kuzeyin Sesi","isPartOf":{"@id":"https:\/\/kuzeyinsesi.org\/#website"},"primaryImageOfPage":{"@id":"https:\/\/kuzeyinsesi.org\/index.php\/2026\/02\/28\/lefkosa-surlaricinde-asfaltlama-calismalari-suruyor\/#primaryimage"},"image":{"@id":"https:\/\/kuzeyinsesi.org\/index.php\/2026\/02\/28\/lefkosa-surlaricinde-asfaltlama-calismalari-suruyor\/#primaryimage"},"thumbnailUrl":"https:\/\/kuzeyinsesi.org\/wp-content\/uploads\/2026\/02\/v2yeniproje22_1772264668.webp.webp","datePublished":"2026-02-28T08:09:51+00:00","author":{"@id":"https:\/\/kuzeyinsesi.org\/#\/schema\/person\/9f859689cdf01485597712386e37f5aa"},"breadcrumb":{"@id":"https:\/\/kuzeyinsesi.org\/index.php\/2026\/02\/28\/lefkosa-surlaricinde-asfaltlama-calismalari-suruyor\/#breadcrumb"},"inLanguage":"tr","potentialAction":[{"@type":"ReadAction","target":["https:\/\/kuzeyinsesi.org\/index.php\/2026\/02\/28\/lefkosa-surlaricinde-asfaltlama-calismalari-suruyor\/"]}]},{"@type":"ImageObject","inLanguage":"tr","@id":"https:\/\/kuzeyinsesi.org\/index.php\/2026\/02\/28\/lefkosa-surlaricinde-asfaltlama-calismalari-suruyor\/#primaryimage","url":"https:\/\/kuzeyinsesi.org\/wp-content\/uploads\/2026\/02\/v2yeniproje22_1772264668.webp.webp","contentUrl":"https:\/\/kuzeyinsesi.org\/wp-content\/uploads\/2026\/02\/v2yeniproje22_1772264668.webp.webp","width":971,"height":551},{"@type":"BreadcrumbList","@id":"https:\/\/kuzeyinsesi.org\/index.php\/2026\/02\/28\/lefkosa-surlaricinde-asfaltlama-calismalari-suruyor\/#breadcrumb","itemListElement":[{"@type":"ListItem","position":1,"name":"Anasayfa","item":"https:\/\/kuzeyinsesi.org\/"},{"@type":"ListItem","position":2,"name":"Lefko\u015fa Surlari\u00e7i\u2019nde asfaltlama \u00e7al\u0131\u015fmalar\u0131 s\u00fcr\u00fcyor"}]},{"@type":"WebSite","@id":"https:\/\/kuzeyinsesi.org\/#website","url":"https:\/\/kuzeyinsesi.org\/","name":"Kuzeyin Sesi","description":"Do\u011fru Haberin Adresi","potentialAction":[{"@type":"SearchAction","target":{"@type":"EntryPoint","urlTemplate":"https:\/\/kuzeyinsesi.org\/?s={search_term_string}"},"query-input":{"@type":"PropertyValueSpecification","valueRequired":true,"valueName":"search_term_string"}}],"inLanguage":"tr"},{"@type":"Person","@id":"https:\/\/kuzeyinsesi.org\/#\/schema\/person\/9f859689cdf01485597712386e37f5aa","name":"Kuzeyin Sesi","image":{"@type":"ImageObject","inLanguage":"tr","@id":"https:\/\/secure.gravatar.com\/avatar\/bab33852abfd8b282518d6ed81826833d77c3c882d9ab608add591ccace47a44?s=96&d=mm&r=g","url":"https:\/\/secure.gravatar.com\/avatar\/bab33852abfd8b282518d6ed81826833d77c3c882d9ab608add591ccace47a44?s=96&d=mm&r=g","contentUrl":"https:\/\/secure.gravatar.com\/avatar\/bab33852abfd8b282518d6ed81826833d77c3c882d9ab608add591ccace47a44?s=96&d=mm&r=g","caption":"Kuzeyin Sesi"},"sameAs":["https:\/\/kuzeyinsesi.org"],"url":"https:\/\/kuzeyinsesi.org\/index.php\/author\/guven\/"}]}},"_links":{"self":[{"href":"https:\/\/kuzeyinsesi.org\/index.php\/wp-json\/wp\/v2\/posts\/36017","targetHints":{"allow":["GET"]}}],"collection":[{"href":"https:\/\/kuzeyinsesi.org\/index.php\/wp-json\/wp\/v2\/posts"}],"about":[{"href":"https:\/\/kuzeyinsesi.org\/index.php\/wp-json\/wp\/v2\/types\/post"}],"author":[{"embeddable":true,"href":"https:\/\/kuzeyinsesi.org\/index.php\/wp-json\/wp\/v2\/users\/1"}],"replies":[{"embeddable":true,"href":"https:\/\/kuzeyinsesi.org\/index.php\/wp-json\/wp\/v2\/comments?post=36017"}],"version-history":[{"count":0,"href":"https:\/\/kuzeyinsesi.org\/index.php\/wp-json\/wp\/v2\/posts\/36017\/revisions"}],"wp:featuredmedia":[{"embeddable":true,"href":"https:\/\/kuzeyinsesi.org\/index.php\/wp-json\/wp\/v2\/media\/36018"}],"wp:attachment":[{"href":"https:\/\/kuzeyinsesi.org\/index.php\/wp-json\/wp\/v2\/media?parent=36017"}],"wp:term":[{"taxonomy":"category","embeddable":true,"href":"https:\/\/kuzeyinsesi.org\/index.php\/wp-json\/wp\/v2\/categories?post=36017"},{"taxonomy":"post_tag","embeddable":true,"href":"https:\/\/kuzeyinsesi.org\/index.php\/wp-json\/wp\/v2\/tags?post=36017"}],"curies":[{"name":"wp","href":"https:\/\/api.w.org\/{rel}","templated":true}]}}